{"id":41895,"date":"2025-02-05T12:03:52","date_gmt":"2025-02-05T11:03:52","guid":{"rendered":"https:\/\/www.krafthand.de\/truck\/?p=41895"},"modified":"2025-02-05T12:06:11","modified_gmt":"2025-02-05T11:06:11","slug":"forvia-hella-erweitert-slimline-produktfamilie-fuer-nfz-um-led-kombileuchten","status":"publish","type":"post","link":"https:\/\/www.krafthand.de\/truck\/artikel\/forvia-hella-erweitert-slimline-produktfamilie-fuer-nfz-um-led-kombileuchten-41895\/","title":{"rendered":"FORVIA HELLA erweitert SlimLine-Produktfamilie f\u00fcr Nfz um LED-Kombileuchten"},"content":{"rendered":"<p>Der Automobilzulieferer FORVIA HELLA hat seine auf den Nutzfahrzeugbereich ausgerichtete SlimLine-Produktfamilie um neue LED-Kombinationsleuchten erweitert. Die Leuchten sind nun erstmals auch in der rechteckigen Gestaltungssprache der SlimLine-Reihe erh\u00e4ltlich. Sie vereinen die drei Lichtfunktionen Tagfahr-, Positions- und Blinklicht in einem rechteckigen Design und sind f\u00fcr eine Vielzahl verschiedener Nutzfahrzeugtypen geeignet, einschlie\u00dflich Land- und Baumaschinen.<\/p>\n<p>Die SlimLine-Produktreihe umfasst L\u00f6sungen wie den Bi-LED-Abblend- und Fernscheinwerfer sowie den LED-Nebelscheinwerfer mit Abbiegelicht. Insgesamt deckt die SlimLine-Reihe mit der Erweiterung um die neue LED-Kombinationsleuchte nun sieben verschiedene, und damit alle relevanten, Lichtfunktionen f\u00fcr die Fahrzeugfront ab. Das erste Produkt aus der SlimLine-Serie, den SlimLine Bi-LED-Scheinwerfer hat <a href=\"https:\/\/www.hella.com\/de\/\" target=\"_blank\" rel=\"noopener\">FORVIA HELLA<\/a> bereits 2023 auf den Markt gebracht.<\/p>\n<p>Die schlanke Bauweise der LED-Kombinationsleuchte erm\u00f6glicht den Angaben zufolge eine einfache Integration in verschiedene Fahrzeugarchitekturen. Die Leuchte ist sowohl in ECE- als auch in SAE-Versionen erh\u00e4ltlich, die den europ\u00e4ischen beziehungsweise US-amerikanischen Marktstandards entsprechen. Dar\u00fcber hinaus bietet die LED-Kombinationsleuchte zwei Steckervarianten: den FEP- und den DEUTSCH DT-Stecker, was Flexibilit\u00e4t bei der Integration in verschiedene Fahrzeuge und die Erf\u00fcllung spezifischer Kundenanforderungen bietet. Gefertigt aus sto\u00dffestem Polycarbonat, widersteht die Leuchte starken Vibrationen und arbeitet in einem Temperaturbereich von -40 \u00b0C bis +60 \u00b0C.<\/p>\n<p>Die SlimLine-Produktfamilie von FORVIA HELLA bietet auch L\u00f6sungen f\u00fcr die Frontbeleuchtung: Das Bi-LED-Abblend- und Fernlichtmodul\u00a0 sorgt mit knapp 1.000 Lumen im Abblendlicht f\u00fcr eine gleichm\u00e4\u00dfige Ausleuchtung. Individuelle Gestaltung ist dank der flexiblen Scheinwerferblenden m\u00f6glich. Der LED-Nebelscheinwerfer mit integrierter Abbiegefunktion sorgt f\u00fcr pr\u00e4zises Licht in Kurven und bei Nebel.<\/p>\n<p>Mit der neuen LED-Kombinationsleuchte wird das SlimLine-Sortiment nun komplettiert.<\/p>\n","protected":false},"excerpt":{"rendered":"<p>Der Automobilzulieferer FORVIA HELLA hat seine auf den Nutzfahrzeugbereich ausgerichtete SlimLine-Produktfamilie um neue LED-Kombinationsleuchten erweitert. Die Leuchten sind nun erstmals auch in der rechteckigen Gestaltungssprache der SlimLine-Reihe erh\u00e4ltlich. <span class=\"excerpt-more__dots\">&#8230;<\/span> <a class=\"excerpt-more__link\" href=\"https:\/\/www.krafthand.de\/truck\/artikel\/forvia-hella-erweitert-slimline-produktfamilie-fuer-nfz-um-led-kombileuchten-41895\/\" >weiter<\/a><\/p>\n","protected":false},"author":9,"featured_media":41897,"comment_status":"closed","ping_status":"closed","sticky":false,"template":"","format":"standard","meta":{"footnotes":""},"categories":[4229],"tags":[5285,597,6154],"settings":[4766,3523],"class_list":["post-41895","post","type-post","status-publish","format-standard","has-post-thumbnail","hentry","category-nfz-teile-systeme","tag-forvia","tag-hella","tag-led-leuchte"],"yoast_head":"<!-- This site is optimized with the Yoast SEO plugin v27.3 - https:\/\/yoast.com\/product\/yoast-seo-wordpress\/ -->\n<title>FORVIA HELLA erweitert SlimLine-Produktfamilie f\u00fcr Nfz um LED-Kombileuchten - Krafthand-Truck<\/title>\n<meta name=\"description\" content=\"FORVIA HELLA hat seine auf den Nutzfahrzeugbereich ausgerichtete SlimLine-Produktfamilie um neue LED-Kombinationsleuchten erweitert.\" \/>\n<meta name=\"robots\" content=\"index, follow, max-snippet:-1, max-image-preview:large, max-video-preview:-1\" \/>\n<link rel=\"canonical\" href=\"https:\/\/www.krafthand.de\/truck\/artikel\/forvia-hella-erweitert-slimline-produktfamilie-fuer-nfz-um-led-kombileuchten-41895\/\" \/>\n<meta property=\"og:locale\" content=\"de_DE\" \/>\n<meta property=\"og:type\" content=\"article\" \/>\n<meta property=\"og:title\" content=\"FORVIA HELLA erweitert SlimLine-Produktfamilie f\u00fcr Nfz um LED-Kombileuchten - Krafthand-Truck\" \/>\n<meta property=\"og:description\" content=\"FORVIA HELLA hat seine auf den Nutzfahrzeugbereich ausgerichtete SlimLine-Produktfamilie um neue LED-Kombinationsleuchten erweitert.\" \/>\n<meta property=\"og:url\" content=\"https:\/\/www.krafthand-truck.de\/artikel\/forvia-hella-erweitert-slimline-produktfamilie-fuer-nfz-um-led-kombileuchten-41895\/\" \/>\n<meta property=\"og:site_name\" content=\"Krafthand-Truck\" \/>\n<meta property=\"article:published_time\" content=\"2025-02-05T11:03:52+00:00\" \/>\n<meta property=\"article:modified_time\" content=\"2025-02-05T11:06:11+00:00\" \/>\n<meta property=\"og:image\" content=\"https:\/\/static.krafthand-truck.de\/uploads\/2025\/02\/Forvia_Hella_SlimLine_Lkw_Heckleuchten.jpg\" \/>\n\t<meta property=\"og:image:width\" content=\"1200\" \/>\n\t<meta property=\"og:image:height\" content=\"823\" \/>\n\t<meta property=\"og:image:type\" content=\"image\/jpeg\" \/>\n<meta name=\"author\" content=\"georg.blenk@krafthand-medien.de\" \/>\n<meta name=\"twitter:card\" content=\"summary_large_image\" \/>\n<meta name=\"twitter:label1\" content=\"Verfasst von\" \/>\n\t<meta name=\"twitter:data1\" content=\"georg.blenk@krafthand-medien.de\" \/>\n\t<meta name=\"twitter:label2\" content=\"Gesch\u00e4tzte Lesezeit\" \/>\n\t<meta name=\"twitter:data2\" content=\"2\u00a0Minuten\" \/>\n<script type=\"application\/ld+json\" class=\"yoast-schema-graph\">{\"@context\":\"https:\\\/\\\/schema.org\",\"@graph\":[{\"@type\":\"Article\",\"@id\":\"https:\\\/\\\/www.krafthand.de\\\/truck\\\/artikel\\\/forvia-hella-erweitert-slimline-produktfamilie-fuer-nfz-um-led-kombileuchten-41895\\\/#article\",\"isPartOf\":{\"@id\":\"https:\\\/\\\/www.krafthand.de\\\/truck\\\/artikel\\\/forvia-hella-erweitert-slimline-produktfamilie-fuer-nfz-um-led-kombileuchten-41895\\\/\"},\"author\":{\"name\":\"georg.blenk@krafthand-medien.de\",\"@id\":\"https:\\\/\\\/www.krafthand.de\\\/truck\\\/#\\\/schema\\\/person\\\/51fa80b1c57034c4bf63f9f988fc24ce\"},\"headline\":\"FORVIA HELLA erweitert SlimLine-Produktfamilie f\u00fcr Nfz um LED-Kombileuchten\",\"datePublished\":\"2025-02-05T11:03:52+00:00\",\"dateModified\":\"2025-02-05T11:06:11+00:00\",\"mainEntityOfPage\":{\"@id\":\"https:\\\/\\\/www.krafthand.de\\\/truck\\\/artikel\\\/forvia-hella-erweitert-slimline-produktfamilie-fuer-nfz-um-led-kombileuchten-41895\\\/\"},\"wordCount\":270,\"image\":{\"@id\":\"https:\\\/\\\/www.krafthand.de\\\/truck\\\/artikel\\\/forvia-hella-erweitert-slimline-produktfamilie-fuer-nfz-um-led-kombileuchten-41895\\\/#primaryimage\"},\"thumbnailUrl\":\"https:\\\/\\\/static.krafthand-truck.de\\\/uploads\\\/2025\\\/02\\\/Forvia_Hella_SlimLine_Lkw_Heckleuchten.jpg\",\"keywords\":[\"Forvia\",\"Hella\",\"LED-Leuchte\"],\"articleSection\":[\"Nfz-Teile\\\/Systeme\"],\"inLanguage\":\"de\"},{\"@type\":\"WebPage\",\"@id\":\"https:\\\/\\\/www.krafthand.de\\\/truck\\\/artikel\\\/forvia-hella-erweitert-slimline-produktfamilie-fuer-nfz-um-led-kombileuchten-41895\\\/\",\"url\":\"https:\\\/\\\/www.krafthand.de\\\/truck\\\/artikel\\\/forvia-hella-erweitert-slimline-produktfamilie-fuer-nfz-um-led-kombileuchten-41895\\\/\",\"name\":\"FORVIA HELLA erweitert SlimLine-Produktfamilie f\u00fcr Nfz um LED-Kombileuchten - Krafthand-Truck\",\"isPartOf\":{\"@id\":\"https:\\\/\\\/www.krafthand.de\\\/truck\\\/#website\"},\"primaryImageOfPage\":{\"@id\":\"https:\\\/\\\/www.krafthand.de\\\/truck\\\/artikel\\\/forvia-hella-erweitert-slimline-produktfamilie-fuer-nfz-um-led-kombileuchten-41895\\\/#primaryimage\"},\"image\":{\"@id\":\"https:\\\/\\\/www.krafthand.de\\\/truck\\\/artikel\\\/forvia-hella-erweitert-slimline-produktfamilie-fuer-nfz-um-led-kombileuchten-41895\\\/#primaryimage\"},\"thumbnailUrl\":\"https:\\\/\\\/static.krafthand-truck.de\\\/uploads\\\/2025\\\/02\\\/Forvia_Hella_SlimLine_Lkw_Heckleuchten.jpg\",\"datePublished\":\"2025-02-05T11:03:52+00:00\",\"dateModified\":\"2025-02-05T11:06:11+00:00\",\"author\":{\"@id\":\"https:\\\/\\\/www.krafthand.de\\\/truck\\\/#\\\/schema\\\/person\\\/51fa80b1c57034c4bf63f9f988fc24ce\"},\"description\":\"FORVIA HELLA hat seine auf den Nutzfahrzeugbereich ausgerichtete SlimLine-Produktfamilie um neue LED-Kombinationsleuchten erweitert.\",\"breadcrumb\":{\"@id\":\"https:\\\/\\\/www.krafthand.de\\\/truck\\\/artikel\\\/forvia-hella-erweitert-slimline-produktfamilie-fuer-nfz-um-led-kombileuchten-41895\\\/#breadcrumb\"},\"inLanguage\":\"de\",\"potentialAction\":[{\"@type\":\"ReadAction\",\"target\":[\"https:\\\/\\\/www.krafthand.de\\\/truck\\\/artikel\\\/forvia-hella-erweitert-slimline-produktfamilie-fuer-nfz-um-led-kombileuchten-41895\\\/\"]}]},{\"@type\":\"ImageObject\",\"inLanguage\":\"de\",\"@id\":\"https:\\\/\\\/www.krafthand.de\\\/truck\\\/artikel\\\/forvia-hella-erweitert-slimline-produktfamilie-fuer-nfz-um-led-kombileuchten-41895\\\/#primaryimage\",\"url\":\"https:\\\/\\\/static.krafthand-truck.de\\\/uploads\\\/2025\\\/02\\\/Forvia_Hella_SlimLine_Lkw_Heckleuchten.jpg\",\"contentUrl\":\"https:\\\/\\\/static.krafthand-truck.de\\\/uploads\\\/2025\\\/02\\\/Forvia_Hella_SlimLine_Lkw_Heckleuchten.jpg\",\"width\":1200,\"height\":823},{\"@type\":\"BreadcrumbList\",\"@id\":\"https:\\\/\\\/www.krafthand.de\\\/truck\\\/artikel\\\/forvia-hella-erweitert-slimline-produktfamilie-fuer-nfz-um-led-kombileuchten-41895\\\/#breadcrumb\",\"itemListElement\":[{\"@type\":\"ListItem\",\"position\":1,\"name\":\"Krafthand-Truck\",\"item\":\"https:\\\/\\\/www.krafthand.de\\\/truck\\\/\"},{\"@type\":\"ListItem\",\"position\":2,\"name\":\"Nfz-Technik\",\"item\":\"https:\\\/\\\/www.krafthand.de\\\/truck\\\/kategorie\\\/nfz-technik\\\/\"},{\"@type\":\"ListItem\",\"position\":3,\"name\":\"Nfz-Teile\\\/Systeme\",\"item\":\"https:\\\/\\\/www.krafthand.de\\\/truck\\\/kategorie\\\/nfz-technik\\\/nfz-teile-systeme\\\/\"},{\"@type\":\"ListItem\",\"position\":4,\"name\":\"FORVIA HELLA erweitert SlimLine-Produktfamilie f\u00fcr Nfz um LED-Kombileuchten\"}]},{\"@type\":\"WebSite\",\"@id\":\"https:\\\/\\\/www.krafthand.de\\\/truck\\\/#website\",\"url\":\"https:\\\/\\\/www.krafthand.de\\\/truck\\\/\",\"name\":\"Krafthand-Truck\",\"description\":\"\",\"potentialAction\":[{\"@type\":\"SearchAction\",\"target\":{\"@type\":\"EntryPoint\",\"urlTemplate\":\"https:\\\/\\\/www.krafthand.de\\\/truck\\\/?s={search_term_string}\"},\"query-input\":{\"@type\":\"PropertyValueSpecification\",\"valueRequired\":true,\"valueName\":\"search_term_string\"}}],\"inLanguage\":\"de\"},{\"@type\":\"Person\",\"@id\":\"https:\\\/\\\/www.krafthand.de\\\/truck\\\/#\\\/schema\\\/person\\\/51fa80b1c57034c4bf63f9f988fc24ce\",\"name\":\"georg.blenk@krafthand-medien.de\",\"image\":{\"@type\":\"ImageObject\",\"inLanguage\":\"de\",\"@id\":\"https:\\\/\\\/secure.gravatar.com\\\/avatar\\\/93713c30affe0aa95d3a4130e499bb1abee2eb31adbdd9ce2aa1543538490215?s=96&d=mm&r=g\",\"url\":\"https:\\\/\\\/secure.gravatar.com\\\/avatar\\\/93713c30affe0aa95d3a4130e499bb1abee2eb31adbdd9ce2aa1543538490215?s=96&d=mm&r=g\",\"contentUrl\":\"https:\\\/\\\/secure.gravatar.com\\\/avatar\\\/93713c30affe0aa95d3a4130e499bb1abee2eb31adbdd9ce2aa1543538490215?s=96&d=mm&r=g\",\"caption\":\"georg.blenk@krafthand-medien.de\"}}]}<\/script>\n<!-- \/ Yoast SEO plugin. -->","yoast_head_json":{"title":"FORVIA HELLA erweitert SlimLine-Produktfamilie f\u00fcr Nfz um LED-Kombileuchten - Krafthand-Truck","description":"FORVIA HELLA hat seine auf den Nutzfahrzeugbereich ausgerichtete SlimLine-Produktfamilie um neue LED-Kombinationsleuchten erweitert.","robots":{"index":"index","follow":"follow","max-snippet":"max-snippet:-1","max-image-preview":"max-image-preview:large","max-video-preview":"max-video-preview:-1"},"canonical":"https:\/\/www.krafthand.de\/truck\/artikel\/forvia-hella-erweitert-slimline-produktfamilie-fuer-nfz-um-led-kombileuchten-41895\/","og_locale":"de_DE","og_type":"article","og_title":"FORVIA HELLA erweitert SlimLine-Produktfamilie f\u00fcr Nfz um LED-Kombileuchten - Krafthand-Truck","og_description":"FORVIA HELLA hat seine auf den Nutzfahrzeugbereich ausgerichtete SlimLine-Produktfamilie um neue LED-Kombinationsleuchten erweitert.","og_url":"https:\/\/www.krafthand-truck.de\/artikel\/forvia-hella-erweitert-slimline-produktfamilie-fuer-nfz-um-led-kombileuchten-41895\/","og_site_name":"Krafthand-Truck","article_published_time":"2025-02-05T11:03:52+00:00","article_modified_time":"2025-02-05T11:06:11+00:00","og_image":[{"width":1200,"height":823,"url":"https:\/\/static.krafthand-truck.de\/uploads\/2025\/02\/Forvia_Hella_SlimLine_Lkw_Heckleuchten.jpg","type":"image\/jpeg"}],"author":"georg.blenk@krafthand-medien.de","twitter_card":"summary_large_image","twitter_misc":{"Verfasst von":"georg.blenk@krafthand-medien.de","Gesch\u00e4tzte Lesezeit":"2\u00a0Minuten"},"schema":{"@context":"https:\/\/schema.org","@graph":[{"@type":"Article","@id":"https:\/\/www.krafthand.de\/truck\/artikel\/forvia-hella-erweitert-slimline-produktfamilie-fuer-nfz-um-led-kombileuchten-41895\/#article","isPartOf":{"@id":"https:\/\/www.krafthand.de\/truck\/artikel\/forvia-hella-erweitert-slimline-produktfamilie-fuer-nfz-um-led-kombileuchten-41895\/"},"author":{"name":"georg.blenk@krafthand-medien.de","@id":"https:\/\/www.krafthand.de\/truck\/#\/schema\/person\/51fa80b1c57034c4bf63f9f988fc24ce"},"headline":"FORVIA HELLA erweitert SlimLine-Produktfamilie f\u00fcr Nfz um LED-Kombileuchten","datePublished":"2025-02-05T11:03:52+00:00","dateModified":"2025-02-05T11:06:11+00:00","mainEntityOfPage":{"@id":"https:\/\/www.krafthand.de\/truck\/artikel\/forvia-hella-erweitert-slimline-produktfamilie-fuer-nfz-um-led-kombileuchten-41895\/"},"wordCount":270,"image":{"@id":"https:\/\/www.krafthand.de\/truck\/artikel\/forvia-hella-erweitert-slimline-produktfamilie-fuer-nfz-um-led-kombileuchten-41895\/#primaryimage"},"thumbnailUrl":"https:\/\/static.krafthand-truck.de\/uploads\/2025\/02\/Forvia_Hella_SlimLine_Lkw_Heckleuchten.jpg","keywords":["Forvia","Hella","LED-Leuchte"],"articleSection":["Nfz-Teile\/Systeme"],"inLanguage":"de"},{"@type":"WebPage","@id":"https:\/\/www.krafthand.de\/truck\/artikel\/forvia-hella-erweitert-slimline-produktfamilie-fuer-nfz-um-led-kombileuchten-41895\/","url":"https:\/\/www.krafthand.de\/truck\/artikel\/forvia-hella-erweitert-slimline-produktfamilie-fuer-nfz-um-led-kombileuchten-41895\/","name":"FORVIA HELLA erweitert SlimLine-Produktfamilie f\u00fcr Nfz um LED-Kombileuchten - Krafthand-Truck","isPartOf":{"@id":"https:\/\/www.krafthand.de\/truck\/#website"},"primaryImageOfPage":{"@id":"https:\/\/www.krafthand.de\/truck\/artikel\/forvia-hella-erweitert-slimline-produktfamilie-fuer-nfz-um-led-kombileuchten-41895\/#primaryimage"},"image":{"@id":"https:\/\/www.krafthand.de\/truck\/artikel\/forvia-hella-erweitert-slimline-produktfamilie-fuer-nfz-um-led-kombileuchten-41895\/#primaryimage"},"thumbnailUrl":"https:\/\/static.krafthand-truck.de\/uploads\/2025\/02\/Forvia_Hella_SlimLine_Lkw_Heckleuchten.jpg","datePublished":"2025-02-05T11:03:52+00:00","dateModified":"2025-02-05T11:06:11+00:00","author":{"@id":"https:\/\/www.krafthand.de\/truck\/#\/schema\/person\/51fa80b1c57034c4bf63f9f988fc24ce"},"description":"FORVIA HELLA hat seine auf den Nutzfahrzeugbereich ausgerichtete SlimLine-Produktfamilie um neue LED-Kombinationsleuchten erweitert.","breadcrumb":{"@id":"https:\/\/www.krafthand.de\/truck\/artikel\/forvia-hella-erweitert-slimline-produktfamilie-fuer-nfz-um-led-kombileuchten-41895\/#breadcrumb"},"inLanguage":"de","potentialAction":[{"@type":"ReadAction","target":["https:\/\/www.krafthand.de\/truck\/artikel\/forvia-hella-erweitert-slimline-produktfamilie-fuer-nfz-um-led-kombileuchten-41895\/"]}]},{"@type":"ImageObject","inLanguage":"de","@id":"https:\/\/www.krafthand.de\/truck\/artikel\/forvia-hella-erweitert-slimline-produktfamilie-fuer-nfz-um-led-kombileuchten-41895\/#primaryimage","url":"https:\/\/static.krafthand-truck.de\/uploads\/2025\/02\/Forvia_Hella_SlimLine_Lkw_Heckleuchten.jpg","contentUrl":"https:\/\/static.krafthand-truck.de\/uploads\/2025\/02\/Forvia_Hella_SlimLine_Lkw_Heckleuchten.jpg","width":1200,"height":823},{"@type":"BreadcrumbList","@id":"https:\/\/www.krafthand.de\/truck\/artikel\/forvia-hella-erweitert-slimline-produktfamilie-fuer-nfz-um-led-kombileuchten-41895\/#breadcrumb","itemListElement":[{"@type":"ListItem","position":1,"name":"Krafthand-Truck","item":"https:\/\/www.krafthand.de\/truck\/"},{"@type":"ListItem","position":2,"name":"Nfz-Technik","item":"https:\/\/www.krafthand.de\/truck\/kategorie\/nfz-technik\/"},{"@type":"ListItem","position":3,"name":"Nfz-Teile\/Systeme","item":"https:\/\/www.krafthand.de\/truck\/kategorie\/nfz-technik\/nfz-teile-systeme\/"},{"@type":"ListItem","position":4,"name":"FORVIA HELLA erweitert SlimLine-Produktfamilie f\u00fcr Nfz um LED-Kombileuchten"}]},{"@type":"WebSite","@id":"https:\/\/www.krafthand.de\/truck\/#website","url":"https:\/\/www.krafthand.de\/truck\/","name":"Krafthand-Truck","description":"","potentialAction":[{"@type":"SearchAction","target":{"@type":"EntryPoint","urlTemplate":"https:\/\/www.krafthand.de\/truck\/?s={search_term_string}"},"query-input":{"@type":"PropertyValueSpecification","valueRequired":true,"valueName":"search_term_string"}}],"inLanguage":"de"},{"@type":"Person","@id":"https:\/\/www.krafthand.de\/truck\/#\/schema\/person\/51fa80b1c57034c4bf63f9f988fc24ce","name":"georg.blenk@krafthand-medien.de","image":{"@type":"ImageObject","inLanguage":"de","@id":"https:\/\/secure.gravatar.com\/avatar\/93713c30affe0aa95d3a4130e499bb1abee2eb31adbdd9ce2aa1543538490215?s=96&d=mm&r=g","url":"https:\/\/secure.gravatar.com\/avatar\/93713c30affe0aa95d3a4130e499bb1abee2eb31adbdd9ce2aa1543538490215?s=96&d=mm&r=g","contentUrl":"https:\/\/secure.gravatar.com\/avatar\/93713c30affe0aa95d3a4130e499bb1abee2eb31adbdd9ce2aa1543538490215?s=96&d=mm&r=g","caption":"georg.blenk@krafthand-medien.de"}}]}},"_links":{"self":[{"href":"https:\/\/www.krafthand.de\/truck\/wp-json\/wp\/v2\/posts\/41895","targetHints":{"allow":["GET"]}}],"collection":[{"href":"https:\/\/www.krafthand.de\/truck\/wp-json\/wp\/v2\/posts"}],"about":[{"href":"https:\/\/www.krafthand.de\/truck\/wp-json\/wp\/v2\/types\/post"}],"author":[{"embeddable":true,"href":"https:\/\/www.krafthand.de\/truck\/wp-json\/wp\/v2\/users\/9"}],"replies":[{"embeddable":true,"href":"https:\/\/www.krafthand.de\/truck\/wp-json\/wp\/v2\/comments?post=41895"}],"version-history":[{"count":4,"href":"https:\/\/www.krafthand.de\/truck\/wp-json\/wp\/v2\/posts\/41895\/revisions"}],"predecessor-version":[{"id":41900,"href":"https:\/\/www.krafthand.de\/truck\/wp-json\/wp\/v2\/posts\/41895\/revisions\/41900"}],"wp:featuredmedia":[{"embeddable":true,"href":"https:\/\/www.krafthand.de\/truck\/wp-json\/wp\/v2\/media\/41897"}],"wp:attachment":[{"href":"https:\/\/www.krafthand.de\/truck\/wp-json\/wp\/v2\/media?parent=41895"}],"wp:term":[{"taxonomy":"category","embeddable":true,"href":"https:\/\/www.krafthand.de\/truck\/wp-json\/wp\/v2\/categories?post=41895"},{"taxonomy":"post_tag","embeddable":true,"href":"https:\/\/www.krafthand.de\/truck\/wp-json\/wp\/v2\/tags?post=41895"},{"taxonomy":"settings","embeddable":true,"href":"https:\/\/www.krafthand.de\/truck\/wp-json\/wp\/v2\/settings?post=41895"}],"curies":[{"name":"wp","href":"https:\/\/api.w.org\/{rel}","templated":true}]}}