{"id":41808,"date":"2025-01-30T12:34:36","date_gmt":"2025-01-30T11:34:36","guid":{"rendered":"https:\/\/www.krafthand.de\/truck\/?p=41808"},"modified":"2025-01-30T12:37:44","modified_gmt":"2025-01-30T11:37:44","slug":"kuehlauflieger-und-kofferfahrzeuge-schmitz-cargobull-erweitert-auslieferzentrum","status":"publish","type":"post","link":"https:\/\/www.krafthand.de\/truck\/artikel\/kuehlauflieger-und-kofferfahrzeuge-schmitz-cargobull-erweitert-auslieferzentrum-41808\/","title":{"rendered":"Schmitz Cargobull erweitert Auslieferzentrum am Standort Vreden"},"content":{"rendered":"<p>Schmitz Cargobull erweitert das Auslieferungsgel\u00e4nde f\u00fcr K\u00fchlauflieger und Kofferfahrzeuge am Standort Vreden. Die Genehmigung sei jetzt erteilt. Die Bauarbeiten sollen im ersten Halbjahr 2025 beginnen und etwa ein Jahr dauern. Mit der Erweiterung des Standortgel\u00e4ndes wird eine zus\u00e4tzliche Fl\u00e4che von rund 11 Hektar und etwa 750 neue Fahrzeug-Stellpl\u00e4tze geschaffen. So m\u00f6chte Schmitz Cargobull die Abwicklung der Fahrzeugauslieferung beschleunigen und zugleich die Umwelt durch weniger Transporte schonen.<\/p>\n<p>Durch die Erweiterung wird die Anzahl der externen Abstellfl\u00e4chen, die zurzeit im weiten Umkreis vom Schmitz Cargobull Werk f\u00fcr die Abstellung der Fahrzeuge bis zur Abholung angemietet werden m\u00fcssen, von mehr als 20 auf 10 reduziert. Diese verbleibenden zehn Abstellfl\u00e4chen befinden sich im direkten Umkreis vom <a href=\"https:\/\/www.cargobull.com\/de\/\" target=\"_blank\" rel=\"noopener\">Schmitz Cargobull<\/a> Werk maximal sechs Kilometer entfernt.<\/p>\n<p>Ein weiterer Beitrag zur Nachhaltigkeit sei der verst\u00e4rkte Einsatz von elektrisch betriebenen Rangierfahrzeugen. Diese umweltfreundliche Technologie reduziere nicht nur die Emissionen, sondern sorge auch f\u00fcr eine geringere L\u00e4rmbelastung im Umfeld.<\/p>\n","protected":false},"excerpt":{"rendered":"<p>Schmitz Cargobull erweitert das Auslieferungsgel\u00e4nde f\u00fcr K\u00fchlauflieger und Kofferfahrzeuge am Standort Vreden. Die Genehmigung sei jetzt erteilt. Die Bauarbeiten sollen im ersten Halbjahr 2025 beginnen und etwa ein Jahr dauern. <span class=\"excerpt-more__dots\">&#8230;<\/span> <a class=\"excerpt-more__link\" href=\"https:\/\/www.krafthand.de\/truck\/artikel\/kuehlauflieger-und-kofferfahrzeuge-schmitz-cargobull-erweitert-auslieferzentrum-41808\/\" >weiter<\/a><\/p>\n","protected":false},"author":9,"featured_media":41811,"comment_status":"closed","ping_status":"closed","sticky":false,"template":"","format":"standard","meta":{"footnotes":""},"categories":[4238,4915,4235],"tags":[6145,6052,4749,6144],"settings":[4766,3523],"class_list":["post-41808","post","type-post","status-publish","format-standard","has-post-thumbnail","hentry","category-koepfe","category-neue-fahrzeuge","category-unternehmen","tag-kofferfahrzeug","tag-kuehlauflieger","tag-schmitz-cargobul","tag-vrede"],"yoast_head":"<!-- This site is optimized with the Yoast SEO plugin v27.3 - https:\/\/yoast.com\/product\/yoast-seo-wordpress\/ -->\n<title>Schmitz Cargobull erweitert Auslieferzentrum am Standort Vreden - Krafthand-Truck<\/title>\n<meta name=\"description\" content=\"Schmitz Cargobull erweitert das Auslieferungsgel\u00e4nde f\u00fcr K\u00fchlauflieger und Kofferfahrzeuge am Standort Vreden. Die Genehmigung ist erteilt.\" \/>\n<meta name=\"robots\" content=\"index, follow, max-snippet:-1, max-image-preview:large, max-video-preview:-1\" \/>\n<link rel=\"canonical\" href=\"https:\/\/www.krafthand.de\/truck\/artikel\/kuehlauflieger-und-kofferfahrzeuge-schmitz-cargobull-erweitert-auslieferzentrum-41808\/\" \/>\n<meta property=\"og:locale\" content=\"de_DE\" \/>\n<meta property=\"og:type\" content=\"article\" \/>\n<meta property=\"og:title\" content=\"Schmitz Cargobull erweitert Auslieferzentrum am Standort Vreden - Krafthand-Truck\" \/>\n<meta property=\"og:description\" content=\"Schmitz Cargobull erweitert das Auslieferungsgel\u00e4nde f\u00fcr K\u00fchlauflieger und Kofferfahrzeuge am Standort Vreden. Die Genehmigung ist erteilt.\" \/>\n<meta property=\"og:url\" content=\"https:\/\/www.krafthand-truck.de\/artikel\/kuehlauflieger-und-kofferfahrzeuge-schmitz-cargobull-erweitert-auslieferzentrum-41808\/\" \/>\n<meta property=\"og:site_name\" content=\"Krafthand-Truck\" \/>\n<meta property=\"article:published_time\" content=\"2025-01-30T11:34:36+00:00\" \/>\n<meta property=\"article:modified_time\" content=\"2025-01-30T11:37:44+00:00\" \/>\n<meta property=\"og:image\" content=\"https:\/\/static.krafthand-truck.de\/uploads\/2025\/01\/Schmitz-Cargobull_Auslieferung_Vreden_Christian_Glebe_Michael_Franek.jpg\" \/>\n\t<meta property=\"og:image:width\" content=\"1200\" \/>\n\t<meta property=\"og:image:height\" content=\"873\" \/>\n\t<meta property=\"og:image:type\" content=\"image\/jpeg\" \/>\n<meta name=\"author\" content=\"georg.blenk@krafthand-medien.de\" \/>\n<meta name=\"twitter:card\" content=\"summary_large_image\" \/>\n<meta name=\"twitter:label1\" content=\"Verfasst von\" \/>\n\t<meta name=\"twitter:data1\" content=\"georg.blenk@krafthand-medien.de\" \/>\n\t<meta name=\"twitter:label2\" content=\"Gesch\u00e4tzte Lesezeit\" \/>\n\t<meta name=\"twitter:data2\" content=\"2\u00a0Minuten\" \/>\n<script type=\"application\/ld+json\" class=\"yoast-schema-graph\">{\"@context\":\"https:\\\/\\\/schema.org\",\"@graph\":[{\"@type\":\"Article\",\"@id\":\"https:\\\/\\\/www.krafthand.de\\\/truck\\\/artikel\\\/kuehlauflieger-und-kofferfahrzeuge-schmitz-cargobull-erweitert-auslieferzentrum-41808\\\/#article\",\"isPartOf\":{\"@id\":\"https:\\\/\\\/www.krafthand.de\\\/truck\\\/artikel\\\/kuehlauflieger-und-kofferfahrzeuge-schmitz-cargobull-erweitert-auslieferzentrum-41808\\\/\"},\"author\":{\"name\":\"georg.blenk@krafthand-medien.de\",\"@id\":\"https:\\\/\\\/www.krafthand.de\\\/truck\\\/#\\\/schema\\\/person\\\/51fa80b1c57034c4bf63f9f988fc24ce\"},\"headline\":\"Schmitz Cargobull erweitert Auslieferzentrum am Standort Vreden\",\"datePublished\":\"2025-01-30T11:34:36+00:00\",\"dateModified\":\"2025-01-30T11:37:44+00:00\",\"mainEntityOfPage\":{\"@id\":\"https:\\\/\\\/www.krafthand.de\\\/truck\\\/artikel\\\/kuehlauflieger-und-kofferfahrzeuge-schmitz-cargobull-erweitert-auslieferzentrum-41808\\\/\"},\"wordCount\":166,\"image\":{\"@id\":\"https:\\\/\\\/www.krafthand.de\\\/truck\\\/artikel\\\/kuehlauflieger-und-kofferfahrzeuge-schmitz-cargobull-erweitert-auslieferzentrum-41808\\\/#primaryimage\"},\"thumbnailUrl\":\"https:\\\/\\\/static.krafthand-truck.de\\\/uploads\\\/2025\\\/01\\\/Schmitz-Cargobull_Auslieferung_Vreden_Christian_Glebe_Michael_Franek.jpg\",\"keywords\":[\"Kofferfahrzeug\",\"K\u00fchlauflieger\",\"Schmitz Cargobul\",\"Vrede\"],\"articleSection\":[\"K\u00f6pfe\\\/Personen\",\"Neue Fahrzeuge\",\"Unternehmen\"],\"inLanguage\":\"de\"},{\"@type\":\"WebPage\",\"@id\":\"https:\\\/\\\/www.krafthand.de\\\/truck\\\/artikel\\\/kuehlauflieger-und-kofferfahrzeuge-schmitz-cargobull-erweitert-auslieferzentrum-41808\\\/\",\"url\":\"https:\\\/\\\/www.krafthand.de\\\/truck\\\/artikel\\\/kuehlauflieger-und-kofferfahrzeuge-schmitz-cargobull-erweitert-auslieferzentrum-41808\\\/\",\"name\":\"Schmitz Cargobull erweitert Auslieferzentrum am Standort Vreden - Krafthand-Truck\",\"isPartOf\":{\"@id\":\"https:\\\/\\\/www.krafthand.de\\\/truck\\\/#website\"},\"primaryImageOfPage\":{\"@id\":\"https:\\\/\\\/www.krafthand.de\\\/truck\\\/artikel\\\/kuehlauflieger-und-kofferfahrzeuge-schmitz-cargobull-erweitert-auslieferzentrum-41808\\\/#primaryimage\"},\"image\":{\"@id\":\"https:\\\/\\\/www.krafthand.de\\\/truck\\\/artikel\\\/kuehlauflieger-und-kofferfahrzeuge-schmitz-cargobull-erweitert-auslieferzentrum-41808\\\/#primaryimage\"},\"thumbnailUrl\":\"https:\\\/\\\/static.krafthand-truck.de\\\/uploads\\\/2025\\\/01\\\/Schmitz-Cargobull_Auslieferung_Vreden_Christian_Glebe_Michael_Franek.jpg\",\"datePublished\":\"2025-01-30T11:34:36+00:00\",\"dateModified\":\"2025-01-30T11:37:44+00:00\",\"author\":{\"@id\":\"https:\\\/\\\/www.krafthand.de\\\/truck\\\/#\\\/schema\\\/person\\\/51fa80b1c57034c4bf63f9f988fc24ce\"},\"description\":\"Schmitz Cargobull erweitert das Auslieferungsgel\u00e4nde f\u00fcr K\u00fchlauflieger und Kofferfahrzeuge am Standort Vreden. Die Genehmigung ist erteilt.\",\"breadcrumb\":{\"@id\":\"https:\\\/\\\/www.krafthand.de\\\/truck\\\/artikel\\\/kuehlauflieger-und-kofferfahrzeuge-schmitz-cargobull-erweitert-auslieferzentrum-41808\\\/#breadcrumb\"},\"inLanguage\":\"de\",\"potentialAction\":[{\"@type\":\"ReadAction\",\"target\":[\"https:\\\/\\\/www.krafthand.de\\\/truck\\\/artikel\\\/kuehlauflieger-und-kofferfahrzeuge-schmitz-cargobull-erweitert-auslieferzentrum-41808\\\/\"]}]},{\"@type\":\"ImageObject\",\"inLanguage\":\"de\",\"@id\":\"https:\\\/\\\/www.krafthand.de\\\/truck\\\/artikel\\\/kuehlauflieger-und-kofferfahrzeuge-schmitz-cargobull-erweitert-auslieferzentrum-41808\\\/#primaryimage\",\"url\":\"https:\\\/\\\/static.krafthand-truck.de\\\/uploads\\\/2025\\\/01\\\/Schmitz-Cargobull_Auslieferung_Vreden_Christian_Glebe_Michael_Franek.jpg\",\"contentUrl\":\"https:\\\/\\\/static.krafthand-truck.de\\\/uploads\\\/2025\\\/01\\\/Schmitz-Cargobull_Auslieferung_Vreden_Christian_Glebe_Michael_Franek.jpg\",\"width\":1200,\"height\":873},{\"@type\":\"BreadcrumbList\",\"@id\":\"https:\\\/\\\/www.krafthand.de\\\/truck\\\/artikel\\\/kuehlauflieger-und-kofferfahrzeuge-schmitz-cargobull-erweitert-auslieferzentrum-41808\\\/#breadcrumb\",\"itemListElement\":[{\"@type\":\"ListItem\",\"position\":1,\"name\":\"Krafthand-Truck\",\"item\":\"https:\\\/\\\/www.krafthand.de\\\/truck\\\/\"},{\"@type\":\"ListItem\",\"position\":2,\"name\":\"IT+Fuhrpark\",\"item\":\"https:\\\/\\\/www.krafthand.de\\\/truck\\\/kategorie\\\/fuhrpark\\\/\"},{\"@type\":\"ListItem\",\"position\":3,\"name\":\"Neue Fahrzeuge\",\"item\":\"https:\\\/\\\/www.krafthand.de\\\/truck\\\/kategorie\\\/fuhrpark\\\/neue-fahrzeuge\\\/\"},{\"@type\":\"ListItem\",\"position\":4,\"name\":\"Schmitz Cargobull erweitert Auslieferzentrum am Standort Vreden\"}]},{\"@type\":\"WebSite\",\"@id\":\"https:\\\/\\\/www.krafthand.de\\\/truck\\\/#website\",\"url\":\"https:\\\/\\\/www.krafthand.de\\\/truck\\\/\",\"name\":\"Krafthand-Truck\",\"description\":\"\",\"potentialAction\":[{\"@type\":\"SearchAction\",\"target\":{\"@type\":\"EntryPoint\",\"urlTemplate\":\"https:\\\/\\\/www.krafthand.de\\\/truck\\\/?s={search_term_string}\"},\"query-input\":{\"@type\":\"PropertyValueSpecification\",\"valueRequired\":true,\"valueName\":\"search_term_string\"}}],\"inLanguage\":\"de\"},{\"@type\":\"Person\",\"@id\":\"https:\\\/\\\/www.krafthand.de\\\/truck\\\/#\\\/schema\\\/person\\\/51fa80b1c57034c4bf63f9f988fc24ce\",\"name\":\"georg.blenk@krafthand-medien.de\",\"image\":{\"@type\":\"ImageObject\",\"inLanguage\":\"de\",\"@id\":\"https:\\\/\\\/secure.gravatar.com\\\/avatar\\\/93713c30affe0aa95d3a4130e499bb1abee2eb31adbdd9ce2aa1543538490215?s=96&d=mm&r=g\",\"url\":\"https:\\\/\\\/secure.gravatar.com\\\/avatar\\\/93713c30affe0aa95d3a4130e499bb1abee2eb31adbdd9ce2aa1543538490215?s=96&d=mm&r=g\",\"contentUrl\":\"https:\\\/\\\/secure.gravatar.com\\\/avatar\\\/93713c30affe0aa95d3a4130e499bb1abee2eb31adbdd9ce2aa1543538490215?s=96&d=mm&r=g\",\"caption\":\"georg.blenk@krafthand-medien.de\"}}]}<\/script>\n<!-- \/ Yoast SEO plugin. -->","yoast_head_json":{"title":"Schmitz Cargobull erweitert Auslieferzentrum am Standort Vreden - Krafthand-Truck","description":"Schmitz Cargobull erweitert das Auslieferungsgel\u00e4nde f\u00fcr K\u00fchlauflieger und Kofferfahrzeuge am Standort Vreden. Die Genehmigung ist erteilt.","robots":{"index":"index","follow":"follow","max-snippet":"max-snippet:-1","max-image-preview":"max-image-preview:large","max-video-preview":"max-video-preview:-1"},"canonical":"https:\/\/www.krafthand.de\/truck\/artikel\/kuehlauflieger-und-kofferfahrzeuge-schmitz-cargobull-erweitert-auslieferzentrum-41808\/","og_locale":"de_DE","og_type":"article","og_title":"Schmitz Cargobull erweitert Auslieferzentrum am Standort Vreden - Krafthand-Truck","og_description":"Schmitz Cargobull erweitert das Auslieferungsgel\u00e4nde f\u00fcr K\u00fchlauflieger und Kofferfahrzeuge am Standort Vreden. Die Genehmigung ist erteilt.","og_url":"https:\/\/www.krafthand-truck.de\/artikel\/kuehlauflieger-und-kofferfahrzeuge-schmitz-cargobull-erweitert-auslieferzentrum-41808\/","og_site_name":"Krafthand-Truck","article_published_time":"2025-01-30T11:34:36+00:00","article_modified_time":"2025-01-30T11:37:44+00:00","og_image":[{"width":1200,"height":873,"url":"https:\/\/static.krafthand-truck.de\/uploads\/2025\/01\/Schmitz-Cargobull_Auslieferung_Vreden_Christian_Glebe_Michael_Franek.jpg","type":"image\/jpeg"}],"author":"georg.blenk@krafthand-medien.de","twitter_card":"summary_large_image","twitter_misc":{"Verfasst von":"georg.blenk@krafthand-medien.de","Gesch\u00e4tzte Lesezeit":"2\u00a0Minuten"},"schema":{"@context":"https:\/\/schema.org","@graph":[{"@type":"Article","@id":"https:\/\/www.krafthand.de\/truck\/artikel\/kuehlauflieger-und-kofferfahrzeuge-schmitz-cargobull-erweitert-auslieferzentrum-41808\/#article","isPartOf":{"@id":"https:\/\/www.krafthand.de\/truck\/artikel\/kuehlauflieger-und-kofferfahrzeuge-schmitz-cargobull-erweitert-auslieferzentrum-41808\/"},"author":{"name":"georg.blenk@krafthand-medien.de","@id":"https:\/\/www.krafthand.de\/truck\/#\/schema\/person\/51fa80b1c57034c4bf63f9f988fc24ce"},"headline":"Schmitz Cargobull erweitert Auslieferzentrum am Standort Vreden","datePublished":"2025-01-30T11:34:36+00:00","dateModified":"2025-01-30T11:37:44+00:00","mainEntityOfPage":{"@id":"https:\/\/www.krafthand.de\/truck\/artikel\/kuehlauflieger-und-kofferfahrzeuge-schmitz-cargobull-erweitert-auslieferzentrum-41808\/"},"wordCount":166,"image":{"@id":"https:\/\/www.krafthand.de\/truck\/artikel\/kuehlauflieger-und-kofferfahrzeuge-schmitz-cargobull-erweitert-auslieferzentrum-41808\/#primaryimage"},"thumbnailUrl":"https:\/\/static.krafthand-truck.de\/uploads\/2025\/01\/Schmitz-Cargobull_Auslieferung_Vreden_Christian_Glebe_Michael_Franek.jpg","keywords":["Kofferfahrzeug","K\u00fchlauflieger","Schmitz Cargobul","Vrede"],"articleSection":["K\u00f6pfe\/Personen","Neue Fahrzeuge","Unternehmen"],"inLanguage":"de"},{"@type":"WebPage","@id":"https:\/\/www.krafthand.de\/truck\/artikel\/kuehlauflieger-und-kofferfahrzeuge-schmitz-cargobull-erweitert-auslieferzentrum-41808\/","url":"https:\/\/www.krafthand.de\/truck\/artikel\/kuehlauflieger-und-kofferfahrzeuge-schmitz-cargobull-erweitert-auslieferzentrum-41808\/","name":"Schmitz Cargobull erweitert Auslieferzentrum am Standort Vreden - Krafthand-Truck","isPartOf":{"@id":"https:\/\/www.krafthand.de\/truck\/#website"},"primaryImageOfPage":{"@id":"https:\/\/www.krafthand.de\/truck\/artikel\/kuehlauflieger-und-kofferfahrzeuge-schmitz-cargobull-erweitert-auslieferzentrum-41808\/#primaryimage"},"image":{"@id":"https:\/\/www.krafthand.de\/truck\/artikel\/kuehlauflieger-und-kofferfahrzeuge-schmitz-cargobull-erweitert-auslieferzentrum-41808\/#primaryimage"},"thumbnailUrl":"https:\/\/static.krafthand-truck.de\/uploads\/2025\/01\/Schmitz-Cargobull_Auslieferung_Vreden_Christian_Glebe_Michael_Franek.jpg","datePublished":"2025-01-30T11:34:36+00:00","dateModified":"2025-01-30T11:37:44+00:00","author":{"@id":"https:\/\/www.krafthand.de\/truck\/#\/schema\/person\/51fa80b1c57034c4bf63f9f988fc24ce"},"description":"Schmitz Cargobull erweitert das Auslieferungsgel\u00e4nde f\u00fcr K\u00fchlauflieger und Kofferfahrzeuge am Standort Vreden. Die Genehmigung ist erteilt.","breadcrumb":{"@id":"https:\/\/www.krafthand.de\/truck\/artikel\/kuehlauflieger-und-kofferfahrzeuge-schmitz-cargobull-erweitert-auslieferzentrum-41808\/#breadcrumb"},"inLanguage":"de","potentialAction":[{"@type":"ReadAction","target":["https:\/\/www.krafthand.de\/truck\/artikel\/kuehlauflieger-und-kofferfahrzeuge-schmitz-cargobull-erweitert-auslieferzentrum-41808\/"]}]},{"@type":"ImageObject","inLanguage":"de","@id":"https:\/\/www.krafthand.de\/truck\/artikel\/kuehlauflieger-und-kofferfahrzeuge-schmitz-cargobull-erweitert-auslieferzentrum-41808\/#primaryimage","url":"https:\/\/static.krafthand-truck.de\/uploads\/2025\/01\/Schmitz-Cargobull_Auslieferung_Vreden_Christian_Glebe_Michael_Franek.jpg","contentUrl":"https:\/\/static.krafthand-truck.de\/uploads\/2025\/01\/Schmitz-Cargobull_Auslieferung_Vreden_Christian_Glebe_Michael_Franek.jpg","width":1200,"height":873},{"@type":"BreadcrumbList","@id":"https:\/\/www.krafthand.de\/truck\/artikel\/kuehlauflieger-und-kofferfahrzeuge-schmitz-cargobull-erweitert-auslieferzentrum-41808\/#breadcrumb","itemListElement":[{"@type":"ListItem","position":1,"name":"Krafthand-Truck","item":"https:\/\/www.krafthand.de\/truck\/"},{"@type":"ListItem","position":2,"name":"IT+Fuhrpark","item":"https:\/\/www.krafthand.de\/truck\/kategorie\/fuhrpark\/"},{"@type":"ListItem","position":3,"name":"Neue Fahrzeuge","item":"https:\/\/www.krafthand.de\/truck\/kategorie\/fuhrpark\/neue-fahrzeuge\/"},{"@type":"ListItem","position":4,"name":"Schmitz Cargobull erweitert Auslieferzentrum am Standort Vreden"}]},{"@type":"WebSite","@id":"https:\/\/www.krafthand.de\/truck\/#website","url":"https:\/\/www.krafthand.de\/truck\/","name":"Krafthand-Truck","description":"","potentialAction":[{"@type":"SearchAction","target":{"@type":"EntryPoint","urlTemplate":"https:\/\/www.krafthand.de\/truck\/?s={search_term_string}"},"query-input":{"@type":"PropertyValueSpecification","valueRequired":true,"valueName":"search_term_string"}}],"inLanguage":"de"},{"@type":"Person","@id":"https:\/\/www.krafthand.de\/truck\/#\/schema\/person\/51fa80b1c57034c4bf63f9f988fc24ce","name":"georg.blenk@krafthand-medien.de","image":{"@type":"ImageObject","inLanguage":"de","@id":"https:\/\/secure.gravatar.com\/avatar\/93713c30affe0aa95d3a4130e499bb1abee2eb31adbdd9ce2aa1543538490215?s=96&d=mm&r=g","url":"https:\/\/secure.gravatar.com\/avatar\/93713c30affe0aa95d3a4130e499bb1abee2eb31adbdd9ce2aa1543538490215?s=96&d=mm&r=g","contentUrl":"https:\/\/secure.gravatar.com\/avatar\/93713c30affe0aa95d3a4130e499bb1abee2eb31adbdd9ce2aa1543538490215?s=96&d=mm&r=g","caption":"georg.blenk@krafthand-medien.de"}}]}},"_links":{"self":[{"href":"https:\/\/www.krafthand.de\/truck\/wp-json\/wp\/v2\/posts\/41808","targetHints":{"allow":["GET"]}}],"collection":[{"href":"https:\/\/www.krafthand.de\/truck\/wp-json\/wp\/v2\/posts"}],"about":[{"href":"https:\/\/www.krafthand.de\/truck\/wp-json\/wp\/v2\/types\/post"}],"author":[{"embeddable":true,"href":"https:\/\/www.krafthand.de\/truck\/wp-json\/wp\/v2\/users\/9"}],"replies":[{"embeddable":true,"href":"https:\/\/www.krafthand.de\/truck\/wp-json\/wp\/v2\/comments?post=41808"}],"version-history":[{"count":5,"href":"https:\/\/www.krafthand.de\/truck\/wp-json\/wp\/v2\/posts\/41808\/revisions"}],"predecessor-version":[{"id":41814,"href":"https:\/\/www.krafthand.de\/truck\/wp-json\/wp\/v2\/posts\/41808\/revisions\/41814"}],"wp:featuredmedia":[{"embeddable":true,"href":"https:\/\/www.krafthand.de\/truck\/wp-json\/wp\/v2\/media\/41811"}],"wp:attachment":[{"href":"https:\/\/www.krafthand.de\/truck\/wp-json\/wp\/v2\/media?parent=41808"}],"wp:term":[{"taxonomy":"category","embeddable":true,"href":"https:\/\/www.krafthand.de\/truck\/wp-json\/wp\/v2\/categories?post=41808"},{"taxonomy":"post_tag","embeddable":true,"href":"https:\/\/www.krafthand.de\/truck\/wp-json\/wp\/v2\/tags?post=41808"},{"taxonomy":"settings","embeddable":true,"href":"https:\/\/www.krafthand.de\/truck\/wp-json\/wp\/v2\/settings?post=41808"}],"curies":[{"name":"wp","href":"https:\/\/api.w.org\/{rel}","templated":true}]}}