{"id":41770,"date":"2025-01-21T10:42:11","date_gmt":"2025-01-21T09:42:11","guid":{"rendered":"https:\/\/www.krafthand.de\/truck\/?p=41770"},"modified":"2025-02-26T11:35:07","modified_gmt":"2025-02-26T10:35:07","slug":"ledlenser-af2r-work-handlampe-fuer-die-hosentasche","status":"publish","type":"post","link":"https:\/\/www.krafthand.de\/truck\/artikel\/ledlenser-af2r-work-handlampe-fuer-die-hosentasche-41770\/","title":{"rendered":"Ledlenser AF2R Work: Robuste Handlampe mit Mehrwert"},"content":{"rendered":"<p>Mit der AF2R Work hat das Solinger Unternehmen Ledlenser ein robuste, handliche LED-Leuchte vorgestellt. Sie dient der Beleuchtung des Lkw-Innenraums oder des jeweiligen Arbeitsbereichs, auch als Warnlicht bei einer Panne.<\/p>\n<p>Die Ledlenser AF2R Work generiert ein Wei\u00dflicht mit f\u00fcnf Helligkeitsstufen, ein Rotlicht mit zwei Helligkeitsstufen und verf\u00fcgt \u00fcber einen Blinklichtmodus. Die Leuchtweite betr\u00e4gt maximal 45 Meter, der Lichtstrom maximal 1.000 Lumen.<\/p>\n<p>Eine Anbringung ist via Gummihaken, Magnet, Klettverschluss oder eine Bohrung m\u00f6glich. Der Akku kann via USB-C aufgeladen werden. Die <a href=\"https:\/\/ledlenser.com\/de-de\/produkt\/baustrahler-af2r-work-502921\/\" target=\"_blank\" rel=\"noopener\">AF2R Work<\/a> verf\u00fcgt \u00fcber ein robustes Aluminiumgeh\u00e4use mit integriertem Lineal, einem rutschfesten Sto\u00dfschutz\u00a0 und ist gem\u00e4\u00df IP54 staub- und wasserdicht. Die Handlampe wird mit einem Transportbeutel sowie einem USB-C auf USB-C Ladekabel geliefert.<\/p>\n","protected":false},"excerpt":{"rendered":"<p>Mit der AF2R Work hat das Solinger Unternehmen Ledlenser ein kleine, handliche LED-Leuchte vorgestellt. Sie dient der Beleuchtung des Lkw-Innenraums oder des jeweiligen Arbeitsbereichs, auch als Warnlicht bei einer Panne. <span class=\"excerpt-more__dots\">&#8230;<\/span> <a class=\"excerpt-more__link\" href=\"https:\/\/www.krafthand.de\/truck\/artikel\/ledlenser-af2r-work-handlampe-fuer-die-hosentasche-41770\/\" >weiter<\/a><\/p>\n","protected":false},"author":9,"featured_media":41772,"comment_status":"closed","ping_status":"closed","sticky":false,"template":"","format":"standard","meta":{"footnotes":""},"categories":[4220],"tags":[5002,2673,4128,5004],"settings":[4766,3523],"class_list":["post-41770","post","type-post","status-publish","format-standard","has-post-thumbnail","hentry","category-werkstattausruestung","tag-handlampe","tag-led-arbeitsscheinwerfer","tag-ledlenser","tag-werkstattlampe"],"yoast_head":"<!-- This site is optimized with the Yoast SEO plugin v27.3 - https:\/\/yoast.com\/product\/yoast-seo-wordpress\/ -->\n<title>Ledlenser AF2R Work: Robuste Handlampe mit Mehrwert - Krafthand-Truck<\/title>\n<meta name=\"description\" content=\"Mit der AF2R Work hat Ledlenser eine handliche LED-Leuchte vorgestellt.\" \/>\n<meta name=\"robots\" content=\"index, follow, max-snippet:-1, max-image-preview:large, max-video-preview:-1\" \/>\n<link rel=\"canonical\" href=\"https:\/\/www.krafthand.de\/truck\/artikel\/ledlenser-af2r-work-handlampe-fuer-die-hosentasche-41770\/\" \/>\n<meta property=\"og:locale\" content=\"de_DE\" \/>\n<meta property=\"og:type\" content=\"article\" \/>\n<meta property=\"og:title\" content=\"Ledlenser AF2R Work: Robuste Handlampe mit Mehrwert - Krafthand-Truck\" \/>\n<meta property=\"og:description\" content=\"Mit der AF2R Work hat Ledlenser eine handliche LED-Leuchte vorgestellt.\" \/>\n<meta property=\"og:url\" content=\"https:\/\/www.krafthand-truck.de\/artikel\/ledlenser-af2r-work-handlampe-fuer-die-hosentasche-41770\/\" \/>\n<meta property=\"og:site_name\" content=\"Krafthand-Truck\" \/>\n<meta property=\"article:published_time\" content=\"2025-01-21T09:42:11+00:00\" \/>\n<meta property=\"article:modified_time\" content=\"2025-02-26T10:35:07+00:00\" \/>\n<meta property=\"og:image\" content=\"https:\/\/static.krafthand-truck.de\/uploads\/2025\/01\/LED_Lenser_AF2_Work_Lineal.jpg\" \/>\n\t<meta property=\"og:image:width\" content=\"1200\" \/>\n\t<meta property=\"og:image:height\" content=\"856\" \/>\n\t<meta property=\"og:image:type\" content=\"image\/jpeg\" \/>\n<meta name=\"author\" content=\"georg.blenk@krafthand-medien.de\" \/>\n<meta name=\"twitter:card\" content=\"summary_large_image\" \/>\n<meta name=\"twitter:label1\" content=\"Verfasst von\" \/>\n\t<meta name=\"twitter:data1\" content=\"georg.blenk@krafthand-medien.de\" \/>\n\t<meta name=\"twitter:label2\" content=\"Gesch\u00e4tzte Lesezeit\" \/>\n\t<meta name=\"twitter:data2\" content=\"1\u00a0Minute\" \/>\n<script type=\"application\/ld+json\" class=\"yoast-schema-graph\">{\"@context\":\"https:\\\/\\\/schema.org\",\"@graph\":[{\"@type\":\"Article\",\"@id\":\"https:\\\/\\\/www.krafthand.de\\\/truck\\\/artikel\\\/ledlenser-af2r-work-handlampe-fuer-die-hosentasche-41770\\\/#article\",\"isPartOf\":{\"@id\":\"https:\\\/\\\/www.krafthand.de\\\/truck\\\/artikel\\\/ledlenser-af2r-work-handlampe-fuer-die-hosentasche-41770\\\/\"},\"author\":{\"name\":\"georg.blenk@krafthand-medien.de\",\"@id\":\"https:\\\/\\\/www.krafthand.de\\\/truck\\\/#\\\/schema\\\/person\\\/51fa80b1c57034c4bf63f9f988fc24ce\"},\"headline\":\"Ledlenser AF2R Work: Robuste Handlampe mit Mehrwert\",\"datePublished\":\"2025-01-21T09:42:11+00:00\",\"dateModified\":\"2025-02-26T10:35:07+00:00\",\"mainEntityOfPage\":{\"@id\":\"https:\\\/\\\/www.krafthand.de\\\/truck\\\/artikel\\\/ledlenser-af2r-work-handlampe-fuer-die-hosentasche-41770\\\/\"},\"wordCount\":130,\"image\":{\"@id\":\"https:\\\/\\\/www.krafthand.de\\\/truck\\\/artikel\\\/ledlenser-af2r-work-handlampe-fuer-die-hosentasche-41770\\\/#primaryimage\"},\"thumbnailUrl\":\"https:\\\/\\\/static.krafthand-truck.de\\\/uploads\\\/2025\\\/01\\\/LED_Lenser_AF2_Work_Lineal.jpg\",\"keywords\":[\"Handlampe\",\"LED-Arbeitsscheinwerfer\",\"Ledlenser\",\"Werkstattlampe\"],\"articleSection\":[\"Werkstattausr\u00fcstung\"],\"inLanguage\":\"de\"},{\"@type\":\"WebPage\",\"@id\":\"https:\\\/\\\/www.krafthand.de\\\/truck\\\/artikel\\\/ledlenser-af2r-work-handlampe-fuer-die-hosentasche-41770\\\/\",\"url\":\"https:\\\/\\\/www.krafthand.de\\\/truck\\\/artikel\\\/ledlenser-af2r-work-handlampe-fuer-die-hosentasche-41770\\\/\",\"name\":\"Ledlenser AF2R Work: Robuste Handlampe mit Mehrwert - Krafthand-Truck\",\"isPartOf\":{\"@id\":\"https:\\\/\\\/www.krafthand.de\\\/truck\\\/#website\"},\"primaryImageOfPage\":{\"@id\":\"https:\\\/\\\/www.krafthand.de\\\/truck\\\/artikel\\\/ledlenser-af2r-work-handlampe-fuer-die-hosentasche-41770\\\/#primaryimage\"},\"image\":{\"@id\":\"https:\\\/\\\/www.krafthand.de\\\/truck\\\/artikel\\\/ledlenser-af2r-work-handlampe-fuer-die-hosentasche-41770\\\/#primaryimage\"},\"thumbnailUrl\":\"https:\\\/\\\/static.krafthand-truck.de\\\/uploads\\\/2025\\\/01\\\/LED_Lenser_AF2_Work_Lineal.jpg\",\"datePublished\":\"2025-01-21T09:42:11+00:00\",\"dateModified\":\"2025-02-26T10:35:07+00:00\",\"author\":{\"@id\":\"https:\\\/\\\/www.krafthand.de\\\/truck\\\/#\\\/schema\\\/person\\\/51fa80b1c57034c4bf63f9f988fc24ce\"},\"description\":\"Mit der AF2R Work hat Ledlenser eine handliche LED-Leuchte vorgestellt.\",\"breadcrumb\":{\"@id\":\"https:\\\/\\\/www.krafthand.de\\\/truck\\\/artikel\\\/ledlenser-af2r-work-handlampe-fuer-die-hosentasche-41770\\\/#breadcrumb\"},\"inLanguage\":\"de\",\"potentialAction\":[{\"@type\":\"ReadAction\",\"target\":[\"https:\\\/\\\/www.krafthand.de\\\/truck\\\/artikel\\\/ledlenser-af2r-work-handlampe-fuer-die-hosentasche-41770\\\/\"]}]},{\"@type\":\"ImageObject\",\"inLanguage\":\"de\",\"@id\":\"https:\\\/\\\/www.krafthand.de\\\/truck\\\/artikel\\\/ledlenser-af2r-work-handlampe-fuer-die-hosentasche-41770\\\/#primaryimage\",\"url\":\"https:\\\/\\\/static.krafthand-truck.de\\\/uploads\\\/2025\\\/01\\\/LED_Lenser_AF2_Work_Lineal.jpg\",\"contentUrl\":\"https:\\\/\\\/static.krafthand-truck.de\\\/uploads\\\/2025\\\/01\\\/LED_Lenser_AF2_Work_Lineal.jpg\",\"width\":1200,\"height\":856},{\"@type\":\"BreadcrumbList\",\"@id\":\"https:\\\/\\\/www.krafthand.de\\\/truck\\\/artikel\\\/ledlenser-af2r-work-handlampe-fuer-die-hosentasche-41770\\\/#breadcrumb\",\"itemListElement\":[{\"@type\":\"ListItem\",\"position\":1,\"name\":\"Krafthand-Truck\",\"item\":\"https:\\\/\\\/www.krafthand.de\\\/truck\\\/\"},{\"@type\":\"ListItem\",\"position\":2,\"name\":\"Nfz-Service\",\"item\":\"https:\\\/\\\/www.krafthand.de\\\/truck\\\/kategorie\\\/nfz-service\\\/\"},{\"@type\":\"ListItem\",\"position\":3,\"name\":\"Werkstattausr\u00fcstung\",\"item\":\"https:\\\/\\\/www.krafthand.de\\\/truck\\\/kategorie\\\/nfz-service\\\/werkstattausruestung\\\/\"},{\"@type\":\"ListItem\",\"position\":4,\"name\":\"Ledlenser AF2R Work: Robuste Handlampe mit Mehrwert\"}]},{\"@type\":\"WebSite\",\"@id\":\"https:\\\/\\\/www.krafthand.de\\\/truck\\\/#website\",\"url\":\"https:\\\/\\\/www.krafthand.de\\\/truck\\\/\",\"name\":\"Krafthand-Truck\",\"description\":\"\",\"potentialAction\":[{\"@type\":\"SearchAction\",\"target\":{\"@type\":\"EntryPoint\",\"urlTemplate\":\"https:\\\/\\\/www.krafthand.de\\\/truck\\\/?s={search_term_string}\"},\"query-input\":{\"@type\":\"PropertyValueSpecification\",\"valueRequired\":true,\"valueName\":\"search_term_string\"}}],\"inLanguage\":\"de\"},{\"@type\":\"Person\",\"@id\":\"https:\\\/\\\/www.krafthand.de\\\/truck\\\/#\\\/schema\\\/person\\\/51fa80b1c57034c4bf63f9f988fc24ce\",\"name\":\"georg.blenk@krafthand-medien.de\",\"image\":{\"@type\":\"ImageObject\",\"inLanguage\":\"de\",\"@id\":\"https:\\\/\\\/secure.gravatar.com\\\/avatar\\\/93713c30affe0aa95d3a4130e499bb1abee2eb31adbdd9ce2aa1543538490215?s=96&d=mm&r=g\",\"url\":\"https:\\\/\\\/secure.gravatar.com\\\/avatar\\\/93713c30affe0aa95d3a4130e499bb1abee2eb31adbdd9ce2aa1543538490215?s=96&d=mm&r=g\",\"contentUrl\":\"https:\\\/\\\/secure.gravatar.com\\\/avatar\\\/93713c30affe0aa95d3a4130e499bb1abee2eb31adbdd9ce2aa1543538490215?s=96&d=mm&r=g\",\"caption\":\"georg.blenk@krafthand-medien.de\"}}]}<\/script>\n<!-- \/ Yoast SEO plugin. -->","yoast_head_json":{"title":"Ledlenser AF2R Work: Robuste Handlampe mit Mehrwert - Krafthand-Truck","description":"Mit der AF2R Work hat Ledlenser eine handliche LED-Leuchte vorgestellt.","robots":{"index":"index","follow":"follow","max-snippet":"max-snippet:-1","max-image-preview":"max-image-preview:large","max-video-preview":"max-video-preview:-1"},"canonical":"https:\/\/www.krafthand.de\/truck\/artikel\/ledlenser-af2r-work-handlampe-fuer-die-hosentasche-41770\/","og_locale":"de_DE","og_type":"article","og_title":"Ledlenser AF2R Work: Robuste Handlampe mit Mehrwert - Krafthand-Truck","og_description":"Mit der AF2R Work hat Ledlenser eine handliche LED-Leuchte vorgestellt.","og_url":"https:\/\/www.krafthand-truck.de\/artikel\/ledlenser-af2r-work-handlampe-fuer-die-hosentasche-41770\/","og_site_name":"Krafthand-Truck","article_published_time":"2025-01-21T09:42:11+00:00","article_modified_time":"2025-02-26T10:35:07+00:00","og_image":[{"width":1200,"height":856,"url":"https:\/\/static.krafthand-truck.de\/uploads\/2025\/01\/LED_Lenser_AF2_Work_Lineal.jpg","type":"image\/jpeg"}],"author":"georg.blenk@krafthand-medien.de","twitter_card":"summary_large_image","twitter_misc":{"Verfasst von":"georg.blenk@krafthand-medien.de","Gesch\u00e4tzte Lesezeit":"1\u00a0Minute"},"schema":{"@context":"https:\/\/schema.org","@graph":[{"@type":"Article","@id":"https:\/\/www.krafthand.de\/truck\/artikel\/ledlenser-af2r-work-handlampe-fuer-die-hosentasche-41770\/#article","isPartOf":{"@id":"https:\/\/www.krafthand.de\/truck\/artikel\/ledlenser-af2r-work-handlampe-fuer-die-hosentasche-41770\/"},"author":{"name":"georg.blenk@krafthand-medien.de","@id":"https:\/\/www.krafthand.de\/truck\/#\/schema\/person\/51fa80b1c57034c4bf63f9f988fc24ce"},"headline":"Ledlenser AF2R Work: Robuste Handlampe mit Mehrwert","datePublished":"2025-01-21T09:42:11+00:00","dateModified":"2025-02-26T10:35:07+00:00","mainEntityOfPage":{"@id":"https:\/\/www.krafthand.de\/truck\/artikel\/ledlenser-af2r-work-handlampe-fuer-die-hosentasche-41770\/"},"wordCount":130,"image":{"@id":"https:\/\/www.krafthand.de\/truck\/artikel\/ledlenser-af2r-work-handlampe-fuer-die-hosentasche-41770\/#primaryimage"},"thumbnailUrl":"https:\/\/static.krafthand-truck.de\/uploads\/2025\/01\/LED_Lenser_AF2_Work_Lineal.jpg","keywords":["Handlampe","LED-Arbeitsscheinwerfer","Ledlenser","Werkstattlampe"],"articleSection":["Werkstattausr\u00fcstung"],"inLanguage":"de"},{"@type":"WebPage","@id":"https:\/\/www.krafthand.de\/truck\/artikel\/ledlenser-af2r-work-handlampe-fuer-die-hosentasche-41770\/","url":"https:\/\/www.krafthand.de\/truck\/artikel\/ledlenser-af2r-work-handlampe-fuer-die-hosentasche-41770\/","name":"Ledlenser AF2R Work: Robuste Handlampe mit Mehrwert - Krafthand-Truck","isPartOf":{"@id":"https:\/\/www.krafthand.de\/truck\/#website"},"primaryImageOfPage":{"@id":"https:\/\/www.krafthand.de\/truck\/artikel\/ledlenser-af2r-work-handlampe-fuer-die-hosentasche-41770\/#primaryimage"},"image":{"@id":"https:\/\/www.krafthand.de\/truck\/artikel\/ledlenser-af2r-work-handlampe-fuer-die-hosentasche-41770\/#primaryimage"},"thumbnailUrl":"https:\/\/static.krafthand-truck.de\/uploads\/2025\/01\/LED_Lenser_AF2_Work_Lineal.jpg","datePublished":"2025-01-21T09:42:11+00:00","dateModified":"2025-02-26T10:35:07+00:00","author":{"@id":"https:\/\/www.krafthand.de\/truck\/#\/schema\/person\/51fa80b1c57034c4bf63f9f988fc24ce"},"description":"Mit der AF2R Work hat Ledlenser eine handliche LED-Leuchte vorgestellt.","breadcrumb":{"@id":"https:\/\/www.krafthand.de\/truck\/artikel\/ledlenser-af2r-work-handlampe-fuer-die-hosentasche-41770\/#breadcrumb"},"inLanguage":"de","potentialAction":[{"@type":"ReadAction","target":["https:\/\/www.krafthand.de\/truck\/artikel\/ledlenser-af2r-work-handlampe-fuer-die-hosentasche-41770\/"]}]},{"@type":"ImageObject","inLanguage":"de","@id":"https:\/\/www.krafthand.de\/truck\/artikel\/ledlenser-af2r-work-handlampe-fuer-die-hosentasche-41770\/#primaryimage","url":"https:\/\/static.krafthand-truck.de\/uploads\/2025\/01\/LED_Lenser_AF2_Work_Lineal.jpg","contentUrl":"https:\/\/static.krafthand-truck.de\/uploads\/2025\/01\/LED_Lenser_AF2_Work_Lineal.jpg","width":1200,"height":856},{"@type":"BreadcrumbList","@id":"https:\/\/www.krafthand.de\/truck\/artikel\/ledlenser-af2r-work-handlampe-fuer-die-hosentasche-41770\/#breadcrumb","itemListElement":[{"@type":"ListItem","position":1,"name":"Krafthand-Truck","item":"https:\/\/www.krafthand.de\/truck\/"},{"@type":"ListItem","position":2,"name":"Nfz-Service","item":"https:\/\/www.krafthand.de\/truck\/kategorie\/nfz-service\/"},{"@type":"ListItem","position":3,"name":"Werkstattausr\u00fcstung","item":"https:\/\/www.krafthand.de\/truck\/kategorie\/nfz-service\/werkstattausruestung\/"},{"@type":"ListItem","position":4,"name":"Ledlenser AF2R Work: Robuste Handlampe mit Mehrwert"}]},{"@type":"WebSite","@id":"https:\/\/www.krafthand.de\/truck\/#website","url":"https:\/\/www.krafthand.de\/truck\/","name":"Krafthand-Truck","description":"","potentialAction":[{"@type":"SearchAction","target":{"@type":"EntryPoint","urlTemplate":"https:\/\/www.krafthand.de\/truck\/?s={search_term_string}"},"query-input":{"@type":"PropertyValueSpecification","valueRequired":true,"valueName":"search_term_string"}}],"inLanguage":"de"},{"@type":"Person","@id":"https:\/\/www.krafthand.de\/truck\/#\/schema\/person\/51fa80b1c57034c4bf63f9f988fc24ce","name":"georg.blenk@krafthand-medien.de","image":{"@type":"ImageObject","inLanguage":"de","@id":"https:\/\/secure.gravatar.com\/avatar\/93713c30affe0aa95d3a4130e499bb1abee2eb31adbdd9ce2aa1543538490215?s=96&d=mm&r=g","url":"https:\/\/secure.gravatar.com\/avatar\/93713c30affe0aa95d3a4130e499bb1abee2eb31adbdd9ce2aa1543538490215?s=96&d=mm&r=g","contentUrl":"https:\/\/secure.gravatar.com\/avatar\/93713c30affe0aa95d3a4130e499bb1abee2eb31adbdd9ce2aa1543538490215?s=96&d=mm&r=g","caption":"georg.blenk@krafthand-medien.de"}}]}},"_links":{"self":[{"href":"https:\/\/www.krafthand.de\/truck\/wp-json\/wp\/v2\/posts\/41770","targetHints":{"allow":["GET"]}}],"collection":[{"href":"https:\/\/www.krafthand.de\/truck\/wp-json\/wp\/v2\/posts"}],"about":[{"href":"https:\/\/www.krafthand.de\/truck\/wp-json\/wp\/v2\/types\/post"}],"author":[{"embeddable":true,"href":"https:\/\/www.krafthand.de\/truck\/wp-json\/wp\/v2\/users\/9"}],"replies":[{"embeddable":true,"href":"https:\/\/www.krafthand.de\/truck\/wp-json\/wp\/v2\/comments?post=41770"}],"version-history":[{"count":13,"href":"https:\/\/www.krafthand.de\/truck\/wp-json\/wp\/v2\/posts\/41770\/revisions"}],"predecessor-version":[{"id":42163,"href":"https:\/\/www.krafthand.de\/truck\/wp-json\/wp\/v2\/posts\/41770\/revisions\/42163"}],"wp:featuredmedia":[{"embeddable":true,"href":"https:\/\/www.krafthand.de\/truck\/wp-json\/wp\/v2\/media\/41772"}],"wp:attachment":[{"href":"https:\/\/www.krafthand.de\/truck\/wp-json\/wp\/v2\/media?parent=41770"}],"wp:term":[{"taxonomy":"category","embeddable":true,"href":"https:\/\/www.krafthand.de\/truck\/wp-json\/wp\/v2\/categories?post=41770"},{"taxonomy":"post_tag","embeddable":true,"href":"https:\/\/www.krafthand.de\/truck\/wp-json\/wp\/v2\/tags?post=41770"},{"taxonomy":"settings","embeddable":true,"href":"https:\/\/www.krafthand.de\/truck\/wp-json\/wp\/v2\/settings?post=41770"}],"curies":[{"name":"wp","href":"https:\/\/api.w.org\/{rel}","templated":true}]}}