{"id":41745,"date":"2025-01-20T10:04:14","date_gmt":"2025-01-20T09:04:14","guid":{"rendered":"https:\/\/www.krafthand.de\/truck\/?p=41745"},"modified":"2025-01-20T10:04:14","modified_gmt":"2025-01-20T09:04:14","slug":"maha-ist-weltmarktfuehrer-champion","status":"publish","type":"post","link":"https:\/\/www.krafthand.de\/truck\/artikel\/maha-ist-weltmarktfuehrer-champion-41745\/","title":{"rendered":"MAHA ist &#8218;Weltmarktf\u00fchrer Champion&#8216;"},"content":{"rendered":"<p>Das Allg\u00e4uer Spezialist f\u00fcr Hebe- und Pr\u00fcftechnik MAHA wurde von der Universit\u00e4t St. Gallen und der WirtschaftsWoche zum &#8218;Weltmarktf\u00fchrer Champion&#8216; im Bereich Werkstatt- und Kraftfahrzeugpr\u00fcfausr\u00fcstung gew\u00e4hlt. Es ist bereits das achte Mal, das MAHA diese Auszeichnung entgegennehmen darf.<\/p>\n<p>Grundlage f\u00fcr die Entscheidung sei eine umfassende Analyse durch die Universit\u00e4t St. Gallen in Zusammenarbeit mit der WirtschaftsWoche. Aus einer Datenbank von rund 1.300 potenziellen Spitzenunternehmen wurden diejenigen ausgew\u00e4hlt, die in ihrem jeweiligen Marktsegment weltweit f\u00fchrend sind.<\/p>\n<p>Die strengen Kriterien f\u00fcr die Aufnahme in den Index umfassen unter anderem, dass Unternehmen beim Umsatz die Nummer eins oder zwei in mindestens einem relevanten Marktsegment sein und mindestens 50 Prozent ihres Umsatzes im Ausland und auf drei Kontinenten erzielen m\u00fcssen. <a href=\"https:\/\/www.maha.de\/de\" target=\"_blank\" rel=\"noopener\">MAHA<\/a> erf\u00fclle diese Kriterien und behaupte sich damit erneut in der globalen Spitzengruppe der Branche. Dabei gew\u00e4hrleiste die Akademie Deutscher Weltmarktf\u00fchrer, unter der Leitung des ehemaligen baden-w\u00fcrttembergischen Wirtschaftsministers Walter D\u00f6ring sowie die wissenschaftliche Leitung durch Prof. Christoph M\u00fcller mit seinem Team der <a href=\"https:\/\/www.unisg.ch\/de\/\" target=\"_blank\" rel=\"noopener\">Universit\u00e4t St. Gallen<\/a>, die Objektivit\u00e4t und Qualit\u00e4t der Auswahl.<\/p>\n<blockquote><p>\u201eWir sind stolz darauf, erneut als Weltmarktf\u00fchrer anerkannt zu werden. Diese Auszeichnung ist ein Beweis f\u00fcr die harte Arbeit und das Engagement unseres gesamten Teams\u201c, betont Dr. Peter Geigle, Gesch\u00e4ftsf\u00fchrer von MAHA. \u201eUnsere Innovationskraft, unser Streben nach Exzellenz und die starke Partnerschaft mit unseren H\u00e4ndlern und Kunden haben diesen Erfolg m\u00f6glich gemacht.\u201c<\/p><\/blockquote>\n<p>Das Ranking der Weltmarktf\u00fchrer wurde online und auch in einer Spezialausgabe der <a href=\"https:\/\/www.wiwo.de\" target=\"_blank\" rel=\"noopener\">WirtschaftsWoche<\/a> mit dem Titel &#8218;Die 500 heimlichen Weltmarktf\u00fchrer 2025&#8216; publiziert.<\/p>\n","protected":false},"excerpt":{"rendered":"<p>Das Allg\u00e4uer Spezialist f\u00fcr Hebe- und Pr\u00fcftechnik MAHA wurde von der Universit\u00e4t St. Gallen und der WirtschaftsWoche mit dem Titel &#8218;Weltmarktf\u00fchrer Champion&#8216; im Bereich Werkstatt- und Kraftfahrzeugpr\u00fcfausr\u00fcstung ausgezeichnet. <span class=\"excerpt-more__dots\">&#8230;<\/span> <a class=\"excerpt-more__link\" href=\"https:\/\/www.krafthand.de\/truck\/artikel\/maha-ist-weltmarktfuehrer-champion-41745\/\" >weiter<\/a><\/p>\n","protected":false},"author":9,"featured_media":41751,"comment_status":"closed","ping_status":"closed","sticky":false,"template":"","format":"standard","meta":{"footnotes":""},"categories":[4235],"tags":[3204,3289,1358,395],"settings":[4766,3523],"class_list":["post-41745","post","type-post","status-publish","format-standard","has-post-thumbnail","hentry","category-unternehmen","tag-bremspruefstand","tag-hebebuehne","tag-hebetechnik","tag-maha"],"yoast_head":"<!-- This site is optimized with the Yoast SEO plugin v27.3 - https:\/\/yoast.com\/product\/yoast-seo-wordpress\/ -->\n<title>MAHA ist &#039;Weltmarktf\u00fchrer Champion&#039; - Krafthand-Truck<\/title>\n<meta name=\"description\" content=\"MAHA wurde von der Uni St. Gallen und der WirtschaftsWoche zum &#039;Weltmarktf\u00fchrer Champion&#039; im Bereich Werkstatt- und Kraftfahrzeugpr\u00fcfausr\u00fcstung gew\u00e4hlt.\" \/>\n<meta name=\"robots\" content=\"index, follow, max-snippet:-1, max-image-preview:large, max-video-preview:-1\" \/>\n<link rel=\"canonical\" href=\"https:\/\/www.krafthand.de\/truck\/artikel\/maha-ist-weltmarktfuehrer-champion-41745\/\" \/>\n<meta property=\"og:locale\" content=\"de_DE\" \/>\n<meta property=\"og:type\" content=\"article\" \/>\n<meta property=\"og:title\" content=\"MAHA ist &#039;Weltmarktf\u00fchrer Champion&#039; - Krafthand-Truck\" \/>\n<meta property=\"og:description\" content=\"MAHA wurde von der Uni St. Gallen und der WirtschaftsWoche zum &#039;Weltmarktf\u00fchrer Champion&#039; im Bereich Werkstatt- und Kraftfahrzeugpr\u00fcfausr\u00fcstung gew\u00e4hlt.\" \/>\n<meta property=\"og:url\" content=\"https:\/\/www.krafthand-truck.de\/artikel\/maha-ist-weltmarktfuehrer-champion-41745\/\" \/>\n<meta property=\"og:site_name\" content=\"Krafthand-Truck\" \/>\n<meta property=\"article:published_time\" content=\"2025-01-20T09:04:14+00:00\" \/>\n<meta property=\"og:image\" content=\"https:\/\/static.krafthand-truck.de\/uploads\/2025\/01\/Maha_Weltmarktfuehrer_Wirtschaftswoche_Uni_St_Gallen.jpg\" \/>\n\t<meta property=\"og:image:width\" content=\"1200\" \/>\n\t<meta property=\"og:image:height\" content=\"706\" \/>\n\t<meta property=\"og:image:type\" content=\"image\/jpeg\" \/>\n<meta name=\"author\" content=\"georg.blenk@krafthand-medien.de\" \/>\n<meta name=\"twitter:card\" content=\"summary_large_image\" \/>\n<meta name=\"twitter:label1\" content=\"Verfasst von\" \/>\n\t<meta name=\"twitter:data1\" content=\"georg.blenk@krafthand-medien.de\" \/>\n\t<meta name=\"twitter:label2\" content=\"Gesch\u00e4tzte Lesezeit\" \/>\n\t<meta name=\"twitter:data2\" content=\"2\u00a0Minuten\" \/>\n<script type=\"application\/ld+json\" class=\"yoast-schema-graph\">{\"@context\":\"https:\\\/\\\/schema.org\",\"@graph\":[{\"@type\":\"Article\",\"@id\":\"https:\\\/\\\/www.krafthand.de\\\/truck\\\/artikel\\\/maha-ist-weltmarktfuehrer-champion-41745\\\/#article\",\"isPartOf\":{\"@id\":\"https:\\\/\\\/www.krafthand.de\\\/truck\\\/artikel\\\/maha-ist-weltmarktfuehrer-champion-41745\\\/\"},\"author\":{\"name\":\"georg.blenk@krafthand-medien.de\",\"@id\":\"https:\\\/\\\/www.krafthand.de\\\/truck\\\/#\\\/schema\\\/person\\\/51fa80b1c57034c4bf63f9f988fc24ce\"},\"headline\":\"MAHA ist &#8218;Weltmarktf\u00fchrer Champion&#8216;\",\"datePublished\":\"2025-01-20T09:04:14+00:00\",\"mainEntityOfPage\":{\"@id\":\"https:\\\/\\\/www.krafthand.de\\\/truck\\\/artikel\\\/maha-ist-weltmarktfuehrer-champion-41745\\\/\"},\"wordCount\":273,\"image\":{\"@id\":\"https:\\\/\\\/www.krafthand.de\\\/truck\\\/artikel\\\/maha-ist-weltmarktfuehrer-champion-41745\\\/#primaryimage\"},\"thumbnailUrl\":\"https:\\\/\\\/static.krafthand-truck.de\\\/uploads\\\/2025\\\/01\\\/Maha_Weltmarktfuehrer_Wirtschaftswoche_Uni_St_Gallen.jpg\",\"keywords\":[\"Bremspr\u00fcfstand\",\"Hebeb\u00fchne\",\"Hebetechnik\",\"Maha\"],\"articleSection\":[\"Unternehmen\"],\"inLanguage\":\"de\"},{\"@type\":\"WebPage\",\"@id\":\"https:\\\/\\\/www.krafthand.de\\\/truck\\\/artikel\\\/maha-ist-weltmarktfuehrer-champion-41745\\\/\",\"url\":\"https:\\\/\\\/www.krafthand.de\\\/truck\\\/artikel\\\/maha-ist-weltmarktfuehrer-champion-41745\\\/\",\"name\":\"MAHA ist 'Weltmarktf\u00fchrer Champion' - Krafthand-Truck\",\"isPartOf\":{\"@id\":\"https:\\\/\\\/www.krafthand.de\\\/truck\\\/#website\"},\"primaryImageOfPage\":{\"@id\":\"https:\\\/\\\/www.krafthand.de\\\/truck\\\/artikel\\\/maha-ist-weltmarktfuehrer-champion-41745\\\/#primaryimage\"},\"image\":{\"@id\":\"https:\\\/\\\/www.krafthand.de\\\/truck\\\/artikel\\\/maha-ist-weltmarktfuehrer-champion-41745\\\/#primaryimage\"},\"thumbnailUrl\":\"https:\\\/\\\/static.krafthand-truck.de\\\/uploads\\\/2025\\\/01\\\/Maha_Weltmarktfuehrer_Wirtschaftswoche_Uni_St_Gallen.jpg\",\"datePublished\":\"2025-01-20T09:04:14+00:00\",\"author\":{\"@id\":\"https:\\\/\\\/www.krafthand.de\\\/truck\\\/#\\\/schema\\\/person\\\/51fa80b1c57034c4bf63f9f988fc24ce\"},\"description\":\"MAHA wurde von der Uni St. Gallen und der WirtschaftsWoche zum 'Weltmarktf\u00fchrer Champion' im Bereich Werkstatt- und Kraftfahrzeugpr\u00fcfausr\u00fcstung gew\u00e4hlt.\",\"breadcrumb\":{\"@id\":\"https:\\\/\\\/www.krafthand.de\\\/truck\\\/artikel\\\/maha-ist-weltmarktfuehrer-champion-41745\\\/#breadcrumb\"},\"inLanguage\":\"de\",\"potentialAction\":[{\"@type\":\"ReadAction\",\"target\":[\"https:\\\/\\\/www.krafthand.de\\\/truck\\\/artikel\\\/maha-ist-weltmarktfuehrer-champion-41745\\\/\"]}]},{\"@type\":\"ImageObject\",\"inLanguage\":\"de\",\"@id\":\"https:\\\/\\\/www.krafthand.de\\\/truck\\\/artikel\\\/maha-ist-weltmarktfuehrer-champion-41745\\\/#primaryimage\",\"url\":\"https:\\\/\\\/static.krafthand-truck.de\\\/uploads\\\/2025\\\/01\\\/Maha_Weltmarktfuehrer_Wirtschaftswoche_Uni_St_Gallen.jpg\",\"contentUrl\":\"https:\\\/\\\/static.krafthand-truck.de\\\/uploads\\\/2025\\\/01\\\/Maha_Weltmarktfuehrer_Wirtschaftswoche_Uni_St_Gallen.jpg\",\"width\":1200,\"height\":706},{\"@type\":\"BreadcrumbList\",\"@id\":\"https:\\\/\\\/www.krafthand.de\\\/truck\\\/artikel\\\/maha-ist-weltmarktfuehrer-champion-41745\\\/#breadcrumb\",\"itemListElement\":[{\"@type\":\"ListItem\",\"position\":1,\"name\":\"Krafthand-Truck\",\"item\":\"https:\\\/\\\/www.krafthand.de\\\/truck\\\/\"},{\"@type\":\"ListItem\",\"position\":2,\"name\":\"Nfz-Branche\",\"item\":\"https:\\\/\\\/www.krafthand.de\\\/truck\\\/kategorie\\\/branche\\\/\"},{\"@type\":\"ListItem\",\"position\":3,\"name\":\"Unternehmen\",\"item\":\"https:\\\/\\\/www.krafthand.de\\\/truck\\\/kategorie\\\/branche\\\/unternehmen\\\/\"},{\"@type\":\"ListItem\",\"position\":4,\"name\":\"MAHA ist &#8218;Weltmarktf\u00fchrer Champion&#8216;\"}]},{\"@type\":\"WebSite\",\"@id\":\"https:\\\/\\\/www.krafthand.de\\\/truck\\\/#website\",\"url\":\"https:\\\/\\\/www.krafthand.de\\\/truck\\\/\",\"name\":\"Krafthand-Truck\",\"description\":\"\",\"potentialAction\":[{\"@type\":\"SearchAction\",\"target\":{\"@type\":\"EntryPoint\",\"urlTemplate\":\"https:\\\/\\\/www.krafthand.de\\\/truck\\\/?s={search_term_string}\"},\"query-input\":{\"@type\":\"PropertyValueSpecification\",\"valueRequired\":true,\"valueName\":\"search_term_string\"}}],\"inLanguage\":\"de\"},{\"@type\":\"Person\",\"@id\":\"https:\\\/\\\/www.krafthand.de\\\/truck\\\/#\\\/schema\\\/person\\\/51fa80b1c57034c4bf63f9f988fc24ce\",\"name\":\"georg.blenk@krafthand-medien.de\",\"image\":{\"@type\":\"ImageObject\",\"inLanguage\":\"de\",\"@id\":\"https:\\\/\\\/secure.gravatar.com\\\/avatar\\\/93713c30affe0aa95d3a4130e499bb1abee2eb31adbdd9ce2aa1543538490215?s=96&d=mm&r=g\",\"url\":\"https:\\\/\\\/secure.gravatar.com\\\/avatar\\\/93713c30affe0aa95d3a4130e499bb1abee2eb31adbdd9ce2aa1543538490215?s=96&d=mm&r=g\",\"contentUrl\":\"https:\\\/\\\/secure.gravatar.com\\\/avatar\\\/93713c30affe0aa95d3a4130e499bb1abee2eb31adbdd9ce2aa1543538490215?s=96&d=mm&r=g\",\"caption\":\"georg.blenk@krafthand-medien.de\"}}]}<\/script>\n<!-- \/ Yoast SEO plugin. -->","yoast_head_json":{"title":"MAHA ist 'Weltmarktf\u00fchrer Champion' - Krafthand-Truck","description":"MAHA wurde von der Uni St. Gallen und der WirtschaftsWoche zum 'Weltmarktf\u00fchrer Champion' im Bereich Werkstatt- und Kraftfahrzeugpr\u00fcfausr\u00fcstung gew\u00e4hlt.","robots":{"index":"index","follow":"follow","max-snippet":"max-snippet:-1","max-image-preview":"max-image-preview:large","max-video-preview":"max-video-preview:-1"},"canonical":"https:\/\/www.krafthand.de\/truck\/artikel\/maha-ist-weltmarktfuehrer-champion-41745\/","og_locale":"de_DE","og_type":"article","og_title":"MAHA ist 'Weltmarktf\u00fchrer Champion' - Krafthand-Truck","og_description":"MAHA wurde von der Uni St. Gallen und der WirtschaftsWoche zum 'Weltmarktf\u00fchrer Champion' im Bereich Werkstatt- und Kraftfahrzeugpr\u00fcfausr\u00fcstung gew\u00e4hlt.","og_url":"https:\/\/www.krafthand-truck.de\/artikel\/maha-ist-weltmarktfuehrer-champion-41745\/","og_site_name":"Krafthand-Truck","article_published_time":"2025-01-20T09:04:14+00:00","og_image":[{"width":1200,"height":706,"url":"https:\/\/static.krafthand-truck.de\/uploads\/2025\/01\/Maha_Weltmarktfuehrer_Wirtschaftswoche_Uni_St_Gallen.jpg","type":"image\/jpeg"}],"author":"georg.blenk@krafthand-medien.de","twitter_card":"summary_large_image","twitter_misc":{"Verfasst von":"georg.blenk@krafthand-medien.de","Gesch\u00e4tzte Lesezeit":"2\u00a0Minuten"},"schema":{"@context":"https:\/\/schema.org","@graph":[{"@type":"Article","@id":"https:\/\/www.krafthand.de\/truck\/artikel\/maha-ist-weltmarktfuehrer-champion-41745\/#article","isPartOf":{"@id":"https:\/\/www.krafthand.de\/truck\/artikel\/maha-ist-weltmarktfuehrer-champion-41745\/"},"author":{"name":"georg.blenk@krafthand-medien.de","@id":"https:\/\/www.krafthand.de\/truck\/#\/schema\/person\/51fa80b1c57034c4bf63f9f988fc24ce"},"headline":"MAHA ist &#8218;Weltmarktf\u00fchrer Champion&#8216;","datePublished":"2025-01-20T09:04:14+00:00","mainEntityOfPage":{"@id":"https:\/\/www.krafthand.de\/truck\/artikel\/maha-ist-weltmarktfuehrer-champion-41745\/"},"wordCount":273,"image":{"@id":"https:\/\/www.krafthand.de\/truck\/artikel\/maha-ist-weltmarktfuehrer-champion-41745\/#primaryimage"},"thumbnailUrl":"https:\/\/static.krafthand-truck.de\/uploads\/2025\/01\/Maha_Weltmarktfuehrer_Wirtschaftswoche_Uni_St_Gallen.jpg","keywords":["Bremspr\u00fcfstand","Hebeb\u00fchne","Hebetechnik","Maha"],"articleSection":["Unternehmen"],"inLanguage":"de"},{"@type":"WebPage","@id":"https:\/\/www.krafthand.de\/truck\/artikel\/maha-ist-weltmarktfuehrer-champion-41745\/","url":"https:\/\/www.krafthand.de\/truck\/artikel\/maha-ist-weltmarktfuehrer-champion-41745\/","name":"MAHA ist 'Weltmarktf\u00fchrer Champion' - Krafthand-Truck","isPartOf":{"@id":"https:\/\/www.krafthand.de\/truck\/#website"},"primaryImageOfPage":{"@id":"https:\/\/www.krafthand.de\/truck\/artikel\/maha-ist-weltmarktfuehrer-champion-41745\/#primaryimage"},"image":{"@id":"https:\/\/www.krafthand.de\/truck\/artikel\/maha-ist-weltmarktfuehrer-champion-41745\/#primaryimage"},"thumbnailUrl":"https:\/\/static.krafthand-truck.de\/uploads\/2025\/01\/Maha_Weltmarktfuehrer_Wirtschaftswoche_Uni_St_Gallen.jpg","datePublished":"2025-01-20T09:04:14+00:00","author":{"@id":"https:\/\/www.krafthand.de\/truck\/#\/schema\/person\/51fa80b1c57034c4bf63f9f988fc24ce"},"description":"MAHA wurde von der Uni St. Gallen und der WirtschaftsWoche zum 'Weltmarktf\u00fchrer Champion' im Bereich Werkstatt- und Kraftfahrzeugpr\u00fcfausr\u00fcstung gew\u00e4hlt.","breadcrumb":{"@id":"https:\/\/www.krafthand.de\/truck\/artikel\/maha-ist-weltmarktfuehrer-champion-41745\/#breadcrumb"},"inLanguage":"de","potentialAction":[{"@type":"ReadAction","target":["https:\/\/www.krafthand.de\/truck\/artikel\/maha-ist-weltmarktfuehrer-champion-41745\/"]}]},{"@type":"ImageObject","inLanguage":"de","@id":"https:\/\/www.krafthand.de\/truck\/artikel\/maha-ist-weltmarktfuehrer-champion-41745\/#primaryimage","url":"https:\/\/static.krafthand-truck.de\/uploads\/2025\/01\/Maha_Weltmarktfuehrer_Wirtschaftswoche_Uni_St_Gallen.jpg","contentUrl":"https:\/\/static.krafthand-truck.de\/uploads\/2025\/01\/Maha_Weltmarktfuehrer_Wirtschaftswoche_Uni_St_Gallen.jpg","width":1200,"height":706},{"@type":"BreadcrumbList","@id":"https:\/\/www.krafthand.de\/truck\/artikel\/maha-ist-weltmarktfuehrer-champion-41745\/#breadcrumb","itemListElement":[{"@type":"ListItem","position":1,"name":"Krafthand-Truck","item":"https:\/\/www.krafthand.de\/truck\/"},{"@type":"ListItem","position":2,"name":"Nfz-Branche","item":"https:\/\/www.krafthand.de\/truck\/kategorie\/branche\/"},{"@type":"ListItem","position":3,"name":"Unternehmen","item":"https:\/\/www.krafthand.de\/truck\/kategorie\/branche\/unternehmen\/"},{"@type":"ListItem","position":4,"name":"MAHA ist &#8218;Weltmarktf\u00fchrer Champion&#8216;"}]},{"@type":"WebSite","@id":"https:\/\/www.krafthand.de\/truck\/#website","url":"https:\/\/www.krafthand.de\/truck\/","name":"Krafthand-Truck","description":"","potentialAction":[{"@type":"SearchAction","target":{"@type":"EntryPoint","urlTemplate":"https:\/\/www.krafthand.de\/truck\/?s={search_term_string}"},"query-input":{"@type":"PropertyValueSpecification","valueRequired":true,"valueName":"search_term_string"}}],"inLanguage":"de"},{"@type":"Person","@id":"https:\/\/www.krafthand.de\/truck\/#\/schema\/person\/51fa80b1c57034c4bf63f9f988fc24ce","name":"georg.blenk@krafthand-medien.de","image":{"@type":"ImageObject","inLanguage":"de","@id":"https:\/\/secure.gravatar.com\/avatar\/93713c30affe0aa95d3a4130e499bb1abee2eb31adbdd9ce2aa1543538490215?s=96&d=mm&r=g","url":"https:\/\/secure.gravatar.com\/avatar\/93713c30affe0aa95d3a4130e499bb1abee2eb31adbdd9ce2aa1543538490215?s=96&d=mm&r=g","contentUrl":"https:\/\/secure.gravatar.com\/avatar\/93713c30affe0aa95d3a4130e499bb1abee2eb31adbdd9ce2aa1543538490215?s=96&d=mm&r=g","caption":"georg.blenk@krafthand-medien.de"}}]}},"_links":{"self":[{"href":"https:\/\/www.krafthand.de\/truck\/wp-json\/wp\/v2\/posts\/41745","targetHints":{"allow":["GET"]}}],"collection":[{"href":"https:\/\/www.krafthand.de\/truck\/wp-json\/wp\/v2\/posts"}],"about":[{"href":"https:\/\/www.krafthand.de\/truck\/wp-json\/wp\/v2\/types\/post"}],"author":[{"embeddable":true,"href":"https:\/\/www.krafthand.de\/truck\/wp-json\/wp\/v2\/users\/9"}],"replies":[{"embeddable":true,"href":"https:\/\/www.krafthand.de\/truck\/wp-json\/wp\/v2\/comments?post=41745"}],"version-history":[{"count":6,"href":"https:\/\/www.krafthand.de\/truck\/wp-json\/wp\/v2\/posts\/41745\/revisions"}],"predecessor-version":[{"id":41752,"href":"https:\/\/www.krafthand.de\/truck\/wp-json\/wp\/v2\/posts\/41745\/revisions\/41752"}],"wp:featuredmedia":[{"embeddable":true,"href":"https:\/\/www.krafthand.de\/truck\/wp-json\/wp\/v2\/media\/41751"}],"wp:attachment":[{"href":"https:\/\/www.krafthand.de\/truck\/wp-json\/wp\/v2\/media?parent=41745"}],"wp:term":[{"taxonomy":"category","embeddable":true,"href":"https:\/\/www.krafthand.de\/truck\/wp-json\/wp\/v2\/categories?post=41745"},{"taxonomy":"post_tag","embeddable":true,"href":"https:\/\/www.krafthand.de\/truck\/wp-json\/wp\/v2\/tags?post=41745"},{"taxonomy":"settings","embeddable":true,"href":"https:\/\/www.krafthand.de\/truck\/wp-json\/wp\/v2\/settings?post=41745"}],"curies":[{"name":"wp","href":"https:\/\/api.w.org\/{rel}","templated":true}]}}