{"id":41731,"date":"2025-01-16T11:02:18","date_gmt":"2025-01-16T10:02:18","guid":{"rendered":"https:\/\/www.krafthand.de\/truck\/?p=41731"},"modified":"2025-01-16T11:10:16","modified_gmt":"2025-01-16T10:10:16","slug":"scania-ceo-levin-uebernimmt-den-vorsitz-des-acea-boards-nfz-die-politischen-entscheidungstraeger-muessen-den-wandel-unterstuetzen","status":"publish","type":"post","link":"https:\/\/www.krafthand.de\/truck\/artikel\/scania-ceo-levin-uebernimmt-den-vorsitz-des-acea-boards-nfz-die-politischen-entscheidungstraeger-muessen-den-wandel-unterstuetzen-41731\/","title":{"rendered":"Scania-CEO Levin \u00fcbernimmt den Vorsitz des ACEA-Boards Nfz: &#8222;Die politischen Entscheidungstr\u00e4ger m\u00fcssen den Wandel unterst\u00fctzen.&#8220;"},"content":{"rendered":"<p>Der Verband der europ\u00e4ischen Automobilhersteller (<a href=\"https:\/\/www.acea.auto\" target=\"_blank\" rel=\"noopener\">ACEA<\/a>) hat k\u00fcrzlich bekannt gegeben, dass Christian Levin, Pr\u00e4sident und CEO von Scania, zum neuen Vorsitzenden des Commercial Vehicles Board gew\u00e4hlt wurde. Levin \u00fcbernimmt f\u00fcr das Jahr 2025 die Funktion von Harald Seidel, Pr\u00e4sident von DAF Trucks.<\/p>\n<p><em>&#8222;Unsere Branche arbeitet in einem stark regulierten Umfeld, w\u00e4hrend sie gleichzeitig einem intensiven Wettbewerb auf der globalen B\u00fchne ausgesetzt ist. Heute durchl\u00e4uft sie den transformativsten Wandel in ihrer Geschichte: den \u00dcbergang von konventionellen Verbrennungsmotoren zu emissionsfreien Antrieben. Dies ist eine monumentale Herausforderung \u2013 eine, die die komplette Neugestaltung eines gesamten \u00d6kosystems erfordert. Von Lieferanten und Kunden bis hin zu Energieversorgern, Netzbetreibern und politischen Entscheidungstr\u00e4gern \u2013 alle Beteiligten m\u00fcssen sich synchron auf ein gemeinsames Ziel zubewegen&#8220;<\/em>, erkl\u00e4rt Levin.<\/p>\n<blockquote><p>&#8222;Damit dieser \u00dcbergang gelingt, m\u00fcssen Richtlinien und Vorschriften zukunftsorientiert, pragmatisch und relevant sein. Mutige, vision\u00e4re Ziele sind unerl\u00e4sslich, um den Weg zu weisen, aber sie m\u00fcssen mit g\u00fcnstigen Bedingungen und vorhersehbaren, langfristigen Anreizen einhergehen, um Stabilit\u00e4t zu schaffen und Investitionen anzukurbeln.&#8220;<\/p><\/blockquote>\n<p>Ein \u00dcbergang dieser Gr\u00f6\u00dfenordnung sei sowohl in Bezug auf den Ehrgeiz als auch auf die Geschwindigkeit beispiellos. Es gelte erhebliche Herausforderungen zu meistern und erfordere eine starke Fokussierung, Zusammenarbeit und ein mutiges Handeln, um den Wandel zu bew\u00e4ltigen und gleichzeitig die Wettbewerbsf\u00e4higkeit der Branche zu verteidigen. &#8222;Die politischen Entscheidungstr\u00e4ger m\u00fcssten sicherstellen, dass der regulatorische Rahmen auf europ\u00e4ischer Ebene und auf der Ebene der Mitgliedstaaten vollst\u00e4ndig aufeinander abgestimmt ist und den Wandel der Branche unterst\u00fctzt&#8220;, so Levin.<\/p>\n","protected":false},"excerpt":{"rendered":"<p>Der Verband der europ\u00e4ischen Automobilhersteller (ACEA) hat k\u00fcrzlich bekannt gegeben, dass Christian Levin, Pr\u00e4sident und CEO von Scania, zum neuen Vorsitzenden des Commercial Vehicles Board gew\u00e4hlt wurde. Levin \u00fcbernimmt f\u00fcr das Jahr 2025 die Funktion von Harald Seidel, Pr\u00e4sident von DAF Trucks. <span class=\"excerpt-more__dots\">&#8230;<\/span> <a class=\"excerpt-more__link\" href=\"https:\/\/www.krafthand.de\/truck\/artikel\/scania-ceo-levin-uebernimmt-den-vorsitz-des-acea-boards-nfz-die-politischen-entscheidungstraeger-muessen-den-wandel-unterstuetzen-41731\/\" >weiter<\/a><\/p>\n","protected":false},"author":9,"featured_media":41735,"comment_status":"closed","ping_status":"closed","sticky":false,"template":"","format":"standard","meta":{"footnotes":""},"categories":[4245],"tags":[4139,4976,839,5825,4727,136],"settings":[4766,3523],"class_list":["post-41731","post","type-post","status-publish","format-standard","has-post-thumbnail","hentry","category-verbaende","tag-acea","tag-christian-levin","tag-daf","tag-harald-seidel","tag-hildegard-mueller","tag-scania"],"yoast_head":"<!-- This site is optimized with the Yoast SEO plugin v27.3 - https:\/\/yoast.com\/product\/yoast-seo-wordpress\/ -->\n<title>Christian Levin neuer Vorsitzender des ACEA-Boards Nfz 2025<\/title>\n<meta name=\"description\" content=\"Christian Levin, Pr\u00e4sident und CEO von Scania wurde zum neuen Vorsitzenden des ACEA Commercial Vehicles Board gew\u00e4hlt.\" \/>\n<meta name=\"robots\" content=\"index, follow, max-snippet:-1, max-image-preview:large, max-video-preview:-1\" \/>\n<link rel=\"canonical\" href=\"https:\/\/www.krafthand.de\/truck\/artikel\/scania-ceo-levin-uebernimmt-den-vorsitz-des-acea-boards-nfz-die-politischen-entscheidungstraeger-muessen-den-wandel-unterstuetzen-41731\/\" \/>\n<meta property=\"og:locale\" content=\"de_DE\" \/>\n<meta property=\"og:type\" content=\"article\" \/>\n<meta property=\"og:title\" content=\"Christian Levin neuer Vorsitzender des ACEA-Boards Nfz 2025\" \/>\n<meta property=\"og:description\" content=\"Christian Levin, Pr\u00e4sident und CEO von Scania wurde zum neuen Vorsitzenden des ACEA Commercial Vehicles Board gew\u00e4hlt.\" \/>\n<meta property=\"og:url\" content=\"https:\/\/www.krafthand-truck.de\/artikel\/scania-ceo-levin-uebernimmt-den-vorsitz-des-acea-boards-nfz-die-politischen-entscheidungstraeger-muessen-den-wandel-unterstuetzen-41731\/\" \/>\n<meta property=\"og:site_name\" content=\"Krafthand-Truck\" \/>\n<meta property=\"article:published_time\" content=\"2025-01-16T10:02:18+00:00\" \/>\n<meta property=\"article:modified_time\" content=\"2025-01-16T10:10:16+00:00\" \/>\n<meta property=\"og:image\" content=\"https:\/\/static.krafthand-truck.de\/uploads\/2025\/01\/Christian_Levin_ACEA_CV_Chairman.jpg\" \/>\n\t<meta property=\"og:image:width\" content=\"1200\" \/>\n\t<meta property=\"og:image:height\" content=\"846\" \/>\n\t<meta property=\"og:image:type\" content=\"image\/jpeg\" \/>\n<meta name=\"author\" content=\"georg.blenk@krafthand-medien.de\" \/>\n<meta name=\"twitter:card\" content=\"summary_large_image\" \/>\n<meta name=\"twitter:label1\" content=\"Verfasst von\" \/>\n\t<meta name=\"twitter:data1\" content=\"georg.blenk@krafthand-medien.de\" \/>\n\t<meta name=\"twitter:label2\" content=\"Gesch\u00e4tzte Lesezeit\" \/>\n\t<meta name=\"twitter:data2\" content=\"2\u00a0Minuten\" \/>\n<script type=\"application\/ld+json\" class=\"yoast-schema-graph\">{\"@context\":\"https:\\\/\\\/schema.org\",\"@graph\":[{\"@type\":\"Article\",\"@id\":\"https:\\\/\\\/www.krafthand.de\\\/truck\\\/artikel\\\/scania-ceo-levin-uebernimmt-den-vorsitz-des-acea-boards-nfz-die-politischen-entscheidungstraeger-muessen-den-wandel-unterstuetzen-41731\\\/#article\",\"isPartOf\":{\"@id\":\"https:\\\/\\\/www.krafthand.de\\\/truck\\\/artikel\\\/scania-ceo-levin-uebernimmt-den-vorsitz-des-acea-boards-nfz-die-politischen-entscheidungstraeger-muessen-den-wandel-unterstuetzen-41731\\\/\"},\"author\":{\"name\":\"georg.blenk@krafthand-medien.de\",\"@id\":\"https:\\\/\\\/www.krafthand.de\\\/truck\\\/#\\\/schema\\\/person\\\/51fa80b1c57034c4bf63f9f988fc24ce\"},\"headline\":\"Scania-CEO Levin \u00fcbernimmt den Vorsitz des ACEA-Boards Nfz: &#8222;Die politischen Entscheidungstr\u00e4ger m\u00fcssen den Wandel unterst\u00fctzen.&#8220;\",\"datePublished\":\"2025-01-16T10:02:18+00:00\",\"dateModified\":\"2025-01-16T10:10:16+00:00\",\"mainEntityOfPage\":{\"@id\":\"https:\\\/\\\/www.krafthand.de\\\/truck\\\/artikel\\\/scania-ceo-levin-uebernimmt-den-vorsitz-des-acea-boards-nfz-die-politischen-entscheidungstraeger-muessen-den-wandel-unterstuetzen-41731\\\/\"},\"wordCount\":277,\"image\":{\"@id\":\"https:\\\/\\\/www.krafthand.de\\\/truck\\\/artikel\\\/scania-ceo-levin-uebernimmt-den-vorsitz-des-acea-boards-nfz-die-politischen-entscheidungstraeger-muessen-den-wandel-unterstuetzen-41731\\\/#primaryimage\"},\"thumbnailUrl\":\"https:\\\/\\\/static.krafthand-truck.de\\\/uploads\\\/2025\\\/01\\\/Christian_Levin_ACEA_CV_Chairman.jpg\",\"keywords\":[\"ACEA\",\"Christian Levin\",\"DAF\",\"Harald Seidel\",\"Hildegard M\u00fcller\",\"Scania\"],\"articleSection\":[\"Verb\u00e4nde\\\/Politik\\\/Recht\"],\"inLanguage\":\"de\"},{\"@type\":\"WebPage\",\"@id\":\"https:\\\/\\\/www.krafthand.de\\\/truck\\\/artikel\\\/scania-ceo-levin-uebernimmt-den-vorsitz-des-acea-boards-nfz-die-politischen-entscheidungstraeger-muessen-den-wandel-unterstuetzen-41731\\\/\",\"url\":\"https:\\\/\\\/www.krafthand.de\\\/truck\\\/artikel\\\/scania-ceo-levin-uebernimmt-den-vorsitz-des-acea-boards-nfz-die-politischen-entscheidungstraeger-muessen-den-wandel-unterstuetzen-41731\\\/\",\"name\":\"Christian Levin neuer Vorsitzender des ACEA-Boards Nfz 2025\",\"isPartOf\":{\"@id\":\"https:\\\/\\\/www.krafthand.de\\\/truck\\\/#website\"},\"primaryImageOfPage\":{\"@id\":\"https:\\\/\\\/www.krafthand.de\\\/truck\\\/artikel\\\/scania-ceo-levin-uebernimmt-den-vorsitz-des-acea-boards-nfz-die-politischen-entscheidungstraeger-muessen-den-wandel-unterstuetzen-41731\\\/#primaryimage\"},\"image\":{\"@id\":\"https:\\\/\\\/www.krafthand.de\\\/truck\\\/artikel\\\/scania-ceo-levin-uebernimmt-den-vorsitz-des-acea-boards-nfz-die-politischen-entscheidungstraeger-muessen-den-wandel-unterstuetzen-41731\\\/#primaryimage\"},\"thumbnailUrl\":\"https:\\\/\\\/static.krafthand-truck.de\\\/uploads\\\/2025\\\/01\\\/Christian_Levin_ACEA_CV_Chairman.jpg\",\"datePublished\":\"2025-01-16T10:02:18+00:00\",\"dateModified\":\"2025-01-16T10:10:16+00:00\",\"author\":{\"@id\":\"https:\\\/\\\/www.krafthand.de\\\/truck\\\/#\\\/schema\\\/person\\\/51fa80b1c57034c4bf63f9f988fc24ce\"},\"description\":\"Christian Levin, Pr\u00e4sident und CEO von Scania wurde zum neuen Vorsitzenden des ACEA Commercial Vehicles Board gew\u00e4hlt.\",\"breadcrumb\":{\"@id\":\"https:\\\/\\\/www.krafthand.de\\\/truck\\\/artikel\\\/scania-ceo-levin-uebernimmt-den-vorsitz-des-acea-boards-nfz-die-politischen-entscheidungstraeger-muessen-den-wandel-unterstuetzen-41731\\\/#breadcrumb\"},\"inLanguage\":\"de\",\"potentialAction\":[{\"@type\":\"ReadAction\",\"target\":[\"https:\\\/\\\/www.krafthand.de\\\/truck\\\/artikel\\\/scania-ceo-levin-uebernimmt-den-vorsitz-des-acea-boards-nfz-die-politischen-entscheidungstraeger-muessen-den-wandel-unterstuetzen-41731\\\/\"]}]},{\"@type\":\"ImageObject\",\"inLanguage\":\"de\",\"@id\":\"https:\\\/\\\/www.krafthand.de\\\/truck\\\/artikel\\\/scania-ceo-levin-uebernimmt-den-vorsitz-des-acea-boards-nfz-die-politischen-entscheidungstraeger-muessen-den-wandel-unterstuetzen-41731\\\/#primaryimage\",\"url\":\"https:\\\/\\\/static.krafthand-truck.de\\\/uploads\\\/2025\\\/01\\\/Christian_Levin_ACEA_CV_Chairman.jpg\",\"contentUrl\":\"https:\\\/\\\/static.krafthand-truck.de\\\/uploads\\\/2025\\\/01\\\/Christian_Levin_ACEA_CV_Chairman.jpg\",\"width\":1200,\"height\":846},{\"@type\":\"BreadcrumbList\",\"@id\":\"https:\\\/\\\/www.krafthand.de\\\/truck\\\/artikel\\\/scania-ceo-levin-uebernimmt-den-vorsitz-des-acea-boards-nfz-die-politischen-entscheidungstraeger-muessen-den-wandel-unterstuetzen-41731\\\/#breadcrumb\",\"itemListElement\":[{\"@type\":\"ListItem\",\"position\":1,\"name\":\"Krafthand-Truck\",\"item\":\"https:\\\/\\\/www.krafthand.de\\\/truck\\\/\"},{\"@type\":\"ListItem\",\"position\":2,\"name\":\"Nfz-Branche\",\"item\":\"https:\\\/\\\/www.krafthand.de\\\/truck\\\/kategorie\\\/branche\\\/\"},{\"@type\":\"ListItem\",\"position\":3,\"name\":\"Verb\u00e4nde\\\/Politik\\\/Recht\",\"item\":\"https:\\\/\\\/www.krafthand.de\\\/truck\\\/kategorie\\\/branche\\\/verbaende\\\/\"},{\"@type\":\"ListItem\",\"position\":4,\"name\":\"Scania-CEO Levin \u00fcbernimmt den Vorsitz des ACEA-Boards Nfz: &#8222;Die politischen Entscheidungstr\u00e4ger m\u00fcssen den Wandel unterst\u00fctzen.&#8220;\"}]},{\"@type\":\"WebSite\",\"@id\":\"https:\\\/\\\/www.krafthand.de\\\/truck\\\/#website\",\"url\":\"https:\\\/\\\/www.krafthand.de\\\/truck\\\/\",\"name\":\"Krafthand-Truck\",\"description\":\"\",\"potentialAction\":[{\"@type\":\"SearchAction\",\"target\":{\"@type\":\"EntryPoint\",\"urlTemplate\":\"https:\\\/\\\/www.krafthand.de\\\/truck\\\/?s={search_term_string}\"},\"query-input\":{\"@type\":\"PropertyValueSpecification\",\"valueRequired\":true,\"valueName\":\"search_term_string\"}}],\"inLanguage\":\"de\"},{\"@type\":\"Person\",\"@id\":\"https:\\\/\\\/www.krafthand.de\\\/truck\\\/#\\\/schema\\\/person\\\/51fa80b1c57034c4bf63f9f988fc24ce\",\"name\":\"georg.blenk@krafthand-medien.de\",\"image\":{\"@type\":\"ImageObject\",\"inLanguage\":\"de\",\"@id\":\"https:\\\/\\\/secure.gravatar.com\\\/avatar\\\/93713c30affe0aa95d3a4130e499bb1abee2eb31adbdd9ce2aa1543538490215?s=96&d=mm&r=g\",\"url\":\"https:\\\/\\\/secure.gravatar.com\\\/avatar\\\/93713c30affe0aa95d3a4130e499bb1abee2eb31adbdd9ce2aa1543538490215?s=96&d=mm&r=g\",\"contentUrl\":\"https:\\\/\\\/secure.gravatar.com\\\/avatar\\\/93713c30affe0aa95d3a4130e499bb1abee2eb31adbdd9ce2aa1543538490215?s=96&d=mm&r=g\",\"caption\":\"georg.blenk@krafthand-medien.de\"}}]}<\/script>\n<!-- \/ Yoast SEO plugin. -->","yoast_head_json":{"title":"Christian Levin neuer Vorsitzender des ACEA-Boards Nfz 2025","description":"Christian Levin, Pr\u00e4sident und CEO von Scania wurde zum neuen Vorsitzenden des ACEA Commercial Vehicles Board gew\u00e4hlt.","robots":{"index":"index","follow":"follow","max-snippet":"max-snippet:-1","max-image-preview":"max-image-preview:large","max-video-preview":"max-video-preview:-1"},"canonical":"https:\/\/www.krafthand.de\/truck\/artikel\/scania-ceo-levin-uebernimmt-den-vorsitz-des-acea-boards-nfz-die-politischen-entscheidungstraeger-muessen-den-wandel-unterstuetzen-41731\/","og_locale":"de_DE","og_type":"article","og_title":"Christian Levin neuer Vorsitzender des ACEA-Boards Nfz 2025","og_description":"Christian Levin, Pr\u00e4sident und CEO von Scania wurde zum neuen Vorsitzenden des ACEA Commercial Vehicles Board gew\u00e4hlt.","og_url":"https:\/\/www.krafthand-truck.de\/artikel\/scania-ceo-levin-uebernimmt-den-vorsitz-des-acea-boards-nfz-die-politischen-entscheidungstraeger-muessen-den-wandel-unterstuetzen-41731\/","og_site_name":"Krafthand-Truck","article_published_time":"2025-01-16T10:02:18+00:00","article_modified_time":"2025-01-16T10:10:16+00:00","og_image":[{"width":1200,"height":846,"url":"https:\/\/static.krafthand-truck.de\/uploads\/2025\/01\/Christian_Levin_ACEA_CV_Chairman.jpg","type":"image\/jpeg"}],"author":"georg.blenk@krafthand-medien.de","twitter_card":"summary_large_image","twitter_misc":{"Verfasst von":"georg.blenk@krafthand-medien.de","Gesch\u00e4tzte Lesezeit":"2\u00a0Minuten"},"schema":{"@context":"https:\/\/schema.org","@graph":[{"@type":"Article","@id":"https:\/\/www.krafthand.de\/truck\/artikel\/scania-ceo-levin-uebernimmt-den-vorsitz-des-acea-boards-nfz-die-politischen-entscheidungstraeger-muessen-den-wandel-unterstuetzen-41731\/#article","isPartOf":{"@id":"https:\/\/www.krafthand.de\/truck\/artikel\/scania-ceo-levin-uebernimmt-den-vorsitz-des-acea-boards-nfz-die-politischen-entscheidungstraeger-muessen-den-wandel-unterstuetzen-41731\/"},"author":{"name":"georg.blenk@krafthand-medien.de","@id":"https:\/\/www.krafthand.de\/truck\/#\/schema\/person\/51fa80b1c57034c4bf63f9f988fc24ce"},"headline":"Scania-CEO Levin \u00fcbernimmt den Vorsitz des ACEA-Boards Nfz: &#8222;Die politischen Entscheidungstr\u00e4ger m\u00fcssen den Wandel unterst\u00fctzen.&#8220;","datePublished":"2025-01-16T10:02:18+00:00","dateModified":"2025-01-16T10:10:16+00:00","mainEntityOfPage":{"@id":"https:\/\/www.krafthand.de\/truck\/artikel\/scania-ceo-levin-uebernimmt-den-vorsitz-des-acea-boards-nfz-die-politischen-entscheidungstraeger-muessen-den-wandel-unterstuetzen-41731\/"},"wordCount":277,"image":{"@id":"https:\/\/www.krafthand.de\/truck\/artikel\/scania-ceo-levin-uebernimmt-den-vorsitz-des-acea-boards-nfz-die-politischen-entscheidungstraeger-muessen-den-wandel-unterstuetzen-41731\/#primaryimage"},"thumbnailUrl":"https:\/\/static.krafthand-truck.de\/uploads\/2025\/01\/Christian_Levin_ACEA_CV_Chairman.jpg","keywords":["ACEA","Christian Levin","DAF","Harald Seidel","Hildegard M\u00fcller","Scania"],"articleSection":["Verb\u00e4nde\/Politik\/Recht"],"inLanguage":"de"},{"@type":"WebPage","@id":"https:\/\/www.krafthand.de\/truck\/artikel\/scania-ceo-levin-uebernimmt-den-vorsitz-des-acea-boards-nfz-die-politischen-entscheidungstraeger-muessen-den-wandel-unterstuetzen-41731\/","url":"https:\/\/www.krafthand.de\/truck\/artikel\/scania-ceo-levin-uebernimmt-den-vorsitz-des-acea-boards-nfz-die-politischen-entscheidungstraeger-muessen-den-wandel-unterstuetzen-41731\/","name":"Christian Levin neuer Vorsitzender des ACEA-Boards Nfz 2025","isPartOf":{"@id":"https:\/\/www.krafthand.de\/truck\/#website"},"primaryImageOfPage":{"@id":"https:\/\/www.krafthand.de\/truck\/artikel\/scania-ceo-levin-uebernimmt-den-vorsitz-des-acea-boards-nfz-die-politischen-entscheidungstraeger-muessen-den-wandel-unterstuetzen-41731\/#primaryimage"},"image":{"@id":"https:\/\/www.krafthand.de\/truck\/artikel\/scania-ceo-levin-uebernimmt-den-vorsitz-des-acea-boards-nfz-die-politischen-entscheidungstraeger-muessen-den-wandel-unterstuetzen-41731\/#primaryimage"},"thumbnailUrl":"https:\/\/static.krafthand-truck.de\/uploads\/2025\/01\/Christian_Levin_ACEA_CV_Chairman.jpg","datePublished":"2025-01-16T10:02:18+00:00","dateModified":"2025-01-16T10:10:16+00:00","author":{"@id":"https:\/\/www.krafthand.de\/truck\/#\/schema\/person\/51fa80b1c57034c4bf63f9f988fc24ce"},"description":"Christian Levin, Pr\u00e4sident und CEO von Scania wurde zum neuen Vorsitzenden des ACEA Commercial Vehicles Board gew\u00e4hlt.","breadcrumb":{"@id":"https:\/\/www.krafthand.de\/truck\/artikel\/scania-ceo-levin-uebernimmt-den-vorsitz-des-acea-boards-nfz-die-politischen-entscheidungstraeger-muessen-den-wandel-unterstuetzen-41731\/#breadcrumb"},"inLanguage":"de","potentialAction":[{"@type":"ReadAction","target":["https:\/\/www.krafthand.de\/truck\/artikel\/scania-ceo-levin-uebernimmt-den-vorsitz-des-acea-boards-nfz-die-politischen-entscheidungstraeger-muessen-den-wandel-unterstuetzen-41731\/"]}]},{"@type":"ImageObject","inLanguage":"de","@id":"https:\/\/www.krafthand.de\/truck\/artikel\/scania-ceo-levin-uebernimmt-den-vorsitz-des-acea-boards-nfz-die-politischen-entscheidungstraeger-muessen-den-wandel-unterstuetzen-41731\/#primaryimage","url":"https:\/\/static.krafthand-truck.de\/uploads\/2025\/01\/Christian_Levin_ACEA_CV_Chairman.jpg","contentUrl":"https:\/\/static.krafthand-truck.de\/uploads\/2025\/01\/Christian_Levin_ACEA_CV_Chairman.jpg","width":1200,"height":846},{"@type":"BreadcrumbList","@id":"https:\/\/www.krafthand.de\/truck\/artikel\/scania-ceo-levin-uebernimmt-den-vorsitz-des-acea-boards-nfz-die-politischen-entscheidungstraeger-muessen-den-wandel-unterstuetzen-41731\/#breadcrumb","itemListElement":[{"@type":"ListItem","position":1,"name":"Krafthand-Truck","item":"https:\/\/www.krafthand.de\/truck\/"},{"@type":"ListItem","position":2,"name":"Nfz-Branche","item":"https:\/\/www.krafthand.de\/truck\/kategorie\/branche\/"},{"@type":"ListItem","position":3,"name":"Verb\u00e4nde\/Politik\/Recht","item":"https:\/\/www.krafthand.de\/truck\/kategorie\/branche\/verbaende\/"},{"@type":"ListItem","position":4,"name":"Scania-CEO Levin \u00fcbernimmt den Vorsitz des ACEA-Boards Nfz: &#8222;Die politischen Entscheidungstr\u00e4ger m\u00fcssen den Wandel unterst\u00fctzen.&#8220;"}]},{"@type":"WebSite","@id":"https:\/\/www.krafthand.de\/truck\/#website","url":"https:\/\/www.krafthand.de\/truck\/","name":"Krafthand-Truck","description":"","potentialAction":[{"@type":"SearchAction","target":{"@type":"EntryPoint","urlTemplate":"https:\/\/www.krafthand.de\/truck\/?s={search_term_string}"},"query-input":{"@type":"PropertyValueSpecification","valueRequired":true,"valueName":"search_term_string"}}],"inLanguage":"de"},{"@type":"Person","@id":"https:\/\/www.krafthand.de\/truck\/#\/schema\/person\/51fa80b1c57034c4bf63f9f988fc24ce","name":"georg.blenk@krafthand-medien.de","image":{"@type":"ImageObject","inLanguage":"de","@id":"https:\/\/secure.gravatar.com\/avatar\/93713c30affe0aa95d3a4130e499bb1abee2eb31adbdd9ce2aa1543538490215?s=96&d=mm&r=g","url":"https:\/\/secure.gravatar.com\/avatar\/93713c30affe0aa95d3a4130e499bb1abee2eb31adbdd9ce2aa1543538490215?s=96&d=mm&r=g","contentUrl":"https:\/\/secure.gravatar.com\/avatar\/93713c30affe0aa95d3a4130e499bb1abee2eb31adbdd9ce2aa1543538490215?s=96&d=mm&r=g","caption":"georg.blenk@krafthand-medien.de"}}]}},"_links":{"self":[{"href":"https:\/\/www.krafthand.de\/truck\/wp-json\/wp\/v2\/posts\/41731","targetHints":{"allow":["GET"]}}],"collection":[{"href":"https:\/\/www.krafthand.de\/truck\/wp-json\/wp\/v2\/posts"}],"about":[{"href":"https:\/\/www.krafthand.de\/truck\/wp-json\/wp\/v2\/types\/post"}],"author":[{"embeddable":true,"href":"https:\/\/www.krafthand.de\/truck\/wp-json\/wp\/v2\/users\/9"}],"replies":[{"embeddable":true,"href":"https:\/\/www.krafthand.de\/truck\/wp-json\/wp\/v2\/comments?post=41731"}],"version-history":[{"count":7,"href":"https:\/\/www.krafthand.de\/truck\/wp-json\/wp\/v2\/posts\/41731\/revisions"}],"predecessor-version":[{"id":41739,"href":"https:\/\/www.krafthand.de\/truck\/wp-json\/wp\/v2\/posts\/41731\/revisions\/41739"}],"wp:featuredmedia":[{"embeddable":true,"href":"https:\/\/www.krafthand.de\/truck\/wp-json\/wp\/v2\/media\/41735"}],"wp:attachment":[{"href":"https:\/\/www.krafthand.de\/truck\/wp-json\/wp\/v2\/media?parent=41731"}],"wp:term":[{"taxonomy":"category","embeddable":true,"href":"https:\/\/www.krafthand.de\/truck\/wp-json\/wp\/v2\/categories?post=41731"},{"taxonomy":"post_tag","embeddable":true,"href":"https:\/\/www.krafthand.de\/truck\/wp-json\/wp\/v2\/tags?post=41731"},{"taxonomy":"settings","embeddable":true,"href":"https:\/\/www.krafthand.de\/truck\/wp-json\/wp\/v2\/settings?post=41731"}],"curies":[{"name":"wp","href":"https:\/\/api.w.org\/{rel}","templated":true}]}}