{"id":41697,"date":"2025-01-07T11:52:36","date_gmt":"2025-01-07T10:52:36","guid":{"rendered":"https:\/\/www.krafthand.de\/truck\/?p=41697"},"modified":"2025-01-07T11:57:16","modified_gmt":"2025-01-07T10:57:16","slug":"weiterbidlung-winkler-stellt-schulungsprogramm-2025-vor","status":"publish","type":"post","link":"https:\/\/www.krafthand.de\/truck\/artikel\/weiterbidlung-winkler-stellt-schulungsprogramm-2025-vor-41697\/","title":{"rendered":"Weiterbildung: winkler mit neuem Schulungsprogramm"},"content":{"rendered":"<p>Angesichts st\u00e4ndig neuer rechtlicher Vorgaben und technischer Entwicklungen im Nutzfahrzeugbereich, ist es f\u00fcr Unternehmen entscheidend, ihre Mitarbeiter regelm\u00e4\u00dfig weiterzubilden. Das neue Schulungsprogramm 2025 des Ersatzteilspezialisten winkler soll dabei Nutzfahrzeughalter, Werkst\u00e4tten, Agrarbetriebe und Omnibusunternehmen beim Erwerb von Qualifikationen und ihrer beruflichen Weiterbildung unterst\u00fctzen. Es umfasst unter anderem die Bereiche Hydraulik, Nutzfahrzeugtechnik und Druckluftbremse.<\/p>\n<p>Bei den angebotenen Schulungen wird laut winkler gro\u00dfer Wert auf die Praxisorientierung gelegt. Das Schulungsteam gestaltet zudem die Weiterbildungen so individuell wie m\u00f6glich und f\u00fchrt auf Wunsch Schulungen direkt beim Kunden vor Ort durch. Das Programm wird zudem regelm\u00e4\u00dfig auf Aktualit\u00e4t gepr\u00fcft und um weitere Schulungsangebote sowie ausgew\u00e4hlte Partner erweitert.<\/p>\n<p>In diesem Jahr wurden laut winkler zus\u00e4tzlich vier neue Schulungen in das Programm aufgenommen. Unter anderem ist die Weiterbildung &#8218;Einf\u00fchrung in die Schwei\u00dftechnik&#8216; hinzugekommen.<\/p>\n<p>Weitere Informationen zu den jeweiligen Schulungen, den aktuellen Terminen sowie das Anmeldeformular erhalten Interessierte unter <a href=\"https:\/\/winkler.com\/de\/schulungen\" target=\"_blank\" rel=\"noopener\">www.winkler.com\/schulungen<\/a>. In jedem winkler-Betrieb ist der Schulungskalender zudem in gedruckter Form erh\u00e4ltlich.<\/p>\n","protected":false},"excerpt":{"rendered":"<p>Der Nutzfahrzeug-Ersatzteil-Spezialist winkler hat sein neue Schulungsprogramm vorgestellt. Das umfangreiche Spektrum an Seminaren wird an insgesamt 30 Standorten angeboten und richtet sich an Einsteiger sowie Profis. <span class=\"excerpt-more__dots\">&#8230;<\/span> <a class=\"excerpt-more__link\" href=\"https:\/\/www.krafthand.de\/truck\/artikel\/weiterbidlung-winkler-stellt-schulungsprogramm-2025-vor-41697\/\" >weiter<\/a><\/p>\n","protected":false},"author":9,"featured_media":41701,"comment_status":"closed","ping_status":"closed","sticky":false,"template":"","format":"standard","meta":{"footnotes":""},"categories":[4324],"tags":[833,836,3630,460],"settings":[4766,3523],"class_list":["post-41697","post","type-post","status-publish","format-standard","has-post-thumbnail","hentry","category-schulungen-bildung","tag-schulung","tag-training","tag-weiterbildung","tag-winkler"],"yoast_head":"<!-- This site is optimized with the Yoast SEO plugin v27.3 - https:\/\/yoast.com\/product\/yoast-seo-wordpress\/ -->\n<title>Weiterbildung: winkler mit neuem Schulungsprogramm - Krafthand-Truck<\/title>\n<meta name=\"description\" content=\"Der Nutzfahrzeug-Ersatzteil-Spezialist winkler hat sein neue Schulungsprogramm 2025 vorgestellt.\" \/>\n<meta name=\"robots\" content=\"index, follow, max-snippet:-1, max-image-preview:large, max-video-preview:-1\" \/>\n<link rel=\"canonical\" href=\"https:\/\/www.krafthand.de\/truck\/artikel\/weiterbidlung-winkler-stellt-schulungsprogramm-2025-vor-41697\/\" \/>\n<meta property=\"og:locale\" content=\"de_DE\" \/>\n<meta property=\"og:type\" content=\"article\" \/>\n<meta property=\"og:title\" content=\"Weiterbildung: winkler mit neuem Schulungsprogramm - Krafthand-Truck\" \/>\n<meta property=\"og:description\" content=\"Der Nutzfahrzeug-Ersatzteil-Spezialist winkler hat sein neue Schulungsprogramm 2025 vorgestellt.\" \/>\n<meta property=\"og:url\" content=\"https:\/\/www.krafthand-truck.de\/artikel\/weiterbidlung-winkler-stellt-schulungsprogramm-2025-vor-41697\/\" \/>\n<meta property=\"og:site_name\" content=\"Krafthand-Truck\" \/>\n<meta property=\"article:published_time\" content=\"2025-01-07T10:52:36+00:00\" \/>\n<meta property=\"article:modified_time\" content=\"2025-01-07T10:57:16+00:00\" \/>\n<meta property=\"og:image\" content=\"https:\/\/static.krafthand-truck.de\/uploads\/2025\/01\/winkler_Lkw_Schulungsprogramm_Weiterbildung_2025.jpg\" \/>\n\t<meta property=\"og:image:width\" content=\"852\" \/>\n\t<meta property=\"og:image:height\" content=\"608\" \/>\n\t<meta property=\"og:image:type\" content=\"image\/jpeg\" \/>\n<meta name=\"author\" content=\"georg.blenk@krafthand-medien.de\" \/>\n<meta name=\"twitter:card\" content=\"summary_large_image\" \/>\n<meta name=\"twitter:label1\" content=\"Verfasst von\" \/>\n\t<meta name=\"twitter:data1\" content=\"georg.blenk@krafthand-medien.de\" \/>\n\t<meta name=\"twitter:label2\" content=\"Gesch\u00e4tzte Lesezeit\" \/>\n\t<meta name=\"twitter:data2\" content=\"2\u00a0Minuten\" \/>\n<script type=\"application\/ld+json\" class=\"yoast-schema-graph\">{\"@context\":\"https:\\\/\\\/schema.org\",\"@graph\":[{\"@type\":\"Article\",\"@id\":\"https:\\\/\\\/www.krafthand.de\\\/truck\\\/artikel\\\/weiterbidlung-winkler-stellt-schulungsprogramm-2025-vor-41697\\\/#article\",\"isPartOf\":{\"@id\":\"https:\\\/\\\/www.krafthand.de\\\/truck\\\/artikel\\\/weiterbidlung-winkler-stellt-schulungsprogramm-2025-vor-41697\\\/\"},\"author\":{\"name\":\"georg.blenk@krafthand-medien.de\",\"@id\":\"https:\\\/\\\/www.krafthand.de\\\/truck\\\/#\\\/schema\\\/person\\\/51fa80b1c57034c4bf63f9f988fc24ce\"},\"headline\":\"Weiterbildung: winkler mit neuem Schulungsprogramm\",\"datePublished\":\"2025-01-07T10:52:36+00:00\",\"dateModified\":\"2025-01-07T10:57:16+00:00\",\"mainEntityOfPage\":{\"@id\":\"https:\\\/\\\/www.krafthand.de\\\/truck\\\/artikel\\\/weiterbidlung-winkler-stellt-schulungsprogramm-2025-vor-41697\\\/\"},\"wordCount\":176,\"image\":{\"@id\":\"https:\\\/\\\/www.krafthand.de\\\/truck\\\/artikel\\\/weiterbidlung-winkler-stellt-schulungsprogramm-2025-vor-41697\\\/#primaryimage\"},\"thumbnailUrl\":\"https:\\\/\\\/static.krafthand-truck.de\\\/uploads\\\/2025\\\/01\\\/winkler_Lkw_Schulungsprogramm_Weiterbildung_2025.jpg\",\"keywords\":[\"Schulung\",\"Training\",\"Weiterbildung\",\"Winkler\"],\"articleSection\":[\"Schulungen\\\/Bildung\"],\"inLanguage\":\"de\"},{\"@type\":\"WebPage\",\"@id\":\"https:\\\/\\\/www.krafthand.de\\\/truck\\\/artikel\\\/weiterbidlung-winkler-stellt-schulungsprogramm-2025-vor-41697\\\/\",\"url\":\"https:\\\/\\\/www.krafthand.de\\\/truck\\\/artikel\\\/weiterbidlung-winkler-stellt-schulungsprogramm-2025-vor-41697\\\/\",\"name\":\"Weiterbildung: winkler mit neuem Schulungsprogramm - Krafthand-Truck\",\"isPartOf\":{\"@id\":\"https:\\\/\\\/www.krafthand.de\\\/truck\\\/#website\"},\"primaryImageOfPage\":{\"@id\":\"https:\\\/\\\/www.krafthand.de\\\/truck\\\/artikel\\\/weiterbidlung-winkler-stellt-schulungsprogramm-2025-vor-41697\\\/#primaryimage\"},\"image\":{\"@id\":\"https:\\\/\\\/www.krafthand.de\\\/truck\\\/artikel\\\/weiterbidlung-winkler-stellt-schulungsprogramm-2025-vor-41697\\\/#primaryimage\"},\"thumbnailUrl\":\"https:\\\/\\\/static.krafthand-truck.de\\\/uploads\\\/2025\\\/01\\\/winkler_Lkw_Schulungsprogramm_Weiterbildung_2025.jpg\",\"datePublished\":\"2025-01-07T10:52:36+00:00\",\"dateModified\":\"2025-01-07T10:57:16+00:00\",\"author\":{\"@id\":\"https:\\\/\\\/www.krafthand.de\\\/truck\\\/#\\\/schema\\\/person\\\/51fa80b1c57034c4bf63f9f988fc24ce\"},\"description\":\"Der Nutzfahrzeug-Ersatzteil-Spezialist winkler hat sein neue Schulungsprogramm 2025 vorgestellt.\",\"breadcrumb\":{\"@id\":\"https:\\\/\\\/www.krafthand.de\\\/truck\\\/artikel\\\/weiterbidlung-winkler-stellt-schulungsprogramm-2025-vor-41697\\\/#breadcrumb\"},\"inLanguage\":\"de\",\"potentialAction\":[{\"@type\":\"ReadAction\",\"target\":[\"https:\\\/\\\/www.krafthand.de\\\/truck\\\/artikel\\\/weiterbidlung-winkler-stellt-schulungsprogramm-2025-vor-41697\\\/\"]}]},{\"@type\":\"ImageObject\",\"inLanguage\":\"de\",\"@id\":\"https:\\\/\\\/www.krafthand.de\\\/truck\\\/artikel\\\/weiterbidlung-winkler-stellt-schulungsprogramm-2025-vor-41697\\\/#primaryimage\",\"url\":\"https:\\\/\\\/static.krafthand-truck.de\\\/uploads\\\/2025\\\/01\\\/winkler_Lkw_Schulungsprogramm_Weiterbildung_2025.jpg\",\"contentUrl\":\"https:\\\/\\\/static.krafthand-truck.de\\\/uploads\\\/2025\\\/01\\\/winkler_Lkw_Schulungsprogramm_Weiterbildung_2025.jpg\",\"width\":852,\"height\":608},{\"@type\":\"BreadcrumbList\",\"@id\":\"https:\\\/\\\/www.krafthand.de\\\/truck\\\/artikel\\\/weiterbidlung-winkler-stellt-schulungsprogramm-2025-vor-41697\\\/#breadcrumb\",\"itemListElement\":[{\"@type\":\"ListItem\",\"position\":1,\"name\":\"Krafthand-Truck\",\"item\":\"https:\\\/\\\/www.krafthand.de\\\/truck\\\/\"},{\"@type\":\"ListItem\",\"position\":2,\"name\":\"Nfz-Branche\",\"item\":\"https:\\\/\\\/www.krafthand.de\\\/truck\\\/kategorie\\\/branche\\\/\"},{\"@type\":\"ListItem\",\"position\":3,\"name\":\"Schulungen\\\/Bildung\",\"item\":\"https:\\\/\\\/www.krafthand.de\\\/truck\\\/kategorie\\\/branche\\\/schulungen-bildung\\\/\"},{\"@type\":\"ListItem\",\"position\":4,\"name\":\"Weiterbildung: winkler mit neuem Schulungsprogramm\"}]},{\"@type\":\"WebSite\",\"@id\":\"https:\\\/\\\/www.krafthand.de\\\/truck\\\/#website\",\"url\":\"https:\\\/\\\/www.krafthand.de\\\/truck\\\/\",\"name\":\"Krafthand-Truck\",\"description\":\"\",\"potentialAction\":[{\"@type\":\"SearchAction\",\"target\":{\"@type\":\"EntryPoint\",\"urlTemplate\":\"https:\\\/\\\/www.krafthand.de\\\/truck\\\/?s={search_term_string}\"},\"query-input\":{\"@type\":\"PropertyValueSpecification\",\"valueRequired\":true,\"valueName\":\"search_term_string\"}}],\"inLanguage\":\"de\"},{\"@type\":\"Person\",\"@id\":\"https:\\\/\\\/www.krafthand.de\\\/truck\\\/#\\\/schema\\\/person\\\/51fa80b1c57034c4bf63f9f988fc24ce\",\"name\":\"georg.blenk@krafthand-medien.de\",\"image\":{\"@type\":\"ImageObject\",\"inLanguage\":\"de\",\"@id\":\"https:\\\/\\\/secure.gravatar.com\\\/avatar\\\/93713c30affe0aa95d3a4130e499bb1abee2eb31adbdd9ce2aa1543538490215?s=96&d=mm&r=g\",\"url\":\"https:\\\/\\\/secure.gravatar.com\\\/avatar\\\/93713c30affe0aa95d3a4130e499bb1abee2eb31adbdd9ce2aa1543538490215?s=96&d=mm&r=g\",\"contentUrl\":\"https:\\\/\\\/secure.gravatar.com\\\/avatar\\\/93713c30affe0aa95d3a4130e499bb1abee2eb31adbdd9ce2aa1543538490215?s=96&d=mm&r=g\",\"caption\":\"georg.blenk@krafthand-medien.de\"}}]}<\/script>\n<!-- \/ Yoast SEO plugin. -->","yoast_head_json":{"title":"Weiterbildung: winkler mit neuem Schulungsprogramm - Krafthand-Truck","description":"Der Nutzfahrzeug-Ersatzteil-Spezialist winkler hat sein neue Schulungsprogramm 2025 vorgestellt.","robots":{"index":"index","follow":"follow","max-snippet":"max-snippet:-1","max-image-preview":"max-image-preview:large","max-video-preview":"max-video-preview:-1"},"canonical":"https:\/\/www.krafthand.de\/truck\/artikel\/weiterbidlung-winkler-stellt-schulungsprogramm-2025-vor-41697\/","og_locale":"de_DE","og_type":"article","og_title":"Weiterbildung: winkler mit neuem Schulungsprogramm - Krafthand-Truck","og_description":"Der Nutzfahrzeug-Ersatzteil-Spezialist winkler hat sein neue Schulungsprogramm 2025 vorgestellt.","og_url":"https:\/\/www.krafthand-truck.de\/artikel\/weiterbidlung-winkler-stellt-schulungsprogramm-2025-vor-41697\/","og_site_name":"Krafthand-Truck","article_published_time":"2025-01-07T10:52:36+00:00","article_modified_time":"2025-01-07T10:57:16+00:00","og_image":[{"width":852,"height":608,"url":"https:\/\/static.krafthand-truck.de\/uploads\/2025\/01\/winkler_Lkw_Schulungsprogramm_Weiterbildung_2025.jpg","type":"image\/jpeg"}],"author":"georg.blenk@krafthand-medien.de","twitter_card":"summary_large_image","twitter_misc":{"Verfasst von":"georg.blenk@krafthand-medien.de","Gesch\u00e4tzte Lesezeit":"2\u00a0Minuten"},"schema":{"@context":"https:\/\/schema.org","@graph":[{"@type":"Article","@id":"https:\/\/www.krafthand.de\/truck\/artikel\/weiterbidlung-winkler-stellt-schulungsprogramm-2025-vor-41697\/#article","isPartOf":{"@id":"https:\/\/www.krafthand.de\/truck\/artikel\/weiterbidlung-winkler-stellt-schulungsprogramm-2025-vor-41697\/"},"author":{"name":"georg.blenk@krafthand-medien.de","@id":"https:\/\/www.krafthand.de\/truck\/#\/schema\/person\/51fa80b1c57034c4bf63f9f988fc24ce"},"headline":"Weiterbildung: winkler mit neuem Schulungsprogramm","datePublished":"2025-01-07T10:52:36+00:00","dateModified":"2025-01-07T10:57:16+00:00","mainEntityOfPage":{"@id":"https:\/\/www.krafthand.de\/truck\/artikel\/weiterbidlung-winkler-stellt-schulungsprogramm-2025-vor-41697\/"},"wordCount":176,"image":{"@id":"https:\/\/www.krafthand.de\/truck\/artikel\/weiterbidlung-winkler-stellt-schulungsprogramm-2025-vor-41697\/#primaryimage"},"thumbnailUrl":"https:\/\/static.krafthand-truck.de\/uploads\/2025\/01\/winkler_Lkw_Schulungsprogramm_Weiterbildung_2025.jpg","keywords":["Schulung","Training","Weiterbildung","Winkler"],"articleSection":["Schulungen\/Bildung"],"inLanguage":"de"},{"@type":"WebPage","@id":"https:\/\/www.krafthand.de\/truck\/artikel\/weiterbidlung-winkler-stellt-schulungsprogramm-2025-vor-41697\/","url":"https:\/\/www.krafthand.de\/truck\/artikel\/weiterbidlung-winkler-stellt-schulungsprogramm-2025-vor-41697\/","name":"Weiterbildung: winkler mit neuem Schulungsprogramm - Krafthand-Truck","isPartOf":{"@id":"https:\/\/www.krafthand.de\/truck\/#website"},"primaryImageOfPage":{"@id":"https:\/\/www.krafthand.de\/truck\/artikel\/weiterbidlung-winkler-stellt-schulungsprogramm-2025-vor-41697\/#primaryimage"},"image":{"@id":"https:\/\/www.krafthand.de\/truck\/artikel\/weiterbidlung-winkler-stellt-schulungsprogramm-2025-vor-41697\/#primaryimage"},"thumbnailUrl":"https:\/\/static.krafthand-truck.de\/uploads\/2025\/01\/winkler_Lkw_Schulungsprogramm_Weiterbildung_2025.jpg","datePublished":"2025-01-07T10:52:36+00:00","dateModified":"2025-01-07T10:57:16+00:00","author":{"@id":"https:\/\/www.krafthand.de\/truck\/#\/schema\/person\/51fa80b1c57034c4bf63f9f988fc24ce"},"description":"Der Nutzfahrzeug-Ersatzteil-Spezialist winkler hat sein neue Schulungsprogramm 2025 vorgestellt.","breadcrumb":{"@id":"https:\/\/www.krafthand.de\/truck\/artikel\/weiterbidlung-winkler-stellt-schulungsprogramm-2025-vor-41697\/#breadcrumb"},"inLanguage":"de","potentialAction":[{"@type":"ReadAction","target":["https:\/\/www.krafthand.de\/truck\/artikel\/weiterbidlung-winkler-stellt-schulungsprogramm-2025-vor-41697\/"]}]},{"@type":"ImageObject","inLanguage":"de","@id":"https:\/\/www.krafthand.de\/truck\/artikel\/weiterbidlung-winkler-stellt-schulungsprogramm-2025-vor-41697\/#primaryimage","url":"https:\/\/static.krafthand-truck.de\/uploads\/2025\/01\/winkler_Lkw_Schulungsprogramm_Weiterbildung_2025.jpg","contentUrl":"https:\/\/static.krafthand-truck.de\/uploads\/2025\/01\/winkler_Lkw_Schulungsprogramm_Weiterbildung_2025.jpg","width":852,"height":608},{"@type":"BreadcrumbList","@id":"https:\/\/www.krafthand.de\/truck\/artikel\/weiterbidlung-winkler-stellt-schulungsprogramm-2025-vor-41697\/#breadcrumb","itemListElement":[{"@type":"ListItem","position":1,"name":"Krafthand-Truck","item":"https:\/\/www.krafthand.de\/truck\/"},{"@type":"ListItem","position":2,"name":"Nfz-Branche","item":"https:\/\/www.krafthand.de\/truck\/kategorie\/branche\/"},{"@type":"ListItem","position":3,"name":"Schulungen\/Bildung","item":"https:\/\/www.krafthand.de\/truck\/kategorie\/branche\/schulungen-bildung\/"},{"@type":"ListItem","position":4,"name":"Weiterbildung: winkler mit neuem Schulungsprogramm"}]},{"@type":"WebSite","@id":"https:\/\/www.krafthand.de\/truck\/#website","url":"https:\/\/www.krafthand.de\/truck\/","name":"Krafthand-Truck","description":"","potentialAction":[{"@type":"SearchAction","target":{"@type":"EntryPoint","urlTemplate":"https:\/\/www.krafthand.de\/truck\/?s={search_term_string}"},"query-input":{"@type":"PropertyValueSpecification","valueRequired":true,"valueName":"search_term_string"}}],"inLanguage":"de"},{"@type":"Person","@id":"https:\/\/www.krafthand.de\/truck\/#\/schema\/person\/51fa80b1c57034c4bf63f9f988fc24ce","name":"georg.blenk@krafthand-medien.de","image":{"@type":"ImageObject","inLanguage":"de","@id":"https:\/\/secure.gravatar.com\/avatar\/93713c30affe0aa95d3a4130e499bb1abee2eb31adbdd9ce2aa1543538490215?s=96&d=mm&r=g","url":"https:\/\/secure.gravatar.com\/avatar\/93713c30affe0aa95d3a4130e499bb1abee2eb31adbdd9ce2aa1543538490215?s=96&d=mm&r=g","contentUrl":"https:\/\/secure.gravatar.com\/avatar\/93713c30affe0aa95d3a4130e499bb1abee2eb31adbdd9ce2aa1543538490215?s=96&d=mm&r=g","caption":"georg.blenk@krafthand-medien.de"}}]}},"_links":{"self":[{"href":"https:\/\/www.krafthand.de\/truck\/wp-json\/wp\/v2\/posts\/41697","targetHints":{"allow":["GET"]}}],"collection":[{"href":"https:\/\/www.krafthand.de\/truck\/wp-json\/wp\/v2\/posts"}],"about":[{"href":"https:\/\/www.krafthand.de\/truck\/wp-json\/wp\/v2\/types\/post"}],"author":[{"embeddable":true,"href":"https:\/\/www.krafthand.de\/truck\/wp-json\/wp\/v2\/users\/9"}],"replies":[{"embeddable":true,"href":"https:\/\/www.krafthand.de\/truck\/wp-json\/wp\/v2\/comments?post=41697"}],"version-history":[{"count":6,"href":"https:\/\/www.krafthand.de\/truck\/wp-json\/wp\/v2\/posts\/41697\/revisions"}],"predecessor-version":[{"id":41704,"href":"https:\/\/www.krafthand.de\/truck\/wp-json\/wp\/v2\/posts\/41697\/revisions\/41704"}],"wp:featuredmedia":[{"embeddable":true,"href":"https:\/\/www.krafthand.de\/truck\/wp-json\/wp\/v2\/media\/41701"}],"wp:attachment":[{"href":"https:\/\/www.krafthand.de\/truck\/wp-json\/wp\/v2\/media?parent=41697"}],"wp:term":[{"taxonomy":"category","embeddable":true,"href":"https:\/\/www.krafthand.de\/truck\/wp-json\/wp\/v2\/categories?post=41697"},{"taxonomy":"post_tag","embeddable":true,"href":"https:\/\/www.krafthand.de\/truck\/wp-json\/wp\/v2\/tags?post=41697"},{"taxonomy":"settings","embeddable":true,"href":"https:\/\/www.krafthand.de\/truck\/wp-json\/wp\/v2\/settings?post=41697"}],"curies":[{"name":"wp","href":"https:\/\/api.w.org\/{rel}","templated":true}]}}