{"id":41687,"date":"2025-01-02T13:25:46","date_gmt":"2025-01-02T12:25:46","guid":{"rendered":"https:\/\/www.krafthand.de\/truck\/?p=41687"},"modified":"2025-01-02T13:27:29","modified_gmt":"2025-01-02T12:27:29","slug":"bei-db-schenker-kommen-40-neue-volvo-fm-electric-zum-einsatz","status":"publish","type":"post","link":"https:\/\/www.krafthand.de\/truck\/artikel\/bei-db-schenker-kommen-40-neue-volvo-fm-electric-zum-einsatz-41687\/","title":{"rendered":"Bei DB Schenker kommen 40 neue Volvo FM Electric zum Einsatz"},"content":{"rendered":"<p>DB Schenker stellt 40 Volvo FM Electric in den Dienst. Die Lkw sollen auch im Anh\u00e4ngebetrieb St\u00fcckgut in ganz Deutschland transportieren. Der besondere Fokus liege auf emissionsarmen und leisen Transporten in st\u00e4dtischen Gebieten. Mit neuesten Assistenzsystemen ausgestattet, erh\u00f6hten sie zudem die Sicherheit im st\u00e4dtischen Stra\u00dfenverkehr.<\/p>\n<p>Die Erweiterung der Flotte um zus\u00e4tzliche 40 <a href=\"https:\/\/www.volvotrucks.de\/de-de\/\" target=\"_blank\" rel=\"noopener\">Volvo<\/a> FM Electric in Deutschland br\u00e4chten den Logistikdienstleister <a href=\"https:\/\/www.dbschenker.com\/de-de\" target=\"_blank\" rel=\"noopener\">DB Schenker<\/a> einen gro\u00dfen Schritt weiter in Richtung einer nachhaltigeren und sicheren Zukunft der Logistik. Die vollelektrischen 20-Tonner mit der Option f\u00fcr Anh\u00e4ngerbetrieb eigneten sich optimal sowohl f\u00fcr Fahrten in urbaner Umgebung als auch f\u00fcr regionale Transporte. Die 40 neuen Fahrzeuge werden ab Dezember 2024 im gesamten Bundesgebiet zum Einsatz kommen.<\/p>\n<blockquote><p>\u201eMit dem Roll-Out von weiteren 40 elektrischen Volvo f\u00fcr den Einsatz auf der letzten Meile unterstreicht DB Schenker seinen Anspruch, f\u00fchrend in der Umstellung auf emissionsarme Antriebsformen zu sein, und st\u00e4rkt seine Partnerschaft mit Volvo Trucks\u201c, sagt Cyrille Bonjean, Executive Vice President Land Transport bei DB Schenker in Europa und erg\u00e4nzt: \u201eWir werden so in der Lage sein, unseren Kunden im gesamten Bundesgebiet emissionsarme Transportl\u00f6sungen anzubieten.\u201c<\/p><\/blockquote>\n<p>&nbsp;<\/p>\n","protected":false},"excerpt":{"rendered":"<p>DB Schenker stellt 40 Volvo FM Electric in den Dienst. Die Lkw sollen auch im Anh\u00e4ngebetrieb St\u00fcckgut in ganz Deutschland transportieren. Der besondere Fokus liege auf emissionsarmen und leisen Transporten in st\u00e4dtischen Gebieten. Mit neuesten Assistenzsystemen ausgestattet, erh\u00f6hten sie zudem die Sicherheit im st\u00e4dtischen Stra\u00dfenverkehr. <span class=\"excerpt-more__dots\">&#8230;<\/span> <a class=\"excerpt-more__link\" href=\"https:\/\/www.krafthand.de\/truck\/artikel\/bei-db-schenker-kommen-40-neue-volvo-fm-electric-zum-einsatz-41687\/\" >weiter<\/a><\/p>\n","protected":false},"author":9,"featured_media":41689,"comment_status":"closed","ping_status":"closed","sticky":false,"template":"","format":"standard","meta":{"footnotes":""},"categories":[4224,4915],"tags":[5366,6130,752],"settings":[4766],"class_list":["post-41687","post","type-post","status-publish","format-standard","has-post-thumbnail","hentry","category-e-antrieb","category-neue-fahrzeuge","tag-db-schenker","tag-fm-electric","tag-volvo"],"yoast_head":"<!-- This site is optimized with the Yoast SEO plugin v27.3 - https:\/\/yoast.com\/product\/yoast-seo-wordpress\/ -->\n<title>Bei DB Schenker kommen 40 neue Volvo FM Electric zum Einsatz - Krafthand-Truck<\/title>\n<meta name=\"description\" content=\"DB Schenker stellt 40 Volvo FM Electric in den Dienst. Die Lkw sollen auch im Anh\u00e4ngebetrieb St\u00fcckgut in ganz Deutschland transportieren.\" \/>\n<meta name=\"robots\" content=\"index, follow, max-snippet:-1, max-image-preview:large, max-video-preview:-1\" \/>\n<link rel=\"canonical\" href=\"https:\/\/www.krafthand.de\/truck\/artikel\/bei-db-schenker-kommen-40-neue-volvo-fm-electric-zum-einsatz-41687\/\" \/>\n<meta property=\"og:locale\" content=\"de_DE\" \/>\n<meta property=\"og:type\" content=\"article\" \/>\n<meta property=\"og:title\" content=\"Bei DB Schenker kommen 40 neue Volvo FM Electric zum Einsatz - Krafthand-Truck\" \/>\n<meta property=\"og:description\" content=\"DB Schenker stellt 40 Volvo FM Electric in den Dienst. Die Lkw sollen auch im Anh\u00e4ngebetrieb St\u00fcckgut in ganz Deutschland transportieren.\" \/>\n<meta property=\"og:url\" content=\"https:\/\/www.krafthand-truck.de\/artikel\/bei-db-schenker-kommen-40-neue-volvo-fm-electric-zum-einsatz-41687\/\" \/>\n<meta property=\"og:site_name\" content=\"Krafthand-Truck\" \/>\n<meta property=\"article:published_time\" content=\"2025-01-02T12:25:46+00:00\" \/>\n<meta property=\"article:modified_time\" content=\"2025-01-02T12:27:29+00:00\" \/>\n<meta property=\"og:image\" content=\"https:\/\/static.krafthand-truck.de\/uploads\/2025\/01\/Volvo_FM_Electric_DB_Schenker.jpg\" \/>\n\t<meta property=\"og:image:width\" content=\"1200\" \/>\n\t<meta property=\"og:image:height\" content=\"751\" \/>\n\t<meta property=\"og:image:type\" content=\"image\/jpeg\" \/>\n<meta name=\"author\" content=\"georg.blenk@krafthand-medien.de\" \/>\n<meta name=\"twitter:card\" content=\"summary_large_image\" \/>\n<meta name=\"twitter:label1\" content=\"Verfasst von\" \/>\n\t<meta name=\"twitter:data1\" content=\"georg.blenk@krafthand-medien.de\" \/>\n\t<meta name=\"twitter:label2\" content=\"Gesch\u00e4tzte Lesezeit\" \/>\n\t<meta name=\"twitter:data2\" content=\"1\u00a0Minute\" \/>\n<script type=\"application\/ld+json\" class=\"yoast-schema-graph\">{\"@context\":\"https:\\\/\\\/schema.org\",\"@graph\":[{\"@type\":\"Article\",\"@id\":\"https:\\\/\\\/www.krafthand.de\\\/truck\\\/artikel\\\/bei-db-schenker-kommen-40-neue-volvo-fm-electric-zum-einsatz-41687\\\/#article\",\"isPartOf\":{\"@id\":\"https:\\\/\\\/www.krafthand.de\\\/truck\\\/artikel\\\/bei-db-schenker-kommen-40-neue-volvo-fm-electric-zum-einsatz-41687\\\/\"},\"author\":{\"name\":\"georg.blenk@krafthand-medien.de\",\"@id\":\"https:\\\/\\\/www.krafthand.de\\\/truck\\\/#\\\/schema\\\/person\\\/51fa80b1c57034c4bf63f9f988fc24ce\"},\"headline\":\"Bei DB Schenker kommen 40 neue Volvo FM Electric zum Einsatz\",\"datePublished\":\"2025-01-02T12:25:46+00:00\",\"dateModified\":\"2025-01-02T12:27:29+00:00\",\"mainEntityOfPage\":{\"@id\":\"https:\\\/\\\/www.krafthand.de\\\/truck\\\/artikel\\\/bei-db-schenker-kommen-40-neue-volvo-fm-electric-zum-einsatz-41687\\\/\"},\"wordCount\":201,\"image\":{\"@id\":\"https:\\\/\\\/www.krafthand.de\\\/truck\\\/artikel\\\/bei-db-schenker-kommen-40-neue-volvo-fm-electric-zum-einsatz-41687\\\/#primaryimage\"},\"thumbnailUrl\":\"https:\\\/\\\/static.krafthand-truck.de\\\/uploads\\\/2025\\\/01\\\/Volvo_FM_Electric_DB_Schenker.jpg\",\"keywords\":[\"DB Schenker\",\"FM Electric\",\"Volvo\"],\"articleSection\":[\"E-Antrieb (BEV\\\/FCEV)\",\"Neue Fahrzeuge\"],\"inLanguage\":\"de\"},{\"@type\":\"WebPage\",\"@id\":\"https:\\\/\\\/www.krafthand.de\\\/truck\\\/artikel\\\/bei-db-schenker-kommen-40-neue-volvo-fm-electric-zum-einsatz-41687\\\/\",\"url\":\"https:\\\/\\\/www.krafthand.de\\\/truck\\\/artikel\\\/bei-db-schenker-kommen-40-neue-volvo-fm-electric-zum-einsatz-41687\\\/\",\"name\":\"Bei DB Schenker kommen 40 neue Volvo FM Electric zum Einsatz - Krafthand-Truck\",\"isPartOf\":{\"@id\":\"https:\\\/\\\/www.krafthand.de\\\/truck\\\/#website\"},\"primaryImageOfPage\":{\"@id\":\"https:\\\/\\\/www.krafthand.de\\\/truck\\\/artikel\\\/bei-db-schenker-kommen-40-neue-volvo-fm-electric-zum-einsatz-41687\\\/#primaryimage\"},\"image\":{\"@id\":\"https:\\\/\\\/www.krafthand.de\\\/truck\\\/artikel\\\/bei-db-schenker-kommen-40-neue-volvo-fm-electric-zum-einsatz-41687\\\/#primaryimage\"},\"thumbnailUrl\":\"https:\\\/\\\/static.krafthand-truck.de\\\/uploads\\\/2025\\\/01\\\/Volvo_FM_Electric_DB_Schenker.jpg\",\"datePublished\":\"2025-01-02T12:25:46+00:00\",\"dateModified\":\"2025-01-02T12:27:29+00:00\",\"author\":{\"@id\":\"https:\\\/\\\/www.krafthand.de\\\/truck\\\/#\\\/schema\\\/person\\\/51fa80b1c57034c4bf63f9f988fc24ce\"},\"description\":\"DB Schenker stellt 40 Volvo FM Electric in den Dienst. Die Lkw sollen auch im Anh\u00e4ngebetrieb St\u00fcckgut in ganz Deutschland transportieren.\",\"breadcrumb\":{\"@id\":\"https:\\\/\\\/www.krafthand.de\\\/truck\\\/artikel\\\/bei-db-schenker-kommen-40-neue-volvo-fm-electric-zum-einsatz-41687\\\/#breadcrumb\"},\"inLanguage\":\"de\",\"potentialAction\":[{\"@type\":\"ReadAction\",\"target\":[\"https:\\\/\\\/www.krafthand.de\\\/truck\\\/artikel\\\/bei-db-schenker-kommen-40-neue-volvo-fm-electric-zum-einsatz-41687\\\/\"]}]},{\"@type\":\"ImageObject\",\"inLanguage\":\"de\",\"@id\":\"https:\\\/\\\/www.krafthand.de\\\/truck\\\/artikel\\\/bei-db-schenker-kommen-40-neue-volvo-fm-electric-zum-einsatz-41687\\\/#primaryimage\",\"url\":\"https:\\\/\\\/static.krafthand-truck.de\\\/uploads\\\/2025\\\/01\\\/Volvo_FM_Electric_DB_Schenker.jpg\",\"contentUrl\":\"https:\\\/\\\/static.krafthand-truck.de\\\/uploads\\\/2025\\\/01\\\/Volvo_FM_Electric_DB_Schenker.jpg\",\"width\":1200,\"height\":751},{\"@type\":\"BreadcrumbList\",\"@id\":\"https:\\\/\\\/www.krafthand.de\\\/truck\\\/artikel\\\/bei-db-schenker-kommen-40-neue-volvo-fm-electric-zum-einsatz-41687\\\/#breadcrumb\",\"itemListElement\":[{\"@type\":\"ListItem\",\"position\":1,\"name\":\"Krafthand-Truck\",\"item\":\"https:\\\/\\\/www.krafthand.de\\\/truck\\\/\"},{\"@type\":\"ListItem\",\"position\":2,\"name\":\"IT+Fuhrpark\",\"item\":\"https:\\\/\\\/www.krafthand.de\\\/truck\\\/kategorie\\\/fuhrpark\\\/\"},{\"@type\":\"ListItem\",\"position\":3,\"name\":\"Neue Fahrzeuge\",\"item\":\"https:\\\/\\\/www.krafthand.de\\\/truck\\\/kategorie\\\/fuhrpark\\\/neue-fahrzeuge\\\/\"},{\"@type\":\"ListItem\",\"position\":4,\"name\":\"Bei DB Schenker kommen 40 neue Volvo FM Electric zum Einsatz\"}]},{\"@type\":\"WebSite\",\"@id\":\"https:\\\/\\\/www.krafthand.de\\\/truck\\\/#website\",\"url\":\"https:\\\/\\\/www.krafthand.de\\\/truck\\\/\",\"name\":\"Krafthand-Truck\",\"description\":\"\",\"potentialAction\":[{\"@type\":\"SearchAction\",\"target\":{\"@type\":\"EntryPoint\",\"urlTemplate\":\"https:\\\/\\\/www.krafthand.de\\\/truck\\\/?s={search_term_string}\"},\"query-input\":{\"@type\":\"PropertyValueSpecification\",\"valueRequired\":true,\"valueName\":\"search_term_string\"}}],\"inLanguage\":\"de\"},{\"@type\":\"Person\",\"@id\":\"https:\\\/\\\/www.krafthand.de\\\/truck\\\/#\\\/schema\\\/person\\\/51fa80b1c57034c4bf63f9f988fc24ce\",\"name\":\"georg.blenk@krafthand-medien.de\",\"image\":{\"@type\":\"ImageObject\",\"inLanguage\":\"de\",\"@id\":\"https:\\\/\\\/secure.gravatar.com\\\/avatar\\\/93713c30affe0aa95d3a4130e499bb1abee2eb31adbdd9ce2aa1543538490215?s=96&d=mm&r=g\",\"url\":\"https:\\\/\\\/secure.gravatar.com\\\/avatar\\\/93713c30affe0aa95d3a4130e499bb1abee2eb31adbdd9ce2aa1543538490215?s=96&d=mm&r=g\",\"contentUrl\":\"https:\\\/\\\/secure.gravatar.com\\\/avatar\\\/93713c30affe0aa95d3a4130e499bb1abee2eb31adbdd9ce2aa1543538490215?s=96&d=mm&r=g\",\"caption\":\"georg.blenk@krafthand-medien.de\"}}]}<\/script>\n<!-- \/ Yoast SEO plugin. -->","yoast_head_json":{"title":"Bei DB Schenker kommen 40 neue Volvo FM Electric zum Einsatz - Krafthand-Truck","description":"DB Schenker stellt 40 Volvo FM Electric in den Dienst. Die Lkw sollen auch im Anh\u00e4ngebetrieb St\u00fcckgut in ganz Deutschland transportieren.","robots":{"index":"index","follow":"follow","max-snippet":"max-snippet:-1","max-image-preview":"max-image-preview:large","max-video-preview":"max-video-preview:-1"},"canonical":"https:\/\/www.krafthand.de\/truck\/artikel\/bei-db-schenker-kommen-40-neue-volvo-fm-electric-zum-einsatz-41687\/","og_locale":"de_DE","og_type":"article","og_title":"Bei DB Schenker kommen 40 neue Volvo FM Electric zum Einsatz - Krafthand-Truck","og_description":"DB Schenker stellt 40 Volvo FM Electric in den Dienst. Die Lkw sollen auch im Anh\u00e4ngebetrieb St\u00fcckgut in ganz Deutschland transportieren.","og_url":"https:\/\/www.krafthand-truck.de\/artikel\/bei-db-schenker-kommen-40-neue-volvo-fm-electric-zum-einsatz-41687\/","og_site_name":"Krafthand-Truck","article_published_time":"2025-01-02T12:25:46+00:00","article_modified_time":"2025-01-02T12:27:29+00:00","og_image":[{"width":1200,"height":751,"url":"https:\/\/static.krafthand-truck.de\/uploads\/2025\/01\/Volvo_FM_Electric_DB_Schenker.jpg","type":"image\/jpeg"}],"author":"georg.blenk@krafthand-medien.de","twitter_card":"summary_large_image","twitter_misc":{"Verfasst von":"georg.blenk@krafthand-medien.de","Gesch\u00e4tzte Lesezeit":"1\u00a0Minute"},"schema":{"@context":"https:\/\/schema.org","@graph":[{"@type":"Article","@id":"https:\/\/www.krafthand.de\/truck\/artikel\/bei-db-schenker-kommen-40-neue-volvo-fm-electric-zum-einsatz-41687\/#article","isPartOf":{"@id":"https:\/\/www.krafthand.de\/truck\/artikel\/bei-db-schenker-kommen-40-neue-volvo-fm-electric-zum-einsatz-41687\/"},"author":{"name":"georg.blenk@krafthand-medien.de","@id":"https:\/\/www.krafthand.de\/truck\/#\/schema\/person\/51fa80b1c57034c4bf63f9f988fc24ce"},"headline":"Bei DB Schenker kommen 40 neue Volvo FM Electric zum Einsatz","datePublished":"2025-01-02T12:25:46+00:00","dateModified":"2025-01-02T12:27:29+00:00","mainEntityOfPage":{"@id":"https:\/\/www.krafthand.de\/truck\/artikel\/bei-db-schenker-kommen-40-neue-volvo-fm-electric-zum-einsatz-41687\/"},"wordCount":201,"image":{"@id":"https:\/\/www.krafthand.de\/truck\/artikel\/bei-db-schenker-kommen-40-neue-volvo-fm-electric-zum-einsatz-41687\/#primaryimage"},"thumbnailUrl":"https:\/\/static.krafthand-truck.de\/uploads\/2025\/01\/Volvo_FM_Electric_DB_Schenker.jpg","keywords":["DB Schenker","FM Electric","Volvo"],"articleSection":["E-Antrieb (BEV\/FCEV)","Neue Fahrzeuge"],"inLanguage":"de"},{"@type":"WebPage","@id":"https:\/\/www.krafthand.de\/truck\/artikel\/bei-db-schenker-kommen-40-neue-volvo-fm-electric-zum-einsatz-41687\/","url":"https:\/\/www.krafthand.de\/truck\/artikel\/bei-db-schenker-kommen-40-neue-volvo-fm-electric-zum-einsatz-41687\/","name":"Bei DB Schenker kommen 40 neue Volvo FM Electric zum Einsatz - Krafthand-Truck","isPartOf":{"@id":"https:\/\/www.krafthand.de\/truck\/#website"},"primaryImageOfPage":{"@id":"https:\/\/www.krafthand.de\/truck\/artikel\/bei-db-schenker-kommen-40-neue-volvo-fm-electric-zum-einsatz-41687\/#primaryimage"},"image":{"@id":"https:\/\/www.krafthand.de\/truck\/artikel\/bei-db-schenker-kommen-40-neue-volvo-fm-electric-zum-einsatz-41687\/#primaryimage"},"thumbnailUrl":"https:\/\/static.krafthand-truck.de\/uploads\/2025\/01\/Volvo_FM_Electric_DB_Schenker.jpg","datePublished":"2025-01-02T12:25:46+00:00","dateModified":"2025-01-02T12:27:29+00:00","author":{"@id":"https:\/\/www.krafthand.de\/truck\/#\/schema\/person\/51fa80b1c57034c4bf63f9f988fc24ce"},"description":"DB Schenker stellt 40 Volvo FM Electric in den Dienst. Die Lkw sollen auch im Anh\u00e4ngebetrieb St\u00fcckgut in ganz Deutschland transportieren.","breadcrumb":{"@id":"https:\/\/www.krafthand.de\/truck\/artikel\/bei-db-schenker-kommen-40-neue-volvo-fm-electric-zum-einsatz-41687\/#breadcrumb"},"inLanguage":"de","potentialAction":[{"@type":"ReadAction","target":["https:\/\/www.krafthand.de\/truck\/artikel\/bei-db-schenker-kommen-40-neue-volvo-fm-electric-zum-einsatz-41687\/"]}]},{"@type":"ImageObject","inLanguage":"de","@id":"https:\/\/www.krafthand.de\/truck\/artikel\/bei-db-schenker-kommen-40-neue-volvo-fm-electric-zum-einsatz-41687\/#primaryimage","url":"https:\/\/static.krafthand-truck.de\/uploads\/2025\/01\/Volvo_FM_Electric_DB_Schenker.jpg","contentUrl":"https:\/\/static.krafthand-truck.de\/uploads\/2025\/01\/Volvo_FM_Electric_DB_Schenker.jpg","width":1200,"height":751},{"@type":"BreadcrumbList","@id":"https:\/\/www.krafthand.de\/truck\/artikel\/bei-db-schenker-kommen-40-neue-volvo-fm-electric-zum-einsatz-41687\/#breadcrumb","itemListElement":[{"@type":"ListItem","position":1,"name":"Krafthand-Truck","item":"https:\/\/www.krafthand.de\/truck\/"},{"@type":"ListItem","position":2,"name":"IT+Fuhrpark","item":"https:\/\/www.krafthand.de\/truck\/kategorie\/fuhrpark\/"},{"@type":"ListItem","position":3,"name":"Neue Fahrzeuge","item":"https:\/\/www.krafthand.de\/truck\/kategorie\/fuhrpark\/neue-fahrzeuge\/"},{"@type":"ListItem","position":4,"name":"Bei DB Schenker kommen 40 neue Volvo FM Electric zum Einsatz"}]},{"@type":"WebSite","@id":"https:\/\/www.krafthand.de\/truck\/#website","url":"https:\/\/www.krafthand.de\/truck\/","name":"Krafthand-Truck","description":"","potentialAction":[{"@type":"SearchAction","target":{"@type":"EntryPoint","urlTemplate":"https:\/\/www.krafthand.de\/truck\/?s={search_term_string}"},"query-input":{"@type":"PropertyValueSpecification","valueRequired":true,"valueName":"search_term_string"}}],"inLanguage":"de"},{"@type":"Person","@id":"https:\/\/www.krafthand.de\/truck\/#\/schema\/person\/51fa80b1c57034c4bf63f9f988fc24ce","name":"georg.blenk@krafthand-medien.de","image":{"@type":"ImageObject","inLanguage":"de","@id":"https:\/\/secure.gravatar.com\/avatar\/93713c30affe0aa95d3a4130e499bb1abee2eb31adbdd9ce2aa1543538490215?s=96&d=mm&r=g","url":"https:\/\/secure.gravatar.com\/avatar\/93713c30affe0aa95d3a4130e499bb1abee2eb31adbdd9ce2aa1543538490215?s=96&d=mm&r=g","contentUrl":"https:\/\/secure.gravatar.com\/avatar\/93713c30affe0aa95d3a4130e499bb1abee2eb31adbdd9ce2aa1543538490215?s=96&d=mm&r=g","caption":"georg.blenk@krafthand-medien.de"}}]}},"_links":{"self":[{"href":"https:\/\/www.krafthand.de\/truck\/wp-json\/wp\/v2\/posts\/41687","targetHints":{"allow":["GET"]}}],"collection":[{"href":"https:\/\/www.krafthand.de\/truck\/wp-json\/wp\/v2\/posts"}],"about":[{"href":"https:\/\/www.krafthand.de\/truck\/wp-json\/wp\/v2\/types\/post"}],"author":[{"embeddable":true,"href":"https:\/\/www.krafthand.de\/truck\/wp-json\/wp\/v2\/users\/9"}],"replies":[{"embeddable":true,"href":"https:\/\/www.krafthand.de\/truck\/wp-json\/wp\/v2\/comments?post=41687"}],"version-history":[{"count":5,"href":"https:\/\/www.krafthand.de\/truck\/wp-json\/wp\/v2\/posts\/41687\/revisions"}],"predecessor-version":[{"id":41693,"href":"https:\/\/www.krafthand.de\/truck\/wp-json\/wp\/v2\/posts\/41687\/revisions\/41693"}],"wp:featuredmedia":[{"embeddable":true,"href":"https:\/\/www.krafthand.de\/truck\/wp-json\/wp\/v2\/media\/41689"}],"wp:attachment":[{"href":"https:\/\/www.krafthand.de\/truck\/wp-json\/wp\/v2\/media?parent=41687"}],"wp:term":[{"taxonomy":"category","embeddable":true,"href":"https:\/\/www.krafthand.de\/truck\/wp-json\/wp\/v2\/categories?post=41687"},{"taxonomy":"post_tag","embeddable":true,"href":"https:\/\/www.krafthand.de\/truck\/wp-json\/wp\/v2\/tags?post=41687"},{"taxonomy":"settings","embeddable":true,"href":"https:\/\/www.krafthand.de\/truck\/wp-json\/wp\/v2\/settings?post=41687"}],"curies":[{"name":"wp","href":"https:\/\/api.w.org\/{rel}","templated":true}]}}