{"id":41617,"date":"2024-12-18T12:08:49","date_gmt":"2024-12-18T11:08:49","guid":{"rendered":"https:\/\/www.krafthand.de\/truck\/?p=41617"},"modified":"2024-12-18T12:17:04","modified_gmt":"2024-12-18T11:17:04","slug":"liqui-moly-peter-baumann-uebergibt-an-marco-esser","status":"publish","type":"post","link":"https:\/\/www.krafthand.de\/truck\/artikel\/liqui-moly-peter-baumann-uebergibt-an-marco-esser-41617\/","title":{"rendered":"Liqui Moly: Peter Baumann \u00fcbergibt an Marco Esser"},"content":{"rendered":"<p>Nach fast 40 Jahren Betriebszugeh\u00f6rigkeit bei Liqui Moly verabschiedet sich Peter Baumann in den Ruhestand. Sein Nachfolger als Leiter Marketing wird Marco Esser, der ab 1.1.2025 den Posten von Baumann \u00fcbernimmt. Was erstmal wie eine allt\u00e4gliche Personalie klingt, entpuppt sich bei n\u00e4herer Betrachtung\u00a0 durchaus als historischer Moment. Baumann hat die Erfolgsgeschichte von Liqui Moly ma\u00dfgeblich mitgepr\u00e4gt.<\/p>\n<h3>Die Karriere des Peter Baumann<\/h3>\n<p>Am 1. Januar 1986 startete Baumann seine Karriere als Assistent der Gesch\u00e4ftsf\u00fchrung bei Liqui Moly und \u00fcbernahm in Eigeninitiative den weiteren Aufbau des Marketingbereiches.\u00a0 Gef\u00f6rdert wurde er vom damaligen Marketingleiter und sp\u00e4teren Gesch\u00e4ftsf\u00fchrer <a href=\"https:\/\/www.krafthand.de\/truck\/artikel\/klappe-die-letzte-im-gespraech-mit-ernst-prost-31657\/\" target=\"_blank\" rel=\"noopener\">Ernst Prost<\/a>, der sich sp\u00e4ter mit seiner durchaus unkonventionellen Unternehmensf\u00fchrung einen Namen machte. Ein idealer Vorgesetzter und Sparringspartner obendrein.<\/p>\n<p>1993 ernannte Prost Baumann selbst zum Marketingleiter, wenig sp\u00e4ter inklusive Prokura. Liqui Moly stieg zum Global Player f\u00fcr Motor\u00f6le, Additive und Fahrzeugpflege auf. Bis dahin war es ein permanenter Prozess, den das kleine Ulmer Schmierstoffunternehmen quasi zur Weltmarke machte. Peter Baumann war mittendrin und konnte eine enorme Pr\u00e4senz als Sponsor und Unterst\u00fctzer des globalen Spitzensports aufbauen. Nat\u00fcrlich standen am Anfang noch nicht die Summen im Raum wie heute.<\/p>\n<p>Sei 1993 war Liqui Moly beispielsweise in der Formel 1 mit Sauber Motorsport pr\u00e4sent, seit 2000 erstmals in der Fu\u00dfball-Bundesliga mit dem TSV 1860 M\u00fcnchen &#8211; nur einige Beispiele. Unz\u00e4hlige Partnerschaften, zum Beispiel mit dem Liqui Moly-Team-Engstler, kamen hinzu. Das Unternehmen war stets ein verl\u00e4sslicher Partner auf Augenh\u00f6he. Zus\u00e4tzlich kann man heute auf 10 Jahre in der MotoGP, der h\u00f6chsten Klasse des Motorrad-Rennsports, zur\u00fcckblicken, wo <a href=\"https:\/\/www.liqui-moly.com\/de\/de\/\" target=\"_blank\" rel=\"noopener\">Liqui Moly<\/a> ebenfalls engagiert ist. Peter Baumann war stets der federf\u00fchrende Mann hinter den Kulissen und konnte mit dem aktuellen Engagement als &#8218;Official Partner&#8216; in der Formel 1 sein Lebenswerk kr\u00f6nen.<\/p>\n<blockquote><p>\u201eSeit nun sieben Jahren in der Formel 1 aktiv zu sein, war nochmal ein entscheidender Schritt in unserer Entwicklung zur globalen \u201aLove Brand\u2018. Wir sind sehr nah an unserer Umsatzvision der Milliarde Euro Jahresumsatz dran. Ich denke, dass solche Geschichten dabei enorm geholfen haben. Das macht mich sehr stolz.\u201c<\/p><\/blockquote>\n<p>Auf die Frage, was er jetzt mit der neu gewonnen Zeit machen werde, antwortet Baumann: <em>\u201eHaupts\u00e4chlich m\u00f6chte ich mich um meine Familie und mich selbst k\u00fcmmern. Keine Termine, keine Reisen, keine Meetings. Es wird jetzt Zeit f\u00fcr anderes. Diese Zeit war bislang sehr knapp. Aber das lasse ich jetzt alles ganz entspannt auf mich zukommen.\u201c<\/em><\/p>\n<h3>Esser wird Nachfolger<\/h3>\n<p>Nachfolger von Peter Baumann wird Marco Esser, bislang stellvertretender Marketingleiter und zuvor Leiter der Unternehmens-Kommunikation bei Liqui Moly. Es sind tats\u00e4chlich gro\u00dfe Fu\u00dfstapfen in die Esser nun tritt: <em>\u201eSo eine Geschichte mit so vielen Erfolgen gibt es nicht allzu oft. Herr Baumann in seiner Rolle zu beerben ist zum einen eine gro\u00dfe Ehre, und zum anderen eine riesige Herausforderung. Wir haben eine sehr gute, lange und intensive Abstimmungszeit hinter uns, f\u00fcr die ich sehr dankbar bin. Besonders f\u00fcr das Vertrauen von Herrn Baumann und der Belegschaft. Ich werde alles geben, um seine Nachfolge ad\u00e4quat zu meistern. Zugleich aber ziehe ich nun erstmal meinen Hut vor seiner \u201aAmtszeit\u2018 und w\u00fcnsche ihm nur das Allerbeste f\u00fcr den Ruhestand. Bei uns in der Liqui Moly-Family worldwide wird immer Platz und Zeit f\u00fcr ihn sein.&#8220;<\/em><\/p>\n<blockquote><p>\u201eEin Teil dieses Teams, ja dieser Familie gewesen zu sein, macht mich dankbar, dem\u00fctig und enorm stolz zugleich. Ihr kennt unser Erfolgsrezept am besten. Macht daher alle weiter so. Wir haben eine riesige Erfolgsstory hingelegt. Und es sind Freundschaften dabei entstanden, die f\u00fcr immer w\u00e4hren werden. Ich m\u00f6chte mich von ganzem Herzen bei allen bedanken, die meine Zeit bei Liqui Moly zu dem gemacht haben, was sie war: absolut einzigartig!&#8220;, so Baumann.<\/p><\/blockquote>\n","protected":false},"excerpt":{"rendered":"<p>Nach fast 40 Jahren Betriebszugeh\u00f6rigkeit bei Liqui Moly verabschiedet sich Peter Baumann in den Ruhestand. Sein Nachfolger als Leiter Marketing wird Marco Esser, der ab 1.1.2025 den Posten von Baumann \u00fcbernimmt. Was erstmal wie eine allt\u00e4gliche Personalie klingt, entpuppt sich bei n\u00e4herer Betrachtung\u00a0 durchaus als historischer Moment. <span class=\"excerpt-more__dots\">&#8230;<\/span> <a class=\"excerpt-more__link\" href=\"https:\/\/www.krafthand.de\/truck\/artikel\/liqui-moly-peter-baumann-uebergibt-an-marco-esser-41617\/\" >weiter<\/a><\/p>\n","protected":false},"author":9,"featured_media":41619,"comment_status":"closed","ping_status":"closed","sticky":false,"template":"","format":"standard","meta":{"footnotes":""},"categories":[4238,4235],"tags":[3608,249,6119,6118],"settings":[4766,3523],"class_list":["post-41617","post","type-post","status-publish","format-standard","has-post-thumbnail","hentry","category-koepfe","category-unternehmen","tag-ernst-prost","tag-liqui-moly","tag-marco-esser","tag-peter-baumann"],"yoast_head":"<!-- This site is optimized with the Yoast SEO plugin v27.3 - https:\/\/yoast.com\/product\/yoast-seo-wordpress\/ -->\n<title>Liqui Moly: Peter Baumann \u00fcbergibt an Marco Esser - Krafthand-Truck<\/title>\n<meta name=\"description\" content=\"Nach fast 40 Jahren Betriebszugeh\u00f6rigkeit bei Liqui Moly verabschiedet sich Peter Baumann. Sein Nachfolger als Leiter Marketing wird Marco Esser.\" \/>\n<meta name=\"robots\" content=\"index, follow, max-snippet:-1, max-image-preview:large, max-video-preview:-1\" \/>\n<link rel=\"canonical\" href=\"https:\/\/www.krafthand.de\/truck\/artikel\/liqui-moly-peter-baumann-uebergibt-an-marco-esser-41617\/\" \/>\n<meta property=\"og:locale\" content=\"de_DE\" \/>\n<meta property=\"og:type\" content=\"article\" \/>\n<meta property=\"og:title\" content=\"Liqui Moly: Peter Baumann \u00fcbergibt an Marco Esser - Krafthand-Truck\" \/>\n<meta property=\"og:description\" content=\"Nach fast 40 Jahren Betriebszugeh\u00f6rigkeit bei Liqui Moly verabschiedet sich Peter Baumann. Sein Nachfolger als Leiter Marketing wird Marco Esser.\" \/>\n<meta property=\"og:url\" content=\"https:\/\/www.krafthand-truck.de\/artikel\/liqui-moly-peter-baumann-uebergibt-an-marco-esser-41617\/\" \/>\n<meta property=\"og:site_name\" content=\"Krafthand-Truck\" \/>\n<meta property=\"article:published_time\" content=\"2024-12-18T11:08:49+00:00\" \/>\n<meta property=\"article:modified_time\" content=\"2024-12-18T11:17:04+00:00\" \/>\n<meta property=\"og:image\" content=\"https:\/\/static.krafthand-truck.de\/uploads\/2024\/12\/Liqui_Moly_Peter_Baumann_Marco_Esser.jpg\" \/>\n\t<meta property=\"og:image:width\" content=\"1200\" \/>\n\t<meta property=\"og:image:height\" content=\"846\" \/>\n\t<meta property=\"og:image:type\" content=\"image\/jpeg\" \/>\n<meta name=\"author\" content=\"georg.blenk@krafthand-medien.de\" \/>\n<meta name=\"twitter:card\" content=\"summary_large_image\" \/>\n<meta name=\"twitter:label1\" content=\"Verfasst von\" \/>\n\t<meta name=\"twitter:data1\" content=\"georg.blenk@krafthand-medien.de\" \/>\n\t<meta name=\"twitter:label2\" content=\"Gesch\u00e4tzte Lesezeit\" \/>\n\t<meta name=\"twitter:data2\" content=\"3\u00a0Minuten\" \/>\n<script type=\"application\/ld+json\" class=\"yoast-schema-graph\">{\"@context\":\"https:\\\/\\\/schema.org\",\"@graph\":[{\"@type\":\"Article\",\"@id\":\"https:\\\/\\\/www.krafthand.de\\\/truck\\\/artikel\\\/liqui-moly-peter-baumann-uebergibt-an-marco-esser-41617\\\/#article\",\"isPartOf\":{\"@id\":\"https:\\\/\\\/www.krafthand.de\\\/truck\\\/artikel\\\/liqui-moly-peter-baumann-uebergibt-an-marco-esser-41617\\\/\"},\"author\":{\"name\":\"georg.blenk@krafthand-medien.de\",\"@id\":\"https:\\\/\\\/www.krafthand.de\\\/truck\\\/#\\\/schema\\\/person\\\/51fa80b1c57034c4bf63f9f988fc24ce\"},\"headline\":\"Liqui Moly: Peter Baumann \u00fcbergibt an Marco Esser\",\"datePublished\":\"2024-12-18T11:08:49+00:00\",\"dateModified\":\"2024-12-18T11:17:04+00:00\",\"mainEntityOfPage\":{\"@id\":\"https:\\\/\\\/www.krafthand.de\\\/truck\\\/artikel\\\/liqui-moly-peter-baumann-uebergibt-an-marco-esser-41617\\\/\"},\"wordCount\":631,\"image\":{\"@id\":\"https:\\\/\\\/www.krafthand.de\\\/truck\\\/artikel\\\/liqui-moly-peter-baumann-uebergibt-an-marco-esser-41617\\\/#primaryimage\"},\"thumbnailUrl\":\"https:\\\/\\\/static.krafthand-truck.de\\\/uploads\\\/2024\\\/12\\\/Liqui_Moly_Peter_Baumann_Marco_Esser.jpg\",\"keywords\":[\"Ernst Prost\",\"Liqui Moly\",\"Marco Esser\",\"Peter Baumann\"],\"articleSection\":[\"K\u00f6pfe\\\/Personen\",\"Unternehmen\"],\"inLanguage\":\"de\"},{\"@type\":\"WebPage\",\"@id\":\"https:\\\/\\\/www.krafthand.de\\\/truck\\\/artikel\\\/liqui-moly-peter-baumann-uebergibt-an-marco-esser-41617\\\/\",\"url\":\"https:\\\/\\\/www.krafthand.de\\\/truck\\\/artikel\\\/liqui-moly-peter-baumann-uebergibt-an-marco-esser-41617\\\/\",\"name\":\"Liqui Moly: Peter Baumann \u00fcbergibt an Marco Esser - Krafthand-Truck\",\"isPartOf\":{\"@id\":\"https:\\\/\\\/www.krafthand.de\\\/truck\\\/#website\"},\"primaryImageOfPage\":{\"@id\":\"https:\\\/\\\/www.krafthand.de\\\/truck\\\/artikel\\\/liqui-moly-peter-baumann-uebergibt-an-marco-esser-41617\\\/#primaryimage\"},\"image\":{\"@id\":\"https:\\\/\\\/www.krafthand.de\\\/truck\\\/artikel\\\/liqui-moly-peter-baumann-uebergibt-an-marco-esser-41617\\\/#primaryimage\"},\"thumbnailUrl\":\"https:\\\/\\\/static.krafthand-truck.de\\\/uploads\\\/2024\\\/12\\\/Liqui_Moly_Peter_Baumann_Marco_Esser.jpg\",\"datePublished\":\"2024-12-18T11:08:49+00:00\",\"dateModified\":\"2024-12-18T11:17:04+00:00\",\"author\":{\"@id\":\"https:\\\/\\\/www.krafthand.de\\\/truck\\\/#\\\/schema\\\/person\\\/51fa80b1c57034c4bf63f9f988fc24ce\"},\"description\":\"Nach fast 40 Jahren Betriebszugeh\u00f6rigkeit bei Liqui Moly verabschiedet sich Peter Baumann. Sein Nachfolger als Leiter Marketing wird Marco Esser.\",\"breadcrumb\":{\"@id\":\"https:\\\/\\\/www.krafthand.de\\\/truck\\\/artikel\\\/liqui-moly-peter-baumann-uebergibt-an-marco-esser-41617\\\/#breadcrumb\"},\"inLanguage\":\"de\",\"potentialAction\":[{\"@type\":\"ReadAction\",\"target\":[\"https:\\\/\\\/www.krafthand.de\\\/truck\\\/artikel\\\/liqui-moly-peter-baumann-uebergibt-an-marco-esser-41617\\\/\"]}]},{\"@type\":\"ImageObject\",\"inLanguage\":\"de\",\"@id\":\"https:\\\/\\\/www.krafthand.de\\\/truck\\\/artikel\\\/liqui-moly-peter-baumann-uebergibt-an-marco-esser-41617\\\/#primaryimage\",\"url\":\"https:\\\/\\\/static.krafthand-truck.de\\\/uploads\\\/2024\\\/12\\\/Liqui_Moly_Peter_Baumann_Marco_Esser.jpg\",\"contentUrl\":\"https:\\\/\\\/static.krafthand-truck.de\\\/uploads\\\/2024\\\/12\\\/Liqui_Moly_Peter_Baumann_Marco_Esser.jpg\",\"width\":1200,\"height\":846},{\"@type\":\"BreadcrumbList\",\"@id\":\"https:\\\/\\\/www.krafthand.de\\\/truck\\\/artikel\\\/liqui-moly-peter-baumann-uebergibt-an-marco-esser-41617\\\/#breadcrumb\",\"itemListElement\":[{\"@type\":\"ListItem\",\"position\":1,\"name\":\"Krafthand-Truck\",\"item\":\"https:\\\/\\\/www.krafthand.de\\\/truck\\\/\"},{\"@type\":\"ListItem\",\"position\":2,\"name\":\"Nfz-Branche\",\"item\":\"https:\\\/\\\/www.krafthand.de\\\/truck\\\/kategorie\\\/branche\\\/\"},{\"@type\":\"ListItem\",\"position\":3,\"name\":\"K\u00f6pfe\\\/Personen\",\"item\":\"https:\\\/\\\/www.krafthand.de\\\/truck\\\/kategorie\\\/branche\\\/koepfe\\\/\"},{\"@type\":\"ListItem\",\"position\":4,\"name\":\"Liqui Moly: Peter Baumann \u00fcbergibt an Marco Esser\"}]},{\"@type\":\"WebSite\",\"@id\":\"https:\\\/\\\/www.krafthand.de\\\/truck\\\/#website\",\"url\":\"https:\\\/\\\/www.krafthand.de\\\/truck\\\/\",\"name\":\"Krafthand-Truck\",\"description\":\"\",\"potentialAction\":[{\"@type\":\"SearchAction\",\"target\":{\"@type\":\"EntryPoint\",\"urlTemplate\":\"https:\\\/\\\/www.krafthand.de\\\/truck\\\/?s={search_term_string}\"},\"query-input\":{\"@type\":\"PropertyValueSpecification\",\"valueRequired\":true,\"valueName\":\"search_term_string\"}}],\"inLanguage\":\"de\"},{\"@type\":\"Person\",\"@id\":\"https:\\\/\\\/www.krafthand.de\\\/truck\\\/#\\\/schema\\\/person\\\/51fa80b1c57034c4bf63f9f988fc24ce\",\"name\":\"georg.blenk@krafthand-medien.de\",\"image\":{\"@type\":\"ImageObject\",\"inLanguage\":\"de\",\"@id\":\"https:\\\/\\\/secure.gravatar.com\\\/avatar\\\/93713c30affe0aa95d3a4130e499bb1abee2eb31adbdd9ce2aa1543538490215?s=96&d=mm&r=g\",\"url\":\"https:\\\/\\\/secure.gravatar.com\\\/avatar\\\/93713c30affe0aa95d3a4130e499bb1abee2eb31adbdd9ce2aa1543538490215?s=96&d=mm&r=g\",\"contentUrl\":\"https:\\\/\\\/secure.gravatar.com\\\/avatar\\\/93713c30affe0aa95d3a4130e499bb1abee2eb31adbdd9ce2aa1543538490215?s=96&d=mm&r=g\",\"caption\":\"georg.blenk@krafthand-medien.de\"}}]}<\/script>\n<!-- \/ Yoast SEO plugin. -->","yoast_head_json":{"title":"Liqui Moly: Peter Baumann \u00fcbergibt an Marco Esser - Krafthand-Truck","description":"Nach fast 40 Jahren Betriebszugeh\u00f6rigkeit bei Liqui Moly verabschiedet sich Peter Baumann. Sein Nachfolger als Leiter Marketing wird Marco Esser.","robots":{"index":"index","follow":"follow","max-snippet":"max-snippet:-1","max-image-preview":"max-image-preview:large","max-video-preview":"max-video-preview:-1"},"canonical":"https:\/\/www.krafthand.de\/truck\/artikel\/liqui-moly-peter-baumann-uebergibt-an-marco-esser-41617\/","og_locale":"de_DE","og_type":"article","og_title":"Liqui Moly: Peter Baumann \u00fcbergibt an Marco Esser - Krafthand-Truck","og_description":"Nach fast 40 Jahren Betriebszugeh\u00f6rigkeit bei Liqui Moly verabschiedet sich Peter Baumann. Sein Nachfolger als Leiter Marketing wird Marco Esser.","og_url":"https:\/\/www.krafthand-truck.de\/artikel\/liqui-moly-peter-baumann-uebergibt-an-marco-esser-41617\/","og_site_name":"Krafthand-Truck","article_published_time":"2024-12-18T11:08:49+00:00","article_modified_time":"2024-12-18T11:17:04+00:00","og_image":[{"width":1200,"height":846,"url":"https:\/\/static.krafthand-truck.de\/uploads\/2024\/12\/Liqui_Moly_Peter_Baumann_Marco_Esser.jpg","type":"image\/jpeg"}],"author":"georg.blenk@krafthand-medien.de","twitter_card":"summary_large_image","twitter_misc":{"Verfasst von":"georg.blenk@krafthand-medien.de","Gesch\u00e4tzte Lesezeit":"3\u00a0Minuten"},"schema":{"@context":"https:\/\/schema.org","@graph":[{"@type":"Article","@id":"https:\/\/www.krafthand.de\/truck\/artikel\/liqui-moly-peter-baumann-uebergibt-an-marco-esser-41617\/#article","isPartOf":{"@id":"https:\/\/www.krafthand.de\/truck\/artikel\/liqui-moly-peter-baumann-uebergibt-an-marco-esser-41617\/"},"author":{"name":"georg.blenk@krafthand-medien.de","@id":"https:\/\/www.krafthand.de\/truck\/#\/schema\/person\/51fa80b1c57034c4bf63f9f988fc24ce"},"headline":"Liqui Moly: Peter Baumann \u00fcbergibt an Marco Esser","datePublished":"2024-12-18T11:08:49+00:00","dateModified":"2024-12-18T11:17:04+00:00","mainEntityOfPage":{"@id":"https:\/\/www.krafthand.de\/truck\/artikel\/liqui-moly-peter-baumann-uebergibt-an-marco-esser-41617\/"},"wordCount":631,"image":{"@id":"https:\/\/www.krafthand.de\/truck\/artikel\/liqui-moly-peter-baumann-uebergibt-an-marco-esser-41617\/#primaryimage"},"thumbnailUrl":"https:\/\/static.krafthand-truck.de\/uploads\/2024\/12\/Liqui_Moly_Peter_Baumann_Marco_Esser.jpg","keywords":["Ernst Prost","Liqui Moly","Marco Esser","Peter Baumann"],"articleSection":["K\u00f6pfe\/Personen","Unternehmen"],"inLanguage":"de"},{"@type":"WebPage","@id":"https:\/\/www.krafthand.de\/truck\/artikel\/liqui-moly-peter-baumann-uebergibt-an-marco-esser-41617\/","url":"https:\/\/www.krafthand.de\/truck\/artikel\/liqui-moly-peter-baumann-uebergibt-an-marco-esser-41617\/","name":"Liqui Moly: Peter Baumann \u00fcbergibt an Marco Esser - Krafthand-Truck","isPartOf":{"@id":"https:\/\/www.krafthand.de\/truck\/#website"},"primaryImageOfPage":{"@id":"https:\/\/www.krafthand.de\/truck\/artikel\/liqui-moly-peter-baumann-uebergibt-an-marco-esser-41617\/#primaryimage"},"image":{"@id":"https:\/\/www.krafthand.de\/truck\/artikel\/liqui-moly-peter-baumann-uebergibt-an-marco-esser-41617\/#primaryimage"},"thumbnailUrl":"https:\/\/static.krafthand-truck.de\/uploads\/2024\/12\/Liqui_Moly_Peter_Baumann_Marco_Esser.jpg","datePublished":"2024-12-18T11:08:49+00:00","dateModified":"2024-12-18T11:17:04+00:00","author":{"@id":"https:\/\/www.krafthand.de\/truck\/#\/schema\/person\/51fa80b1c57034c4bf63f9f988fc24ce"},"description":"Nach fast 40 Jahren Betriebszugeh\u00f6rigkeit bei Liqui Moly verabschiedet sich Peter Baumann. Sein Nachfolger als Leiter Marketing wird Marco Esser.","breadcrumb":{"@id":"https:\/\/www.krafthand.de\/truck\/artikel\/liqui-moly-peter-baumann-uebergibt-an-marco-esser-41617\/#breadcrumb"},"inLanguage":"de","potentialAction":[{"@type":"ReadAction","target":["https:\/\/www.krafthand.de\/truck\/artikel\/liqui-moly-peter-baumann-uebergibt-an-marco-esser-41617\/"]}]},{"@type":"ImageObject","inLanguage":"de","@id":"https:\/\/www.krafthand.de\/truck\/artikel\/liqui-moly-peter-baumann-uebergibt-an-marco-esser-41617\/#primaryimage","url":"https:\/\/static.krafthand-truck.de\/uploads\/2024\/12\/Liqui_Moly_Peter_Baumann_Marco_Esser.jpg","contentUrl":"https:\/\/static.krafthand-truck.de\/uploads\/2024\/12\/Liqui_Moly_Peter_Baumann_Marco_Esser.jpg","width":1200,"height":846},{"@type":"BreadcrumbList","@id":"https:\/\/www.krafthand.de\/truck\/artikel\/liqui-moly-peter-baumann-uebergibt-an-marco-esser-41617\/#breadcrumb","itemListElement":[{"@type":"ListItem","position":1,"name":"Krafthand-Truck","item":"https:\/\/www.krafthand.de\/truck\/"},{"@type":"ListItem","position":2,"name":"Nfz-Branche","item":"https:\/\/www.krafthand.de\/truck\/kategorie\/branche\/"},{"@type":"ListItem","position":3,"name":"K\u00f6pfe\/Personen","item":"https:\/\/www.krafthand.de\/truck\/kategorie\/branche\/koepfe\/"},{"@type":"ListItem","position":4,"name":"Liqui Moly: Peter Baumann \u00fcbergibt an Marco Esser"}]},{"@type":"WebSite","@id":"https:\/\/www.krafthand.de\/truck\/#website","url":"https:\/\/www.krafthand.de\/truck\/","name":"Krafthand-Truck","description":"","potentialAction":[{"@type":"SearchAction","target":{"@type":"EntryPoint","urlTemplate":"https:\/\/www.krafthand.de\/truck\/?s={search_term_string}"},"query-input":{"@type":"PropertyValueSpecification","valueRequired":true,"valueName":"search_term_string"}}],"inLanguage":"de"},{"@type":"Person","@id":"https:\/\/www.krafthand.de\/truck\/#\/schema\/person\/51fa80b1c57034c4bf63f9f988fc24ce","name":"georg.blenk@krafthand-medien.de","image":{"@type":"ImageObject","inLanguage":"de","@id":"https:\/\/secure.gravatar.com\/avatar\/93713c30affe0aa95d3a4130e499bb1abee2eb31adbdd9ce2aa1543538490215?s=96&d=mm&r=g","url":"https:\/\/secure.gravatar.com\/avatar\/93713c30affe0aa95d3a4130e499bb1abee2eb31adbdd9ce2aa1543538490215?s=96&d=mm&r=g","contentUrl":"https:\/\/secure.gravatar.com\/avatar\/93713c30affe0aa95d3a4130e499bb1abee2eb31adbdd9ce2aa1543538490215?s=96&d=mm&r=g","caption":"georg.blenk@krafthand-medien.de"}}]}},"_links":{"self":[{"href":"https:\/\/www.krafthand.de\/truck\/wp-json\/wp\/v2\/posts\/41617","targetHints":{"allow":["GET"]}}],"collection":[{"href":"https:\/\/www.krafthand.de\/truck\/wp-json\/wp\/v2\/posts"}],"about":[{"href":"https:\/\/www.krafthand.de\/truck\/wp-json\/wp\/v2\/types\/post"}],"author":[{"embeddable":true,"href":"https:\/\/www.krafthand.de\/truck\/wp-json\/wp\/v2\/users\/9"}],"replies":[{"embeddable":true,"href":"https:\/\/www.krafthand.de\/truck\/wp-json\/wp\/v2\/comments?post=41617"}],"version-history":[{"count":15,"href":"https:\/\/www.krafthand.de\/truck\/wp-json\/wp\/v2\/posts\/41617\/revisions"}],"predecessor-version":[{"id":41633,"href":"https:\/\/www.krafthand.de\/truck\/wp-json\/wp\/v2\/posts\/41617\/revisions\/41633"}],"wp:featuredmedia":[{"embeddable":true,"href":"https:\/\/www.krafthand.de\/truck\/wp-json\/wp\/v2\/media\/41619"}],"wp:attachment":[{"href":"https:\/\/www.krafthand.de\/truck\/wp-json\/wp\/v2\/media?parent=41617"}],"wp:term":[{"taxonomy":"category","embeddable":true,"href":"https:\/\/www.krafthand.de\/truck\/wp-json\/wp\/v2\/categories?post=41617"},{"taxonomy":"post_tag","embeddable":true,"href":"https:\/\/www.krafthand.de\/truck\/wp-json\/wp\/v2\/tags?post=41617"},{"taxonomy":"settings","embeddable":true,"href":"https:\/\/www.krafthand.de\/truck\/wp-json\/wp\/v2\/settings?post=41617"}],"curies":[{"name":"wp","href":"https:\/\/api.w.org\/{rel}","templated":true}]}}