{"id":41559,"date":"2024-12-10T09:07:19","date_gmt":"2024-12-10T08:07:19","guid":{"rendered":"https:\/\/www.krafthand.de\/truck\/?p=41559"},"modified":"2024-12-13T12:43:41","modified_gmt":"2024-12-13T11:43:41","slug":"tip-group-feiert-25-jaehriges-jubilaeum-in-oesterreich","status":"publish","type":"post","link":"https:\/\/www.krafthand.de\/truck\/artikel\/tip-group-feiert-25-jaehriges-jubilaeum-in-oesterreich-41559\/","title":{"rendered":"TIP Group feiert 25-j\u00e4hriges Jubil\u00e4um in \u00d6sterreich\u00a0"},"content":{"rendered":"<p>Der herstellerunabh\u00e4ngige Nfz-Vermieter und Serviceanbieter TIP feiert in \u00d6sterreich sein 25-j\u00e4hriges Jubil\u00e4um. Das Unternehmen hat in \u00d6sterreich seine Flotte stetig mit neuen Fahrzeugen und Aufliegern erweitert und zus\u00e4tzliche Serviceleistungen etabliert. Dabei z\u00e4hlt die Vermietung von Trucks und Trailern nach wie vor zum Kerngesch\u00e4ft. Fahrzeugbezogene Leistungen wie die Wartung und Reparatur in den eigenen Werkst\u00e4tten, eine eigene Telematikl\u00f6sung sowie ein eigener Pannenservice wurden in den vergangenen Jahren aber stark ausgebaut und stellen laut TIP auch in Zukunft ein wichtiges Standbein dar, auf dem sich der Vermieter weiterentwickeln m\u00f6chte.<\/p>\n<h3>Breit aufgestellt<\/h3>\n<p>TIP bietet eine breite Palette an Mietl\u00f6sungen f\u00fcr schwere Nutzfahrzeuge und schneidert diese bedarfsgerecht auf die individuellen Kundenanforderungen zu. Seit 2019 f\u00fchrt man wieder schwere Sattelzugmaschinen in gro\u00dfer St\u00fcckzahl und spezialisierte Branchenfahrzeuge in der Mietflotte. <a href=\"https:\/\/www.tip-group.com\/de\" target=\"_blank\" rel=\"noopener\">TIP<\/a> setzt bei der Anschaffung der Mietfahrzeuge auf die neuesten Umweltstandards und erprobt und investiert dar\u00fcber hinaus in innovative Fahrzeugtechnologien. Nachhaltigkeit und Effizienz sind die Pfeiler der strategischen Ausrichtig des Vermieters, der sich zum Ziel gesetzt hat, seinen CO\u2082-Fu\u00dfabdruck durch den Einsatz von emissionsarmen und emissionsfreien Fahrzeugen sowie mit effizienten Transportl\u00f6sungen zu reduzieren.<\/p>\n<h3>Erweiterung der geografischen Reichweite<\/h3>\n<p>Neben dem Nfz-Angebot m\u00f6chte TIP auch seine geografische Reichweite durch den Ausbau seines eigenen Niederlassungs- und Servicenetzes erweitern. Europaweit werden neue Miet- und vor allem Werkstattstandorte Teil der TIP Group. In \u00d6sterreich erschlie\u00dft sich TIP zuletzt die Vorarlberg-Region mit dem Erwerb von <a href=\"https:\/\/www.gisinger.at\" target=\"_blank\" rel=\"noopener\">Gisinger Fahrzeugbau<\/a> in Hohenems. Das traditionsreiche Familienunternehmen ist seit Oktober der dritte Werkstattstandort von TIP in \u00d6sterreich.<br \/>\nSeit Anfang Oktober ist der eigens zu diesem Anlass entworfenen Jubil\u00e4ums-Komplettzug, bestehen aus einer Sattelzugmaschine und einem Gardinen- bezeihungsweise K\u00fchlauflieger, unterwegs. Der Gardinenauflieger wurde einem professionellen Refurbishment in der TIP-Werkstatt in Leopoldsdorf (bei Wien) unterzogen und mit einer neuen Plane im 25-Jahre-Design ausgestattet.<\/p>\n<blockquote><p>\u201eWir freuen uns sehr, dass wir den ersten Jubil\u00e4umskomplettzug von TIP als Mietl\u00f6sung \u00fcbernehmen k\u00f6nnen. Wir freuen uns auf die weitere Zusammenarbeit und gratulieren recht herzlich zum Jubil\u00e4um.\u201c kommentiert Markus Butschek, Branch Manager bei <a href=\"https:\/\/www.cevalogistics.com\/en\" target=\"_blank\" rel=\"noopener\">CEVA Contract Logistics Austria GmbH<\/a>, bei der Fahrzeug\u00fcbergabe in Marchtrenk.<\/p><\/blockquote>\n<h3>Open House Days<\/h3>\n<p>Anl\u00e4sslich des Jubil\u00e4ums plant TIP im kommenden Jahr sogenannte Open House Days in \u00d6sterreich und l\u00e4dt Kunden, Partner und Interessenten zu sich an die Standorte in Marchtrenk (Linz), Leopoldsdorf (Wien) und Hohenems ein. Dort k\u00f6nnen verschiedene Fahrzeuge, unter anderem der neue Volvo Aero sowie ein Kanalreinigungsfahrzeug des Herstellers <a href=\"https:\/\/www.cappellotto.com\/de\/\" target=\"_blank\" rel=\"noopener\">Cappellotto<\/a>, begutachtet werden. Mit dem italienischen Saugwagenhersteller besteht eine neue Kooperationsvereinbarung. Dar\u00fcber hinaus gew\u00e4hrt TIP den Besucher: innen einen exklusiven Einblick hinter die Kulissen ihrer Lkw-Werkst\u00e4tten und ber\u00e4t zum Thema Wartung, Reparatur und Refurbishment von Aufliegern &amp; Co.<\/p>\n<h4>Die Termine der Open House Days<\/h4>\n<p>05. &amp; 06.02.2025<br \/>\nTIP Group &#8211; Niederlassung \u00d6sterreich-West<br \/>\nDipoldsauer Stra\u00dfe 132, A-6845 Hohenems<\/p>\n<p>11.02.2025<br \/>\nTIP Group &#8211; Niederlassung \u00d6sterreich-Mitte<br \/>\nLinzer Stra\u00dfe 174, A-4614 Marchtrenk<\/p>\n<p>13.02.2025<br \/>\nTIP Group &#8211; Niederlassung \u00d6sterreich-Ost<br \/>\nMaria Lanzendorfer Stra\u00dfe 16, A-2333 Leopoldsdorf<\/p>\n","protected":false},"excerpt":{"rendered":"<p>Der herstellerunabh\u00e4ngige Nfz-Vermieter und Serviceanbieter TIP feiert in \u00d6sterreich sein 25-j\u00e4hriges Jubil\u00e4um. Das Unternehmen hat in \u00d6sterreich seine Flotte stetig mit neuen Fahrzeugen und Aufliegern erweitert und zus\u00e4tzliche Serviceleistungen etabliert. <span class=\"excerpt-more__dots\">&#8230;<\/span> <a class=\"excerpt-more__link\" href=\"https:\/\/www.krafthand.de\/truck\/artikel\/tip-group-feiert-25-jaehriges-jubilaeum-in-oesterreich-41559\/\" >weiter<\/a><\/p>\n","protected":false},"author":9,"featured_media":41564,"comment_status":"closed","ping_status":"closed","sticky":false,"template":"","format":"standard","meta":{"footnotes":""},"categories":[4230],"tags":[1422,5083],"settings":[3523],"class_list":["post-41559","post","type-post","status-publish","format-standard","has-post-thumbnail","hentry","category-fuhrpark","tag-oesterreich","tag-tip-trailer-service"],"yoast_head":"<!-- This site is optimized with the Yoast SEO plugin v27.3 - https:\/\/yoast.com\/product\/yoast-seo-wordpress\/ -->\n<title>TIP Group feiert 25-j\u00e4hriges Jubil\u00e4um in \u00d6sterreich\u00a0 - Krafthand-Truck<\/title>\n<meta name=\"description\" content=\"Der herstellerunabh\u00e4ngige Nfz-Vermieter und Serviceanbieter TIP feiert in \u00d6sterreich sein 25-j\u00e4hriges Jubil\u00e4um.\" \/>\n<meta name=\"robots\" content=\"index, follow, max-snippet:-1, max-image-preview:large, max-video-preview:-1\" \/>\n<link rel=\"canonical\" href=\"https:\/\/www.krafthand.de\/truck\/artikel\/tip-group-feiert-25-jaehriges-jubilaeum-in-oesterreich-41559\/\" \/>\n<meta property=\"og:locale\" content=\"de_DE\" \/>\n<meta property=\"og:type\" content=\"article\" \/>\n<meta property=\"og:title\" content=\"TIP Group feiert 25-j\u00e4hriges Jubil\u00e4um in \u00d6sterreich\u00a0 - Krafthand-Truck\" \/>\n<meta property=\"og:description\" content=\"Der herstellerunabh\u00e4ngige Nfz-Vermieter und Serviceanbieter TIP feiert in \u00d6sterreich sein 25-j\u00e4hriges Jubil\u00e4um.\" \/>\n<meta property=\"og:url\" content=\"https:\/\/www.krafthand-truck.de\/artikel\/tip-group-feiert-25-jaehriges-jubilaeum-in-oesterreich-41559\/\" \/>\n<meta property=\"og:site_name\" content=\"Krafthand-Truck\" \/>\n<meta property=\"article:published_time\" content=\"2024-12-10T08:07:19+00:00\" \/>\n<meta property=\"article:modified_time\" content=\"2024-12-13T11:43:41+00:00\" \/>\n<meta property=\"og:image\" content=\"https:\/\/static.krafthand-truck.de\/uploads\/2024\/12\/TIP_Trailerservice_Lkw_Uebergabe_Oesterreich_CEVA.jpg\" \/>\n\t<meta property=\"og:image:width\" content=\"1200\" \/>\n\t<meta property=\"og:image:height\" content=\"872\" \/>\n\t<meta property=\"og:image:type\" content=\"image\/jpeg\" \/>\n<meta name=\"author\" content=\"georg.blenk@krafthand-medien.de\" \/>\n<meta name=\"twitter:card\" content=\"summary_large_image\" \/>\n<meta name=\"twitter:label1\" content=\"Verfasst von\" \/>\n\t<meta name=\"twitter:data1\" content=\"georg.blenk@krafthand-medien.de\" \/>\n\t<meta name=\"twitter:label2\" content=\"Gesch\u00e4tzte Lesezeit\" \/>\n\t<meta name=\"twitter:data2\" content=\"3\u00a0Minuten\" \/>\n<script type=\"application\/ld+json\" class=\"yoast-schema-graph\">{\"@context\":\"https:\\\/\\\/schema.org\",\"@graph\":[{\"@type\":\"Article\",\"@id\":\"https:\\\/\\\/www.krafthand.de\\\/truck\\\/artikel\\\/tip-group-feiert-25-jaehriges-jubilaeum-in-oesterreich-41559\\\/#article\",\"isPartOf\":{\"@id\":\"https:\\\/\\\/www.krafthand.de\\\/truck\\\/artikel\\\/tip-group-feiert-25-jaehriges-jubilaeum-in-oesterreich-41559\\\/\"},\"author\":{\"name\":\"georg.blenk@krafthand-medien.de\",\"@id\":\"https:\\\/\\\/www.krafthand.de\\\/truck\\\/#\\\/schema\\\/person\\\/51fa80b1c57034c4bf63f9f988fc24ce\"},\"headline\":\"TIP Group feiert 25-j\u00e4hriges Jubil\u00e4um in \u00d6sterreich\u00a0\",\"datePublished\":\"2024-12-10T08:07:19+00:00\",\"dateModified\":\"2024-12-13T11:43:41+00:00\",\"mainEntityOfPage\":{\"@id\":\"https:\\\/\\\/www.krafthand.de\\\/truck\\\/artikel\\\/tip-group-feiert-25-jaehriges-jubilaeum-in-oesterreich-41559\\\/\"},\"wordCount\":497,\"image\":{\"@id\":\"https:\\\/\\\/www.krafthand.de\\\/truck\\\/artikel\\\/tip-group-feiert-25-jaehriges-jubilaeum-in-oesterreich-41559\\\/#primaryimage\"},\"thumbnailUrl\":\"https:\\\/\\\/static.krafthand-truck.de\\\/uploads\\\/2024\\\/12\\\/TIP_Trailerservice_Lkw_Uebergabe_Oesterreich_CEVA.jpg\",\"keywords\":[\"\u00d6sterreich\",\"TIP Trailer Service\"],\"articleSection\":[\"IT+Fuhrpark\"],\"inLanguage\":\"de\"},{\"@type\":\"WebPage\",\"@id\":\"https:\\\/\\\/www.krafthand.de\\\/truck\\\/artikel\\\/tip-group-feiert-25-jaehriges-jubilaeum-in-oesterreich-41559\\\/\",\"url\":\"https:\\\/\\\/www.krafthand.de\\\/truck\\\/artikel\\\/tip-group-feiert-25-jaehriges-jubilaeum-in-oesterreich-41559\\\/\",\"name\":\"TIP Group feiert 25-j\u00e4hriges Jubil\u00e4um in \u00d6sterreich\u00a0 - Krafthand-Truck\",\"isPartOf\":{\"@id\":\"https:\\\/\\\/www.krafthand.de\\\/truck\\\/#website\"},\"primaryImageOfPage\":{\"@id\":\"https:\\\/\\\/www.krafthand.de\\\/truck\\\/artikel\\\/tip-group-feiert-25-jaehriges-jubilaeum-in-oesterreich-41559\\\/#primaryimage\"},\"image\":{\"@id\":\"https:\\\/\\\/www.krafthand.de\\\/truck\\\/artikel\\\/tip-group-feiert-25-jaehriges-jubilaeum-in-oesterreich-41559\\\/#primaryimage\"},\"thumbnailUrl\":\"https:\\\/\\\/static.krafthand-truck.de\\\/uploads\\\/2024\\\/12\\\/TIP_Trailerservice_Lkw_Uebergabe_Oesterreich_CEVA.jpg\",\"datePublished\":\"2024-12-10T08:07:19+00:00\",\"dateModified\":\"2024-12-13T11:43:41+00:00\",\"author\":{\"@id\":\"https:\\\/\\\/www.krafthand.de\\\/truck\\\/#\\\/schema\\\/person\\\/51fa80b1c57034c4bf63f9f988fc24ce\"},\"description\":\"Der herstellerunabh\u00e4ngige Nfz-Vermieter und Serviceanbieter TIP feiert in \u00d6sterreich sein 25-j\u00e4hriges Jubil\u00e4um.\",\"breadcrumb\":{\"@id\":\"https:\\\/\\\/www.krafthand.de\\\/truck\\\/artikel\\\/tip-group-feiert-25-jaehriges-jubilaeum-in-oesterreich-41559\\\/#breadcrumb\"},\"inLanguage\":\"de\",\"potentialAction\":[{\"@type\":\"ReadAction\",\"target\":[\"https:\\\/\\\/www.krafthand.de\\\/truck\\\/artikel\\\/tip-group-feiert-25-jaehriges-jubilaeum-in-oesterreich-41559\\\/\"]}]},{\"@type\":\"ImageObject\",\"inLanguage\":\"de\",\"@id\":\"https:\\\/\\\/www.krafthand.de\\\/truck\\\/artikel\\\/tip-group-feiert-25-jaehriges-jubilaeum-in-oesterreich-41559\\\/#primaryimage\",\"url\":\"https:\\\/\\\/static.krafthand-truck.de\\\/uploads\\\/2024\\\/12\\\/TIP_Trailerservice_Lkw_Uebergabe_Oesterreich_CEVA.jpg\",\"contentUrl\":\"https:\\\/\\\/static.krafthand-truck.de\\\/uploads\\\/2024\\\/12\\\/TIP_Trailerservice_Lkw_Uebergabe_Oesterreich_CEVA.jpg\",\"width\":1200,\"height\":872},{\"@type\":\"BreadcrumbList\",\"@id\":\"https:\\\/\\\/www.krafthand.de\\\/truck\\\/artikel\\\/tip-group-feiert-25-jaehriges-jubilaeum-in-oesterreich-41559\\\/#breadcrumb\",\"itemListElement\":[{\"@type\":\"ListItem\",\"position\":1,\"name\":\"Krafthand-Truck\",\"item\":\"https:\\\/\\\/www.krafthand.de\\\/truck\\\/\"},{\"@type\":\"ListItem\",\"position\":2,\"name\":\"IT+Fuhrpark\",\"item\":\"https:\\\/\\\/www.krafthand.de\\\/truck\\\/kategorie\\\/fuhrpark\\\/\"},{\"@type\":\"ListItem\",\"position\":3,\"name\":\"TIP Group feiert 25-j\u00e4hriges Jubil\u00e4um in \u00d6sterreich\u00a0\"}]},{\"@type\":\"WebSite\",\"@id\":\"https:\\\/\\\/www.krafthand.de\\\/truck\\\/#website\",\"url\":\"https:\\\/\\\/www.krafthand.de\\\/truck\\\/\",\"name\":\"Krafthand-Truck\",\"description\":\"\",\"potentialAction\":[{\"@type\":\"SearchAction\",\"target\":{\"@type\":\"EntryPoint\",\"urlTemplate\":\"https:\\\/\\\/www.krafthand.de\\\/truck\\\/?s={search_term_string}\"},\"query-input\":{\"@type\":\"PropertyValueSpecification\",\"valueRequired\":true,\"valueName\":\"search_term_string\"}}],\"inLanguage\":\"de\"},{\"@type\":\"Person\",\"@id\":\"https:\\\/\\\/www.krafthand.de\\\/truck\\\/#\\\/schema\\\/person\\\/51fa80b1c57034c4bf63f9f988fc24ce\",\"name\":\"georg.blenk@krafthand-medien.de\",\"image\":{\"@type\":\"ImageObject\",\"inLanguage\":\"de\",\"@id\":\"https:\\\/\\\/secure.gravatar.com\\\/avatar\\\/93713c30affe0aa95d3a4130e499bb1abee2eb31adbdd9ce2aa1543538490215?s=96&d=mm&r=g\",\"url\":\"https:\\\/\\\/secure.gravatar.com\\\/avatar\\\/93713c30affe0aa95d3a4130e499bb1abee2eb31adbdd9ce2aa1543538490215?s=96&d=mm&r=g\",\"contentUrl\":\"https:\\\/\\\/secure.gravatar.com\\\/avatar\\\/93713c30affe0aa95d3a4130e499bb1abee2eb31adbdd9ce2aa1543538490215?s=96&d=mm&r=g\",\"caption\":\"georg.blenk@krafthand-medien.de\"}}]}<\/script>\n<!-- \/ Yoast SEO plugin. -->","yoast_head_json":{"title":"TIP Group feiert 25-j\u00e4hriges Jubil\u00e4um in \u00d6sterreich\u00a0 - Krafthand-Truck","description":"Der herstellerunabh\u00e4ngige Nfz-Vermieter und Serviceanbieter TIP feiert in \u00d6sterreich sein 25-j\u00e4hriges Jubil\u00e4um.","robots":{"index":"index","follow":"follow","max-snippet":"max-snippet:-1","max-image-preview":"max-image-preview:large","max-video-preview":"max-video-preview:-1"},"canonical":"https:\/\/www.krafthand.de\/truck\/artikel\/tip-group-feiert-25-jaehriges-jubilaeum-in-oesterreich-41559\/","og_locale":"de_DE","og_type":"article","og_title":"TIP Group feiert 25-j\u00e4hriges Jubil\u00e4um in \u00d6sterreich\u00a0 - Krafthand-Truck","og_description":"Der herstellerunabh\u00e4ngige Nfz-Vermieter und Serviceanbieter TIP feiert in \u00d6sterreich sein 25-j\u00e4hriges Jubil\u00e4um.","og_url":"https:\/\/www.krafthand-truck.de\/artikel\/tip-group-feiert-25-jaehriges-jubilaeum-in-oesterreich-41559\/","og_site_name":"Krafthand-Truck","article_published_time":"2024-12-10T08:07:19+00:00","article_modified_time":"2024-12-13T11:43:41+00:00","og_image":[{"width":1200,"height":872,"url":"https:\/\/static.krafthand-truck.de\/uploads\/2024\/12\/TIP_Trailerservice_Lkw_Uebergabe_Oesterreich_CEVA.jpg","type":"image\/jpeg"}],"author":"georg.blenk@krafthand-medien.de","twitter_card":"summary_large_image","twitter_misc":{"Verfasst von":"georg.blenk@krafthand-medien.de","Gesch\u00e4tzte Lesezeit":"3\u00a0Minuten"},"schema":{"@context":"https:\/\/schema.org","@graph":[{"@type":"Article","@id":"https:\/\/www.krafthand.de\/truck\/artikel\/tip-group-feiert-25-jaehriges-jubilaeum-in-oesterreich-41559\/#article","isPartOf":{"@id":"https:\/\/www.krafthand.de\/truck\/artikel\/tip-group-feiert-25-jaehriges-jubilaeum-in-oesterreich-41559\/"},"author":{"name":"georg.blenk@krafthand-medien.de","@id":"https:\/\/www.krafthand.de\/truck\/#\/schema\/person\/51fa80b1c57034c4bf63f9f988fc24ce"},"headline":"TIP Group feiert 25-j\u00e4hriges Jubil\u00e4um in \u00d6sterreich\u00a0","datePublished":"2024-12-10T08:07:19+00:00","dateModified":"2024-12-13T11:43:41+00:00","mainEntityOfPage":{"@id":"https:\/\/www.krafthand.de\/truck\/artikel\/tip-group-feiert-25-jaehriges-jubilaeum-in-oesterreich-41559\/"},"wordCount":497,"image":{"@id":"https:\/\/www.krafthand.de\/truck\/artikel\/tip-group-feiert-25-jaehriges-jubilaeum-in-oesterreich-41559\/#primaryimage"},"thumbnailUrl":"https:\/\/static.krafthand-truck.de\/uploads\/2024\/12\/TIP_Trailerservice_Lkw_Uebergabe_Oesterreich_CEVA.jpg","keywords":["\u00d6sterreich","TIP Trailer Service"],"articleSection":["IT+Fuhrpark"],"inLanguage":"de"},{"@type":"WebPage","@id":"https:\/\/www.krafthand.de\/truck\/artikel\/tip-group-feiert-25-jaehriges-jubilaeum-in-oesterreich-41559\/","url":"https:\/\/www.krafthand.de\/truck\/artikel\/tip-group-feiert-25-jaehriges-jubilaeum-in-oesterreich-41559\/","name":"TIP Group feiert 25-j\u00e4hriges Jubil\u00e4um in \u00d6sterreich\u00a0 - Krafthand-Truck","isPartOf":{"@id":"https:\/\/www.krafthand.de\/truck\/#website"},"primaryImageOfPage":{"@id":"https:\/\/www.krafthand.de\/truck\/artikel\/tip-group-feiert-25-jaehriges-jubilaeum-in-oesterreich-41559\/#primaryimage"},"image":{"@id":"https:\/\/www.krafthand.de\/truck\/artikel\/tip-group-feiert-25-jaehriges-jubilaeum-in-oesterreich-41559\/#primaryimage"},"thumbnailUrl":"https:\/\/static.krafthand-truck.de\/uploads\/2024\/12\/TIP_Trailerservice_Lkw_Uebergabe_Oesterreich_CEVA.jpg","datePublished":"2024-12-10T08:07:19+00:00","dateModified":"2024-12-13T11:43:41+00:00","author":{"@id":"https:\/\/www.krafthand.de\/truck\/#\/schema\/person\/51fa80b1c57034c4bf63f9f988fc24ce"},"description":"Der herstellerunabh\u00e4ngige Nfz-Vermieter und Serviceanbieter TIP feiert in \u00d6sterreich sein 25-j\u00e4hriges Jubil\u00e4um.","breadcrumb":{"@id":"https:\/\/www.krafthand.de\/truck\/artikel\/tip-group-feiert-25-jaehriges-jubilaeum-in-oesterreich-41559\/#breadcrumb"},"inLanguage":"de","potentialAction":[{"@type":"ReadAction","target":["https:\/\/www.krafthand.de\/truck\/artikel\/tip-group-feiert-25-jaehriges-jubilaeum-in-oesterreich-41559\/"]}]},{"@type":"ImageObject","inLanguage":"de","@id":"https:\/\/www.krafthand.de\/truck\/artikel\/tip-group-feiert-25-jaehriges-jubilaeum-in-oesterreich-41559\/#primaryimage","url":"https:\/\/static.krafthand-truck.de\/uploads\/2024\/12\/TIP_Trailerservice_Lkw_Uebergabe_Oesterreich_CEVA.jpg","contentUrl":"https:\/\/static.krafthand-truck.de\/uploads\/2024\/12\/TIP_Trailerservice_Lkw_Uebergabe_Oesterreich_CEVA.jpg","width":1200,"height":872},{"@type":"BreadcrumbList","@id":"https:\/\/www.krafthand.de\/truck\/artikel\/tip-group-feiert-25-jaehriges-jubilaeum-in-oesterreich-41559\/#breadcrumb","itemListElement":[{"@type":"ListItem","position":1,"name":"Krafthand-Truck","item":"https:\/\/www.krafthand.de\/truck\/"},{"@type":"ListItem","position":2,"name":"IT+Fuhrpark","item":"https:\/\/www.krafthand.de\/truck\/kategorie\/fuhrpark\/"},{"@type":"ListItem","position":3,"name":"TIP Group feiert 25-j\u00e4hriges Jubil\u00e4um in \u00d6sterreich\u00a0"}]},{"@type":"WebSite","@id":"https:\/\/www.krafthand.de\/truck\/#website","url":"https:\/\/www.krafthand.de\/truck\/","name":"Krafthand-Truck","description":"","potentialAction":[{"@type":"SearchAction","target":{"@type":"EntryPoint","urlTemplate":"https:\/\/www.krafthand.de\/truck\/?s={search_term_string}"},"query-input":{"@type":"PropertyValueSpecification","valueRequired":true,"valueName":"search_term_string"}}],"inLanguage":"de"},{"@type":"Person","@id":"https:\/\/www.krafthand.de\/truck\/#\/schema\/person\/51fa80b1c57034c4bf63f9f988fc24ce","name":"georg.blenk@krafthand-medien.de","image":{"@type":"ImageObject","inLanguage":"de","@id":"https:\/\/secure.gravatar.com\/avatar\/93713c30affe0aa95d3a4130e499bb1abee2eb31adbdd9ce2aa1543538490215?s=96&d=mm&r=g","url":"https:\/\/secure.gravatar.com\/avatar\/93713c30affe0aa95d3a4130e499bb1abee2eb31adbdd9ce2aa1543538490215?s=96&d=mm&r=g","contentUrl":"https:\/\/secure.gravatar.com\/avatar\/93713c30affe0aa95d3a4130e499bb1abee2eb31adbdd9ce2aa1543538490215?s=96&d=mm&r=g","caption":"georg.blenk@krafthand-medien.de"}}]}},"_links":{"self":[{"href":"https:\/\/www.krafthand.de\/truck\/wp-json\/wp\/v2\/posts\/41559","targetHints":{"allow":["GET"]}}],"collection":[{"href":"https:\/\/www.krafthand.de\/truck\/wp-json\/wp\/v2\/posts"}],"about":[{"href":"https:\/\/www.krafthand.de\/truck\/wp-json\/wp\/v2\/types\/post"}],"author":[{"embeddable":true,"href":"https:\/\/www.krafthand.de\/truck\/wp-json\/wp\/v2\/users\/9"}],"replies":[{"embeddable":true,"href":"https:\/\/www.krafthand.de\/truck\/wp-json\/wp\/v2\/comments?post=41559"}],"version-history":[{"count":8,"href":"https:\/\/www.krafthand.de\/truck\/wp-json\/wp\/v2\/posts\/41559\/revisions"}],"predecessor-version":[{"id":41568,"href":"https:\/\/www.krafthand.de\/truck\/wp-json\/wp\/v2\/posts\/41559\/revisions\/41568"}],"wp:featuredmedia":[{"embeddable":true,"href":"https:\/\/www.krafthand.de\/truck\/wp-json\/wp\/v2\/media\/41564"}],"wp:attachment":[{"href":"https:\/\/www.krafthand.de\/truck\/wp-json\/wp\/v2\/media?parent=41559"}],"wp:term":[{"taxonomy":"category","embeddable":true,"href":"https:\/\/www.krafthand.de\/truck\/wp-json\/wp\/v2\/categories?post=41559"},{"taxonomy":"post_tag","embeddable":true,"href":"https:\/\/www.krafthand.de\/truck\/wp-json\/wp\/v2\/tags?post=41559"},{"taxonomy":"settings","embeddable":true,"href":"https:\/\/www.krafthand.de\/truck\/wp-json\/wp\/v2\/settings?post=41559"}],"curies":[{"name":"wp","href":"https:\/\/api.w.org\/{rel}","templated":true}]}}