{"id":41537,"date":"2024-12-09T11:04:52","date_gmt":"2024-12-09T10:04:52","guid":{"rendered":"https:\/\/www.krafthand.de\/truck\/?p=41537"},"modified":"2024-12-09T11:17:43","modified_gmt":"2024-12-09T10:17:43","slug":"avl-ditest-messen-pruefen-sicher-sein","status":"publish","type":"post","link":"https:\/\/www.krafthand.de\/truck\/artikel\/avl-ditest-messen-pruefen-sicher-sein-41537\/","title":{"rendered":"AVL DiTEST &#8211; Messen, Pr\u00fcfen, sicher sein!"},"content":{"rendered":"<p>Der Spezialist f\u00fcr Mess-, Pr\u00fcf- und Diagnosetechnik AVL DiTEST ist Teil der AVL-Gruppe und unter dem Motto \u201aPassion Innovates Future\u2018 in 50 L\u00e4ndern weltweit aktiv. Die Entwicklungen des 1999 gegr\u00fcndeten \u00f6sterreichisch-deutschen Kfz-\/Nfz-Diagnose- und Messtechnik-Spezialisten, gelten gemeinhin als technologischer Ma\u00dfstab. Zu den Gesch\u00e4ftsfeldern des Unternehmens geh\u00f6ren neben der Elektromobilit\u00e4t, die Fahrzeug-Diagnose, die allgemeine Messtechnik, der Klimaservice und die Abgasuntersuchung. Das Unternehmen besch\u00e4ftigte 2023 gemeinsam mit den internationalen Standorten 393 Mitarbeiterinnen und Mitarbeiter, die einen Jahresumsatz von 125 Millionen Euro erwirtschafteten. Wir liefern einen \u00dcberblick \u00fcber Produkte und L\u00f6sungen f\u00fcr Nutzfahrzeug-Werkst\u00e4tten.<\/p>\n<h3>Partikelz\u00e4hlung mit dem Counter 660<\/h3>\n<figure id=\"attachment_41540\" aria-describedby=\"caption-attachment-41540\" style=\"width: 320px\" class=\"wp-caption alignleft\"><a href=\"https:\/\/static.krafthand-truck.de\/uploads\/2024\/12\/AVL_DiTest_Partikelzaehler_Counter_660.jpg\" target=\"_blank\" rel=\"noopener\"><img fetchpriority=\"high\" decoding=\"async\" class=\"wp-image-41540\" src=\"https:\/\/static.krafthand-truck.de\/uploads\/2024\/12\/AVL_DiTest_Partikelzaehler_Counter_660-300x269.jpg\" alt=\"\" width=\"320\" height=\"287\" srcset=\"https:\/\/static.krafthand-truck.de\/uploads\/2024\/12\/AVL_DiTest_Partikelzaehler_Counter_660-300x269.jpg 300w, https:\/\/static.krafthand-truck.de\/uploads\/2024\/12\/AVL_DiTest_Partikelzaehler_Counter_660-1024x918.jpg 1024w, https:\/\/static.krafthand-truck.de\/uploads\/2024\/12\/AVL_DiTest_Partikelzaehler_Counter_660-768x688.jpg 768w, https:\/\/static.krafthand-truck.de\/uploads\/2024\/12\/AVL_DiTest_Partikelzaehler_Counter_660.jpg 1185w\" sizes=\"(max-width: 320px) 100vw, 320px\" \/><\/a><figcaption id=\"caption-attachment-41540\" class=\"wp-caption-text\">Das Partikelz\u00e4hlger\u00e4t Counter 660 basiert auf dem sogenannten Diffusion-Charging-Prinzip.<\/figcaption><\/figure>\n<p>Der nachhaltige Umgang mit der Umwelt spielt im Verkehr eine gro\u00dfe Rolle. Aus diesem Grund werden Abgaswerte von Fahrzeugen immer genauer \u00fcberpr\u00fcft. Seit Kurzem steht die Messung der Partikelanzahl von modernen Dieselfahrzeugen, sowohl bei Pkw als auch bei Lkw, im Zentrum der Betrachtung. Grundlage daf\u00fcr ist die strengere AU-Gesetzgebung zur Messung der Partikelanzahl w\u00e4hrend der wiederkehrenden, technischen Inspektion, die in Deutschland seit dem 01.01.2023 verpflichtend ist. Mit dem Counter 660 hat <a href=\"https:\/\/www.avlditest.com\/de\/startseite.html\" target=\"_blank\" rel=\"noopener\">AVL DiTEST<\/a> ein Ger\u00e4t zur pr\u00e4zisen Partikelz\u00e4hlung, das kontinuierlich im ganzt\u00e4gigen Dauerbetrieb verwendet werden kann im Programm. Es basiert auf dem Prinzip \u201aDiffusion Charging\u2018, kurz DC, dem elektrischen Aufladen von Partikeln. Das DC-Prinzip erm\u00f6gliche laut AVL DiTEST eine schnelle Messverf\u00fcgbarkeit ohne Betriebsmittel, eine exakte Partikelz\u00e4hlung in kurzer Zeit und kontinuierliche Messungen im ganzt\u00e4gigen Dauerbetrieb. Falls zuk\u00fcnftig gefordert, k\u00f6nnten mit dem AVL DiTEST Counter 660 auch Benzinfahrzeuge \u00fcberpr\u00fcft werden. Die Kalibrierung des Ger\u00e4ts kann im eigenen Kalibrierlabor gem\u00e4\u00df ISO 17025 durchgef\u00fchrt werden.<\/p>\n<p>&nbsp;<\/p>\n<h3>Diagnose mit pr\u00e4ziser Messtechnik<\/h3>\n<figure id=\"attachment_41542\" aria-describedby=\"caption-attachment-41542\" style=\"width: 380px\" class=\"wp-caption alignright\"><a href=\"https:\/\/static.krafthand-truck.de\/uploads\/2024\/12\/AVL_DiTest_Oszilloskop_Scope_1400.jpg\" target=\"_blank\" rel=\"noopener\"><img decoding=\"async\" class=\"wp-image-41542\" src=\"https:\/\/static.krafthand-truck.de\/uploads\/2024\/12\/AVL_DiTest_Oszilloskop_Scope_1400-300x200.jpg\" alt=\"\" width=\"380\" height=\"254\" srcset=\"https:\/\/static.krafthand-truck.de\/uploads\/2024\/12\/AVL_DiTest_Oszilloskop_Scope_1400-300x200.jpg 300w, https:\/\/static.krafthand-truck.de\/uploads\/2024\/12\/AVL_DiTest_Oszilloskop_Scope_1400-1024x684.jpg 1024w, https:\/\/static.krafthand-truck.de\/uploads\/2024\/12\/AVL_DiTest_Oszilloskop_Scope_1400-768x513.jpg 768w, https:\/\/static.krafthand-truck.de\/uploads\/2024\/12\/AVL_DiTest_Oszilloskop_Scope_1400.jpg 1200w\" sizes=\"(max-width: 380px) 100vw, 380px\" \/><\/a><figcaption id=\"caption-attachment-41542\" class=\"wp-caption-text\">Das Scope 1400 verf\u00fcgt \u00fcber eine gef\u00fchrte Anschlusserkl\u00e4rung von Sensoren mittels Active-Probe-Supply inklusive Color Guide.<\/figcaption><\/figure>\n<p>Die Anzahl der elektronischen Komponenten in Kraftfahrzeugen hat in den letzten Jahren um ein Vielfaches zugenommen. Sie sind ein unverzichtbarer Bestandteil f\u00fcr die Funktionsweise von Fahrzeugen. Diese zu bewerten ist eine komplexe und herausfordernde Aufgabe. Mit dem AVL DiTEST SCOPE 1400 steht den Anwendern in der Pkw- und Nfz-Werkstatt zur Fehlerdiagnose eine hochpr\u00e4zise Messeinheit zur Verf\u00fcgung. Die Diagnose mit dem Oszilloskop selbst wird in drei einfachen, men\u00fcgef\u00fchrten Schritten durchgef\u00fchrt. Das pr\u00e4zise Lokalisieren des Fehlers spart Zeit und Material, es werden nur noch jene Komponenten ersetzt, die auch tats\u00e4chlich defekt sind. Das Scope 1400 ist laut AVL DiTEST der verl\u00e4ssliche Weg, um Fehlern schnell und sicher auf die Spur zu kommen.<\/p>\n<figure id=\"attachment_41543\" aria-describedby=\"caption-attachment-41543\" style=\"width: 320px\" class=\"wp-caption alignleft\"><a href=\"https:\/\/static.krafthand-truck.de\/uploads\/2024\/12\/AVL_DiTest_ADS_340_Klimaservicegeraet_R744_CO2.jpg\" target=\"_blank\" rel=\"noopener\"><img decoding=\"async\" class=\"wp-image-41543\" src=\"https:\/\/static.krafthand-truck.de\/uploads\/2024\/12\/AVL_DiTest_ADS_340_Klimaservicegeraet_R744_CO2-230x300.jpg\" alt=\"\" width=\"320\" height=\"418\" srcset=\"https:\/\/static.krafthand-truck.de\/uploads\/2024\/12\/AVL_DiTest_ADS_340_Klimaservicegeraet_R744_CO2-230x300.jpg 230w, https:\/\/static.krafthand-truck.de\/uploads\/2024\/12\/AVL_DiTest_ADS_340_Klimaservicegeraet_R744_CO2-785x1024.jpg 785w, https:\/\/static.krafthand-truck.de\/uploads\/2024\/12\/AVL_DiTest_ADS_340_Klimaservicegeraet_R744_CO2-768x1002.jpg 768w, https:\/\/static.krafthand-truck.de\/uploads\/2024\/12\/AVL_DiTest_ADS_340_Klimaservicegeraet_R744_CO2.jpg 1000w\" sizes=\"(max-width: 320px) 100vw, 320px\" \/><\/a><figcaption id=\"caption-attachment-41543\" class=\"wp-caption-text\">Das Klimaserviceger\u00e4t ADS 340 f\u00fcr CO2-Klimaanlagen.<\/figcaption><\/figure>\n<h3>L\u00f6sungen f\u00fcr den Klimaservice<\/h3>\n<p>Mit professionell durchgef\u00fchrten Klimaservices tragen Nfz-Werkst\u00e4tten einen wichtigen Teil zum Klimaschutz bei. AVL DiTEST m\u00f6chte dabei die Betriebe unterst\u00fctzen und die Umweltbelastung durch vollautomatische, intuitive Ger\u00e4te auf ein Minimum reduzieren. Beispielsweise erm\u00f6glicht das Klimaserviceger\u00e4t ADS 340 einen schnellen und vollautomatischen Klimaservice an Bussen mit CO2-Klimaanlagen. Der Einsatz des Naturgases CO2 (R744) als K\u00e4ltemittel f\u00fcr Lkw ist ebenfalls auf dem Vormarsch.<\/p>\n<figure id=\"attachment_41544\" aria-describedby=\"caption-attachment-41544\" style=\"width: 180px\" class=\"wp-caption alignright\"><a href=\"https:\/\/static.krafthand-truck.de\/uploads\/2024\/12\/AVL_DiTest_DPG_1340_Druckpruefgeraet.jpg\" target=\"_blank\" rel=\"noopener\"><img loading=\"lazy\" decoding=\"async\" class=\"wp-image-41544\" src=\"https:\/\/static.krafthand-truck.de\/uploads\/2024\/12\/AVL_DiTest_DPG_1340_Druckpruefgeraet-145x300.jpg\" alt=\"\" width=\"180\" height=\"372\" srcset=\"https:\/\/static.krafthand-truck.de\/uploads\/2024\/12\/AVL_DiTest_DPG_1340_Druckpruefgeraet-145x300.jpg 145w, https:\/\/static.krafthand-truck.de\/uploads\/2024\/12\/AVL_DiTest_DPG_1340_Druckpruefgeraet-495x1024.jpg 495w, https:\/\/static.krafthand-truck.de\/uploads\/2024\/12\/AVL_DiTest_DPG_1340_Druckpruefgeraet-768x1588.jpg 768w, https:\/\/static.krafthand-truck.de\/uploads\/2024\/12\/AVL_DiTest_DPG_1340_Druckpruefgeraet-743x1536.jpg 743w, https:\/\/static.krafthand-truck.de\/uploads\/2024\/12\/AVL_DiTest_DPG_1340_Druckpruefgeraet.jpg 800w\" sizes=\"(max-width: 180px) 100vw, 180px\" \/><\/a><figcaption id=\"caption-attachment-41544\" class=\"wp-caption-text\">Das Druckpr\u00fcfger\u00e4t DPG 1340 arbeitet mit Formiergas,<\/figcaption><\/figure>\n<p>Sowohl f\u00fcr die Umwelt, technisch als auch kostenseitig, bietet CO2 viele Vorteile und ist mit einem GWP (Global-Warming-Potential) von \u201a1\u2018 faktisch klimaneutral. Technisch er\u00f6ffnet das Gas durch die m\u00f6gliche Nutzung als K\u00fchl- und Heizmittel beispielsweise auch neue Anwendungsbereiche f\u00fcr Elektrobusse wie beispielsweise dem Daimler eCitaro (EvoBus) und den Solaris Urbino. Der Leistungsumfang der Ger\u00e4te umfasst den vollautomatischen Ablauf und die automatische Dokumentation der durchgef\u00fchrten Arbeiten, sicheren Umgang mit Arbeitsdruck von bis zu 140 bar und eine hohe Bef\u00fcllgenauigkeit. Das ADS 340 ist f\u00fcr den permanenten Einsatz in der Werkstatt konzipiert und erm\u00f6glicht zudem ein einfaches und schnelles Wechseln der CO2-Flaschen.<\/p>\n<p>Erg\u00e4nzend bietet AVL DiTEST das Druckpr\u00fcfger\u00e4t DPG 1340 an. Es kann bei Klimaanlagen mit den drei aktuellen K\u00e4ltemitteln R134a, R1234yf sowie R744 eingesetzt werden. Das Ger\u00e4t erm\u00f6glicht die einfache und effiziente Ortung von Leckagen im K\u00e4ltemittelkreislauf durch Einbringen von Formiergas (Stickstoff\/Wasserstoff). Zur exakten Detektion von Leckagen wird der austretende Wasserstoff durch ein separates Gassp\u00fcrger\u00e4t lokalisiert.<\/p>\n<p>&nbsp;<\/p>\n<div class=\"infobox box-grey\"><\/p>\n<p><figure id=\"attachment_41546\" aria-describedby=\"caption-attachment-41546\" style=\"width: 140px\" class=\"wp-caption alignleft\"><a href=\"https:\/\/static.krafthand-truck.de\/uploads\/2024\/12\/AVL_DiTest_Ralf_Kerssenfischer.jpg\" target=\"_blank\" rel=\"noopener\"><img loading=\"lazy\" decoding=\"async\" class=\"wp-image-41546\" src=\"https:\/\/static.krafthand-truck.de\/uploads\/2024\/12\/AVL_DiTest_Ralf_Kerssenfischer-238x300.jpg\" alt=\"\" width=\"140\" height=\"177\" srcset=\"https:\/\/static.krafthand-truck.de\/uploads\/2024\/12\/AVL_DiTest_Ralf_Kerssenfischer-238x300.jpg 238w, https:\/\/static.krafthand-truck.de\/uploads\/2024\/12\/AVL_DiTest_Ralf_Kerssenfischer-768x969.jpg 768w, https:\/\/static.krafthand-truck.de\/uploads\/2024\/12\/AVL_DiTest_Ralf_Kerssenfischer.jpg 800w\" sizes=\"(max-width: 140px) 100vw, 140px\" \/><\/a><figcaption id=\"caption-attachment-41546\" class=\"wp-caption-text\">Ralf Kerssenfischer.<\/figcaption><\/figure><\/p>\n<p>&nbsp;<\/p>\n<p><em>\u201eIn Zukunft werden die Anforderungen an Pkw- und Lkw-Werkst\u00e4tten in Sachen Elektromobilit\u00e4t weiter steigen. Basierend auf der Innovationsst\u00e4rke und dem Know-how der AVL DiTEST werden wir die Betriebe mit hochwertigen Wartungs- und Diagnose-L\u00f6sungen sowie mit Informationen unterst\u00fctzen\u201c<\/em>, so Ralf Kerssenfischer, Gesch\u00e4ftsf\u00fchrer AVL DiTEST Deutschland.<\/p>\n<p>&nbsp;<\/p>\n<p><\/div>\n<h3><\/h3>\n<h3>Sichere Diagnose f\u00fcr den Reparaturprozess an E-Fahrzeugen<\/h3>\n<p>AVL DiTEST bietet zudem auch Pr\u00fcfwerkzeuge f\u00fcr elektrisch angetriebene Fahrzeuge an. Die Diagnose und Wartung in den Pkw- und Nfz-Werkst\u00e4tten k\u00f6nne so sicher und gem\u00e4\u00df den l\u00e4nderspezifischen Normen durchgef\u00fchrt werden. Beispielsweise haben die Experten von AVL DiTEST f\u00fcr den gesamten Reparaturprozess von Traktionsbatterien fr\u00fch Fachkompetenz aufgebaut. So sei ein Produktportfolio entstanden, das mit unterschiedlichen L\u00f6sungen den kompletten Reparaturprozess abdeckt. Der Fokus liegt aktuell auf L\u00f6sungen f\u00fcr Fahrzeughersteller. In Zusammenarbeit mit OEMs wurden bereits zahlreiche Werkzeuge f\u00fcr sicheres Arbeiten an Batterien f\u00fcr Elektro- und Hybridfahrzeuge entwickelt. In absehbarer Zukunft werden die Anforderungen an freie Werkst\u00e4tten in diesem Bereich ebenfalls zunehmen. Ein Produkt aus dem umfassenden Portfolio ist das workSAFE. Es wird eingesetzt, um sicherheitsrelevante Messungen an Hochvoltsystemen von Fahrzeugen mit Elektroantrieb durchzuf\u00fchren.<\/p>\n<figure id=\"attachment_41547\" aria-describedby=\"caption-attachment-41547\" style=\"width: 320px\" class=\"wp-caption alignright\"><a href=\"https:\/\/static.krafthand-truck.de\/uploads\/2024\/12\/AVL_DiTest_Worksave_E_Lkw_Spannungsfreiheit_Potenzialausgleich.jpg\" target=\"_blank\" rel=\"noopener\"><img loading=\"lazy\" decoding=\"async\" class=\"wp-image-41547\" src=\"https:\/\/static.krafthand-truck.de\/uploads\/2024\/12\/AVL_DiTest_Worksave_E_Lkw_Spannungsfreiheit_Potenzialausgleich-230x300.jpg\" alt=\"\" width=\"320\" height=\"418\" srcset=\"https:\/\/static.krafthand-truck.de\/uploads\/2024\/12\/AVL_DiTest_Worksave_E_Lkw_Spannungsfreiheit_Potenzialausgleich-230x300.jpg 230w, https:\/\/static.krafthand-truck.de\/uploads\/2024\/12\/AVL_DiTest_Worksave_E_Lkw_Spannungsfreiheit_Potenzialausgleich-784x1024.jpg 784w, https:\/\/static.krafthand-truck.de\/uploads\/2024\/12\/AVL_DiTest_Worksave_E_Lkw_Spannungsfreiheit_Potenzialausgleich-768x1003.jpg 768w, https:\/\/static.krafthand-truck.de\/uploads\/2024\/12\/AVL_DiTest_Worksave_E_Lkw_Spannungsfreiheit_Potenzialausgleich-1176x1536.jpg 1176w, https:\/\/static.krafthand-truck.de\/uploads\/2024\/12\/AVL_DiTest_Worksave_E_Lkw_Spannungsfreiheit_Potenzialausgleich.jpg 1200w\" sizes=\"(max-width: 320px) 100vw, 320px\" \/><\/a><figcaption id=\"caption-attachment-41547\" class=\"wp-caption-text\">Das AVL DiTEST workSAFE wird eingesetzt, um sicherheitsrelevante Messungen an Hochvoltsystemen von Fahrzeugen mit Elektroantrieb durchzuf\u00fchren.<\/figcaption><\/figure>\n<p>Zu diesen Messungen geh\u00f6ren insbesondere die Feststellung der Spannungsfreiheit, die \u00dcberpr\u00fcfung des Potentialausgleichs sowie das Messen des Isolationswiderstands. Mit dem workSAFE k\u00f6nnen Anwender den spannungsfreien Zustand des Fahrzeugs schnell und zuverl\u00e4ssig verifizieren und dokumentieren. Dies ist essenziell f\u00fcr die sichere Durchf\u00fchrung von Service- und Reparaturarbeiten. Der Potentialausgleich l\u00e4sst sich mit dem workSAFE ebenfalls pr\u00e4zise \u00fcberpr\u00fcfen, um gef\u00e4hrliche Potentialunterschiede zwischen verschiedenen Komponenten des Hochvolt-Systems zu vermeiden. Zudem k\u00f6nnten Isolationsfehler nur im Falle eines ordnungsgem\u00e4\u00dfen Potentialausgleichs zuverl\u00e4ssig vom Isolationsw\u00e4chter detektiert werden.<br \/>\nDie \u00dcberpr\u00fcfung des Isolationswiderstands erfordert das Anlegen einer Pr\u00fcfspannung, welche mindestens der Batteriespannung des Fahrzeugs entspricht. workSAFE generiert Spannungen bis zu 1.500 V DC und ist damit auch f\u00fcr zuk\u00fcnftige Fahrzeuggenerationen ger\u00fcstet. Anwender k\u00f6nnen den Isolationswiderstand au\u00dferdem gem\u00e4\u00df SAE J1766 auch am aktiven Hochvoltsystem messen. Dar\u00fcber hinaus ist das workSAFE in einer an die chinesische Norm GB 18384-2020 angepassten Variante verf\u00fcgbar. Diese ist mit einer dritten, steckbaren Messleitung ausgestattet, und erm\u00f6glicht dadurch schnellere und pr\u00e4zisere Messergebnisse f\u00fcr den Isolationswiderstand am aktiven System.<\/p>\n<p><i>Den Beitrag finden Sie auch in der Print-Ausgabe 4-2024 der <a href=\"https:\/\/www.krafthand.de\/truck\/magazin\/\" title=\"Zum Magazin\">Krafthand-Truck<\/a>.<\/i><\/p>\r\n\t\t\t\t<div class=\"post-author\">\r\n\t\t\t\t\t<div class=\"khm-cp-author clearfix\">\r\n\t\t\t\t\t\t<div class=\"khm-cp-author__content\">\r\n\t\t\t\t\t\t\t\tKontakt zum Autor:<br \/>\r\n\t\t\t\t\t\t\t\t<strong>Georg Blenk<\/strong>, 08247 \/ 3007-45 |  <a href=\"mailto:georg.blenk@krafthand-medien.de\">georg.blenk@krafthand-medien.de<\/a>\r\n\t\t\t\t\t\t\t<div class=\"khm-cp-author__image\">\r\n\t\t\t\t\t\t<img src=\"https:\/\/static.krafthand-truck.de\/uploads\/2021\/01\/Blenk_6104-250x300-1-removebg-preview.png\" class=\"img-responsive\">\r\n\t\t\t\t\t<\/div>\r\n\t\t\t\t\t\t<\/div>\r\n\t\t\t\t\t<\/div>\r\n\t\t\t\t<\/div>\r\n\t\t\t\t","protected":false},"excerpt":{"rendered":"<p>Der Spezialist f\u00fcr Mess-, Pr\u00fcf- und Diagnosetechnik AVL DiTEST ist Teil der AVL-Gruppe und unter dem Motto \u201aPassion Innovates Future\u2018 in 50 L\u00e4ndern weltweit aktiv. Die Entwicklungen des 1999 gegr\u00fcndeten \u00f6sterreichisch-deutschen Kfz-\/Nfz-Diagnose- und Messtechnik-Spezialisten, gelten gemeinhin als technologischer Ma\u00dfstab. Wir stellen das Unternehmen vor. <span class=\"excerpt-more__dots\">&#8230;<\/span> <a class=\"excerpt-more__link\" href=\"https:\/\/www.krafthand.de\/truck\/artikel\/avl-ditest-messen-pruefen-sicher-sein-41537\/\" >weiter<\/a><\/p>\n","protected":false},"author":9,"featured_media":41538,"comment_status":"closed","ping_status":"closed","sticky":false,"template":"","format":"standard","meta":{"footnotes":""},"categories":[4220],"tags":[974,6112,80,5186,6111,5282],"settings":[3524,4766,3523],"class_list":["post-41537","post","type-post","status-publish","format-standard","has-post-thumbnail","hentry","category-werkstattausruestung","tag-avl-ditest","tag-druckpruefung","tag-klimaservice","tag-partikelzaehler","tag-potenzialausgleich","tag-r744"],"yoast_head":"<!-- This site is optimized with the Yoast SEO plugin v27.3 - https:\/\/yoast.com\/product\/yoast-seo-wordpress\/ -->\n<title>AVL-DiTEST I Das Unternehmen I Krafthand-Truck<\/title>\n<meta name=\"description\" content=\"Der Spezialist f\u00fcr Mess-, Pr\u00fcf- und Diagnosetechnik AVL DiTEST ist Teil der AVL-Gruppe und ist in 50 L\u00e4ndern weltweit aktiv.\" \/>\n<meta name=\"robots\" content=\"index, follow, max-snippet:-1, max-image-preview:large, max-video-preview:-1\" \/>\n<link rel=\"canonical\" href=\"https:\/\/www.krafthand.de\/truck\/artikel\/avl-ditest-messen-pruefen-sicher-sein-41537\/\" \/>\n<meta property=\"og:locale\" content=\"de_DE\" \/>\n<meta property=\"og:type\" content=\"article\" \/>\n<meta property=\"og:title\" content=\"AVL-DiTEST I Das Unternehmen I Krafthand-Truck\" \/>\n<meta property=\"og:description\" content=\"Der Spezialist f\u00fcr Mess-, Pr\u00fcf- und Diagnosetechnik AVL DiTEST ist Teil der AVL-Gruppe und ist in 50 L\u00e4ndern weltweit aktiv.\" \/>\n<meta property=\"og:url\" content=\"https:\/\/www.krafthand-truck.de\/artikel\/avl-ditest-messen-pruefen-sicher-sein-41537\/\" \/>\n<meta property=\"og:site_name\" content=\"Krafthand-Truck\" \/>\n<meta property=\"article:published_time\" content=\"2024-12-09T10:04:52+00:00\" \/>\n<meta property=\"article:modified_time\" content=\"2024-12-09T10:17:43+00:00\" \/>\n<meta property=\"og:image\" content=\"https:\/\/static.krafthand-truck.de\/uploads\/2024\/12\/AVL_DiTest_Nfz-Aftermarket_R744.jpg\" \/>\n\t<meta property=\"og:image:width\" content=\"1200\" \/>\n\t<meta property=\"og:image:height\" content=\"548\" \/>\n\t<meta property=\"og:image:type\" content=\"image\/jpeg\" \/>\n<meta name=\"author\" content=\"georg.blenk@krafthand-medien.de\" \/>\n<meta name=\"twitter:card\" content=\"summary_large_image\" \/>\n<meta name=\"twitter:label1\" content=\"Verfasst von\" \/>\n\t<meta name=\"twitter:data1\" content=\"georg.blenk@krafthand-medien.de\" \/>\n\t<meta name=\"twitter:label2\" content=\"Gesch\u00e4tzte Lesezeit\" \/>\n\t<meta name=\"twitter:data2\" content=\"7\u00a0Minuten\" \/>\n<script type=\"application\/ld+json\" class=\"yoast-schema-graph\">{\"@context\":\"https:\\\/\\\/schema.org\",\"@graph\":[{\"@type\":\"Article\",\"@id\":\"https:\\\/\\\/www.krafthand.de\\\/truck\\\/artikel\\\/avl-ditest-messen-pruefen-sicher-sein-41537\\\/#article\",\"isPartOf\":{\"@id\":\"https:\\\/\\\/www.krafthand.de\\\/truck\\\/artikel\\\/avl-ditest-messen-pruefen-sicher-sein-41537\\\/\"},\"author\":{\"name\":\"georg.blenk@krafthand-medien.de\",\"@id\":\"https:\\\/\\\/www.krafthand.de\\\/truck\\\/#\\\/schema\\\/person\\\/51fa80b1c57034c4bf63f9f988fc24ce\"},\"headline\":\"AVL DiTEST &#8211; Messen, Pr\u00fcfen, sicher sein!\",\"datePublished\":\"2024-12-09T10:04:52+00:00\",\"dateModified\":\"2024-12-09T10:17:43+00:00\",\"mainEntityOfPage\":{\"@id\":\"https:\\\/\\\/www.krafthand.de\\\/truck\\\/artikel\\\/avl-ditest-messen-pruefen-sicher-sein-41537\\\/\"},\"wordCount\":1137,\"image\":{\"@id\":\"https:\\\/\\\/www.krafthand.de\\\/truck\\\/artikel\\\/avl-ditest-messen-pruefen-sicher-sein-41537\\\/#primaryimage\"},\"thumbnailUrl\":\"https:\\\/\\\/static.krafthand-truck.de\\\/uploads\\\/2024\\\/12\\\/AVL_DiTest_Nfz-Aftermarket_R744.jpg\",\"keywords\":[\"AVL Ditest\",\"Druckpr\u00fcfung\",\"Klimaservice\",\"Partikelz\u00e4hler\",\"Potenzialausgleich\",\"R744\"],\"articleSection\":[\"Werkstattausr\u00fcstung\"],\"inLanguage\":\"de\"},{\"@type\":\"WebPage\",\"@id\":\"https:\\\/\\\/www.krafthand.de\\\/truck\\\/artikel\\\/avl-ditest-messen-pruefen-sicher-sein-41537\\\/\",\"url\":\"https:\\\/\\\/www.krafthand.de\\\/truck\\\/artikel\\\/avl-ditest-messen-pruefen-sicher-sein-41537\\\/\",\"name\":\"AVL-DiTEST I Das Unternehmen I Krafthand-Truck\",\"isPartOf\":{\"@id\":\"https:\\\/\\\/www.krafthand.de\\\/truck\\\/#website\"},\"primaryImageOfPage\":{\"@id\":\"https:\\\/\\\/www.krafthand.de\\\/truck\\\/artikel\\\/avl-ditest-messen-pruefen-sicher-sein-41537\\\/#primaryimage\"},\"image\":{\"@id\":\"https:\\\/\\\/www.krafthand.de\\\/truck\\\/artikel\\\/avl-ditest-messen-pruefen-sicher-sein-41537\\\/#primaryimage\"},\"thumbnailUrl\":\"https:\\\/\\\/static.krafthand-truck.de\\\/uploads\\\/2024\\\/12\\\/AVL_DiTest_Nfz-Aftermarket_R744.jpg\",\"datePublished\":\"2024-12-09T10:04:52+00:00\",\"dateModified\":\"2024-12-09T10:17:43+00:00\",\"author\":{\"@id\":\"https:\\\/\\\/www.krafthand.de\\\/truck\\\/#\\\/schema\\\/person\\\/51fa80b1c57034c4bf63f9f988fc24ce\"},\"description\":\"Der Spezialist f\u00fcr Mess-, Pr\u00fcf- und Diagnosetechnik AVL DiTEST ist Teil der AVL-Gruppe und ist in 50 L\u00e4ndern weltweit aktiv.\",\"breadcrumb\":{\"@id\":\"https:\\\/\\\/www.krafthand.de\\\/truck\\\/artikel\\\/avl-ditest-messen-pruefen-sicher-sein-41537\\\/#breadcrumb\"},\"inLanguage\":\"de\",\"potentialAction\":[{\"@type\":\"ReadAction\",\"target\":[\"https:\\\/\\\/www.krafthand.de\\\/truck\\\/artikel\\\/avl-ditest-messen-pruefen-sicher-sein-41537\\\/\"]}]},{\"@type\":\"ImageObject\",\"inLanguage\":\"de\",\"@id\":\"https:\\\/\\\/www.krafthand.de\\\/truck\\\/artikel\\\/avl-ditest-messen-pruefen-sicher-sein-41537\\\/#primaryimage\",\"url\":\"https:\\\/\\\/static.krafthand-truck.de\\\/uploads\\\/2024\\\/12\\\/AVL_DiTest_Nfz-Aftermarket_R744.jpg\",\"contentUrl\":\"https:\\\/\\\/static.krafthand-truck.de\\\/uploads\\\/2024\\\/12\\\/AVL_DiTest_Nfz-Aftermarket_R744.jpg\",\"width\":1200,\"height\":548},{\"@type\":\"BreadcrumbList\",\"@id\":\"https:\\\/\\\/www.krafthand.de\\\/truck\\\/artikel\\\/avl-ditest-messen-pruefen-sicher-sein-41537\\\/#breadcrumb\",\"itemListElement\":[{\"@type\":\"ListItem\",\"position\":1,\"name\":\"Krafthand-Truck\",\"item\":\"https:\\\/\\\/www.krafthand.de\\\/truck\\\/\"},{\"@type\":\"ListItem\",\"position\":2,\"name\":\"Nfz-Service\",\"item\":\"https:\\\/\\\/www.krafthand.de\\\/truck\\\/kategorie\\\/nfz-service\\\/\"},{\"@type\":\"ListItem\",\"position\":3,\"name\":\"Werkstattausr\u00fcstung\",\"item\":\"https:\\\/\\\/www.krafthand.de\\\/truck\\\/kategorie\\\/nfz-service\\\/werkstattausruestung\\\/\"},{\"@type\":\"ListItem\",\"position\":4,\"name\":\"AVL DiTEST &#8211; Messen, Pr\u00fcfen, sicher sein!\"}]},{\"@type\":\"WebSite\",\"@id\":\"https:\\\/\\\/www.krafthand.de\\\/truck\\\/#website\",\"url\":\"https:\\\/\\\/www.krafthand.de\\\/truck\\\/\",\"name\":\"Krafthand-Truck\",\"description\":\"\",\"potentialAction\":[{\"@type\":\"SearchAction\",\"target\":{\"@type\":\"EntryPoint\",\"urlTemplate\":\"https:\\\/\\\/www.krafthand.de\\\/truck\\\/?s={search_term_string}\"},\"query-input\":{\"@type\":\"PropertyValueSpecification\",\"valueRequired\":true,\"valueName\":\"search_term_string\"}}],\"inLanguage\":\"de\"},{\"@type\":\"Person\",\"@id\":\"https:\\\/\\\/www.krafthand.de\\\/truck\\\/#\\\/schema\\\/person\\\/51fa80b1c57034c4bf63f9f988fc24ce\",\"name\":\"georg.blenk@krafthand-medien.de\",\"image\":{\"@type\":\"ImageObject\",\"inLanguage\":\"de\",\"@id\":\"https:\\\/\\\/secure.gravatar.com\\\/avatar\\\/93713c30affe0aa95d3a4130e499bb1abee2eb31adbdd9ce2aa1543538490215?s=96&d=mm&r=g\",\"url\":\"https:\\\/\\\/secure.gravatar.com\\\/avatar\\\/93713c30affe0aa95d3a4130e499bb1abee2eb31adbdd9ce2aa1543538490215?s=96&d=mm&r=g\",\"contentUrl\":\"https:\\\/\\\/secure.gravatar.com\\\/avatar\\\/93713c30affe0aa95d3a4130e499bb1abee2eb31adbdd9ce2aa1543538490215?s=96&d=mm&r=g\",\"caption\":\"georg.blenk@krafthand-medien.de\"}}]}<\/script>\n<!-- \/ Yoast SEO plugin. -->","yoast_head_json":{"title":"AVL-DiTEST I Das Unternehmen I Krafthand-Truck","description":"Der Spezialist f\u00fcr Mess-, Pr\u00fcf- und Diagnosetechnik AVL DiTEST ist Teil der AVL-Gruppe und ist in 50 L\u00e4ndern weltweit aktiv.","robots":{"index":"index","follow":"follow","max-snippet":"max-snippet:-1","max-image-preview":"max-image-preview:large","max-video-preview":"max-video-preview:-1"},"canonical":"https:\/\/www.krafthand.de\/truck\/artikel\/avl-ditest-messen-pruefen-sicher-sein-41537\/","og_locale":"de_DE","og_type":"article","og_title":"AVL-DiTEST I Das Unternehmen I Krafthand-Truck","og_description":"Der Spezialist f\u00fcr Mess-, Pr\u00fcf- und Diagnosetechnik AVL DiTEST ist Teil der AVL-Gruppe und ist in 50 L\u00e4ndern weltweit aktiv.","og_url":"https:\/\/www.krafthand-truck.de\/artikel\/avl-ditest-messen-pruefen-sicher-sein-41537\/","og_site_name":"Krafthand-Truck","article_published_time":"2024-12-09T10:04:52+00:00","article_modified_time":"2024-12-09T10:17:43+00:00","og_image":[{"width":1200,"height":548,"url":"https:\/\/static.krafthand-truck.de\/uploads\/2024\/12\/AVL_DiTest_Nfz-Aftermarket_R744.jpg","type":"image\/jpeg"}],"author":"georg.blenk@krafthand-medien.de","twitter_card":"summary_large_image","twitter_misc":{"Verfasst von":"georg.blenk@krafthand-medien.de","Gesch\u00e4tzte Lesezeit":"7\u00a0Minuten"},"schema":{"@context":"https:\/\/schema.org","@graph":[{"@type":"Article","@id":"https:\/\/www.krafthand.de\/truck\/artikel\/avl-ditest-messen-pruefen-sicher-sein-41537\/#article","isPartOf":{"@id":"https:\/\/www.krafthand.de\/truck\/artikel\/avl-ditest-messen-pruefen-sicher-sein-41537\/"},"author":{"name":"georg.blenk@krafthand-medien.de","@id":"https:\/\/www.krafthand.de\/truck\/#\/schema\/person\/51fa80b1c57034c4bf63f9f988fc24ce"},"headline":"AVL DiTEST &#8211; Messen, Pr\u00fcfen, sicher sein!","datePublished":"2024-12-09T10:04:52+00:00","dateModified":"2024-12-09T10:17:43+00:00","mainEntityOfPage":{"@id":"https:\/\/www.krafthand.de\/truck\/artikel\/avl-ditest-messen-pruefen-sicher-sein-41537\/"},"wordCount":1137,"image":{"@id":"https:\/\/www.krafthand.de\/truck\/artikel\/avl-ditest-messen-pruefen-sicher-sein-41537\/#primaryimage"},"thumbnailUrl":"https:\/\/static.krafthand-truck.de\/uploads\/2024\/12\/AVL_DiTest_Nfz-Aftermarket_R744.jpg","keywords":["AVL Ditest","Druckpr\u00fcfung","Klimaservice","Partikelz\u00e4hler","Potenzialausgleich","R744"],"articleSection":["Werkstattausr\u00fcstung"],"inLanguage":"de"},{"@type":"WebPage","@id":"https:\/\/www.krafthand.de\/truck\/artikel\/avl-ditest-messen-pruefen-sicher-sein-41537\/","url":"https:\/\/www.krafthand.de\/truck\/artikel\/avl-ditest-messen-pruefen-sicher-sein-41537\/","name":"AVL-DiTEST I Das Unternehmen I Krafthand-Truck","isPartOf":{"@id":"https:\/\/www.krafthand.de\/truck\/#website"},"primaryImageOfPage":{"@id":"https:\/\/www.krafthand.de\/truck\/artikel\/avl-ditest-messen-pruefen-sicher-sein-41537\/#primaryimage"},"image":{"@id":"https:\/\/www.krafthand.de\/truck\/artikel\/avl-ditest-messen-pruefen-sicher-sein-41537\/#primaryimage"},"thumbnailUrl":"https:\/\/static.krafthand-truck.de\/uploads\/2024\/12\/AVL_DiTest_Nfz-Aftermarket_R744.jpg","datePublished":"2024-12-09T10:04:52+00:00","dateModified":"2024-12-09T10:17:43+00:00","author":{"@id":"https:\/\/www.krafthand.de\/truck\/#\/schema\/person\/51fa80b1c57034c4bf63f9f988fc24ce"},"description":"Der Spezialist f\u00fcr Mess-, Pr\u00fcf- und Diagnosetechnik AVL DiTEST ist Teil der AVL-Gruppe und ist in 50 L\u00e4ndern weltweit aktiv.","breadcrumb":{"@id":"https:\/\/www.krafthand.de\/truck\/artikel\/avl-ditest-messen-pruefen-sicher-sein-41537\/#breadcrumb"},"inLanguage":"de","potentialAction":[{"@type":"ReadAction","target":["https:\/\/www.krafthand.de\/truck\/artikel\/avl-ditest-messen-pruefen-sicher-sein-41537\/"]}]},{"@type":"ImageObject","inLanguage":"de","@id":"https:\/\/www.krafthand.de\/truck\/artikel\/avl-ditest-messen-pruefen-sicher-sein-41537\/#primaryimage","url":"https:\/\/static.krafthand-truck.de\/uploads\/2024\/12\/AVL_DiTest_Nfz-Aftermarket_R744.jpg","contentUrl":"https:\/\/static.krafthand-truck.de\/uploads\/2024\/12\/AVL_DiTest_Nfz-Aftermarket_R744.jpg","width":1200,"height":548},{"@type":"BreadcrumbList","@id":"https:\/\/www.krafthand.de\/truck\/artikel\/avl-ditest-messen-pruefen-sicher-sein-41537\/#breadcrumb","itemListElement":[{"@type":"ListItem","position":1,"name":"Krafthand-Truck","item":"https:\/\/www.krafthand.de\/truck\/"},{"@type":"ListItem","position":2,"name":"Nfz-Service","item":"https:\/\/www.krafthand.de\/truck\/kategorie\/nfz-service\/"},{"@type":"ListItem","position":3,"name":"Werkstattausr\u00fcstung","item":"https:\/\/www.krafthand.de\/truck\/kategorie\/nfz-service\/werkstattausruestung\/"},{"@type":"ListItem","position":4,"name":"AVL DiTEST &#8211; Messen, Pr\u00fcfen, sicher sein!"}]},{"@type":"WebSite","@id":"https:\/\/www.krafthand.de\/truck\/#website","url":"https:\/\/www.krafthand.de\/truck\/","name":"Krafthand-Truck","description":"","potentialAction":[{"@type":"SearchAction","target":{"@type":"EntryPoint","urlTemplate":"https:\/\/www.krafthand.de\/truck\/?s={search_term_string}"},"query-input":{"@type":"PropertyValueSpecification","valueRequired":true,"valueName":"search_term_string"}}],"inLanguage":"de"},{"@type":"Person","@id":"https:\/\/www.krafthand.de\/truck\/#\/schema\/person\/51fa80b1c57034c4bf63f9f988fc24ce","name":"georg.blenk@krafthand-medien.de","image":{"@type":"ImageObject","inLanguage":"de","@id":"https:\/\/secure.gravatar.com\/avatar\/93713c30affe0aa95d3a4130e499bb1abee2eb31adbdd9ce2aa1543538490215?s=96&d=mm&r=g","url":"https:\/\/secure.gravatar.com\/avatar\/93713c30affe0aa95d3a4130e499bb1abee2eb31adbdd9ce2aa1543538490215?s=96&d=mm&r=g","contentUrl":"https:\/\/secure.gravatar.com\/avatar\/93713c30affe0aa95d3a4130e499bb1abee2eb31adbdd9ce2aa1543538490215?s=96&d=mm&r=g","caption":"georg.blenk@krafthand-medien.de"}}]}},"_links":{"self":[{"href":"https:\/\/www.krafthand.de\/truck\/wp-json\/wp\/v2\/posts\/41537","targetHints":{"allow":["GET"]}}],"collection":[{"href":"https:\/\/www.krafthand.de\/truck\/wp-json\/wp\/v2\/posts"}],"about":[{"href":"https:\/\/www.krafthand.de\/truck\/wp-json\/wp\/v2\/types\/post"}],"author":[{"embeddable":true,"href":"https:\/\/www.krafthand.de\/truck\/wp-json\/wp\/v2\/users\/9"}],"replies":[{"embeddable":true,"href":"https:\/\/www.krafthand.de\/truck\/wp-json\/wp\/v2\/comments?post=41537"}],"version-history":[{"count":12,"href":"https:\/\/www.krafthand.de\/truck\/wp-json\/wp\/v2\/posts\/41537\/revisions"}],"predecessor-version":[{"id":41556,"href":"https:\/\/www.krafthand.de\/truck\/wp-json\/wp\/v2\/posts\/41537\/revisions\/41556"}],"wp:featuredmedia":[{"embeddable":true,"href":"https:\/\/www.krafthand.de\/truck\/wp-json\/wp\/v2\/media\/41538"}],"wp:attachment":[{"href":"https:\/\/www.krafthand.de\/truck\/wp-json\/wp\/v2\/media?parent=41537"}],"wp:term":[{"taxonomy":"category","embeddable":true,"href":"https:\/\/www.krafthand.de\/truck\/wp-json\/wp\/v2\/categories?post=41537"},{"taxonomy":"post_tag","embeddable":true,"href":"https:\/\/www.krafthand.de\/truck\/wp-json\/wp\/v2\/tags?post=41537"},{"taxonomy":"settings","embeddable":true,"href":"https:\/\/www.krafthand.de\/truck\/wp-json\/wp\/v2\/settings?post=41537"}],"curies":[{"name":"wp","href":"https:\/\/api.w.org\/{rel}","templated":true}]}}