{"id":41512,"date":"2024-12-05T16:24:16","date_gmt":"2024-12-05T15:24:16","guid":{"rendered":"https:\/\/www.krafthand.de\/truck\/?p=41512"},"modified":"2025-12-02T10:51:15","modified_gmt":"2025-12-02T09:51:15","slug":"logistik-schmitt-laedt-eactros-600-bei-milence-am-hermsdorfer-kreuz","status":"publish","type":"post","link":"https:\/\/www.krafthand.de\/truck\/artikel\/logistik-schmitt-laedt-eactros-600-bei-milence-am-hermsdorfer-kreuz-41512\/","title":{"rendered":"Logistik Schmitt l\u00e4dt zuk\u00fcnftig eActros 600 bei Milence am Hermsdorfer Kreuz"},"content":{"rendered":"<p>Der Anbieter f\u00fcr Ladeinfrastruktur Milence hat heute am Hermsdorfer Kreuz im Osten Th\u00fcringens seinen ersten Lkw-Ladepark in Deutschland er\u00f6ffnet. Mit der Spedition Logistik Schmitt aus dem badischen Bietigheim steht einer der ersten Nutzer bereits in den Startl\u00f6chern. Milence ist ein Joint-Venture von Daimler Truck, der Traton- und der Volvo-Gruppe. Das Unternehmen mit Sitz in Amsterdam hat sich vorgenommen bis 2027 1,700 \u00f6ffentliche Ladepunkte in Europa zu errichten.<\/p>\n<p>Das auf Lager\u2013 und Transportdienstleistungen spezialisierte Familienunternehmen <a href=\"https:\/\/www.logistik-schmitt.de\" target=\"_blank\" rel=\"noopener\">Schmitt<\/a> plant, ab Fr\u00fchjahr 2025 regelm\u00e4\u00dfig zwei batterie-elektrische Mercedes-Benz eActros 600 Fernverkehrs-Lkw an dem neu errichteten Standort von Milence zu laden.\u00a0Im Auftrag von Daimler Buses setzt Logistik Schmitt auf der rund 480 Kilometer langen Strecke zwischen dem Daimler Buses Standort Mannheim und einem Lieferanten in der N\u00e4he von Leipzig derzeit zwei Mercedes-Benz Fernverkehrs-Lkw mit konventionellem Dieselantrieb im Pendelverkehr ein. Nach der Auslieferung der neuen eActros 600 Fahrzeuge im kommenden Jahr sollen die Routen k\u00fcnftig vollelektrisch bew\u00e4ltigt werden.<\/p>\n<p>Bis zur \u00dcbernahme der Serienfahrzeuge will Logistik Schmitt auf der Strecke schon in den kommenden Wochen erste Erfahrungen mit einem Prototyp des eActros 600, der sich bereits seit einiger Zeit bei dem Logistikdienstleister im Praxiseinsatz befindet, sammeln. Und im \u00dcbrigen: <a href=\"https:\/\/www.krafthand.de\/truck\/artikel\/stiller-begleiter-der-eactros-im-praxistest-bei-logistik-schmitt-27866\/\" target=\"_blank\" rel=\"noopener\">Logistik Schmitt testete den ersten eActros bereits im Jahr 2021.\u00a0<\/a><\/p>\n<p>F\u00fcr den Ladevorgang stehen am neuen Milence-Standort am Hermsdorfer Kreuz vier CCS-Ladestationen mit bis zu 400 kW Leistung bereit, die von Lkw-Flottenbetreibern wie Logistik Schmitt ab sofort markenunabh\u00e4ngig genutzt werden k\u00f6nnen. Erg\u00e4nzt wird das Angebot um Annehmlichkeiten wie sanit\u00e4re Anlagen.<\/p>\n<p>Im Zuge der offiziellen Er\u00f6ffnung des ersten Ladeparks in Deutschland hat <a href=\"https:\/\/milence.com\/de\/\" target=\"_blank\" rel=\"noopener\">Milence<\/a> noch einen weiteren Standort mit zwei zus\u00e4tzlichen CCS-Ladestationen in Betrieb genommen, unweit vom Hermsdorfer Kreuz entfernt, an der A9 in Vockerode in Sachsen-Anhalt.<\/p>\n","protected":false},"excerpt":{"rendered":"<p>Der Anbieter f\u00fcr Ladeinfrastruktur Milence hat heute am Hermsdorfer Kreuz im Osten Th\u00fcringens seinen ersten Lkw-Ladepark in Deutschland er\u00f6ffnet. Mit der Spedition Logistik Schmitt aus dem badischen Bietigheim steht einer der ersten Nutzer bereits in den Startl\u00f6chern.  <span class=\"excerpt-more__dots\">&#8230;<\/span> <a class=\"excerpt-more__link\" href=\"https:\/\/www.krafthand.de\/truck\/artikel\/logistik-schmitt-laedt-eactros-600-bei-milence-am-hermsdorfer-kreuz-41512\/\" >weiter<\/a><\/p>\n","protected":false},"author":9,"featured_media":41516,"comment_status":"closed","ping_status":"closed","sticky":false,"template":"","format":"standard","meta":{"footnotes":""},"categories":[4224,6375,4915],"tags":[4492,5730,6108,4452,6109],"settings":[3523],"class_list":["post-41512","post","type-post","status-publish","format-standard","has-post-thumbnail","hentry","category-e-antrieb","category-lade-tank-infrastruktur","category-neue-fahrzeuge","tag-daimler-truck","tag-eactros-600","tag-ladestation","tag-logistik-schmitt","tag-milence"],"yoast_head":"<!-- This site is optimized with the Yoast SEO plugin v27.3 - https:\/\/yoast.com\/product\/yoast-seo-wordpress\/ -->\n<title>Logistik Schmitt l\u00e4dt zuk\u00fcnftig eActros 600 bei Milence am Hermsdorfer Kreuz - Krafthand-Truck<\/title>\n<meta name=\"description\" content=\"Milence hat am Hermsdorfer Kreuz seinen ersten Lkw-Ladepark er\u00f6ffnet. Mit Logistik Schmitt steht ein Nutzer bereits in den Startl\u00f6chern.\" \/>\n<meta name=\"robots\" content=\"index, follow, max-snippet:-1, max-image-preview:large, max-video-preview:-1\" \/>\n<link rel=\"canonical\" href=\"https:\/\/www.krafthand.de\/truck\/artikel\/logistik-schmitt-laedt-eactros-600-bei-milence-am-hermsdorfer-kreuz-41512\/\" \/>\n<meta property=\"og:locale\" content=\"de_DE\" \/>\n<meta property=\"og:type\" content=\"article\" \/>\n<meta property=\"og:title\" content=\"Logistik Schmitt l\u00e4dt zuk\u00fcnftig eActros 600 bei Milence am Hermsdorfer Kreuz - Krafthand-Truck\" \/>\n<meta property=\"og:description\" content=\"Milence hat am Hermsdorfer Kreuz seinen ersten Lkw-Ladepark er\u00f6ffnet. Mit Logistik Schmitt steht ein Nutzer bereits in den Startl\u00f6chern.\" \/>\n<meta property=\"og:url\" content=\"https:\/\/www.krafthand-truck.de\/artikel\/logistik-schmitt-laedt-eactros-600-bei-milence-am-hermsdorfer-kreuz-41512\/\" \/>\n<meta property=\"og:site_name\" content=\"Krafthand-Truck\" \/>\n<meta property=\"article:published_time\" content=\"2024-12-05T15:24:16+00:00\" \/>\n<meta property=\"article:modified_time\" content=\"2025-12-02T09:51:15+00:00\" \/>\n<meta property=\"og:image\" content=\"https:\/\/static.krafthand-truck.de\/uploads\/2024\/12\/Daimler_Tuck_eActros_Hermsdorfer_Kreuz_Milence_Logistik_Schmitt_Ladepark.jpg\" \/>\n\t<meta property=\"og:image:width\" content=\"1200\" \/>\n\t<meta property=\"og:image:height\" content=\"672\" \/>\n\t<meta property=\"og:image:type\" content=\"image\/jpeg\" \/>\n<meta name=\"author\" content=\"georg.blenk@krafthand-medien.de\" \/>\n<meta name=\"twitter:card\" content=\"summary_large_image\" \/>\n<meta name=\"twitter:label1\" content=\"Verfasst von\" \/>\n\t<meta name=\"twitter:data1\" content=\"georg.blenk@krafthand-medien.de\" \/>\n\t<meta name=\"twitter:label2\" content=\"Gesch\u00e4tzte Lesezeit\" \/>\n\t<meta name=\"twitter:data2\" content=\"2\u00a0Minuten\" \/>\n<script type=\"application\/ld+json\" class=\"yoast-schema-graph\">{\"@context\":\"https:\\\/\\\/schema.org\",\"@graph\":[{\"@type\":\"Article\",\"@id\":\"https:\\\/\\\/www.krafthand.de\\\/truck\\\/artikel\\\/logistik-schmitt-laedt-eactros-600-bei-milence-am-hermsdorfer-kreuz-41512\\\/#article\",\"isPartOf\":{\"@id\":\"https:\\\/\\\/www.krafthand.de\\\/truck\\\/artikel\\\/logistik-schmitt-laedt-eactros-600-bei-milence-am-hermsdorfer-kreuz-41512\\\/\"},\"author\":{\"name\":\"georg.blenk@krafthand-medien.de\",\"@id\":\"https:\\\/\\\/www.krafthand.de\\\/truck\\\/#\\\/schema\\\/person\\\/51fa80b1c57034c4bf63f9f988fc24ce\"},\"headline\":\"Logistik Schmitt l\u00e4dt zuk\u00fcnftig eActros 600 bei Milence am Hermsdorfer Kreuz\",\"datePublished\":\"2024-12-05T15:24:16+00:00\",\"dateModified\":\"2025-12-02T09:51:15+00:00\",\"mainEntityOfPage\":{\"@id\":\"https:\\\/\\\/www.krafthand.de\\\/truck\\\/artikel\\\/logistik-schmitt-laedt-eactros-600-bei-milence-am-hermsdorfer-kreuz-41512\\\/\"},\"wordCount\":296,\"image\":{\"@id\":\"https:\\\/\\\/www.krafthand.de\\\/truck\\\/artikel\\\/logistik-schmitt-laedt-eactros-600-bei-milence-am-hermsdorfer-kreuz-41512\\\/#primaryimage\"},\"thumbnailUrl\":\"https:\\\/\\\/static.krafthand-truck.de\\\/uploads\\\/2024\\\/12\\\/Daimler_Tuck_eActros_Hermsdorfer_Kreuz_Milence_Logistik_Schmitt_Ladepark.jpg\",\"keywords\":[\"Daimler Truck\",\"eActros 600\",\"Ladestation\",\"Logistik Schmitt\",\"Milence\"],\"articleSection\":[\"E-Antrieb (BEV\\\/FCEV)\",\"Lade-\\\/Tank-Infrastruktur\",\"Neue Fahrzeuge\"],\"inLanguage\":\"de\"},{\"@type\":\"WebPage\",\"@id\":\"https:\\\/\\\/www.krafthand.de\\\/truck\\\/artikel\\\/logistik-schmitt-laedt-eactros-600-bei-milence-am-hermsdorfer-kreuz-41512\\\/\",\"url\":\"https:\\\/\\\/www.krafthand.de\\\/truck\\\/artikel\\\/logistik-schmitt-laedt-eactros-600-bei-milence-am-hermsdorfer-kreuz-41512\\\/\",\"name\":\"Logistik Schmitt l\u00e4dt zuk\u00fcnftig eActros 600 bei Milence am Hermsdorfer Kreuz - Krafthand-Truck\",\"isPartOf\":{\"@id\":\"https:\\\/\\\/www.krafthand.de\\\/truck\\\/#website\"},\"primaryImageOfPage\":{\"@id\":\"https:\\\/\\\/www.krafthand.de\\\/truck\\\/artikel\\\/logistik-schmitt-laedt-eactros-600-bei-milence-am-hermsdorfer-kreuz-41512\\\/#primaryimage\"},\"image\":{\"@id\":\"https:\\\/\\\/www.krafthand.de\\\/truck\\\/artikel\\\/logistik-schmitt-laedt-eactros-600-bei-milence-am-hermsdorfer-kreuz-41512\\\/#primaryimage\"},\"thumbnailUrl\":\"https:\\\/\\\/static.krafthand-truck.de\\\/uploads\\\/2024\\\/12\\\/Daimler_Tuck_eActros_Hermsdorfer_Kreuz_Milence_Logistik_Schmitt_Ladepark.jpg\",\"datePublished\":\"2024-12-05T15:24:16+00:00\",\"dateModified\":\"2025-12-02T09:51:15+00:00\",\"author\":{\"@id\":\"https:\\\/\\\/www.krafthand.de\\\/truck\\\/#\\\/schema\\\/person\\\/51fa80b1c57034c4bf63f9f988fc24ce\"},\"description\":\"Milence hat am Hermsdorfer Kreuz seinen ersten Lkw-Ladepark er\u00f6ffnet. Mit Logistik Schmitt steht ein Nutzer bereits in den Startl\u00f6chern.\",\"breadcrumb\":{\"@id\":\"https:\\\/\\\/www.krafthand.de\\\/truck\\\/artikel\\\/logistik-schmitt-laedt-eactros-600-bei-milence-am-hermsdorfer-kreuz-41512\\\/#breadcrumb\"},\"inLanguage\":\"de\",\"potentialAction\":[{\"@type\":\"ReadAction\",\"target\":[\"https:\\\/\\\/www.krafthand.de\\\/truck\\\/artikel\\\/logistik-schmitt-laedt-eactros-600-bei-milence-am-hermsdorfer-kreuz-41512\\\/\"]}]},{\"@type\":\"ImageObject\",\"inLanguage\":\"de\",\"@id\":\"https:\\\/\\\/www.krafthand.de\\\/truck\\\/artikel\\\/logistik-schmitt-laedt-eactros-600-bei-milence-am-hermsdorfer-kreuz-41512\\\/#primaryimage\",\"url\":\"https:\\\/\\\/static.krafthand-truck.de\\\/uploads\\\/2024\\\/12\\\/Daimler_Tuck_eActros_Hermsdorfer_Kreuz_Milence_Logistik_Schmitt_Ladepark.jpg\",\"contentUrl\":\"https:\\\/\\\/static.krafthand-truck.de\\\/uploads\\\/2024\\\/12\\\/Daimler_Tuck_eActros_Hermsdorfer_Kreuz_Milence_Logistik_Schmitt_Ladepark.jpg\",\"width\":1200,\"height\":672},{\"@type\":\"BreadcrumbList\",\"@id\":\"https:\\\/\\\/www.krafthand.de\\\/truck\\\/artikel\\\/logistik-schmitt-laedt-eactros-600-bei-milence-am-hermsdorfer-kreuz-41512\\\/#breadcrumb\",\"itemListElement\":[{\"@type\":\"ListItem\",\"position\":1,\"name\":\"Krafthand-Truck\",\"item\":\"https:\\\/\\\/www.krafthand.de\\\/truck\\\/\"},{\"@type\":\"ListItem\",\"position\":2,\"name\":\"IT+Fuhrpark\",\"item\":\"https:\\\/\\\/www.krafthand.de\\\/truck\\\/kategorie\\\/fuhrpark\\\/\"},{\"@type\":\"ListItem\",\"position\":3,\"name\":\"Neue Fahrzeuge\",\"item\":\"https:\\\/\\\/www.krafthand.de\\\/truck\\\/kategorie\\\/fuhrpark\\\/neue-fahrzeuge\\\/\"},{\"@type\":\"ListItem\",\"position\":4,\"name\":\"Logistik Schmitt l\u00e4dt zuk\u00fcnftig eActros 600 bei Milence am Hermsdorfer Kreuz\"}]},{\"@type\":\"WebSite\",\"@id\":\"https:\\\/\\\/www.krafthand.de\\\/truck\\\/#website\",\"url\":\"https:\\\/\\\/www.krafthand.de\\\/truck\\\/\",\"name\":\"Krafthand-Truck\",\"description\":\"\",\"potentialAction\":[{\"@type\":\"SearchAction\",\"target\":{\"@type\":\"EntryPoint\",\"urlTemplate\":\"https:\\\/\\\/www.krafthand.de\\\/truck\\\/?s={search_term_string}\"},\"query-input\":{\"@type\":\"PropertyValueSpecification\",\"valueRequired\":true,\"valueName\":\"search_term_string\"}}],\"inLanguage\":\"de\"},{\"@type\":\"Person\",\"@id\":\"https:\\\/\\\/www.krafthand.de\\\/truck\\\/#\\\/schema\\\/person\\\/51fa80b1c57034c4bf63f9f988fc24ce\",\"name\":\"georg.blenk@krafthand-medien.de\",\"image\":{\"@type\":\"ImageObject\",\"inLanguage\":\"de\",\"@id\":\"https:\\\/\\\/secure.gravatar.com\\\/avatar\\\/93713c30affe0aa95d3a4130e499bb1abee2eb31adbdd9ce2aa1543538490215?s=96&d=mm&r=g\",\"url\":\"https:\\\/\\\/secure.gravatar.com\\\/avatar\\\/93713c30affe0aa95d3a4130e499bb1abee2eb31adbdd9ce2aa1543538490215?s=96&d=mm&r=g\",\"contentUrl\":\"https:\\\/\\\/secure.gravatar.com\\\/avatar\\\/93713c30affe0aa95d3a4130e499bb1abee2eb31adbdd9ce2aa1543538490215?s=96&d=mm&r=g\",\"caption\":\"georg.blenk@krafthand-medien.de\"}}]}<\/script>\n<!-- \/ Yoast SEO plugin. -->","yoast_head_json":{"title":"Logistik Schmitt l\u00e4dt zuk\u00fcnftig eActros 600 bei Milence am Hermsdorfer Kreuz - Krafthand-Truck","description":"Milence hat am Hermsdorfer Kreuz seinen ersten Lkw-Ladepark er\u00f6ffnet. Mit Logistik Schmitt steht ein Nutzer bereits in den Startl\u00f6chern.","robots":{"index":"index","follow":"follow","max-snippet":"max-snippet:-1","max-image-preview":"max-image-preview:large","max-video-preview":"max-video-preview:-1"},"canonical":"https:\/\/www.krafthand.de\/truck\/artikel\/logistik-schmitt-laedt-eactros-600-bei-milence-am-hermsdorfer-kreuz-41512\/","og_locale":"de_DE","og_type":"article","og_title":"Logistik Schmitt l\u00e4dt zuk\u00fcnftig eActros 600 bei Milence am Hermsdorfer Kreuz - Krafthand-Truck","og_description":"Milence hat am Hermsdorfer Kreuz seinen ersten Lkw-Ladepark er\u00f6ffnet. Mit Logistik Schmitt steht ein Nutzer bereits in den Startl\u00f6chern.","og_url":"https:\/\/www.krafthand-truck.de\/artikel\/logistik-schmitt-laedt-eactros-600-bei-milence-am-hermsdorfer-kreuz-41512\/","og_site_name":"Krafthand-Truck","article_published_time":"2024-12-05T15:24:16+00:00","article_modified_time":"2025-12-02T09:51:15+00:00","og_image":[{"width":1200,"height":672,"url":"https:\/\/static.krafthand-truck.de\/uploads\/2024\/12\/Daimler_Tuck_eActros_Hermsdorfer_Kreuz_Milence_Logistik_Schmitt_Ladepark.jpg","type":"image\/jpeg"}],"author":"georg.blenk@krafthand-medien.de","twitter_card":"summary_large_image","twitter_misc":{"Verfasst von":"georg.blenk@krafthand-medien.de","Gesch\u00e4tzte Lesezeit":"2\u00a0Minuten"},"schema":{"@context":"https:\/\/schema.org","@graph":[{"@type":"Article","@id":"https:\/\/www.krafthand.de\/truck\/artikel\/logistik-schmitt-laedt-eactros-600-bei-milence-am-hermsdorfer-kreuz-41512\/#article","isPartOf":{"@id":"https:\/\/www.krafthand.de\/truck\/artikel\/logistik-schmitt-laedt-eactros-600-bei-milence-am-hermsdorfer-kreuz-41512\/"},"author":{"name":"georg.blenk@krafthand-medien.de","@id":"https:\/\/www.krafthand.de\/truck\/#\/schema\/person\/51fa80b1c57034c4bf63f9f988fc24ce"},"headline":"Logistik Schmitt l\u00e4dt zuk\u00fcnftig eActros 600 bei Milence am Hermsdorfer Kreuz","datePublished":"2024-12-05T15:24:16+00:00","dateModified":"2025-12-02T09:51:15+00:00","mainEntityOfPage":{"@id":"https:\/\/www.krafthand.de\/truck\/artikel\/logistik-schmitt-laedt-eactros-600-bei-milence-am-hermsdorfer-kreuz-41512\/"},"wordCount":296,"image":{"@id":"https:\/\/www.krafthand.de\/truck\/artikel\/logistik-schmitt-laedt-eactros-600-bei-milence-am-hermsdorfer-kreuz-41512\/#primaryimage"},"thumbnailUrl":"https:\/\/static.krafthand-truck.de\/uploads\/2024\/12\/Daimler_Tuck_eActros_Hermsdorfer_Kreuz_Milence_Logistik_Schmitt_Ladepark.jpg","keywords":["Daimler Truck","eActros 600","Ladestation","Logistik Schmitt","Milence"],"articleSection":["E-Antrieb (BEV\/FCEV)","Lade-\/Tank-Infrastruktur","Neue Fahrzeuge"],"inLanguage":"de"},{"@type":"WebPage","@id":"https:\/\/www.krafthand.de\/truck\/artikel\/logistik-schmitt-laedt-eactros-600-bei-milence-am-hermsdorfer-kreuz-41512\/","url":"https:\/\/www.krafthand.de\/truck\/artikel\/logistik-schmitt-laedt-eactros-600-bei-milence-am-hermsdorfer-kreuz-41512\/","name":"Logistik Schmitt l\u00e4dt zuk\u00fcnftig eActros 600 bei Milence am Hermsdorfer Kreuz - Krafthand-Truck","isPartOf":{"@id":"https:\/\/www.krafthand.de\/truck\/#website"},"primaryImageOfPage":{"@id":"https:\/\/www.krafthand.de\/truck\/artikel\/logistik-schmitt-laedt-eactros-600-bei-milence-am-hermsdorfer-kreuz-41512\/#primaryimage"},"image":{"@id":"https:\/\/www.krafthand.de\/truck\/artikel\/logistik-schmitt-laedt-eactros-600-bei-milence-am-hermsdorfer-kreuz-41512\/#primaryimage"},"thumbnailUrl":"https:\/\/static.krafthand-truck.de\/uploads\/2024\/12\/Daimler_Tuck_eActros_Hermsdorfer_Kreuz_Milence_Logistik_Schmitt_Ladepark.jpg","datePublished":"2024-12-05T15:24:16+00:00","dateModified":"2025-12-02T09:51:15+00:00","author":{"@id":"https:\/\/www.krafthand.de\/truck\/#\/schema\/person\/51fa80b1c57034c4bf63f9f988fc24ce"},"description":"Milence hat am Hermsdorfer Kreuz seinen ersten Lkw-Ladepark er\u00f6ffnet. Mit Logistik Schmitt steht ein Nutzer bereits in den Startl\u00f6chern.","breadcrumb":{"@id":"https:\/\/www.krafthand.de\/truck\/artikel\/logistik-schmitt-laedt-eactros-600-bei-milence-am-hermsdorfer-kreuz-41512\/#breadcrumb"},"inLanguage":"de","potentialAction":[{"@type":"ReadAction","target":["https:\/\/www.krafthand.de\/truck\/artikel\/logistik-schmitt-laedt-eactros-600-bei-milence-am-hermsdorfer-kreuz-41512\/"]}]},{"@type":"ImageObject","inLanguage":"de","@id":"https:\/\/www.krafthand.de\/truck\/artikel\/logistik-schmitt-laedt-eactros-600-bei-milence-am-hermsdorfer-kreuz-41512\/#primaryimage","url":"https:\/\/static.krafthand-truck.de\/uploads\/2024\/12\/Daimler_Tuck_eActros_Hermsdorfer_Kreuz_Milence_Logistik_Schmitt_Ladepark.jpg","contentUrl":"https:\/\/static.krafthand-truck.de\/uploads\/2024\/12\/Daimler_Tuck_eActros_Hermsdorfer_Kreuz_Milence_Logistik_Schmitt_Ladepark.jpg","width":1200,"height":672},{"@type":"BreadcrumbList","@id":"https:\/\/www.krafthand.de\/truck\/artikel\/logistik-schmitt-laedt-eactros-600-bei-milence-am-hermsdorfer-kreuz-41512\/#breadcrumb","itemListElement":[{"@type":"ListItem","position":1,"name":"Krafthand-Truck","item":"https:\/\/www.krafthand.de\/truck\/"},{"@type":"ListItem","position":2,"name":"IT+Fuhrpark","item":"https:\/\/www.krafthand.de\/truck\/kategorie\/fuhrpark\/"},{"@type":"ListItem","position":3,"name":"Neue Fahrzeuge","item":"https:\/\/www.krafthand.de\/truck\/kategorie\/fuhrpark\/neue-fahrzeuge\/"},{"@type":"ListItem","position":4,"name":"Logistik Schmitt l\u00e4dt zuk\u00fcnftig eActros 600 bei Milence am Hermsdorfer Kreuz"}]},{"@type":"WebSite","@id":"https:\/\/www.krafthand.de\/truck\/#website","url":"https:\/\/www.krafthand.de\/truck\/","name":"Krafthand-Truck","description":"","potentialAction":[{"@type":"SearchAction","target":{"@type":"EntryPoint","urlTemplate":"https:\/\/www.krafthand.de\/truck\/?s={search_term_string}"},"query-input":{"@type":"PropertyValueSpecification","valueRequired":true,"valueName":"search_term_string"}}],"inLanguage":"de"},{"@type":"Person","@id":"https:\/\/www.krafthand.de\/truck\/#\/schema\/person\/51fa80b1c57034c4bf63f9f988fc24ce","name":"georg.blenk@krafthand-medien.de","image":{"@type":"ImageObject","inLanguage":"de","@id":"https:\/\/secure.gravatar.com\/avatar\/93713c30affe0aa95d3a4130e499bb1abee2eb31adbdd9ce2aa1543538490215?s=96&d=mm&r=g","url":"https:\/\/secure.gravatar.com\/avatar\/93713c30affe0aa95d3a4130e499bb1abee2eb31adbdd9ce2aa1543538490215?s=96&d=mm&r=g","contentUrl":"https:\/\/secure.gravatar.com\/avatar\/93713c30affe0aa95d3a4130e499bb1abee2eb31adbdd9ce2aa1543538490215?s=96&d=mm&r=g","caption":"georg.blenk@krafthand-medien.de"}}]}},"_links":{"self":[{"href":"https:\/\/www.krafthand.de\/truck\/wp-json\/wp\/v2\/posts\/41512","targetHints":{"allow":["GET"]}}],"collection":[{"href":"https:\/\/www.krafthand.de\/truck\/wp-json\/wp\/v2\/posts"}],"about":[{"href":"https:\/\/www.krafthand.de\/truck\/wp-json\/wp\/v2\/types\/post"}],"author":[{"embeddable":true,"href":"https:\/\/www.krafthand.de\/truck\/wp-json\/wp\/v2\/users\/9"}],"replies":[{"embeddable":true,"href":"https:\/\/www.krafthand.de\/truck\/wp-json\/wp\/v2\/comments?post=41512"}],"version-history":[{"count":9,"href":"https:\/\/www.krafthand.de\/truck\/wp-json\/wp\/v2\/posts\/41512\/revisions"}],"predecessor-version":[{"id":41522,"href":"https:\/\/www.krafthand.de\/truck\/wp-json\/wp\/v2\/posts\/41512\/revisions\/41522"}],"wp:featuredmedia":[{"embeddable":true,"href":"https:\/\/www.krafthand.de\/truck\/wp-json\/wp\/v2\/media\/41516"}],"wp:attachment":[{"href":"https:\/\/www.krafthand.de\/truck\/wp-json\/wp\/v2\/media?parent=41512"}],"wp:term":[{"taxonomy":"category","embeddable":true,"href":"https:\/\/www.krafthand.de\/truck\/wp-json\/wp\/v2\/categories?post=41512"},{"taxonomy":"post_tag","embeddable":true,"href":"https:\/\/www.krafthand.de\/truck\/wp-json\/wp\/v2\/tags?post=41512"},{"taxonomy":"settings","embeddable":true,"href":"https:\/\/www.krafthand.de\/truck\/wp-json\/wp\/v2\/settings?post=41512"}],"curies":[{"name":"wp","href":"https:\/\/api.w.org\/{rel}","templated":true}]}}