{"id":41491,"date":"2024-12-04T11:04:30","date_gmt":"2024-12-04T10:04:30","guid":{"rendered":"https:\/\/www.krafthand.de\/truck\/?p=41491"},"modified":"2024-12-04T11:10:49","modified_gmt":"2024-12-04T10:10:49","slug":"martin-fischer-wird-neuer-ceo-von-forvia","status":"publish","type":"post","link":"https:\/\/www.krafthand.de\/truck\/artikel\/martin-fischer-wird-neuer-ceo-von-forvia-41491\/","title":{"rendered":"Martin Fischer wird neuer CEO von Forvia"},"content":{"rendered":"<p>Martin Fischer wird neuer Vorsitzender der Gesch\u00e4ftsf\u00fchrung des Automobilzulieferers FORVIA. Zum 1. M\u00e4rz 2025 \u00fcbernimmt er die Nachfolge von Patrick Koller. Fischer war zuvor Vorstandsmitglied der ZF-Gruppe.<\/p>\n<p>Um einen reibungslosen \u00dcbergang zu gew\u00e4hrleisten, wird Martin Fischer vom <a href=\"https:\/\/www.forvia.com\/en\" target=\"_blank\" rel=\"noopener\">FORVIA<\/a> Vorstand ab dem 6. Dezember 2024 zum stellvertretenden CEO ernannt, bevor er am 1. M\u00e4rz 2025 die Position des CEO \u00fcbernimmt. Patrick Koller bleibt bis zum Ende seines Mandats am 28. Mai 2025 Mitglied des Vorstands von FORVIA.<\/p>\n<p>Der 54-j\u00e4hrige Martin Fischer verf\u00fcgt \u00fcber mehr als 25 Jahre Erfahrung in der Automobilindustrie. Er begann seine Karriere 1998 bei Siemens VDO. 2006 wechselte er zu HELLA (einer heutigen FORVIA-Tochter) und wurde 2007 Pr\u00e4sident und CEO des amerikanischen Elektronikgesch\u00e4fts. 2014 wechselte er zu BorgWarner, wo er das Turbolader-Gesch\u00e4ft in Europa und S\u00fcdamerika leitete, bevor er in den Strategievorstand des Antriebsanbieters als Pr\u00e4sident f\u00fcr Transmissionssysteme berufen wurde. In seiner letzten Position von 2019 bis 2024 als Mitglied des Vorstands der ZF Group trieb Fischer das Wachstum in den Gesch\u00e4ftsbereichen passive und aktive Sicherheit, Fahrwerkssysteme sowie Elektronik und ADAS voran. Gleichzeitig war er f\u00fcr die Regionen Nord- und S\u00fcdamerika verantwortlich und leitete den Bereich Unternehmensqualit\u00e4t.<\/p>\n","protected":false},"excerpt":{"rendered":"<p>Martin Fischer wird neuer Vorsitzender der Gesch\u00e4ftsf\u00fchrung des Automobilzulieferers FORVIA. Zum 1. M\u00e4rz 2025 \u00fcbernimmt er die Nachfolge von Patrick Koller. Fischer war zuvor Vorstandsmitglied der ZF-Gruppe. <span class=\"excerpt-more__dots\">&#8230;<\/span> <a class=\"excerpt-more__link\" href=\"https:\/\/www.krafthand.de\/truck\/artikel\/martin-fischer-wird-neuer-ceo-von-forvia-41491\/\" >weiter<\/a><\/p>\n","protected":false},"author":9,"featured_media":41497,"comment_status":"closed","ping_status":"closed","sticky":false,"template":"","format":"standard","meta":{"footnotes":""},"categories":[4238,4235],"tags":[5285,6105,6106,187],"settings":[3523],"class_list":["post-41491","post","type-post","status-publish","format-standard","has-post-thumbnail","hentry","category-koepfe","category-unternehmen","tag-forvia","tag-martin-fischer","tag-patrick-koller","tag-zf"],"yoast_head":"<!-- This site is optimized with the Yoast SEO plugin v27.3 - https:\/\/yoast.com\/product\/yoast-seo-wordpress\/ -->\n<title>Martin Fischer wird neuer CEO von Forvia - Krafthand-Truck<\/title>\n<meta name=\"description\" content=\"Martin Fischer wird zum 1. M\u00e4rz 2025 neuer Vorsitzender der Gesch\u00e4ftsf\u00fchrung des Automobilzulieferers FORVIA.\" \/>\n<meta name=\"robots\" content=\"index, follow, max-snippet:-1, max-image-preview:large, max-video-preview:-1\" \/>\n<link rel=\"canonical\" href=\"https:\/\/www.krafthand.de\/truck\/artikel\/martin-fischer-wird-neuer-ceo-von-forvia-41491\/\" \/>\n<meta property=\"og:locale\" content=\"de_DE\" \/>\n<meta property=\"og:type\" content=\"article\" \/>\n<meta property=\"og:title\" content=\"Martin Fischer wird neuer CEO von Forvia - Krafthand-Truck\" \/>\n<meta property=\"og:description\" content=\"Martin Fischer wird zum 1. M\u00e4rz 2025 neuer Vorsitzender der Gesch\u00e4ftsf\u00fchrung des Automobilzulieferers FORVIA.\" \/>\n<meta property=\"og:url\" content=\"https:\/\/www.krafthand-truck.de\/artikel\/martin-fischer-wird-neuer-ceo-von-forvia-41491\/\" \/>\n<meta property=\"og:site_name\" content=\"Krafthand-Truck\" \/>\n<meta property=\"article:published_time\" content=\"2024-12-04T10:04:30+00:00\" \/>\n<meta property=\"article:modified_time\" content=\"2024-12-04T10:10:49+00:00\" \/>\n<meta property=\"og:image\" content=\"https:\/\/static.krafthand-truck.de\/uploads\/2024\/12\/Forvia_Martin_Fischer.jpg\" \/>\n\t<meta property=\"og:image:width\" content=\"1200\" \/>\n\t<meta property=\"og:image:height\" content=\"799\" \/>\n\t<meta property=\"og:image:type\" content=\"image\/jpeg\" \/>\n<meta name=\"author\" content=\"georg.blenk@krafthand-medien.de\" \/>\n<meta name=\"twitter:card\" content=\"summary_large_image\" \/>\n<meta name=\"twitter:label1\" content=\"Verfasst von\" \/>\n\t<meta name=\"twitter:data1\" content=\"georg.blenk@krafthand-medien.de\" \/>\n\t<meta name=\"twitter:label2\" content=\"Gesch\u00e4tzte Lesezeit\" \/>\n\t<meta name=\"twitter:data2\" content=\"2\u00a0Minuten\" \/>\n<script type=\"application\/ld+json\" class=\"yoast-schema-graph\">{\"@context\":\"https:\\\/\\\/schema.org\",\"@graph\":[{\"@type\":\"Article\",\"@id\":\"https:\\\/\\\/www.krafthand.de\\\/truck\\\/artikel\\\/martin-fischer-wird-neuer-ceo-von-forvia-41491\\\/#article\",\"isPartOf\":{\"@id\":\"https:\\\/\\\/www.krafthand.de\\\/truck\\\/artikel\\\/martin-fischer-wird-neuer-ceo-von-forvia-41491\\\/\"},\"author\":{\"name\":\"georg.blenk@krafthand-medien.de\",\"@id\":\"https:\\\/\\\/www.krafthand.de\\\/truck\\\/#\\\/schema\\\/person\\\/51fa80b1c57034c4bf63f9f988fc24ce\"},\"headline\":\"Martin Fischer wird neuer CEO von Forvia\",\"datePublished\":\"2024-12-04T10:04:30+00:00\",\"dateModified\":\"2024-12-04T10:10:49+00:00\",\"mainEntityOfPage\":{\"@id\":\"https:\\\/\\\/www.krafthand.de\\\/truck\\\/artikel\\\/martin-fischer-wird-neuer-ceo-von-forvia-41491\\\/\"},\"wordCount\":198,\"image\":{\"@id\":\"https:\\\/\\\/www.krafthand.de\\\/truck\\\/artikel\\\/martin-fischer-wird-neuer-ceo-von-forvia-41491\\\/#primaryimage\"},\"thumbnailUrl\":\"https:\\\/\\\/static.krafthand-truck.de\\\/uploads\\\/2024\\\/12\\\/Forvia_Martin_Fischer.jpg\",\"keywords\":[\"Forvia\",\"Martin Fischer\",\"Patrick Koller\",\"ZF\"],\"articleSection\":[\"K\u00f6pfe\\\/Personen\",\"Unternehmen\"],\"inLanguage\":\"de\"},{\"@type\":\"WebPage\",\"@id\":\"https:\\\/\\\/www.krafthand.de\\\/truck\\\/artikel\\\/martin-fischer-wird-neuer-ceo-von-forvia-41491\\\/\",\"url\":\"https:\\\/\\\/www.krafthand.de\\\/truck\\\/artikel\\\/martin-fischer-wird-neuer-ceo-von-forvia-41491\\\/\",\"name\":\"Martin Fischer wird neuer CEO von Forvia - Krafthand-Truck\",\"isPartOf\":{\"@id\":\"https:\\\/\\\/www.krafthand.de\\\/truck\\\/#website\"},\"primaryImageOfPage\":{\"@id\":\"https:\\\/\\\/www.krafthand.de\\\/truck\\\/artikel\\\/martin-fischer-wird-neuer-ceo-von-forvia-41491\\\/#primaryimage\"},\"image\":{\"@id\":\"https:\\\/\\\/www.krafthand.de\\\/truck\\\/artikel\\\/martin-fischer-wird-neuer-ceo-von-forvia-41491\\\/#primaryimage\"},\"thumbnailUrl\":\"https:\\\/\\\/static.krafthand-truck.de\\\/uploads\\\/2024\\\/12\\\/Forvia_Martin_Fischer.jpg\",\"datePublished\":\"2024-12-04T10:04:30+00:00\",\"dateModified\":\"2024-12-04T10:10:49+00:00\",\"author\":{\"@id\":\"https:\\\/\\\/www.krafthand.de\\\/truck\\\/#\\\/schema\\\/person\\\/51fa80b1c57034c4bf63f9f988fc24ce\"},\"description\":\"Martin Fischer wird zum 1. M\u00e4rz 2025 neuer Vorsitzender der Gesch\u00e4ftsf\u00fchrung des Automobilzulieferers FORVIA.\",\"breadcrumb\":{\"@id\":\"https:\\\/\\\/www.krafthand.de\\\/truck\\\/artikel\\\/martin-fischer-wird-neuer-ceo-von-forvia-41491\\\/#breadcrumb\"},\"inLanguage\":\"de\",\"potentialAction\":[{\"@type\":\"ReadAction\",\"target\":[\"https:\\\/\\\/www.krafthand.de\\\/truck\\\/artikel\\\/martin-fischer-wird-neuer-ceo-von-forvia-41491\\\/\"]}]},{\"@type\":\"ImageObject\",\"inLanguage\":\"de\",\"@id\":\"https:\\\/\\\/www.krafthand.de\\\/truck\\\/artikel\\\/martin-fischer-wird-neuer-ceo-von-forvia-41491\\\/#primaryimage\",\"url\":\"https:\\\/\\\/static.krafthand-truck.de\\\/uploads\\\/2024\\\/12\\\/Forvia_Martin_Fischer.jpg\",\"contentUrl\":\"https:\\\/\\\/static.krafthand-truck.de\\\/uploads\\\/2024\\\/12\\\/Forvia_Martin_Fischer.jpg\",\"width\":1200,\"height\":799},{\"@type\":\"BreadcrumbList\",\"@id\":\"https:\\\/\\\/www.krafthand.de\\\/truck\\\/artikel\\\/martin-fischer-wird-neuer-ceo-von-forvia-41491\\\/#breadcrumb\",\"itemListElement\":[{\"@type\":\"ListItem\",\"position\":1,\"name\":\"Krafthand-Truck\",\"item\":\"https:\\\/\\\/www.krafthand.de\\\/truck\\\/\"},{\"@type\":\"ListItem\",\"position\":2,\"name\":\"Nfz-Branche\",\"item\":\"https:\\\/\\\/www.krafthand.de\\\/truck\\\/kategorie\\\/branche\\\/\"},{\"@type\":\"ListItem\",\"position\":3,\"name\":\"K\u00f6pfe\\\/Personen\",\"item\":\"https:\\\/\\\/www.krafthand.de\\\/truck\\\/kategorie\\\/branche\\\/koepfe\\\/\"},{\"@type\":\"ListItem\",\"position\":4,\"name\":\"Martin Fischer wird neuer CEO von Forvia\"}]},{\"@type\":\"WebSite\",\"@id\":\"https:\\\/\\\/www.krafthand.de\\\/truck\\\/#website\",\"url\":\"https:\\\/\\\/www.krafthand.de\\\/truck\\\/\",\"name\":\"Krafthand-Truck\",\"description\":\"\",\"potentialAction\":[{\"@type\":\"SearchAction\",\"target\":{\"@type\":\"EntryPoint\",\"urlTemplate\":\"https:\\\/\\\/www.krafthand.de\\\/truck\\\/?s={search_term_string}\"},\"query-input\":{\"@type\":\"PropertyValueSpecification\",\"valueRequired\":true,\"valueName\":\"search_term_string\"}}],\"inLanguage\":\"de\"},{\"@type\":\"Person\",\"@id\":\"https:\\\/\\\/www.krafthand.de\\\/truck\\\/#\\\/schema\\\/person\\\/51fa80b1c57034c4bf63f9f988fc24ce\",\"name\":\"georg.blenk@krafthand-medien.de\",\"image\":{\"@type\":\"ImageObject\",\"inLanguage\":\"de\",\"@id\":\"https:\\\/\\\/secure.gravatar.com\\\/avatar\\\/93713c30affe0aa95d3a4130e499bb1abee2eb31adbdd9ce2aa1543538490215?s=96&d=mm&r=g\",\"url\":\"https:\\\/\\\/secure.gravatar.com\\\/avatar\\\/93713c30affe0aa95d3a4130e499bb1abee2eb31adbdd9ce2aa1543538490215?s=96&d=mm&r=g\",\"contentUrl\":\"https:\\\/\\\/secure.gravatar.com\\\/avatar\\\/93713c30affe0aa95d3a4130e499bb1abee2eb31adbdd9ce2aa1543538490215?s=96&d=mm&r=g\",\"caption\":\"georg.blenk@krafthand-medien.de\"}}]}<\/script>\n<!-- \/ Yoast SEO plugin. -->","yoast_head_json":{"title":"Martin Fischer wird neuer CEO von Forvia - Krafthand-Truck","description":"Martin Fischer wird zum 1. M\u00e4rz 2025 neuer Vorsitzender der Gesch\u00e4ftsf\u00fchrung des Automobilzulieferers FORVIA.","robots":{"index":"index","follow":"follow","max-snippet":"max-snippet:-1","max-image-preview":"max-image-preview:large","max-video-preview":"max-video-preview:-1"},"canonical":"https:\/\/www.krafthand.de\/truck\/artikel\/martin-fischer-wird-neuer-ceo-von-forvia-41491\/","og_locale":"de_DE","og_type":"article","og_title":"Martin Fischer wird neuer CEO von Forvia - Krafthand-Truck","og_description":"Martin Fischer wird zum 1. M\u00e4rz 2025 neuer Vorsitzender der Gesch\u00e4ftsf\u00fchrung des Automobilzulieferers FORVIA.","og_url":"https:\/\/www.krafthand-truck.de\/artikel\/martin-fischer-wird-neuer-ceo-von-forvia-41491\/","og_site_name":"Krafthand-Truck","article_published_time":"2024-12-04T10:04:30+00:00","article_modified_time":"2024-12-04T10:10:49+00:00","og_image":[{"width":1200,"height":799,"url":"https:\/\/static.krafthand-truck.de\/uploads\/2024\/12\/Forvia_Martin_Fischer.jpg","type":"image\/jpeg"}],"author":"georg.blenk@krafthand-medien.de","twitter_card":"summary_large_image","twitter_misc":{"Verfasst von":"georg.blenk@krafthand-medien.de","Gesch\u00e4tzte Lesezeit":"2\u00a0Minuten"},"schema":{"@context":"https:\/\/schema.org","@graph":[{"@type":"Article","@id":"https:\/\/www.krafthand.de\/truck\/artikel\/martin-fischer-wird-neuer-ceo-von-forvia-41491\/#article","isPartOf":{"@id":"https:\/\/www.krafthand.de\/truck\/artikel\/martin-fischer-wird-neuer-ceo-von-forvia-41491\/"},"author":{"name":"georg.blenk@krafthand-medien.de","@id":"https:\/\/www.krafthand.de\/truck\/#\/schema\/person\/51fa80b1c57034c4bf63f9f988fc24ce"},"headline":"Martin Fischer wird neuer CEO von Forvia","datePublished":"2024-12-04T10:04:30+00:00","dateModified":"2024-12-04T10:10:49+00:00","mainEntityOfPage":{"@id":"https:\/\/www.krafthand.de\/truck\/artikel\/martin-fischer-wird-neuer-ceo-von-forvia-41491\/"},"wordCount":198,"image":{"@id":"https:\/\/www.krafthand.de\/truck\/artikel\/martin-fischer-wird-neuer-ceo-von-forvia-41491\/#primaryimage"},"thumbnailUrl":"https:\/\/static.krafthand-truck.de\/uploads\/2024\/12\/Forvia_Martin_Fischer.jpg","keywords":["Forvia","Martin Fischer","Patrick Koller","ZF"],"articleSection":["K\u00f6pfe\/Personen","Unternehmen"],"inLanguage":"de"},{"@type":"WebPage","@id":"https:\/\/www.krafthand.de\/truck\/artikel\/martin-fischer-wird-neuer-ceo-von-forvia-41491\/","url":"https:\/\/www.krafthand.de\/truck\/artikel\/martin-fischer-wird-neuer-ceo-von-forvia-41491\/","name":"Martin Fischer wird neuer CEO von Forvia - Krafthand-Truck","isPartOf":{"@id":"https:\/\/www.krafthand.de\/truck\/#website"},"primaryImageOfPage":{"@id":"https:\/\/www.krafthand.de\/truck\/artikel\/martin-fischer-wird-neuer-ceo-von-forvia-41491\/#primaryimage"},"image":{"@id":"https:\/\/www.krafthand.de\/truck\/artikel\/martin-fischer-wird-neuer-ceo-von-forvia-41491\/#primaryimage"},"thumbnailUrl":"https:\/\/static.krafthand-truck.de\/uploads\/2024\/12\/Forvia_Martin_Fischer.jpg","datePublished":"2024-12-04T10:04:30+00:00","dateModified":"2024-12-04T10:10:49+00:00","author":{"@id":"https:\/\/www.krafthand.de\/truck\/#\/schema\/person\/51fa80b1c57034c4bf63f9f988fc24ce"},"description":"Martin Fischer wird zum 1. M\u00e4rz 2025 neuer Vorsitzender der Gesch\u00e4ftsf\u00fchrung des Automobilzulieferers FORVIA.","breadcrumb":{"@id":"https:\/\/www.krafthand.de\/truck\/artikel\/martin-fischer-wird-neuer-ceo-von-forvia-41491\/#breadcrumb"},"inLanguage":"de","potentialAction":[{"@type":"ReadAction","target":["https:\/\/www.krafthand.de\/truck\/artikel\/martin-fischer-wird-neuer-ceo-von-forvia-41491\/"]}]},{"@type":"ImageObject","inLanguage":"de","@id":"https:\/\/www.krafthand.de\/truck\/artikel\/martin-fischer-wird-neuer-ceo-von-forvia-41491\/#primaryimage","url":"https:\/\/static.krafthand-truck.de\/uploads\/2024\/12\/Forvia_Martin_Fischer.jpg","contentUrl":"https:\/\/static.krafthand-truck.de\/uploads\/2024\/12\/Forvia_Martin_Fischer.jpg","width":1200,"height":799},{"@type":"BreadcrumbList","@id":"https:\/\/www.krafthand.de\/truck\/artikel\/martin-fischer-wird-neuer-ceo-von-forvia-41491\/#breadcrumb","itemListElement":[{"@type":"ListItem","position":1,"name":"Krafthand-Truck","item":"https:\/\/www.krafthand.de\/truck\/"},{"@type":"ListItem","position":2,"name":"Nfz-Branche","item":"https:\/\/www.krafthand.de\/truck\/kategorie\/branche\/"},{"@type":"ListItem","position":3,"name":"K\u00f6pfe\/Personen","item":"https:\/\/www.krafthand.de\/truck\/kategorie\/branche\/koepfe\/"},{"@type":"ListItem","position":4,"name":"Martin Fischer wird neuer CEO von Forvia"}]},{"@type":"WebSite","@id":"https:\/\/www.krafthand.de\/truck\/#website","url":"https:\/\/www.krafthand.de\/truck\/","name":"Krafthand-Truck","description":"","potentialAction":[{"@type":"SearchAction","target":{"@type":"EntryPoint","urlTemplate":"https:\/\/www.krafthand.de\/truck\/?s={search_term_string}"},"query-input":{"@type":"PropertyValueSpecification","valueRequired":true,"valueName":"search_term_string"}}],"inLanguage":"de"},{"@type":"Person","@id":"https:\/\/www.krafthand.de\/truck\/#\/schema\/person\/51fa80b1c57034c4bf63f9f988fc24ce","name":"georg.blenk@krafthand-medien.de","image":{"@type":"ImageObject","inLanguage":"de","@id":"https:\/\/secure.gravatar.com\/avatar\/93713c30affe0aa95d3a4130e499bb1abee2eb31adbdd9ce2aa1543538490215?s=96&d=mm&r=g","url":"https:\/\/secure.gravatar.com\/avatar\/93713c30affe0aa95d3a4130e499bb1abee2eb31adbdd9ce2aa1543538490215?s=96&d=mm&r=g","contentUrl":"https:\/\/secure.gravatar.com\/avatar\/93713c30affe0aa95d3a4130e499bb1abee2eb31adbdd9ce2aa1543538490215?s=96&d=mm&r=g","caption":"georg.blenk@krafthand-medien.de"}}]}},"_links":{"self":[{"href":"https:\/\/www.krafthand.de\/truck\/wp-json\/wp\/v2\/posts\/41491","targetHints":{"allow":["GET"]}}],"collection":[{"href":"https:\/\/www.krafthand.de\/truck\/wp-json\/wp\/v2\/posts"}],"about":[{"href":"https:\/\/www.krafthand.de\/truck\/wp-json\/wp\/v2\/types\/post"}],"author":[{"embeddable":true,"href":"https:\/\/www.krafthand.de\/truck\/wp-json\/wp\/v2\/users\/9"}],"replies":[{"embeddable":true,"href":"https:\/\/www.krafthand.de\/truck\/wp-json\/wp\/v2\/comments?post=41491"}],"version-history":[{"count":6,"href":"https:\/\/www.krafthand.de\/truck\/wp-json\/wp\/v2\/posts\/41491\/revisions"}],"predecessor-version":[{"id":41498,"href":"https:\/\/www.krafthand.de\/truck\/wp-json\/wp\/v2\/posts\/41491\/revisions\/41498"}],"wp:featuredmedia":[{"embeddable":true,"href":"https:\/\/www.krafthand.de\/truck\/wp-json\/wp\/v2\/media\/41497"}],"wp:attachment":[{"href":"https:\/\/www.krafthand.de\/truck\/wp-json\/wp\/v2\/media?parent=41491"}],"wp:term":[{"taxonomy":"category","embeddable":true,"href":"https:\/\/www.krafthand.de\/truck\/wp-json\/wp\/v2\/categories?post=41491"},{"taxonomy":"post_tag","embeddable":true,"href":"https:\/\/www.krafthand.de\/truck\/wp-json\/wp\/v2\/tags?post=41491"},{"taxonomy":"settings","embeddable":true,"href":"https:\/\/www.krafthand.de\/truck\/wp-json\/wp\/v2\/settings?post=41491"}],"curies":[{"name":"wp","href":"https:\/\/api.w.org\/{rel}","templated":true}]}}