{"id":41452,"date":"2024-11-27T15:20:50","date_gmt":"2024-11-27T14:20:50","guid":{"rendered":"https:\/\/www.krafthand.de\/truck\/?p=41452"},"modified":"2024-11-27T15:36:01","modified_gmt":"2024-11-27T14:36:01","slug":"italtrans-und-prometeon-wieder-bei-der-rallye-dakar-am-start","status":"publish","type":"post","link":"https:\/\/www.krafthand.de\/truck\/artikel\/italtrans-und-prometeon-wieder-bei-der-rallye-dakar-am-start-41452\/","title":{"rendered":"Italtrans und Prometeon mit Danilo Petrucci bei der Rallye-Dakar am Start"},"content":{"rendered":"<p>Das Transportunternehmen Italtrans und die Prometeon Tyre Group, Hersteller von Lkw-, Bus- und Agrarreifen, haben die Verl\u00e4ngerung ihrer Partnerschaft im Hinblick auf die Rallye-Dakar 2025 bekanntgegeben. Dank eines exklusiven Vertrags wird Prometeon erneut den Ex-Motorrad-Rennfahrer Danilo Petrucci zur legend\u00e4ren W\u00fcstenrally bringen. Dieses Mal wird er anstatt eines Motorrads den Truck mit der Nummer 608 des Italtrans Racing Teams \u2013 Rally Division Truck fahren, abwechselnd mit dem Hauptfahrer Claudio Bellina, der an seiner 17. Dakar teilnimmt. F\u00fcr die anspruchsvolle Navigation ist Marco Arnoletti zust\u00e4ndig. Der Renntruck mit FPT Cursor 13 Motor wird von der tschechischen Firma <a href=\"https:\/\/mmtechnology.eu\/\" target=\"_blank\" rel=\"noopener\">MM Technologie<\/a> komplett aufgebaut.<\/p>\n<p>Die Familie Bellina nimmt seit 16 Jahren bei der <a href=\"https:\/\/www.dakar.com\/en\" target=\"_blank\" rel=\"noopener\">Rallye-Dakar<\/a> teil. Bei der letzten Ausgabe konnte man den siebten Platz in der Gesamtwertung erzielten. Dabei sei die Teilnahme von Rennlegende Danilo Petruccis (Spitzname &#8218;Petrux&#8216;) entscheidend: Er wurde 1990 in Terni geboren und wird als \u201eMann der vier Welten\u201c bezeichnet, da er als einziger Fahrer mindestens ein Rennen in den Wettbewerben MotoGP, MotoAmerica, Superbike und Dakar gewonnen hat. Dies wird seine zweite Teilnahme an der ber\u00fchmtesten Rallye der Welt sein, nachdem er bei der Ausgabe 2022 mit einem Motorrad einen gro\u00dfartigen Etappensieg errang.<\/p>\n<blockquote><p>\u201eWir freuen uns, dass wir Danilo Petrucci f\u00fcr dieses neue Abenteuer gewinnen konnten\u201c, erkl\u00e4rt Roberto Righi, CEO von Prometeon. \u201eZusammen mit Claudio Bellina und Marco Arnoletti bilden sie ein fantastisches Team, das Leidenschaft, Talent und K\u00f6nnen vereint\u201c.<\/p><\/blockquote>\n<p>Die Umstellung von Motorrad auf Truck stelle f\u00fcr <a href=\"https:\/\/www.danilopetrucci.it\" target=\"_blank\" rel=\"noopener\">&#8218;Petrux&#8216;<\/a> eine gro\u00dfe Herausforderung dar: er k\u00f6nne sich aber auf die Erfahrung und die technologische Innovation der Fahrzeuge von <a href=\"https:\/\/www.italtrans.com\/ENG\/Home.asp\" target=\"_blank\" rel=\"noopener\">Italtrans<\/a> sowie auf Bellina und sein Team verlassen. Dies gelte ebenso f\u00fcr die Prometeon-Reifen, die speziell f\u00fcr schwere Fahrzeuge im Gel\u00e4ndeeinsatz entwickelt wurden.<\/p>\n<p>Petrucci verbindet eine Gemeinsamkeit mit den vierr\u00e4drigen Fahrzeugen: Sein Vater war Lkw-Fahrer, der auch MotoGP-Trucks fuhr. Dank Prometeon und der erneuerten Partnerschaft zwischen den beiden Unternehmen wird Petrucci einen Rallye-Truck in einem der anspruchsvollsten Motorsportwettbewerben fahren und damit einen weiteren wichtigen Schritt in seiner Karriere machen.<\/p>\n<blockquote><p>\u201eIch freue mich sehr, Teil des Italtrans-Teams zu sein, und kann es kaum erwarten, gemeinsam mit Claudio Bellina an Bord zu gehen\u201c, erkl\u00e4rte Petrucci.<\/p><\/blockquote>\n<h3>Die Pneus von Prometeon<\/h3>\n<p>Der Rallye-Reifen von Prometeon aus der Serie 02 sind f\u00fcr extreme Off-Road-Bedingungen entwickelt worden. Beispielsweise wurden die Seitenw\u00e4nde verst\u00e4rkt, um hohen Aufprallkr\u00e4ften, scharfen Steinen und den typisch abrasiven Oberfl\u00e4chen der Rallyeumgebung standzuhalten. Auch das Profil und die Lauffl\u00e4chenmischung der Pneus ist f\u00fcr die unterschiedlichen Gel\u00e4ndeverh\u00e4ltnisse angepasst worden. Sie bieten laut Prometeon Grip auf Schotter, Schlamm und Asphalt. Nicht zuletzt sorge die Wulst-Struktur f\u00fcr eine stabile und sichere Montage auf dem Rad. Sie gew\u00e4hrleistet zudem, dass die Reifen nicht auf der Felge verrutschten oder gar an Luft verlieren.<\/p>\n<p>Die 47. Ausgabe der Rallye-Dakar startet 03. Januar 2025 mit dem Prolog in Bisha, Saudi-Arabien.<\/p>\n","protected":false},"excerpt":{"rendered":"<p>Das Transportunternehmen Italtrans und die Prometeon Tyre Group, Hersteller von Lkw-, Bus- und Agrarreifen, haben die Verl\u00e4ngerung ihrer Partnerschaft im Hinblick auf die Rallye-Dakar 2025 bekanntgegeben. Dank eines exklusiven Vertrags wird Prometeon erneut den Ex-Motorrad-Rennfahrer Danilo Petrucci zur legend\u00e4ren W\u00fcstenrally bringen. <span class=\"excerpt-more__dots\">&#8230;<\/span> <a class=\"excerpt-more__link\" href=\"https:\/\/www.krafthand.de\/truck\/artikel\/italtrans-und-prometeon-wieder-bei-der-rallye-dakar-am-start-41452\/\" >weiter<\/a><\/p>\n","protected":false},"author":9,"featured_media":41461,"comment_status":"closed","ping_status":"closed","sticky":false,"template":"","format":"standard","meta":{"footnotes":""},"categories":[4227,4235],"tags":[6100,6101,5158,5814],"settings":[4766,3523],"class_list":["post-41452","post","type-post","status-publish","format-standard","has-post-thumbnail","hentry","category-rad-reifen-bremse","category-unternehmen","tag-italtrans","tag-petrucci","tag-prometeon","tag-rallye-dakar"],"yoast_head":"<!-- This site is optimized with the Yoast SEO plugin v27.3 - https:\/\/yoast.com\/product\/yoast-seo-wordpress\/ -->\n<title>Rallye-Dakar I Italtrans und Prometeon mit Danilo Petrucci<\/title>\n<meta name=\"description\" content=\"Italtrans und Prometeon haben ihrer Partnerschaft zur Rallye-Dakar 2025 bekanntgegeben. Mit dabei ist Ex-Motorrad-Rennfahrer Danilo Petrucci.\" \/>\n<meta name=\"robots\" content=\"index, follow, max-snippet:-1, max-image-preview:large, max-video-preview:-1\" \/>\n<link rel=\"canonical\" href=\"https:\/\/www.krafthand.de\/truck\/artikel\/italtrans-und-prometeon-wieder-bei-der-rallye-dakar-am-start-41452\/\" \/>\n<meta property=\"og:locale\" content=\"de_DE\" \/>\n<meta property=\"og:type\" content=\"article\" \/>\n<meta property=\"og:title\" content=\"Rallye-Dakar I Italtrans und Prometeon mit Danilo Petrucci\" \/>\n<meta property=\"og:description\" content=\"Italtrans und Prometeon haben ihrer Partnerschaft zur Rallye-Dakar 2025 bekanntgegeben. Mit dabei ist Ex-Motorrad-Rennfahrer Danilo Petrucci.\" \/>\n<meta property=\"og:url\" content=\"https:\/\/www.krafthand-truck.de\/artikel\/italtrans-und-prometeon-wieder-bei-der-rallye-dakar-am-start-41452\/\" \/>\n<meta property=\"og:site_name\" content=\"Krafthand-Truck\" \/>\n<meta property=\"article:published_time\" content=\"2024-11-27T14:20:50+00:00\" \/>\n<meta property=\"article:modified_time\" content=\"2024-11-27T14:36:01+00:00\" \/>\n<meta property=\"og:image\" content=\"https:\/\/static.krafthand-truck.de\/uploads\/2024\/11\/Prometeon_Italtrans_Rallye_Dakar_2025_Claudio-Bellina-Marco-Arnoletti-Danilo-Petrucci-Roberto-Righi.jpg\" \/>\n\t<meta property=\"og:image:width\" content=\"1080\" \/>\n\t<meta property=\"og:image:height\" content=\"689\" \/>\n\t<meta property=\"og:image:type\" content=\"image\/jpeg\" \/>\n<meta name=\"author\" content=\"georg.blenk@krafthand-medien.de\" \/>\n<meta name=\"twitter:card\" content=\"summary_large_image\" \/>\n<meta name=\"twitter:label1\" content=\"Verfasst von\" \/>\n\t<meta name=\"twitter:data1\" content=\"georg.blenk@krafthand-medien.de\" \/>\n\t<meta name=\"twitter:label2\" content=\"Gesch\u00e4tzte Lesezeit\" \/>\n\t<meta name=\"twitter:data2\" content=\"3\u00a0Minuten\" \/>\n<script type=\"application\/ld+json\" class=\"yoast-schema-graph\">{\"@context\":\"https:\\\/\\\/schema.org\",\"@graph\":[{\"@type\":\"Article\",\"@id\":\"https:\\\/\\\/www.krafthand.de\\\/truck\\\/artikel\\\/italtrans-und-prometeon-wieder-bei-der-rallye-dakar-am-start-41452\\\/#article\",\"isPartOf\":{\"@id\":\"https:\\\/\\\/www.krafthand.de\\\/truck\\\/artikel\\\/italtrans-und-prometeon-wieder-bei-der-rallye-dakar-am-start-41452\\\/\"},\"author\":{\"name\":\"georg.blenk@krafthand-medien.de\",\"@id\":\"https:\\\/\\\/www.krafthand.de\\\/truck\\\/#\\\/schema\\\/person\\\/51fa80b1c57034c4bf63f9f988fc24ce\"},\"headline\":\"Italtrans und Prometeon mit Danilo Petrucci bei der Rallye-Dakar am Start\",\"datePublished\":\"2024-11-27T14:20:50+00:00\",\"dateModified\":\"2024-11-27T14:36:01+00:00\",\"mainEntityOfPage\":{\"@id\":\"https:\\\/\\\/www.krafthand.de\\\/truck\\\/artikel\\\/italtrans-und-prometeon-wieder-bei-der-rallye-dakar-am-start-41452\\\/\"},\"wordCount\":482,\"image\":{\"@id\":\"https:\\\/\\\/www.krafthand.de\\\/truck\\\/artikel\\\/italtrans-und-prometeon-wieder-bei-der-rallye-dakar-am-start-41452\\\/#primaryimage\"},\"thumbnailUrl\":\"https:\\\/\\\/static.krafthand-truck.de\\\/uploads\\\/2024\\\/11\\\/Prometeon_Italtrans_Rallye_Dakar_2025_Claudio-Bellina-Marco-Arnoletti-Danilo-Petrucci-Roberto-Righi.jpg\",\"keywords\":[\"Italtrans\",\"Petrucci\",\"Prometeon\",\"Rallye Dakar\"],\"articleSection\":[\"Rad\\\/Reifen\\\/Bremse\",\"Unternehmen\"],\"inLanguage\":\"de\"},{\"@type\":\"WebPage\",\"@id\":\"https:\\\/\\\/www.krafthand.de\\\/truck\\\/artikel\\\/italtrans-und-prometeon-wieder-bei-der-rallye-dakar-am-start-41452\\\/\",\"url\":\"https:\\\/\\\/www.krafthand.de\\\/truck\\\/artikel\\\/italtrans-und-prometeon-wieder-bei-der-rallye-dakar-am-start-41452\\\/\",\"name\":\"Rallye-Dakar I Italtrans und Prometeon mit Danilo Petrucci\",\"isPartOf\":{\"@id\":\"https:\\\/\\\/www.krafthand.de\\\/truck\\\/#website\"},\"primaryImageOfPage\":{\"@id\":\"https:\\\/\\\/www.krafthand.de\\\/truck\\\/artikel\\\/italtrans-und-prometeon-wieder-bei-der-rallye-dakar-am-start-41452\\\/#primaryimage\"},\"image\":{\"@id\":\"https:\\\/\\\/www.krafthand.de\\\/truck\\\/artikel\\\/italtrans-und-prometeon-wieder-bei-der-rallye-dakar-am-start-41452\\\/#primaryimage\"},\"thumbnailUrl\":\"https:\\\/\\\/static.krafthand-truck.de\\\/uploads\\\/2024\\\/11\\\/Prometeon_Italtrans_Rallye_Dakar_2025_Claudio-Bellina-Marco-Arnoletti-Danilo-Petrucci-Roberto-Righi.jpg\",\"datePublished\":\"2024-11-27T14:20:50+00:00\",\"dateModified\":\"2024-11-27T14:36:01+00:00\",\"author\":{\"@id\":\"https:\\\/\\\/www.krafthand.de\\\/truck\\\/#\\\/schema\\\/person\\\/51fa80b1c57034c4bf63f9f988fc24ce\"},\"description\":\"Italtrans und Prometeon haben ihrer Partnerschaft zur Rallye-Dakar 2025 bekanntgegeben. Mit dabei ist Ex-Motorrad-Rennfahrer Danilo Petrucci.\",\"breadcrumb\":{\"@id\":\"https:\\\/\\\/www.krafthand.de\\\/truck\\\/artikel\\\/italtrans-und-prometeon-wieder-bei-der-rallye-dakar-am-start-41452\\\/#breadcrumb\"},\"inLanguage\":\"de\",\"potentialAction\":[{\"@type\":\"ReadAction\",\"target\":[\"https:\\\/\\\/www.krafthand.de\\\/truck\\\/artikel\\\/italtrans-und-prometeon-wieder-bei-der-rallye-dakar-am-start-41452\\\/\"]}]},{\"@type\":\"ImageObject\",\"inLanguage\":\"de\",\"@id\":\"https:\\\/\\\/www.krafthand.de\\\/truck\\\/artikel\\\/italtrans-und-prometeon-wieder-bei-der-rallye-dakar-am-start-41452\\\/#primaryimage\",\"url\":\"https:\\\/\\\/static.krafthand-truck.de\\\/uploads\\\/2024\\\/11\\\/Prometeon_Italtrans_Rallye_Dakar_2025_Claudio-Bellina-Marco-Arnoletti-Danilo-Petrucci-Roberto-Righi.jpg\",\"contentUrl\":\"https:\\\/\\\/static.krafthand-truck.de\\\/uploads\\\/2024\\\/11\\\/Prometeon_Italtrans_Rallye_Dakar_2025_Claudio-Bellina-Marco-Arnoletti-Danilo-Petrucci-Roberto-Righi.jpg\",\"width\":1080,\"height\":689},{\"@type\":\"BreadcrumbList\",\"@id\":\"https:\\\/\\\/www.krafthand.de\\\/truck\\\/artikel\\\/italtrans-und-prometeon-wieder-bei-der-rallye-dakar-am-start-41452\\\/#breadcrumb\",\"itemListElement\":[{\"@type\":\"ListItem\",\"position\":1,\"name\":\"Krafthand-Truck\",\"item\":\"https:\\\/\\\/www.krafthand.de\\\/truck\\\/\"},{\"@type\":\"ListItem\",\"position\":2,\"name\":\"Nfz-Branche\",\"item\":\"https:\\\/\\\/www.krafthand.de\\\/truck\\\/kategorie\\\/branche\\\/\"},{\"@type\":\"ListItem\",\"position\":3,\"name\":\"Unternehmen\",\"item\":\"https:\\\/\\\/www.krafthand.de\\\/truck\\\/kategorie\\\/branche\\\/unternehmen\\\/\"},{\"@type\":\"ListItem\",\"position\":4,\"name\":\"Italtrans und Prometeon mit Danilo Petrucci bei der Rallye-Dakar am Start\"}]},{\"@type\":\"WebSite\",\"@id\":\"https:\\\/\\\/www.krafthand.de\\\/truck\\\/#website\",\"url\":\"https:\\\/\\\/www.krafthand.de\\\/truck\\\/\",\"name\":\"Krafthand-Truck\",\"description\":\"\",\"potentialAction\":[{\"@type\":\"SearchAction\",\"target\":{\"@type\":\"EntryPoint\",\"urlTemplate\":\"https:\\\/\\\/www.krafthand.de\\\/truck\\\/?s={search_term_string}\"},\"query-input\":{\"@type\":\"PropertyValueSpecification\",\"valueRequired\":true,\"valueName\":\"search_term_string\"}}],\"inLanguage\":\"de\"},{\"@type\":\"Person\",\"@id\":\"https:\\\/\\\/www.krafthand.de\\\/truck\\\/#\\\/schema\\\/person\\\/51fa80b1c57034c4bf63f9f988fc24ce\",\"name\":\"georg.blenk@krafthand-medien.de\",\"image\":{\"@type\":\"ImageObject\",\"inLanguage\":\"de\",\"@id\":\"https:\\\/\\\/secure.gravatar.com\\\/avatar\\\/93713c30affe0aa95d3a4130e499bb1abee2eb31adbdd9ce2aa1543538490215?s=96&d=mm&r=g\",\"url\":\"https:\\\/\\\/secure.gravatar.com\\\/avatar\\\/93713c30affe0aa95d3a4130e499bb1abee2eb31adbdd9ce2aa1543538490215?s=96&d=mm&r=g\",\"contentUrl\":\"https:\\\/\\\/secure.gravatar.com\\\/avatar\\\/93713c30affe0aa95d3a4130e499bb1abee2eb31adbdd9ce2aa1543538490215?s=96&d=mm&r=g\",\"caption\":\"georg.blenk@krafthand-medien.de\"}}]}<\/script>\n<!-- \/ Yoast SEO plugin. -->","yoast_head_json":{"title":"Rallye-Dakar I Italtrans und Prometeon mit Danilo Petrucci","description":"Italtrans und Prometeon haben ihrer Partnerschaft zur Rallye-Dakar 2025 bekanntgegeben. Mit dabei ist Ex-Motorrad-Rennfahrer Danilo Petrucci.","robots":{"index":"index","follow":"follow","max-snippet":"max-snippet:-1","max-image-preview":"max-image-preview:large","max-video-preview":"max-video-preview:-1"},"canonical":"https:\/\/www.krafthand.de\/truck\/artikel\/italtrans-und-prometeon-wieder-bei-der-rallye-dakar-am-start-41452\/","og_locale":"de_DE","og_type":"article","og_title":"Rallye-Dakar I Italtrans und Prometeon mit Danilo Petrucci","og_description":"Italtrans und Prometeon haben ihrer Partnerschaft zur Rallye-Dakar 2025 bekanntgegeben. Mit dabei ist Ex-Motorrad-Rennfahrer Danilo Petrucci.","og_url":"https:\/\/www.krafthand-truck.de\/artikel\/italtrans-und-prometeon-wieder-bei-der-rallye-dakar-am-start-41452\/","og_site_name":"Krafthand-Truck","article_published_time":"2024-11-27T14:20:50+00:00","article_modified_time":"2024-11-27T14:36:01+00:00","og_image":[{"width":1080,"height":689,"url":"https:\/\/static.krafthand-truck.de\/uploads\/2024\/11\/Prometeon_Italtrans_Rallye_Dakar_2025_Claudio-Bellina-Marco-Arnoletti-Danilo-Petrucci-Roberto-Righi.jpg","type":"image\/jpeg"}],"author":"georg.blenk@krafthand-medien.de","twitter_card":"summary_large_image","twitter_misc":{"Verfasst von":"georg.blenk@krafthand-medien.de","Gesch\u00e4tzte Lesezeit":"3\u00a0Minuten"},"schema":{"@context":"https:\/\/schema.org","@graph":[{"@type":"Article","@id":"https:\/\/www.krafthand.de\/truck\/artikel\/italtrans-und-prometeon-wieder-bei-der-rallye-dakar-am-start-41452\/#article","isPartOf":{"@id":"https:\/\/www.krafthand.de\/truck\/artikel\/italtrans-und-prometeon-wieder-bei-der-rallye-dakar-am-start-41452\/"},"author":{"name":"georg.blenk@krafthand-medien.de","@id":"https:\/\/www.krafthand.de\/truck\/#\/schema\/person\/51fa80b1c57034c4bf63f9f988fc24ce"},"headline":"Italtrans und Prometeon mit Danilo Petrucci bei der Rallye-Dakar am Start","datePublished":"2024-11-27T14:20:50+00:00","dateModified":"2024-11-27T14:36:01+00:00","mainEntityOfPage":{"@id":"https:\/\/www.krafthand.de\/truck\/artikel\/italtrans-und-prometeon-wieder-bei-der-rallye-dakar-am-start-41452\/"},"wordCount":482,"image":{"@id":"https:\/\/www.krafthand.de\/truck\/artikel\/italtrans-und-prometeon-wieder-bei-der-rallye-dakar-am-start-41452\/#primaryimage"},"thumbnailUrl":"https:\/\/static.krafthand-truck.de\/uploads\/2024\/11\/Prometeon_Italtrans_Rallye_Dakar_2025_Claudio-Bellina-Marco-Arnoletti-Danilo-Petrucci-Roberto-Righi.jpg","keywords":["Italtrans","Petrucci","Prometeon","Rallye Dakar"],"articleSection":["Rad\/Reifen\/Bremse","Unternehmen"],"inLanguage":"de"},{"@type":"WebPage","@id":"https:\/\/www.krafthand.de\/truck\/artikel\/italtrans-und-prometeon-wieder-bei-der-rallye-dakar-am-start-41452\/","url":"https:\/\/www.krafthand.de\/truck\/artikel\/italtrans-und-prometeon-wieder-bei-der-rallye-dakar-am-start-41452\/","name":"Rallye-Dakar I Italtrans und Prometeon mit Danilo Petrucci","isPartOf":{"@id":"https:\/\/www.krafthand.de\/truck\/#website"},"primaryImageOfPage":{"@id":"https:\/\/www.krafthand.de\/truck\/artikel\/italtrans-und-prometeon-wieder-bei-der-rallye-dakar-am-start-41452\/#primaryimage"},"image":{"@id":"https:\/\/www.krafthand.de\/truck\/artikel\/italtrans-und-prometeon-wieder-bei-der-rallye-dakar-am-start-41452\/#primaryimage"},"thumbnailUrl":"https:\/\/static.krafthand-truck.de\/uploads\/2024\/11\/Prometeon_Italtrans_Rallye_Dakar_2025_Claudio-Bellina-Marco-Arnoletti-Danilo-Petrucci-Roberto-Righi.jpg","datePublished":"2024-11-27T14:20:50+00:00","dateModified":"2024-11-27T14:36:01+00:00","author":{"@id":"https:\/\/www.krafthand.de\/truck\/#\/schema\/person\/51fa80b1c57034c4bf63f9f988fc24ce"},"description":"Italtrans und Prometeon haben ihrer Partnerschaft zur Rallye-Dakar 2025 bekanntgegeben. Mit dabei ist Ex-Motorrad-Rennfahrer Danilo Petrucci.","breadcrumb":{"@id":"https:\/\/www.krafthand.de\/truck\/artikel\/italtrans-und-prometeon-wieder-bei-der-rallye-dakar-am-start-41452\/#breadcrumb"},"inLanguage":"de","potentialAction":[{"@type":"ReadAction","target":["https:\/\/www.krafthand.de\/truck\/artikel\/italtrans-und-prometeon-wieder-bei-der-rallye-dakar-am-start-41452\/"]}]},{"@type":"ImageObject","inLanguage":"de","@id":"https:\/\/www.krafthand.de\/truck\/artikel\/italtrans-und-prometeon-wieder-bei-der-rallye-dakar-am-start-41452\/#primaryimage","url":"https:\/\/static.krafthand-truck.de\/uploads\/2024\/11\/Prometeon_Italtrans_Rallye_Dakar_2025_Claudio-Bellina-Marco-Arnoletti-Danilo-Petrucci-Roberto-Righi.jpg","contentUrl":"https:\/\/static.krafthand-truck.de\/uploads\/2024\/11\/Prometeon_Italtrans_Rallye_Dakar_2025_Claudio-Bellina-Marco-Arnoletti-Danilo-Petrucci-Roberto-Righi.jpg","width":1080,"height":689},{"@type":"BreadcrumbList","@id":"https:\/\/www.krafthand.de\/truck\/artikel\/italtrans-und-prometeon-wieder-bei-der-rallye-dakar-am-start-41452\/#breadcrumb","itemListElement":[{"@type":"ListItem","position":1,"name":"Krafthand-Truck","item":"https:\/\/www.krafthand.de\/truck\/"},{"@type":"ListItem","position":2,"name":"Nfz-Branche","item":"https:\/\/www.krafthand.de\/truck\/kategorie\/branche\/"},{"@type":"ListItem","position":3,"name":"Unternehmen","item":"https:\/\/www.krafthand.de\/truck\/kategorie\/branche\/unternehmen\/"},{"@type":"ListItem","position":4,"name":"Italtrans und Prometeon mit Danilo Petrucci bei der Rallye-Dakar am Start"}]},{"@type":"WebSite","@id":"https:\/\/www.krafthand.de\/truck\/#website","url":"https:\/\/www.krafthand.de\/truck\/","name":"Krafthand-Truck","description":"","potentialAction":[{"@type":"SearchAction","target":{"@type":"EntryPoint","urlTemplate":"https:\/\/www.krafthand.de\/truck\/?s={search_term_string}"},"query-input":{"@type":"PropertyValueSpecification","valueRequired":true,"valueName":"search_term_string"}}],"inLanguage":"de"},{"@type":"Person","@id":"https:\/\/www.krafthand.de\/truck\/#\/schema\/person\/51fa80b1c57034c4bf63f9f988fc24ce","name":"georg.blenk@krafthand-medien.de","image":{"@type":"ImageObject","inLanguage":"de","@id":"https:\/\/secure.gravatar.com\/avatar\/93713c30affe0aa95d3a4130e499bb1abee2eb31adbdd9ce2aa1543538490215?s=96&d=mm&r=g","url":"https:\/\/secure.gravatar.com\/avatar\/93713c30affe0aa95d3a4130e499bb1abee2eb31adbdd9ce2aa1543538490215?s=96&d=mm&r=g","contentUrl":"https:\/\/secure.gravatar.com\/avatar\/93713c30affe0aa95d3a4130e499bb1abee2eb31adbdd9ce2aa1543538490215?s=96&d=mm&r=g","caption":"georg.blenk@krafthand-medien.de"}}]}},"_links":{"self":[{"href":"https:\/\/www.krafthand.de\/truck\/wp-json\/wp\/v2\/posts\/41452","targetHints":{"allow":["GET"]}}],"collection":[{"href":"https:\/\/www.krafthand.de\/truck\/wp-json\/wp\/v2\/posts"}],"about":[{"href":"https:\/\/www.krafthand.de\/truck\/wp-json\/wp\/v2\/types\/post"}],"author":[{"embeddable":true,"href":"https:\/\/www.krafthand.de\/truck\/wp-json\/wp\/v2\/users\/9"}],"replies":[{"embeddable":true,"href":"https:\/\/www.krafthand.de\/truck\/wp-json\/wp\/v2\/comments?post=41452"}],"version-history":[{"count":11,"href":"https:\/\/www.krafthand.de\/truck\/wp-json\/wp\/v2\/posts\/41452\/revisions"}],"predecessor-version":[{"id":41464,"href":"https:\/\/www.krafthand.de\/truck\/wp-json\/wp\/v2\/posts\/41452\/revisions\/41464"}],"wp:featuredmedia":[{"embeddable":true,"href":"https:\/\/www.krafthand.de\/truck\/wp-json\/wp\/v2\/media\/41461"}],"wp:attachment":[{"href":"https:\/\/www.krafthand.de\/truck\/wp-json\/wp\/v2\/media?parent=41452"}],"wp:term":[{"taxonomy":"category","embeddable":true,"href":"https:\/\/www.krafthand.de\/truck\/wp-json\/wp\/v2\/categories?post=41452"},{"taxonomy":"post_tag","embeddable":true,"href":"https:\/\/www.krafthand.de\/truck\/wp-json\/wp\/v2\/tags?post=41452"},{"taxonomy":"settings","embeddable":true,"href":"https:\/\/www.krafthand.de\/truck\/wp-json\/wp\/v2\/settings?post=41452"}],"curies":[{"name":"wp","href":"https:\/\/api.w.org\/{rel}","templated":true}]}}