{"id":41410,"date":"2024-11-21T12:36:48","date_gmt":"2024-11-21T11:36:48","guid":{"rendered":"https:\/\/www.krafthand.de\/truck\/?p=41410"},"modified":"2024-11-21T12:42:57","modified_gmt":"2024-11-21T11:42:57","slug":"azubis-von-schmitz-cargobull-fuer-spitzenleistungen-geehrt","status":"publish","type":"post","link":"https:\/\/www.krafthand.de\/truck\/artikel\/azubis-von-schmitz-cargobull-fuer-spitzenleistungen-geehrt-41410\/","title":{"rendered":"Azubis von Schmitz Cargobull f\u00fcr Spitzenleistungen geehrt"},"content":{"rendered":"<p>In diesem Jahr haben erneut zehn Auszubildende von Schmitz Cargobull ihre Fachausbildung mit der Note &#8218;Sehr gut&#8216; abgeschlossen und wurden bei den Besten-Ehrungen der Industrie- und Handelskammern (IHK) in den Kreisen Borken und Steinfurt ausgezeichnet.<\/p>\n<p>Dar\u00fcber hinaus ehrten die insgesamt 16 IHKs in NRW die zwei landesweit besten Absolventen in ihrem jeweiligen Ausbildungsberuf. Die beiden Spitzenpl\u00e4tze im Bereich Mechatroniker gingen an Jonas Thiemann (Ausbildungswerkstatt Altenberge) und Oliver Behrendt (Ausbildungswerkstatt Vreden), ebenfalls beide Azubis bei <a href=\"https:\/\/www.cargobull.com\/de\/\" target=\"_blank\" rel=\"noopener\">Schmitz Cargobull<\/a>. Sie haben ihre Mechatroniker-Ausbildung mit 97 Prozent als die Besten im Bundesland Nordrhein-Westfalen abgeschlossen und bei der Landesbestenehrung am 8. November in Siegen ihre Auszeichnung entgegengenommen.<\/p>\n<blockquote><p>\u201cDie hochwertige Ausbildung junger Talente ist f\u00fcr Schmitz Cargobull ein wesentlicher Erfolgsfaktor. Unsere Auszubildenden bringen frische Ideen und neue Perspektiven ein, die uns helfen, innovativ und wettbewerbsf\u00e4hig zu bleiben. Gleichzeitig bieten wir ihnen eine solide Grundlage f\u00fcr ihre berufliche Laufbahn. Daher sind wir besonders stolz, dass unsere Auszubildende j\u00e4hrlich Spitzenleistungen erbringen, was den hohen Stellenwert und die zentrale Bedeutung der Ausbildung in unserem Haus unterstreicht,\u201c so Andreas Busacker, Vorstand Human Resources bei Schmitz Cargobull.<\/p><\/blockquote>\n<p>Bei der zentralen Ehrung pr\u00e4sentierte sich der <a href=\"https:\/\/www.ihk.de\/nordwestfalen\" target=\"_blank\" rel=\"noopener\">IHK-Bezirk Nord Westfalen<\/a> damit erneut als <em>\u201eeine Hochburg der betrieblichen Ausbildung\u201c<\/em>, so IHK-Pr\u00e4sident Dr. Benedikt H\u00fcffer. F\u00fcr H\u00fcffer sind die Spitzen-Azubis <em>\u201eVorbilder, die hoffentlich viele junge Menschen animieren, einen \u00e4hnlichen Bildungsweg einzuschlagen\u201c<\/em>. Absolventen der betrieblichen Aus- und Weiterbildung seien in Unternehmen besonders gesucht.<\/p>\n<h3>Azubis f\u00fcr 2025 gesucht<\/h3>\n<p>Auch f\u00fcr den Ausbildungsstart im August 2025 sucht Schmitz Cargobull wieder insgesamt 92 motivierte Azubis f\u00fcr die gewerblich-technische oder kaufm\u00e4nnische Ausbildung, beziehungsweise f\u00fcr ein duales Studium. Insgesamt bildet das Unternehmen in \u00fcber 20 Fachberufen aus. N\u00e4here Informationen f\u00fcr interessierte Bewerber sind hier zu finden: <a href=\"https:\/\/ausbildung.cargobull.com\" target=\"_blank\" rel=\"noopener\">www.ausbildung.cargobull.com<\/a><\/p>\n","protected":false},"excerpt":{"rendered":"<p>In diesem Jahr haben erneut zehn Auszubildende von Schmitz Cargobull ihre Fachausbildung mit der Note &#8218;Sehr gut&#8216; abgeschlossen und wurden bei den Besten-Ehrungen der Industrie- und Handelskammern (IHK) in den Kreisen Borken und Steinfurt ausgezeichnet. Auch die beiden Besten in NRW stellte der Trailer-Hersteller. <span class=\"excerpt-more__dots\">&#8230;<\/span> <a class=\"excerpt-more__link\" href=\"https:\/\/www.krafthand.de\/truck\/artikel\/azubis-von-schmitz-cargobull-fuer-spitzenleistungen-geehrt-41410\/\" >weiter<\/a><\/p>\n","protected":false},"author":9,"featured_media":41413,"comment_status":"closed","ping_status":"closed","sticky":false,"template":"","format":"standard","meta":{"footnotes":""},"categories":[4238,4324,4235],"tags":[1014,4904,6095,4749],"settings":[4766,3523],"class_list":["post-41410","post","type-post","status-publish","format-standard","has-post-thumbnail","hentry","category-koepfe","category-schulungen-bildung","category-unternehmen","tag-ausbildung","tag-azubi","tag-ihk","tag-schmitz-cargobul"],"yoast_head":"<!-- This site is optimized with the Yoast SEO plugin v27.3 - https:\/\/yoast.com\/product\/yoast-seo-wordpress\/ -->\n<title>Azubis von Schmitz Cargobull f\u00fcr Spitzenleistungen geehrt - Krafthand-Truck<\/title>\n<meta name=\"description\" content=\"Zehn Auszubildende von Schmitz Cargobull haben mit der Note &#039;Sehr gut&#039; abgeschlossen. Auch die beiden Besten in NRW stellte der Trailer-Hersteller.\" \/>\n<meta name=\"robots\" content=\"index, follow, max-snippet:-1, max-image-preview:large, max-video-preview:-1\" \/>\n<link rel=\"canonical\" href=\"https:\/\/www.krafthand.de\/truck\/artikel\/azubis-von-schmitz-cargobull-fuer-spitzenleistungen-geehrt-41410\/\" \/>\n<meta property=\"og:locale\" content=\"de_DE\" \/>\n<meta property=\"og:type\" content=\"article\" \/>\n<meta property=\"og:title\" content=\"Azubis von Schmitz Cargobull f\u00fcr Spitzenleistungen geehrt - Krafthand-Truck\" \/>\n<meta property=\"og:description\" content=\"Zehn Auszubildende von Schmitz Cargobull haben mit der Note &#039;Sehr gut&#039; abgeschlossen. Auch die beiden Besten in NRW stellte der Trailer-Hersteller.\" \/>\n<meta property=\"og:url\" content=\"https:\/\/www.krafthand-truck.de\/artikel\/azubis-von-schmitz-cargobull-fuer-spitzenleistungen-geehrt-41410\/\" \/>\n<meta property=\"og:site_name\" content=\"Krafthand-Truck\" \/>\n<meta property=\"article:published_time\" content=\"2024-11-21T11:36:48+00:00\" \/>\n<meta property=\"article:modified_time\" content=\"2024-11-21T11:42:57+00:00\" \/>\n<meta property=\"og:image\" content=\"https:\/\/static.krafthand-truck.de\/uploads\/2024\/11\/Schmitz_Cargobull_IHK_Azubis_Mechatroniker_Landesbestenehrung_Oliver_Behrendt_Jonas_Thiemann.jpg\" \/>\n\t<meta property=\"og:image:width\" content=\"1200\" \/>\n\t<meta property=\"og:image:height\" content=\"885\" \/>\n\t<meta property=\"og:image:type\" content=\"image\/jpeg\" \/>\n<meta name=\"author\" content=\"georg.blenk@krafthand-medien.de\" \/>\n<meta name=\"twitter:card\" content=\"summary_large_image\" \/>\n<meta name=\"twitter:label1\" content=\"Verfasst von\" \/>\n\t<meta name=\"twitter:data1\" content=\"georg.blenk@krafthand-medien.de\" \/>\n\t<meta name=\"twitter:label2\" content=\"Gesch\u00e4tzte Lesezeit\" \/>\n\t<meta name=\"twitter:data2\" content=\"2\u00a0Minuten\" \/>\n<script type=\"application\/ld+json\" class=\"yoast-schema-graph\">{\"@context\":\"https:\\\/\\\/schema.org\",\"@graph\":[{\"@type\":\"Article\",\"@id\":\"https:\\\/\\\/www.krafthand.de\\\/truck\\\/artikel\\\/azubis-von-schmitz-cargobull-fuer-spitzenleistungen-geehrt-41410\\\/#article\",\"isPartOf\":{\"@id\":\"https:\\\/\\\/www.krafthand.de\\\/truck\\\/artikel\\\/azubis-von-schmitz-cargobull-fuer-spitzenleistungen-geehrt-41410\\\/\"},\"author\":{\"name\":\"georg.blenk@krafthand-medien.de\",\"@id\":\"https:\\\/\\\/www.krafthand.de\\\/truck\\\/#\\\/schema\\\/person\\\/51fa80b1c57034c4bf63f9f988fc24ce\"},\"headline\":\"Azubis von Schmitz Cargobull f\u00fcr Spitzenleistungen geehrt\",\"datePublished\":\"2024-11-21T11:36:48+00:00\",\"dateModified\":\"2024-11-21T11:42:57+00:00\",\"mainEntityOfPage\":{\"@id\":\"https:\\\/\\\/www.krafthand.de\\\/truck\\\/artikel\\\/azubis-von-schmitz-cargobull-fuer-spitzenleistungen-geehrt-41410\\\/\"},\"wordCount\":297,\"image\":{\"@id\":\"https:\\\/\\\/www.krafthand.de\\\/truck\\\/artikel\\\/azubis-von-schmitz-cargobull-fuer-spitzenleistungen-geehrt-41410\\\/#primaryimage\"},\"thumbnailUrl\":\"https:\\\/\\\/static.krafthand-truck.de\\\/uploads\\\/2024\\\/11\\\/Schmitz_Cargobull_IHK_Azubis_Mechatroniker_Landesbestenehrung_Oliver_Behrendt_Jonas_Thiemann.jpg\",\"keywords\":[\"Ausbildung\",\"Azubi\",\"IHK\",\"Schmitz Cargobul\"],\"articleSection\":[\"K\u00f6pfe\\\/Personen\",\"Schulungen\\\/Bildung\",\"Unternehmen\"],\"inLanguage\":\"de\"},{\"@type\":\"WebPage\",\"@id\":\"https:\\\/\\\/www.krafthand.de\\\/truck\\\/artikel\\\/azubis-von-schmitz-cargobull-fuer-spitzenleistungen-geehrt-41410\\\/\",\"url\":\"https:\\\/\\\/www.krafthand.de\\\/truck\\\/artikel\\\/azubis-von-schmitz-cargobull-fuer-spitzenleistungen-geehrt-41410\\\/\",\"name\":\"Azubis von Schmitz Cargobull f\u00fcr Spitzenleistungen geehrt - Krafthand-Truck\",\"isPartOf\":{\"@id\":\"https:\\\/\\\/www.krafthand.de\\\/truck\\\/#website\"},\"primaryImageOfPage\":{\"@id\":\"https:\\\/\\\/www.krafthand.de\\\/truck\\\/artikel\\\/azubis-von-schmitz-cargobull-fuer-spitzenleistungen-geehrt-41410\\\/#primaryimage\"},\"image\":{\"@id\":\"https:\\\/\\\/www.krafthand.de\\\/truck\\\/artikel\\\/azubis-von-schmitz-cargobull-fuer-spitzenleistungen-geehrt-41410\\\/#primaryimage\"},\"thumbnailUrl\":\"https:\\\/\\\/static.krafthand-truck.de\\\/uploads\\\/2024\\\/11\\\/Schmitz_Cargobull_IHK_Azubis_Mechatroniker_Landesbestenehrung_Oliver_Behrendt_Jonas_Thiemann.jpg\",\"datePublished\":\"2024-11-21T11:36:48+00:00\",\"dateModified\":\"2024-11-21T11:42:57+00:00\",\"author\":{\"@id\":\"https:\\\/\\\/www.krafthand.de\\\/truck\\\/#\\\/schema\\\/person\\\/51fa80b1c57034c4bf63f9f988fc24ce\"},\"description\":\"Zehn Auszubildende von Schmitz Cargobull haben mit der Note 'Sehr gut' abgeschlossen. Auch die beiden Besten in NRW stellte der Trailer-Hersteller.\",\"breadcrumb\":{\"@id\":\"https:\\\/\\\/www.krafthand.de\\\/truck\\\/artikel\\\/azubis-von-schmitz-cargobull-fuer-spitzenleistungen-geehrt-41410\\\/#breadcrumb\"},\"inLanguage\":\"de\",\"potentialAction\":[{\"@type\":\"ReadAction\",\"target\":[\"https:\\\/\\\/www.krafthand.de\\\/truck\\\/artikel\\\/azubis-von-schmitz-cargobull-fuer-spitzenleistungen-geehrt-41410\\\/\"]}]},{\"@type\":\"ImageObject\",\"inLanguage\":\"de\",\"@id\":\"https:\\\/\\\/www.krafthand.de\\\/truck\\\/artikel\\\/azubis-von-schmitz-cargobull-fuer-spitzenleistungen-geehrt-41410\\\/#primaryimage\",\"url\":\"https:\\\/\\\/static.krafthand-truck.de\\\/uploads\\\/2024\\\/11\\\/Schmitz_Cargobull_IHK_Azubis_Mechatroniker_Landesbestenehrung_Oliver_Behrendt_Jonas_Thiemann.jpg\",\"contentUrl\":\"https:\\\/\\\/static.krafthand-truck.de\\\/uploads\\\/2024\\\/11\\\/Schmitz_Cargobull_IHK_Azubis_Mechatroniker_Landesbestenehrung_Oliver_Behrendt_Jonas_Thiemann.jpg\",\"width\":1200,\"height\":885},{\"@type\":\"BreadcrumbList\",\"@id\":\"https:\\\/\\\/www.krafthand.de\\\/truck\\\/artikel\\\/azubis-von-schmitz-cargobull-fuer-spitzenleistungen-geehrt-41410\\\/#breadcrumb\",\"itemListElement\":[{\"@type\":\"ListItem\",\"position\":1,\"name\":\"Krafthand-Truck\",\"item\":\"https:\\\/\\\/www.krafthand.de\\\/truck\\\/\"},{\"@type\":\"ListItem\",\"position\":2,\"name\":\"Nfz-Branche\",\"item\":\"https:\\\/\\\/www.krafthand.de\\\/truck\\\/kategorie\\\/branche\\\/\"},{\"@type\":\"ListItem\",\"position\":3,\"name\":\"K\u00f6pfe\\\/Personen\",\"item\":\"https:\\\/\\\/www.krafthand.de\\\/truck\\\/kategorie\\\/branche\\\/koepfe\\\/\"},{\"@type\":\"ListItem\",\"position\":4,\"name\":\"Azubis von Schmitz Cargobull f\u00fcr Spitzenleistungen geehrt\"}]},{\"@type\":\"WebSite\",\"@id\":\"https:\\\/\\\/www.krafthand.de\\\/truck\\\/#website\",\"url\":\"https:\\\/\\\/www.krafthand.de\\\/truck\\\/\",\"name\":\"Krafthand-Truck\",\"description\":\"\",\"potentialAction\":[{\"@type\":\"SearchAction\",\"target\":{\"@type\":\"EntryPoint\",\"urlTemplate\":\"https:\\\/\\\/www.krafthand.de\\\/truck\\\/?s={search_term_string}\"},\"query-input\":{\"@type\":\"PropertyValueSpecification\",\"valueRequired\":true,\"valueName\":\"search_term_string\"}}],\"inLanguage\":\"de\"},{\"@type\":\"Person\",\"@id\":\"https:\\\/\\\/www.krafthand.de\\\/truck\\\/#\\\/schema\\\/person\\\/51fa80b1c57034c4bf63f9f988fc24ce\",\"name\":\"georg.blenk@krafthand-medien.de\",\"image\":{\"@type\":\"ImageObject\",\"inLanguage\":\"de\",\"@id\":\"https:\\\/\\\/secure.gravatar.com\\\/avatar\\\/93713c30affe0aa95d3a4130e499bb1abee2eb31adbdd9ce2aa1543538490215?s=96&d=mm&r=g\",\"url\":\"https:\\\/\\\/secure.gravatar.com\\\/avatar\\\/93713c30affe0aa95d3a4130e499bb1abee2eb31adbdd9ce2aa1543538490215?s=96&d=mm&r=g\",\"contentUrl\":\"https:\\\/\\\/secure.gravatar.com\\\/avatar\\\/93713c30affe0aa95d3a4130e499bb1abee2eb31adbdd9ce2aa1543538490215?s=96&d=mm&r=g\",\"caption\":\"georg.blenk@krafthand-medien.de\"}}]}<\/script>\n<!-- \/ Yoast SEO plugin. -->","yoast_head_json":{"title":"Azubis von Schmitz Cargobull f\u00fcr Spitzenleistungen geehrt - Krafthand-Truck","description":"Zehn Auszubildende von Schmitz Cargobull haben mit der Note 'Sehr gut' abgeschlossen. Auch die beiden Besten in NRW stellte der Trailer-Hersteller.","robots":{"index":"index","follow":"follow","max-snippet":"max-snippet:-1","max-image-preview":"max-image-preview:large","max-video-preview":"max-video-preview:-1"},"canonical":"https:\/\/www.krafthand.de\/truck\/artikel\/azubis-von-schmitz-cargobull-fuer-spitzenleistungen-geehrt-41410\/","og_locale":"de_DE","og_type":"article","og_title":"Azubis von Schmitz Cargobull f\u00fcr Spitzenleistungen geehrt - Krafthand-Truck","og_description":"Zehn Auszubildende von Schmitz Cargobull haben mit der Note 'Sehr gut' abgeschlossen. Auch die beiden Besten in NRW stellte der Trailer-Hersteller.","og_url":"https:\/\/www.krafthand-truck.de\/artikel\/azubis-von-schmitz-cargobull-fuer-spitzenleistungen-geehrt-41410\/","og_site_name":"Krafthand-Truck","article_published_time":"2024-11-21T11:36:48+00:00","article_modified_time":"2024-11-21T11:42:57+00:00","og_image":[{"width":1200,"height":885,"url":"https:\/\/static.krafthand-truck.de\/uploads\/2024\/11\/Schmitz_Cargobull_IHK_Azubis_Mechatroniker_Landesbestenehrung_Oliver_Behrendt_Jonas_Thiemann.jpg","type":"image\/jpeg"}],"author":"georg.blenk@krafthand-medien.de","twitter_card":"summary_large_image","twitter_misc":{"Verfasst von":"georg.blenk@krafthand-medien.de","Gesch\u00e4tzte Lesezeit":"2\u00a0Minuten"},"schema":{"@context":"https:\/\/schema.org","@graph":[{"@type":"Article","@id":"https:\/\/www.krafthand.de\/truck\/artikel\/azubis-von-schmitz-cargobull-fuer-spitzenleistungen-geehrt-41410\/#article","isPartOf":{"@id":"https:\/\/www.krafthand.de\/truck\/artikel\/azubis-von-schmitz-cargobull-fuer-spitzenleistungen-geehrt-41410\/"},"author":{"name":"georg.blenk@krafthand-medien.de","@id":"https:\/\/www.krafthand.de\/truck\/#\/schema\/person\/51fa80b1c57034c4bf63f9f988fc24ce"},"headline":"Azubis von Schmitz Cargobull f\u00fcr Spitzenleistungen geehrt","datePublished":"2024-11-21T11:36:48+00:00","dateModified":"2024-11-21T11:42:57+00:00","mainEntityOfPage":{"@id":"https:\/\/www.krafthand.de\/truck\/artikel\/azubis-von-schmitz-cargobull-fuer-spitzenleistungen-geehrt-41410\/"},"wordCount":297,"image":{"@id":"https:\/\/www.krafthand.de\/truck\/artikel\/azubis-von-schmitz-cargobull-fuer-spitzenleistungen-geehrt-41410\/#primaryimage"},"thumbnailUrl":"https:\/\/static.krafthand-truck.de\/uploads\/2024\/11\/Schmitz_Cargobull_IHK_Azubis_Mechatroniker_Landesbestenehrung_Oliver_Behrendt_Jonas_Thiemann.jpg","keywords":["Ausbildung","Azubi","IHK","Schmitz Cargobul"],"articleSection":["K\u00f6pfe\/Personen","Schulungen\/Bildung","Unternehmen"],"inLanguage":"de"},{"@type":"WebPage","@id":"https:\/\/www.krafthand.de\/truck\/artikel\/azubis-von-schmitz-cargobull-fuer-spitzenleistungen-geehrt-41410\/","url":"https:\/\/www.krafthand.de\/truck\/artikel\/azubis-von-schmitz-cargobull-fuer-spitzenleistungen-geehrt-41410\/","name":"Azubis von Schmitz Cargobull f\u00fcr Spitzenleistungen geehrt - Krafthand-Truck","isPartOf":{"@id":"https:\/\/www.krafthand.de\/truck\/#website"},"primaryImageOfPage":{"@id":"https:\/\/www.krafthand.de\/truck\/artikel\/azubis-von-schmitz-cargobull-fuer-spitzenleistungen-geehrt-41410\/#primaryimage"},"image":{"@id":"https:\/\/www.krafthand.de\/truck\/artikel\/azubis-von-schmitz-cargobull-fuer-spitzenleistungen-geehrt-41410\/#primaryimage"},"thumbnailUrl":"https:\/\/static.krafthand-truck.de\/uploads\/2024\/11\/Schmitz_Cargobull_IHK_Azubis_Mechatroniker_Landesbestenehrung_Oliver_Behrendt_Jonas_Thiemann.jpg","datePublished":"2024-11-21T11:36:48+00:00","dateModified":"2024-11-21T11:42:57+00:00","author":{"@id":"https:\/\/www.krafthand.de\/truck\/#\/schema\/person\/51fa80b1c57034c4bf63f9f988fc24ce"},"description":"Zehn Auszubildende von Schmitz Cargobull haben mit der Note 'Sehr gut' abgeschlossen. Auch die beiden Besten in NRW stellte der Trailer-Hersteller.","breadcrumb":{"@id":"https:\/\/www.krafthand.de\/truck\/artikel\/azubis-von-schmitz-cargobull-fuer-spitzenleistungen-geehrt-41410\/#breadcrumb"},"inLanguage":"de","potentialAction":[{"@type":"ReadAction","target":["https:\/\/www.krafthand.de\/truck\/artikel\/azubis-von-schmitz-cargobull-fuer-spitzenleistungen-geehrt-41410\/"]}]},{"@type":"ImageObject","inLanguage":"de","@id":"https:\/\/www.krafthand.de\/truck\/artikel\/azubis-von-schmitz-cargobull-fuer-spitzenleistungen-geehrt-41410\/#primaryimage","url":"https:\/\/static.krafthand-truck.de\/uploads\/2024\/11\/Schmitz_Cargobull_IHK_Azubis_Mechatroniker_Landesbestenehrung_Oliver_Behrendt_Jonas_Thiemann.jpg","contentUrl":"https:\/\/static.krafthand-truck.de\/uploads\/2024\/11\/Schmitz_Cargobull_IHK_Azubis_Mechatroniker_Landesbestenehrung_Oliver_Behrendt_Jonas_Thiemann.jpg","width":1200,"height":885},{"@type":"BreadcrumbList","@id":"https:\/\/www.krafthand.de\/truck\/artikel\/azubis-von-schmitz-cargobull-fuer-spitzenleistungen-geehrt-41410\/#breadcrumb","itemListElement":[{"@type":"ListItem","position":1,"name":"Krafthand-Truck","item":"https:\/\/www.krafthand.de\/truck\/"},{"@type":"ListItem","position":2,"name":"Nfz-Branche","item":"https:\/\/www.krafthand.de\/truck\/kategorie\/branche\/"},{"@type":"ListItem","position":3,"name":"K\u00f6pfe\/Personen","item":"https:\/\/www.krafthand.de\/truck\/kategorie\/branche\/koepfe\/"},{"@type":"ListItem","position":4,"name":"Azubis von Schmitz Cargobull f\u00fcr Spitzenleistungen geehrt"}]},{"@type":"WebSite","@id":"https:\/\/www.krafthand.de\/truck\/#website","url":"https:\/\/www.krafthand.de\/truck\/","name":"Krafthand-Truck","description":"","potentialAction":[{"@type":"SearchAction","target":{"@type":"EntryPoint","urlTemplate":"https:\/\/www.krafthand.de\/truck\/?s={search_term_string}"},"query-input":{"@type":"PropertyValueSpecification","valueRequired":true,"valueName":"search_term_string"}}],"inLanguage":"de"},{"@type":"Person","@id":"https:\/\/www.krafthand.de\/truck\/#\/schema\/person\/51fa80b1c57034c4bf63f9f988fc24ce","name":"georg.blenk@krafthand-medien.de","image":{"@type":"ImageObject","inLanguage":"de","@id":"https:\/\/secure.gravatar.com\/avatar\/93713c30affe0aa95d3a4130e499bb1abee2eb31adbdd9ce2aa1543538490215?s=96&d=mm&r=g","url":"https:\/\/secure.gravatar.com\/avatar\/93713c30affe0aa95d3a4130e499bb1abee2eb31adbdd9ce2aa1543538490215?s=96&d=mm&r=g","contentUrl":"https:\/\/secure.gravatar.com\/avatar\/93713c30affe0aa95d3a4130e499bb1abee2eb31adbdd9ce2aa1543538490215?s=96&d=mm&r=g","caption":"georg.blenk@krafthand-medien.de"}}]}},"_links":{"self":[{"href":"https:\/\/www.krafthand.de\/truck\/wp-json\/wp\/v2\/posts\/41410","targetHints":{"allow":["GET"]}}],"collection":[{"href":"https:\/\/www.krafthand.de\/truck\/wp-json\/wp\/v2\/posts"}],"about":[{"href":"https:\/\/www.krafthand.de\/truck\/wp-json\/wp\/v2\/types\/post"}],"author":[{"embeddable":true,"href":"https:\/\/www.krafthand.de\/truck\/wp-json\/wp\/v2\/users\/9"}],"replies":[{"embeddable":true,"href":"https:\/\/www.krafthand.de\/truck\/wp-json\/wp\/v2\/comments?post=41410"}],"version-history":[{"count":6,"href":"https:\/\/www.krafthand.de\/truck\/wp-json\/wp\/v2\/posts\/41410\/revisions"}],"predecessor-version":[{"id":41417,"href":"https:\/\/www.krafthand.de\/truck\/wp-json\/wp\/v2\/posts\/41410\/revisions\/41417"}],"wp:featuredmedia":[{"embeddable":true,"href":"https:\/\/www.krafthand.de\/truck\/wp-json\/wp\/v2\/media\/41413"}],"wp:attachment":[{"href":"https:\/\/www.krafthand.de\/truck\/wp-json\/wp\/v2\/media?parent=41410"}],"wp:term":[{"taxonomy":"category","embeddable":true,"href":"https:\/\/www.krafthand.de\/truck\/wp-json\/wp\/v2\/categories?post=41410"},{"taxonomy":"post_tag","embeddable":true,"href":"https:\/\/www.krafthand.de\/truck\/wp-json\/wp\/v2\/tags?post=41410"},{"taxonomy":"settings","embeddable":true,"href":"https:\/\/www.krafthand.de\/truck\/wp-json\/wp\/v2\/settings?post=41410"}],"curies":[{"name":"wp","href":"https:\/\/api.w.org\/{rel}","templated":true}]}}