{"id":41387,"date":"2024-11-20T13:25:18","date_gmt":"2024-11-20T12:25:18","guid":{"rendered":"https:\/\/www.krafthand.de\/truck\/?p=41387"},"modified":"2024-12-31T17:37:08","modified_gmt":"2024-12-31T16:37:08","slug":"paccar-parts-hat-im-bayerischen-massbach-ein-neues-teilevertriebszentrum-eroeffnet","status":"publish","type":"post","link":"https:\/\/www.krafthand.de\/truck\/artikel\/paccar-parts-hat-im-bayerischen-massbach-ein-neues-teilevertriebszentrum-eroeffnet-41387\/","title":{"rendered":"Paccar-Parts er\u00f6ffnet im bayerischen Ma\u00dfbach ein neues Teilevertriebszentrum"},"content":{"rendered":"<p>Paccar-Parts hat am 19.11.2024 im bayerischen Ma\u00dfbach ein neues Teilevertriebszentrum (Parts Distribution Center, PDC) er\u00f6ffnet. Das Unternehmen hat rund 85 Millionen Euro am Standort investiert. <em>&#8222;Das neue PDC soll die Ersatzteilversorgung f\u00fcr <a href=\"https:\/\/www.daftrucks.de\/de-de\" target=\"_blank\" rel=\"noopener\">DAF<\/a>-H\u00e4ndler und -Kunden in ganz Deutschland, der Schweiz und im Osten Frankreichs weiter st\u00e4rken&#8220;<\/em>, so Dick Leek, General Manager von Paccar-Parts-Europa.<\/p>\n<p>Die Anlage erstreckt sich \u00fcber 22.000 Quadratmeter auf einem 22 Hektar gro\u00dfen Gel\u00e4nde und bietet Platz f\u00fcr \u00fcber 80.000 unterschiedliche Teile. Das PDC Ma\u00dfbach nutzt dabei modernste Technologien, darunter sprach-gesteuerte Teilehandhabungssysteme, neuste Scan-Ger\u00e4te und automatisierte Verpackungsl\u00f6sungen, um die Effizienz in der Auftragsabwicklung zu optimieren. Das garantiere eine schnelle Bearbeitung aller Bestellungen und damit auch einen schnellen Lieferservice. DAF-H\u00e4ndler k\u00f6nnten beispielsweise bis 20:00 Uhr bestellen, die Teile kommen noch in derselben Nacht an.<\/p>\n<div class=\"gallery-container\"><div class=\"owl-carousel owl-theme\">\r\n        <div>\r\n        \t<img decoding=\"async\" src=\"https:\/\/static.krafthand-truck.de\/uploads\/2024\/11\/Paccar_Parts_DAF_PDC_Massbach_Teilelager-1024x576.jpg\" alt=\"\" \/>\r\n          <a href=\"https:\/\/static.krafthand-truck.de\/uploads\/2024\/11\/Paccar_Parts_DAF_PDC_Massbach_Teilelager-1024x576.jpg\" data-featherlight=\"gallery_69f552374c3f1\" class=\"gallery-expand\" data-title=\"Das neue PDC in Ma\u00dfbach. Bild: Georg Blenk\"><i class=\"fa fa-expand\" aria-hidden=\"true\"><\/i><\/a>\r\n        \t<div class=\"gallery-caption wp-caption-text\"><p>Das neue PDC in Ma\u00dfbach. Bild: Georg Blenk<\/p>\n<\/div>\r\n        <\/div>\r\n        <div>\r\n        \t<img decoding=\"async\" src=\"https:\/\/static.krafthand-truck.de\/uploads\/2024\/11\/Paccar_Parts_DAF_PDC_Massbach_Laderampen-1024x576.jpg\" alt=\"\" \/>\r\n          <a href=\"https:\/\/static.krafthand-truck.de\/uploads\/2024\/11\/Paccar_Parts_DAF_PDC_Massbach_Laderampen-1024x576.jpg\" data-featherlight=\"gallery_69f552374c3f1\" class=\"gallery-expand\" data-title=\"Anlieferbereich des PDC. Bild: Georg Blenk\"><i class=\"fa fa-expand\" aria-hidden=\"true\"><\/i><\/a>\r\n        \t<div class=\"gallery-caption wp-caption-text\"><p>Anlieferbereich des PDC. Bild: Georg Blenk<\/p>\n<\/div>\r\n        <\/div>\r\n        <div>\r\n        \t<img decoding=\"async\" src=\"https:\/\/static.krafthand-truck.de\/uploads\/2024\/11\/Paccar_DAF_PDC_Massbach_Teilelager_01-1024x576.jpg\" alt=\"\" \/>\r\n          <a href=\"https:\/\/static.krafthand-truck.de\/uploads\/2024\/11\/Paccar_DAF_PDC_Massbach_Teilelager_01-1024x576.jpg\" data-featherlight=\"gallery_69f552374c3f1\" class=\"gallery-expand\" data-title=\"Alles an seinem Platz und aufgrund der ausgekl\u00fcgelten Lagerlogistik schnell zug\u00e4nglich. Bild: Georg Blenk\"><i class=\"fa fa-expand\" aria-hidden=\"true\"><\/i><\/a>\r\n        \t<div class=\"gallery-caption wp-caption-text\"><p>Alles an seinem Platz und aufgrund der ausgekl\u00fcgelten Lagerlogistik schnell zug\u00e4nglich. Bild: Georg Blenk<\/p>\n<\/div>\r\n        <\/div>\r\n        <div>\r\n        \t<img decoding=\"async\" src=\"https:\/\/static.krafthand-truck.de\/uploads\/2024\/11\/Paccar_DAF_PDC_Massbach_Publikum-1024x576.jpg\" alt=\"\" \/>\r\n          <a href=\"https:\/\/static.krafthand-truck.de\/uploads\/2024\/11\/Paccar_DAF_PDC_Massbach_Publikum-1024x576.jpg\" data-featherlight=\"gallery_69f552374c3f1\" class=\"gallery-expand\" data-title=\"Paccar-Parts empfing zahlreiche internationale G\u00e4ste zur offiziellen Er\u00f6ffnung des PDC in Ma\u00dfbach. Bild: Georg Blenk\"><i class=\"fa fa-expand\" aria-hidden=\"true\"><\/i><\/a>\r\n        \t<div class=\"gallery-caption wp-caption-text\"><p>Paccar-Parts empfing zahlreiche internationale G\u00e4ste zur offiziellen Er\u00f6ffnung des PDC in Ma\u00dfbach. Bild: Georg Blenk<\/p>\n<\/div>\r\n        <\/div>\r\n        <div>\r\n        \t<img decoding=\"async\" src=\"https:\/\/static.krafthand-truck.de\/uploads\/2024\/11\/Paccar_DAF_PDC_Massbach_Teilelager_02-1024x576.jpg\" alt=\"\" \/>\r\n          <a href=\"https:\/\/static.krafthand-truck.de\/uploads\/2024\/11\/Paccar_DAF_PDC_Massbach_Teilelager_02-1024x576.jpg\" data-featherlight=\"gallery_69f552374c3f1\" class=\"gallery-expand\" data-title=\"Das Kleinteilelager, inklusive 'Schnelldreher-Bereich'. Bild: Georg Blenk\"><i class=\"fa fa-expand\" aria-hidden=\"true\"><\/i><\/a>\r\n        \t<div class=\"gallery-caption wp-caption-text\"><p>Das Kleinteilelager, inklusive &#8218;Schnelldreher-Bereich&#8216;. Bild: Georg Blenk<\/p>\n<\/div>\r\n        <\/div>\r\n        <div>\r\n        \t<img decoding=\"async\" src=\"https:\/\/static.krafthand-truck.de\/uploads\/2024\/11\/Paccar_DAF_PDC_Massbach_Teilelager_03-1024x596.jpg\" alt=\"\" \/>\r\n          <a href=\"https:\/\/static.krafthand-truck.de\/uploads\/2024\/11\/Paccar_DAF_PDC_Massbach_Teilelager_03-1024x596.jpg\" data-featherlight=\"gallery_69f552374c3f1\" class=\"gallery-expand\" data-title=\"Allein das Hallendach ist \u00fcber zehn Meter hoch. Bild: Georg Blenk\"><i class=\"fa fa-expand\" aria-hidden=\"true\"><\/i><\/a>\r\n        \t<div class=\"gallery-caption wp-caption-text\"><p>Allein das Hallendach ist \u00fcber zehn Meter hoch. Bild: Georg Blenk<\/p>\n<\/div>\r\n        <\/div>\r\n        <div>\r\n        \t<img decoding=\"async\" src=\"https:\/\/static.krafthand-truck.de\/uploads\/2024\/11\/Paccar_DAF_PDC_Massbach_Teilelager_04-1024x576.jpg\" alt=\"\" \/>\r\n          <a href=\"https:\/\/static.krafthand-truck.de\/uploads\/2024\/11\/Paccar_DAF_PDC_Massbach_Teilelager_04-1024x576.jpg\" data-featherlight=\"gallery_69f552374c3f1\" class=\"gallery-expand\" data-title=\"Zuk\u00fcnftig sorgen vollautonome Transportsysteme f\u00fcr die rasche Abwicklung der Bestellungen. Bild: Georg Blenk\"><i class=\"fa fa-expand\" aria-hidden=\"true\"><\/i><\/a>\r\n        \t<div class=\"gallery-caption wp-caption-text\"><p>Zuk\u00fcnftig sorgen vollautonome Transportsysteme f\u00fcr die rasche Abwicklung der Bestellungen. Bild: Georg Blenk<\/p>\n<\/div>\r\n        <\/div>\r\n        <div>\r\n        \t<img decoding=\"async\" src=\"https:\/\/static.krafthand-truck.de\/uploads\/2024\/11\/Paccar_DAF_PDC_Massbach_Teilelager_Teileerfassung-1024x576.jpg\" alt=\"\" \/>\r\n          <a href=\"https:\/\/static.krafthand-truck.de\/uploads\/2024\/11\/Paccar_DAF_PDC_Massbach_Teilelager_Teileerfassung-1024x576.jpg\" data-featherlight=\"gallery_69f552374c3f1\" class=\"gallery-expand\" data-title=\"Die Zusammenstellung der einzelnen Lieferpositionen ist digital gest\u00fctzt. Bild: Georg Blenk\"><i class=\"fa fa-expand\" aria-hidden=\"true\"><\/i><\/a>\r\n        \t<div class=\"gallery-caption wp-caption-text\"><p>Die Zusammenstellung der einzelnen Lieferpositionen ist digital gest\u00fctzt. Bild: Georg Blenk<\/p>\n<\/div>\r\n        <\/div>\r\n        <div>\r\n        \t<img decoding=\"async\" src=\"https:\/\/static.krafthand-truck.de\/uploads\/2024\/11\/Paccar_DAF_PDC_Massbach_Teilelager_Crown_Ladehilfen-1024x607.jpg\" alt=\"\" \/>\r\n          <a href=\"https:\/\/static.krafthand-truck.de\/uploads\/2024\/11\/Paccar_DAF_PDC_Massbach_Teilelager_Crown_Ladehilfen-1024x607.jpg\" data-featherlight=\"gallery_69f552374c3f1\" class=\"gallery-expand\" data-title=\"Akku-betriebene Schwerlasttransporter unterst\u00fctzen die Mitarbeiter beim konfektionieren der Versandpakete. Bild: Georg Blenk\"><i class=\"fa fa-expand\" aria-hidden=\"true\"><\/i><\/a>\r\n        \t<div class=\"gallery-caption wp-caption-text\"><p>Akku-betriebene Schwerlasttransporter unterst\u00fctzen die Mitarbeiter beim konfektionieren der Versandpakete. Bild: Georg Blenk<\/p>\n<\/div>\r\n        <\/div>\r\n        <div>\r\n        \t<img decoding=\"async\" src=\"https:\/\/static.krafthand-truck.de\/uploads\/2024\/11\/Paccar_DAF_PDC_Massbach_Lkw_Ladestation-1024x621.jpg\" alt=\"\" \/>\r\n          <a href=\"https:\/\/static.krafthand-truck.de\/uploads\/2024\/11\/Paccar_DAF_PDC_Massbach_Lkw_Ladestation-1024x621.jpg\" data-featherlight=\"gallery_69f552374c3f1\" class=\"gallery-expand\" data-title=\"Truck-Charging-Station, inklusive Stromspeicher auf dem PDC-Gel\u00e4nde. Bild: Georg Blenk\"><i class=\"fa fa-expand\" aria-hidden=\"true\"><\/i><\/a>\r\n        \t<div class=\"gallery-caption wp-caption-text\"><p>Truck-Charging-Station, inklusive Stromspeicher auf dem PDC-Gel\u00e4nde. Bild: Georg Blenk<\/p>\n<\/div>\r\n        <\/div><\/div><\/div>\r\n\t<script>\r\n\t\tjQuery(document).ready(function($){\r\n      setTimeout(function(){\r\n  \t\t\t$(\".owl-carousel\").owlCarousel({\r\n  \t\t\t\tloop:true,\r\n    \t\t\tmargin:10,\r\n    \t\t\tresponsiveClass:true,\r\n    \t\t\titems:1,\r\n    \t\t\tautoHeight: true,\r\n          nav: true,\r\n          URLhashListener: true,\r\n          startPosition: \"URLHash\",\r\n          navText: [\r\n            \"<i class='fa fa-chevron-left'><\/i>\",\r\n            \"<i class='fa fa-chevron-right'><\/i>\"\r\n          ],\r\n  \t\t\t});\r\n      }, 2000);\r\n\t\t});\r\n\t<\/script>\r\n\t\n<p>Zudem ist die komplette Anlage klimaneutral ausgef\u00fchrt. Der Strombedarf des Standorts wird durch 4.000 leichte Solarmodule gedeckt, wobei \u00fcbersch\u00fcssige Energie in ein Batteriespeichersystem geleitet wird, das zum Laden von Elektro-Lkw genutzt werden kann, die den Standort anfahren. Das\u00a0 Dach des B\u00fcrogeb\u00e4udes ist begr\u00fcnt und dient als Isolierung, w\u00e4hrend energieeffiziente W\u00e4rmepumpen das ganze Jahr \u00fcber f\u00fcr eine konstante Temperatur in den Innenbereichen des PDC sorgen.<\/p>\n<blockquote><p>\u201eDie Investition wird die Position von DAF in Deutschland weiter st\u00e4rken\u201c, betonte Harald Seidel, DAF Pr\u00e4sident und Paccar-Vizepr\u00e4sident. \u201eIm vergangenen Jahr war DAF die gr\u00f6\u00dfte Importmarke im deutschen Segment f\u00fcr Schwerlast-Lkw und wir sind fest entschlossen, unsere Pr\u00e4senz auf diesem gr\u00f6\u00dften Lkw-Markt in Europa auszubauen.&#8220;<\/p><\/blockquote>\n<p>Zudem vergr\u00f6\u00dfere die strategisch g\u00fcnstige Lage des PDC Ma\u00dfbach die H\u00e4ndlerreichweite und trage zur besten Versorgung mit Ersatzteilen bei, erkl\u00e4rte Laura Bloch, General Manager von Paccar-Parts und Paccar-Vizepr\u00e4sidentin.<\/p>\n<p>&nbsp;<\/p>\n\r\n\t\t\t\t<div class=\"post-author\">\r\n\t\t\t\t\t<div class=\"khm-cp-author clearfix\">\r\n\t\t\t\t\t\t<div class=\"khm-cp-author__content\">\r\n\t\t\t\t\t\t\t\tKontakt zum Autor:<br \/>\r\n\t\t\t\t\t\t\t\t<strong>Georg Blenk<\/strong>, 08247 \/ 3007-45 |  <a href=\"mailto:georg.blenk@krafthand-medien.de\">georg.blenk@krafthand-medien.de<\/a>\r\n\t\t\t\t\t\t\t<div class=\"khm-cp-author__image\">\r\n\t\t\t\t\t\t<img src=\"https:\/\/static.krafthand-truck.de\/uploads\/2021\/01\/Blenk_6104-250x300-1-removebg-preview.png\" class=\"img-responsive\">\r\n\t\t\t\t\t<\/div>\r\n\t\t\t\t\t\t<\/div>\r\n\t\t\t\t\t<\/div>\r\n\t\t\t\t<\/div>\r\n\t\t\t\t","protected":false},"excerpt":{"rendered":"<p>Paccar-Parts hat am 19.11.2024 im bayerischen Ma\u00dfbach ein neues Teilevertriebszentrum (Parts Distribution Center, PDC) er\u00f6ffnet. Das Unternehmen hat rund 85 Millionen Euro am Standort investiert. Die Anlage erstreckt sich \u00fcber 22.000 Quadratmeter auf einem 22 Hektar gro\u00dfen Gel\u00e4nde und bietet Platz f\u00fcr \u00fcber 80.000 unterschiedliche Teile. <span class=\"excerpt-more__dots\">&#8230;<\/span> <a class=\"excerpt-more__link\" href=\"https:\/\/www.krafthand.de\/truck\/artikel\/paccar-parts-hat-im-bayerischen-massbach-ein-neues-teilevertriebszentrum-eroeffnet-41387\/\" >weiter<\/a><\/p>\n","protected":false},"author":9,"featured_media":41388,"comment_status":"closed","ping_status":"closed","sticky":false,"template":"","format":"standard","meta":{"footnotes":""},"categories":[4912,4235],"tags":[839,510,6093,5125,6094,5911],"settings":[3524,4766,3523],"class_list":["post-41387","post","type-post","status-publish","format-standard","has-post-thumbnail","hentry","category-ersatzteile-zubehoer","category-unternehmen","tag-daf","tag-ersatzteile","tag-massbach","tag-paccar","tag-paccar-parts","tag-trp"],"yoast_head":"<!-- This site is optimized with the Yoast SEO plugin v27.3 - https:\/\/yoast.com\/product\/yoast-seo-wordpress\/ -->\n<title>Neues Paccar-Teilevertriebszentrum in Ma\u00dfbach I Krafthand-Truck<\/title>\n<meta name=\"description\" content=\"Paccar-Parts hat am 19.11.2024 im bayerischen Ma\u00dfbach ein neues Teilevertriebszentrum (Parts Distribution Center, PDC) er\u00f6ffnet.\" \/>\n<meta name=\"robots\" content=\"index, follow, max-snippet:-1, max-image-preview:large, max-video-preview:-1\" \/>\n<link rel=\"canonical\" href=\"https:\/\/www.krafthand.de\/truck\/artikel\/paccar-parts-hat-im-bayerischen-massbach-ein-neues-teilevertriebszentrum-eroeffnet-41387\/\" \/>\n<meta property=\"og:locale\" content=\"de_DE\" \/>\n<meta property=\"og:type\" content=\"article\" \/>\n<meta property=\"og:title\" content=\"Neues Paccar-Teilevertriebszentrum in Ma\u00dfbach I Krafthand-Truck\" \/>\n<meta property=\"og:description\" content=\"Paccar-Parts hat am 19.11.2024 im bayerischen Ma\u00dfbach ein neues Teilevertriebszentrum (Parts Distribution Center, PDC) er\u00f6ffnet.\" \/>\n<meta property=\"og:url\" content=\"https:\/\/www.krafthand-truck.de\/artikel\/paccar-parts-hat-im-bayerischen-massbach-ein-neues-teilevertriebszentrum-eroeffnet-41387\/\" \/>\n<meta property=\"og:site_name\" content=\"Krafthand-Truck\" \/>\n<meta property=\"article:published_time\" content=\"2024-11-20T12:25:18+00:00\" \/>\n<meta property=\"article:modified_time\" content=\"2024-12-31T16:37:08+00:00\" \/>\n<meta property=\"og:image\" content=\"https:\/\/static.krafthand-truck.de\/uploads\/2024\/11\/Paccar_DAF_PDC_Massbach_Einweihung_Dorothea_Baer_Harald_Seidel.jpg\" \/>\n\t<meta property=\"og:image:width\" content=\"1200\" \/>\n\t<meta property=\"og:image:height\" content=\"621\" \/>\n\t<meta property=\"og:image:type\" content=\"image\/jpeg\" \/>\n<meta name=\"author\" content=\"georg.blenk@krafthand-medien.de\" \/>\n<meta name=\"twitter:card\" content=\"summary_large_image\" \/>\n<meta name=\"twitter:label1\" content=\"Verfasst von\" \/>\n\t<meta name=\"twitter:data1\" content=\"georg.blenk@krafthand-medien.de\" \/>\n\t<meta name=\"twitter:label2\" content=\"Gesch\u00e4tzte Lesezeit\" \/>\n\t<meta name=\"twitter:data2\" content=\"2\u00a0Minuten\" \/>\n<script type=\"application\/ld+json\" class=\"yoast-schema-graph\">{\"@context\":\"https:\\\/\\\/schema.org\",\"@graph\":[{\"@type\":\"Article\",\"@id\":\"https:\\\/\\\/www.krafthand.de\\\/truck\\\/artikel\\\/paccar-parts-hat-im-bayerischen-massbach-ein-neues-teilevertriebszentrum-eroeffnet-41387\\\/#article\",\"isPartOf\":{\"@id\":\"https:\\\/\\\/www.krafthand.de\\\/truck\\\/artikel\\\/paccar-parts-hat-im-bayerischen-massbach-ein-neues-teilevertriebszentrum-eroeffnet-41387\\\/\"},\"author\":{\"name\":\"georg.blenk@krafthand-medien.de\",\"@id\":\"https:\\\/\\\/www.krafthand.de\\\/truck\\\/#\\\/schema\\\/person\\\/51fa80b1c57034c4bf63f9f988fc24ce\"},\"headline\":\"Paccar-Parts er\u00f6ffnet im bayerischen Ma\u00dfbach ein neues Teilevertriebszentrum\",\"datePublished\":\"2024-11-20T12:25:18+00:00\",\"dateModified\":\"2024-12-31T16:37:08+00:00\",\"mainEntityOfPage\":{\"@id\":\"https:\\\/\\\/www.krafthand.de\\\/truck\\\/artikel\\\/paccar-parts-hat-im-bayerischen-massbach-ein-neues-teilevertriebszentrum-eroeffnet-41387\\\/\"},\"wordCount\":302,\"image\":{\"@id\":\"https:\\\/\\\/www.krafthand.de\\\/truck\\\/artikel\\\/paccar-parts-hat-im-bayerischen-massbach-ein-neues-teilevertriebszentrum-eroeffnet-41387\\\/#primaryimage\"},\"thumbnailUrl\":\"https:\\\/\\\/static.krafthand-truck.de\\\/uploads\\\/2024\\\/11\\\/Paccar_DAF_PDC_Massbach_Einweihung_Dorothea_Baer_Harald_Seidel.jpg\",\"keywords\":[\"DAF\",\"Ersatzteile\",\"Massbach\",\"Paccar\",\"Paccar-Parts\",\"TRP\"],\"articleSection\":[\"Ersatzteile\\\/Zubeh\u00f6r\",\"Unternehmen\"],\"inLanguage\":\"de\"},{\"@type\":\"WebPage\",\"@id\":\"https:\\\/\\\/www.krafthand.de\\\/truck\\\/artikel\\\/paccar-parts-hat-im-bayerischen-massbach-ein-neues-teilevertriebszentrum-eroeffnet-41387\\\/\",\"url\":\"https:\\\/\\\/www.krafthand.de\\\/truck\\\/artikel\\\/paccar-parts-hat-im-bayerischen-massbach-ein-neues-teilevertriebszentrum-eroeffnet-41387\\\/\",\"name\":\"Neues Paccar-Teilevertriebszentrum in Ma\u00dfbach I Krafthand-Truck\",\"isPartOf\":{\"@id\":\"https:\\\/\\\/www.krafthand.de\\\/truck\\\/#website\"},\"primaryImageOfPage\":{\"@id\":\"https:\\\/\\\/www.krafthand.de\\\/truck\\\/artikel\\\/paccar-parts-hat-im-bayerischen-massbach-ein-neues-teilevertriebszentrum-eroeffnet-41387\\\/#primaryimage\"},\"image\":{\"@id\":\"https:\\\/\\\/www.krafthand.de\\\/truck\\\/artikel\\\/paccar-parts-hat-im-bayerischen-massbach-ein-neues-teilevertriebszentrum-eroeffnet-41387\\\/#primaryimage\"},\"thumbnailUrl\":\"https:\\\/\\\/static.krafthand-truck.de\\\/uploads\\\/2024\\\/11\\\/Paccar_DAF_PDC_Massbach_Einweihung_Dorothea_Baer_Harald_Seidel.jpg\",\"datePublished\":\"2024-11-20T12:25:18+00:00\",\"dateModified\":\"2024-12-31T16:37:08+00:00\",\"author\":{\"@id\":\"https:\\\/\\\/www.krafthand.de\\\/truck\\\/#\\\/schema\\\/person\\\/51fa80b1c57034c4bf63f9f988fc24ce\"},\"description\":\"Paccar-Parts hat am 19.11.2024 im bayerischen Ma\u00dfbach ein neues Teilevertriebszentrum (Parts Distribution Center, PDC) er\u00f6ffnet.\",\"breadcrumb\":{\"@id\":\"https:\\\/\\\/www.krafthand.de\\\/truck\\\/artikel\\\/paccar-parts-hat-im-bayerischen-massbach-ein-neues-teilevertriebszentrum-eroeffnet-41387\\\/#breadcrumb\"},\"inLanguage\":\"de\",\"potentialAction\":[{\"@type\":\"ReadAction\",\"target\":[\"https:\\\/\\\/www.krafthand.de\\\/truck\\\/artikel\\\/paccar-parts-hat-im-bayerischen-massbach-ein-neues-teilevertriebszentrum-eroeffnet-41387\\\/\"]}]},{\"@type\":\"ImageObject\",\"inLanguage\":\"de\",\"@id\":\"https:\\\/\\\/www.krafthand.de\\\/truck\\\/artikel\\\/paccar-parts-hat-im-bayerischen-massbach-ein-neues-teilevertriebszentrum-eroeffnet-41387\\\/#primaryimage\",\"url\":\"https:\\\/\\\/static.krafthand-truck.de\\\/uploads\\\/2024\\\/11\\\/Paccar_DAF_PDC_Massbach_Einweihung_Dorothea_Baer_Harald_Seidel.jpg\",\"contentUrl\":\"https:\\\/\\\/static.krafthand-truck.de\\\/uploads\\\/2024\\\/11\\\/Paccar_DAF_PDC_Massbach_Einweihung_Dorothea_Baer_Harald_Seidel.jpg\",\"width\":1200,\"height\":621},{\"@type\":\"BreadcrumbList\",\"@id\":\"https:\\\/\\\/www.krafthand.de\\\/truck\\\/artikel\\\/paccar-parts-hat-im-bayerischen-massbach-ein-neues-teilevertriebszentrum-eroeffnet-41387\\\/#breadcrumb\",\"itemListElement\":[{\"@type\":\"ListItem\",\"position\":1,\"name\":\"Krafthand-Truck\",\"item\":\"https:\\\/\\\/www.krafthand.de\\\/truck\\\/\"},{\"@type\":\"ListItem\",\"position\":2,\"name\":\"Nfz-Branche\",\"item\":\"https:\\\/\\\/www.krafthand.de\\\/truck\\\/kategorie\\\/branche\\\/\"},{\"@type\":\"ListItem\",\"position\":3,\"name\":\"Unternehmen\",\"item\":\"https:\\\/\\\/www.krafthand.de\\\/truck\\\/kategorie\\\/branche\\\/unternehmen\\\/\"},{\"@type\":\"ListItem\",\"position\":4,\"name\":\"Paccar-Parts er\u00f6ffnet im bayerischen Ma\u00dfbach ein neues Teilevertriebszentrum\"}]},{\"@type\":\"WebSite\",\"@id\":\"https:\\\/\\\/www.krafthand.de\\\/truck\\\/#website\",\"url\":\"https:\\\/\\\/www.krafthand.de\\\/truck\\\/\",\"name\":\"Krafthand-Truck\",\"description\":\"\",\"potentialAction\":[{\"@type\":\"SearchAction\",\"target\":{\"@type\":\"EntryPoint\",\"urlTemplate\":\"https:\\\/\\\/www.krafthand.de\\\/truck\\\/?s={search_term_string}\"},\"query-input\":{\"@type\":\"PropertyValueSpecification\",\"valueRequired\":true,\"valueName\":\"search_term_string\"}}],\"inLanguage\":\"de\"},{\"@type\":\"Person\",\"@id\":\"https:\\\/\\\/www.krafthand.de\\\/truck\\\/#\\\/schema\\\/person\\\/51fa80b1c57034c4bf63f9f988fc24ce\",\"name\":\"georg.blenk@krafthand-medien.de\",\"image\":{\"@type\":\"ImageObject\",\"inLanguage\":\"de\",\"@id\":\"https:\\\/\\\/secure.gravatar.com\\\/avatar\\\/93713c30affe0aa95d3a4130e499bb1abee2eb31adbdd9ce2aa1543538490215?s=96&d=mm&r=g\",\"url\":\"https:\\\/\\\/secure.gravatar.com\\\/avatar\\\/93713c30affe0aa95d3a4130e499bb1abee2eb31adbdd9ce2aa1543538490215?s=96&d=mm&r=g\",\"contentUrl\":\"https:\\\/\\\/secure.gravatar.com\\\/avatar\\\/93713c30affe0aa95d3a4130e499bb1abee2eb31adbdd9ce2aa1543538490215?s=96&d=mm&r=g\",\"caption\":\"georg.blenk@krafthand-medien.de\"}}]}<\/script>\n<!-- \/ Yoast SEO plugin. -->","yoast_head_json":{"title":"Neues Paccar-Teilevertriebszentrum in Ma\u00dfbach I Krafthand-Truck","description":"Paccar-Parts hat am 19.11.2024 im bayerischen Ma\u00dfbach ein neues Teilevertriebszentrum (Parts Distribution Center, PDC) er\u00f6ffnet.","robots":{"index":"index","follow":"follow","max-snippet":"max-snippet:-1","max-image-preview":"max-image-preview:large","max-video-preview":"max-video-preview:-1"},"canonical":"https:\/\/www.krafthand.de\/truck\/artikel\/paccar-parts-hat-im-bayerischen-massbach-ein-neues-teilevertriebszentrum-eroeffnet-41387\/","og_locale":"de_DE","og_type":"article","og_title":"Neues Paccar-Teilevertriebszentrum in Ma\u00dfbach I Krafthand-Truck","og_description":"Paccar-Parts hat am 19.11.2024 im bayerischen Ma\u00dfbach ein neues Teilevertriebszentrum (Parts Distribution Center, PDC) er\u00f6ffnet.","og_url":"https:\/\/www.krafthand-truck.de\/artikel\/paccar-parts-hat-im-bayerischen-massbach-ein-neues-teilevertriebszentrum-eroeffnet-41387\/","og_site_name":"Krafthand-Truck","article_published_time":"2024-11-20T12:25:18+00:00","article_modified_time":"2024-12-31T16:37:08+00:00","og_image":[{"width":1200,"height":621,"url":"https:\/\/static.krafthand-truck.de\/uploads\/2024\/11\/Paccar_DAF_PDC_Massbach_Einweihung_Dorothea_Baer_Harald_Seidel.jpg","type":"image\/jpeg"}],"author":"georg.blenk@krafthand-medien.de","twitter_card":"summary_large_image","twitter_misc":{"Verfasst von":"georg.blenk@krafthand-medien.de","Gesch\u00e4tzte Lesezeit":"2\u00a0Minuten"},"schema":{"@context":"https:\/\/schema.org","@graph":[{"@type":"Article","@id":"https:\/\/www.krafthand.de\/truck\/artikel\/paccar-parts-hat-im-bayerischen-massbach-ein-neues-teilevertriebszentrum-eroeffnet-41387\/#article","isPartOf":{"@id":"https:\/\/www.krafthand.de\/truck\/artikel\/paccar-parts-hat-im-bayerischen-massbach-ein-neues-teilevertriebszentrum-eroeffnet-41387\/"},"author":{"name":"georg.blenk@krafthand-medien.de","@id":"https:\/\/www.krafthand.de\/truck\/#\/schema\/person\/51fa80b1c57034c4bf63f9f988fc24ce"},"headline":"Paccar-Parts er\u00f6ffnet im bayerischen Ma\u00dfbach ein neues Teilevertriebszentrum","datePublished":"2024-11-20T12:25:18+00:00","dateModified":"2024-12-31T16:37:08+00:00","mainEntityOfPage":{"@id":"https:\/\/www.krafthand.de\/truck\/artikel\/paccar-parts-hat-im-bayerischen-massbach-ein-neues-teilevertriebszentrum-eroeffnet-41387\/"},"wordCount":302,"image":{"@id":"https:\/\/www.krafthand.de\/truck\/artikel\/paccar-parts-hat-im-bayerischen-massbach-ein-neues-teilevertriebszentrum-eroeffnet-41387\/#primaryimage"},"thumbnailUrl":"https:\/\/static.krafthand-truck.de\/uploads\/2024\/11\/Paccar_DAF_PDC_Massbach_Einweihung_Dorothea_Baer_Harald_Seidel.jpg","keywords":["DAF","Ersatzteile","Massbach","Paccar","Paccar-Parts","TRP"],"articleSection":["Ersatzteile\/Zubeh\u00f6r","Unternehmen"],"inLanguage":"de"},{"@type":"WebPage","@id":"https:\/\/www.krafthand.de\/truck\/artikel\/paccar-parts-hat-im-bayerischen-massbach-ein-neues-teilevertriebszentrum-eroeffnet-41387\/","url":"https:\/\/www.krafthand.de\/truck\/artikel\/paccar-parts-hat-im-bayerischen-massbach-ein-neues-teilevertriebszentrum-eroeffnet-41387\/","name":"Neues Paccar-Teilevertriebszentrum in Ma\u00dfbach I Krafthand-Truck","isPartOf":{"@id":"https:\/\/www.krafthand.de\/truck\/#website"},"primaryImageOfPage":{"@id":"https:\/\/www.krafthand.de\/truck\/artikel\/paccar-parts-hat-im-bayerischen-massbach-ein-neues-teilevertriebszentrum-eroeffnet-41387\/#primaryimage"},"image":{"@id":"https:\/\/www.krafthand.de\/truck\/artikel\/paccar-parts-hat-im-bayerischen-massbach-ein-neues-teilevertriebszentrum-eroeffnet-41387\/#primaryimage"},"thumbnailUrl":"https:\/\/static.krafthand-truck.de\/uploads\/2024\/11\/Paccar_DAF_PDC_Massbach_Einweihung_Dorothea_Baer_Harald_Seidel.jpg","datePublished":"2024-11-20T12:25:18+00:00","dateModified":"2024-12-31T16:37:08+00:00","author":{"@id":"https:\/\/www.krafthand.de\/truck\/#\/schema\/person\/51fa80b1c57034c4bf63f9f988fc24ce"},"description":"Paccar-Parts hat am 19.11.2024 im bayerischen Ma\u00dfbach ein neues Teilevertriebszentrum (Parts Distribution Center, PDC) er\u00f6ffnet.","breadcrumb":{"@id":"https:\/\/www.krafthand.de\/truck\/artikel\/paccar-parts-hat-im-bayerischen-massbach-ein-neues-teilevertriebszentrum-eroeffnet-41387\/#breadcrumb"},"inLanguage":"de","potentialAction":[{"@type":"ReadAction","target":["https:\/\/www.krafthand.de\/truck\/artikel\/paccar-parts-hat-im-bayerischen-massbach-ein-neues-teilevertriebszentrum-eroeffnet-41387\/"]}]},{"@type":"ImageObject","inLanguage":"de","@id":"https:\/\/www.krafthand.de\/truck\/artikel\/paccar-parts-hat-im-bayerischen-massbach-ein-neues-teilevertriebszentrum-eroeffnet-41387\/#primaryimage","url":"https:\/\/static.krafthand-truck.de\/uploads\/2024\/11\/Paccar_DAF_PDC_Massbach_Einweihung_Dorothea_Baer_Harald_Seidel.jpg","contentUrl":"https:\/\/static.krafthand-truck.de\/uploads\/2024\/11\/Paccar_DAF_PDC_Massbach_Einweihung_Dorothea_Baer_Harald_Seidel.jpg","width":1200,"height":621},{"@type":"BreadcrumbList","@id":"https:\/\/www.krafthand.de\/truck\/artikel\/paccar-parts-hat-im-bayerischen-massbach-ein-neues-teilevertriebszentrum-eroeffnet-41387\/#breadcrumb","itemListElement":[{"@type":"ListItem","position":1,"name":"Krafthand-Truck","item":"https:\/\/www.krafthand.de\/truck\/"},{"@type":"ListItem","position":2,"name":"Nfz-Branche","item":"https:\/\/www.krafthand.de\/truck\/kategorie\/branche\/"},{"@type":"ListItem","position":3,"name":"Unternehmen","item":"https:\/\/www.krafthand.de\/truck\/kategorie\/branche\/unternehmen\/"},{"@type":"ListItem","position":4,"name":"Paccar-Parts er\u00f6ffnet im bayerischen Ma\u00dfbach ein neues Teilevertriebszentrum"}]},{"@type":"WebSite","@id":"https:\/\/www.krafthand.de\/truck\/#website","url":"https:\/\/www.krafthand.de\/truck\/","name":"Krafthand-Truck","description":"","potentialAction":[{"@type":"SearchAction","target":{"@type":"EntryPoint","urlTemplate":"https:\/\/www.krafthand.de\/truck\/?s={search_term_string}"},"query-input":{"@type":"PropertyValueSpecification","valueRequired":true,"valueName":"search_term_string"}}],"inLanguage":"de"},{"@type":"Person","@id":"https:\/\/www.krafthand.de\/truck\/#\/schema\/person\/51fa80b1c57034c4bf63f9f988fc24ce","name":"georg.blenk@krafthand-medien.de","image":{"@type":"ImageObject","inLanguage":"de","@id":"https:\/\/secure.gravatar.com\/avatar\/93713c30affe0aa95d3a4130e499bb1abee2eb31adbdd9ce2aa1543538490215?s=96&d=mm&r=g","url":"https:\/\/secure.gravatar.com\/avatar\/93713c30affe0aa95d3a4130e499bb1abee2eb31adbdd9ce2aa1543538490215?s=96&d=mm&r=g","contentUrl":"https:\/\/secure.gravatar.com\/avatar\/93713c30affe0aa95d3a4130e499bb1abee2eb31adbdd9ce2aa1543538490215?s=96&d=mm&r=g","caption":"georg.blenk@krafthand-medien.de"}}]}},"_links":{"self":[{"href":"https:\/\/www.krafthand.de\/truck\/wp-json\/wp\/v2\/posts\/41387","targetHints":{"allow":["GET"]}}],"collection":[{"href":"https:\/\/www.krafthand.de\/truck\/wp-json\/wp\/v2\/posts"}],"about":[{"href":"https:\/\/www.krafthand.de\/truck\/wp-json\/wp\/v2\/types\/post"}],"author":[{"embeddable":true,"href":"https:\/\/www.krafthand.de\/truck\/wp-json\/wp\/v2\/users\/9"}],"replies":[{"embeddable":true,"href":"https:\/\/www.krafthand.de\/truck\/wp-json\/wp\/v2\/comments?post=41387"}],"version-history":[{"count":10,"href":"https:\/\/www.krafthand.de\/truck\/wp-json\/wp\/v2\/posts\/41387\/revisions"}],"predecessor-version":[{"id":41662,"href":"https:\/\/www.krafthand.de\/truck\/wp-json\/wp\/v2\/posts\/41387\/revisions\/41662"}],"wp:featuredmedia":[{"embeddable":true,"href":"https:\/\/www.krafthand.de\/truck\/wp-json\/wp\/v2\/media\/41388"}],"wp:attachment":[{"href":"https:\/\/www.krafthand.de\/truck\/wp-json\/wp\/v2\/media?parent=41387"}],"wp:term":[{"taxonomy":"category","embeddable":true,"href":"https:\/\/www.krafthand.de\/truck\/wp-json\/wp\/v2\/categories?post=41387"},{"taxonomy":"post_tag","embeddable":true,"href":"https:\/\/www.krafthand.de\/truck\/wp-json\/wp\/v2\/tags?post=41387"},{"taxonomy":"settings","embeddable":true,"href":"https:\/\/www.krafthand.de\/truck\/wp-json\/wp\/v2\/settings?post=41387"}],"curies":[{"name":"wp","href":"https:\/\/api.w.org\/{rel}","templated":true}]}}