{"id":41281,"date":"2024-11-12T10:11:42","date_gmt":"2024-11-12T09:11:42","guid":{"rendered":"https:\/\/www.krafthand.de\/truck\/?p=41281"},"modified":"2024-11-12T11:02:25","modified_gmt":"2024-11-12T10:02:25","slug":"der-nfz-aftermarket-wird-sich-in-richtung-vorausschauende-wartung-entwickeln","status":"publish","type":"post","link":"https:\/\/www.krafthand.de\/truck\/artikel\/der-nfz-aftermarket-wird-sich-in-richtung-vorausschauende-wartung-entwickeln-41281\/","title":{"rendered":"\u201eDer Nfz-Aftermarket wird sich in Richtung vorausschauende Wartung entwickeln.\u201c"},"content":{"rendered":"<p>Mit Alexander Seeber hat der Trailer-Spezialist K\u00f6gel seit Februar diesen Jahres einen neuen Leiter Aftermarket. Der geb\u00fcrtige S\u00fcdtiroler war vorher unter anderem bei MAN und KIA in leitenden Positionen t\u00e4tig. Er l\u00f6ste <a href=\"https:\/\/www.krafthand.de\/truck\/artikel\/koegel-moechte-mit-technik-und-service-ueberzeugen-32708\/\" target=\"_blank\" rel=\"noopener\">Anton Bigelmaier<\/a> ab, der <a href=\"https:\/\/www.koegel.com\" target=\"_blank\" rel=\"noopener\">K\u00f6gel<\/a> treu bleibt und seinen umfangreichen Erfahrungsschatz weiter einbringt. Wir haben mit Seeber \u00fcber die Herausforderungen des Marktes und die Strategie gesprochen.<\/p>\n<p><strong>Herr Seeber, welche Themen stehe bei Ihnen als (neuer) Leiter Aftermarket ganz oben auf der Agenda?<\/strong><\/p>\n<p>Das wichtigste Thema ist die Entwicklung unseres Servicepartner-Netzes bez\u00fcglich Qualit\u00e4t, Qualifikation und Quantit\u00e4t in Europa. Auch die Optimierung der Liefergeschwindigkeit und der Liefertreue sowie die Erweiterung unseres Produktsortiments stehen auf der Agenda.<\/p>\n<p><strong>K\u00f6gel m\u00f6chte das Service-Netzwerk weiter ausbauen. Welche Anforderungen m\u00fcssen potenzielle Partner-Werkst\u00e4tten erf\u00fcllen?<\/strong><\/p>\n<p>Wichtig ist uns die Qualit\u00e4t und die Qualifikation der Werkst\u00e4tten. Sie sollen in erster Linie die Kundenzufriedenheit im Auge haben und nah am Kunden sein. Eine vertrauensvolle Partnerschaft zwischen Werkstatt und Kunde ist f\u00fcr uns ein wichtiges Kriterium. Auch der gute Dialog und Austausch auf Augenh\u00f6he zwischen Werkstatt und K\u00f6gel ist essenziell. Von Vorteil ist auch, dass sich der richtige Partner am richtigen Ort befindet, damit die Kunden schnell bedient werden k\u00f6nnen.<\/p>\n<figure id=\"attachment_41283\" aria-describedby=\"caption-attachment-41283\" style=\"width: 420px\" class=\"wp-caption alignleft\"><a href=\"https:\/\/static.krafthand-truck.de\/uploads\/2024\/11\/Koegel_Markus_Wolf_Alexander_Seeber_Nfz_Aftermarket_Lkw_Werkstatt.jpg\" target=\"_blank\" rel=\"noopener\"><img fetchpriority=\"high\" decoding=\"async\" class=\"wp-image-41283\" src=\"https:\/\/static.krafthand-truck.de\/uploads\/2024\/11\/Koegel_Markus_Wolf_Alexander_Seeber_Nfz_Aftermarket_Lkw_Werkstatt-300x211.jpg\" alt=\"\" width=\"420\" height=\"295\" srcset=\"https:\/\/static.krafthand-truck.de\/uploads\/2024\/11\/Koegel_Markus_Wolf_Alexander_Seeber_Nfz_Aftermarket_Lkw_Werkstatt-300x211.jpg 300w, https:\/\/static.krafthand-truck.de\/uploads\/2024\/11\/Koegel_Markus_Wolf_Alexander_Seeber_Nfz_Aftermarket_Lkw_Werkstatt-1024x719.jpg 1024w, https:\/\/static.krafthand-truck.de\/uploads\/2024\/11\/Koegel_Markus_Wolf_Alexander_Seeber_Nfz_Aftermarket_Lkw_Werkstatt-768x540.jpg 768w, https:\/\/static.krafthand-truck.de\/uploads\/2024\/11\/Koegel_Markus_Wolf_Alexander_Seeber_Nfz_Aftermarket_Lkw_Werkstatt.jpg 1200w\" sizes=\"(max-width: 420px) 100vw, 420px\" \/><\/a><figcaption id=\"caption-attachment-41283\" class=\"wp-caption-text\">Technisch bestens aufgestellt: Markus Wolf (l.) leitet die neue, <a href=\"https:\/\/www.krafthand.de\/truck\/artikel\/rahmenschaden-total-knock-out-36089\/\" target=\"_blank\" rel=\"noopener\">hauseigene Service-Werkstatt am Standort Burtenbach<\/a>.<\/figcaption><\/figure>\n<p><strong>Wie unterst\u00fctzen Sie die (freien) Nfz-Partner-Werkst\u00e4tten was die Wartung und Instandsetzung von K\u00f6gel-Trailern angeht?<\/strong><\/p>\n<p>Auch hier steht eine gute Kommunikation zwischen Werkstatt und unseren K\u00f6gel-Servicespezialisten im Vordergrund. Wir k\u00fcmmern uns darum, dass Service- und technische Informationen zeitnah zur Verf\u00fcgung stehen. Unsere Spezialisten fungieren in diesem Fall wie eine Hotline f\u00fcr die Werkst\u00e4tten. Unser Online-Parts-Portal bietet ebenfalls wichtige Informationen, auch Reklamationsantr\u00e4ge werden \u00fcber das Portal zuverl\u00e4ssig und schnell aufgenommen.<\/p>\n<p><strong>Sie bieten im K\u00f6gel-Parts-Shop Original Ersatzteile und Teile von Zulieferern an. M\u00f6chten Sie das Angebot weiter ausbauen, gegebenenfalls auch in Richtung Lkw-Teile?<\/strong><\/p>\n<p>Das Angebot soll auf jeden Fall erweitert werden. Das gilt speziell f\u00fcr unsere Eigenmarke K\u00f6gel-Parts, deren Qualit\u00e4t vergleichbar mit der von Originalausstattern ist. Geplant ist auch ein White-Label, das speziell f\u00fcr Fahrzeuge, die schon \u00fcber einen l\u00e4ngeren Zeitraum in Gebrauch sind, gedacht ist.<\/p>\n<p><strong>Wie wird sich der Nfz-Aftermarket in Zukunft entwickeln? Ich denke an Themen wie Digitalisierung, Preisentwicklung, Teile-Verf\u00fcgbarkeit, den Service.<\/strong><\/p>\n<p>Wir denken, dass sich der Aftermarket in Richtung \u201ePredictive-Maintenance\u201c, also vorausschauende Wartung, entwickelt. Das ist \u00fcber Telematik-Anwendungen m\u00f6glich, so dass Werkst\u00e4tten einen bedarfsorientierten Service anbieten k\u00f6nnen. Daher werden sich Werkst\u00e4tten zuk\u00fcnftig verst\u00e4rkt auch mit der Digitalisierung vertraut machen m\u00fcssen, eventuell mit Hilfe der Hersteller. So wird die Implementierung digitaler Inhalte auch was den Trailer angeht, zuk\u00fcnftig die Teile-Auswahl und Bestellung bis hin zur Reparatur vereinfachen. Im \u00dcbrigen rechnen wir damit, dass sich die Verf\u00fcgbarkeit von Ersatzteilen erh\u00f6hen wird, da die Tendenz hin zu Just-in-time-Lieferungen geht.<\/p>\n<p><i>Den Beitrag finden Sie auch in der Print-Ausgabe 4-2024 der <a href=\"https:\/\/www.krafthand.de\/truck\/magazin\/\" title=\"Zum Magazin\">Krafthand-Truck<\/a>.<\/i><\/p>","protected":false},"excerpt":{"rendered":"<p>Mit Alexander Seeber hat der Trailer-Spezialist K\u00f6gel seit Februar diesen Jahres einen neuen Leiter Aftermarket. Der geb\u00fcrtige S\u00fcdtiroler war vorher unter anderem bei MAN und KIA in leitenden Positionen t\u00e4tig. Er l\u00f6ste Anton Bigelmaier ab, der K\u00f6gel treu bleibt und seinen umfangreichen Erfahrungsschatz weiter einbringt. Wir haben mit Seeber \u00fcber die Herausforderungen des Marktes und die Strategie gesprochen. <span class=\"excerpt-more__dots\">&#8230;<\/span> <a class=\"excerpt-more__link\" href=\"https:\/\/www.krafthand.de\/truck\/artikel\/der-nfz-aftermarket-wird-sich-in-richtung-vorausschauende-wartung-entwickeln-41281\/\" >weiter<\/a><\/p>\n","protected":false},"author":9,"featured_media":41289,"comment_status":"closed","ping_status":"closed","sticky":false,"template":"","format":"standard","meta":{"footnotes":""},"categories":[4238,4235],"tags":[6078,202,4888,4404,599,5794],"settings":[4766,3523],"class_list":["post-41281","post","type-post","status-publish","format-standard","has-post-thumbnail","hentry","category-koepfe","category-unternehmen","tag-alexander-seeber","tag-koegel","tag-nfz-aftermarket","tag-predictive-maintenance","tag-trailer","tag-vorausschauende-wartung"],"yoast_head":"<!-- This site is optimized with the Yoast SEO plugin v27.3 - https:\/\/yoast.com\/product\/yoast-seo-wordpress\/ -->\n<title>Nachgehakt bei Alexander Seeber I K\u00f6gel I Krafthand-Truck<\/title>\n<meta name=\"description\" content=\"Alexander Seeber ist Leiter Aftermarket bei K\u00f6gel. Wir haben mit ihm \u00fcber die Herausforderungen des Trailer-Marktes gesprochen.\" \/>\n<meta name=\"robots\" content=\"index, follow, max-snippet:-1, max-image-preview:large, max-video-preview:-1\" \/>\n<link rel=\"canonical\" href=\"https:\/\/www.krafthand.de\/truck\/artikel\/der-nfz-aftermarket-wird-sich-in-richtung-vorausschauende-wartung-entwickeln-41281\/\" \/>\n<meta property=\"og:locale\" content=\"de_DE\" \/>\n<meta property=\"og:type\" content=\"article\" \/>\n<meta property=\"og:title\" content=\"Nachgehakt bei Alexander Seeber I K\u00f6gel I Krafthand-Truck\" \/>\n<meta property=\"og:description\" content=\"Alexander Seeber ist Leiter Aftermarket bei K\u00f6gel. Wir haben mit ihm \u00fcber die Herausforderungen des Trailer-Marktes gesprochen.\" \/>\n<meta property=\"og:url\" content=\"https:\/\/www.krafthand-truck.de\/artikel\/der-nfz-aftermarket-wird-sich-in-richtung-vorausschauende-wartung-entwickeln-41281\/\" \/>\n<meta property=\"og:site_name\" content=\"Krafthand-Truck\" \/>\n<meta property=\"article:published_time\" content=\"2024-11-12T09:11:42+00:00\" \/>\n<meta property=\"article:modified_time\" content=\"2024-11-12T10:02:25+00:00\" \/>\n<meta property=\"og:image\" content=\"https:\/\/static.krafthand-truck.de\/uploads\/2024\/11\/Koegel_Alexander_Seeber_Nfz_Aftermarket2.jpg\" \/>\n\t<meta property=\"og:image:width\" content=\"1200\" \/>\n\t<meta property=\"og:image:height\" content=\"972\" \/>\n\t<meta property=\"og:image:type\" content=\"image\/jpeg\" \/>\n<meta name=\"author\" content=\"georg.blenk@krafthand-medien.de\" \/>\n<meta name=\"twitter:card\" content=\"summary_large_image\" \/>\n<meta name=\"twitter:label1\" content=\"Verfasst von\" \/>\n\t<meta name=\"twitter:data1\" content=\"georg.blenk@krafthand-medien.de\" \/>\n\t<meta name=\"twitter:label2\" content=\"Gesch\u00e4tzte Lesezeit\" \/>\n\t<meta name=\"twitter:data2\" content=\"3\u00a0Minuten\" \/>\n<script type=\"application\/ld+json\" class=\"yoast-schema-graph\">{\"@context\":\"https:\\\/\\\/schema.org\",\"@graph\":[{\"@type\":\"Article\",\"@id\":\"https:\\\/\\\/www.krafthand.de\\\/truck\\\/artikel\\\/der-nfz-aftermarket-wird-sich-in-richtung-vorausschauende-wartung-entwickeln-41281\\\/#article\",\"isPartOf\":{\"@id\":\"https:\\\/\\\/www.krafthand.de\\\/truck\\\/artikel\\\/der-nfz-aftermarket-wird-sich-in-richtung-vorausschauende-wartung-entwickeln-41281\\\/\"},\"author\":{\"name\":\"georg.blenk@krafthand-medien.de\",\"@id\":\"https:\\\/\\\/www.krafthand.de\\\/truck\\\/#\\\/schema\\\/person\\\/51fa80b1c57034c4bf63f9f988fc24ce\"},\"headline\":\"\u201eDer Nfz-Aftermarket wird sich in Richtung vorausschauende Wartung entwickeln.\u201c\",\"datePublished\":\"2024-11-12T09:11:42+00:00\",\"dateModified\":\"2024-11-12T10:02:25+00:00\",\"mainEntityOfPage\":{\"@id\":\"https:\\\/\\\/www.krafthand.de\\\/truck\\\/artikel\\\/der-nfz-aftermarket-wird-sich-in-richtung-vorausschauende-wartung-entwickeln-41281\\\/\"},\"wordCount\":504,\"image\":{\"@id\":\"https:\\\/\\\/www.krafthand.de\\\/truck\\\/artikel\\\/der-nfz-aftermarket-wird-sich-in-richtung-vorausschauende-wartung-entwickeln-41281\\\/#primaryimage\"},\"thumbnailUrl\":\"https:\\\/\\\/static.krafthand-truck.de\\\/uploads\\\/2024\\\/11\\\/Koegel_Alexander_Seeber_Nfz_Aftermarket2.jpg\",\"keywords\":[\"Alexander Seeber\",\"K\u00f6gel\",\"Nfz-Aftermarket\",\"Predictive-Maintenance\",\"Trailer\",\"Vorausschauende Wartung\"],\"articleSection\":[\"K\u00f6pfe\\\/Personen\",\"Unternehmen\"],\"inLanguage\":\"de\"},{\"@type\":\"WebPage\",\"@id\":\"https:\\\/\\\/www.krafthand.de\\\/truck\\\/artikel\\\/der-nfz-aftermarket-wird-sich-in-richtung-vorausschauende-wartung-entwickeln-41281\\\/\",\"url\":\"https:\\\/\\\/www.krafthand.de\\\/truck\\\/artikel\\\/der-nfz-aftermarket-wird-sich-in-richtung-vorausschauende-wartung-entwickeln-41281\\\/\",\"name\":\"Nachgehakt bei Alexander Seeber I K\u00f6gel I Krafthand-Truck\",\"isPartOf\":{\"@id\":\"https:\\\/\\\/www.krafthand.de\\\/truck\\\/#website\"},\"primaryImageOfPage\":{\"@id\":\"https:\\\/\\\/www.krafthand.de\\\/truck\\\/artikel\\\/der-nfz-aftermarket-wird-sich-in-richtung-vorausschauende-wartung-entwickeln-41281\\\/#primaryimage\"},\"image\":{\"@id\":\"https:\\\/\\\/www.krafthand.de\\\/truck\\\/artikel\\\/der-nfz-aftermarket-wird-sich-in-richtung-vorausschauende-wartung-entwickeln-41281\\\/#primaryimage\"},\"thumbnailUrl\":\"https:\\\/\\\/static.krafthand-truck.de\\\/uploads\\\/2024\\\/11\\\/Koegel_Alexander_Seeber_Nfz_Aftermarket2.jpg\",\"datePublished\":\"2024-11-12T09:11:42+00:00\",\"dateModified\":\"2024-11-12T10:02:25+00:00\",\"author\":{\"@id\":\"https:\\\/\\\/www.krafthand.de\\\/truck\\\/#\\\/schema\\\/person\\\/51fa80b1c57034c4bf63f9f988fc24ce\"},\"description\":\"Alexander Seeber ist Leiter Aftermarket bei K\u00f6gel. Wir haben mit ihm \u00fcber die Herausforderungen des Trailer-Marktes gesprochen.\",\"breadcrumb\":{\"@id\":\"https:\\\/\\\/www.krafthand.de\\\/truck\\\/artikel\\\/der-nfz-aftermarket-wird-sich-in-richtung-vorausschauende-wartung-entwickeln-41281\\\/#breadcrumb\"},\"inLanguage\":\"de\",\"potentialAction\":[{\"@type\":\"ReadAction\",\"target\":[\"https:\\\/\\\/www.krafthand.de\\\/truck\\\/artikel\\\/der-nfz-aftermarket-wird-sich-in-richtung-vorausschauende-wartung-entwickeln-41281\\\/\"]}]},{\"@type\":\"ImageObject\",\"inLanguage\":\"de\",\"@id\":\"https:\\\/\\\/www.krafthand.de\\\/truck\\\/artikel\\\/der-nfz-aftermarket-wird-sich-in-richtung-vorausschauende-wartung-entwickeln-41281\\\/#primaryimage\",\"url\":\"https:\\\/\\\/static.krafthand-truck.de\\\/uploads\\\/2024\\\/11\\\/Koegel_Alexander_Seeber_Nfz_Aftermarket2.jpg\",\"contentUrl\":\"https:\\\/\\\/static.krafthand-truck.de\\\/uploads\\\/2024\\\/11\\\/Koegel_Alexander_Seeber_Nfz_Aftermarket2.jpg\",\"width\":1200,\"height\":972,\"caption\":\"Alexander Seeber ist seit Februar 2024 neuer Leiter Aftermarket bei K\u00f6gel. Bilder: K\u00f6gel\"},{\"@type\":\"BreadcrumbList\",\"@id\":\"https:\\\/\\\/www.krafthand.de\\\/truck\\\/artikel\\\/der-nfz-aftermarket-wird-sich-in-richtung-vorausschauende-wartung-entwickeln-41281\\\/#breadcrumb\",\"itemListElement\":[{\"@type\":\"ListItem\",\"position\":1,\"name\":\"Krafthand-Truck\",\"item\":\"https:\\\/\\\/www.krafthand.de\\\/truck\\\/\"},{\"@type\":\"ListItem\",\"position\":2,\"name\":\"Nfz-Branche\",\"item\":\"https:\\\/\\\/www.krafthand.de\\\/truck\\\/kategorie\\\/branche\\\/\"},{\"@type\":\"ListItem\",\"position\":3,\"name\":\"K\u00f6pfe\\\/Personen\",\"item\":\"https:\\\/\\\/www.krafthand.de\\\/truck\\\/kategorie\\\/branche\\\/koepfe\\\/\"},{\"@type\":\"ListItem\",\"position\":4,\"name\":\"\u201eDer Nfz-Aftermarket wird sich in Richtung vorausschauende Wartung entwickeln.\u201c\"}]},{\"@type\":\"WebSite\",\"@id\":\"https:\\\/\\\/www.krafthand.de\\\/truck\\\/#website\",\"url\":\"https:\\\/\\\/www.krafthand.de\\\/truck\\\/\",\"name\":\"Krafthand-Truck\",\"description\":\"\",\"potentialAction\":[{\"@type\":\"SearchAction\",\"target\":{\"@type\":\"EntryPoint\",\"urlTemplate\":\"https:\\\/\\\/www.krafthand.de\\\/truck\\\/?s={search_term_string}\"},\"query-input\":{\"@type\":\"PropertyValueSpecification\",\"valueRequired\":true,\"valueName\":\"search_term_string\"}}],\"inLanguage\":\"de\"},{\"@type\":\"Person\",\"@id\":\"https:\\\/\\\/www.krafthand.de\\\/truck\\\/#\\\/schema\\\/person\\\/51fa80b1c57034c4bf63f9f988fc24ce\",\"name\":\"georg.blenk@krafthand-medien.de\",\"image\":{\"@type\":\"ImageObject\",\"inLanguage\":\"de\",\"@id\":\"https:\\\/\\\/secure.gravatar.com\\\/avatar\\\/93713c30affe0aa95d3a4130e499bb1abee2eb31adbdd9ce2aa1543538490215?s=96&d=mm&r=g\",\"url\":\"https:\\\/\\\/secure.gravatar.com\\\/avatar\\\/93713c30affe0aa95d3a4130e499bb1abee2eb31adbdd9ce2aa1543538490215?s=96&d=mm&r=g\",\"contentUrl\":\"https:\\\/\\\/secure.gravatar.com\\\/avatar\\\/93713c30affe0aa95d3a4130e499bb1abee2eb31adbdd9ce2aa1543538490215?s=96&d=mm&r=g\",\"caption\":\"georg.blenk@krafthand-medien.de\"}}]}<\/script>\n<!-- \/ Yoast SEO plugin. -->","yoast_head_json":{"title":"Nachgehakt bei Alexander Seeber I K\u00f6gel I Krafthand-Truck","description":"Alexander Seeber ist Leiter Aftermarket bei K\u00f6gel. Wir haben mit ihm \u00fcber die Herausforderungen des Trailer-Marktes gesprochen.","robots":{"index":"index","follow":"follow","max-snippet":"max-snippet:-1","max-image-preview":"max-image-preview:large","max-video-preview":"max-video-preview:-1"},"canonical":"https:\/\/www.krafthand.de\/truck\/artikel\/der-nfz-aftermarket-wird-sich-in-richtung-vorausschauende-wartung-entwickeln-41281\/","og_locale":"de_DE","og_type":"article","og_title":"Nachgehakt bei Alexander Seeber I K\u00f6gel I Krafthand-Truck","og_description":"Alexander Seeber ist Leiter Aftermarket bei K\u00f6gel. Wir haben mit ihm \u00fcber die Herausforderungen des Trailer-Marktes gesprochen.","og_url":"https:\/\/www.krafthand-truck.de\/artikel\/der-nfz-aftermarket-wird-sich-in-richtung-vorausschauende-wartung-entwickeln-41281\/","og_site_name":"Krafthand-Truck","article_published_time":"2024-11-12T09:11:42+00:00","article_modified_time":"2024-11-12T10:02:25+00:00","og_image":[{"width":1200,"height":972,"url":"https:\/\/static.krafthand-truck.de\/uploads\/2024\/11\/Koegel_Alexander_Seeber_Nfz_Aftermarket2.jpg","type":"image\/jpeg"}],"author":"georg.blenk@krafthand-medien.de","twitter_card":"summary_large_image","twitter_misc":{"Verfasst von":"georg.blenk@krafthand-medien.de","Gesch\u00e4tzte Lesezeit":"3\u00a0Minuten"},"schema":{"@context":"https:\/\/schema.org","@graph":[{"@type":"Article","@id":"https:\/\/www.krafthand.de\/truck\/artikel\/der-nfz-aftermarket-wird-sich-in-richtung-vorausschauende-wartung-entwickeln-41281\/#article","isPartOf":{"@id":"https:\/\/www.krafthand.de\/truck\/artikel\/der-nfz-aftermarket-wird-sich-in-richtung-vorausschauende-wartung-entwickeln-41281\/"},"author":{"name":"georg.blenk@krafthand-medien.de","@id":"https:\/\/www.krafthand.de\/truck\/#\/schema\/person\/51fa80b1c57034c4bf63f9f988fc24ce"},"headline":"\u201eDer Nfz-Aftermarket wird sich in Richtung vorausschauende Wartung entwickeln.\u201c","datePublished":"2024-11-12T09:11:42+00:00","dateModified":"2024-11-12T10:02:25+00:00","mainEntityOfPage":{"@id":"https:\/\/www.krafthand.de\/truck\/artikel\/der-nfz-aftermarket-wird-sich-in-richtung-vorausschauende-wartung-entwickeln-41281\/"},"wordCount":504,"image":{"@id":"https:\/\/www.krafthand.de\/truck\/artikel\/der-nfz-aftermarket-wird-sich-in-richtung-vorausschauende-wartung-entwickeln-41281\/#primaryimage"},"thumbnailUrl":"https:\/\/static.krafthand-truck.de\/uploads\/2024\/11\/Koegel_Alexander_Seeber_Nfz_Aftermarket2.jpg","keywords":["Alexander Seeber","K\u00f6gel","Nfz-Aftermarket","Predictive-Maintenance","Trailer","Vorausschauende Wartung"],"articleSection":["K\u00f6pfe\/Personen","Unternehmen"],"inLanguage":"de"},{"@type":"WebPage","@id":"https:\/\/www.krafthand.de\/truck\/artikel\/der-nfz-aftermarket-wird-sich-in-richtung-vorausschauende-wartung-entwickeln-41281\/","url":"https:\/\/www.krafthand.de\/truck\/artikel\/der-nfz-aftermarket-wird-sich-in-richtung-vorausschauende-wartung-entwickeln-41281\/","name":"Nachgehakt bei Alexander Seeber I K\u00f6gel I Krafthand-Truck","isPartOf":{"@id":"https:\/\/www.krafthand.de\/truck\/#website"},"primaryImageOfPage":{"@id":"https:\/\/www.krafthand.de\/truck\/artikel\/der-nfz-aftermarket-wird-sich-in-richtung-vorausschauende-wartung-entwickeln-41281\/#primaryimage"},"image":{"@id":"https:\/\/www.krafthand.de\/truck\/artikel\/der-nfz-aftermarket-wird-sich-in-richtung-vorausschauende-wartung-entwickeln-41281\/#primaryimage"},"thumbnailUrl":"https:\/\/static.krafthand-truck.de\/uploads\/2024\/11\/Koegel_Alexander_Seeber_Nfz_Aftermarket2.jpg","datePublished":"2024-11-12T09:11:42+00:00","dateModified":"2024-11-12T10:02:25+00:00","author":{"@id":"https:\/\/www.krafthand.de\/truck\/#\/schema\/person\/51fa80b1c57034c4bf63f9f988fc24ce"},"description":"Alexander Seeber ist Leiter Aftermarket bei K\u00f6gel. Wir haben mit ihm \u00fcber die Herausforderungen des Trailer-Marktes gesprochen.","breadcrumb":{"@id":"https:\/\/www.krafthand.de\/truck\/artikel\/der-nfz-aftermarket-wird-sich-in-richtung-vorausschauende-wartung-entwickeln-41281\/#breadcrumb"},"inLanguage":"de","potentialAction":[{"@type":"ReadAction","target":["https:\/\/www.krafthand.de\/truck\/artikel\/der-nfz-aftermarket-wird-sich-in-richtung-vorausschauende-wartung-entwickeln-41281\/"]}]},{"@type":"ImageObject","inLanguage":"de","@id":"https:\/\/www.krafthand.de\/truck\/artikel\/der-nfz-aftermarket-wird-sich-in-richtung-vorausschauende-wartung-entwickeln-41281\/#primaryimage","url":"https:\/\/static.krafthand-truck.de\/uploads\/2024\/11\/Koegel_Alexander_Seeber_Nfz_Aftermarket2.jpg","contentUrl":"https:\/\/static.krafthand-truck.de\/uploads\/2024\/11\/Koegel_Alexander_Seeber_Nfz_Aftermarket2.jpg","width":1200,"height":972,"caption":"Alexander Seeber ist seit Februar 2024 neuer Leiter Aftermarket bei K\u00f6gel. Bilder: K\u00f6gel"},{"@type":"BreadcrumbList","@id":"https:\/\/www.krafthand.de\/truck\/artikel\/der-nfz-aftermarket-wird-sich-in-richtung-vorausschauende-wartung-entwickeln-41281\/#breadcrumb","itemListElement":[{"@type":"ListItem","position":1,"name":"Krafthand-Truck","item":"https:\/\/www.krafthand.de\/truck\/"},{"@type":"ListItem","position":2,"name":"Nfz-Branche","item":"https:\/\/www.krafthand.de\/truck\/kategorie\/branche\/"},{"@type":"ListItem","position":3,"name":"K\u00f6pfe\/Personen","item":"https:\/\/www.krafthand.de\/truck\/kategorie\/branche\/koepfe\/"},{"@type":"ListItem","position":4,"name":"\u201eDer Nfz-Aftermarket wird sich in Richtung vorausschauende Wartung entwickeln.\u201c"}]},{"@type":"WebSite","@id":"https:\/\/www.krafthand.de\/truck\/#website","url":"https:\/\/www.krafthand.de\/truck\/","name":"Krafthand-Truck","description":"","potentialAction":[{"@type":"SearchAction","target":{"@type":"EntryPoint","urlTemplate":"https:\/\/www.krafthand.de\/truck\/?s={search_term_string}"},"query-input":{"@type":"PropertyValueSpecification","valueRequired":true,"valueName":"search_term_string"}}],"inLanguage":"de"},{"@type":"Person","@id":"https:\/\/www.krafthand.de\/truck\/#\/schema\/person\/51fa80b1c57034c4bf63f9f988fc24ce","name":"georg.blenk@krafthand-medien.de","image":{"@type":"ImageObject","inLanguage":"de","@id":"https:\/\/secure.gravatar.com\/avatar\/93713c30affe0aa95d3a4130e499bb1abee2eb31adbdd9ce2aa1543538490215?s=96&d=mm&r=g","url":"https:\/\/secure.gravatar.com\/avatar\/93713c30affe0aa95d3a4130e499bb1abee2eb31adbdd9ce2aa1543538490215?s=96&d=mm&r=g","contentUrl":"https:\/\/secure.gravatar.com\/avatar\/93713c30affe0aa95d3a4130e499bb1abee2eb31adbdd9ce2aa1543538490215?s=96&d=mm&r=g","caption":"georg.blenk@krafthand-medien.de"}}]}},"_links":{"self":[{"href":"https:\/\/www.krafthand.de\/truck\/wp-json\/wp\/v2\/posts\/41281","targetHints":{"allow":["GET"]}}],"collection":[{"href":"https:\/\/www.krafthand.de\/truck\/wp-json\/wp\/v2\/posts"}],"about":[{"href":"https:\/\/www.krafthand.de\/truck\/wp-json\/wp\/v2\/types\/post"}],"author":[{"embeddable":true,"href":"https:\/\/www.krafthand.de\/truck\/wp-json\/wp\/v2\/users\/9"}],"replies":[{"embeddable":true,"href":"https:\/\/www.krafthand.de\/truck\/wp-json\/wp\/v2\/comments?post=41281"}],"version-history":[{"count":5,"href":"https:\/\/www.krafthand.de\/truck\/wp-json\/wp\/v2\/posts\/41281\/revisions"}],"predecessor-version":[{"id":41288,"href":"https:\/\/www.krafthand.de\/truck\/wp-json\/wp\/v2\/posts\/41281\/revisions\/41288"}],"wp:featuredmedia":[{"embeddable":true,"href":"https:\/\/www.krafthand.de\/truck\/wp-json\/wp\/v2\/media\/41289"}],"wp:attachment":[{"href":"https:\/\/www.krafthand.de\/truck\/wp-json\/wp\/v2\/media?parent=41281"}],"wp:term":[{"taxonomy":"category","embeddable":true,"href":"https:\/\/www.krafthand.de\/truck\/wp-json\/wp\/v2\/categories?post=41281"},{"taxonomy":"post_tag","embeddable":true,"href":"https:\/\/www.krafthand.de\/truck\/wp-json\/wp\/v2\/tags?post=41281"},{"taxonomy":"settings","embeddable":true,"href":"https:\/\/www.krafthand.de\/truck\/wp-json\/wp\/v2\/settings?post=41281"}],"curies":[{"name":"wp","href":"https:\/\/api.w.org\/{rel}","templated":true}]}}