{"id":41272,"date":"2024-11-12T09:04:55","date_gmt":"2024-11-12T08:04:55","guid":{"rendered":"https:\/\/www.krafthand.de\/truck\/?p=41272"},"modified":"2024-11-12T09:08:17","modified_gmt":"2024-11-12T08:08:17","slug":"goldschmitt-zusatzluftfedern-mit-dynamischer-hoehenkontrolle","status":"publish","type":"post","link":"https:\/\/www.krafthand.de\/truck\/artikel\/goldschmitt-zusatzluftfedern-mit-dynamischer-hoehenkontrolle-41272\/","title":{"rendered":"Goldschmitt: Zusatzluftfedern mit dynamischer H\u00f6henkontrolle"},"content":{"rendered":"<p>Nachr\u00fcstbare Zusatzluftfederungen sind eine bew\u00e4hrte L\u00f6sung, um den hohen Lasten von Reisemobilen und Nutzfahrzeugen entgegenzuwirken. Durch den Einbau von druckluftgef\u00fcllten Federelementen wird die serienm\u00e4\u00dfige Stahlfederung unterst\u00fctzt und das Heck zuverl\u00e4ssig angehoben. Die Steuerung erfolgt manuell, w\u00e4hrend der Luftdruck \u00fcber Manometer \u00fcberwacht wird. Dies erfordert manuelle Anpassungen, um den optimalen Luftdruck f\u00fcr verschiedene Beladungszust\u00e4nde sicherzustellen. Dabei gibt der eingestellte Balgdruck nur bedingt Aufschluss \u00fcber die tats\u00e4chliche Fahrh\u00f6he.<\/p>\n<figure id=\"attachment_41276\" aria-describedby=\"caption-attachment-41276\" style=\"width: 252px\" class=\"wp-caption alignright\"><a href=\"https:\/\/static.krafthand-truck.de\/uploads\/2024\/11\/Goldschmitt_Zusatzluftfeder_dynamisch_Ducato_Jumper_Boxer_App_Steuerung.jpg\" target=\"_blank\" rel=\"noopener\"><img fetchpriority=\"high\" decoding=\"async\" class=\"wp-image-41276 size-medium\" src=\"https:\/\/static.krafthand-truck.de\/uploads\/2024\/11\/Goldschmitt_Zusatzluftfeder_dynamisch_Ducato_Jumper_Boxer_App_Steuerung-252x300.jpg\" alt=\"\" width=\"252\" height=\"300\" srcset=\"https:\/\/static.krafthand-truck.de\/uploads\/2024\/11\/Goldschmitt_Zusatzluftfeder_dynamisch_Ducato_Jumper_Boxer_App_Steuerung-252x300.jpg 252w, https:\/\/static.krafthand-truck.de\/uploads\/2024\/11\/Goldschmitt_Zusatzluftfeder_dynamisch_Ducato_Jumper_Boxer_App_Steuerung-768x916.jpg 768w, https:\/\/static.krafthand-truck.de\/uploads\/2024\/11\/Goldschmitt_Zusatzluftfeder_dynamisch_Ducato_Jumper_Boxer_App_Steuerung.jpg 800w\" sizes=\"(max-width: 252px) 100vw, 252px\" \/><\/a><figcaption id=\"caption-attachment-41276\" class=\"wp-caption-text\">Die kostenlose Smartphone-App der RHC-Steuerung bietet noch mehr Bedienm\u00f6glichkeiten.<\/figcaption><\/figure>\n<p>Jetzt hat der Fahrwerks-Spezialist <a href=\"https:\/\/www.goldschmitt.de\" target=\"_blank\" rel=\"noopener\">Goldschmitt<\/a> mit der sogenannten RHC-Steuerung eine vollautomatische L\u00f6sung vorgestellt, die nicht auf den Luftdruck im Balg reagiert, sondern direkt die tats\u00e4chliche H\u00f6he des Fahrzeugs ber\u00fccksichtigt. Mithilfe pr\u00e4ziser H\u00f6hensensoren wird die Fahrzeugh\u00f6he \u00fcberwacht und automatisch angepasst, ohne dass manuelle Eingriffe n\u00f6tig sind. <em>\u201eDie Druckmessung wird somit \u00fcberfl\u00fcssig \u2013 das ist eine enorme Erleichterung im Alltag\u201c<\/em>, erkl\u00e4rt Markus Mairon, Gesch\u00e4ftsf\u00fchrer von Goldschmitt.<\/p>\n<p>Die neue RHC-Steuerung (Ride-Height-Control) ist in der Lage, das optimale Fahrniveau bei jedem Beladungszustand beizubehalten. Gewichtsver\u00e4nderungen an der Hinterachse werden von Niveausensoren registriert und an die Steuereinheit weitergegeben. Diese erfasst alle systemrelevanten Daten, wertet diese aus und gibt, wenn n\u00f6tig, Befehle zur Druckanpassung an die Luftb\u00e4lge. Beladungsdifferenzen werden vollautomatisch ausgeglichen, Bedienungsfehler seien ausgeschlossen. Das RHC-Bedienteil (57 x 32 x 2,5 mm) ben\u00f6tigt nur wenig Platz im Fahrzeuginnenraum. Zus\u00e4tzlich bietet eine kostenlose Smartphone-App noch mehr Bedienm\u00f6glichkeiten<\/p>\n<p>Die neuen Zusatzluftfedersysteme von Goldschmitt sind ab Januar 2025 f\u00fcr den Fiat Ducato, Peugeot Boxer und Citro\u00ebn Jumper ab Baujahr 2006 sowie f\u00fcr den Opel Movano ab Baujahr 2021 erh\u00e4ltlich.<\/p>\n<p><i>Den Beitrag finden Sie auch in der Print-Ausgabe 4-2024 der <a href=\"https:\/\/www.krafthand.de\/truck\/magazin\/\" title=\"Zum Magazin\">Krafthand-Truck<\/a>.<\/i><\/p>","protected":false},"excerpt":{"rendered":"<p>Der Fahrwerks-Spezialist Goldschmitt hat mit der RHC-Steuerung eine vollautomatische L\u00f6sung vorgestellt, die nicht auf den Luftdruck im Balg reagiert, sondern direkt die tats\u00e4chliche H\u00f6he des Fahrzeugs ber\u00fccksichtigt. <span class=\"excerpt-more__dots\">&#8230;<\/span> <a class=\"excerpt-more__link\" href=\"https:\/\/www.krafthand.de\/truck\/artikel\/goldschmitt-zusatzluftfedern-mit-dynamischer-hoehenkontrolle-41272\/\" >weiter<\/a><\/p>\n","protected":false},"author":9,"featured_media":41273,"comment_status":"closed","ping_status":"closed","sticky":false,"template":"","format":"standard","meta":{"footnotes":""},"categories":[4912,4226],"tags":[6076,2025,590,4254,4545,1959,6077],"settings":[4766,3523],"class_list":["post-41272","post","type-post","status-publish","format-standard","has-post-thumbnail","hentry","category-ersatzteile-zubehoer","category-fahrwerk","tag-boxer","tag-ducato","tag-fahrwerk","tag-goldschmitt","tag-jumper","tag-luftfeder","tag-zusatzluftfeder"],"yoast_head":"<!-- This site is optimized with the Yoast SEO plugin v27.3 - https:\/\/yoast.com\/product\/yoast-seo-wordpress\/ -->\n<title>Goldschmitt: Zusatzluftfedern mit dynamischer H\u00f6henkontrolle - Krafthand-Truck<\/title>\n<meta name=\"description\" content=\"Goldschmitt hat mit der vollautomatischen Luftfederung, inkl. RHC-Steuerung eine L\u00f6sung vorgestellt, die auch die H\u00f6he des Fahrzeugs ber\u00fccksichtigt.\" \/>\n<meta name=\"robots\" content=\"index, follow, max-snippet:-1, max-image-preview:large, max-video-preview:-1\" \/>\n<link rel=\"canonical\" href=\"https:\/\/www.krafthand.de\/truck\/artikel\/goldschmitt-zusatzluftfedern-mit-dynamischer-hoehenkontrolle-41272\/\" \/>\n<meta property=\"og:locale\" content=\"de_DE\" \/>\n<meta property=\"og:type\" content=\"article\" \/>\n<meta property=\"og:title\" content=\"Goldschmitt: Zusatzluftfedern mit dynamischer H\u00f6henkontrolle - Krafthand-Truck\" \/>\n<meta property=\"og:description\" content=\"Goldschmitt hat mit der vollautomatischen Luftfederung, inkl. RHC-Steuerung eine L\u00f6sung vorgestellt, die auch die H\u00f6he des Fahrzeugs ber\u00fccksichtigt.\" \/>\n<meta property=\"og:url\" content=\"https:\/\/www.krafthand-truck.de\/artikel\/goldschmitt-zusatzluftfedern-mit-dynamischer-hoehenkontrolle-41272\/\" \/>\n<meta property=\"og:site_name\" content=\"Krafthand-Truck\" \/>\n<meta property=\"article:published_time\" content=\"2024-11-12T08:04:55+00:00\" \/>\n<meta property=\"article:modified_time\" content=\"2024-11-12T08:08:17+00:00\" \/>\n<meta property=\"og:image\" content=\"https:\/\/static.krafthand-truck.de\/uploads\/2024\/11\/Goldschmitt_Zusatzluftfeder_dynamisch_Ducato_Jumper_Boxer.jpg\" \/>\n\t<meta property=\"og:image:width\" content=\"1200\" \/>\n\t<meta property=\"og:image:height\" content=\"848\" \/>\n\t<meta property=\"og:image:type\" content=\"image\/jpeg\" \/>\n<meta name=\"author\" content=\"georg.blenk@krafthand-medien.de\" \/>\n<meta name=\"twitter:card\" content=\"summary_large_image\" \/>\n<meta name=\"twitter:label1\" content=\"Verfasst von\" \/>\n\t<meta name=\"twitter:data1\" content=\"georg.blenk@krafthand-medien.de\" \/>\n\t<meta name=\"twitter:label2\" content=\"Gesch\u00e4tzte Lesezeit\" \/>\n\t<meta name=\"twitter:data2\" content=\"2\u00a0Minuten\" \/>\n<script type=\"application\/ld+json\" class=\"yoast-schema-graph\">{\"@context\":\"https:\\\/\\\/schema.org\",\"@graph\":[{\"@type\":\"Article\",\"@id\":\"https:\\\/\\\/www.krafthand.de\\\/truck\\\/artikel\\\/goldschmitt-zusatzluftfedern-mit-dynamischer-hoehenkontrolle-41272\\\/#article\",\"isPartOf\":{\"@id\":\"https:\\\/\\\/www.krafthand.de\\\/truck\\\/artikel\\\/goldschmitt-zusatzluftfedern-mit-dynamischer-hoehenkontrolle-41272\\\/\"},\"author\":{\"name\":\"georg.blenk@krafthand-medien.de\",\"@id\":\"https:\\\/\\\/www.krafthand.de\\\/truck\\\/#\\\/schema\\\/person\\\/51fa80b1c57034c4bf63f9f988fc24ce\"},\"headline\":\"Goldschmitt: Zusatzluftfedern mit dynamischer H\u00f6henkontrolle\",\"datePublished\":\"2024-11-12T08:04:55+00:00\",\"dateModified\":\"2024-11-12T08:08:17+00:00\",\"mainEntityOfPage\":{\"@id\":\"https:\\\/\\\/www.krafthand.de\\\/truck\\\/artikel\\\/goldschmitt-zusatzluftfedern-mit-dynamischer-hoehenkontrolle-41272\\\/\"},\"wordCount\":285,\"image\":{\"@id\":\"https:\\\/\\\/www.krafthand.de\\\/truck\\\/artikel\\\/goldschmitt-zusatzluftfedern-mit-dynamischer-hoehenkontrolle-41272\\\/#primaryimage\"},\"thumbnailUrl\":\"https:\\\/\\\/static.krafthand-truck.de\\\/uploads\\\/2024\\\/11\\\/Goldschmitt_Zusatzluftfeder_dynamisch_Ducato_Jumper_Boxer.jpg\",\"keywords\":[\"Boxer\",\"Ducato\",\"Fahrwerk\",\"Goldschmitt\",\"Jumper\",\"Luftfeder\",\"Zusatzluftfeder\"],\"articleSection\":[\"Ersatzteile\\\/Zubeh\u00f6r\",\"Fahrwerk\\\/D\u00e4mpfung\"],\"inLanguage\":\"de\"},{\"@type\":\"WebPage\",\"@id\":\"https:\\\/\\\/www.krafthand.de\\\/truck\\\/artikel\\\/goldschmitt-zusatzluftfedern-mit-dynamischer-hoehenkontrolle-41272\\\/\",\"url\":\"https:\\\/\\\/www.krafthand.de\\\/truck\\\/artikel\\\/goldschmitt-zusatzluftfedern-mit-dynamischer-hoehenkontrolle-41272\\\/\",\"name\":\"Goldschmitt: Zusatzluftfedern mit dynamischer H\u00f6henkontrolle - Krafthand-Truck\",\"isPartOf\":{\"@id\":\"https:\\\/\\\/www.krafthand.de\\\/truck\\\/#website\"},\"primaryImageOfPage\":{\"@id\":\"https:\\\/\\\/www.krafthand.de\\\/truck\\\/artikel\\\/goldschmitt-zusatzluftfedern-mit-dynamischer-hoehenkontrolle-41272\\\/#primaryimage\"},\"image\":{\"@id\":\"https:\\\/\\\/www.krafthand.de\\\/truck\\\/artikel\\\/goldschmitt-zusatzluftfedern-mit-dynamischer-hoehenkontrolle-41272\\\/#primaryimage\"},\"thumbnailUrl\":\"https:\\\/\\\/static.krafthand-truck.de\\\/uploads\\\/2024\\\/11\\\/Goldschmitt_Zusatzluftfeder_dynamisch_Ducato_Jumper_Boxer.jpg\",\"datePublished\":\"2024-11-12T08:04:55+00:00\",\"dateModified\":\"2024-11-12T08:08:17+00:00\",\"author\":{\"@id\":\"https:\\\/\\\/www.krafthand.de\\\/truck\\\/#\\\/schema\\\/person\\\/51fa80b1c57034c4bf63f9f988fc24ce\"},\"description\":\"Goldschmitt hat mit der vollautomatischen Luftfederung, inkl. RHC-Steuerung eine L\u00f6sung vorgestellt, die auch die H\u00f6he des Fahrzeugs ber\u00fccksichtigt.\",\"breadcrumb\":{\"@id\":\"https:\\\/\\\/www.krafthand.de\\\/truck\\\/artikel\\\/goldschmitt-zusatzluftfedern-mit-dynamischer-hoehenkontrolle-41272\\\/#breadcrumb\"},\"inLanguage\":\"de\",\"potentialAction\":[{\"@type\":\"ReadAction\",\"target\":[\"https:\\\/\\\/www.krafthand.de\\\/truck\\\/artikel\\\/goldschmitt-zusatzluftfedern-mit-dynamischer-hoehenkontrolle-41272\\\/\"]}]},{\"@type\":\"ImageObject\",\"inLanguage\":\"de\",\"@id\":\"https:\\\/\\\/www.krafthand.de\\\/truck\\\/artikel\\\/goldschmitt-zusatzluftfedern-mit-dynamischer-hoehenkontrolle-41272\\\/#primaryimage\",\"url\":\"https:\\\/\\\/static.krafthand-truck.de\\\/uploads\\\/2024\\\/11\\\/Goldschmitt_Zusatzluftfeder_dynamisch_Ducato_Jumper_Boxer.jpg\",\"contentUrl\":\"https:\\\/\\\/static.krafthand-truck.de\\\/uploads\\\/2024\\\/11\\\/Goldschmitt_Zusatzluftfeder_dynamisch_Ducato_Jumper_Boxer.jpg\",\"width\":1200,\"height\":848},{\"@type\":\"BreadcrumbList\",\"@id\":\"https:\\\/\\\/www.krafthand.de\\\/truck\\\/artikel\\\/goldschmitt-zusatzluftfedern-mit-dynamischer-hoehenkontrolle-41272\\\/#breadcrumb\",\"itemListElement\":[{\"@type\":\"ListItem\",\"position\":1,\"name\":\"Krafthand-Truck\",\"item\":\"https:\\\/\\\/www.krafthand.de\\\/truck\\\/\"},{\"@type\":\"ListItem\",\"position\":2,\"name\":\"Nfz-Service\",\"item\":\"https:\\\/\\\/www.krafthand.de\\\/truck\\\/kategorie\\\/nfz-service\\\/\"},{\"@type\":\"ListItem\",\"position\":3,\"name\":\"Ersatzteile\\\/Zubeh\u00f6r\",\"item\":\"https:\\\/\\\/www.krafthand.de\\\/truck\\\/kategorie\\\/nfz-service\\\/ersatzteile-zubehoer\\\/\"},{\"@type\":\"ListItem\",\"position\":4,\"name\":\"Goldschmitt: Zusatzluftfedern mit dynamischer H\u00f6henkontrolle\"}]},{\"@type\":\"WebSite\",\"@id\":\"https:\\\/\\\/www.krafthand.de\\\/truck\\\/#website\",\"url\":\"https:\\\/\\\/www.krafthand.de\\\/truck\\\/\",\"name\":\"Krafthand-Truck\",\"description\":\"\",\"potentialAction\":[{\"@type\":\"SearchAction\",\"target\":{\"@type\":\"EntryPoint\",\"urlTemplate\":\"https:\\\/\\\/www.krafthand.de\\\/truck\\\/?s={search_term_string}\"},\"query-input\":{\"@type\":\"PropertyValueSpecification\",\"valueRequired\":true,\"valueName\":\"search_term_string\"}}],\"inLanguage\":\"de\"},{\"@type\":\"Person\",\"@id\":\"https:\\\/\\\/www.krafthand.de\\\/truck\\\/#\\\/schema\\\/person\\\/51fa80b1c57034c4bf63f9f988fc24ce\",\"name\":\"georg.blenk@krafthand-medien.de\",\"image\":{\"@type\":\"ImageObject\",\"inLanguage\":\"de\",\"@id\":\"https:\\\/\\\/secure.gravatar.com\\\/avatar\\\/93713c30affe0aa95d3a4130e499bb1abee2eb31adbdd9ce2aa1543538490215?s=96&d=mm&r=g\",\"url\":\"https:\\\/\\\/secure.gravatar.com\\\/avatar\\\/93713c30affe0aa95d3a4130e499bb1abee2eb31adbdd9ce2aa1543538490215?s=96&d=mm&r=g\",\"contentUrl\":\"https:\\\/\\\/secure.gravatar.com\\\/avatar\\\/93713c30affe0aa95d3a4130e499bb1abee2eb31adbdd9ce2aa1543538490215?s=96&d=mm&r=g\",\"caption\":\"georg.blenk@krafthand-medien.de\"}}]}<\/script>\n<!-- \/ Yoast SEO plugin. -->","yoast_head_json":{"title":"Goldschmitt: Zusatzluftfedern mit dynamischer H\u00f6henkontrolle - Krafthand-Truck","description":"Goldschmitt hat mit der vollautomatischen Luftfederung, inkl. RHC-Steuerung eine L\u00f6sung vorgestellt, die auch die H\u00f6he des Fahrzeugs ber\u00fccksichtigt.","robots":{"index":"index","follow":"follow","max-snippet":"max-snippet:-1","max-image-preview":"max-image-preview:large","max-video-preview":"max-video-preview:-1"},"canonical":"https:\/\/www.krafthand.de\/truck\/artikel\/goldschmitt-zusatzluftfedern-mit-dynamischer-hoehenkontrolle-41272\/","og_locale":"de_DE","og_type":"article","og_title":"Goldschmitt: Zusatzluftfedern mit dynamischer H\u00f6henkontrolle - Krafthand-Truck","og_description":"Goldschmitt hat mit der vollautomatischen Luftfederung, inkl. RHC-Steuerung eine L\u00f6sung vorgestellt, die auch die H\u00f6he des Fahrzeugs ber\u00fccksichtigt.","og_url":"https:\/\/www.krafthand-truck.de\/artikel\/goldschmitt-zusatzluftfedern-mit-dynamischer-hoehenkontrolle-41272\/","og_site_name":"Krafthand-Truck","article_published_time":"2024-11-12T08:04:55+00:00","article_modified_time":"2024-11-12T08:08:17+00:00","og_image":[{"width":1200,"height":848,"url":"https:\/\/static.krafthand-truck.de\/uploads\/2024\/11\/Goldschmitt_Zusatzluftfeder_dynamisch_Ducato_Jumper_Boxer.jpg","type":"image\/jpeg"}],"author":"georg.blenk@krafthand-medien.de","twitter_card":"summary_large_image","twitter_misc":{"Verfasst von":"georg.blenk@krafthand-medien.de","Gesch\u00e4tzte Lesezeit":"2\u00a0Minuten"},"schema":{"@context":"https:\/\/schema.org","@graph":[{"@type":"Article","@id":"https:\/\/www.krafthand.de\/truck\/artikel\/goldschmitt-zusatzluftfedern-mit-dynamischer-hoehenkontrolle-41272\/#article","isPartOf":{"@id":"https:\/\/www.krafthand.de\/truck\/artikel\/goldschmitt-zusatzluftfedern-mit-dynamischer-hoehenkontrolle-41272\/"},"author":{"name":"georg.blenk@krafthand-medien.de","@id":"https:\/\/www.krafthand.de\/truck\/#\/schema\/person\/51fa80b1c57034c4bf63f9f988fc24ce"},"headline":"Goldschmitt: Zusatzluftfedern mit dynamischer H\u00f6henkontrolle","datePublished":"2024-11-12T08:04:55+00:00","dateModified":"2024-11-12T08:08:17+00:00","mainEntityOfPage":{"@id":"https:\/\/www.krafthand.de\/truck\/artikel\/goldschmitt-zusatzluftfedern-mit-dynamischer-hoehenkontrolle-41272\/"},"wordCount":285,"image":{"@id":"https:\/\/www.krafthand.de\/truck\/artikel\/goldschmitt-zusatzluftfedern-mit-dynamischer-hoehenkontrolle-41272\/#primaryimage"},"thumbnailUrl":"https:\/\/static.krafthand-truck.de\/uploads\/2024\/11\/Goldschmitt_Zusatzluftfeder_dynamisch_Ducato_Jumper_Boxer.jpg","keywords":["Boxer","Ducato","Fahrwerk","Goldschmitt","Jumper","Luftfeder","Zusatzluftfeder"],"articleSection":["Ersatzteile\/Zubeh\u00f6r","Fahrwerk\/D\u00e4mpfung"],"inLanguage":"de"},{"@type":"WebPage","@id":"https:\/\/www.krafthand.de\/truck\/artikel\/goldschmitt-zusatzluftfedern-mit-dynamischer-hoehenkontrolle-41272\/","url":"https:\/\/www.krafthand.de\/truck\/artikel\/goldschmitt-zusatzluftfedern-mit-dynamischer-hoehenkontrolle-41272\/","name":"Goldschmitt: Zusatzluftfedern mit dynamischer H\u00f6henkontrolle - Krafthand-Truck","isPartOf":{"@id":"https:\/\/www.krafthand.de\/truck\/#website"},"primaryImageOfPage":{"@id":"https:\/\/www.krafthand.de\/truck\/artikel\/goldschmitt-zusatzluftfedern-mit-dynamischer-hoehenkontrolle-41272\/#primaryimage"},"image":{"@id":"https:\/\/www.krafthand.de\/truck\/artikel\/goldschmitt-zusatzluftfedern-mit-dynamischer-hoehenkontrolle-41272\/#primaryimage"},"thumbnailUrl":"https:\/\/static.krafthand-truck.de\/uploads\/2024\/11\/Goldschmitt_Zusatzluftfeder_dynamisch_Ducato_Jumper_Boxer.jpg","datePublished":"2024-11-12T08:04:55+00:00","dateModified":"2024-11-12T08:08:17+00:00","author":{"@id":"https:\/\/www.krafthand.de\/truck\/#\/schema\/person\/51fa80b1c57034c4bf63f9f988fc24ce"},"description":"Goldschmitt hat mit der vollautomatischen Luftfederung, inkl. RHC-Steuerung eine L\u00f6sung vorgestellt, die auch die H\u00f6he des Fahrzeugs ber\u00fccksichtigt.","breadcrumb":{"@id":"https:\/\/www.krafthand.de\/truck\/artikel\/goldschmitt-zusatzluftfedern-mit-dynamischer-hoehenkontrolle-41272\/#breadcrumb"},"inLanguage":"de","potentialAction":[{"@type":"ReadAction","target":["https:\/\/www.krafthand.de\/truck\/artikel\/goldschmitt-zusatzluftfedern-mit-dynamischer-hoehenkontrolle-41272\/"]}]},{"@type":"ImageObject","inLanguage":"de","@id":"https:\/\/www.krafthand.de\/truck\/artikel\/goldschmitt-zusatzluftfedern-mit-dynamischer-hoehenkontrolle-41272\/#primaryimage","url":"https:\/\/static.krafthand-truck.de\/uploads\/2024\/11\/Goldschmitt_Zusatzluftfeder_dynamisch_Ducato_Jumper_Boxer.jpg","contentUrl":"https:\/\/static.krafthand-truck.de\/uploads\/2024\/11\/Goldschmitt_Zusatzluftfeder_dynamisch_Ducato_Jumper_Boxer.jpg","width":1200,"height":848},{"@type":"BreadcrumbList","@id":"https:\/\/www.krafthand.de\/truck\/artikel\/goldschmitt-zusatzluftfedern-mit-dynamischer-hoehenkontrolle-41272\/#breadcrumb","itemListElement":[{"@type":"ListItem","position":1,"name":"Krafthand-Truck","item":"https:\/\/www.krafthand.de\/truck\/"},{"@type":"ListItem","position":2,"name":"Nfz-Service","item":"https:\/\/www.krafthand.de\/truck\/kategorie\/nfz-service\/"},{"@type":"ListItem","position":3,"name":"Ersatzteile\/Zubeh\u00f6r","item":"https:\/\/www.krafthand.de\/truck\/kategorie\/nfz-service\/ersatzteile-zubehoer\/"},{"@type":"ListItem","position":4,"name":"Goldschmitt: Zusatzluftfedern mit dynamischer H\u00f6henkontrolle"}]},{"@type":"WebSite","@id":"https:\/\/www.krafthand.de\/truck\/#website","url":"https:\/\/www.krafthand.de\/truck\/","name":"Krafthand-Truck","description":"","potentialAction":[{"@type":"SearchAction","target":{"@type":"EntryPoint","urlTemplate":"https:\/\/www.krafthand.de\/truck\/?s={search_term_string}"},"query-input":{"@type":"PropertyValueSpecification","valueRequired":true,"valueName":"search_term_string"}}],"inLanguage":"de"},{"@type":"Person","@id":"https:\/\/www.krafthand.de\/truck\/#\/schema\/person\/51fa80b1c57034c4bf63f9f988fc24ce","name":"georg.blenk@krafthand-medien.de","image":{"@type":"ImageObject","inLanguage":"de","@id":"https:\/\/secure.gravatar.com\/avatar\/93713c30affe0aa95d3a4130e499bb1abee2eb31adbdd9ce2aa1543538490215?s=96&d=mm&r=g","url":"https:\/\/secure.gravatar.com\/avatar\/93713c30affe0aa95d3a4130e499bb1abee2eb31adbdd9ce2aa1543538490215?s=96&d=mm&r=g","contentUrl":"https:\/\/secure.gravatar.com\/avatar\/93713c30affe0aa95d3a4130e499bb1abee2eb31adbdd9ce2aa1543538490215?s=96&d=mm&r=g","caption":"georg.blenk@krafthand-medien.de"}}]}},"_links":{"self":[{"href":"https:\/\/www.krafthand.de\/truck\/wp-json\/wp\/v2\/posts\/41272","targetHints":{"allow":["GET"]}}],"collection":[{"href":"https:\/\/www.krafthand.de\/truck\/wp-json\/wp\/v2\/posts"}],"about":[{"href":"https:\/\/www.krafthand.de\/truck\/wp-json\/wp\/v2\/types\/post"}],"author":[{"embeddable":true,"href":"https:\/\/www.krafthand.de\/truck\/wp-json\/wp\/v2\/users\/9"}],"replies":[{"embeddable":true,"href":"https:\/\/www.krafthand.de\/truck\/wp-json\/wp\/v2\/comments?post=41272"}],"version-history":[{"count":5,"href":"https:\/\/www.krafthand.de\/truck\/wp-json\/wp\/v2\/posts\/41272\/revisions"}],"predecessor-version":[{"id":41279,"href":"https:\/\/www.krafthand.de\/truck\/wp-json\/wp\/v2\/posts\/41272\/revisions\/41279"}],"wp:featuredmedia":[{"embeddable":true,"href":"https:\/\/www.krafthand.de\/truck\/wp-json\/wp\/v2\/media\/41273"}],"wp:attachment":[{"href":"https:\/\/www.krafthand.de\/truck\/wp-json\/wp\/v2\/media?parent=41272"}],"wp:term":[{"taxonomy":"category","embeddable":true,"href":"https:\/\/www.krafthand.de\/truck\/wp-json\/wp\/v2\/categories?post=41272"},{"taxonomy":"post_tag","embeddable":true,"href":"https:\/\/www.krafthand.de\/truck\/wp-json\/wp\/v2\/tags?post=41272"},{"taxonomy":"settings","embeddable":true,"href":"https:\/\/www.krafthand.de\/truck\/wp-json\/wp\/v2\/settings?post=41272"}],"curies":[{"name":"wp","href":"https:\/\/api.w.org\/{rel}","templated":true}]}}