{"id":41248,"date":"2024-11-11T10:49:36","date_gmt":"2024-11-11T09:49:36","guid":{"rendered":"https:\/\/www.krafthand.de\/truck\/?p=41248"},"modified":"2024-11-11T10:56:54","modified_gmt":"2024-11-11T09:56:54","slug":"neben-der-werkstattdiagnose-treiben-wir-das-angebot-im-bereich-fern-diagnose-und-vorausschauende-wartung-weiter-voran","status":"publish","type":"post","link":"https:\/\/www.krafthand.de\/truck\/artikel\/neben-der-werkstattdiagnose-treiben-wir-das-angebot-im-bereich-fern-diagnose-und-vorausschauende-wartung-weiter-voran-41248\/","title":{"rendered":"\u201eNeben der Werkstattdiagnose treiben wir das Angebot im Bereich Fern-Diagnose und vorausschauende Wartung weiter voran.\u201c"},"content":{"rendered":"<figure id=\"attachment_41253\" aria-describedby=\"caption-attachment-41253\" style=\"width: 228px\" class=\"wp-caption alignright\"><a href=\"https:\/\/static.krafthand-truck.de\/uploads\/2024\/11\/Knorr_Bremse_Bernd_Spies.jpg\" target=\"_blank\" rel=\"noopener\"><img fetchpriority=\"high\" decoding=\"async\" class=\"wp-image-41253\" src=\"https:\/\/static.krafthand-truck.de\/uploads\/2024\/11\/Knorr_Bremse_Bernd_Spies-228x300.jpg\" alt=\"\" width=\"228\" height=\"300\" srcset=\"https:\/\/static.krafthand-truck.de\/uploads\/2024\/11\/Knorr_Bremse_Bernd_Spies-228x300.jpg 228w, https:\/\/static.krafthand-truck.de\/uploads\/2024\/11\/Knorr_Bremse_Bernd_Spies-779x1024.jpg 779w, https:\/\/static.krafthand-truck.de\/uploads\/2024\/11\/Knorr_Bremse_Bernd_Spies-768x1009.jpg 768w, https:\/\/static.krafthand-truck.de\/uploads\/2024\/11\/Knorr_Bremse_Bernd_Spies.jpg 800w\" sizes=\"(max-width: 228px) 100vw, 228px\" \/><\/a><figcaption id=\"caption-attachment-41253\" class=\"wp-caption-text\">Bernd Spies ist Mitglied des Vorstands der Knorr-Bremse AG und verantwortlich f\u00fcr die Division Systeme f\u00fcr Nutzfahrzeuge.<\/figcaption><\/figure>\n<p>Knorr-Bremse ist Weltmarktf\u00fchrer im Bereich Bremssysteme f\u00fcr Nutzfahrzeuge und ein f\u00fchrender Anbieter weiterer Systeme f\u00fcr Nutzfahrzeuge. Das Unternehmen mit Hauptsitz in M\u00fcnchen, beliefert zahlreiche namhafte OEM weltweit. Zum Portfolio geh\u00f6ren Brems- und Fahrerassistenzsysteme sowie technische L\u00f6sungen rund um den Antriebsstrang. Der Unternehmensbereich Knorr-Bremse Systeme f\u00fcr Nutzfahrzeuge ist mit Produktions-, Vertriebs- und Servicestandorten in \u00fcber 20 L\u00e4ndern vertreten. Die Konzernsparte erwirtschaftete 2023 einen Umsatz von rund 4,2 Milliarden Euro und besch\u00e4ftigt aktuell rund 15.000 Mitarbeiterinnen und Mitarbeiter. Der Nfz-Aftermarket spielt dabei eine zentrale Rolle.<br \/>\nWir haben mit Bernd Spies, Mitglied des Vorstands der Knorr-Bremse AG und verantwortlich f\u00fcr die <a href=\"https:\/\/truck.knorr-bremse.com\/de\/de\/\" target=\"_blank\" rel=\"noopener\">Division Systeme f\u00fcr Nutzfahrzeuge<\/a>, \u00fcber die Entwicklungen im Nutzfahrzeugbereich, den Aftermarket, die Dienstleistungen f\u00fcr Nfz-Werkst\u00e4tten sowie \u00fcber Pers\u00f6nliches gesprochen.<\/p>\n<p><strong>Sehr geehrter Herr Spies, k\u00fcrzlich fand die IAA Transportation in Hannover statt. Sie gilt als weltweite Leitmesse f\u00fcr die Nutzfahrzeugbranche. Auch Knorr-Bremse stellte aus. Was waren die thematischen Schwerpunkte, die Highlights?<\/strong><\/p>\n<figure id=\"attachment_41257\" aria-describedby=\"caption-attachment-41257\" style=\"width: 284px\" class=\"wp-caption alignleft\"><a href=\"https:\/\/static.krafthand-truck.de\/uploads\/2024\/11\/Knorr_Bremse_Scheibenbremse_Synact.jpg\" target=\"_blank\" rel=\"noopener\"><img decoding=\"async\" class=\"wp-image-41257 size-medium\" src=\"https:\/\/static.krafthand-truck.de\/uploads\/2024\/11\/Knorr_Bremse_Scheibenbremse_Synact-284x300.jpg\" alt=\"\" width=\"284\" height=\"300\" srcset=\"https:\/\/static.krafthand-truck.de\/uploads\/2024\/11\/Knorr_Bremse_Scheibenbremse_Synact-284x300.jpg 284w, https:\/\/static.krafthand-truck.de\/uploads\/2024\/11\/Knorr_Bremse_Scheibenbremse_Synact-969x1024.jpg 969w, https:\/\/static.krafthand-truck.de\/uploads\/2024\/11\/Knorr_Bremse_Scheibenbremse_Synact-768x812.jpg 768w, https:\/\/static.krafthand-truck.de\/uploads\/2024\/11\/Knorr_Bremse_Scheibenbremse_Synact.jpg 1200w\" sizes=\"(max-width: 284px) 100vw, 284px\" \/><\/a><figcaption id=\"caption-attachment-41257\" class=\"wp-caption-text\">Scheibenbremse SYNACT mit Active-Caliper-Release (ACR).<\/figcaption><\/figure>\n<p>Ein thematischer Schwerpunkt im Bereich Bremstechnologie war die Scheibenbremsenfamilie SYNACT, die eine neue Dimension bei Leistung, Gewicht und Effizienz erreicht. Das Active-Caliper-Release (ACR) dient zur Verringerung des Restschleifmoments und sorgt so f\u00fcr eine Kraftstoffeinsparung. Unsere Bremssteuerung Global Scalable Brake Control stellt die Schnittstelle zu modernen ADAS-Systemen und die Redundanz f\u00fcr hochautomatisiertes Fahren dar. Das elektromechanische Bremssystem, das als Innovationsthema vorgestellt wurde, kann Vorteile bez\u00fcglich Bauraum, Ger\u00e4uschentwicklung und Regelgenauigkeit bieten.<br \/>\nBei den Lenksystemen standen die vollelektrische Lenkung EPS und die elektrohydraulische AHPS im Fokus. Die EPS reduziert mit ihrem Power-on-Demand-Prinzip den Energie- beziehungsweise den Kraftstoffverbrauch der Fahrzeuge und schafft die Voraussetzungen f\u00fcr Steer-by-Wire. Highlights im Bereich Air-Supply waren das Luftaufbereitungssystem GSAT und der Fl\u00fcgelzellenkompressor. Wir haben aber auch die \u00f6lfreie Kompressor-Technologie im Blick. Dar\u00fcber hinaus kombiniert unser intelligentes elektronisches Trailer-Bremssystem iTEBS X als globale Plattform die elektronische Steuerungseinheit, Sensortechnologie und pneumatische Bremssteuerung sowie Bremsfunktionen wie ABS und lastabh\u00e4ngiges Bremsen in einer kompakten Baugruppe. Auch das war ein Thema auf der IAA Transportation.<\/p>\n<p><strong>Wie f\u00e4llt Ihr pers\u00f6nliches Res\u00fcmee zur Messe aus?<\/strong><\/p>\n<p>Die IAA Transportation war f\u00fcr uns ein gro\u00dfer Erfolg. Insgesamt konnten wir eine dreistellige Zahl an Kundengespr\u00e4chen verzeichnen. Wir haben sehr positives Feedback zu unseren Innovationen, aber auch zu unserem nachhaltigen Standkonzept erhalten. In diesem Jahr haben wir auf hochwertige Container gesetzt, die weiterverwendet werden k\u00f6nnen, und halten so den Materialeinsatz gering. Unsere Messeinhalte bringen wir derzeit mittels einer nachgelagerten Truck Roadshow direkt zu unseren Kunden und setzen die Gespr\u00e4che unmittelbar fort.<\/p>\n<p><strong>Der Nutzfahrzeugmarkt entwickelt sich hochdynamisch. Es geht um alternative Antriebe, um ADAS, um die Digitalisierung bis hin zum softwarebasierten Truck. Wie ist Knorr-Bremse aufgestellt?<\/strong><\/p>\n<figure id=\"attachment_41259\" aria-describedby=\"caption-attachment-41259\" style=\"width: 300px\" class=\"wp-caption alignright\"><a href=\"https:\/\/static.krafthand-truck.de\/uploads\/2024\/11\/Knorr_Bremse_Trailer_Bremssystem_iTEBS_X.jpg\" target=\"_blank\" rel=\"noopener\"><img decoding=\"async\" class=\"wp-image-41259 size-medium\" src=\"https:\/\/static.krafthand-truck.de\/uploads\/2024\/11\/Knorr_Bremse_Trailer_Bremssystem_iTEBS_X-300x282.jpg\" alt=\"\" width=\"300\" height=\"282\" srcset=\"https:\/\/static.krafthand-truck.de\/uploads\/2024\/11\/Knorr_Bremse_Trailer_Bremssystem_iTEBS_X-300x282.jpg 300w, https:\/\/static.krafthand-truck.de\/uploads\/2024\/11\/Knorr_Bremse_Trailer_Bremssystem_iTEBS_X-1024x963.jpg 1024w, https:\/\/static.krafthand-truck.de\/uploads\/2024\/11\/Knorr_Bremse_Trailer_Bremssystem_iTEBS_X-768x722.jpg 768w, https:\/\/static.krafthand-truck.de\/uploads\/2024\/11\/Knorr_Bremse_Trailer_Bremssystem_iTEBS_X.jpg 1200w\" sizes=\"(max-width: 300px) 100vw, 300px\" \/><\/a><figcaption id=\"caption-attachment-41259\" class=\"wp-caption-text\">Das intelligente elektronische Trailer-Bremssystem iTEBS X.<\/figcaption><\/figure>\n<p>Wir sind ein pr\u00e4ferierter Partner bei der Umsetzung der EU-Richtlinie GSR II zum Beispiel mit dem Blind Spot Information System und dem Moving Off Information System, das vor der m\u00f6glichen Kollision mit Fu\u00dfg\u00e4ngern und Radfahrern beim Anfahren warnt. Mit Knorr-Bremse ADAS Fusion Front haben wir ein neues ADAS-System pr\u00e4sentiert, das mit der Fusion von Frontkamera und -radar Informationen komplexer Verkehrssituationen und relevanter Objekte detektiert. Es beinhaltet unter anderem den Fu\u00dfg\u00e4nger detektierenden Notbremsassistenten sowie den Spurhalteassistenten und bildet auch die gesetzlich vorgeschriebenen Funktionen des Notbremsassistenten und des Spurhaltewarnsystems ab. Ein entscheidender Vorteil unseres Notbremsassistenten sind dabei die verbesserten Detektionsraten bei vergleichsweise geringen Fehlwarnraten. In Kombination wird hierdurch die Fahrerakzeptanz erh\u00f6ht, das manuelle Abschalten verhindert und somit durchgehend f\u00fcr mehr Sicherheit gesorgt.<br \/>\nMit Blick auf das hochautomatisierte Fahren entwickeln wir unsere Redundanzl\u00f6sungen konsequent zur Marktreife weiter. Wir besitzen das n\u00f6tige Know-how und die F\u00e4higkeiten, um Redundanzsysteme f\u00fcr Bremse, Lenkung und Energieversorgung zu realisieren und unsere Kunden damit f\u00fcr SAE-Level 4 zu bef\u00e4higen. Bereits heute k\u00f6nnen wir bei Lkw der SAE-Level 2 bis 4 f\u00fcr hohe Systemverf\u00fcgbarkeit und Sicherheit im Fahrbetrieb sorgen.<\/p>\n<blockquote><p>\u201eWir bieten OEMs und Flottenbetreibern neue, digital optimierte Produkte und Dienstleistungen sowie innovative Gesch\u00e4ftsmodelle.\u201c<\/p><\/blockquote>\n<p>Im Digitalisierungsbereich bieten wir OEMs und Flottenbetreibern neue beziehungsweise digital optimierte Produkte und Dienstleistungen sowie innovative Gesch\u00e4ftsmodelle. Zu den Neuheiten z\u00e4hlt Knorr-Bremse Diagnostics. Die L\u00f6sung basiert auf der Benutzeroberfl\u00e4che und dem Workflow-Konzept der von Cojali entwickelten Mehrmarken-Nutzfahrzeug-Diagnosesoftware Jaltest. Sie bietet exklusiven Zugang zu Diagnosefunktionen und technischen Dokumentationen f\u00fcr Knorr-Bremse-Produkte. Neben der Werkstattdiagnose treiben wir das Angebot im Bereich Fern-Diagnose und vorausschauende Wartung in Zusammenarbeit mit Cojali voran.<\/p>\n<p>&nbsp;<\/p>\n<figure id=\"attachment_41261\" aria-describedby=\"caption-attachment-41261\" style=\"width: 800px\" class=\"wp-caption aligncenter\"><img loading=\"lazy\" decoding=\"async\" class=\"wp-image-41261\" src=\"https:\/\/static.krafthand-truck.de\/uploads\/2024\/11\/Knorr_Bremse_Cojali_Jaltest_Diagnosetester_Lkw-300x148.jpg\" alt=\"\" width=\"800\" height=\"394\" srcset=\"https:\/\/static.krafthand-truck.de\/uploads\/2024\/11\/Knorr_Bremse_Cojali_Jaltest_Diagnosetester_Lkw-300x148.jpg 300w, https:\/\/static.krafthand-truck.de\/uploads\/2024\/11\/Knorr_Bremse_Cojali_Jaltest_Diagnosetester_Lkw-1024x504.jpg 1024w, https:\/\/static.krafthand-truck.de\/uploads\/2024\/11\/Knorr_Bremse_Cojali_Jaltest_Diagnosetester_Lkw-768x378.jpg 768w, https:\/\/static.krafthand-truck.de\/uploads\/2024\/11\/Knorr_Bremse_Cojali_Jaltest_Diagnosetester_Lkw.jpg 1200w\" sizes=\"(max-width: 800px) 100vw, 800px\" \/><figcaption id=\"caption-attachment-41261\" class=\"wp-caption-text\">Knorr-Bremse Diagnostics basiert auf der Benutzeroberfl\u00e4che und dem Workflow-Konzept der von Cojali entwickelten Diagnosesoftware Jaltest.<\/figcaption><\/figure>\n<p><strong>Es wird in der Branche viel \u00fcber die Lade- und Wasserstoff-Infrastruktur sowie \u00fcber Kaufanreize gesprochen, um die CO2-Flottengrenzwerte der EU f\u00fcr schwere Nfz bis 2040 (- 90 Prozent f\u00fcr neu zugelassene Fahrzeuge) zu erreichen. Immerhin muss bis 2030 (gegen\u00fcber 2020) eine Reduktion um 45 Prozent realisiert werden. Wie kann man das schaffen?<\/strong><\/p>\n<p>Wir unterst\u00fctzen die OEMs bei der technologieoffenen Entwicklung maximal effizienter und emissionsreduzierter Nutzfahrzeuge mit unserem gesamten Produktportfolio. Zero Emission kann \u00fcber mehrere Wege erreicht werden: durch elektrische Antriebe mit Batterien oder mit Brennstoffzellen, oder auch durch einen Verbrennungsmotor, der mit alternativen Kraftstoffen funktioniert. Alle Konzepte verlangen erhebliche Eingriffe in die Infrastruktur, die Betankungssysteme, die Art, wie wir Trucks auf Rastst\u00e4tten versorgen, damit gen\u00fcgend Zeit f\u00fcr Nachf\u00fcllen, Nachtanken oder Nachladen bleibt. Hier w\u00fcnsche ich mir einen wesentlich engeren Schulterschluss zwischen Gesetzgebung und Industrie, um schneller konkrete Anforderungen mit Blick auf die Technologien von morgen festzulegen.<\/p>\n<blockquote><p>\u201eIch w\u00fcnsche mir einen wesentlich engeren Schulterschluss zwischen Gesetzgebung und Industrie, um schneller konkrete Anforderungen mit Blick auf die Technologien von morgen festzulegen.\u201c<\/p><\/blockquote>\n<div class=\"infobox box-grey\"><\/p>\n<h3>Bernd Spies &#8211; Zur Person<\/h3>\n<p>Bernd Spies ist seit M\u00e4rz 2022 Mitglied des Vorstands der Knorr-Bremse AG und verantwortlich f\u00fcr die Division Systeme f\u00fcr Nutzfahrzeuge. Zuvor war Spies seit 2013 Mitglied der Gesch\u00e4ftsf\u00fchrung und seit 2014 Vorsitzender der Gesch\u00e4ftsf\u00fchrung der Knorr-Bremse Systeme f\u00fcr Nutzfahrzeuge GmbH. Davor hatte Bernd Spies f\u00fchrende Positionen bei Hella und der Robert Bosch GmbH inne.<br \/>\n<\/div>\n<p>&nbsp;<\/p>\n<p><strong>Auch der Nachwuchskr\u00e4fte- beziehungsweise Personalmangel (Mechatroniker(innen), Lkw-Fahrer(innen)) war auf der IAA und der Automechanika ein gro\u00dfes Thema. Die Technik entwickelt sich rasant, der Personalmarkt h\u00e4ngt hinterher. Woran liegt es und wie l\u00e4sst sich aktiv gegensteuern?<\/strong><\/p>\n<figure id=\"attachment_41263\" aria-describedby=\"caption-attachment-41263\" style=\"width: 300px\" class=\"wp-caption alignleft\"><a href=\"https:\/\/static.krafthand-truck.de\/uploads\/2024\/11\/Knorr_Bremse_Lkw_Werkstatt_Personal.jpg\" target=\"_blank\" rel=\"noopener\"><img loading=\"lazy\" decoding=\"async\" class=\"wp-image-41263 size-medium\" src=\"https:\/\/static.krafthand-truck.de\/uploads\/2024\/11\/Knorr_Bremse_Lkw_Werkstatt_Personal-300x282.jpg\" alt=\"\" width=\"300\" height=\"282\" srcset=\"https:\/\/static.krafthand-truck.de\/uploads\/2024\/11\/Knorr_Bremse_Lkw_Werkstatt_Personal-300x282.jpg 300w, https:\/\/static.krafthand-truck.de\/uploads\/2024\/11\/Knorr_Bremse_Lkw_Werkstatt_Personal-1024x961.jpg 1024w, https:\/\/static.krafthand-truck.de\/uploads\/2024\/11\/Knorr_Bremse_Lkw_Werkstatt_Personal-768x721.jpg 768w, https:\/\/static.krafthand-truck.de\/uploads\/2024\/11\/Knorr_Bremse_Lkw_Werkstatt_Personal.jpg 1200w\" sizes=\"(max-width: 300px) 100vw, 300px\" \/><\/a><figcaption id=\"caption-attachment-41263\" class=\"wp-caption-text\">Erfahrungsaustausch und Nachwuchsf\u00f6rderung: Knorr-Bremse ist beispielsweise aktives Mitglied bei Talents4AA, einem Verein zur Talentf\u00f6rderung im Aftermarket.<\/figcaption><\/figure>\n<p>Talent-Shortage ist f\u00fcr uns auch ein sehr wichtiges Thema. Hier verfolgen wir unterschiedliche Ans\u00e4tze, um gegenzusteuern. Im Bereich Werkst\u00e4tten versuchen wir zum Beispiel die Einstiegsh\u00fcrde f\u00fcr die Verwendung der Werkstatt-Tools zu reduzieren, gerade was die Nutzerf\u00fchrung betrifft. Ferner sind wir aktives Mitglied bei Talents4AA, einem Verein zur Talentf\u00f6rderung im Aftermarket. Hinsichtlich des Fahrermangels l\u00e4sst sich erg\u00e4nzen, dass automatisierte Abl\u00e4ufe entlang der Lieferkette Fahrer entlasten und dazu beitragen k\u00f6nnen, das T\u00e4tigkeitsfeld angenehmer und noch attraktiver zu gestalten.<\/p>\n<p><strong>Mit der Marke \u201aTruckServices\u2018 adressiert Knorr-Bremse den Nfz-Aftermarket, also die Werkst\u00e4tten, den Teilehandel und die Flottenbetreiber. Auf den Internetseiten ist von einer deutlichen Erweiterung des Portfolios die Rede. Was ist neu?<\/strong><\/p>\n<p>Wir erweitern unser Portfolio kontinuierlich gem\u00e4\u00df der technologischen Weiterentwicklung unserer Kernprodukte. Knorr-Bremse TruckServices arbeitet getreu unseres neuen Mottos \u201eFuture Ready Aftermarket. Products &amp; Services for today. Solutions for tomorrow.\u201c mit unterschiedlichen Initiativen als Partner und Vermittler in der gesamten Wertsch\u00f6pfungskette an seinem holistischen Ecosystem. Ein Beispiel ist das neue Werkstatt-Buchungssystem PleaseFix, das Flotten- und Werkstattkunden bei der Planung, Buchung und Verfolgung von Reparaturen und Wartungsvorg\u00e4ngen unterst\u00fctzt. Neu ist auch ein Werkstatt-Benchmarkingsystem in Kooperation mit dem Unternehmen WESP, das Nfz-Werkst\u00e4tten erm\u00f6glicht Umsatz- und Prozesseffizienzsteigerungs-Potentiale zu identifizieren. Wir haben ferner ein \u00fcberarbeitetes H\u00e4ndler- und Werkstattkonzept, einen europaweiten Reparatur-Service f\u00fcr elektronische Steuerger\u00e4te mit dem ESB REMAN-Programm sowie smarte Servicekonzepte f\u00fcr das iTEBS X, das Global Scalable Air Treatment und den Fl\u00fcgelzellenkompressor vorgestellt. Neu ist auch unser Active-Pad-Release-System (APR), eine Retrofit-L\u00f6sung f\u00fcr pneumatische Scheibenbremsen von Knorr-Bremse, dass die Bremsbel\u00e4ge schneller von der Bremsscheibe l\u00f6st und so f\u00fcr geringere Kraftstoffkosten und eine CO2-Reduzierung sorgt.<\/p>\n<p><strong>Sie haben sich zum Ziel gesetzt am Markt das beste Altteileprogramm (aufbereitete Teile) anzubieten. Sie m\u00f6chten in dem Bereich weiter wachsen?<\/strong><\/p>\n<p>Ja, wir wollen das Remanufacturing-Portfolio kontinuierlich ausbauen \u2013 mit einer klaren Roadmap f\u00fcr den Independent-Aftermarket und entwickeln gleichzeitig neue f\u00fcr die Kreislaufwirtschaft optimierte Produkte. Mit EconX haben wir eine Marke f\u00fcr industriell aufgearbeitete Produkte geschaffen, mit denen auch \u00e4ltere Nutzfahrzeuge sicher und effizient auf der Stra\u00dfe bleiben.<\/p>\n<figure id=\"attachment_41264\" aria-describedby=\"caption-attachment-41264\" style=\"width: 255px\" class=\"wp-caption alignright\"><a href=\"https:\/\/static.krafthand-truck.de\/uploads\/2024\/11\/Knorr_Bremse_Spezialwerkzeug_Gedore_Trailerbremse_Nextt.jpg\" target=\"_blank\" rel=\"noopener\"><img loading=\"lazy\" decoding=\"async\" class=\"wp-image-41264 size-medium\" src=\"https:\/\/static.krafthand-truck.de\/uploads\/2024\/11\/Knorr_Bremse_Spezialwerkzeug_Gedore_Trailerbremse_Nextt-255x300.jpg\" alt=\"\" width=\"255\" height=\"300\" srcset=\"https:\/\/static.krafthand-truck.de\/uploads\/2024\/11\/Knorr_Bremse_Spezialwerkzeug_Gedore_Trailerbremse_Nextt-255x300.jpg 255w, https:\/\/static.krafthand-truck.de\/uploads\/2024\/11\/Knorr_Bremse_Spezialwerkzeug_Gedore_Trailerbremse_Nextt.jpg 608w\" sizes=\"(max-width: 255px) 100vw, 255px\" \/><\/a><figcaption id=\"caption-attachment-41264\" class=\"wp-caption-text\">Was Spezialwerkzeuge angeht, arbeitet Knorr-Bremse mit renommierten Herstellern von Spezialwerkzeugen zusammen. Im Bild ist ein Werkzeugkoffer f\u00fcr die Wartung und Reparatur der neuen Trailerbremse NexTT zu sehen.<\/figcaption><\/figure>\n<p><strong>Knorr-Bremse TruckServices bietet auch zahlreiche Spezialwerkzeuge an. Woher kommen die Impulse und wer setzt die Werkzeuge um?<\/strong><\/p>\n<p>Wir bieten zahlreiche Spezial- und Hilfswerkzeuge zur schnellen und sicheren Reparatur beziehungsweise Wartung an. So wird sichergestellt, dass jedes Nutzfahrzeug so schnell wie die m\u00f6glich und in einwandfreiem Zustand wieder einsatzbereit ist. Denn in den Werkst\u00e4tten spielt das richtige Arbeitsger\u00e4t eine zentrale Rolle. Diese Spezialwerkzeuge werden in enger Kooperation mit renommierten Herstellern von Spezialwerkzeugen entwickelt. Erg\u00e4nzt wird das Sortiment um Hilfswerkzeuge, die den Arbeitsalltag einfacher gestalten.<\/p>\n<p><strong>Herr Spies, am Ende (in der Rubrik \u201aK\u00f6pfe\u2018 ist es bereits sch\u00f6ne Tradition), noch zwei pers\u00f6nliche Fragen: \u00dcber was haben Sie sich k\u00fcrzlich am meisten ge\u00e4rgert, \u00fcber was haben Sie sich am meisten gefreut?<\/strong><\/p>\n<p>So leicht bringt mich nichts aus der Ruhe. Sehr gefreut habe ich mich \u00fcber das riesige Besucheraufkommen an unseren IAA- und Automechanika-Messest\u00e4nden und das positive Kundenfeedback zu unseren Auftritten, Produkt-Pr\u00e4sentationen und Zukunftsvisionen. Das ist ein sch\u00f6ner Lohn f\u00fcr unsere Arbeit.<\/p>\n<p><i>Den Beitrag finden Sie auch in der Print-Ausgabe 4-2024 der <a href=\"https:\/\/www.krafthand.de\/truck\/magazin\/\" title=\"Zum Magazin\">Krafthand-Truck<\/a>.<\/i><\/p>\r\n\t\t\t\t<div class=\"post-author\">\r\n\t\t\t\t\t<div class=\"khm-cp-author clearfix\">\r\n\t\t\t\t\t\t<div class=\"khm-cp-author__content\">\r\n\t\t\t\t\t\t\t\tKontakt zum Autor:<br \/>\r\n\t\t\t\t\t\t\t\t<strong>Georg Blenk<\/strong>, 08247 \/ 3007-45 |  <a href=\"mailto:georg.blenk@krafthand-medien.de\">georg.blenk@krafthand-medien.de<\/a>\r\n\t\t\t\t\t\t\t<div class=\"khm-cp-author__image\">\r\n\t\t\t\t\t\t<img src=\"https:\/\/static.krafthand-truck.de\/uploads\/2021\/01\/Blenk_6104-250x300-1-removebg-preview.png\" class=\"img-responsive\">\r\n\t\t\t\t\t<\/div>\r\n\t\t\t\t\t\t<\/div>\r\n\t\t\t\t\t<\/div>\r\n\t\t\t\t<\/div>\r\n\t\t\t\t","protected":false},"excerpt":{"rendered":"<p>Knorr-Bremse ist Weltmarktf\u00fchrer im Bereich Bremssysteme f\u00fcr Nutzfahrzeuge und ein f\u00fchrender Anbieter weiterer Systeme f\u00fcr Nfz. Wir haben mit Bernd Spies, Mitglied des Vorstands der Knorr-Bremse AG und verantwortlich f\u00fcr die Division Systeme f\u00fcr Nutzfahrzeuge, \u00fcber die Entwicklungen im Nutzfahrzeugbereich, den Aftermarket, die Dienstleistungen f\u00fcr Nfz-Werkst\u00e4tten sowie \u00fcber Pers\u00f6nliches gesprochen. <span class=\"excerpt-more__dots\">&#8230;<\/span> <a class=\"excerpt-more__link\" href=\"https:\/\/www.krafthand.de\/truck\/artikel\/neben-der-werkstattdiagnose-treiben-wir-das-angebot-im-bereich-fern-diagnose-und-vorausschauende-wartung-weiter-voran-41248\/\" >weiter<\/a><\/p>\n","protected":false},"author":9,"featured_media":41251,"comment_status":"closed","ping_status":"closed","sticky":false,"template":"","format":"standard","meta":{"footnotes":""},"categories":[4238,4235],"tags":[4769,4865,227,4782,4364,186],"settings":[3524,4766,3523],"class_list":["post-41248","post","type-post","status-publish","format-standard","has-post-thumbnail","hentry","category-koepfe","category-unternehmen","tag-adas","tag-bernd-spies","tag-bremse","tag-cojali","tag-jaltest","tag-knorr-bremse"],"yoast_head":"<!-- This site is optimized with the Yoast SEO plugin v27.3 - https:\/\/yoast.com\/product\/yoast-seo-wordpress\/ -->\n<title>Im Gespr\u00e4ch mit Bernd Spies I Knorr-Bremse<\/title>\n<meta name=\"description\" content=\"Krafthand-Truck im Gespr\u00e4ch mit Bernd Spies, Mitglied des Vorstands der Knorr-Bremse AG und verantwortlich f\u00fcr die Division Systeme f\u00fcr Nutzfahrzeuge.\" \/>\n<meta name=\"robots\" content=\"index, follow, max-snippet:-1, max-image-preview:large, max-video-preview:-1\" \/>\n<link rel=\"canonical\" href=\"https:\/\/www.krafthand.de\/truck\/artikel\/neben-der-werkstattdiagnose-treiben-wir-das-angebot-im-bereich-fern-diagnose-und-vorausschauende-wartung-weiter-voran-41248\/\" \/>\n<meta property=\"og:locale\" content=\"de_DE\" \/>\n<meta property=\"og:type\" content=\"article\" \/>\n<meta property=\"og:title\" content=\"Im Gespr\u00e4ch mit Bernd Spies I Knorr-Bremse\" \/>\n<meta property=\"og:description\" content=\"Krafthand-Truck im Gespr\u00e4ch mit Bernd Spies, Mitglied des Vorstands der Knorr-Bremse AG und verantwortlich f\u00fcr die Division Systeme f\u00fcr Nutzfahrzeuge.\" \/>\n<meta property=\"og:url\" content=\"https:\/\/www.krafthand-truck.de\/artikel\/neben-der-werkstattdiagnose-treiben-wir-das-angebot-im-bereich-fern-diagnose-und-vorausschauende-wartung-weiter-voran-41248\/\" \/>\n<meta property=\"og:site_name\" content=\"Krafthand-Truck\" \/>\n<meta property=\"article:published_time\" content=\"2024-11-11T09:49:36+00:00\" \/>\n<meta property=\"article:modified_time\" content=\"2024-11-11T09:56:54+00:00\" \/>\n<meta property=\"og:image\" content=\"https:\/\/static.krafthand-truck.de\/uploads\/2024\/11\/Knorr_Bremse_Messestand_IAA_Transportation_2024_Bernd_Spies.jpg\" \/>\n\t<meta property=\"og:image:width\" content=\"1200\" \/>\n\t<meta property=\"og:image:height\" content=\"557\" \/>\n\t<meta property=\"og:image:type\" content=\"image\/jpeg\" \/>\n<meta name=\"author\" content=\"georg.blenk@krafthand-medien.de\" \/>\n<meta name=\"twitter:card\" content=\"summary_large_image\" \/>\n<meta name=\"twitter:label1\" content=\"Verfasst von\" \/>\n\t<meta name=\"twitter:data1\" content=\"georg.blenk@krafthand-medien.de\" \/>\n\t<meta name=\"twitter:label2\" content=\"Gesch\u00e4tzte Lesezeit\" \/>\n\t<meta name=\"twitter:data2\" content=\"10\u00a0Minuten\" \/>\n<script type=\"application\/ld+json\" class=\"yoast-schema-graph\">{\"@context\":\"https:\\\/\\\/schema.org\",\"@graph\":[{\"@type\":\"Article\",\"@id\":\"https:\\\/\\\/www.krafthand.de\\\/truck\\\/artikel\\\/neben-der-werkstattdiagnose-treiben-wir-das-angebot-im-bereich-fern-diagnose-und-vorausschauende-wartung-weiter-voran-41248\\\/#article\",\"isPartOf\":{\"@id\":\"https:\\\/\\\/www.krafthand.de\\\/truck\\\/artikel\\\/neben-der-werkstattdiagnose-treiben-wir-das-angebot-im-bereich-fern-diagnose-und-vorausschauende-wartung-weiter-voran-41248\\\/\"},\"author\":{\"name\":\"georg.blenk@krafthand-medien.de\",\"@id\":\"https:\\\/\\\/www.krafthand.de\\\/truck\\\/#\\\/schema\\\/person\\\/51fa80b1c57034c4bf63f9f988fc24ce\"},\"headline\":\"\u201eNeben der Werkstattdiagnose treiben wir das Angebot im Bereich Fern-Diagnose und vorausschauende Wartung weiter voran.\u201c\",\"datePublished\":\"2024-11-11T09:49:36+00:00\",\"dateModified\":\"2024-11-11T09:56:54+00:00\",\"mainEntityOfPage\":{\"@id\":\"https:\\\/\\\/www.krafthand.de\\\/truck\\\/artikel\\\/neben-der-werkstattdiagnose-treiben-wir-das-angebot-im-bereich-fern-diagnose-und-vorausschauende-wartung-weiter-voran-41248\\\/\"},\"wordCount\":1686,\"image\":{\"@id\":\"https:\\\/\\\/www.krafthand.de\\\/truck\\\/artikel\\\/neben-der-werkstattdiagnose-treiben-wir-das-angebot-im-bereich-fern-diagnose-und-vorausschauende-wartung-weiter-voran-41248\\\/#primaryimage\"},\"thumbnailUrl\":\"https:\\\/\\\/static.krafthand-truck.de\\\/uploads\\\/2024\\\/11\\\/Knorr_Bremse_Messestand_IAA_Transportation_2024_Bernd_Spies.jpg\",\"keywords\":[\"ADAS\",\"Bernd Spies\",\"Bremse\",\"Cojali\",\"Jaltest\",\"Knorr-Bremse\"],\"articleSection\":[\"K\u00f6pfe\\\/Personen\",\"Unternehmen\"],\"inLanguage\":\"de\"},{\"@type\":\"WebPage\",\"@id\":\"https:\\\/\\\/www.krafthand.de\\\/truck\\\/artikel\\\/neben-der-werkstattdiagnose-treiben-wir-das-angebot-im-bereich-fern-diagnose-und-vorausschauende-wartung-weiter-voran-41248\\\/\",\"url\":\"https:\\\/\\\/www.krafthand.de\\\/truck\\\/artikel\\\/neben-der-werkstattdiagnose-treiben-wir-das-angebot-im-bereich-fern-diagnose-und-vorausschauende-wartung-weiter-voran-41248\\\/\",\"name\":\"Im Gespr\u00e4ch mit Bernd Spies I Knorr-Bremse\",\"isPartOf\":{\"@id\":\"https:\\\/\\\/www.krafthand.de\\\/truck\\\/#website\"},\"primaryImageOfPage\":{\"@id\":\"https:\\\/\\\/www.krafthand.de\\\/truck\\\/artikel\\\/neben-der-werkstattdiagnose-treiben-wir-das-angebot-im-bereich-fern-diagnose-und-vorausschauende-wartung-weiter-voran-41248\\\/#primaryimage\"},\"image\":{\"@id\":\"https:\\\/\\\/www.krafthand.de\\\/truck\\\/artikel\\\/neben-der-werkstattdiagnose-treiben-wir-das-angebot-im-bereich-fern-diagnose-und-vorausschauende-wartung-weiter-voran-41248\\\/#primaryimage\"},\"thumbnailUrl\":\"https:\\\/\\\/static.krafthand-truck.de\\\/uploads\\\/2024\\\/11\\\/Knorr_Bremse_Messestand_IAA_Transportation_2024_Bernd_Spies.jpg\",\"datePublished\":\"2024-11-11T09:49:36+00:00\",\"dateModified\":\"2024-11-11T09:56:54+00:00\",\"author\":{\"@id\":\"https:\\\/\\\/www.krafthand.de\\\/truck\\\/#\\\/schema\\\/person\\\/51fa80b1c57034c4bf63f9f988fc24ce\"},\"description\":\"Krafthand-Truck im Gespr\u00e4ch mit Bernd Spies, Mitglied des Vorstands der Knorr-Bremse AG und verantwortlich f\u00fcr die Division Systeme f\u00fcr Nutzfahrzeuge.\",\"breadcrumb\":{\"@id\":\"https:\\\/\\\/www.krafthand.de\\\/truck\\\/artikel\\\/neben-der-werkstattdiagnose-treiben-wir-das-angebot-im-bereich-fern-diagnose-und-vorausschauende-wartung-weiter-voran-41248\\\/#breadcrumb\"},\"inLanguage\":\"de\",\"potentialAction\":[{\"@type\":\"ReadAction\",\"target\":[\"https:\\\/\\\/www.krafthand.de\\\/truck\\\/artikel\\\/neben-der-werkstattdiagnose-treiben-wir-das-angebot-im-bereich-fern-diagnose-und-vorausschauende-wartung-weiter-voran-41248\\\/\"]}]},{\"@type\":\"ImageObject\",\"inLanguage\":\"de\",\"@id\":\"https:\\\/\\\/www.krafthand.de\\\/truck\\\/artikel\\\/neben-der-werkstattdiagnose-treiben-wir-das-angebot-im-bereich-fern-diagnose-und-vorausschauende-wartung-weiter-voran-41248\\\/#primaryimage\",\"url\":\"https:\\\/\\\/static.krafthand-truck.de\\\/uploads\\\/2024\\\/11\\\/Knorr_Bremse_Messestand_IAA_Transportation_2024_Bernd_Spies.jpg\",\"contentUrl\":\"https:\\\/\\\/static.krafthand-truck.de\\\/uploads\\\/2024\\\/11\\\/Knorr_Bremse_Messestand_IAA_Transportation_2024_Bernd_Spies.jpg\",\"width\":1200,\"height\":557},{\"@type\":\"BreadcrumbList\",\"@id\":\"https:\\\/\\\/www.krafthand.de\\\/truck\\\/artikel\\\/neben-der-werkstattdiagnose-treiben-wir-das-angebot-im-bereich-fern-diagnose-und-vorausschauende-wartung-weiter-voran-41248\\\/#breadcrumb\",\"itemListElement\":[{\"@type\":\"ListItem\",\"position\":1,\"name\":\"Krafthand-Truck\",\"item\":\"https:\\\/\\\/www.krafthand.de\\\/truck\\\/\"},{\"@type\":\"ListItem\",\"position\":2,\"name\":\"Nfz-Branche\",\"item\":\"https:\\\/\\\/www.krafthand.de\\\/truck\\\/kategorie\\\/branche\\\/\"},{\"@type\":\"ListItem\",\"position\":3,\"name\":\"K\u00f6pfe\\\/Personen\",\"item\":\"https:\\\/\\\/www.krafthand.de\\\/truck\\\/kategorie\\\/branche\\\/koepfe\\\/\"},{\"@type\":\"ListItem\",\"position\":4,\"name\":\"\u201eNeben der Werkstattdiagnose treiben wir das Angebot im Bereich Fern-Diagnose und vorausschauende Wartung weiter voran.\u201c\"}]},{\"@type\":\"WebSite\",\"@id\":\"https:\\\/\\\/www.krafthand.de\\\/truck\\\/#website\",\"url\":\"https:\\\/\\\/www.krafthand.de\\\/truck\\\/\",\"name\":\"Krafthand-Truck\",\"description\":\"\",\"potentialAction\":[{\"@type\":\"SearchAction\",\"target\":{\"@type\":\"EntryPoint\",\"urlTemplate\":\"https:\\\/\\\/www.krafthand.de\\\/truck\\\/?s={search_term_string}\"},\"query-input\":{\"@type\":\"PropertyValueSpecification\",\"valueRequired\":true,\"valueName\":\"search_term_string\"}}],\"inLanguage\":\"de\"},{\"@type\":\"Person\",\"@id\":\"https:\\\/\\\/www.krafthand.de\\\/truck\\\/#\\\/schema\\\/person\\\/51fa80b1c57034c4bf63f9f988fc24ce\",\"name\":\"georg.blenk@krafthand-medien.de\",\"image\":{\"@type\":\"ImageObject\",\"inLanguage\":\"de\",\"@id\":\"https:\\\/\\\/secure.gravatar.com\\\/avatar\\\/93713c30affe0aa95d3a4130e499bb1abee2eb31adbdd9ce2aa1543538490215?s=96&d=mm&r=g\",\"url\":\"https:\\\/\\\/secure.gravatar.com\\\/avatar\\\/93713c30affe0aa95d3a4130e499bb1abee2eb31adbdd9ce2aa1543538490215?s=96&d=mm&r=g\",\"contentUrl\":\"https:\\\/\\\/secure.gravatar.com\\\/avatar\\\/93713c30affe0aa95d3a4130e499bb1abee2eb31adbdd9ce2aa1543538490215?s=96&d=mm&r=g\",\"caption\":\"georg.blenk@krafthand-medien.de\"}}]}<\/script>\n<!-- \/ Yoast SEO plugin. -->","yoast_head_json":{"title":"Im Gespr\u00e4ch mit Bernd Spies I Knorr-Bremse","description":"Krafthand-Truck im Gespr\u00e4ch mit Bernd Spies, Mitglied des Vorstands der Knorr-Bremse AG und verantwortlich f\u00fcr die Division Systeme f\u00fcr Nutzfahrzeuge.","robots":{"index":"index","follow":"follow","max-snippet":"max-snippet:-1","max-image-preview":"max-image-preview:large","max-video-preview":"max-video-preview:-1"},"canonical":"https:\/\/www.krafthand.de\/truck\/artikel\/neben-der-werkstattdiagnose-treiben-wir-das-angebot-im-bereich-fern-diagnose-und-vorausschauende-wartung-weiter-voran-41248\/","og_locale":"de_DE","og_type":"article","og_title":"Im Gespr\u00e4ch mit Bernd Spies I Knorr-Bremse","og_description":"Krafthand-Truck im Gespr\u00e4ch mit Bernd Spies, Mitglied des Vorstands der Knorr-Bremse AG und verantwortlich f\u00fcr die Division Systeme f\u00fcr Nutzfahrzeuge.","og_url":"https:\/\/www.krafthand-truck.de\/artikel\/neben-der-werkstattdiagnose-treiben-wir-das-angebot-im-bereich-fern-diagnose-und-vorausschauende-wartung-weiter-voran-41248\/","og_site_name":"Krafthand-Truck","article_published_time":"2024-11-11T09:49:36+00:00","article_modified_time":"2024-11-11T09:56:54+00:00","og_image":[{"width":1200,"height":557,"url":"https:\/\/static.krafthand-truck.de\/uploads\/2024\/11\/Knorr_Bremse_Messestand_IAA_Transportation_2024_Bernd_Spies.jpg","type":"image\/jpeg"}],"author":"georg.blenk@krafthand-medien.de","twitter_card":"summary_large_image","twitter_misc":{"Verfasst von":"georg.blenk@krafthand-medien.de","Gesch\u00e4tzte Lesezeit":"10\u00a0Minuten"},"schema":{"@context":"https:\/\/schema.org","@graph":[{"@type":"Article","@id":"https:\/\/www.krafthand.de\/truck\/artikel\/neben-der-werkstattdiagnose-treiben-wir-das-angebot-im-bereich-fern-diagnose-und-vorausschauende-wartung-weiter-voran-41248\/#article","isPartOf":{"@id":"https:\/\/www.krafthand.de\/truck\/artikel\/neben-der-werkstattdiagnose-treiben-wir-das-angebot-im-bereich-fern-diagnose-und-vorausschauende-wartung-weiter-voran-41248\/"},"author":{"name":"georg.blenk@krafthand-medien.de","@id":"https:\/\/www.krafthand.de\/truck\/#\/schema\/person\/51fa80b1c57034c4bf63f9f988fc24ce"},"headline":"\u201eNeben der Werkstattdiagnose treiben wir das Angebot im Bereich Fern-Diagnose und vorausschauende Wartung weiter voran.\u201c","datePublished":"2024-11-11T09:49:36+00:00","dateModified":"2024-11-11T09:56:54+00:00","mainEntityOfPage":{"@id":"https:\/\/www.krafthand.de\/truck\/artikel\/neben-der-werkstattdiagnose-treiben-wir-das-angebot-im-bereich-fern-diagnose-und-vorausschauende-wartung-weiter-voran-41248\/"},"wordCount":1686,"image":{"@id":"https:\/\/www.krafthand.de\/truck\/artikel\/neben-der-werkstattdiagnose-treiben-wir-das-angebot-im-bereich-fern-diagnose-und-vorausschauende-wartung-weiter-voran-41248\/#primaryimage"},"thumbnailUrl":"https:\/\/static.krafthand-truck.de\/uploads\/2024\/11\/Knorr_Bremse_Messestand_IAA_Transportation_2024_Bernd_Spies.jpg","keywords":["ADAS","Bernd Spies","Bremse","Cojali","Jaltest","Knorr-Bremse"],"articleSection":["K\u00f6pfe\/Personen","Unternehmen"],"inLanguage":"de"},{"@type":"WebPage","@id":"https:\/\/www.krafthand.de\/truck\/artikel\/neben-der-werkstattdiagnose-treiben-wir-das-angebot-im-bereich-fern-diagnose-und-vorausschauende-wartung-weiter-voran-41248\/","url":"https:\/\/www.krafthand.de\/truck\/artikel\/neben-der-werkstattdiagnose-treiben-wir-das-angebot-im-bereich-fern-diagnose-und-vorausschauende-wartung-weiter-voran-41248\/","name":"Im Gespr\u00e4ch mit Bernd Spies I Knorr-Bremse","isPartOf":{"@id":"https:\/\/www.krafthand.de\/truck\/#website"},"primaryImageOfPage":{"@id":"https:\/\/www.krafthand.de\/truck\/artikel\/neben-der-werkstattdiagnose-treiben-wir-das-angebot-im-bereich-fern-diagnose-und-vorausschauende-wartung-weiter-voran-41248\/#primaryimage"},"image":{"@id":"https:\/\/www.krafthand.de\/truck\/artikel\/neben-der-werkstattdiagnose-treiben-wir-das-angebot-im-bereich-fern-diagnose-und-vorausschauende-wartung-weiter-voran-41248\/#primaryimage"},"thumbnailUrl":"https:\/\/static.krafthand-truck.de\/uploads\/2024\/11\/Knorr_Bremse_Messestand_IAA_Transportation_2024_Bernd_Spies.jpg","datePublished":"2024-11-11T09:49:36+00:00","dateModified":"2024-11-11T09:56:54+00:00","author":{"@id":"https:\/\/www.krafthand.de\/truck\/#\/schema\/person\/51fa80b1c57034c4bf63f9f988fc24ce"},"description":"Krafthand-Truck im Gespr\u00e4ch mit Bernd Spies, Mitglied des Vorstands der Knorr-Bremse AG und verantwortlich f\u00fcr die Division Systeme f\u00fcr Nutzfahrzeuge.","breadcrumb":{"@id":"https:\/\/www.krafthand.de\/truck\/artikel\/neben-der-werkstattdiagnose-treiben-wir-das-angebot-im-bereich-fern-diagnose-und-vorausschauende-wartung-weiter-voran-41248\/#breadcrumb"},"inLanguage":"de","potentialAction":[{"@type":"ReadAction","target":["https:\/\/www.krafthand.de\/truck\/artikel\/neben-der-werkstattdiagnose-treiben-wir-das-angebot-im-bereich-fern-diagnose-und-vorausschauende-wartung-weiter-voran-41248\/"]}]},{"@type":"ImageObject","inLanguage":"de","@id":"https:\/\/www.krafthand.de\/truck\/artikel\/neben-der-werkstattdiagnose-treiben-wir-das-angebot-im-bereich-fern-diagnose-und-vorausschauende-wartung-weiter-voran-41248\/#primaryimage","url":"https:\/\/static.krafthand-truck.de\/uploads\/2024\/11\/Knorr_Bremse_Messestand_IAA_Transportation_2024_Bernd_Spies.jpg","contentUrl":"https:\/\/static.krafthand-truck.de\/uploads\/2024\/11\/Knorr_Bremse_Messestand_IAA_Transportation_2024_Bernd_Spies.jpg","width":1200,"height":557},{"@type":"BreadcrumbList","@id":"https:\/\/www.krafthand.de\/truck\/artikel\/neben-der-werkstattdiagnose-treiben-wir-das-angebot-im-bereich-fern-diagnose-und-vorausschauende-wartung-weiter-voran-41248\/#breadcrumb","itemListElement":[{"@type":"ListItem","position":1,"name":"Krafthand-Truck","item":"https:\/\/www.krafthand.de\/truck\/"},{"@type":"ListItem","position":2,"name":"Nfz-Branche","item":"https:\/\/www.krafthand.de\/truck\/kategorie\/branche\/"},{"@type":"ListItem","position":3,"name":"K\u00f6pfe\/Personen","item":"https:\/\/www.krafthand.de\/truck\/kategorie\/branche\/koepfe\/"},{"@type":"ListItem","position":4,"name":"\u201eNeben der Werkstattdiagnose treiben wir das Angebot im Bereich Fern-Diagnose und vorausschauende Wartung weiter voran.\u201c"}]},{"@type":"WebSite","@id":"https:\/\/www.krafthand.de\/truck\/#website","url":"https:\/\/www.krafthand.de\/truck\/","name":"Krafthand-Truck","description":"","potentialAction":[{"@type":"SearchAction","target":{"@type":"EntryPoint","urlTemplate":"https:\/\/www.krafthand.de\/truck\/?s={search_term_string}"},"query-input":{"@type":"PropertyValueSpecification","valueRequired":true,"valueName":"search_term_string"}}],"inLanguage":"de"},{"@type":"Person","@id":"https:\/\/www.krafthand.de\/truck\/#\/schema\/person\/51fa80b1c57034c4bf63f9f988fc24ce","name":"georg.blenk@krafthand-medien.de","image":{"@type":"ImageObject","inLanguage":"de","@id":"https:\/\/secure.gravatar.com\/avatar\/93713c30affe0aa95d3a4130e499bb1abee2eb31adbdd9ce2aa1543538490215?s=96&d=mm&r=g","url":"https:\/\/secure.gravatar.com\/avatar\/93713c30affe0aa95d3a4130e499bb1abee2eb31adbdd9ce2aa1543538490215?s=96&d=mm&r=g","contentUrl":"https:\/\/secure.gravatar.com\/avatar\/93713c30affe0aa95d3a4130e499bb1abee2eb31adbdd9ce2aa1543538490215?s=96&d=mm&r=g","caption":"georg.blenk@krafthand-medien.de"}}]}},"_links":{"self":[{"href":"https:\/\/www.krafthand.de\/truck\/wp-json\/wp\/v2\/posts\/41248","targetHints":{"allow":["GET"]}}],"collection":[{"href":"https:\/\/www.krafthand.de\/truck\/wp-json\/wp\/v2\/posts"}],"about":[{"href":"https:\/\/www.krafthand.de\/truck\/wp-json\/wp\/v2\/types\/post"}],"author":[{"embeddable":true,"href":"https:\/\/www.krafthand.de\/truck\/wp-json\/wp\/v2\/users\/9"}],"replies":[{"embeddable":true,"href":"https:\/\/www.krafthand.de\/truck\/wp-json\/wp\/v2\/comments?post=41248"}],"version-history":[{"count":16,"href":"https:\/\/www.krafthand.de\/truck\/wp-json\/wp\/v2\/posts\/41248\/revisions"}],"predecessor-version":[{"id":41271,"href":"https:\/\/www.krafthand.de\/truck\/wp-json\/wp\/v2\/posts\/41248\/revisions\/41271"}],"wp:featuredmedia":[{"embeddable":true,"href":"https:\/\/www.krafthand.de\/truck\/wp-json\/wp\/v2\/media\/41251"}],"wp:attachment":[{"href":"https:\/\/www.krafthand.de\/truck\/wp-json\/wp\/v2\/media?parent=41248"}],"wp:term":[{"taxonomy":"category","embeddable":true,"href":"https:\/\/www.krafthand.de\/truck\/wp-json\/wp\/v2\/categories?post=41248"},{"taxonomy":"post_tag","embeddable":true,"href":"https:\/\/www.krafthand.de\/truck\/wp-json\/wp\/v2\/tags?post=41248"},{"taxonomy":"settings","embeddable":true,"href":"https:\/\/www.krafthand.de\/truck\/wp-json\/wp\/v2\/settings?post=41248"}],"curies":[{"name":"wp","href":"https:\/\/api.w.org\/{rel}","templated":true}]}}