{"id":41134,"date":"2024-10-30T11:17:34","date_gmt":"2024-10-30T10:17:34","guid":{"rendered":"https:\/\/www.krafthand.de\/truck\/?p=41134"},"modified":"2024-10-30T11:17:34","modified_gmt":"2024-10-30T10:17:34","slug":"modul-t-bremsen-von-haldex-jetzt-auch-fuer-lkw","status":"publish","type":"post","link":"https:\/\/www.krafthand.de\/truck\/artikel\/modul-t-bremsen-von-haldex-jetzt-auch-fuer-lkw-41134\/","title":{"rendered":"Modul-T-Bremsen von Haldex jetzt auch f\u00fcr Lkw"},"content":{"rendered":"<p>Haldex, ein Tochterunternehmen von SAF Holland und Hersteller von Bremsanlagen f\u00fcr Anh\u00e4nger, weitet sein Modul-T-Bremssystem auf den Lkw-Markt aus. Ein erster Kunde von Seiten der OEM sei bereits gewonnen worden. Dies ist laut Haldex ein wichtiger Schritt f\u00fcr die Modul-T-Technologie, die 2011 zun\u00e4chst f\u00fcr Anh\u00e4nger entwickelt wurde und mit ihrem Ein-St\u00f6\u00dfel-Design gro\u00dfe Vorteile in Bezug auf Gewichtsreduzierung und Kosteneffizienz bietet.<\/p>\n<h3>Adaptation auf Lkw<\/h3>\n<p>F\u00fcr die Ausweitung des ModulT-Systems auf Lkw waren einige Anpassungen erforderlich. \u201eDer Unterschied zwischen einem Anh\u00e4nger und einem Lkw liegt vor allem in der Einstellung\u201c, so Charlotte Wall, Vizepr\u00e4sidentin im Bereich Produktmanagement bei <a href=\"https:\/\/www.haldex.com\/de\/europe\/trailer-application-guide\/description\/\" target=\"_blank\" rel=\"noopener\">Haldex<\/a>. \u201eBeim Einsatz der Bremse an einem Lkw oder Bus ist das Bremsspektrum \u2013 die Anzahl der Anwendungen bei den verschiedenen Drehmomenten sowie Feststellbremsen \u2013 anders als bei einem Anh\u00e4nger. Daher brauchen wir bei der Lkw-Bremse einen Mechanismus, der ein komplexeres Bremsspektrum abdeckt. Dank des modularen Aufbaus k\u00f6nnen wir in allen Lkw-Bremsen die gleichen Einzelteile und die gleiche Gleitfunktion verwenden, w\u00e4hrend die Gussteile und Bremsbel\u00e4ge stets auf die Reifengr\u00f6\u00dfe abgestimmt sind.\u201c<\/p>\n<h3>Pr\u00e4senz bei Lkw- und Busbremsen weiter ausbauen<\/h3>\n<p>Zuk\u00fcnftig m\u00f6chte Haldex seine Pr\u00e4senz auf dem Markt f\u00fcr Lkw- und Busbremsen weiter ausbauen. Bei jeder neuen Anwendung ist jedoch eine gewisse Entwicklungsarbeit erforderlich \u2013 auch bei der Anpassung bestehender Bremssysteme. \u201eF\u00fcr diese Anpassungen und Freigaben muss immer eine gewisse Zeit eingeplant werden\u201c, sagt Wall. Dieses Verfahren ist sehr anspruchsvoll und umfasst sowohl gesetzlich vorgeschriebene Pr\u00fcfungen als auch kundenspezifische Testverfahren. Es kann Temperaturtests, Bruchtests, Lebensdauertests und praktische Tests umfassen, die oft zw\u00f6lf Monate bis zwei Jahre dauern k\u00f6nnten.<\/p>\n<p><i>Den Beitrag finden Sie auch in der Print-Ausgabe 4-2024 der <a href=\"https:\/\/www.krafthand.de\/truck\/magazin\/\" title=\"Zum Magazin\">Krafthand-Truck<\/a>.<\/i><\/p>","protected":false},"excerpt":{"rendered":"<p>Haldex, ein Tochterunternehmen von SAF Holland und Hersteller von Bremsanlagen f\u00fcr Anh\u00e4nger, weitet sein Modul-T-Bremssystem auf den Lkw-Markt aus. Ein erster Kunde von Seiten der OEM sei bereits gewonnen worden. <span class=\"excerpt-more__dots\">&#8230;<\/span> <a class=\"excerpt-more__link\" href=\"https:\/\/www.krafthand.de\/truck\/artikel\/modul-t-bremsen-von-haldex-jetzt-auch-fuer-lkw-41134\/\" >weiter<\/a><\/p>\n","protected":false},"author":9,"featured_media":41135,"comment_status":"closed","ping_status":"closed","sticky":false,"template":"","format":"standard","meta":{"footnotes":""},"categories":[4227],"tags":[227,6068,6069,1111],"settings":[4766,3523],"class_list":["post-41134","post","type-post","status-publish","format-standard","has-post-thumbnail","hentry","category-rad-reifen-bremse","tag-bremse","tag-haldey","tag-modul-t","tag-saf-holland"],"yoast_head":"<!-- This site is optimized with the Yoast SEO plugin v27.3 - https:\/\/yoast.com\/product\/yoast-seo-wordpress\/ -->\n<title>Modul-T-Bremsen von Haldex jetzt auch f\u00fcr Lkw - Krafthand-Truck<\/title>\n<meta name=\"description\" content=\"Haldex weitet sein Modul-T-Bremssystem auf den Lkw-Markt aus. Ein erster Kunde von Seiten der OEM sei bereits gewonnen worden.\" \/>\n<meta name=\"robots\" content=\"index, follow, max-snippet:-1, max-image-preview:large, max-video-preview:-1\" \/>\n<link rel=\"canonical\" href=\"https:\/\/www.krafthand.de\/truck\/artikel\/modul-t-bremsen-von-haldex-jetzt-auch-fuer-lkw-41134\/\" \/>\n<meta property=\"og:locale\" content=\"de_DE\" \/>\n<meta property=\"og:type\" content=\"article\" \/>\n<meta property=\"og:title\" content=\"Modul-T-Bremsen von Haldex jetzt auch f\u00fcr Lkw - Krafthand-Truck\" \/>\n<meta property=\"og:description\" content=\"Haldex weitet sein Modul-T-Bremssystem auf den Lkw-Markt aus. Ein erster Kunde von Seiten der OEM sei bereits gewonnen worden.\" \/>\n<meta property=\"og:url\" content=\"https:\/\/www.krafthand-truck.de\/artikel\/modul-t-bremsen-von-haldex-jetzt-auch-fuer-lkw-41134\/\" \/>\n<meta property=\"og:site_name\" content=\"Krafthand-Truck\" \/>\n<meta property=\"article:published_time\" content=\"2024-10-30T10:17:34+00:00\" \/>\n<meta property=\"og:image\" content=\"https:\/\/static.krafthand-truck.de\/uploads\/2024\/10\/Haldex_SAF_Holland_ModulT_Scheibenbremse_Lkw_Bus_GenII.jpg\" \/>\n\t<meta property=\"og:image:width\" content=\"1200\" \/>\n\t<meta property=\"og:image:height\" content=\"900\" \/>\n\t<meta property=\"og:image:type\" content=\"image\/jpeg\" \/>\n<meta name=\"author\" content=\"georg.blenk@krafthand-medien.de\" \/>\n<meta name=\"twitter:card\" content=\"summary_large_image\" \/>\n<meta name=\"twitter:label1\" content=\"Verfasst von\" \/>\n\t<meta name=\"twitter:data1\" content=\"georg.blenk@krafthand-medien.de\" \/>\n\t<meta name=\"twitter:label2\" content=\"Gesch\u00e4tzte Lesezeit\" \/>\n\t<meta name=\"twitter:data2\" content=\"2\u00a0Minuten\" \/>\n<script type=\"application\/ld+json\" class=\"yoast-schema-graph\">{\"@context\":\"https:\\\/\\\/schema.org\",\"@graph\":[{\"@type\":\"Article\",\"@id\":\"https:\\\/\\\/www.krafthand.de\\\/truck\\\/artikel\\\/modul-t-bremsen-von-haldex-jetzt-auch-fuer-lkw-41134\\\/#article\",\"isPartOf\":{\"@id\":\"https:\\\/\\\/www.krafthand.de\\\/truck\\\/artikel\\\/modul-t-bremsen-von-haldex-jetzt-auch-fuer-lkw-41134\\\/\"},\"author\":{\"name\":\"georg.blenk@krafthand-medien.de\",\"@id\":\"https:\\\/\\\/www.krafthand.de\\\/truck\\\/#\\\/schema\\\/person\\\/51fa80b1c57034c4bf63f9f988fc24ce\"},\"headline\":\"Modul-T-Bremsen von Haldex jetzt auch f\u00fcr Lkw\",\"datePublished\":\"2024-10-30T10:17:34+00:00\",\"mainEntityOfPage\":{\"@id\":\"https:\\\/\\\/www.krafthand.de\\\/truck\\\/artikel\\\/modul-t-bremsen-von-haldex-jetzt-auch-fuer-lkw-41134\\\/\"},\"wordCount\":281,\"image\":{\"@id\":\"https:\\\/\\\/www.krafthand.de\\\/truck\\\/artikel\\\/modul-t-bremsen-von-haldex-jetzt-auch-fuer-lkw-41134\\\/#primaryimage\"},\"thumbnailUrl\":\"https:\\\/\\\/static.krafthand-truck.de\\\/uploads\\\/2024\\\/10\\\/Haldex_SAF_Holland_ModulT_Scheibenbremse_Lkw_Bus_GenII.jpg\",\"keywords\":[\"Bremse\",\"Haldey\",\"Modul-T\",\"SAF-HOLLAND\"],\"articleSection\":[\"Rad\\\/Reifen\\\/Bremse\"],\"inLanguage\":\"de\"},{\"@type\":\"WebPage\",\"@id\":\"https:\\\/\\\/www.krafthand.de\\\/truck\\\/artikel\\\/modul-t-bremsen-von-haldex-jetzt-auch-fuer-lkw-41134\\\/\",\"url\":\"https:\\\/\\\/www.krafthand.de\\\/truck\\\/artikel\\\/modul-t-bremsen-von-haldex-jetzt-auch-fuer-lkw-41134\\\/\",\"name\":\"Modul-T-Bremsen von Haldex jetzt auch f\u00fcr Lkw - Krafthand-Truck\",\"isPartOf\":{\"@id\":\"https:\\\/\\\/www.krafthand.de\\\/truck\\\/#website\"},\"primaryImageOfPage\":{\"@id\":\"https:\\\/\\\/www.krafthand.de\\\/truck\\\/artikel\\\/modul-t-bremsen-von-haldex-jetzt-auch-fuer-lkw-41134\\\/#primaryimage\"},\"image\":{\"@id\":\"https:\\\/\\\/www.krafthand.de\\\/truck\\\/artikel\\\/modul-t-bremsen-von-haldex-jetzt-auch-fuer-lkw-41134\\\/#primaryimage\"},\"thumbnailUrl\":\"https:\\\/\\\/static.krafthand-truck.de\\\/uploads\\\/2024\\\/10\\\/Haldex_SAF_Holland_ModulT_Scheibenbremse_Lkw_Bus_GenII.jpg\",\"datePublished\":\"2024-10-30T10:17:34+00:00\",\"author\":{\"@id\":\"https:\\\/\\\/www.krafthand.de\\\/truck\\\/#\\\/schema\\\/person\\\/51fa80b1c57034c4bf63f9f988fc24ce\"},\"description\":\"Haldex weitet sein Modul-T-Bremssystem auf den Lkw-Markt aus. Ein erster Kunde von Seiten der OEM sei bereits gewonnen worden.\",\"breadcrumb\":{\"@id\":\"https:\\\/\\\/www.krafthand.de\\\/truck\\\/artikel\\\/modul-t-bremsen-von-haldex-jetzt-auch-fuer-lkw-41134\\\/#breadcrumb\"},\"inLanguage\":\"de\",\"potentialAction\":[{\"@type\":\"ReadAction\",\"target\":[\"https:\\\/\\\/www.krafthand.de\\\/truck\\\/artikel\\\/modul-t-bremsen-von-haldex-jetzt-auch-fuer-lkw-41134\\\/\"]}]},{\"@type\":\"ImageObject\",\"inLanguage\":\"de\",\"@id\":\"https:\\\/\\\/www.krafthand.de\\\/truck\\\/artikel\\\/modul-t-bremsen-von-haldex-jetzt-auch-fuer-lkw-41134\\\/#primaryimage\",\"url\":\"https:\\\/\\\/static.krafthand-truck.de\\\/uploads\\\/2024\\\/10\\\/Haldex_SAF_Holland_ModulT_Scheibenbremse_Lkw_Bus_GenII.jpg\",\"contentUrl\":\"https:\\\/\\\/static.krafthand-truck.de\\\/uploads\\\/2024\\\/10\\\/Haldex_SAF_Holland_ModulT_Scheibenbremse_Lkw_Bus_GenII.jpg\",\"width\":1200,\"height\":900},{\"@type\":\"BreadcrumbList\",\"@id\":\"https:\\\/\\\/www.krafthand.de\\\/truck\\\/artikel\\\/modul-t-bremsen-von-haldex-jetzt-auch-fuer-lkw-41134\\\/#breadcrumb\",\"itemListElement\":[{\"@type\":\"ListItem\",\"position\":1,\"name\":\"Krafthand-Truck\",\"item\":\"https:\\\/\\\/www.krafthand.de\\\/truck\\\/\"},{\"@type\":\"ListItem\",\"position\":2,\"name\":\"Nfz-Technik\",\"item\":\"https:\\\/\\\/www.krafthand.de\\\/truck\\\/kategorie\\\/nfz-technik\\\/\"},{\"@type\":\"ListItem\",\"position\":3,\"name\":\"Rad\\\/Reifen\\\/Bremse\",\"item\":\"https:\\\/\\\/www.krafthand.de\\\/truck\\\/kategorie\\\/nfz-technik\\\/rad-reifen-bremse\\\/\"},{\"@type\":\"ListItem\",\"position\":4,\"name\":\"Modul-T-Bremsen von Haldex jetzt auch f\u00fcr Lkw\"}]},{\"@type\":\"WebSite\",\"@id\":\"https:\\\/\\\/www.krafthand.de\\\/truck\\\/#website\",\"url\":\"https:\\\/\\\/www.krafthand.de\\\/truck\\\/\",\"name\":\"Krafthand-Truck\",\"description\":\"\",\"potentialAction\":[{\"@type\":\"SearchAction\",\"target\":{\"@type\":\"EntryPoint\",\"urlTemplate\":\"https:\\\/\\\/www.krafthand.de\\\/truck\\\/?s={search_term_string}\"},\"query-input\":{\"@type\":\"PropertyValueSpecification\",\"valueRequired\":true,\"valueName\":\"search_term_string\"}}],\"inLanguage\":\"de\"},{\"@type\":\"Person\",\"@id\":\"https:\\\/\\\/www.krafthand.de\\\/truck\\\/#\\\/schema\\\/person\\\/51fa80b1c57034c4bf63f9f988fc24ce\",\"name\":\"georg.blenk@krafthand-medien.de\",\"image\":{\"@type\":\"ImageObject\",\"inLanguage\":\"de\",\"@id\":\"https:\\\/\\\/secure.gravatar.com\\\/avatar\\\/93713c30affe0aa95d3a4130e499bb1abee2eb31adbdd9ce2aa1543538490215?s=96&d=mm&r=g\",\"url\":\"https:\\\/\\\/secure.gravatar.com\\\/avatar\\\/93713c30affe0aa95d3a4130e499bb1abee2eb31adbdd9ce2aa1543538490215?s=96&d=mm&r=g\",\"contentUrl\":\"https:\\\/\\\/secure.gravatar.com\\\/avatar\\\/93713c30affe0aa95d3a4130e499bb1abee2eb31adbdd9ce2aa1543538490215?s=96&d=mm&r=g\",\"caption\":\"georg.blenk@krafthand-medien.de\"}}]}<\/script>\n<!-- \/ Yoast SEO plugin. -->","yoast_head_json":{"title":"Modul-T-Bremsen von Haldex jetzt auch f\u00fcr Lkw - Krafthand-Truck","description":"Haldex weitet sein Modul-T-Bremssystem auf den Lkw-Markt aus. Ein erster Kunde von Seiten der OEM sei bereits gewonnen worden.","robots":{"index":"index","follow":"follow","max-snippet":"max-snippet:-1","max-image-preview":"max-image-preview:large","max-video-preview":"max-video-preview:-1"},"canonical":"https:\/\/www.krafthand.de\/truck\/artikel\/modul-t-bremsen-von-haldex-jetzt-auch-fuer-lkw-41134\/","og_locale":"de_DE","og_type":"article","og_title":"Modul-T-Bremsen von Haldex jetzt auch f\u00fcr Lkw - Krafthand-Truck","og_description":"Haldex weitet sein Modul-T-Bremssystem auf den Lkw-Markt aus. Ein erster Kunde von Seiten der OEM sei bereits gewonnen worden.","og_url":"https:\/\/www.krafthand-truck.de\/artikel\/modul-t-bremsen-von-haldex-jetzt-auch-fuer-lkw-41134\/","og_site_name":"Krafthand-Truck","article_published_time":"2024-10-30T10:17:34+00:00","og_image":[{"width":1200,"height":900,"url":"https:\/\/static.krafthand-truck.de\/uploads\/2024\/10\/Haldex_SAF_Holland_ModulT_Scheibenbremse_Lkw_Bus_GenII.jpg","type":"image\/jpeg"}],"author":"georg.blenk@krafthand-medien.de","twitter_card":"summary_large_image","twitter_misc":{"Verfasst von":"georg.blenk@krafthand-medien.de","Gesch\u00e4tzte Lesezeit":"2\u00a0Minuten"},"schema":{"@context":"https:\/\/schema.org","@graph":[{"@type":"Article","@id":"https:\/\/www.krafthand.de\/truck\/artikel\/modul-t-bremsen-von-haldex-jetzt-auch-fuer-lkw-41134\/#article","isPartOf":{"@id":"https:\/\/www.krafthand.de\/truck\/artikel\/modul-t-bremsen-von-haldex-jetzt-auch-fuer-lkw-41134\/"},"author":{"name":"georg.blenk@krafthand-medien.de","@id":"https:\/\/www.krafthand.de\/truck\/#\/schema\/person\/51fa80b1c57034c4bf63f9f988fc24ce"},"headline":"Modul-T-Bremsen von Haldex jetzt auch f\u00fcr Lkw","datePublished":"2024-10-30T10:17:34+00:00","mainEntityOfPage":{"@id":"https:\/\/www.krafthand.de\/truck\/artikel\/modul-t-bremsen-von-haldex-jetzt-auch-fuer-lkw-41134\/"},"wordCount":281,"image":{"@id":"https:\/\/www.krafthand.de\/truck\/artikel\/modul-t-bremsen-von-haldex-jetzt-auch-fuer-lkw-41134\/#primaryimage"},"thumbnailUrl":"https:\/\/static.krafthand-truck.de\/uploads\/2024\/10\/Haldex_SAF_Holland_ModulT_Scheibenbremse_Lkw_Bus_GenII.jpg","keywords":["Bremse","Haldey","Modul-T","SAF-HOLLAND"],"articleSection":["Rad\/Reifen\/Bremse"],"inLanguage":"de"},{"@type":"WebPage","@id":"https:\/\/www.krafthand.de\/truck\/artikel\/modul-t-bremsen-von-haldex-jetzt-auch-fuer-lkw-41134\/","url":"https:\/\/www.krafthand.de\/truck\/artikel\/modul-t-bremsen-von-haldex-jetzt-auch-fuer-lkw-41134\/","name":"Modul-T-Bremsen von Haldex jetzt auch f\u00fcr Lkw - Krafthand-Truck","isPartOf":{"@id":"https:\/\/www.krafthand.de\/truck\/#website"},"primaryImageOfPage":{"@id":"https:\/\/www.krafthand.de\/truck\/artikel\/modul-t-bremsen-von-haldex-jetzt-auch-fuer-lkw-41134\/#primaryimage"},"image":{"@id":"https:\/\/www.krafthand.de\/truck\/artikel\/modul-t-bremsen-von-haldex-jetzt-auch-fuer-lkw-41134\/#primaryimage"},"thumbnailUrl":"https:\/\/static.krafthand-truck.de\/uploads\/2024\/10\/Haldex_SAF_Holland_ModulT_Scheibenbremse_Lkw_Bus_GenII.jpg","datePublished":"2024-10-30T10:17:34+00:00","author":{"@id":"https:\/\/www.krafthand.de\/truck\/#\/schema\/person\/51fa80b1c57034c4bf63f9f988fc24ce"},"description":"Haldex weitet sein Modul-T-Bremssystem auf den Lkw-Markt aus. Ein erster Kunde von Seiten der OEM sei bereits gewonnen worden.","breadcrumb":{"@id":"https:\/\/www.krafthand.de\/truck\/artikel\/modul-t-bremsen-von-haldex-jetzt-auch-fuer-lkw-41134\/#breadcrumb"},"inLanguage":"de","potentialAction":[{"@type":"ReadAction","target":["https:\/\/www.krafthand.de\/truck\/artikel\/modul-t-bremsen-von-haldex-jetzt-auch-fuer-lkw-41134\/"]}]},{"@type":"ImageObject","inLanguage":"de","@id":"https:\/\/www.krafthand.de\/truck\/artikel\/modul-t-bremsen-von-haldex-jetzt-auch-fuer-lkw-41134\/#primaryimage","url":"https:\/\/static.krafthand-truck.de\/uploads\/2024\/10\/Haldex_SAF_Holland_ModulT_Scheibenbremse_Lkw_Bus_GenII.jpg","contentUrl":"https:\/\/static.krafthand-truck.de\/uploads\/2024\/10\/Haldex_SAF_Holland_ModulT_Scheibenbremse_Lkw_Bus_GenII.jpg","width":1200,"height":900},{"@type":"BreadcrumbList","@id":"https:\/\/www.krafthand.de\/truck\/artikel\/modul-t-bremsen-von-haldex-jetzt-auch-fuer-lkw-41134\/#breadcrumb","itemListElement":[{"@type":"ListItem","position":1,"name":"Krafthand-Truck","item":"https:\/\/www.krafthand.de\/truck\/"},{"@type":"ListItem","position":2,"name":"Nfz-Technik","item":"https:\/\/www.krafthand.de\/truck\/kategorie\/nfz-technik\/"},{"@type":"ListItem","position":3,"name":"Rad\/Reifen\/Bremse","item":"https:\/\/www.krafthand.de\/truck\/kategorie\/nfz-technik\/rad-reifen-bremse\/"},{"@type":"ListItem","position":4,"name":"Modul-T-Bremsen von Haldex jetzt auch f\u00fcr Lkw"}]},{"@type":"WebSite","@id":"https:\/\/www.krafthand.de\/truck\/#website","url":"https:\/\/www.krafthand.de\/truck\/","name":"Krafthand-Truck","description":"","potentialAction":[{"@type":"SearchAction","target":{"@type":"EntryPoint","urlTemplate":"https:\/\/www.krafthand.de\/truck\/?s={search_term_string}"},"query-input":{"@type":"PropertyValueSpecification","valueRequired":true,"valueName":"search_term_string"}}],"inLanguage":"de"},{"@type":"Person","@id":"https:\/\/www.krafthand.de\/truck\/#\/schema\/person\/51fa80b1c57034c4bf63f9f988fc24ce","name":"georg.blenk@krafthand-medien.de","image":{"@type":"ImageObject","inLanguage":"de","@id":"https:\/\/secure.gravatar.com\/avatar\/93713c30affe0aa95d3a4130e499bb1abee2eb31adbdd9ce2aa1543538490215?s=96&d=mm&r=g","url":"https:\/\/secure.gravatar.com\/avatar\/93713c30affe0aa95d3a4130e499bb1abee2eb31adbdd9ce2aa1543538490215?s=96&d=mm&r=g","contentUrl":"https:\/\/secure.gravatar.com\/avatar\/93713c30affe0aa95d3a4130e499bb1abee2eb31adbdd9ce2aa1543538490215?s=96&d=mm&r=g","caption":"georg.blenk@krafthand-medien.de"}}]}},"_links":{"self":[{"href":"https:\/\/www.krafthand.de\/truck\/wp-json\/wp\/v2\/posts\/41134","targetHints":{"allow":["GET"]}}],"collection":[{"href":"https:\/\/www.krafthand.de\/truck\/wp-json\/wp\/v2\/posts"}],"about":[{"href":"https:\/\/www.krafthand.de\/truck\/wp-json\/wp\/v2\/types\/post"}],"author":[{"embeddable":true,"href":"https:\/\/www.krafthand.de\/truck\/wp-json\/wp\/v2\/users\/9"}],"replies":[{"embeddable":true,"href":"https:\/\/www.krafthand.de\/truck\/wp-json\/wp\/v2\/comments?post=41134"}],"version-history":[{"count":2,"href":"https:\/\/www.krafthand.de\/truck\/wp-json\/wp\/v2\/posts\/41134\/revisions"}],"predecessor-version":[{"id":41137,"href":"https:\/\/www.krafthand.de\/truck\/wp-json\/wp\/v2\/posts\/41134\/revisions\/41137"}],"wp:featuredmedia":[{"embeddable":true,"href":"https:\/\/www.krafthand.de\/truck\/wp-json\/wp\/v2\/media\/41135"}],"wp:attachment":[{"href":"https:\/\/www.krafthand.de\/truck\/wp-json\/wp\/v2\/media?parent=41134"}],"wp:term":[{"taxonomy":"category","embeddable":true,"href":"https:\/\/www.krafthand.de\/truck\/wp-json\/wp\/v2\/categories?post=41134"},{"taxonomy":"post_tag","embeddable":true,"href":"https:\/\/www.krafthand.de\/truck\/wp-json\/wp\/v2\/tags?post=41134"},{"taxonomy":"settings","embeddable":true,"href":"https:\/\/www.krafthand.de\/truck\/wp-json\/wp\/v2\/settings?post=41134"}],"curies":[{"name":"wp","href":"https:\/\/api.w.org\/{rel}","templated":true}]}}