{"id":41119,"date":"2024-10-29T11:42:07","date_gmt":"2024-10-29T10:42:07","guid":{"rendered":"https:\/\/www.krafthand.de\/truck\/?p=41119"},"modified":"2025-12-02T10:57:59","modified_gmt":"2025-12-02T09:57:59","slug":"aral-erweitert-lade-und-hvo-infrastruktur-fuer-lkw","status":"publish","type":"post","link":"https:\/\/www.krafthand.de\/truck\/artikel\/aral-erweitert-lade-und-hvo-infrastruktur-fuer-lkw-41119\/","title":{"rendered":"Aral erweitert Lade- und HVO-Infrastruktur f\u00fcr Lkw"},"content":{"rendered":"<p>Durch den Ausbau der Ladeinfrastruktur f\u00fcr elektrifizierte Lkw und Busse m\u00f6chte Aral mit Aral Pulse die Voraussetzungen f\u00fcr die Reduzierung der Flottenemissionen auch in gro\u00dfen Fahrzeugklassen schaffen. An inzwischen rund 25 Standorten mit 300 kW-Ladestationen k\u00f6nnen E-Lkw in 45 Minuten Strom f\u00fcr eine Reichweite von bis zu 200 Kilometern beziehen.<\/p>\n<p>Zu den aktuellen Ausbau-Schwerpunkten geh\u00f6rten au\u00dferdem sogenannte Gigahubs, wie demn\u00e4chst in M\u00f6nchengladbach und im Jahr 2025 unter anderem auch in Bochum-Wattenscheid. An den Standorten sorgen zudem Shopkonzepte oder ein gastronomisches Angebot sowie eine \u00dcberdachung daf\u00fcr, dass auch bei schlechtem Wetter die Ladestopps optimal und bequem genutzt werden k\u00f6nnen. An den Gigahubs k\u00f6nnen laut <a href=\"https:\/\/www.aral.de\/de\/global\/retail\/pulse\/wir-suchen-standorte.html\" target=\"_blank\" rel=\"noopener\">Aral<\/a> E-Fahrzeuge mit einer Ladeleistung von bis zu 400 kW (bei entsprechender Fahrzeugtechnik) innerhalb von nur zehn Minuten eine Reichweite von rund 300 Kilometern nachladen.<\/p>\n<p>Neben der Elektrifizierung tragen auch andere Optionen zur Dekarbonisierung der Flotte bei. Ein Beispiel daf\u00fcr sei die Einf\u00fchrung von Aral <strong>HVO<\/strong> f\u00fcr Lkw und Busse, mit dem mindestens 85 Prozent der CO2-Emissionen im Vergleich zu konventionellem Diesel eingespart werden k\u00f6nnten. Seit einigen Wochen bieten die ersten Aral ADS-Standorte (Automatische Dieselstationen) den neuen Kraftstoff an. Die Ausbauplanung von Aral sieht vor, das Angebot f\u00fcr den Schwerlastverkehr bis zum Jahresende auf rund 40 Standorte in Deutschland zu erweitern.<\/p>\n<p><i>Den Beitrag finden Sie auch in der Print-Ausgabe 4-2024 der <a href=\"https:\/\/www.krafthand.de\/truck\/magazin\/\" title=\"Zum Magazin\">Krafthand-Truck<\/a>.<\/i><\/p>\r\n\t\t\t\t<div class=\"post-author\">\r\n\t\t\t\t\t<div class=\"khm-cp-author clearfix\">\r\n\t\t\t\t\t\t<div class=\"khm-cp-author__content\">\r\n\t\t\t\t\t\t\t\tKontakt zum Autor:<br \/>\r\n\t\t\t\t\t\t\t\t<strong>Georg Blenk<\/strong>, 08247 \/ 3007-45 |  <a href=\"mailto:georg.blenk@krafthand-medien.de\">georg.blenk@krafthand-medien.de<\/a>\r\n\t\t\t\t\t\t\t<div class=\"khm-cp-author__image\">\r\n\t\t\t\t\t\t<img src=\"https:\/\/static.krafthand-truck.de\/uploads\/2021\/01\/Blenk_6104-250x300-1-removebg-preview.png\" class=\"img-responsive\">\r\n\t\t\t\t\t<\/div>\r\n\t\t\t\t\t\t<\/div>\r\n\t\t\t\t\t<\/div>\r\n\t\t\t\t<\/div>\r\n\t\t\t\t","protected":false},"excerpt":{"rendered":"<p>Durch den Ausbau der Ladeinfrastruktur f\u00fcr elektrifizierte Lkw und Busse m\u00f6chte Aral die Voraussetzungen f\u00fcr die Reduzierung der Flottenemissionen auch in gro\u00dfen Fahrzeugklassen schaffen. An inzwischen rund 25 Standorten mit 300 kW-Ladestationen k\u00f6nnen E-Lkw in 45 Minuten Strom f\u00fcr eine Reichweite von bis zu 200 Kilometern beziehen. Auch das HVO-Tankstellenetz wird ausgebaut. <span class=\"excerpt-more__dots\">&#8230;<\/span> <a class=\"excerpt-more__link\" href=\"https:\/\/www.krafthand.de\/truck\/artikel\/aral-erweitert-lade-und-hvo-infrastruktur-fuer-lkw-41119\/\" >weiter<\/a><\/p>\n","protected":false},"author":9,"featured_media":41121,"comment_status":"closed","ping_status":"closed","sticky":false,"template":"","format":"standard","meta":{"footnotes":""},"categories":[4913,4224,6375,4235],"tags":[473,4177,6066,5718,4248],"settings":[3524,3523],"class_list":["post-41119","post","type-post","status-publish","format-standard","has-post-thumbnail","hentry","category-alternative-kraftstoffe","category-e-antrieb","category-lade-tank-infrastruktur","category-unternehmen","tag-aral","tag-e-lkw","tag-gigahub","tag-hvo-100","tag-ladeinfrastruktur"],"yoast_head":"<!-- This site is optimized with the Yoast SEO plugin v27.3 - https:\/\/yoast.com\/product\/yoast-seo-wordpress\/ -->\n<title>Aral erweitert Lade- und HVO-Infrastruktur f\u00fcr Lkw - Krafthand-Truck<\/title>\n<meta name=\"description\" content=\"An inzwischen rund 25 Aral-Standorten mit 300 kW-Ladestationen k\u00f6nnen E-Lkw in 45 Minuten Strom beziehen. Auch das HVO-Netz wird ausgebaut.\" \/>\n<meta name=\"robots\" content=\"index, follow, max-snippet:-1, max-image-preview:large, max-video-preview:-1\" \/>\n<link rel=\"canonical\" href=\"https:\/\/www.krafthand.de\/truck\/artikel\/aral-erweitert-lade-und-hvo-infrastruktur-fuer-lkw-41119\/\" \/>\n<meta property=\"og:locale\" content=\"de_DE\" \/>\n<meta property=\"og:type\" content=\"article\" \/>\n<meta property=\"og:title\" content=\"Aral erweitert Lade- und HVO-Infrastruktur f\u00fcr Lkw - Krafthand-Truck\" \/>\n<meta property=\"og:description\" content=\"An inzwischen rund 25 Aral-Standorten mit 300 kW-Ladestationen k\u00f6nnen E-Lkw in 45 Minuten Strom beziehen. Auch das HVO-Netz wird ausgebaut.\" \/>\n<meta property=\"og:url\" content=\"https:\/\/www.krafthand-truck.de\/artikel\/aral-erweitert-lade-und-hvo-infrastruktur-fuer-lkw-41119\/\" \/>\n<meta property=\"og:site_name\" content=\"Krafthand-Truck\" \/>\n<meta property=\"article:published_time\" content=\"2024-10-29T10:42:07+00:00\" \/>\n<meta property=\"article:modified_time\" content=\"2025-12-02T09:57:59+00:00\" \/>\n<meta property=\"og:image\" content=\"https:\/\/static.krafthand-truck.de\/uploads\/2024\/10\/Aral_Pulse_Ladestation_Lkw.jpg\" \/>\n\t<meta property=\"og:image:width\" content=\"1200\" \/>\n\t<meta property=\"og:image:height\" content=\"747\" \/>\n\t<meta property=\"og:image:type\" content=\"image\/jpeg\" \/>\n<meta name=\"author\" content=\"georg.blenk@krafthand-medien.de\" \/>\n<meta name=\"twitter:card\" content=\"summary_large_image\" \/>\n<meta name=\"twitter:label1\" content=\"Verfasst von\" \/>\n\t<meta name=\"twitter:data1\" content=\"georg.blenk@krafthand-medien.de\" \/>\n\t<meta name=\"twitter:label2\" content=\"Gesch\u00e4tzte Lesezeit\" \/>\n\t<meta name=\"twitter:data2\" content=\"2\u00a0Minuten\" \/>\n<script type=\"application\/ld+json\" class=\"yoast-schema-graph\">{\"@context\":\"https:\\\/\\\/schema.org\",\"@graph\":[{\"@type\":\"Article\",\"@id\":\"https:\\\/\\\/www.krafthand.de\\\/truck\\\/artikel\\\/aral-erweitert-lade-und-hvo-infrastruktur-fuer-lkw-41119\\\/#article\",\"isPartOf\":{\"@id\":\"https:\\\/\\\/www.krafthand.de\\\/truck\\\/artikel\\\/aral-erweitert-lade-und-hvo-infrastruktur-fuer-lkw-41119\\\/\"},\"author\":{\"name\":\"georg.blenk@krafthand-medien.de\",\"@id\":\"https:\\\/\\\/www.krafthand.de\\\/truck\\\/#\\\/schema\\\/person\\\/51fa80b1c57034c4bf63f9f988fc24ce\"},\"headline\":\"Aral erweitert Lade- und HVO-Infrastruktur f\u00fcr Lkw\",\"datePublished\":\"2024-10-29T10:42:07+00:00\",\"dateModified\":\"2025-12-02T09:57:59+00:00\",\"mainEntityOfPage\":{\"@id\":\"https:\\\/\\\/www.krafthand.de\\\/truck\\\/artikel\\\/aral-erweitert-lade-und-hvo-infrastruktur-fuer-lkw-41119\\\/\"},\"wordCount\":222,\"image\":{\"@id\":\"https:\\\/\\\/www.krafthand.de\\\/truck\\\/artikel\\\/aral-erweitert-lade-und-hvo-infrastruktur-fuer-lkw-41119\\\/#primaryimage\"},\"thumbnailUrl\":\"https:\\\/\\\/static.krafthand-truck.de\\\/uploads\\\/2024\\\/10\\\/Aral_Pulse_Ladestation_Lkw.jpg\",\"keywords\":[\"Aral\",\"E-Lkw\",\"Gigahub\",\"HVO 100\",\"Ladeinfrastruktur\"],\"articleSection\":[\"Alternative Kraftstoffe\",\"E-Antrieb (BEV\\\/FCEV)\",\"Lade-\\\/Tank-Infrastruktur\",\"Unternehmen\"],\"inLanguage\":\"de\"},{\"@type\":\"WebPage\",\"@id\":\"https:\\\/\\\/www.krafthand.de\\\/truck\\\/artikel\\\/aral-erweitert-lade-und-hvo-infrastruktur-fuer-lkw-41119\\\/\",\"url\":\"https:\\\/\\\/www.krafthand.de\\\/truck\\\/artikel\\\/aral-erweitert-lade-und-hvo-infrastruktur-fuer-lkw-41119\\\/\",\"name\":\"Aral erweitert Lade- und HVO-Infrastruktur f\u00fcr Lkw - Krafthand-Truck\",\"isPartOf\":{\"@id\":\"https:\\\/\\\/www.krafthand.de\\\/truck\\\/#website\"},\"primaryImageOfPage\":{\"@id\":\"https:\\\/\\\/www.krafthand.de\\\/truck\\\/artikel\\\/aral-erweitert-lade-und-hvo-infrastruktur-fuer-lkw-41119\\\/#primaryimage\"},\"image\":{\"@id\":\"https:\\\/\\\/www.krafthand.de\\\/truck\\\/artikel\\\/aral-erweitert-lade-und-hvo-infrastruktur-fuer-lkw-41119\\\/#primaryimage\"},\"thumbnailUrl\":\"https:\\\/\\\/static.krafthand-truck.de\\\/uploads\\\/2024\\\/10\\\/Aral_Pulse_Ladestation_Lkw.jpg\",\"datePublished\":\"2024-10-29T10:42:07+00:00\",\"dateModified\":\"2025-12-02T09:57:59+00:00\",\"author\":{\"@id\":\"https:\\\/\\\/www.krafthand.de\\\/truck\\\/#\\\/schema\\\/person\\\/51fa80b1c57034c4bf63f9f988fc24ce\"},\"description\":\"An inzwischen rund 25 Aral-Standorten mit 300 kW-Ladestationen k\u00f6nnen E-Lkw in 45 Minuten Strom beziehen. Auch das HVO-Netz wird ausgebaut.\",\"breadcrumb\":{\"@id\":\"https:\\\/\\\/www.krafthand.de\\\/truck\\\/artikel\\\/aral-erweitert-lade-und-hvo-infrastruktur-fuer-lkw-41119\\\/#breadcrumb\"},\"inLanguage\":\"de\",\"potentialAction\":[{\"@type\":\"ReadAction\",\"target\":[\"https:\\\/\\\/www.krafthand.de\\\/truck\\\/artikel\\\/aral-erweitert-lade-und-hvo-infrastruktur-fuer-lkw-41119\\\/\"]}]},{\"@type\":\"ImageObject\",\"inLanguage\":\"de\",\"@id\":\"https:\\\/\\\/www.krafthand.de\\\/truck\\\/artikel\\\/aral-erweitert-lade-und-hvo-infrastruktur-fuer-lkw-41119\\\/#primaryimage\",\"url\":\"https:\\\/\\\/static.krafthand-truck.de\\\/uploads\\\/2024\\\/10\\\/Aral_Pulse_Ladestation_Lkw.jpg\",\"contentUrl\":\"https:\\\/\\\/static.krafthand-truck.de\\\/uploads\\\/2024\\\/10\\\/Aral_Pulse_Ladestation_Lkw.jpg\",\"width\":1200,\"height\":747},{\"@type\":\"BreadcrumbList\",\"@id\":\"https:\\\/\\\/www.krafthand.de\\\/truck\\\/artikel\\\/aral-erweitert-lade-und-hvo-infrastruktur-fuer-lkw-41119\\\/#breadcrumb\",\"itemListElement\":[{\"@type\":\"ListItem\",\"position\":1,\"name\":\"Krafthand-Truck\",\"item\":\"https:\\\/\\\/www.krafthand.de\\\/truck\\\/\"},{\"@type\":\"ListItem\",\"position\":2,\"name\":\"Nfz-Branche\",\"item\":\"https:\\\/\\\/www.krafthand.de\\\/truck\\\/kategorie\\\/branche\\\/\"},{\"@type\":\"ListItem\",\"position\":3,\"name\":\"Unternehmen\",\"item\":\"https:\\\/\\\/www.krafthand.de\\\/truck\\\/kategorie\\\/branche\\\/unternehmen\\\/\"},{\"@type\":\"ListItem\",\"position\":4,\"name\":\"Aral erweitert Lade- und HVO-Infrastruktur f\u00fcr Lkw\"}]},{\"@type\":\"WebSite\",\"@id\":\"https:\\\/\\\/www.krafthand.de\\\/truck\\\/#website\",\"url\":\"https:\\\/\\\/www.krafthand.de\\\/truck\\\/\",\"name\":\"Krafthand-Truck\",\"description\":\"\",\"potentialAction\":[{\"@type\":\"SearchAction\",\"target\":{\"@type\":\"EntryPoint\",\"urlTemplate\":\"https:\\\/\\\/www.krafthand.de\\\/truck\\\/?s={search_term_string}\"},\"query-input\":{\"@type\":\"PropertyValueSpecification\",\"valueRequired\":true,\"valueName\":\"search_term_string\"}}],\"inLanguage\":\"de\"},{\"@type\":\"Person\",\"@id\":\"https:\\\/\\\/www.krafthand.de\\\/truck\\\/#\\\/schema\\\/person\\\/51fa80b1c57034c4bf63f9f988fc24ce\",\"name\":\"georg.blenk@krafthand-medien.de\",\"image\":{\"@type\":\"ImageObject\",\"inLanguage\":\"de\",\"@id\":\"https:\\\/\\\/secure.gravatar.com\\\/avatar\\\/93713c30affe0aa95d3a4130e499bb1abee2eb31adbdd9ce2aa1543538490215?s=96&d=mm&r=g\",\"url\":\"https:\\\/\\\/secure.gravatar.com\\\/avatar\\\/93713c30affe0aa95d3a4130e499bb1abee2eb31adbdd9ce2aa1543538490215?s=96&d=mm&r=g\",\"contentUrl\":\"https:\\\/\\\/secure.gravatar.com\\\/avatar\\\/93713c30affe0aa95d3a4130e499bb1abee2eb31adbdd9ce2aa1543538490215?s=96&d=mm&r=g\",\"caption\":\"georg.blenk@krafthand-medien.de\"}}]}<\/script>\n<!-- \/ Yoast SEO plugin. -->","yoast_head_json":{"title":"Aral erweitert Lade- und HVO-Infrastruktur f\u00fcr Lkw - Krafthand-Truck","description":"An inzwischen rund 25 Aral-Standorten mit 300 kW-Ladestationen k\u00f6nnen E-Lkw in 45 Minuten Strom beziehen. Auch das HVO-Netz wird ausgebaut.","robots":{"index":"index","follow":"follow","max-snippet":"max-snippet:-1","max-image-preview":"max-image-preview:large","max-video-preview":"max-video-preview:-1"},"canonical":"https:\/\/www.krafthand.de\/truck\/artikel\/aral-erweitert-lade-und-hvo-infrastruktur-fuer-lkw-41119\/","og_locale":"de_DE","og_type":"article","og_title":"Aral erweitert Lade- und HVO-Infrastruktur f\u00fcr Lkw - Krafthand-Truck","og_description":"An inzwischen rund 25 Aral-Standorten mit 300 kW-Ladestationen k\u00f6nnen E-Lkw in 45 Minuten Strom beziehen. Auch das HVO-Netz wird ausgebaut.","og_url":"https:\/\/www.krafthand-truck.de\/artikel\/aral-erweitert-lade-und-hvo-infrastruktur-fuer-lkw-41119\/","og_site_name":"Krafthand-Truck","article_published_time":"2024-10-29T10:42:07+00:00","article_modified_time":"2025-12-02T09:57:59+00:00","og_image":[{"width":1200,"height":747,"url":"https:\/\/static.krafthand-truck.de\/uploads\/2024\/10\/Aral_Pulse_Ladestation_Lkw.jpg","type":"image\/jpeg"}],"author":"georg.blenk@krafthand-medien.de","twitter_card":"summary_large_image","twitter_misc":{"Verfasst von":"georg.blenk@krafthand-medien.de","Gesch\u00e4tzte Lesezeit":"2\u00a0Minuten"},"schema":{"@context":"https:\/\/schema.org","@graph":[{"@type":"Article","@id":"https:\/\/www.krafthand.de\/truck\/artikel\/aral-erweitert-lade-und-hvo-infrastruktur-fuer-lkw-41119\/#article","isPartOf":{"@id":"https:\/\/www.krafthand.de\/truck\/artikel\/aral-erweitert-lade-und-hvo-infrastruktur-fuer-lkw-41119\/"},"author":{"name":"georg.blenk@krafthand-medien.de","@id":"https:\/\/www.krafthand.de\/truck\/#\/schema\/person\/51fa80b1c57034c4bf63f9f988fc24ce"},"headline":"Aral erweitert Lade- und HVO-Infrastruktur f\u00fcr Lkw","datePublished":"2024-10-29T10:42:07+00:00","dateModified":"2025-12-02T09:57:59+00:00","mainEntityOfPage":{"@id":"https:\/\/www.krafthand.de\/truck\/artikel\/aral-erweitert-lade-und-hvo-infrastruktur-fuer-lkw-41119\/"},"wordCount":222,"image":{"@id":"https:\/\/www.krafthand.de\/truck\/artikel\/aral-erweitert-lade-und-hvo-infrastruktur-fuer-lkw-41119\/#primaryimage"},"thumbnailUrl":"https:\/\/static.krafthand-truck.de\/uploads\/2024\/10\/Aral_Pulse_Ladestation_Lkw.jpg","keywords":["Aral","E-Lkw","Gigahub","HVO 100","Ladeinfrastruktur"],"articleSection":["Alternative Kraftstoffe","E-Antrieb (BEV\/FCEV)","Lade-\/Tank-Infrastruktur","Unternehmen"],"inLanguage":"de"},{"@type":"WebPage","@id":"https:\/\/www.krafthand.de\/truck\/artikel\/aral-erweitert-lade-und-hvo-infrastruktur-fuer-lkw-41119\/","url":"https:\/\/www.krafthand.de\/truck\/artikel\/aral-erweitert-lade-und-hvo-infrastruktur-fuer-lkw-41119\/","name":"Aral erweitert Lade- und HVO-Infrastruktur f\u00fcr Lkw - Krafthand-Truck","isPartOf":{"@id":"https:\/\/www.krafthand.de\/truck\/#website"},"primaryImageOfPage":{"@id":"https:\/\/www.krafthand.de\/truck\/artikel\/aral-erweitert-lade-und-hvo-infrastruktur-fuer-lkw-41119\/#primaryimage"},"image":{"@id":"https:\/\/www.krafthand.de\/truck\/artikel\/aral-erweitert-lade-und-hvo-infrastruktur-fuer-lkw-41119\/#primaryimage"},"thumbnailUrl":"https:\/\/static.krafthand-truck.de\/uploads\/2024\/10\/Aral_Pulse_Ladestation_Lkw.jpg","datePublished":"2024-10-29T10:42:07+00:00","dateModified":"2025-12-02T09:57:59+00:00","author":{"@id":"https:\/\/www.krafthand.de\/truck\/#\/schema\/person\/51fa80b1c57034c4bf63f9f988fc24ce"},"description":"An inzwischen rund 25 Aral-Standorten mit 300 kW-Ladestationen k\u00f6nnen E-Lkw in 45 Minuten Strom beziehen. Auch das HVO-Netz wird ausgebaut.","breadcrumb":{"@id":"https:\/\/www.krafthand.de\/truck\/artikel\/aral-erweitert-lade-und-hvo-infrastruktur-fuer-lkw-41119\/#breadcrumb"},"inLanguage":"de","potentialAction":[{"@type":"ReadAction","target":["https:\/\/www.krafthand.de\/truck\/artikel\/aral-erweitert-lade-und-hvo-infrastruktur-fuer-lkw-41119\/"]}]},{"@type":"ImageObject","inLanguage":"de","@id":"https:\/\/www.krafthand.de\/truck\/artikel\/aral-erweitert-lade-und-hvo-infrastruktur-fuer-lkw-41119\/#primaryimage","url":"https:\/\/static.krafthand-truck.de\/uploads\/2024\/10\/Aral_Pulse_Ladestation_Lkw.jpg","contentUrl":"https:\/\/static.krafthand-truck.de\/uploads\/2024\/10\/Aral_Pulse_Ladestation_Lkw.jpg","width":1200,"height":747},{"@type":"BreadcrumbList","@id":"https:\/\/www.krafthand.de\/truck\/artikel\/aral-erweitert-lade-und-hvo-infrastruktur-fuer-lkw-41119\/#breadcrumb","itemListElement":[{"@type":"ListItem","position":1,"name":"Krafthand-Truck","item":"https:\/\/www.krafthand.de\/truck\/"},{"@type":"ListItem","position":2,"name":"Nfz-Branche","item":"https:\/\/www.krafthand.de\/truck\/kategorie\/branche\/"},{"@type":"ListItem","position":3,"name":"Unternehmen","item":"https:\/\/www.krafthand.de\/truck\/kategorie\/branche\/unternehmen\/"},{"@type":"ListItem","position":4,"name":"Aral erweitert Lade- und HVO-Infrastruktur f\u00fcr Lkw"}]},{"@type":"WebSite","@id":"https:\/\/www.krafthand.de\/truck\/#website","url":"https:\/\/www.krafthand.de\/truck\/","name":"Krafthand-Truck","description":"","potentialAction":[{"@type":"SearchAction","target":{"@type":"EntryPoint","urlTemplate":"https:\/\/www.krafthand.de\/truck\/?s={search_term_string}"},"query-input":{"@type":"PropertyValueSpecification","valueRequired":true,"valueName":"search_term_string"}}],"inLanguage":"de"},{"@type":"Person","@id":"https:\/\/www.krafthand.de\/truck\/#\/schema\/person\/51fa80b1c57034c4bf63f9f988fc24ce","name":"georg.blenk@krafthand-medien.de","image":{"@type":"ImageObject","inLanguage":"de","@id":"https:\/\/secure.gravatar.com\/avatar\/93713c30affe0aa95d3a4130e499bb1abee2eb31adbdd9ce2aa1543538490215?s=96&d=mm&r=g","url":"https:\/\/secure.gravatar.com\/avatar\/93713c30affe0aa95d3a4130e499bb1abee2eb31adbdd9ce2aa1543538490215?s=96&d=mm&r=g","contentUrl":"https:\/\/secure.gravatar.com\/avatar\/93713c30affe0aa95d3a4130e499bb1abee2eb31adbdd9ce2aa1543538490215?s=96&d=mm&r=g","caption":"georg.blenk@krafthand-medien.de"}}]}},"_links":{"self":[{"href":"https:\/\/www.krafthand.de\/truck\/wp-json\/wp\/v2\/posts\/41119","targetHints":{"allow":["GET"]}}],"collection":[{"href":"https:\/\/www.krafthand.de\/truck\/wp-json\/wp\/v2\/posts"}],"about":[{"href":"https:\/\/www.krafthand.de\/truck\/wp-json\/wp\/v2\/types\/post"}],"author":[{"embeddable":true,"href":"https:\/\/www.krafthand.de\/truck\/wp-json\/wp\/v2\/users\/9"}],"replies":[{"embeddable":true,"href":"https:\/\/www.krafthand.de\/truck\/wp-json\/wp\/v2\/comments?post=41119"}],"version-history":[{"count":2,"href":"https:\/\/www.krafthand.de\/truck\/wp-json\/wp\/v2\/posts\/41119\/revisions"}],"predecessor-version":[{"id":41122,"href":"https:\/\/www.krafthand.de\/truck\/wp-json\/wp\/v2\/posts\/41119\/revisions\/41122"}],"wp:featuredmedia":[{"embeddable":true,"href":"https:\/\/www.krafthand.de\/truck\/wp-json\/wp\/v2\/media\/41121"}],"wp:attachment":[{"href":"https:\/\/www.krafthand.de\/truck\/wp-json\/wp\/v2\/media?parent=41119"}],"wp:term":[{"taxonomy":"category","embeddable":true,"href":"https:\/\/www.krafthand.de\/truck\/wp-json\/wp\/v2\/categories?post=41119"},{"taxonomy":"post_tag","embeddable":true,"href":"https:\/\/www.krafthand.de\/truck\/wp-json\/wp\/v2\/tags?post=41119"},{"taxonomy":"settings","embeddable":true,"href":"https:\/\/www.krafthand.de\/truck\/wp-json\/wp\/v2\/settings?post=41119"}],"curies":[{"name":"wp","href":"https:\/\/api.w.org\/{rel}","templated":true}]}}