{"id":41099,"date":"2024-10-25T13:27:30","date_gmt":"2024-10-25T11:27:30","guid":{"rendered":"https:\/\/www.krafthand.de\/truck\/?p=41099"},"modified":"2024-11-04T08:50:21","modified_gmt":"2024-11-04T07:50:21","slug":"die-frontbox-des-eactros-600-wird-in-mannheim-gefertigt","status":"publish","type":"post","link":"https:\/\/www.krafthand.de\/truck\/artikel\/die-frontbox-des-eactros-600-wird-in-mannheim-gefertigt-41099\/","title":{"rendered":"Die Frontbox des eActros 600 wird in Mannheim gefertigt"},"content":{"rendered":"<p>Erst k\u00fcrzlich wurde der Serienstart des eActros 600 auf der IAA Transportation in Hannover angek\u00fcndigt. Noch 2024 sollen schon erste Kundenfahrzeuge des batterieelektrischen Flaggschiffs von Mercedes-Benz-Trucks gefertigt und zugelassen werden. Dabei wird in jedem Fahrzeug eine zentrale Komponente aus dem Mercedes-Benz Werk Mannheim verbaut &#8211; die sogenannte <strong>Frontbox<\/strong>. Sie sitzt unter dem Fahrerhaus und nimmt den Platz des Dieselmotors ein.<\/p>\n<h3>\u00dcber die Frontbox<\/h3>\n<p>Die Frontbox ist ein komplexes Technologiemodul mit mehreren Steuerger\u00e4ten, Hochvolt-Komponenten sowie elektrischem Luftpresser. Im Gegensatz zum Diesel-Motor hat die Frontbox keine spezifische Antriebsfunktion, sondern enth\u00e4lt eine Vielzahl von Komponenten, die f\u00fcr den Betrieb des Trucks unerl\u00e4sslich sind. Insgesamt sind es mehr als 1.000 Einzelteile. Diese hohe Anzahl an Bauteilen auf engstem Raum unterzubringen, stellte eine besondere Herausforderung w\u00e4hrend des Entwicklungsprozesses dar. Am Ende gelang dies durch eine sogenannte &#8218;Ebenen-Struktur&#8216;, bei der die einzelnen Komponenten von unten nach oben aufgebaut werden.<\/p>\n<blockquote><p>\u201eDie Frontbox ist ein montageintensives Aggregat f\u00fcr batteriebetriebene Fahrzeuge. Nach einer erfolgreichen Prototypenphase freuen wir uns nun, in die Serienfertigung \u00fcbergehen zu k\u00f6nnen. Sowohl die Rahmenvorbereitung als auch der Einbau aller Einzelkomponenten und die Pr\u00fcfung dieser Einheiten werden im Mercedes-Benz Werk Mannheim durchgef\u00fchrt&#8220;, erkl\u00e4rt Andreas Moch, Standortverantwortlicher im Mercedes-Benz Werk Mannheim.<\/p><\/blockquote>\n<figure id=\"attachment_41104\" aria-describedby=\"caption-attachment-41104\" style=\"width: 420px\" class=\"wp-caption alignleft\"><a href=\"https:\/\/static.krafthand-truck.de\/uploads\/2024\/10\/Mercedes_Benz_eActros_600_Frontbox_Qualitaetskontrolle_Mannheim.jpg\" target=\"_blank\" rel=\"noopener\"><img fetchpriority=\"high\" decoding=\"async\" class=\"wp-image-41104\" src=\"https:\/\/static.krafthand-truck.de\/uploads\/2024\/10\/Mercedes_Benz_eActros_600_Frontbox_Qualitaetskontrolle_Mannheim-300x225.jpg\" alt=\"\" width=\"420\" height=\"315\" srcset=\"https:\/\/static.krafthand-truck.de\/uploads\/2024\/10\/Mercedes_Benz_eActros_600_Frontbox_Qualitaetskontrolle_Mannheim-300x225.jpg 300w, https:\/\/static.krafthand-truck.de\/uploads\/2024\/10\/Mercedes_Benz_eActros_600_Frontbox_Qualitaetskontrolle_Mannheim-1024x768.jpg 1024w, https:\/\/static.krafthand-truck.de\/uploads\/2024\/10\/Mercedes_Benz_eActros_600_Frontbox_Qualitaetskontrolle_Mannheim-768x576.jpg 768w, https:\/\/static.krafthand-truck.de\/uploads\/2024\/10\/Mercedes_Benz_eActros_600_Frontbox_Qualitaetskontrolle_Mannheim-200x150.jpg 200w, https:\/\/static.krafthand-truck.de\/uploads\/2024\/10\/Mercedes_Benz_eActros_600_Frontbox_Qualitaetskontrolle_Mannheim.jpg 1200w\" sizes=\"(max-width: 420px) 100vw, 420px\" \/><\/a><figcaption id=\"caption-attachment-41104\" class=\"wp-caption-text\">Die Qualit\u00e4tskontrollen erfolgen in vier Stufen. Am Ende schlie\u00dft die &#8218;End of Line Pr\u00fcfung&#8216; (EOL-Pr\u00fcfung) die umfassenden Checks ab.<\/figcaption><\/figure>\n<h3>Der Aufbau der Fertigungslinie<\/h3>\n<p>In einem mehr als 100 Jahre alten Geb\u00e4ude fanden \u00fcber einen Zeitraum von rund einem Jahr aufw\u00e4ndige Renovierungsarbeiten f\u00fcr den Aufbau der Frontbox-Fertigungslinie statt. Dabei wurden auf der ca. 5.500m\u00b2 gro\u00dfen Fl\u00e4che unter anderem Bodenbeschichtung, Hallenbel\u00fcftung und -beleuchtung erneuert sowie die Tragstruktur neu aufgebaut. Danach erfolgte die Installation der Fertigungslinie mit Logistikzone. Sie bietet eine hohe Flexibilit\u00e4t f\u00fcr unterschiedliche St\u00fcckzahlen, Produktvarianten und Folge-Generationen.<\/p>\n<h3>Vier Fertigungsabschnitte<\/h3>\n<p>Die Frontbox-Montagelinie setzt sich aus vier aufeinanderfolgenden Fertigungsabschnitten zusammen. In jedem dieser Abschnitte befinden sich verschiedene Montagestationen, an welchen sich seitlich die entsprechenden Materialzonen und Vormontagen befinden. Hier werden nacheinander die einzelnen Ebenen der Frontbox komplettiert. Nach jeder abgeschlossenen Ebene durchl\u00e4uft die Frontbox ein sogenanntes Qualit\u00e4tstor, in welchem die korrekte Ausf\u00fchrung des Montageablaufs verifiziert wird, bevor der Aufbau der n\u00e4chsten Ebene erfolgt. Nachdem alle Qualit\u00e4tstore erfolgreich passiert wurden und auch die Montagequalit\u00e4t in der sogenannten &#8218;End of Line Pr\u00fcfung&#8216; (EOL-Pr\u00fcfung) best\u00e4tigt wurde, wird die Frontbox f\u00fcr den Versand an das Mercedes-Benz Werk W\u00f6rth vorbereitet.<\/p>\n\r\n\t\t\t\t<div class=\"post-author\">\r\n\t\t\t\t\t<div class=\"khm-cp-author clearfix\">\r\n\t\t\t\t\t\t<div class=\"khm-cp-author__content\">\r\n\t\t\t\t\t\t\t\tKontakt zum Autor:<br \/>\r\n\t\t\t\t\t\t\t\t<strong>Georg Blenk<\/strong>, 08247 \/ 3007-45 |  <a href=\"mailto:georg.blenk@krafthand-medien.de\">georg.blenk@krafthand-medien.de<\/a>\r\n\t\t\t\t\t\t\t<div class=\"khm-cp-author__image\">\r\n\t\t\t\t\t\t<img src=\"https:\/\/static.krafthand-truck.de\/uploads\/2021\/01\/Blenk_6104-250x300-1-removebg-preview.png\" class=\"img-responsive\">\r\n\t\t\t\t\t<\/div>\r\n\t\t\t\t\t\t<\/div>\r\n\t\t\t\t\t<\/div>\r\n\t\t\t\t<\/div>\r\n\t\t\t\t","protected":false},"excerpt":{"rendered":"<p>Noch 2024 sollen die ersten eActros 600 ausgeliefert werden. Dabei wird in jedem Fahrzeug eine zentrale Komponente aus dem Mercedes-Benz Werk Mannheim verbaut &#8211; die Frontbox. Sie sitzt unter dem Fahrerhaus und nimmt den Platz des Dieselmotors ein. <span class=\"excerpt-more__dots\">&#8230;<\/span> <a class=\"excerpt-more__link\" href=\"https:\/\/www.krafthand.de\/truck\/artikel\/die-frontbox-des-eactros-600-wird-in-mannheim-gefertigt-41099\/\" >weiter<\/a><\/p>\n","protected":false},"author":9,"featured_media":41102,"comment_status":"closed","ping_status":"closed","sticky":false,"template":"","format":"standard","meta":{"footnotes":""},"categories":[4224,4915],"tags":[4492,5730,6064,6065,3664,2958],"settings":[3524,3523],"class_list":["post-41099","post","type-post","status-publish","format-standard","has-post-thumbnail","hentry","category-e-antrieb","category-neue-fahrzeuge","tag-daimler-truck","tag-eactros-600","tag-frontbox","tag-mannheim","tag-montage","tag-serienfertigung"],"yoast_head":"<!-- This site is optimized with the Yoast SEO plugin v27.3 - https:\/\/yoast.com\/product\/yoast-seo-wordpress\/ -->\n<title>Die Frontbox des eActros 600 wird in Mannheim gefertigt - Krafthand-Truck<\/title>\n<meta name=\"description\" content=\"Die Frontbox des eActros 600 wird im Werk Mannheim gefertigt. Sie sitzt unter dem Fahrerhaus und nimmt den Platz des Dieselmotors ein.\" \/>\n<meta name=\"robots\" content=\"index, follow, max-snippet:-1, max-image-preview:large, max-video-preview:-1\" \/>\n<link rel=\"canonical\" href=\"https:\/\/www.krafthand.de\/truck\/artikel\/die-frontbox-des-eactros-600-wird-in-mannheim-gefertigt-41099\/\" \/>\n<meta property=\"og:locale\" content=\"de_DE\" \/>\n<meta property=\"og:type\" content=\"article\" \/>\n<meta property=\"og:title\" content=\"Die Frontbox des eActros 600 wird in Mannheim gefertigt - Krafthand-Truck\" \/>\n<meta property=\"og:description\" content=\"Die Frontbox des eActros 600 wird im Werk Mannheim gefertigt. Sie sitzt unter dem Fahrerhaus und nimmt den Platz des Dieselmotors ein.\" \/>\n<meta property=\"og:url\" content=\"https:\/\/www.krafthand-truck.de\/artikel\/die-frontbox-des-eactros-600-wird-in-mannheim-gefertigt-41099\/\" \/>\n<meta property=\"og:site_name\" content=\"Krafthand-Truck\" \/>\n<meta property=\"article:published_time\" content=\"2024-10-25T11:27:30+00:00\" \/>\n<meta property=\"article:modified_time\" content=\"2024-11-04T07:50:21+00:00\" \/>\n<meta property=\"og:image\" content=\"https:\/\/static.krafthand-truck.de\/uploads\/2024\/10\/Mercedes_Benz_eActros_600_Frontbox_Montage_Mannheim.jpg\" \/>\n\t<meta property=\"og:image:width\" content=\"1200\" \/>\n\t<meta property=\"og:image:height\" content=\"675\" \/>\n\t<meta property=\"og:image:type\" content=\"image\/jpeg\" \/>\n<meta name=\"author\" content=\"georg.blenk@krafthand-medien.de\" \/>\n<meta name=\"twitter:card\" content=\"summary_large_image\" \/>\n<meta name=\"twitter:label1\" content=\"Verfasst von\" \/>\n\t<meta name=\"twitter:data1\" content=\"georg.blenk@krafthand-medien.de\" \/>\n\t<meta name=\"twitter:label2\" content=\"Gesch\u00e4tzte Lesezeit\" \/>\n\t<meta name=\"twitter:data2\" content=\"3\u00a0Minuten\" \/>\n<script type=\"application\/ld+json\" class=\"yoast-schema-graph\">{\"@context\":\"https:\\\/\\\/schema.org\",\"@graph\":[{\"@type\":\"Article\",\"@id\":\"https:\\\/\\\/www.krafthand.de\\\/truck\\\/artikel\\\/die-frontbox-des-eactros-600-wird-in-mannheim-gefertigt-41099\\\/#article\",\"isPartOf\":{\"@id\":\"https:\\\/\\\/www.krafthand.de\\\/truck\\\/artikel\\\/die-frontbox-des-eactros-600-wird-in-mannheim-gefertigt-41099\\\/\"},\"author\":{\"name\":\"georg.blenk@krafthand-medien.de\",\"@id\":\"https:\\\/\\\/www.krafthand.de\\\/truck\\\/#\\\/schema\\\/person\\\/51fa80b1c57034c4bf63f9f988fc24ce\"},\"headline\":\"Die Frontbox des eActros 600 wird in Mannheim gefertigt\",\"datePublished\":\"2024-10-25T11:27:30+00:00\",\"dateModified\":\"2024-11-04T07:50:21+00:00\",\"mainEntityOfPage\":{\"@id\":\"https:\\\/\\\/www.krafthand.de\\\/truck\\\/artikel\\\/die-frontbox-des-eactros-600-wird-in-mannheim-gefertigt-41099\\\/\"},\"wordCount\":423,\"image\":{\"@id\":\"https:\\\/\\\/www.krafthand.de\\\/truck\\\/artikel\\\/die-frontbox-des-eactros-600-wird-in-mannheim-gefertigt-41099\\\/#primaryimage\"},\"thumbnailUrl\":\"https:\\\/\\\/static.krafthand-truck.de\\\/uploads\\\/2024\\\/10\\\/Mercedes_Benz_eActros_600_Frontbox_Montage_Mannheim.jpg\",\"keywords\":[\"Daimler Truck\",\"eActros 600\",\"Frontbox\",\"Mannheim\",\"Montage\",\"Serienfertigung\"],\"articleSection\":[\"E-Antrieb (BEV\\\/FCEV)\",\"Neue Fahrzeuge\"],\"inLanguage\":\"de\"},{\"@type\":\"WebPage\",\"@id\":\"https:\\\/\\\/www.krafthand.de\\\/truck\\\/artikel\\\/die-frontbox-des-eactros-600-wird-in-mannheim-gefertigt-41099\\\/\",\"url\":\"https:\\\/\\\/www.krafthand.de\\\/truck\\\/artikel\\\/die-frontbox-des-eactros-600-wird-in-mannheim-gefertigt-41099\\\/\",\"name\":\"Die Frontbox des eActros 600 wird in Mannheim gefertigt - Krafthand-Truck\",\"isPartOf\":{\"@id\":\"https:\\\/\\\/www.krafthand.de\\\/truck\\\/#website\"},\"primaryImageOfPage\":{\"@id\":\"https:\\\/\\\/www.krafthand.de\\\/truck\\\/artikel\\\/die-frontbox-des-eactros-600-wird-in-mannheim-gefertigt-41099\\\/#primaryimage\"},\"image\":{\"@id\":\"https:\\\/\\\/www.krafthand.de\\\/truck\\\/artikel\\\/die-frontbox-des-eactros-600-wird-in-mannheim-gefertigt-41099\\\/#primaryimage\"},\"thumbnailUrl\":\"https:\\\/\\\/static.krafthand-truck.de\\\/uploads\\\/2024\\\/10\\\/Mercedes_Benz_eActros_600_Frontbox_Montage_Mannheim.jpg\",\"datePublished\":\"2024-10-25T11:27:30+00:00\",\"dateModified\":\"2024-11-04T07:50:21+00:00\",\"author\":{\"@id\":\"https:\\\/\\\/www.krafthand.de\\\/truck\\\/#\\\/schema\\\/person\\\/51fa80b1c57034c4bf63f9f988fc24ce\"},\"description\":\"Die Frontbox des eActros 600 wird im Werk Mannheim gefertigt. Sie sitzt unter dem Fahrerhaus und nimmt den Platz des Dieselmotors ein.\",\"breadcrumb\":{\"@id\":\"https:\\\/\\\/www.krafthand.de\\\/truck\\\/artikel\\\/die-frontbox-des-eactros-600-wird-in-mannheim-gefertigt-41099\\\/#breadcrumb\"},\"inLanguage\":\"de\",\"potentialAction\":[{\"@type\":\"ReadAction\",\"target\":[\"https:\\\/\\\/www.krafthand.de\\\/truck\\\/artikel\\\/die-frontbox-des-eactros-600-wird-in-mannheim-gefertigt-41099\\\/\"]}]},{\"@type\":\"ImageObject\",\"inLanguage\":\"de\",\"@id\":\"https:\\\/\\\/www.krafthand.de\\\/truck\\\/artikel\\\/die-frontbox-des-eactros-600-wird-in-mannheim-gefertigt-41099\\\/#primaryimage\",\"url\":\"https:\\\/\\\/static.krafthand-truck.de\\\/uploads\\\/2024\\\/10\\\/Mercedes_Benz_eActros_600_Frontbox_Montage_Mannheim.jpg\",\"contentUrl\":\"https:\\\/\\\/static.krafthand-truck.de\\\/uploads\\\/2024\\\/10\\\/Mercedes_Benz_eActros_600_Frontbox_Montage_Mannheim.jpg\",\"width\":1200,\"height\":675},{\"@type\":\"BreadcrumbList\",\"@id\":\"https:\\\/\\\/www.krafthand.de\\\/truck\\\/artikel\\\/die-frontbox-des-eactros-600-wird-in-mannheim-gefertigt-41099\\\/#breadcrumb\",\"itemListElement\":[{\"@type\":\"ListItem\",\"position\":1,\"name\":\"Krafthand-Truck\",\"item\":\"https:\\\/\\\/www.krafthand.de\\\/truck\\\/\"},{\"@type\":\"ListItem\",\"position\":2,\"name\":\"IT+Fuhrpark\",\"item\":\"https:\\\/\\\/www.krafthand.de\\\/truck\\\/kategorie\\\/fuhrpark\\\/\"},{\"@type\":\"ListItem\",\"position\":3,\"name\":\"Neue Fahrzeuge\",\"item\":\"https:\\\/\\\/www.krafthand.de\\\/truck\\\/kategorie\\\/fuhrpark\\\/neue-fahrzeuge\\\/\"},{\"@type\":\"ListItem\",\"position\":4,\"name\":\"Die Frontbox des eActros 600 wird in Mannheim gefertigt\"}]},{\"@type\":\"WebSite\",\"@id\":\"https:\\\/\\\/www.krafthand.de\\\/truck\\\/#website\",\"url\":\"https:\\\/\\\/www.krafthand.de\\\/truck\\\/\",\"name\":\"Krafthand-Truck\",\"description\":\"\",\"potentialAction\":[{\"@type\":\"SearchAction\",\"target\":{\"@type\":\"EntryPoint\",\"urlTemplate\":\"https:\\\/\\\/www.krafthand.de\\\/truck\\\/?s={search_term_string}\"},\"query-input\":{\"@type\":\"PropertyValueSpecification\",\"valueRequired\":true,\"valueName\":\"search_term_string\"}}],\"inLanguage\":\"de\"},{\"@type\":\"Person\",\"@id\":\"https:\\\/\\\/www.krafthand.de\\\/truck\\\/#\\\/schema\\\/person\\\/51fa80b1c57034c4bf63f9f988fc24ce\",\"name\":\"georg.blenk@krafthand-medien.de\",\"image\":{\"@type\":\"ImageObject\",\"inLanguage\":\"de\",\"@id\":\"https:\\\/\\\/secure.gravatar.com\\\/avatar\\\/93713c30affe0aa95d3a4130e499bb1abee2eb31adbdd9ce2aa1543538490215?s=96&d=mm&r=g\",\"url\":\"https:\\\/\\\/secure.gravatar.com\\\/avatar\\\/93713c30affe0aa95d3a4130e499bb1abee2eb31adbdd9ce2aa1543538490215?s=96&d=mm&r=g\",\"contentUrl\":\"https:\\\/\\\/secure.gravatar.com\\\/avatar\\\/93713c30affe0aa95d3a4130e499bb1abee2eb31adbdd9ce2aa1543538490215?s=96&d=mm&r=g\",\"caption\":\"georg.blenk@krafthand-medien.de\"}}]}<\/script>\n<!-- \/ Yoast SEO plugin. -->","yoast_head_json":{"title":"Die Frontbox des eActros 600 wird in Mannheim gefertigt - Krafthand-Truck","description":"Die Frontbox des eActros 600 wird im Werk Mannheim gefertigt. Sie sitzt unter dem Fahrerhaus und nimmt den Platz des Dieselmotors ein.","robots":{"index":"index","follow":"follow","max-snippet":"max-snippet:-1","max-image-preview":"max-image-preview:large","max-video-preview":"max-video-preview:-1"},"canonical":"https:\/\/www.krafthand.de\/truck\/artikel\/die-frontbox-des-eactros-600-wird-in-mannheim-gefertigt-41099\/","og_locale":"de_DE","og_type":"article","og_title":"Die Frontbox des eActros 600 wird in Mannheim gefertigt - Krafthand-Truck","og_description":"Die Frontbox des eActros 600 wird im Werk Mannheim gefertigt. Sie sitzt unter dem Fahrerhaus und nimmt den Platz des Dieselmotors ein.","og_url":"https:\/\/www.krafthand-truck.de\/artikel\/die-frontbox-des-eactros-600-wird-in-mannheim-gefertigt-41099\/","og_site_name":"Krafthand-Truck","article_published_time":"2024-10-25T11:27:30+00:00","article_modified_time":"2024-11-04T07:50:21+00:00","og_image":[{"width":1200,"height":675,"url":"https:\/\/static.krafthand-truck.de\/uploads\/2024\/10\/Mercedes_Benz_eActros_600_Frontbox_Montage_Mannheim.jpg","type":"image\/jpeg"}],"author":"georg.blenk@krafthand-medien.de","twitter_card":"summary_large_image","twitter_misc":{"Verfasst von":"georg.blenk@krafthand-medien.de","Gesch\u00e4tzte Lesezeit":"3\u00a0Minuten"},"schema":{"@context":"https:\/\/schema.org","@graph":[{"@type":"Article","@id":"https:\/\/www.krafthand.de\/truck\/artikel\/die-frontbox-des-eactros-600-wird-in-mannheim-gefertigt-41099\/#article","isPartOf":{"@id":"https:\/\/www.krafthand.de\/truck\/artikel\/die-frontbox-des-eactros-600-wird-in-mannheim-gefertigt-41099\/"},"author":{"name":"georg.blenk@krafthand-medien.de","@id":"https:\/\/www.krafthand.de\/truck\/#\/schema\/person\/51fa80b1c57034c4bf63f9f988fc24ce"},"headline":"Die Frontbox des eActros 600 wird in Mannheim gefertigt","datePublished":"2024-10-25T11:27:30+00:00","dateModified":"2024-11-04T07:50:21+00:00","mainEntityOfPage":{"@id":"https:\/\/www.krafthand.de\/truck\/artikel\/die-frontbox-des-eactros-600-wird-in-mannheim-gefertigt-41099\/"},"wordCount":423,"image":{"@id":"https:\/\/www.krafthand.de\/truck\/artikel\/die-frontbox-des-eactros-600-wird-in-mannheim-gefertigt-41099\/#primaryimage"},"thumbnailUrl":"https:\/\/static.krafthand-truck.de\/uploads\/2024\/10\/Mercedes_Benz_eActros_600_Frontbox_Montage_Mannheim.jpg","keywords":["Daimler Truck","eActros 600","Frontbox","Mannheim","Montage","Serienfertigung"],"articleSection":["E-Antrieb (BEV\/FCEV)","Neue Fahrzeuge"],"inLanguage":"de"},{"@type":"WebPage","@id":"https:\/\/www.krafthand.de\/truck\/artikel\/die-frontbox-des-eactros-600-wird-in-mannheim-gefertigt-41099\/","url":"https:\/\/www.krafthand.de\/truck\/artikel\/die-frontbox-des-eactros-600-wird-in-mannheim-gefertigt-41099\/","name":"Die Frontbox des eActros 600 wird in Mannheim gefertigt - Krafthand-Truck","isPartOf":{"@id":"https:\/\/www.krafthand.de\/truck\/#website"},"primaryImageOfPage":{"@id":"https:\/\/www.krafthand.de\/truck\/artikel\/die-frontbox-des-eactros-600-wird-in-mannheim-gefertigt-41099\/#primaryimage"},"image":{"@id":"https:\/\/www.krafthand.de\/truck\/artikel\/die-frontbox-des-eactros-600-wird-in-mannheim-gefertigt-41099\/#primaryimage"},"thumbnailUrl":"https:\/\/static.krafthand-truck.de\/uploads\/2024\/10\/Mercedes_Benz_eActros_600_Frontbox_Montage_Mannheim.jpg","datePublished":"2024-10-25T11:27:30+00:00","dateModified":"2024-11-04T07:50:21+00:00","author":{"@id":"https:\/\/www.krafthand.de\/truck\/#\/schema\/person\/51fa80b1c57034c4bf63f9f988fc24ce"},"description":"Die Frontbox des eActros 600 wird im Werk Mannheim gefertigt. Sie sitzt unter dem Fahrerhaus und nimmt den Platz des Dieselmotors ein.","breadcrumb":{"@id":"https:\/\/www.krafthand.de\/truck\/artikel\/die-frontbox-des-eactros-600-wird-in-mannheim-gefertigt-41099\/#breadcrumb"},"inLanguage":"de","potentialAction":[{"@type":"ReadAction","target":["https:\/\/www.krafthand.de\/truck\/artikel\/die-frontbox-des-eactros-600-wird-in-mannheim-gefertigt-41099\/"]}]},{"@type":"ImageObject","inLanguage":"de","@id":"https:\/\/www.krafthand.de\/truck\/artikel\/die-frontbox-des-eactros-600-wird-in-mannheim-gefertigt-41099\/#primaryimage","url":"https:\/\/static.krafthand-truck.de\/uploads\/2024\/10\/Mercedes_Benz_eActros_600_Frontbox_Montage_Mannheim.jpg","contentUrl":"https:\/\/static.krafthand-truck.de\/uploads\/2024\/10\/Mercedes_Benz_eActros_600_Frontbox_Montage_Mannheim.jpg","width":1200,"height":675},{"@type":"BreadcrumbList","@id":"https:\/\/www.krafthand.de\/truck\/artikel\/die-frontbox-des-eactros-600-wird-in-mannheim-gefertigt-41099\/#breadcrumb","itemListElement":[{"@type":"ListItem","position":1,"name":"Krafthand-Truck","item":"https:\/\/www.krafthand.de\/truck\/"},{"@type":"ListItem","position":2,"name":"IT+Fuhrpark","item":"https:\/\/www.krafthand.de\/truck\/kategorie\/fuhrpark\/"},{"@type":"ListItem","position":3,"name":"Neue Fahrzeuge","item":"https:\/\/www.krafthand.de\/truck\/kategorie\/fuhrpark\/neue-fahrzeuge\/"},{"@type":"ListItem","position":4,"name":"Die Frontbox des eActros 600 wird in Mannheim gefertigt"}]},{"@type":"WebSite","@id":"https:\/\/www.krafthand.de\/truck\/#website","url":"https:\/\/www.krafthand.de\/truck\/","name":"Krafthand-Truck","description":"","potentialAction":[{"@type":"SearchAction","target":{"@type":"EntryPoint","urlTemplate":"https:\/\/www.krafthand.de\/truck\/?s={search_term_string}"},"query-input":{"@type":"PropertyValueSpecification","valueRequired":true,"valueName":"search_term_string"}}],"inLanguage":"de"},{"@type":"Person","@id":"https:\/\/www.krafthand.de\/truck\/#\/schema\/person\/51fa80b1c57034c4bf63f9f988fc24ce","name":"georg.blenk@krafthand-medien.de","image":{"@type":"ImageObject","inLanguage":"de","@id":"https:\/\/secure.gravatar.com\/avatar\/93713c30affe0aa95d3a4130e499bb1abee2eb31adbdd9ce2aa1543538490215?s=96&d=mm&r=g","url":"https:\/\/secure.gravatar.com\/avatar\/93713c30affe0aa95d3a4130e499bb1abee2eb31adbdd9ce2aa1543538490215?s=96&d=mm&r=g","contentUrl":"https:\/\/secure.gravatar.com\/avatar\/93713c30affe0aa95d3a4130e499bb1abee2eb31adbdd9ce2aa1543538490215?s=96&d=mm&r=g","caption":"georg.blenk@krafthand-medien.de"}}]}},"_links":{"self":[{"href":"https:\/\/www.krafthand.de\/truck\/wp-json\/wp\/v2\/posts\/41099","targetHints":{"allow":["GET"]}}],"collection":[{"href":"https:\/\/www.krafthand.de\/truck\/wp-json\/wp\/v2\/posts"}],"about":[{"href":"https:\/\/www.krafthand.de\/truck\/wp-json\/wp\/v2\/types\/post"}],"author":[{"embeddable":true,"href":"https:\/\/www.krafthand.de\/truck\/wp-json\/wp\/v2\/users\/9"}],"replies":[{"embeddable":true,"href":"https:\/\/www.krafthand.de\/truck\/wp-json\/wp\/v2\/comments?post=41099"}],"version-history":[{"count":4,"href":"https:\/\/www.krafthand.de\/truck\/wp-json\/wp\/v2\/posts\/41099\/revisions"}],"predecessor-version":[{"id":41105,"href":"https:\/\/www.krafthand.de\/truck\/wp-json\/wp\/v2\/posts\/41099\/revisions\/41105"}],"wp:featuredmedia":[{"embeddable":true,"href":"https:\/\/www.krafthand.de\/truck\/wp-json\/wp\/v2\/media\/41102"}],"wp:attachment":[{"href":"https:\/\/www.krafthand.de\/truck\/wp-json\/wp\/v2\/media?parent=41099"}],"wp:term":[{"taxonomy":"category","embeddable":true,"href":"https:\/\/www.krafthand.de\/truck\/wp-json\/wp\/v2\/categories?post=41099"},{"taxonomy":"post_tag","embeddable":true,"href":"https:\/\/www.krafthand.de\/truck\/wp-json\/wp\/v2\/tags?post=41099"},{"taxonomy":"settings","embeddable":true,"href":"https:\/\/www.krafthand.de\/truck\/wp-json\/wp\/v2\/settings?post=41099"}],"curies":[{"name":"wp","href":"https:\/\/api.w.org\/{rel}","templated":true}]}}