{"id":41038,"date":"2024-10-21T09:46:01","date_gmt":"2024-10-21T07:46:01","guid":{"rendered":"https:\/\/www.krafthand.de\/truck\/?p=41038"},"modified":"2024-10-21T11:41:19","modified_gmt":"2024-10-21T09:41:19","slug":"nfz-aftermarket-zahlreiche-neuerungen-von-zf","status":"publish","type":"post","link":"https:\/\/www.krafthand.de\/truck\/artikel\/nfz-aftermarket-zahlreiche-neuerungen-von-zf-41038\/","title":{"rendered":"Zahlreiche Neuerungen von ZF"},"content":{"rendered":"<p>ZF Aftermarket konzentriert sich weiterhin auf sein ZF (pro)Service-Werkstattkonzept. Nunmehr sind es rund 3.000 qualifizierte Werkstattpartner in \u00fcber 100 L\u00e4ndern. Zus\u00e4tzlich wird das Portfolio an Systemkomponenten und Ersatzteilen f\u00fcr Lkw, Trailer und Busse stetig erweitert.<\/p>\n<p>Beispielsweise bietet <a href=\"https:\/\/aftermarket.zf.com\/de\/aftermarket-portal\/unser-portfolio\/lkw-anhaenger-busse\/\" target=\"_blank\" rel=\"noopener\">ZF Aftermarket<\/a> mit der WABCO OnLane-ALERT-Kamera und dem OnGuard-Radar sowie den entsprechenden Halterungen, Ersatzteile exklusiv f\u00fcr DAF- und IVECO-Fahrzeuge an. Werkst\u00e4tten k\u00f6nnten den Austausch dieser ADAS-Komponenten mit Hilfe der entsprechenden Diagnosesoftware fachgerecht durchf\u00fchren.<\/p>\n<h3>Reparaturs\u00e4tze f\u00fcr CeTrax-System<\/h3>\n<p>ZF Aftermarket stellte auf der Automechanika au\u00dferdem zw\u00f6lf neue Reparaturs\u00e4tze f\u00fcr das CeTrax-System vor. Es handelt sich um einen vollelektrischer Zentralantrieb, der in verschiedenen Busanwendungen sowie in Lieferfahrzeugen zum Einsatz kommt. Die Reparaturs\u00e4tze enthalten alle notwendigen Teile f\u00fcr eine einfache und sichere Reparatur. Mit dem Angebot m\u00f6chte ZF Aftermarket den Technologiewandel in der Erstausr\u00fcstung erreichen und ihn f\u00fcr den Aftermarket zug\u00e4nglich machen.<\/p>\n<h3>Trailer-Bremssystem \u201aiEBS\u2018<\/h3>\n<figure id=\"attachment_41041\" aria-describedby=\"caption-attachment-41041\" style=\"width: 420px\" class=\"wp-caption alignright\"><a href=\"https:\/\/static.krafthand-truck.de\/uploads\/2024\/10\/ZF_Trailerbremssystem_iEBS.jpg\" target=\"_blank\" rel=\"noopener\"><img fetchpriority=\"high\" decoding=\"async\" class=\"wp-image-41041\" src=\"https:\/\/static.krafthand-truck.de\/uploads\/2024\/10\/ZF_Trailerbremssystem_iEBS-300x245.jpg\" alt=\"\" width=\"420\" height=\"342\" srcset=\"https:\/\/static.krafthand-truck.de\/uploads\/2024\/10\/ZF_Trailerbremssystem_iEBS-300x245.jpg 300w, https:\/\/static.krafthand-truck.de\/uploads\/2024\/10\/ZF_Trailerbremssystem_iEBS-1024x835.jpg 1024w, https:\/\/static.krafthand-truck.de\/uploads\/2024\/10\/ZF_Trailerbremssystem_iEBS-768x626.jpg 768w, https:\/\/static.krafthand-truck.de\/uploads\/2024\/10\/ZF_Trailerbremssystem_iEBS.jpg 1200w\" sizes=\"(max-width: 420px) 100vw, 420px\" \/><\/a><figcaption id=\"caption-attachment-41041\" class=\"wp-caption-text\">In K\u00fcrze bringt ZF neue Varianten des Trailer-Bremssystems \u201aiEBS\u2018 auf den Markt. Nfz-Partner-Werkst\u00e4tten bekommen entsprechende Informationen an die Hand, um die Einbauzeiten zu verk\u00fcrzen. Bild: ZF<\/figcaption><\/figure>\n<p>Noch im vierten Quartal 2024 m\u00f6chte die Aftermarket-Division neue Standard- und Premiumvarianten des elektronischen Trailer-Bremssystems \u201aiEBS\u2018 auf den Markt bringen, die eine Vielzahl integrierter Funktionen wie die Reifendruck\u00fcberwachung bieten. Gleichzeitig erhalten die <a href=\"https:\/\/aftermarket.zf.com\/de\/aftermarket-portal\/fuer-werkstaetten\/werkstattkonzepte\/nutzfahrzeuge\/zf-proservice\/\" target=\"_blank\" rel=\"noopener\">ZF (pro)Service-Partner<\/a> das notwendige technische Know-how, um die Einbauzeiten zu verk\u00fcrzen und damit die Betriebszeit der Fahrzeuge zu maximieren.<\/p>\n<h3>Premium Comfort Valve D\u00e4mpfer von Sachs<\/h3>\n<p>Die Premium Comfort Valve (PCV) Sto\u00dfd\u00e4mpfer f\u00fcr Busse und Reisebusse von Sachs bieten dank der neuartigen Ventiltechnologie von ZF eine optimale Balance zwischen Komfort und Stabilit\u00e4t. Besonders wichtig seien diese D\u00e4mpfer f\u00fcr elektrifizierte Fahrzeuge, bei denen das PCV-System die ver\u00e4nderte Fahrzeugstruktur und Gewichtsbalance besser kontrollieren kann. Erste Anwendungen, zum Beispiel f\u00fcr MAN- und Daimler-Busse, sind bereits verf\u00fcgbar.<\/p>\n<h3>Smart Tachograph<\/h3>\n<p>Neu ist auch der ZF Smart Tachograph. Er erfasst Daten wie Lenk- und Ruhezeiten, Geschwindigkeit und Standort und erleichtert die Datenintegration f\u00fcr Fahrer, Disponenten und Kunden. Bis zum 21. August 2025 m\u00fcssen Fahrzeuge, die mit einem Smart Tacho 1 oder \u00e4lteren analogen oder digitalen Tachographen ausgestattet sind, mit einem Smart Tacho 2 nachger\u00fcstet werden. Ab dem 1. Juli 2026 gilt die Tachographen-Pflicht auch f\u00fcr Nfz \u00fcber 2,5 Tonnen im grenz\u00fcberschreitenden Verkehr.<\/p>\n<p><i>Den Beitrag finden Sie auch in der Print-Ausgabe 4-2024 der <a href=\"https:\/\/www.krafthand.de\/truck\/magazin\/\" title=\"Zum Magazin\">Krafthand-Truck<\/a>.<\/i><\/p>\r\n\t\t\t\t<div class=\"post-author\">\r\n\t\t\t\t\t<div class=\"khm-cp-author clearfix\">\r\n\t\t\t\t\t\t<div class=\"khm-cp-author__content\">\r\n\t\t\t\t\t\t\t\tKontakt zum Autor:<br \/>\r\n\t\t\t\t\t\t\t\t<strong>Georg Blenk<\/strong>, 08247 \/ 3007-45 |  <a href=\"mailto:georg.blenk@krafthand-medien.de\">georg.blenk@krafthand-medien.de<\/a>\r\n\t\t\t\t\t\t\t<div class=\"khm-cp-author__image\">\r\n\t\t\t\t\t\t<img src=\"https:\/\/static.krafthand-truck.de\/uploads\/2021\/01\/Blenk_6104-250x300-1-removebg-preview.png\" class=\"img-responsive\">\r\n\t\t\t\t\t<\/div>\r\n\t\t\t\t\t\t<\/div>\r\n\t\t\t\t\t<\/div>\r\n\t\t\t\t<\/div>\r\n\t\t\t\t","protected":false},"excerpt":{"rendered":"<p>ZF Aftermarket konzentriert sich weiterhin auf sein ZF (pro)Service-Werkstattkonzept. Nunmehr sind es rund 3.000 qualifizierte Werkstattpartner in \u00fcber 100 L\u00e4ndern. Zus\u00e4tzlich wird das Portfolio an Systemkomponenten und Ersatzteilen f\u00fcr Lkw, Trailer und Busse stetig erweitert. <span class=\"excerpt-more__dots\">&#8230;<\/span> <a class=\"excerpt-more__link\" href=\"https:\/\/www.krafthand.de\/truck\/artikel\/nfz-aftermarket-zahlreiche-neuerungen-von-zf-41038\/\" >weiter<\/a><\/p>\n","protected":false},"author":9,"featured_media":41039,"comment_status":"closed","ping_status":"closed","sticky":false,"template":"","format":"standard","meta":{"footnotes":""},"categories":[4912,4226,4229,4227,4233],"tags":[4769,227,2232,6056,6055,6054,120,187],"settings":[3524,4766,3523],"class_list":["post-41038","post","type-post","status-publish","format-standard","has-post-thumbnail","hentry","category-ersatzteile-zubehoer","category-fahrwerk","category-nfz-teile-systeme","category-rad-reifen-bremse","category-navigation","tag-adas","tag-bremse","tag-digitaler-tachograph","tag-iebs","tag-onguard-radar","tag-onlane-alert-kamera","tag-wabco","tag-zf"],"yoast_head":"<!-- This site is optimized with the Yoast SEO plugin v27.3 - https:\/\/yoast.com\/product\/yoast-seo-wordpress\/ -->\n<title>Zahlreiche Neuerungen von ZF - Krafthand-Truck<\/title>\n<meta name=\"description\" content=\"ZF Aftermarket erweitert stetig das Portfolio an Systemkomponenten und Ersatzteilen f\u00fcr Lkw, Trailer und Busse.\" \/>\n<meta name=\"robots\" content=\"index, follow, max-snippet:-1, max-image-preview:large, max-video-preview:-1\" \/>\n<link rel=\"canonical\" href=\"https:\/\/www.krafthand.de\/truck\/artikel\/nfz-aftermarket-zahlreiche-neuerungen-von-zf-41038\/\" \/>\n<meta property=\"og:locale\" content=\"de_DE\" \/>\n<meta property=\"og:type\" content=\"article\" \/>\n<meta property=\"og:title\" content=\"Zahlreiche Neuerungen von ZF - Krafthand-Truck\" \/>\n<meta property=\"og:description\" content=\"ZF Aftermarket erweitert stetig das Portfolio an Systemkomponenten und Ersatzteilen f\u00fcr Lkw, Trailer und Busse.\" \/>\n<meta property=\"og:url\" content=\"https:\/\/www.krafthand-truck.de\/artikel\/nfz-aftermarket-zahlreiche-neuerungen-von-zf-41038\/\" \/>\n<meta property=\"og:site_name\" content=\"Krafthand-Truck\" \/>\n<meta property=\"article:published_time\" content=\"2024-10-21T07:46:01+00:00\" \/>\n<meta property=\"article:modified_time\" content=\"2024-10-21T09:41:19+00:00\" \/>\n<meta property=\"og:image\" content=\"https:\/\/static.krafthand-truck.de\/uploads\/2024\/10\/ZF_Wabco_OnLane_ALERT_Kamera_OnGuard-Radar.jpg\" \/>\n\t<meta property=\"og:image:width\" content=\"1200\" \/>\n\t<meta property=\"og:image:height\" content=\"470\" \/>\n\t<meta property=\"og:image:type\" content=\"image\/jpeg\" \/>\n<meta name=\"author\" content=\"georg.blenk@krafthand-medien.de\" \/>\n<meta name=\"twitter:card\" content=\"summary_large_image\" \/>\n<meta name=\"twitter:label1\" content=\"Verfasst von\" \/>\n\t<meta name=\"twitter:data1\" content=\"georg.blenk@krafthand-medien.de\" \/>\n\t<meta name=\"twitter:label2\" content=\"Gesch\u00e4tzte Lesezeit\" \/>\n\t<meta name=\"twitter:data2\" content=\"3\u00a0Minuten\" \/>\n<script type=\"application\/ld+json\" class=\"yoast-schema-graph\">{\"@context\":\"https:\\\/\\\/schema.org\",\"@graph\":[{\"@type\":\"Article\",\"@id\":\"https:\\\/\\\/www.krafthand.de\\\/truck\\\/artikel\\\/nfz-aftermarket-zahlreiche-neuerungen-von-zf-41038\\\/#article\",\"isPartOf\":{\"@id\":\"https:\\\/\\\/www.krafthand.de\\\/truck\\\/artikel\\\/nfz-aftermarket-zahlreiche-neuerungen-von-zf-41038\\\/\"},\"author\":{\"name\":\"georg.blenk@krafthand-medien.de\",\"@id\":\"https:\\\/\\\/www.krafthand.de\\\/truck\\\/#\\\/schema\\\/person\\\/51fa80b1c57034c4bf63f9f988fc24ce\"},\"headline\":\"Zahlreiche Neuerungen von ZF\",\"datePublished\":\"2024-10-21T07:46:01+00:00\",\"dateModified\":\"2024-10-21T09:41:19+00:00\",\"mainEntityOfPage\":{\"@id\":\"https:\\\/\\\/www.krafthand.de\\\/truck\\\/artikel\\\/nfz-aftermarket-zahlreiche-neuerungen-von-zf-41038\\\/\"},\"wordCount\":393,\"image\":{\"@id\":\"https:\\\/\\\/www.krafthand.de\\\/truck\\\/artikel\\\/nfz-aftermarket-zahlreiche-neuerungen-von-zf-41038\\\/#primaryimage\"},\"thumbnailUrl\":\"https:\\\/\\\/static.krafthand-truck.de\\\/uploads\\\/2024\\\/10\\\/ZF_Wabco_OnLane_ALERT_Kamera_OnGuard-Radar.jpg\",\"keywords\":[\"ADAS\",\"Bremse\",\"Digitaler Tachograph\",\"iEBS\",\"OnGuard-Radar\",\"OnLane-ALERT-Kamera\",\"Wabco\",\"ZF\"],\"articleSection\":[\"Ersatzteile\\\/Zubeh\u00f6r\",\"Fahrwerk\\\/D\u00e4mpfung\",\"Nfz-Teile\\\/Systeme\",\"Rad\\\/Reifen\\\/Bremse\",\"Telematik \\\/ Navigation\"],\"inLanguage\":\"de\"},{\"@type\":\"WebPage\",\"@id\":\"https:\\\/\\\/www.krafthand.de\\\/truck\\\/artikel\\\/nfz-aftermarket-zahlreiche-neuerungen-von-zf-41038\\\/\",\"url\":\"https:\\\/\\\/www.krafthand.de\\\/truck\\\/artikel\\\/nfz-aftermarket-zahlreiche-neuerungen-von-zf-41038\\\/\",\"name\":\"Zahlreiche Neuerungen von ZF - Krafthand-Truck\",\"isPartOf\":{\"@id\":\"https:\\\/\\\/www.krafthand.de\\\/truck\\\/#website\"},\"primaryImageOfPage\":{\"@id\":\"https:\\\/\\\/www.krafthand.de\\\/truck\\\/artikel\\\/nfz-aftermarket-zahlreiche-neuerungen-von-zf-41038\\\/#primaryimage\"},\"image\":{\"@id\":\"https:\\\/\\\/www.krafthand.de\\\/truck\\\/artikel\\\/nfz-aftermarket-zahlreiche-neuerungen-von-zf-41038\\\/#primaryimage\"},\"thumbnailUrl\":\"https:\\\/\\\/static.krafthand-truck.de\\\/uploads\\\/2024\\\/10\\\/ZF_Wabco_OnLane_ALERT_Kamera_OnGuard-Radar.jpg\",\"datePublished\":\"2024-10-21T07:46:01+00:00\",\"dateModified\":\"2024-10-21T09:41:19+00:00\",\"author\":{\"@id\":\"https:\\\/\\\/www.krafthand.de\\\/truck\\\/#\\\/schema\\\/person\\\/51fa80b1c57034c4bf63f9f988fc24ce\"},\"description\":\"ZF Aftermarket erweitert stetig das Portfolio an Systemkomponenten und Ersatzteilen f\u00fcr Lkw, Trailer und Busse.\",\"breadcrumb\":{\"@id\":\"https:\\\/\\\/www.krafthand.de\\\/truck\\\/artikel\\\/nfz-aftermarket-zahlreiche-neuerungen-von-zf-41038\\\/#breadcrumb\"},\"inLanguage\":\"de\",\"potentialAction\":[{\"@type\":\"ReadAction\",\"target\":[\"https:\\\/\\\/www.krafthand.de\\\/truck\\\/artikel\\\/nfz-aftermarket-zahlreiche-neuerungen-von-zf-41038\\\/\"]}]},{\"@type\":\"ImageObject\",\"inLanguage\":\"de\",\"@id\":\"https:\\\/\\\/www.krafthand.de\\\/truck\\\/artikel\\\/nfz-aftermarket-zahlreiche-neuerungen-von-zf-41038\\\/#primaryimage\",\"url\":\"https:\\\/\\\/static.krafthand-truck.de\\\/uploads\\\/2024\\\/10\\\/ZF_Wabco_OnLane_ALERT_Kamera_OnGuard-Radar.jpg\",\"contentUrl\":\"https:\\\/\\\/static.krafthand-truck.de\\\/uploads\\\/2024\\\/10\\\/ZF_Wabco_OnLane_ALERT_Kamera_OnGuard-Radar.jpg\",\"width\":1200,\"height\":470},{\"@type\":\"BreadcrumbList\",\"@id\":\"https:\\\/\\\/www.krafthand.de\\\/truck\\\/artikel\\\/nfz-aftermarket-zahlreiche-neuerungen-von-zf-41038\\\/#breadcrumb\",\"itemListElement\":[{\"@type\":\"ListItem\",\"position\":1,\"name\":\"Krafthand-Truck\",\"item\":\"https:\\\/\\\/www.krafthand.de\\\/truck\\\/\"},{\"@type\":\"ListItem\",\"position\":2,\"name\":\"IT+Fuhrpark\",\"item\":\"https:\\\/\\\/www.krafthand.de\\\/truck\\\/kategorie\\\/fuhrpark\\\/\"},{\"@type\":\"ListItem\",\"position\":3,\"name\":\"Telematik \\\/ Navigation\",\"item\":\"https:\\\/\\\/www.krafthand.de\\\/truck\\\/kategorie\\\/fuhrpark\\\/navigation\\\/\"},{\"@type\":\"ListItem\",\"position\":4,\"name\":\"Zahlreiche Neuerungen von ZF\"}]},{\"@type\":\"WebSite\",\"@id\":\"https:\\\/\\\/www.krafthand.de\\\/truck\\\/#website\",\"url\":\"https:\\\/\\\/www.krafthand.de\\\/truck\\\/\",\"name\":\"Krafthand-Truck\",\"description\":\"\",\"potentialAction\":[{\"@type\":\"SearchAction\",\"target\":{\"@type\":\"EntryPoint\",\"urlTemplate\":\"https:\\\/\\\/www.krafthand.de\\\/truck\\\/?s={search_term_string}\"},\"query-input\":{\"@type\":\"PropertyValueSpecification\",\"valueRequired\":true,\"valueName\":\"search_term_string\"}}],\"inLanguage\":\"de\"},{\"@type\":\"Person\",\"@id\":\"https:\\\/\\\/www.krafthand.de\\\/truck\\\/#\\\/schema\\\/person\\\/51fa80b1c57034c4bf63f9f988fc24ce\",\"name\":\"georg.blenk@krafthand-medien.de\",\"image\":{\"@type\":\"ImageObject\",\"inLanguage\":\"de\",\"@id\":\"https:\\\/\\\/secure.gravatar.com\\\/avatar\\\/93713c30affe0aa95d3a4130e499bb1abee2eb31adbdd9ce2aa1543538490215?s=96&d=mm&r=g\",\"url\":\"https:\\\/\\\/secure.gravatar.com\\\/avatar\\\/93713c30affe0aa95d3a4130e499bb1abee2eb31adbdd9ce2aa1543538490215?s=96&d=mm&r=g\",\"contentUrl\":\"https:\\\/\\\/secure.gravatar.com\\\/avatar\\\/93713c30affe0aa95d3a4130e499bb1abee2eb31adbdd9ce2aa1543538490215?s=96&d=mm&r=g\",\"caption\":\"georg.blenk@krafthand-medien.de\"}}]}<\/script>\n<!-- \/ Yoast SEO plugin. -->","yoast_head_json":{"title":"Zahlreiche Neuerungen von ZF - Krafthand-Truck","description":"ZF Aftermarket erweitert stetig das Portfolio an Systemkomponenten und Ersatzteilen f\u00fcr Lkw, Trailer und Busse.","robots":{"index":"index","follow":"follow","max-snippet":"max-snippet:-1","max-image-preview":"max-image-preview:large","max-video-preview":"max-video-preview:-1"},"canonical":"https:\/\/www.krafthand.de\/truck\/artikel\/nfz-aftermarket-zahlreiche-neuerungen-von-zf-41038\/","og_locale":"de_DE","og_type":"article","og_title":"Zahlreiche Neuerungen von ZF - Krafthand-Truck","og_description":"ZF Aftermarket erweitert stetig das Portfolio an Systemkomponenten und Ersatzteilen f\u00fcr Lkw, Trailer und Busse.","og_url":"https:\/\/www.krafthand-truck.de\/artikel\/nfz-aftermarket-zahlreiche-neuerungen-von-zf-41038\/","og_site_name":"Krafthand-Truck","article_published_time":"2024-10-21T07:46:01+00:00","article_modified_time":"2024-10-21T09:41:19+00:00","og_image":[{"width":1200,"height":470,"url":"https:\/\/static.krafthand-truck.de\/uploads\/2024\/10\/ZF_Wabco_OnLane_ALERT_Kamera_OnGuard-Radar.jpg","type":"image\/jpeg"}],"author":"georg.blenk@krafthand-medien.de","twitter_card":"summary_large_image","twitter_misc":{"Verfasst von":"georg.blenk@krafthand-medien.de","Gesch\u00e4tzte Lesezeit":"3\u00a0Minuten"},"schema":{"@context":"https:\/\/schema.org","@graph":[{"@type":"Article","@id":"https:\/\/www.krafthand.de\/truck\/artikel\/nfz-aftermarket-zahlreiche-neuerungen-von-zf-41038\/#article","isPartOf":{"@id":"https:\/\/www.krafthand.de\/truck\/artikel\/nfz-aftermarket-zahlreiche-neuerungen-von-zf-41038\/"},"author":{"name":"georg.blenk@krafthand-medien.de","@id":"https:\/\/www.krafthand.de\/truck\/#\/schema\/person\/51fa80b1c57034c4bf63f9f988fc24ce"},"headline":"Zahlreiche Neuerungen von ZF","datePublished":"2024-10-21T07:46:01+00:00","dateModified":"2024-10-21T09:41:19+00:00","mainEntityOfPage":{"@id":"https:\/\/www.krafthand.de\/truck\/artikel\/nfz-aftermarket-zahlreiche-neuerungen-von-zf-41038\/"},"wordCount":393,"image":{"@id":"https:\/\/www.krafthand.de\/truck\/artikel\/nfz-aftermarket-zahlreiche-neuerungen-von-zf-41038\/#primaryimage"},"thumbnailUrl":"https:\/\/static.krafthand-truck.de\/uploads\/2024\/10\/ZF_Wabco_OnLane_ALERT_Kamera_OnGuard-Radar.jpg","keywords":["ADAS","Bremse","Digitaler Tachograph","iEBS","OnGuard-Radar","OnLane-ALERT-Kamera","Wabco","ZF"],"articleSection":["Ersatzteile\/Zubeh\u00f6r","Fahrwerk\/D\u00e4mpfung","Nfz-Teile\/Systeme","Rad\/Reifen\/Bremse","Telematik \/ Navigation"],"inLanguage":"de"},{"@type":"WebPage","@id":"https:\/\/www.krafthand.de\/truck\/artikel\/nfz-aftermarket-zahlreiche-neuerungen-von-zf-41038\/","url":"https:\/\/www.krafthand.de\/truck\/artikel\/nfz-aftermarket-zahlreiche-neuerungen-von-zf-41038\/","name":"Zahlreiche Neuerungen von ZF - Krafthand-Truck","isPartOf":{"@id":"https:\/\/www.krafthand.de\/truck\/#website"},"primaryImageOfPage":{"@id":"https:\/\/www.krafthand.de\/truck\/artikel\/nfz-aftermarket-zahlreiche-neuerungen-von-zf-41038\/#primaryimage"},"image":{"@id":"https:\/\/www.krafthand.de\/truck\/artikel\/nfz-aftermarket-zahlreiche-neuerungen-von-zf-41038\/#primaryimage"},"thumbnailUrl":"https:\/\/static.krafthand-truck.de\/uploads\/2024\/10\/ZF_Wabco_OnLane_ALERT_Kamera_OnGuard-Radar.jpg","datePublished":"2024-10-21T07:46:01+00:00","dateModified":"2024-10-21T09:41:19+00:00","author":{"@id":"https:\/\/www.krafthand.de\/truck\/#\/schema\/person\/51fa80b1c57034c4bf63f9f988fc24ce"},"description":"ZF Aftermarket erweitert stetig das Portfolio an Systemkomponenten und Ersatzteilen f\u00fcr Lkw, Trailer und Busse.","breadcrumb":{"@id":"https:\/\/www.krafthand.de\/truck\/artikel\/nfz-aftermarket-zahlreiche-neuerungen-von-zf-41038\/#breadcrumb"},"inLanguage":"de","potentialAction":[{"@type":"ReadAction","target":["https:\/\/www.krafthand.de\/truck\/artikel\/nfz-aftermarket-zahlreiche-neuerungen-von-zf-41038\/"]}]},{"@type":"ImageObject","inLanguage":"de","@id":"https:\/\/www.krafthand.de\/truck\/artikel\/nfz-aftermarket-zahlreiche-neuerungen-von-zf-41038\/#primaryimage","url":"https:\/\/static.krafthand-truck.de\/uploads\/2024\/10\/ZF_Wabco_OnLane_ALERT_Kamera_OnGuard-Radar.jpg","contentUrl":"https:\/\/static.krafthand-truck.de\/uploads\/2024\/10\/ZF_Wabco_OnLane_ALERT_Kamera_OnGuard-Radar.jpg","width":1200,"height":470},{"@type":"BreadcrumbList","@id":"https:\/\/www.krafthand.de\/truck\/artikel\/nfz-aftermarket-zahlreiche-neuerungen-von-zf-41038\/#breadcrumb","itemListElement":[{"@type":"ListItem","position":1,"name":"Krafthand-Truck","item":"https:\/\/www.krafthand.de\/truck\/"},{"@type":"ListItem","position":2,"name":"IT+Fuhrpark","item":"https:\/\/www.krafthand.de\/truck\/kategorie\/fuhrpark\/"},{"@type":"ListItem","position":3,"name":"Telematik \/ Navigation","item":"https:\/\/www.krafthand.de\/truck\/kategorie\/fuhrpark\/navigation\/"},{"@type":"ListItem","position":4,"name":"Zahlreiche Neuerungen von ZF"}]},{"@type":"WebSite","@id":"https:\/\/www.krafthand.de\/truck\/#website","url":"https:\/\/www.krafthand.de\/truck\/","name":"Krafthand-Truck","description":"","potentialAction":[{"@type":"SearchAction","target":{"@type":"EntryPoint","urlTemplate":"https:\/\/www.krafthand.de\/truck\/?s={search_term_string}"},"query-input":{"@type":"PropertyValueSpecification","valueRequired":true,"valueName":"search_term_string"}}],"inLanguage":"de"},{"@type":"Person","@id":"https:\/\/www.krafthand.de\/truck\/#\/schema\/person\/51fa80b1c57034c4bf63f9f988fc24ce","name":"georg.blenk@krafthand-medien.de","image":{"@type":"ImageObject","inLanguage":"de","@id":"https:\/\/secure.gravatar.com\/avatar\/93713c30affe0aa95d3a4130e499bb1abee2eb31adbdd9ce2aa1543538490215?s=96&d=mm&r=g","url":"https:\/\/secure.gravatar.com\/avatar\/93713c30affe0aa95d3a4130e499bb1abee2eb31adbdd9ce2aa1543538490215?s=96&d=mm&r=g","contentUrl":"https:\/\/secure.gravatar.com\/avatar\/93713c30affe0aa95d3a4130e499bb1abee2eb31adbdd9ce2aa1543538490215?s=96&d=mm&r=g","caption":"georg.blenk@krafthand-medien.de"}}]}},"_links":{"self":[{"href":"https:\/\/www.krafthand.de\/truck\/wp-json\/wp\/v2\/posts\/41038","targetHints":{"allow":["GET"]}}],"collection":[{"href":"https:\/\/www.krafthand.de\/truck\/wp-json\/wp\/v2\/posts"}],"about":[{"href":"https:\/\/www.krafthand.de\/truck\/wp-json\/wp\/v2\/types\/post"}],"author":[{"embeddable":true,"href":"https:\/\/www.krafthand.de\/truck\/wp-json\/wp\/v2\/users\/9"}],"replies":[{"embeddable":true,"href":"https:\/\/www.krafthand.de\/truck\/wp-json\/wp\/v2\/comments?post=41038"}],"version-history":[{"count":7,"href":"https:\/\/www.krafthand.de\/truck\/wp-json\/wp\/v2\/posts\/41038\/revisions"}],"predecessor-version":[{"id":41047,"href":"https:\/\/www.krafthand.de\/truck\/wp-json\/wp\/v2\/posts\/41038\/revisions\/41047"}],"wp:featuredmedia":[{"embeddable":true,"href":"https:\/\/www.krafthand.de\/truck\/wp-json\/wp\/v2\/media\/41039"}],"wp:attachment":[{"href":"https:\/\/www.krafthand.de\/truck\/wp-json\/wp\/v2\/media?parent=41038"}],"wp:term":[{"taxonomy":"category","embeddable":true,"href":"https:\/\/www.krafthand.de\/truck\/wp-json\/wp\/v2\/categories?post=41038"},{"taxonomy":"post_tag","embeddable":true,"href":"https:\/\/www.krafthand.de\/truck\/wp-json\/wp\/v2\/tags?post=41038"},{"taxonomy":"settings","embeddable":true,"href":"https:\/\/www.krafthand.de\/truck\/wp-json\/wp\/v2\/settings?post=41038"}],"curies":[{"name":"wp","href":"https:\/\/api.w.org\/{rel}","templated":true}]}}