{"id":40972,"date":"2024-10-10T16:42:04","date_gmt":"2024-10-10T14:42:04","guid":{"rendered":"https:\/\/www.krafthand.de\/truck\/?p=40972"},"modified":"2025-12-02T10:55:34","modified_gmt":"2025-12-02T09:55:34","slug":"bayern-spieler-als-testimonial-fuer-neuen-lkw-ladepark-mit-einmal-laden-bis-nach-dortmund","status":"publish","type":"post","link":"https:\/\/www.krafthand.de\/truck\/artikel\/bayern-spieler-als-testimonial-fuer-neuen-lkw-ladepark-mit-einmal-laden-bis-nach-dortmund-40972\/","title":{"rendered":"&#8222;Mit einmal Laden bis nach Dortmund.&#8220;"},"content":{"rendered":"<p>Mit einem Social-Media-Clip stellen die Bayernspieler Manuel Neuer, Joshua Kimmich und Konrad Laimer das Projekt f\u00fcr den Aufbau eines Megawattladeparks f\u00fcr elektrische Lkw und Busse an der Allianz Arena vor. Das gemeinsame Projekt wird vom <a href=\"https:\/\/fcbayern.com\/de\" target=\"_blank\" rel=\"noopener\">FC Bayern M\u00fcnchen<\/a> und <a href=\"https:\/\/www.man.eu\/de\/de\/homepage.html\" target=\"_blank\" rel=\"noopener\">MAN Truck &amp; Bus<\/a> vorangetrieben.<\/p>\n<p>Der offizielle Startschuss fiel bereits im August. Auf dem s\u00fcdlichen Busparkplatz der Allianz Arena sollen Hochleistungs- und Megawattladepunkte in drei geplanten Ausbaustufen entstehen. Insgesamt sind 30 Ladepunkte vorgesehen. Damit k\u00f6nnten laut MAN t\u00e4glich bis zu 500 elektrische Busse und Lkw geladen werden.<\/p>\n<p>Die Allianz Arena verf\u00fcgt \u00fcber ein sehr leistungsstarkes Stromnetz, das nur an Spieltagen voll genutzt wird. So bietet sie die ideale Voraussetzungen f\u00fcr die Errichtung eines Nutzfahrzeugladeparks. Zudem liegt die Arena unmittelbar am Autobahnkreuz M\u00fcnchen Nord mit eigenem Autobahnanschluss. Tats\u00e4chlich passieren bis zu 10.000 Lkw t\u00e4glich, den f\u00fcr den gesamten europ\u00e4ischen Stra\u00dfeng\u00fcterverkehr wichtigen Verkehrsknotenpunkt.<\/p>\n<h3>Das Video<\/h3>\n<div class=\"brlbs-cmpnt-container brlbs-cmpnt-content-blocker brlbs-cmpnt-with-individual-styles\" data-borlabs-cookie-content-blocker-id=\"youtube-content-blocker\" data-borlabs-cookie-content=\"PGlmcmFtZSB0aXRsZT0iTUFOIHggRkNCIHwgQ2hhcmdpbmcgcGFyayBBbGxpYW56IEFyZW5hIiB3aWR0aD0iNjY1IiBoZWlnaHQ9IjM3NCIgc3JjPSJodHRwczovL3d3dy55b3V0dWJlLW5vY29va2llLmNvbS9lbWJlZC9BT2xxdG5xWmlBUT9mZWF0dXJlPW9lbWJlZCIgZnJhbWVib3JkZXI9IjAiIGFsbG93PSJhY2NlbGVyb21ldGVyOyBhdXRvcGxheTsgY2xpcGJvYXJkLXdyaXRlOyBlbmNyeXB0ZWQtbWVkaWE7IGd5cm9zY29wZTsgcGljdHVyZS1pbi1waWN0dXJlOyB3ZWItc2hhcmUiIHJlZmVycmVycG9saWN5PSJzdHJpY3Qtb3JpZ2luLXdoZW4tY3Jvc3Mtb3JpZ2luIiBhbGxvd2Z1bGxzY3JlZW4+PC9pZnJhbWU+\">\n<div class=\"brlbs-cmpnt-cb-preset-c brlbs-cmpnt-cb-youtube\">\n<div class=\"brlbs-cmpnt-cb-thumbnail\" style=\"background-image: url('https:\/\/static.krafthand-truck.de\/uploads\/borlabs-cookie\/1\/yt_AOlqtnqZiAQ_hqdefault.jpg')\"><\/div>\n<div class=\"brlbs-cmpnt-cb-main\">\n<div class=\"brlbs-cmpnt-cb-play-button\"><\/div>\n<div class=\"brlbs-cmpnt-cb-content\">\n<p class=\"brlbs-cmpnt-cb-description\">Sie sehen gerade einen Platzhalterinhalt von <strong>YouTube<\/strong>. Um auf den eigentlichen Inhalt zuzugreifen, klicken Sie auf die Schaltfl\u00e4che unten. Bitte beachten Sie, dass dabei Daten an Drittanbieter weitergegeben werden.<\/p>\n<p> <a class=\"brlbs-cmpnt-cb-provider-toggle\" href=\"#\" data-borlabs-cookie-show-provider-information role=\"button\">Mehr Informationen<\/a> <\/div>\n<div class=\"brlbs-cmpnt-cb-buttons\"> <a class=\"brlbs-cmpnt-cb-btn\" href=\"#\" data-borlabs-cookie-unblock role=\"button\">Inhalt entsperren<\/a> <a class=\"brlbs-cmpnt-cb-btn\" href=\"#\" data-borlabs-cookie-accept-service role=\"button\" style=\"display: inherit\">Erforderlichen Service akzeptieren und Inhalte entsperren<\/a> <\/div>\n<\/p><\/div>\n<\/p><\/div>\n<\/div>\n","protected":false},"excerpt":{"rendered":"<p>Mit einem Social-Media-Clip stellen die Bayernspieler Manuel Neuer, Joshua Kimmich und Konrad Laimer das Projekt f\u00fcr den Aufbau eines Megawattladeparks f\u00fcr elektrische Lkw und Busse an der Allianz Arena vor. Das gemeinsame Projekt wird vom FC Bayern M\u00fcnchen und MAN Truck &#038; Bus vorangetrieben. <span class=\"excerpt-more__dots\">&#8230;<\/span> <a class=\"excerpt-more__link\" href=\"https:\/\/www.krafthand.de\/truck\/artikel\/bayern-spieler-als-testimonial-fuer-neuen-lkw-ladepark-mit-einmal-laden-bis-nach-dortmund-40972\/\" >weiter<\/a><\/p>\n","protected":false},"author":9,"featured_media":40977,"comment_status":"closed","ping_status":"closed","sticky":false,"template":"","format":"standard","meta":{"footnotes":""},"categories":[4224,6375,4235],"tags":[6048,4177,6043,6045,4248,6044,6046,152,6047],"settings":[3524,3523],"class_list":["post-40972","post","type-post","status-publish","format-standard","has-post-thumbnail","hentry","category-e-antrieb","category-lade-tank-infrastruktur","category-unternehmen","tag-allianz-arena","tag-e-lkw","tag-fc-bayern","tag-kimmich","tag-ladeinfrastruktur","tag-ladepark","tag-laimer","tag-man","tag-neuer"],"yoast_head":"<!-- This site is optimized with the Yoast SEO plugin v27.3 - https:\/\/yoast.com\/product\/yoast-seo-wordpress\/ -->\n<title>&quot;Mit einmal Laden bis nach Dortmund.&quot; - Krafthand-Truck<\/title>\n<meta name=\"description\" content=\"Mit einem Video-Clip stellen Neuer, Kimmich und Laimer das Projekt f\u00fcr den Aufbau eines Megawattladeparks f\u00fcr E-Lkw an der Allianz Arena vor.\" \/>\n<meta name=\"robots\" content=\"index, follow, max-snippet:-1, max-image-preview:large, max-video-preview:-1\" \/>\n<link rel=\"canonical\" href=\"https:\/\/www.krafthand.de\/truck\/artikel\/bayern-spieler-als-testimonial-fuer-neuen-lkw-ladepark-mit-einmal-laden-bis-nach-dortmund-40972\/\" \/>\n<meta property=\"og:locale\" content=\"de_DE\" \/>\n<meta property=\"og:type\" content=\"article\" \/>\n<meta property=\"og:title\" content=\"&quot;Mit einmal Laden bis nach Dortmund.&quot; - Krafthand-Truck\" \/>\n<meta property=\"og:description\" content=\"Mit einem Video-Clip stellen Neuer, Kimmich und Laimer das Projekt f\u00fcr den Aufbau eines Megawattladeparks f\u00fcr E-Lkw an der Allianz Arena vor.\" \/>\n<meta property=\"og:url\" content=\"https:\/\/www.krafthand-truck.de\/artikel\/bayern-spieler-als-testimonial-fuer-neuen-lkw-ladepark-mit-einmal-laden-bis-nach-dortmund-40972\/\" \/>\n<meta property=\"og:site_name\" content=\"Krafthand-Truck\" \/>\n<meta property=\"article:published_time\" content=\"2024-10-10T14:42:04+00:00\" \/>\n<meta property=\"article:modified_time\" content=\"2025-12-02T09:55:34+00:00\" \/>\n<meta property=\"og:image\" content=\"https:\/\/static.krafthand-truck.de\/uploads\/2024\/10\/MAN_Ladepark_Allianzarena_Kimmich_Neuer_Laimer_E_Lkw_FC_Bayern.jpg\" \/>\n\t<meta property=\"og:image:width\" content=\"1200\" \/>\n\t<meta property=\"og:image:height\" content=\"639\" \/>\n\t<meta property=\"og:image:type\" content=\"image\/jpeg\" \/>\n<meta name=\"author\" content=\"georg.blenk@krafthand-medien.de\" \/>\n<meta name=\"twitter:card\" content=\"summary_large_image\" \/>\n<meta name=\"twitter:label1\" content=\"Verfasst von\" \/>\n\t<meta name=\"twitter:data1\" content=\"georg.blenk@krafthand-medien.de\" \/>\n\t<meta name=\"twitter:label2\" content=\"Gesch\u00e4tzte Lesezeit\" \/>\n\t<meta name=\"twitter:data2\" content=\"1\u00a0Minute\" \/>\n<script type=\"application\/ld+json\" class=\"yoast-schema-graph\">{\"@context\":\"https:\\\/\\\/schema.org\",\"@graph\":[{\"@type\":\"Article\",\"@id\":\"https:\\\/\\\/www.krafthand.de\\\/truck\\\/artikel\\\/bayern-spieler-als-testimonial-fuer-neuen-lkw-ladepark-mit-einmal-laden-bis-nach-dortmund-40972\\\/#article\",\"isPartOf\":{\"@id\":\"https:\\\/\\\/www.krafthand.de\\\/truck\\\/artikel\\\/bayern-spieler-als-testimonial-fuer-neuen-lkw-ladepark-mit-einmal-laden-bis-nach-dortmund-40972\\\/\"},\"author\":{\"name\":\"georg.blenk@krafthand-medien.de\",\"@id\":\"https:\\\/\\\/www.krafthand.de\\\/truck\\\/#\\\/schema\\\/person\\\/51fa80b1c57034c4bf63f9f988fc24ce\"},\"headline\":\"&#8222;Mit einmal Laden bis nach Dortmund.&#8220;\",\"datePublished\":\"2024-10-10T14:42:04+00:00\",\"dateModified\":\"2025-12-02T09:55:34+00:00\",\"mainEntityOfPage\":{\"@id\":\"https:\\\/\\\/www.krafthand.de\\\/truck\\\/artikel\\\/bayern-spieler-als-testimonial-fuer-neuen-lkw-ladepark-mit-einmal-laden-bis-nach-dortmund-40972\\\/\"},\"wordCount\":168,\"image\":{\"@id\":\"https:\\\/\\\/www.krafthand.de\\\/truck\\\/artikel\\\/bayern-spieler-als-testimonial-fuer-neuen-lkw-ladepark-mit-einmal-laden-bis-nach-dortmund-40972\\\/#primaryimage\"},\"thumbnailUrl\":\"https:\\\/\\\/static.krafthand-truck.de\\\/uploads\\\/2024\\\/10\\\/MAN_Ladepark_Allianzarena_Kimmich_Neuer_Laimer_E_Lkw_FC_Bayern.jpg\",\"keywords\":[\"Allianz-Arena\",\"E-Lkw\",\"FC Bayern\",\"Kimmich\",\"Ladeinfrastruktur\",\"Ladepark\",\"Laimer\",\"MAN\",\"Neuer\"],\"articleSection\":[\"E-Antrieb (BEV\\\/FCEV)\",\"Lade-\\\/Tank-Infrastruktur\",\"Unternehmen\"],\"inLanguage\":\"de\"},{\"@type\":\"WebPage\",\"@id\":\"https:\\\/\\\/www.krafthand.de\\\/truck\\\/artikel\\\/bayern-spieler-als-testimonial-fuer-neuen-lkw-ladepark-mit-einmal-laden-bis-nach-dortmund-40972\\\/\",\"url\":\"https:\\\/\\\/www.krafthand.de\\\/truck\\\/artikel\\\/bayern-spieler-als-testimonial-fuer-neuen-lkw-ladepark-mit-einmal-laden-bis-nach-dortmund-40972\\\/\",\"name\":\"\\\"Mit einmal Laden bis nach Dortmund.\\\" - Krafthand-Truck\",\"isPartOf\":{\"@id\":\"https:\\\/\\\/www.krafthand.de\\\/truck\\\/#website\"},\"primaryImageOfPage\":{\"@id\":\"https:\\\/\\\/www.krafthand.de\\\/truck\\\/artikel\\\/bayern-spieler-als-testimonial-fuer-neuen-lkw-ladepark-mit-einmal-laden-bis-nach-dortmund-40972\\\/#primaryimage\"},\"image\":{\"@id\":\"https:\\\/\\\/www.krafthand.de\\\/truck\\\/artikel\\\/bayern-spieler-als-testimonial-fuer-neuen-lkw-ladepark-mit-einmal-laden-bis-nach-dortmund-40972\\\/#primaryimage\"},\"thumbnailUrl\":\"https:\\\/\\\/static.krafthand-truck.de\\\/uploads\\\/2024\\\/10\\\/MAN_Ladepark_Allianzarena_Kimmich_Neuer_Laimer_E_Lkw_FC_Bayern.jpg\",\"datePublished\":\"2024-10-10T14:42:04+00:00\",\"dateModified\":\"2025-12-02T09:55:34+00:00\",\"author\":{\"@id\":\"https:\\\/\\\/www.krafthand.de\\\/truck\\\/#\\\/schema\\\/person\\\/51fa80b1c57034c4bf63f9f988fc24ce\"},\"description\":\"Mit einem Video-Clip stellen Neuer, Kimmich und Laimer das Projekt f\u00fcr den Aufbau eines Megawattladeparks f\u00fcr E-Lkw an der Allianz Arena vor.\",\"breadcrumb\":{\"@id\":\"https:\\\/\\\/www.krafthand.de\\\/truck\\\/artikel\\\/bayern-spieler-als-testimonial-fuer-neuen-lkw-ladepark-mit-einmal-laden-bis-nach-dortmund-40972\\\/#breadcrumb\"},\"inLanguage\":\"de\",\"potentialAction\":[{\"@type\":\"ReadAction\",\"target\":[\"https:\\\/\\\/www.krafthand.de\\\/truck\\\/artikel\\\/bayern-spieler-als-testimonial-fuer-neuen-lkw-ladepark-mit-einmal-laden-bis-nach-dortmund-40972\\\/\"]}]},{\"@type\":\"ImageObject\",\"inLanguage\":\"de\",\"@id\":\"https:\\\/\\\/www.krafthand.de\\\/truck\\\/artikel\\\/bayern-spieler-als-testimonial-fuer-neuen-lkw-ladepark-mit-einmal-laden-bis-nach-dortmund-40972\\\/#primaryimage\",\"url\":\"https:\\\/\\\/static.krafthand-truck.de\\\/uploads\\\/2024\\\/10\\\/MAN_Ladepark_Allianzarena_Kimmich_Neuer_Laimer_E_Lkw_FC_Bayern.jpg\",\"contentUrl\":\"https:\\\/\\\/static.krafthand-truck.de\\\/uploads\\\/2024\\\/10\\\/MAN_Ladepark_Allianzarena_Kimmich_Neuer_Laimer_E_Lkw_FC_Bayern.jpg\",\"width\":1200,\"height\":639},{\"@type\":\"BreadcrumbList\",\"@id\":\"https:\\\/\\\/www.krafthand.de\\\/truck\\\/artikel\\\/bayern-spieler-als-testimonial-fuer-neuen-lkw-ladepark-mit-einmal-laden-bis-nach-dortmund-40972\\\/#breadcrumb\",\"itemListElement\":[{\"@type\":\"ListItem\",\"position\":1,\"name\":\"Krafthand-Truck\",\"item\":\"https:\\\/\\\/www.krafthand.de\\\/truck\\\/\"},{\"@type\":\"ListItem\",\"position\":2,\"name\":\"Nfz-Branche\",\"item\":\"https:\\\/\\\/www.krafthand.de\\\/truck\\\/kategorie\\\/branche\\\/\"},{\"@type\":\"ListItem\",\"position\":3,\"name\":\"Unternehmen\",\"item\":\"https:\\\/\\\/www.krafthand.de\\\/truck\\\/kategorie\\\/branche\\\/unternehmen\\\/\"},{\"@type\":\"ListItem\",\"position\":4,\"name\":\"&#8222;Mit einmal Laden bis nach Dortmund.&#8220;\"}]},{\"@type\":\"WebSite\",\"@id\":\"https:\\\/\\\/www.krafthand.de\\\/truck\\\/#website\",\"url\":\"https:\\\/\\\/www.krafthand.de\\\/truck\\\/\",\"name\":\"Krafthand-Truck\",\"description\":\"\",\"potentialAction\":[{\"@type\":\"SearchAction\",\"target\":{\"@type\":\"EntryPoint\",\"urlTemplate\":\"https:\\\/\\\/www.krafthand.de\\\/truck\\\/?s={search_term_string}\"},\"query-input\":{\"@type\":\"PropertyValueSpecification\",\"valueRequired\":true,\"valueName\":\"search_term_string\"}}],\"inLanguage\":\"de\"},{\"@type\":\"Person\",\"@id\":\"https:\\\/\\\/www.krafthand.de\\\/truck\\\/#\\\/schema\\\/person\\\/51fa80b1c57034c4bf63f9f988fc24ce\",\"name\":\"georg.blenk@krafthand-medien.de\",\"image\":{\"@type\":\"ImageObject\",\"inLanguage\":\"de\",\"@id\":\"https:\\\/\\\/secure.gravatar.com\\\/avatar\\\/93713c30affe0aa95d3a4130e499bb1abee2eb31adbdd9ce2aa1543538490215?s=96&d=mm&r=g\",\"url\":\"https:\\\/\\\/secure.gravatar.com\\\/avatar\\\/93713c30affe0aa95d3a4130e499bb1abee2eb31adbdd9ce2aa1543538490215?s=96&d=mm&r=g\",\"contentUrl\":\"https:\\\/\\\/secure.gravatar.com\\\/avatar\\\/93713c30affe0aa95d3a4130e499bb1abee2eb31adbdd9ce2aa1543538490215?s=96&d=mm&r=g\",\"caption\":\"georg.blenk@krafthand-medien.de\"}}]}<\/script>\n<!-- \/ Yoast SEO plugin. -->","yoast_head_json":{"title":"\"Mit einmal Laden bis nach Dortmund.\" - Krafthand-Truck","description":"Mit einem Video-Clip stellen Neuer, Kimmich und Laimer das Projekt f\u00fcr den Aufbau eines Megawattladeparks f\u00fcr E-Lkw an der Allianz Arena vor.","robots":{"index":"index","follow":"follow","max-snippet":"max-snippet:-1","max-image-preview":"max-image-preview:large","max-video-preview":"max-video-preview:-1"},"canonical":"https:\/\/www.krafthand.de\/truck\/artikel\/bayern-spieler-als-testimonial-fuer-neuen-lkw-ladepark-mit-einmal-laden-bis-nach-dortmund-40972\/","og_locale":"de_DE","og_type":"article","og_title":"\"Mit einmal Laden bis nach Dortmund.\" - Krafthand-Truck","og_description":"Mit einem Video-Clip stellen Neuer, Kimmich und Laimer das Projekt f\u00fcr den Aufbau eines Megawattladeparks f\u00fcr E-Lkw an der Allianz Arena vor.","og_url":"https:\/\/www.krafthand-truck.de\/artikel\/bayern-spieler-als-testimonial-fuer-neuen-lkw-ladepark-mit-einmal-laden-bis-nach-dortmund-40972\/","og_site_name":"Krafthand-Truck","article_published_time":"2024-10-10T14:42:04+00:00","article_modified_time":"2025-12-02T09:55:34+00:00","og_image":[{"width":1200,"height":639,"url":"https:\/\/static.krafthand-truck.de\/uploads\/2024\/10\/MAN_Ladepark_Allianzarena_Kimmich_Neuer_Laimer_E_Lkw_FC_Bayern.jpg","type":"image\/jpeg"}],"author":"georg.blenk@krafthand-medien.de","twitter_card":"summary_large_image","twitter_misc":{"Verfasst von":"georg.blenk@krafthand-medien.de","Gesch\u00e4tzte Lesezeit":"1\u00a0Minute"},"schema":{"@context":"https:\/\/schema.org","@graph":[{"@type":"Article","@id":"https:\/\/www.krafthand.de\/truck\/artikel\/bayern-spieler-als-testimonial-fuer-neuen-lkw-ladepark-mit-einmal-laden-bis-nach-dortmund-40972\/#article","isPartOf":{"@id":"https:\/\/www.krafthand.de\/truck\/artikel\/bayern-spieler-als-testimonial-fuer-neuen-lkw-ladepark-mit-einmal-laden-bis-nach-dortmund-40972\/"},"author":{"name":"georg.blenk@krafthand-medien.de","@id":"https:\/\/www.krafthand.de\/truck\/#\/schema\/person\/51fa80b1c57034c4bf63f9f988fc24ce"},"headline":"&#8222;Mit einmal Laden bis nach Dortmund.&#8220;","datePublished":"2024-10-10T14:42:04+00:00","dateModified":"2025-12-02T09:55:34+00:00","mainEntityOfPage":{"@id":"https:\/\/www.krafthand.de\/truck\/artikel\/bayern-spieler-als-testimonial-fuer-neuen-lkw-ladepark-mit-einmal-laden-bis-nach-dortmund-40972\/"},"wordCount":168,"image":{"@id":"https:\/\/www.krafthand.de\/truck\/artikel\/bayern-spieler-als-testimonial-fuer-neuen-lkw-ladepark-mit-einmal-laden-bis-nach-dortmund-40972\/#primaryimage"},"thumbnailUrl":"https:\/\/static.krafthand-truck.de\/uploads\/2024\/10\/MAN_Ladepark_Allianzarena_Kimmich_Neuer_Laimer_E_Lkw_FC_Bayern.jpg","keywords":["Allianz-Arena","E-Lkw","FC Bayern","Kimmich","Ladeinfrastruktur","Ladepark","Laimer","MAN","Neuer"],"articleSection":["E-Antrieb (BEV\/FCEV)","Lade-\/Tank-Infrastruktur","Unternehmen"],"inLanguage":"de"},{"@type":"WebPage","@id":"https:\/\/www.krafthand.de\/truck\/artikel\/bayern-spieler-als-testimonial-fuer-neuen-lkw-ladepark-mit-einmal-laden-bis-nach-dortmund-40972\/","url":"https:\/\/www.krafthand.de\/truck\/artikel\/bayern-spieler-als-testimonial-fuer-neuen-lkw-ladepark-mit-einmal-laden-bis-nach-dortmund-40972\/","name":"\"Mit einmal Laden bis nach Dortmund.\" - Krafthand-Truck","isPartOf":{"@id":"https:\/\/www.krafthand.de\/truck\/#website"},"primaryImageOfPage":{"@id":"https:\/\/www.krafthand.de\/truck\/artikel\/bayern-spieler-als-testimonial-fuer-neuen-lkw-ladepark-mit-einmal-laden-bis-nach-dortmund-40972\/#primaryimage"},"image":{"@id":"https:\/\/www.krafthand.de\/truck\/artikel\/bayern-spieler-als-testimonial-fuer-neuen-lkw-ladepark-mit-einmal-laden-bis-nach-dortmund-40972\/#primaryimage"},"thumbnailUrl":"https:\/\/static.krafthand-truck.de\/uploads\/2024\/10\/MAN_Ladepark_Allianzarena_Kimmich_Neuer_Laimer_E_Lkw_FC_Bayern.jpg","datePublished":"2024-10-10T14:42:04+00:00","dateModified":"2025-12-02T09:55:34+00:00","author":{"@id":"https:\/\/www.krafthand.de\/truck\/#\/schema\/person\/51fa80b1c57034c4bf63f9f988fc24ce"},"description":"Mit einem Video-Clip stellen Neuer, Kimmich und Laimer das Projekt f\u00fcr den Aufbau eines Megawattladeparks f\u00fcr E-Lkw an der Allianz Arena vor.","breadcrumb":{"@id":"https:\/\/www.krafthand.de\/truck\/artikel\/bayern-spieler-als-testimonial-fuer-neuen-lkw-ladepark-mit-einmal-laden-bis-nach-dortmund-40972\/#breadcrumb"},"inLanguage":"de","potentialAction":[{"@type":"ReadAction","target":["https:\/\/www.krafthand.de\/truck\/artikel\/bayern-spieler-als-testimonial-fuer-neuen-lkw-ladepark-mit-einmal-laden-bis-nach-dortmund-40972\/"]}]},{"@type":"ImageObject","inLanguage":"de","@id":"https:\/\/www.krafthand.de\/truck\/artikel\/bayern-spieler-als-testimonial-fuer-neuen-lkw-ladepark-mit-einmal-laden-bis-nach-dortmund-40972\/#primaryimage","url":"https:\/\/static.krafthand-truck.de\/uploads\/2024\/10\/MAN_Ladepark_Allianzarena_Kimmich_Neuer_Laimer_E_Lkw_FC_Bayern.jpg","contentUrl":"https:\/\/static.krafthand-truck.de\/uploads\/2024\/10\/MAN_Ladepark_Allianzarena_Kimmich_Neuer_Laimer_E_Lkw_FC_Bayern.jpg","width":1200,"height":639},{"@type":"BreadcrumbList","@id":"https:\/\/www.krafthand.de\/truck\/artikel\/bayern-spieler-als-testimonial-fuer-neuen-lkw-ladepark-mit-einmal-laden-bis-nach-dortmund-40972\/#breadcrumb","itemListElement":[{"@type":"ListItem","position":1,"name":"Krafthand-Truck","item":"https:\/\/www.krafthand.de\/truck\/"},{"@type":"ListItem","position":2,"name":"Nfz-Branche","item":"https:\/\/www.krafthand.de\/truck\/kategorie\/branche\/"},{"@type":"ListItem","position":3,"name":"Unternehmen","item":"https:\/\/www.krafthand.de\/truck\/kategorie\/branche\/unternehmen\/"},{"@type":"ListItem","position":4,"name":"&#8222;Mit einmal Laden bis nach Dortmund.&#8220;"}]},{"@type":"WebSite","@id":"https:\/\/www.krafthand.de\/truck\/#website","url":"https:\/\/www.krafthand.de\/truck\/","name":"Krafthand-Truck","description":"","potentialAction":[{"@type":"SearchAction","target":{"@type":"EntryPoint","urlTemplate":"https:\/\/www.krafthand.de\/truck\/?s={search_term_string}"},"query-input":{"@type":"PropertyValueSpecification","valueRequired":true,"valueName":"search_term_string"}}],"inLanguage":"de"},{"@type":"Person","@id":"https:\/\/www.krafthand.de\/truck\/#\/schema\/person\/51fa80b1c57034c4bf63f9f988fc24ce","name":"georg.blenk@krafthand-medien.de","image":{"@type":"ImageObject","inLanguage":"de","@id":"https:\/\/secure.gravatar.com\/avatar\/93713c30affe0aa95d3a4130e499bb1abee2eb31adbdd9ce2aa1543538490215?s=96&d=mm&r=g","url":"https:\/\/secure.gravatar.com\/avatar\/93713c30affe0aa95d3a4130e499bb1abee2eb31adbdd9ce2aa1543538490215?s=96&d=mm&r=g","contentUrl":"https:\/\/secure.gravatar.com\/avatar\/93713c30affe0aa95d3a4130e499bb1abee2eb31adbdd9ce2aa1543538490215?s=96&d=mm&r=g","caption":"georg.blenk@krafthand-medien.de"}}]}},"_links":{"self":[{"href":"https:\/\/www.krafthand.de\/truck\/wp-json\/wp\/v2\/posts\/40972","targetHints":{"allow":["GET"]}}],"collection":[{"href":"https:\/\/www.krafthand.de\/truck\/wp-json\/wp\/v2\/posts"}],"about":[{"href":"https:\/\/www.krafthand.de\/truck\/wp-json\/wp\/v2\/types\/post"}],"author":[{"embeddable":true,"href":"https:\/\/www.krafthand.de\/truck\/wp-json\/wp\/v2\/users\/9"}],"replies":[{"embeddable":true,"href":"https:\/\/www.krafthand.de\/truck\/wp-json\/wp\/v2\/comments?post=40972"}],"version-history":[{"count":9,"href":"https:\/\/www.krafthand.de\/truck\/wp-json\/wp\/v2\/posts\/40972\/revisions"}],"predecessor-version":[{"id":40982,"href":"https:\/\/www.krafthand.de\/truck\/wp-json\/wp\/v2\/posts\/40972\/revisions\/40982"}],"wp:featuredmedia":[{"embeddable":true,"href":"https:\/\/www.krafthand.de\/truck\/wp-json\/wp\/v2\/media\/40977"}],"wp:attachment":[{"href":"https:\/\/www.krafthand.de\/truck\/wp-json\/wp\/v2\/media?parent=40972"}],"wp:term":[{"taxonomy":"category","embeddable":true,"href":"https:\/\/www.krafthand.de\/truck\/wp-json\/wp\/v2\/categories?post=40972"},{"taxonomy":"post_tag","embeddable":true,"href":"https:\/\/www.krafthand.de\/truck\/wp-json\/wp\/v2\/tags?post=40972"},{"taxonomy":"settings","embeddable":true,"href":"https:\/\/www.krafthand.de\/truck\/wp-json\/wp\/v2\/settings?post=40972"}],"curies":[{"name":"wp","href":"https:\/\/api.w.org\/{rel}","templated":true}]}}