{"id":40962,"date":"2024-10-04T11:01:08","date_gmt":"2024-10-04T09:01:08","guid":{"rendered":"https:\/\/www.krafthand.de\/truck\/?p=40962"},"modified":"2024-10-04T11:07:29","modified_gmt":"2024-10-04T09:07:29","slug":"multitool-truck-von-gys-zum-anheben-schwerer-lasten","status":"publish","type":"post","link":"https:\/\/www.krafthand.de\/truck\/artikel\/multitool-truck-von-gys-zum-anheben-schwerer-lasten-40962\/","title":{"rendered":"Multitool-Truck von GYS zum Anheben schwerer Lasten"},"content":{"rendered":"<p>Der franz\u00f6sische Spezialist f\u00fcr Schwei\u00dftechnik und Karosseriereparatur <a href=\"https:\/\/www.gys-schweissen.com\/spip.php?page=accueil&amp;lang=de\" target=\"_blank\" rel=\"noopener\">GYS<\/a>, hat mit dem Multitool-Truck einen neuen, mobilen Hebekran im Programm. Der Heber erleichtert die Durchf\u00fchrung von Wartungsarbeiten an Reifen, Radnaben, Bremsscheiben, -s\u00e4tteln oder schweren Batterien.<br \/>\nDurch die kompakte Bauweise erm\u00f6glicht der manuelle Hydraulikheber (Pumpheber) auch den Zugang zu engen Bereichen am Lkw. Mit den vier robusten R\u00e4dern an den Kragarmen ist er zudem wendig und gleichzeitig \u00fcberaus stabil. Das Hebesystem erm\u00f6glicht es, Lasten bis zu 200 kg auf eine maximale H\u00f6he von 1,80 m anzuheben.<br \/>\nDer Multitool-Truck kommt mit zertifiziertem Zubeh\u00f6r wie einer Kette, einem Seil, einer Winde sowie diversen Haken daher, um verschiedenste Hebeanforderungen zu erf\u00fcllen. So l\u00e4sst sich beispielsweise mit Hilfe eines Seils und eines Hakens die Bremsscheiben-Nabenbaugruppe anheben.<br \/>\nZum Lieferumfang geh\u00f6rt zudem ein Hebewerkzeug f\u00fcr Bremss\u00e4ttel mit einer maximalen Last von 60 kg, ein Hebewerkzeug f\u00fcr Batterien, ebenfalls f\u00fcr eine maximale Last von 60 kg sowie eine Hebegabel f\u00fcr R\u00e4der mit einem Durchmesser von 60 bis 120 cm (maximale Last 200 kg). Die verstellbaren Standf\u00fc\u00dfe k\u00f6nnen bis zu 30 Zentimeter ausgefahren werden, der Hebearm um maximal um 20.<\/p>\n<p><i>Den Beitrag finden Sie auch in der Print-Ausgabe 4-2024 der <a href=\"https:\/\/www.krafthand.de\/truck\/magazin\/\" title=\"Zum Magazin\">Krafthand-Truck<\/a>.<\/i><\/p>","protected":false},"excerpt":{"rendered":"<p>Der franz\u00f6sische Spezialist f\u00fcr Schwei\u00dftechnik und Karosseriereparatur GYS, hat mit dem Multitool-Truck einen neuen, mobilen Hebekran im Programm. Der Heber erleichtert die Durchf\u00fchrung von Wartungsarbeiten an Reifen, Radnaben, Bremsscheiben, -s\u00e4tteln oder schweren Batterien. <span class=\"excerpt-more__dots\">&#8230;<\/span> <a class=\"excerpt-more__link\" href=\"https:\/\/www.krafthand.de\/truck\/artikel\/multitool-truck-von-gys-zum-anheben-schwerer-lasten-40962\/\" >weiter<\/a><\/p>\n","protected":false},"author":9,"featured_media":40964,"comment_status":"closed","ping_status":"closed","sticky":false,"template":"","format":"standard","meta":{"footnotes":""},"categories":[4220],"tags":[2229,6042,1358],"settings":[4766,3523],"class_list":["post-40962","post","type-post","status-publish","format-standard","has-post-thumbnail","hentry","category-werkstattausruestung","tag-gys","tag-hebekran","tag-hebetechnik"],"yoast_head":"<!-- This site is optimized with the Yoast SEO plugin v27.3 - https:\/\/yoast.com\/product\/yoast-seo-wordpress\/ -->\n<title>Multitool-Truck von GYS zum Anheben schwerer Lasten - Krafthand-Truck<\/title>\n<meta name=\"description\" content=\"GYS hat mit dem Multitool-Truck einen neuen, mobilen Hebekran im Programm. Der Heber erleichtert die Durchf\u00fchrung von Wartungsarbeiten am Lkw.\" \/>\n<meta name=\"robots\" content=\"index, follow, max-snippet:-1, max-image-preview:large, max-video-preview:-1\" \/>\n<link rel=\"canonical\" href=\"https:\/\/www.krafthand.de\/truck\/artikel\/multitool-truck-von-gys-zum-anheben-schwerer-lasten-40962\/\" \/>\n<meta property=\"og:locale\" content=\"de_DE\" \/>\n<meta property=\"og:type\" content=\"article\" \/>\n<meta property=\"og:title\" content=\"Multitool-Truck von GYS zum Anheben schwerer Lasten - Krafthand-Truck\" \/>\n<meta property=\"og:description\" content=\"GYS hat mit dem Multitool-Truck einen neuen, mobilen Hebekran im Programm. Der Heber erleichtert die Durchf\u00fchrung von Wartungsarbeiten am Lkw.\" \/>\n<meta property=\"og:url\" content=\"https:\/\/www.krafthand-truck.de\/artikel\/multitool-truck-von-gys-zum-anheben-schwerer-lasten-40962\/\" \/>\n<meta property=\"og:site_name\" content=\"Krafthand-Truck\" \/>\n<meta property=\"article:published_time\" content=\"2024-10-04T09:01:08+00:00\" \/>\n<meta property=\"article:modified_time\" content=\"2024-10-04T09:07:29+00:00\" \/>\n<meta property=\"og:image\" content=\"https:\/\/static.krafthand-truck.de\/uploads\/2024\/10\/GYS_mobiler_Hebekran_Multitool_Truck.jpg\" \/>\n\t<meta property=\"og:image:width\" content=\"1200\" \/>\n\t<meta property=\"og:image:height\" content=\"1414\" \/>\n\t<meta property=\"og:image:type\" content=\"image\/jpeg\" \/>\n<meta name=\"author\" content=\"georg.blenk@krafthand-medien.de\" \/>\n<meta name=\"twitter:card\" content=\"summary_large_image\" \/>\n<meta name=\"twitter:label1\" content=\"Verfasst von\" \/>\n\t<meta name=\"twitter:data1\" content=\"georg.blenk@krafthand-medien.de\" \/>\n\t<meta name=\"twitter:label2\" content=\"Gesch\u00e4tzte Lesezeit\" \/>\n\t<meta name=\"twitter:data2\" content=\"2\u00a0Minuten\" \/>\n<script type=\"application\/ld+json\" class=\"yoast-schema-graph\">{\"@context\":\"https:\\\/\\\/schema.org\",\"@graph\":[{\"@type\":\"Article\",\"@id\":\"https:\\\/\\\/www.krafthand.de\\\/truck\\\/artikel\\\/multitool-truck-von-gys-zum-anheben-schwerer-lasten-40962\\\/#article\",\"isPartOf\":{\"@id\":\"https:\\\/\\\/www.krafthand.de\\\/truck\\\/artikel\\\/multitool-truck-von-gys-zum-anheben-schwerer-lasten-40962\\\/\"},\"author\":{\"name\":\"georg.blenk@krafthand-medien.de\",\"@id\":\"https:\\\/\\\/www.krafthand.de\\\/truck\\\/#\\\/schema\\\/person\\\/51fa80b1c57034c4bf63f9f988fc24ce\"},\"headline\":\"Multitool-Truck von GYS zum Anheben schwerer Lasten\",\"datePublished\":\"2024-10-04T09:01:08+00:00\",\"dateModified\":\"2024-10-04T09:07:29+00:00\",\"mainEntityOfPage\":{\"@id\":\"https:\\\/\\\/www.krafthand.de\\\/truck\\\/artikel\\\/multitool-truck-von-gys-zum-anheben-schwerer-lasten-40962\\\/\"},\"wordCount\":198,\"image\":{\"@id\":\"https:\\\/\\\/www.krafthand.de\\\/truck\\\/artikel\\\/multitool-truck-von-gys-zum-anheben-schwerer-lasten-40962\\\/#primaryimage\"},\"thumbnailUrl\":\"https:\\\/\\\/static.krafthand-truck.de\\\/uploads\\\/2024\\\/10\\\/GYS_mobiler_Hebekran_Multitool_Truck.jpg\",\"keywords\":[\"Gys\",\"Hebekran\",\"Hebetechnik\"],\"articleSection\":[\"Werkstattausr\u00fcstung\"],\"inLanguage\":\"de\"},{\"@type\":\"WebPage\",\"@id\":\"https:\\\/\\\/www.krafthand.de\\\/truck\\\/artikel\\\/multitool-truck-von-gys-zum-anheben-schwerer-lasten-40962\\\/\",\"url\":\"https:\\\/\\\/www.krafthand.de\\\/truck\\\/artikel\\\/multitool-truck-von-gys-zum-anheben-schwerer-lasten-40962\\\/\",\"name\":\"Multitool-Truck von GYS zum Anheben schwerer Lasten - Krafthand-Truck\",\"isPartOf\":{\"@id\":\"https:\\\/\\\/www.krafthand.de\\\/truck\\\/#website\"},\"primaryImageOfPage\":{\"@id\":\"https:\\\/\\\/www.krafthand.de\\\/truck\\\/artikel\\\/multitool-truck-von-gys-zum-anheben-schwerer-lasten-40962\\\/#primaryimage\"},\"image\":{\"@id\":\"https:\\\/\\\/www.krafthand.de\\\/truck\\\/artikel\\\/multitool-truck-von-gys-zum-anheben-schwerer-lasten-40962\\\/#primaryimage\"},\"thumbnailUrl\":\"https:\\\/\\\/static.krafthand-truck.de\\\/uploads\\\/2024\\\/10\\\/GYS_mobiler_Hebekran_Multitool_Truck.jpg\",\"datePublished\":\"2024-10-04T09:01:08+00:00\",\"dateModified\":\"2024-10-04T09:07:29+00:00\",\"author\":{\"@id\":\"https:\\\/\\\/www.krafthand.de\\\/truck\\\/#\\\/schema\\\/person\\\/51fa80b1c57034c4bf63f9f988fc24ce\"},\"description\":\"GYS hat mit dem Multitool-Truck einen neuen, mobilen Hebekran im Programm. Der Heber erleichtert die Durchf\u00fchrung von Wartungsarbeiten am Lkw.\",\"breadcrumb\":{\"@id\":\"https:\\\/\\\/www.krafthand.de\\\/truck\\\/artikel\\\/multitool-truck-von-gys-zum-anheben-schwerer-lasten-40962\\\/#breadcrumb\"},\"inLanguage\":\"de\",\"potentialAction\":[{\"@type\":\"ReadAction\",\"target\":[\"https:\\\/\\\/www.krafthand.de\\\/truck\\\/artikel\\\/multitool-truck-von-gys-zum-anheben-schwerer-lasten-40962\\\/\"]}]},{\"@type\":\"ImageObject\",\"inLanguage\":\"de\",\"@id\":\"https:\\\/\\\/www.krafthand.de\\\/truck\\\/artikel\\\/multitool-truck-von-gys-zum-anheben-schwerer-lasten-40962\\\/#primaryimage\",\"url\":\"https:\\\/\\\/static.krafthand-truck.de\\\/uploads\\\/2024\\\/10\\\/GYS_mobiler_Hebekran_Multitool_Truck.jpg\",\"contentUrl\":\"https:\\\/\\\/static.krafthand-truck.de\\\/uploads\\\/2024\\\/10\\\/GYS_mobiler_Hebekran_Multitool_Truck.jpg\",\"width\":1200,\"height\":1414},{\"@type\":\"BreadcrumbList\",\"@id\":\"https:\\\/\\\/www.krafthand.de\\\/truck\\\/artikel\\\/multitool-truck-von-gys-zum-anheben-schwerer-lasten-40962\\\/#breadcrumb\",\"itemListElement\":[{\"@type\":\"ListItem\",\"position\":1,\"name\":\"Krafthand-Truck\",\"item\":\"https:\\\/\\\/www.krafthand.de\\\/truck\\\/\"},{\"@type\":\"ListItem\",\"position\":2,\"name\":\"Nfz-Service\",\"item\":\"https:\\\/\\\/www.krafthand.de\\\/truck\\\/kategorie\\\/nfz-service\\\/\"},{\"@type\":\"ListItem\",\"position\":3,\"name\":\"Werkstattausr\u00fcstung\",\"item\":\"https:\\\/\\\/www.krafthand.de\\\/truck\\\/kategorie\\\/nfz-service\\\/werkstattausruestung\\\/\"},{\"@type\":\"ListItem\",\"position\":4,\"name\":\"Multitool-Truck von GYS zum Anheben schwerer Lasten\"}]},{\"@type\":\"WebSite\",\"@id\":\"https:\\\/\\\/www.krafthand.de\\\/truck\\\/#website\",\"url\":\"https:\\\/\\\/www.krafthand.de\\\/truck\\\/\",\"name\":\"Krafthand-Truck\",\"description\":\"\",\"potentialAction\":[{\"@type\":\"SearchAction\",\"target\":{\"@type\":\"EntryPoint\",\"urlTemplate\":\"https:\\\/\\\/www.krafthand.de\\\/truck\\\/?s={search_term_string}\"},\"query-input\":{\"@type\":\"PropertyValueSpecification\",\"valueRequired\":true,\"valueName\":\"search_term_string\"}}],\"inLanguage\":\"de\"},{\"@type\":\"Person\",\"@id\":\"https:\\\/\\\/www.krafthand.de\\\/truck\\\/#\\\/schema\\\/person\\\/51fa80b1c57034c4bf63f9f988fc24ce\",\"name\":\"georg.blenk@krafthand-medien.de\",\"image\":{\"@type\":\"ImageObject\",\"inLanguage\":\"de\",\"@id\":\"https:\\\/\\\/secure.gravatar.com\\\/avatar\\\/93713c30affe0aa95d3a4130e499bb1abee2eb31adbdd9ce2aa1543538490215?s=96&d=mm&r=g\",\"url\":\"https:\\\/\\\/secure.gravatar.com\\\/avatar\\\/93713c30affe0aa95d3a4130e499bb1abee2eb31adbdd9ce2aa1543538490215?s=96&d=mm&r=g\",\"contentUrl\":\"https:\\\/\\\/secure.gravatar.com\\\/avatar\\\/93713c30affe0aa95d3a4130e499bb1abee2eb31adbdd9ce2aa1543538490215?s=96&d=mm&r=g\",\"caption\":\"georg.blenk@krafthand-medien.de\"}}]}<\/script>\n<!-- \/ Yoast SEO plugin. -->","yoast_head_json":{"title":"Multitool-Truck von GYS zum Anheben schwerer Lasten - Krafthand-Truck","description":"GYS hat mit dem Multitool-Truck einen neuen, mobilen Hebekran im Programm. Der Heber erleichtert die Durchf\u00fchrung von Wartungsarbeiten am Lkw.","robots":{"index":"index","follow":"follow","max-snippet":"max-snippet:-1","max-image-preview":"max-image-preview:large","max-video-preview":"max-video-preview:-1"},"canonical":"https:\/\/www.krafthand.de\/truck\/artikel\/multitool-truck-von-gys-zum-anheben-schwerer-lasten-40962\/","og_locale":"de_DE","og_type":"article","og_title":"Multitool-Truck von GYS zum Anheben schwerer Lasten - Krafthand-Truck","og_description":"GYS hat mit dem Multitool-Truck einen neuen, mobilen Hebekran im Programm. Der Heber erleichtert die Durchf\u00fchrung von Wartungsarbeiten am Lkw.","og_url":"https:\/\/www.krafthand-truck.de\/artikel\/multitool-truck-von-gys-zum-anheben-schwerer-lasten-40962\/","og_site_name":"Krafthand-Truck","article_published_time":"2024-10-04T09:01:08+00:00","article_modified_time":"2024-10-04T09:07:29+00:00","og_image":[{"width":1200,"height":1414,"url":"https:\/\/static.krafthand-truck.de\/uploads\/2024\/10\/GYS_mobiler_Hebekran_Multitool_Truck.jpg","type":"image\/jpeg"}],"author":"georg.blenk@krafthand-medien.de","twitter_card":"summary_large_image","twitter_misc":{"Verfasst von":"georg.blenk@krafthand-medien.de","Gesch\u00e4tzte Lesezeit":"2\u00a0Minuten"},"schema":{"@context":"https:\/\/schema.org","@graph":[{"@type":"Article","@id":"https:\/\/www.krafthand.de\/truck\/artikel\/multitool-truck-von-gys-zum-anheben-schwerer-lasten-40962\/#article","isPartOf":{"@id":"https:\/\/www.krafthand.de\/truck\/artikel\/multitool-truck-von-gys-zum-anheben-schwerer-lasten-40962\/"},"author":{"name":"georg.blenk@krafthand-medien.de","@id":"https:\/\/www.krafthand.de\/truck\/#\/schema\/person\/51fa80b1c57034c4bf63f9f988fc24ce"},"headline":"Multitool-Truck von GYS zum Anheben schwerer Lasten","datePublished":"2024-10-04T09:01:08+00:00","dateModified":"2024-10-04T09:07:29+00:00","mainEntityOfPage":{"@id":"https:\/\/www.krafthand.de\/truck\/artikel\/multitool-truck-von-gys-zum-anheben-schwerer-lasten-40962\/"},"wordCount":198,"image":{"@id":"https:\/\/www.krafthand.de\/truck\/artikel\/multitool-truck-von-gys-zum-anheben-schwerer-lasten-40962\/#primaryimage"},"thumbnailUrl":"https:\/\/static.krafthand-truck.de\/uploads\/2024\/10\/GYS_mobiler_Hebekran_Multitool_Truck.jpg","keywords":["Gys","Hebekran","Hebetechnik"],"articleSection":["Werkstattausr\u00fcstung"],"inLanguage":"de"},{"@type":"WebPage","@id":"https:\/\/www.krafthand.de\/truck\/artikel\/multitool-truck-von-gys-zum-anheben-schwerer-lasten-40962\/","url":"https:\/\/www.krafthand.de\/truck\/artikel\/multitool-truck-von-gys-zum-anheben-schwerer-lasten-40962\/","name":"Multitool-Truck von GYS zum Anheben schwerer Lasten - Krafthand-Truck","isPartOf":{"@id":"https:\/\/www.krafthand.de\/truck\/#website"},"primaryImageOfPage":{"@id":"https:\/\/www.krafthand.de\/truck\/artikel\/multitool-truck-von-gys-zum-anheben-schwerer-lasten-40962\/#primaryimage"},"image":{"@id":"https:\/\/www.krafthand.de\/truck\/artikel\/multitool-truck-von-gys-zum-anheben-schwerer-lasten-40962\/#primaryimage"},"thumbnailUrl":"https:\/\/static.krafthand-truck.de\/uploads\/2024\/10\/GYS_mobiler_Hebekran_Multitool_Truck.jpg","datePublished":"2024-10-04T09:01:08+00:00","dateModified":"2024-10-04T09:07:29+00:00","author":{"@id":"https:\/\/www.krafthand.de\/truck\/#\/schema\/person\/51fa80b1c57034c4bf63f9f988fc24ce"},"description":"GYS hat mit dem Multitool-Truck einen neuen, mobilen Hebekran im Programm. Der Heber erleichtert die Durchf\u00fchrung von Wartungsarbeiten am Lkw.","breadcrumb":{"@id":"https:\/\/www.krafthand.de\/truck\/artikel\/multitool-truck-von-gys-zum-anheben-schwerer-lasten-40962\/#breadcrumb"},"inLanguage":"de","potentialAction":[{"@type":"ReadAction","target":["https:\/\/www.krafthand.de\/truck\/artikel\/multitool-truck-von-gys-zum-anheben-schwerer-lasten-40962\/"]}]},{"@type":"ImageObject","inLanguage":"de","@id":"https:\/\/www.krafthand.de\/truck\/artikel\/multitool-truck-von-gys-zum-anheben-schwerer-lasten-40962\/#primaryimage","url":"https:\/\/static.krafthand-truck.de\/uploads\/2024\/10\/GYS_mobiler_Hebekran_Multitool_Truck.jpg","contentUrl":"https:\/\/static.krafthand-truck.de\/uploads\/2024\/10\/GYS_mobiler_Hebekran_Multitool_Truck.jpg","width":1200,"height":1414},{"@type":"BreadcrumbList","@id":"https:\/\/www.krafthand.de\/truck\/artikel\/multitool-truck-von-gys-zum-anheben-schwerer-lasten-40962\/#breadcrumb","itemListElement":[{"@type":"ListItem","position":1,"name":"Krafthand-Truck","item":"https:\/\/www.krafthand.de\/truck\/"},{"@type":"ListItem","position":2,"name":"Nfz-Service","item":"https:\/\/www.krafthand.de\/truck\/kategorie\/nfz-service\/"},{"@type":"ListItem","position":3,"name":"Werkstattausr\u00fcstung","item":"https:\/\/www.krafthand.de\/truck\/kategorie\/nfz-service\/werkstattausruestung\/"},{"@type":"ListItem","position":4,"name":"Multitool-Truck von GYS zum Anheben schwerer Lasten"}]},{"@type":"WebSite","@id":"https:\/\/www.krafthand.de\/truck\/#website","url":"https:\/\/www.krafthand.de\/truck\/","name":"Krafthand-Truck","description":"","potentialAction":[{"@type":"SearchAction","target":{"@type":"EntryPoint","urlTemplate":"https:\/\/www.krafthand.de\/truck\/?s={search_term_string}"},"query-input":{"@type":"PropertyValueSpecification","valueRequired":true,"valueName":"search_term_string"}}],"inLanguage":"de"},{"@type":"Person","@id":"https:\/\/www.krafthand.de\/truck\/#\/schema\/person\/51fa80b1c57034c4bf63f9f988fc24ce","name":"georg.blenk@krafthand-medien.de","image":{"@type":"ImageObject","inLanguage":"de","@id":"https:\/\/secure.gravatar.com\/avatar\/93713c30affe0aa95d3a4130e499bb1abee2eb31adbdd9ce2aa1543538490215?s=96&d=mm&r=g","url":"https:\/\/secure.gravatar.com\/avatar\/93713c30affe0aa95d3a4130e499bb1abee2eb31adbdd9ce2aa1543538490215?s=96&d=mm&r=g","contentUrl":"https:\/\/secure.gravatar.com\/avatar\/93713c30affe0aa95d3a4130e499bb1abee2eb31adbdd9ce2aa1543538490215?s=96&d=mm&r=g","caption":"georg.blenk@krafthand-medien.de"}}]}},"_links":{"self":[{"href":"https:\/\/www.krafthand.de\/truck\/wp-json\/wp\/v2\/posts\/40962","targetHints":{"allow":["GET"]}}],"collection":[{"href":"https:\/\/www.krafthand.de\/truck\/wp-json\/wp\/v2\/posts"}],"about":[{"href":"https:\/\/www.krafthand.de\/truck\/wp-json\/wp\/v2\/types\/post"}],"author":[{"embeddable":true,"href":"https:\/\/www.krafthand.de\/truck\/wp-json\/wp\/v2\/users\/9"}],"replies":[{"embeddable":true,"href":"https:\/\/www.krafthand.de\/truck\/wp-json\/wp\/v2\/comments?post=40962"}],"version-history":[{"count":2,"href":"https:\/\/www.krafthand.de\/truck\/wp-json\/wp\/v2\/posts\/40962\/revisions"}],"predecessor-version":[{"id":40965,"href":"https:\/\/www.krafthand.de\/truck\/wp-json\/wp\/v2\/posts\/40962\/revisions\/40965"}],"wp:featuredmedia":[{"embeddable":true,"href":"https:\/\/www.krafthand.de\/truck\/wp-json\/wp\/v2\/media\/40964"}],"wp:attachment":[{"href":"https:\/\/www.krafthand.de\/truck\/wp-json\/wp\/v2\/media?parent=40962"}],"wp:term":[{"taxonomy":"category","embeddable":true,"href":"https:\/\/www.krafthand.de\/truck\/wp-json\/wp\/v2\/categories?post=40962"},{"taxonomy":"post_tag","embeddable":true,"href":"https:\/\/www.krafthand.de\/truck\/wp-json\/wp\/v2\/tags?post=40962"},{"taxonomy":"settings","embeddable":true,"href":"https:\/\/www.krafthand.de\/truck\/wp-json\/wp\/v2\/settings?post=40962"}],"curies":[{"name":"wp","href":"https:\/\/api.w.org\/{rel}","templated":true}]}}