{"id":40933,"date":"2024-10-02T15:20:24","date_gmt":"2024-10-02T13:20:24","guid":{"rendered":"https:\/\/www.krafthand.de\/truck\/?p=40933"},"modified":"2025-12-02T11:12:46","modified_gmt":"2025-12-02T10:12:46","slug":"e-lkw-mit-wasserstoff-verbrenner-als-range-extender","status":"publish","type":"post","link":"https:\/\/www.krafthand.de\/truck\/artikel\/e-lkw-mit-wasserstoff-verbrenner-als-range-extender-40933\/","title":{"rendered":"E-Lkw mit Wasserstoff-Verbrenner als Range-Extender"},"content":{"rendered":"<p>IVECO hat auf der IAA Transportation in Hannover eine Studie eines Lkw mit seriellem Hybridantrieb gezeigt. Das Konzept basiert auf einem S-eWay und einem 6&#215;2-Fahrgestell. Der Clou: Das Fahrzeug ist mit einem Cursor-9 H2-Hybrid-Motor und einer E-Achse ausgestattet. Der Wasserstoff-Verbrenner mit 8,7 Liter Hubraum und Sechszylinder-Reihenmotor mit Port-Fuel-Injection (FPI, Saugrohreinspritzung) liefert 310 PS bei 1.400 Nm. Er fungiert als reiner Reichweitenverl\u00e4ngerer (Range-Extender), treibt also nicht mit an. Der H2-Verbrenner und die E-Achse stammen von der IVECO-Schwestermarke <a href=\"https:\/\/www.fptindustrial.com\/de\" target=\"_blank\" rel=\"noopener\">FPT Industrial<\/a>. Interessanter Nebenaspekt: Der Motor ist mit einem extrem niedrig-viskosem \u00d6l der Viskosit\u00e4tsklasse 0-W16 (Urania Next von <a href=\"https:\/\/de.pli-petronas.com\/de\/werkst%C3%A4tten\/lkw\" target=\"_blank\" rel=\"noopener\">Petronas<\/a>) bef\u00fcllt, f\u00fcr schwere Nutzfahrzeugmotoren eher exotisch.<\/p>\n<p>&nbsp;<\/p>\n<figure id=\"attachment_40937\" aria-describedby=\"caption-attachment-40937\" style=\"width: 800px\" class=\"wp-caption aligncenter\"><a href=\"https:\/\/static.krafthand-truck.de\/uploads\/2024\/10\/IVECO_H2_Cursor_9_FPT_02.jpg\" target=\"_blank\" rel=\"noopener\"><img fetchpriority=\"high\" decoding=\"async\" class=\"wp-image-40937\" src=\"https:\/\/static.krafthand-truck.de\/uploads\/2024\/10\/IVECO_H2_Cursor_9_FPT_02-300x169.jpg\" alt=\"\" width=\"800\" height=\"450\" srcset=\"https:\/\/static.krafthand-truck.de\/uploads\/2024\/10\/IVECO_H2_Cursor_9_FPT_02-300x169.jpg 300w, https:\/\/static.krafthand-truck.de\/uploads\/2024\/10\/IVECO_H2_Cursor_9_FPT_02-1024x576.jpg 1024w, https:\/\/static.krafthand-truck.de\/uploads\/2024\/10\/IVECO_H2_Cursor_9_FPT_02-768x432.jpg 768w, https:\/\/static.krafthand-truck.de\/uploads\/2024\/10\/IVECO_H2_Cursor_9_FPT_02.jpg 1200w\" sizes=\"(max-width: 800px) 100vw, 800px\" \/><\/a><figcaption id=\"caption-attachment-40937\" class=\"wp-caption-text\">Der Cursor 9 Wasserstoff-Verbrenner mit Port-Fuel-Injection (PFI).<\/figcaption><\/figure>\n<p>&nbsp;<\/p>\n<h3>Hybridmodul und Batterien<\/h3>\n<figure id=\"attachment_40939\" aria-describedby=\"caption-attachment-40939\" style=\"width: 420px\" class=\"wp-caption alignleft\"><a href=\"https:\/\/static.krafthand-truck.de\/uploads\/2024\/10\/IVECO_FPT_e_achse_eAX_840_R.jpg\" target=\"_blank\" rel=\"noopener\"><img decoding=\"async\" class=\"wp-image-40939\" src=\"https:\/\/static.krafthand-truck.de\/uploads\/2024\/10\/IVECO_FPT_e_achse_eAX_840_R-300x184.jpg\" alt=\"\" width=\"420\" height=\"258\" srcset=\"https:\/\/static.krafthand-truck.de\/uploads\/2024\/10\/IVECO_FPT_e_achse_eAX_840_R-300x184.jpg 300w, https:\/\/static.krafthand-truck.de\/uploads\/2024\/10\/IVECO_FPT_e_achse_eAX_840_R-1024x628.jpg 1024w, https:\/\/static.krafthand-truck.de\/uploads\/2024\/10\/IVECO_FPT_e_achse_eAX_840_R-768x471.jpg 768w, https:\/\/static.krafthand-truck.de\/uploads\/2024\/10\/IVECO_FPT_e_achse_eAX_840_R.jpg 1200w\" sizes=\"(max-width: 420px) 100vw, 420px\" \/><\/a><figcaption id=\"caption-attachment-40939\" class=\"wp-caption-text\">Die E-Achse des H2-Hybrid Concept stammt ebenfalls von FPT Industrial.<\/figcaption><\/figure>\n<p>Das Hybridmodul mit reiner Generatorfunktion ist direkt hinter dem H2-ICE (in P1-Anordnung) angeflanscht und stammt von <a href=\"https:\/\/muviqofficial.com\" target=\"_blank\" rel=\"noopener\">MUVIQ<\/a>. Je nach Einsatz des Fahrzeugs tr\u00e4gt es nach einer speziellen Steuerstrategie dazu bei, die von der E-Achse ben\u00f6tigte Leistung (bis zu 400 KW) zu liefern und\/oder die Batterien aufzuladen. Die Batterien des Konzepttrucks wurden ebenfalls von FPT Industrial entwickelt und gebaut. Es handle sich dabei um Prototypen, die aus der Erfahrung mit leichten Nutzfahrzeugen (LCV) und der Li-Ion-Batterie eBS37 (Die Batteriezellen stammen von <a href=\"https:\/\/microvast.com\" target=\"_blank\" rel=\"noopener\">Microvast<\/a>) sowie den Bus-Batterien (eBS69) auf Basis von Li-Ion- sowie NMC-Technologien (Nickel-Kobal-Mangan, ebenfalls von Microvast) abgeleitet sind. Die beiden Batterien liefern eine Leistung von zweimal 80 kWh.<\/p>\n<h3>Tanks und Reichweite<\/h3>\n<figure id=\"attachment_40940\" aria-describedby=\"caption-attachment-40940\" style=\"width: 340px\" class=\"wp-caption alignright\"><a href=\"https:\/\/static.krafthand-truck.de\/uploads\/2024\/10\/IVECO_H2_Hybrid_Concept_Wasserstofftanks_Hexagon.jpg\" target=\"_blank\" rel=\"noopener\"><img decoding=\"async\" class=\"wp-image-40940\" src=\"https:\/\/static.krafthand-truck.de\/uploads\/2024\/10\/IVECO_H2_Hybrid_Concept_Wasserstofftanks_Hexagon-197x300.jpg\" alt=\"\" width=\"340\" height=\"517\" srcset=\"https:\/\/static.krafthand-truck.de\/uploads\/2024\/10\/IVECO_H2_Hybrid_Concept_Wasserstofftanks_Hexagon-197x300.jpg 197w, https:\/\/static.krafthand-truck.de\/uploads\/2024\/10\/IVECO_H2_Hybrid_Concept_Wasserstofftanks_Hexagon-674x1024.jpg 674w, https:\/\/static.krafthand-truck.de\/uploads\/2024\/10\/IVECO_H2_Hybrid_Concept_Wasserstofftanks_Hexagon-768x1167.jpg 768w, https:\/\/static.krafthand-truck.de\/uploads\/2024\/10\/IVECO_H2_Hybrid_Concept_Wasserstofftanks_Hexagon-1011x1536.jpg 1011w, https:\/\/static.krafthand-truck.de\/uploads\/2024\/10\/IVECO_H2_Hybrid_Concept_Wasserstofftanks_Hexagon.jpg 1200w\" sizes=\"(max-width: 340px) 100vw, 340px\" \/><\/a><figcaption id=\"caption-attachment-40940\" class=\"wp-caption-text\">Die drei Wasserstofftanks sind hinter der Fahrerkabine untergebracht und fassen 72 kg. (hier beim Konzeptfahrzeug, das auf der IAA gezeigt wurde, fehlt zu Demonstrationszwecken die Kabine).<\/figcaption><\/figure>\n<p>Bei der E-Achse handelt es sich um eine eAX 840-R von FPT die bis zu 480 kW Dauerleistung liefern kann. Die Dimensionierung des Batteriesystems begrenzt das System auf 400 kW \u00e4hnlich der Architektur des Antriebsstrangs von Brennstoffzellenfahrzeugen.<br \/>\nDie Wasserstofftanks verf\u00fcgen \u00fcber 800l (72kg) Fassungsverm\u00f6gen. Lieferant f\u00fcr die Tanks ist Hexagon. Das H2-Speichersystem im Konzeptfahrzeugs stammt (noch) vom S-eWay FuelCell. Welche Tanks in einer sp\u00e4teren m\u00f6glichen Serienversion zum Einsatz kommen, st\u00fcnde laut <a href=\"https:\/\/www.iveco.com\/global\/welcome\" target=\"_blank\" rel=\"noopener\">IVECO<\/a> noch nicht fest. Die tats\u00e4chliche Reichweite des Hybridfahrzeugs h\u00e4nge auch stark vom Einsatzzeck ab. Der Wirkungsgrad des Hybridkonzepts wird jedoch voraussichtlich etwas geringer sein als der eines Brennstoffzellen-Elektrofahrzeugs.<\/p>\n<h3>Potenziale ausloten<\/h3>\n<p>IVECO ist auf dem Weg zum emissionsfreien Stra\u00dfeng\u00fcterverkehr, indem das Unternehmen Potenziale aller heute und morgen verf\u00fcgbaren Technologien und Kraftstoffe auslotet. Die endg\u00fcltige Serieneinf\u00fchrung von Technologien, wie des H2-ICE-Hybridfahrzeugs h\u00e4ngt laut IVECO von vielen Faktoren ab. Dazu geh\u00f6rten etwaige F\u00f6rderungen, die Wasserstoff-Infrastruktur und der nat\u00fcrlich der Preis des Kraftstoffs. Auf jeden Fall ist der \u201aH2-Hybrid-Concept\u2018 ein hochinteressantes Beispiel was technisch realisierbar ist, um die Dekarbonisierung des Stra\u00dfeng\u00fcterverkehrs voran zu treiben.<\/p>\n<p><i>Den Beitrag finden Sie auch in der Print-Ausgabe 4-2024 der <a href=\"https:\/\/www.krafthand.de\/truck\/magazin\/\" title=\"Zum Magazin\">Krafthand-Truck<\/a>.<\/i><\/p>\r\n\t\t\t\t<div class=\"post-author\">\r\n\t\t\t\t\t<div class=\"khm-cp-author clearfix\">\r\n\t\t\t\t\t\t<div class=\"khm-cp-author__content\">\r\n\t\t\t\t\t\t\t\tKontakt zum Autor:<br \/>\r\n\t\t\t\t\t\t\t\t<strong>Georg Blenk<\/strong>, 08247 \/ 3007-45 |  <a href=\"mailto:georg.blenk@krafthand-medien.de\">georg.blenk@krafthand-medien.de<\/a>\r\n\t\t\t\t\t\t\t<div class=\"khm-cp-author__image\">\r\n\t\t\t\t\t\t<img src=\"https:\/\/static.krafthand-truck.de\/uploads\/2021\/01\/Blenk_6104-250x300-1-removebg-preview.png\" class=\"img-responsive\">\r\n\t\t\t\t\t<\/div>\r\n\t\t\t\t\t\t<\/div>\r\n\t\t\t\t\t<\/div>\r\n\t\t\t\t<\/div>\r\n\t\t\t\t","protected":false},"excerpt":{"rendered":"<p>IVECO hat auf der IAA Transportation in Hannover eine Studie eines Lkw mit seriellem Hybridantrieb gezeigt. Das Konzept basiert auf einem S-eWay und einem 6&#215;2-Fahrgestell. Der Clou: Das Fahrzeug ist mit einem Cursor-9 H2-Hybrid-Motor und einer E-Achse ausgestattet. Wir werfen einen Blick aufs Detail. <span class=\"excerpt-more__dots\">&#8230;<\/span> <a class=\"excerpt-more__link\" href=\"https:\/\/www.krafthand.de\/truck\/artikel\/e-lkw-mit-wasserstoff-verbrenner-als-range-extender-40933\/\" >weiter<\/a><\/p>\n","protected":false},"author":9,"featured_media":40936,"comment_status":"closed","ping_status":"closed","sticky":false,"template":"","format":"standard","meta":{"footnotes":""},"categories":[4913,4224,6375,4236],"tags":[4768,5951,2171,29,6041,4532],"settings":[3524,4766,3523],"class_list":["post-40933","post","type-post","status-publish","format-standard","has-post-thumbnail","hentry","category-alternative-kraftstoffe","category-e-antrieb","category-lade-tank-infrastruktur","category-veranstaltungen","tag-fpt-industrial","tag-h2ice","tag-hybrid-lkw","tag-iveco","tag-range-extender","tag-wasserstoff-verbrennungsmotor"],"yoast_head":"<!-- This site is optimized with the Yoast SEO plugin v27.3 - https:\/\/yoast.com\/product\/yoast-seo-wordpress\/ -->\n<title>Lkw mit seriellem Hybridantrieb von IVECO I Krafthand-Truck<\/title>\n<meta name=\"description\" content=\"IVECO hat auf der IAA Transportation in Hannover eine Studie eines Lkw mit seriellem Hybridantrieb gezeigt.\" \/>\n<meta name=\"robots\" content=\"index, follow, max-snippet:-1, max-image-preview:large, max-video-preview:-1\" \/>\n<link rel=\"canonical\" href=\"https:\/\/www.krafthand.de\/truck\/artikel\/e-lkw-mit-wasserstoff-verbrenner-als-range-extender-40933\/\" \/>\n<meta property=\"og:locale\" content=\"de_DE\" \/>\n<meta property=\"og:type\" content=\"article\" \/>\n<meta property=\"og:title\" content=\"Lkw mit seriellem Hybridantrieb von IVECO I Krafthand-Truck\" \/>\n<meta property=\"og:description\" content=\"IVECO hat auf der IAA Transportation in Hannover eine Studie eines Lkw mit seriellem Hybridantrieb gezeigt.\" \/>\n<meta property=\"og:url\" content=\"https:\/\/www.krafthand-truck.de\/artikel\/e-lkw-mit-wasserstoff-verbrenner-als-range-extender-40933\/\" \/>\n<meta property=\"og:site_name\" content=\"Krafthand-Truck\" \/>\n<meta property=\"article:published_time\" content=\"2024-10-02T13:20:24+00:00\" \/>\n<meta property=\"article:modified_time\" content=\"2025-12-02T10:12:46+00:00\" \/>\n<meta property=\"og:image\" content=\"https:\/\/static.krafthand-truck.de\/uploads\/2024\/10\/IVECO_H2_ICE_Hybrid_FPT_01.jpg\" \/>\n\t<meta property=\"og:image:width\" content=\"1200\" \/>\n\t<meta property=\"og:image:height\" content=\"603\" \/>\n\t<meta property=\"og:image:type\" content=\"image\/jpeg\" \/>\n<meta name=\"author\" content=\"georg.blenk@krafthand-medien.de\" \/>\n<meta name=\"twitter:card\" content=\"summary_large_image\" \/>\n<meta name=\"twitter:label1\" content=\"Verfasst von\" \/>\n\t<meta name=\"twitter:data1\" content=\"georg.blenk@krafthand-medien.de\" \/>\n\t<meta name=\"twitter:label2\" content=\"Gesch\u00e4tzte Lesezeit\" \/>\n\t<meta name=\"twitter:data2\" content=\"4\u00a0Minuten\" \/>\n<script type=\"application\/ld+json\" class=\"yoast-schema-graph\">{\"@context\":\"https:\\\/\\\/schema.org\",\"@graph\":[{\"@type\":\"Article\",\"@id\":\"https:\\\/\\\/www.krafthand.de\\\/truck\\\/artikel\\\/e-lkw-mit-wasserstoff-verbrenner-als-range-extender-40933\\\/#article\",\"isPartOf\":{\"@id\":\"https:\\\/\\\/www.krafthand.de\\\/truck\\\/artikel\\\/e-lkw-mit-wasserstoff-verbrenner-als-range-extender-40933\\\/\"},\"author\":{\"name\":\"georg.blenk@krafthand-medien.de\",\"@id\":\"https:\\\/\\\/www.krafthand.de\\\/truck\\\/#\\\/schema\\\/person\\\/51fa80b1c57034c4bf63f9f988fc24ce\"},\"headline\":\"E-Lkw mit Wasserstoff-Verbrenner als Range-Extender\",\"datePublished\":\"2024-10-02T13:20:24+00:00\",\"dateModified\":\"2025-12-02T10:12:46+00:00\",\"mainEntityOfPage\":{\"@id\":\"https:\\\/\\\/www.krafthand.de\\\/truck\\\/artikel\\\/e-lkw-mit-wasserstoff-verbrenner-als-range-extender-40933\\\/\"},\"wordCount\":483,\"image\":{\"@id\":\"https:\\\/\\\/www.krafthand.de\\\/truck\\\/artikel\\\/e-lkw-mit-wasserstoff-verbrenner-als-range-extender-40933\\\/#primaryimage\"},\"thumbnailUrl\":\"https:\\\/\\\/static.krafthand-truck.de\\\/uploads\\\/2024\\\/10\\\/IVECO_H2_ICE_Hybrid_FPT_01.jpg\",\"keywords\":[\"FPT Industrial\",\"H2ICE\",\"Hybrid-Lkw\",\"Iveco\",\"Range-Extender\",\"Wasserstoff-Verbrennungsmotor\"],\"articleSection\":[\"Alternative Kraftstoffe\",\"E-Antrieb (BEV\\\/FCEV)\",\"Lade-\\\/Tank-Infrastruktur\",\"Veranstaltungen\\\/Messen\"],\"inLanguage\":\"de\"},{\"@type\":\"WebPage\",\"@id\":\"https:\\\/\\\/www.krafthand.de\\\/truck\\\/artikel\\\/e-lkw-mit-wasserstoff-verbrenner-als-range-extender-40933\\\/\",\"url\":\"https:\\\/\\\/www.krafthand.de\\\/truck\\\/artikel\\\/e-lkw-mit-wasserstoff-verbrenner-als-range-extender-40933\\\/\",\"name\":\"Lkw mit seriellem Hybridantrieb von IVECO I Krafthand-Truck\",\"isPartOf\":{\"@id\":\"https:\\\/\\\/www.krafthand.de\\\/truck\\\/#website\"},\"primaryImageOfPage\":{\"@id\":\"https:\\\/\\\/www.krafthand.de\\\/truck\\\/artikel\\\/e-lkw-mit-wasserstoff-verbrenner-als-range-extender-40933\\\/#primaryimage\"},\"image\":{\"@id\":\"https:\\\/\\\/www.krafthand.de\\\/truck\\\/artikel\\\/e-lkw-mit-wasserstoff-verbrenner-als-range-extender-40933\\\/#primaryimage\"},\"thumbnailUrl\":\"https:\\\/\\\/static.krafthand-truck.de\\\/uploads\\\/2024\\\/10\\\/IVECO_H2_ICE_Hybrid_FPT_01.jpg\",\"datePublished\":\"2024-10-02T13:20:24+00:00\",\"dateModified\":\"2025-12-02T10:12:46+00:00\",\"author\":{\"@id\":\"https:\\\/\\\/www.krafthand.de\\\/truck\\\/#\\\/schema\\\/person\\\/51fa80b1c57034c4bf63f9f988fc24ce\"},\"description\":\"IVECO hat auf der IAA Transportation in Hannover eine Studie eines Lkw mit seriellem Hybridantrieb gezeigt.\",\"breadcrumb\":{\"@id\":\"https:\\\/\\\/www.krafthand.de\\\/truck\\\/artikel\\\/e-lkw-mit-wasserstoff-verbrenner-als-range-extender-40933\\\/#breadcrumb\"},\"inLanguage\":\"de\",\"potentialAction\":[{\"@type\":\"ReadAction\",\"target\":[\"https:\\\/\\\/www.krafthand.de\\\/truck\\\/artikel\\\/e-lkw-mit-wasserstoff-verbrenner-als-range-extender-40933\\\/\"]}]},{\"@type\":\"ImageObject\",\"inLanguage\":\"de\",\"@id\":\"https:\\\/\\\/www.krafthand.de\\\/truck\\\/artikel\\\/e-lkw-mit-wasserstoff-verbrenner-als-range-extender-40933\\\/#primaryimage\",\"url\":\"https:\\\/\\\/static.krafthand-truck.de\\\/uploads\\\/2024\\\/10\\\/IVECO_H2_ICE_Hybrid_FPT_01.jpg\",\"contentUrl\":\"https:\\\/\\\/static.krafthand-truck.de\\\/uploads\\\/2024\\\/10\\\/IVECO_H2_ICE_Hybrid_FPT_01.jpg\",\"width\":1200,\"height\":603},{\"@type\":\"BreadcrumbList\",\"@id\":\"https:\\\/\\\/www.krafthand.de\\\/truck\\\/artikel\\\/e-lkw-mit-wasserstoff-verbrenner-als-range-extender-40933\\\/#breadcrumb\",\"itemListElement\":[{\"@type\":\"ListItem\",\"position\":1,\"name\":\"Krafthand-Truck\",\"item\":\"https:\\\/\\\/www.krafthand.de\\\/truck\\\/\"},{\"@type\":\"ListItem\",\"position\":2,\"name\":\"Nfz-Technik\",\"item\":\"https:\\\/\\\/www.krafthand.de\\\/truck\\\/kategorie\\\/nfz-technik\\\/\"},{\"@type\":\"ListItem\",\"position\":3,\"name\":\"Alternative Kraftstoffe\",\"item\":\"https:\\\/\\\/www.krafthand.de\\\/truck\\\/kategorie\\\/nfz-technik\\\/alternative-kraftstoffe\\\/\"},{\"@type\":\"ListItem\",\"position\":4,\"name\":\"E-Lkw mit Wasserstoff-Verbrenner als Range-Extender\"}]},{\"@type\":\"WebSite\",\"@id\":\"https:\\\/\\\/www.krafthand.de\\\/truck\\\/#website\",\"url\":\"https:\\\/\\\/www.krafthand.de\\\/truck\\\/\",\"name\":\"Krafthand-Truck\",\"description\":\"\",\"potentialAction\":[{\"@type\":\"SearchAction\",\"target\":{\"@type\":\"EntryPoint\",\"urlTemplate\":\"https:\\\/\\\/www.krafthand.de\\\/truck\\\/?s={search_term_string}\"},\"query-input\":{\"@type\":\"PropertyValueSpecification\",\"valueRequired\":true,\"valueName\":\"search_term_string\"}}],\"inLanguage\":\"de\"},{\"@type\":\"Person\",\"@id\":\"https:\\\/\\\/www.krafthand.de\\\/truck\\\/#\\\/schema\\\/person\\\/51fa80b1c57034c4bf63f9f988fc24ce\",\"name\":\"georg.blenk@krafthand-medien.de\",\"image\":{\"@type\":\"ImageObject\",\"inLanguage\":\"de\",\"@id\":\"https:\\\/\\\/secure.gravatar.com\\\/avatar\\\/93713c30affe0aa95d3a4130e499bb1abee2eb31adbdd9ce2aa1543538490215?s=96&d=mm&r=g\",\"url\":\"https:\\\/\\\/secure.gravatar.com\\\/avatar\\\/93713c30affe0aa95d3a4130e499bb1abee2eb31adbdd9ce2aa1543538490215?s=96&d=mm&r=g\",\"contentUrl\":\"https:\\\/\\\/secure.gravatar.com\\\/avatar\\\/93713c30affe0aa95d3a4130e499bb1abee2eb31adbdd9ce2aa1543538490215?s=96&d=mm&r=g\",\"caption\":\"georg.blenk@krafthand-medien.de\"}}]}<\/script>\n<!-- \/ Yoast SEO plugin. -->","yoast_head_json":{"title":"Lkw mit seriellem Hybridantrieb von IVECO I Krafthand-Truck","description":"IVECO hat auf der IAA Transportation in Hannover eine Studie eines Lkw mit seriellem Hybridantrieb gezeigt.","robots":{"index":"index","follow":"follow","max-snippet":"max-snippet:-1","max-image-preview":"max-image-preview:large","max-video-preview":"max-video-preview:-1"},"canonical":"https:\/\/www.krafthand.de\/truck\/artikel\/e-lkw-mit-wasserstoff-verbrenner-als-range-extender-40933\/","og_locale":"de_DE","og_type":"article","og_title":"Lkw mit seriellem Hybridantrieb von IVECO I Krafthand-Truck","og_description":"IVECO hat auf der IAA Transportation in Hannover eine Studie eines Lkw mit seriellem Hybridantrieb gezeigt.","og_url":"https:\/\/www.krafthand-truck.de\/artikel\/e-lkw-mit-wasserstoff-verbrenner-als-range-extender-40933\/","og_site_name":"Krafthand-Truck","article_published_time":"2024-10-02T13:20:24+00:00","article_modified_time":"2025-12-02T10:12:46+00:00","og_image":[{"width":1200,"height":603,"url":"https:\/\/static.krafthand-truck.de\/uploads\/2024\/10\/IVECO_H2_ICE_Hybrid_FPT_01.jpg","type":"image\/jpeg"}],"author":"georg.blenk@krafthand-medien.de","twitter_card":"summary_large_image","twitter_misc":{"Verfasst von":"georg.blenk@krafthand-medien.de","Gesch\u00e4tzte Lesezeit":"4\u00a0Minuten"},"schema":{"@context":"https:\/\/schema.org","@graph":[{"@type":"Article","@id":"https:\/\/www.krafthand.de\/truck\/artikel\/e-lkw-mit-wasserstoff-verbrenner-als-range-extender-40933\/#article","isPartOf":{"@id":"https:\/\/www.krafthand.de\/truck\/artikel\/e-lkw-mit-wasserstoff-verbrenner-als-range-extender-40933\/"},"author":{"name":"georg.blenk@krafthand-medien.de","@id":"https:\/\/www.krafthand.de\/truck\/#\/schema\/person\/51fa80b1c57034c4bf63f9f988fc24ce"},"headline":"E-Lkw mit Wasserstoff-Verbrenner als Range-Extender","datePublished":"2024-10-02T13:20:24+00:00","dateModified":"2025-12-02T10:12:46+00:00","mainEntityOfPage":{"@id":"https:\/\/www.krafthand.de\/truck\/artikel\/e-lkw-mit-wasserstoff-verbrenner-als-range-extender-40933\/"},"wordCount":483,"image":{"@id":"https:\/\/www.krafthand.de\/truck\/artikel\/e-lkw-mit-wasserstoff-verbrenner-als-range-extender-40933\/#primaryimage"},"thumbnailUrl":"https:\/\/static.krafthand-truck.de\/uploads\/2024\/10\/IVECO_H2_ICE_Hybrid_FPT_01.jpg","keywords":["FPT Industrial","H2ICE","Hybrid-Lkw","Iveco","Range-Extender","Wasserstoff-Verbrennungsmotor"],"articleSection":["Alternative Kraftstoffe","E-Antrieb (BEV\/FCEV)","Lade-\/Tank-Infrastruktur","Veranstaltungen\/Messen"],"inLanguage":"de"},{"@type":"WebPage","@id":"https:\/\/www.krafthand.de\/truck\/artikel\/e-lkw-mit-wasserstoff-verbrenner-als-range-extender-40933\/","url":"https:\/\/www.krafthand.de\/truck\/artikel\/e-lkw-mit-wasserstoff-verbrenner-als-range-extender-40933\/","name":"Lkw mit seriellem Hybridantrieb von IVECO I Krafthand-Truck","isPartOf":{"@id":"https:\/\/www.krafthand.de\/truck\/#website"},"primaryImageOfPage":{"@id":"https:\/\/www.krafthand.de\/truck\/artikel\/e-lkw-mit-wasserstoff-verbrenner-als-range-extender-40933\/#primaryimage"},"image":{"@id":"https:\/\/www.krafthand.de\/truck\/artikel\/e-lkw-mit-wasserstoff-verbrenner-als-range-extender-40933\/#primaryimage"},"thumbnailUrl":"https:\/\/static.krafthand-truck.de\/uploads\/2024\/10\/IVECO_H2_ICE_Hybrid_FPT_01.jpg","datePublished":"2024-10-02T13:20:24+00:00","dateModified":"2025-12-02T10:12:46+00:00","author":{"@id":"https:\/\/www.krafthand.de\/truck\/#\/schema\/person\/51fa80b1c57034c4bf63f9f988fc24ce"},"description":"IVECO hat auf der IAA Transportation in Hannover eine Studie eines Lkw mit seriellem Hybridantrieb gezeigt.","breadcrumb":{"@id":"https:\/\/www.krafthand.de\/truck\/artikel\/e-lkw-mit-wasserstoff-verbrenner-als-range-extender-40933\/#breadcrumb"},"inLanguage":"de","potentialAction":[{"@type":"ReadAction","target":["https:\/\/www.krafthand.de\/truck\/artikel\/e-lkw-mit-wasserstoff-verbrenner-als-range-extender-40933\/"]}]},{"@type":"ImageObject","inLanguage":"de","@id":"https:\/\/www.krafthand.de\/truck\/artikel\/e-lkw-mit-wasserstoff-verbrenner-als-range-extender-40933\/#primaryimage","url":"https:\/\/static.krafthand-truck.de\/uploads\/2024\/10\/IVECO_H2_ICE_Hybrid_FPT_01.jpg","contentUrl":"https:\/\/static.krafthand-truck.de\/uploads\/2024\/10\/IVECO_H2_ICE_Hybrid_FPT_01.jpg","width":1200,"height":603},{"@type":"BreadcrumbList","@id":"https:\/\/www.krafthand.de\/truck\/artikel\/e-lkw-mit-wasserstoff-verbrenner-als-range-extender-40933\/#breadcrumb","itemListElement":[{"@type":"ListItem","position":1,"name":"Krafthand-Truck","item":"https:\/\/www.krafthand.de\/truck\/"},{"@type":"ListItem","position":2,"name":"Nfz-Technik","item":"https:\/\/www.krafthand.de\/truck\/kategorie\/nfz-technik\/"},{"@type":"ListItem","position":3,"name":"Alternative Kraftstoffe","item":"https:\/\/www.krafthand.de\/truck\/kategorie\/nfz-technik\/alternative-kraftstoffe\/"},{"@type":"ListItem","position":4,"name":"E-Lkw mit Wasserstoff-Verbrenner als Range-Extender"}]},{"@type":"WebSite","@id":"https:\/\/www.krafthand.de\/truck\/#website","url":"https:\/\/www.krafthand.de\/truck\/","name":"Krafthand-Truck","description":"","potentialAction":[{"@type":"SearchAction","target":{"@type":"EntryPoint","urlTemplate":"https:\/\/www.krafthand.de\/truck\/?s={search_term_string}"},"query-input":{"@type":"PropertyValueSpecification","valueRequired":true,"valueName":"search_term_string"}}],"inLanguage":"de"},{"@type":"Person","@id":"https:\/\/www.krafthand.de\/truck\/#\/schema\/person\/51fa80b1c57034c4bf63f9f988fc24ce","name":"georg.blenk@krafthand-medien.de","image":{"@type":"ImageObject","inLanguage":"de","@id":"https:\/\/secure.gravatar.com\/avatar\/93713c30affe0aa95d3a4130e499bb1abee2eb31adbdd9ce2aa1543538490215?s=96&d=mm&r=g","url":"https:\/\/secure.gravatar.com\/avatar\/93713c30affe0aa95d3a4130e499bb1abee2eb31adbdd9ce2aa1543538490215?s=96&d=mm&r=g","contentUrl":"https:\/\/secure.gravatar.com\/avatar\/93713c30affe0aa95d3a4130e499bb1abee2eb31adbdd9ce2aa1543538490215?s=96&d=mm&r=g","caption":"georg.blenk@krafthand-medien.de"}}]}},"_links":{"self":[{"href":"https:\/\/www.krafthand.de\/truck\/wp-json\/wp\/v2\/posts\/40933","targetHints":{"allow":["GET"]}}],"collection":[{"href":"https:\/\/www.krafthand.de\/truck\/wp-json\/wp\/v2\/posts"}],"about":[{"href":"https:\/\/www.krafthand.de\/truck\/wp-json\/wp\/v2\/types\/post"}],"author":[{"embeddable":true,"href":"https:\/\/www.krafthand.de\/truck\/wp-json\/wp\/v2\/users\/9"}],"replies":[{"embeddable":true,"href":"https:\/\/www.krafthand.de\/truck\/wp-json\/wp\/v2\/comments?post=40933"}],"version-history":[{"count":20,"href":"https:\/\/www.krafthand.de\/truck\/wp-json\/wp\/v2\/posts\/40933\/revisions"}],"predecessor-version":[{"id":40957,"href":"https:\/\/www.krafthand.de\/truck\/wp-json\/wp\/v2\/posts\/40933\/revisions\/40957"}],"wp:featuredmedia":[{"embeddable":true,"href":"https:\/\/www.krafthand.de\/truck\/wp-json\/wp\/v2\/media\/40936"}],"wp:attachment":[{"href":"https:\/\/www.krafthand.de\/truck\/wp-json\/wp\/v2\/media?parent=40933"}],"wp:term":[{"taxonomy":"category","embeddable":true,"href":"https:\/\/www.krafthand.de\/truck\/wp-json\/wp\/v2\/categories?post=40933"},{"taxonomy":"post_tag","embeddable":true,"href":"https:\/\/www.krafthand.de\/truck\/wp-json\/wp\/v2\/tags?post=40933"},{"taxonomy":"settings","embeddable":true,"href":"https:\/\/www.krafthand.de\/truck\/wp-json\/wp\/v2\/settings?post=40933"}],"curies":[{"name":"wp","href":"https:\/\/api.w.org\/{rel}","templated":true}]}}