{"id":40773,"date":"2024-09-18T15:44:44","date_gmt":"2024-09-18T13:44:44","guid":{"rendered":"https:\/\/www.krafthand.de\/truck\/?p=40773"},"modified":"2025-12-02T10:58:32","modified_gmt":"2025-12-02T09:58:32","slug":"hohe-investitionsbereitschaft-in-nachhaltige-lkw-die-unternehmen-stehen-bereit","status":"publish","type":"post","link":"https:\/\/www.krafthand.de\/truck\/artikel\/hohe-investitionsbereitschaft-in-nachhaltige-lkw-die-unternehmen-stehen-bereit-40773\/","title":{"rendered":"Hohe Investitionsbereitschaft in nachhaltige Lkw &#8211; die Unternehmen stehen bereit!"},"content":{"rendered":"<p>Rund 75 Prozent der Logistikunternehmen haben ein grunds\u00e4tzliches Interesse, in batterieelektrische Lkw zu investieren. Hauptgr\u00fcnde seien Kundenerwartungen und die Bedeutung von CSR-Strategien. H\u00fcrden sind hohe Anschaffungskosten und Infrastruktur. Dies besagt eine aktuelle Studie der Deutschen Energie Agentur (dena), die auf der IAA Transportation in Hannover vorgestellt wurde.<\/p>\n<p>Ziel der Umfrage sei es gewesen, ein aktuelles Stimmungsbild der Branche hinsichtlich nachhaltiger Antriebe und deren Potenzial f\u00fcr den Schwerlastverkehr zu erheben. In Zusammenarbeit mit dem <a href=\"https:\/\/www.dslv.org\/de\/\" target=\"_blank\" rel=\"noopener\">DSLV Bundesverband Spedition und Logistik e. V.<\/a> wurden deutsche Logistikunternehmen zu ihrer Investitionsbereitschaft in alternative Antriebe befragt.<br \/>\nDie Umfrage zeigt, dass die Branche grunds\u00e4tzlich offen f\u00fcr Investitionen in Nullemissionsfahrzeuge ist.<\/p>\n<p>Im Durchschnitt gaben rund 65 Prozent der befragten Unternehmen an, bereit zu sein, in Brennstoffzellenfahrzeuge, Wasserstoffverbrenner oder E-Lkw zu investieren. Besonders hoch ist die Zustimmung zu batterieelektrischen Fahrzeugen (BEV), bei denen drei Viertel der Unternehmen ein grunds\u00e4tzliches Interesse bekundeten. 22 Prozent der Befragten haben bereits konkrete Pl\u00e4ne, innerhalb der n\u00e4chsten sieben Jahre in BEVs zu investieren \u2013 bei Wasserstoffahrzeugen waren es 3 Prozent. Als Hauptgr\u00fcnde f\u00fcr die Offenheit gegen\u00fcber Nullemissionsfahrzeugen nannten die Unternehmen vor allem <strong>die gestiegenen Erwartungen ihrer Kunden<\/strong> sowie die wachsende Bedeutung von <strong>Corporate Social Responsibility<\/strong> (CSR)-Strategien.<\/p>\n<blockquote><p>\u201eWir m\u00fcssen bei der Verkehrswende dringend vorankommen. Die Umfrage zeigt, dass die Unternehmen bereitstehen. Neben den Marktanforderungen kann ein Ausbau der Infrastruktur den Antriebswechsel weiter beschleunigen&#8220;, so Kristina Haverkamp, Gesch\u00e4ftsf\u00fchrerin der dena.<\/p><\/blockquote>\n<p>So zeige die Umfrage der <a href=\"https:\/\/www.dena.de\/startseite\/\" target=\"_blank\" rel=\"noopener\">dena<\/a> auch, dass die hohen Anschaffungskosten f\u00fcr alternative Antriebssysteme sowie die noch <strong>unzureichende Tank- und Ladeinfrastruktur<\/strong> bedeutende H\u00fcrden darstellen, die eine fl\u00e4chendeckende Einf\u00fchrung erschweren.<\/p>\n<p>Zur\u00fcckhaltender zeigt sich die Branche bei Investitionen in Gasfahrzeuge. Die Investitionsbereitschaft in LNG-Fahrzeuge lag bei 28 Prozent, bei CNG-Fahrzeugen bei 14 Prozent. Bis zum Auslaufen der Mautersparnis zum Ende des Jahres 2023, war diese noch ein zentraler Grund f\u00fcr die Investition in Gasantriebe. Daneben waren auch hier Corporate Social Responsibility und Kundenerwartungen Hauptgr\u00fcnde f\u00fcr die Anschaffung. Unsicherheiten hinsichtlich der weiteren Marktentwicklung bei LNG- und CNG-Fahrzeugen stellen laut der Umfrage eine zentrale H\u00fcrde dar.<\/p>\n<p>Die Umfrage wurde von der dena-Plattform Nachhaltiger Schwerlastverkehr in Kooperation mit dem DSLV durchgef\u00fchrt. Der abschlie\u00dfende Bericht, der auch Details zur Nutzung nachhaltiger Kraftstoffe und zu F\u00f6rderma\u00dfnahmen enth\u00e4lt, wird in den kommenden Wochen von der dena-Plattform Nachhaltiger Schwerlastverkehr ver\u00f6ffentlicht.<\/p>\n<p>&nbsp;<\/p>\n<div class=\"infobox box-grey\"><\/p>\n<p><strong>\u00dcber die Deutsche Energie-Agentur (dena)<\/strong><br \/>\nDie Deutsche Energie-Agentur (dena) ist ein Kompetenzzentrum f\u00fcr angewandte Energiewende und Klimaschutz. Die dena betrachtet die Herausforderungen einer klimaneutralen Gesellschaft und unterst\u00fctzt die Bundesregierung beim Erreichen ihrer energie- und klimapolitischen Ziele. Seit ihrer Gr\u00fcndung im Jahr 2000 entwickelt die Agentur L\u00f6sungen, setzt diese in die Praxis um und bringt Partner aus Politik, Wirtschaft, Wissenschaft und allen Teilen der Gesellschaft zusammen \u2013 national wie international. Die dena ist eine Projektgesellschaft <strong>und ein \u00f6ffentliches Unternehmen im Bundeseigentum<\/strong>. Gesellschafter der dena sind die Bundesregierung und die dena selbst.<\/p>\n<p><\/div>\n\r\n\t\t\t\t<div class=\"post-author\">\r\n\t\t\t\t\t<div class=\"khm-cp-author clearfix\">\r\n\t\t\t\t\t\t<div class=\"khm-cp-author__content\">\r\n\t\t\t\t\t\t\t\tKontakt zum Autor:<br \/>\r\n\t\t\t\t\t\t\t\t<strong>Georg Blenk<\/strong>, 08247 \/ 3007-45 |  <a href=\"mailto:georg.blenk@krafthand-medien.de\">georg.blenk@krafthand-medien.de<\/a>\r\n\t\t\t\t\t\t\t<div class=\"khm-cp-author__image\">\r\n\t\t\t\t\t\t<img src=\"https:\/\/static.krafthand-truck.de\/uploads\/2021\/01\/Blenk_6104-250x300-1-removebg-preview.png\" class=\"img-responsive\">\r\n\t\t\t\t\t<\/div>\r\n\t\t\t\t\t\t<\/div>\r\n\t\t\t\t\t<\/div>\r\n\t\t\t\t<\/div>\r\n\t\t\t\t","protected":false},"excerpt":{"rendered":"<p>Rund 75 Prozent der Logistikunternehmen haben ein grunds\u00e4tzliches Interesse, in batterieelektrische Lkw zu investieren. Hauptgr\u00fcnde seien Kundenerwartungen und die Bedeutung von CSR-Strategien. H\u00fcrden sind hohe Anschaffungskosten und Infrastruktur. Dies besagt eine aktuelle Studie der Deutschen Energie Agentur (dena), die auf der IAA Transportation in Hannover vorgestellt wurde. <span class=\"excerpt-more__dots\">&#8230;<\/span> <a class=\"excerpt-more__link\" href=\"https:\/\/www.krafthand.de\/truck\/artikel\/hohe-investitionsbereitschaft-in-nachhaltige-lkw-die-unternehmen-stehen-bereit-40773\/\" >weiter<\/a><\/p>\n","protected":false},"author":9,"featured_media":40778,"comment_status":"closed","ping_status":"closed","sticky":false,"template":"","format":"standard","meta":{"footnotes":""},"categories":[6375,4237],"tags":[5470,4177,4264,4181],"settings":[3524,4766,3523],"class_list":["post-40773","post","type-post","status-publish","format-standard","has-post-thumbnail","hentry","category-lade-tank-infrastruktur","category-studien","tag-dena","tag-e-lkw","tag-studie","tag-wasserstoff"],"yoast_head":"<!-- This site is optimized with the Yoast SEO plugin v27.3 - https:\/\/yoast.com\/product\/yoast-seo-wordpress\/ -->\n<title>Speditionen m\u00f6chten in BEV, FCEV investieren I Krafthand-Truck<\/title>\n<meta name=\"description\" content=\"Rund 75 Prozent der Logistikunternehmen haben ein grunds\u00e4tzliches Interesse, in batterieelektrische Lkw zu investieren.\" \/>\n<meta name=\"robots\" content=\"index, follow, max-snippet:-1, max-image-preview:large, max-video-preview:-1\" \/>\n<link rel=\"canonical\" href=\"https:\/\/www.krafthand.de\/truck\/artikel\/hohe-investitionsbereitschaft-in-nachhaltige-lkw-die-unternehmen-stehen-bereit-40773\/\" \/>\n<meta property=\"og:locale\" content=\"de_DE\" \/>\n<meta property=\"og:type\" content=\"article\" \/>\n<meta property=\"og:title\" content=\"Speditionen m\u00f6chten in BEV, FCEV investieren I Krafthand-Truck\" \/>\n<meta property=\"og:description\" content=\"Rund 75 Prozent der Logistikunternehmen haben ein grunds\u00e4tzliches Interesse, in batterieelektrische Lkw zu investieren.\" \/>\n<meta property=\"og:url\" content=\"https:\/\/www.krafthand-truck.de\/artikel\/hohe-investitionsbereitschaft-in-nachhaltige-lkw-die-unternehmen-stehen-bereit-40773\/\" \/>\n<meta property=\"og:site_name\" content=\"Krafthand-Truck\" \/>\n<meta property=\"article:published_time\" content=\"2024-09-18T13:44:44+00:00\" \/>\n<meta property=\"article:modified_time\" content=\"2025-12-02T09:58:32+00:00\" \/>\n<meta property=\"og:image\" content=\"https:\/\/static.krafthand-truck.de\/uploads\/2024\/09\/Dena_Studie_Akzeptanz_Lkw_FCEV_BEV.jpg\" \/>\n\t<meta property=\"og:image:width\" content=\"1200\" \/>\n\t<meta property=\"og:image:height\" content=\"594\" \/>\n\t<meta property=\"og:image:type\" content=\"image\/jpeg\" \/>\n<meta name=\"author\" content=\"georg.blenk@krafthand-medien.de\" \/>\n<meta name=\"twitter:card\" content=\"summary_large_image\" \/>\n<meta name=\"twitter:label1\" content=\"Verfasst von\" \/>\n\t<meta name=\"twitter:data1\" content=\"georg.blenk@krafthand-medien.de\" \/>\n\t<meta name=\"twitter:label2\" content=\"Gesch\u00e4tzte Lesezeit\" \/>\n\t<meta name=\"twitter:data2\" content=\"3\u00a0Minuten\" \/>\n<script type=\"application\/ld+json\" class=\"yoast-schema-graph\">{\"@context\":\"https:\\\/\\\/schema.org\",\"@graph\":[{\"@type\":\"Article\",\"@id\":\"https:\\\/\\\/www.krafthand.de\\\/truck\\\/artikel\\\/hohe-investitionsbereitschaft-in-nachhaltige-lkw-die-unternehmen-stehen-bereit-40773\\\/#article\",\"isPartOf\":{\"@id\":\"https:\\\/\\\/www.krafthand.de\\\/truck\\\/artikel\\\/hohe-investitionsbereitschaft-in-nachhaltige-lkw-die-unternehmen-stehen-bereit-40773\\\/\"},\"author\":{\"name\":\"georg.blenk@krafthand-medien.de\",\"@id\":\"https:\\\/\\\/www.krafthand.de\\\/truck\\\/#\\\/schema\\\/person\\\/51fa80b1c57034c4bf63f9f988fc24ce\"},\"headline\":\"Hohe Investitionsbereitschaft in nachhaltige Lkw &#8211; die Unternehmen stehen bereit!\",\"datePublished\":\"2024-09-18T13:44:44+00:00\",\"dateModified\":\"2025-12-02T09:58:32+00:00\",\"mainEntityOfPage\":{\"@id\":\"https:\\\/\\\/www.krafthand.de\\\/truck\\\/artikel\\\/hohe-investitionsbereitschaft-in-nachhaltige-lkw-die-unternehmen-stehen-bereit-40773\\\/\"},\"wordCount\":493,\"image\":{\"@id\":\"https:\\\/\\\/www.krafthand.de\\\/truck\\\/artikel\\\/hohe-investitionsbereitschaft-in-nachhaltige-lkw-die-unternehmen-stehen-bereit-40773\\\/#primaryimage\"},\"thumbnailUrl\":\"https:\\\/\\\/static.krafthand-truck.de\\\/uploads\\\/2024\\\/09\\\/Dena_Studie_Akzeptanz_Lkw_FCEV_BEV.jpg\",\"keywords\":[\"Dena\",\"E-Lkw\",\"Studie\",\"Wasserstoff\"],\"articleSection\":[\"Lade-\\\/Tank-Infrastruktur\",\"Studien\\\/F+E\"],\"inLanguage\":\"de\"},{\"@type\":\"WebPage\",\"@id\":\"https:\\\/\\\/www.krafthand.de\\\/truck\\\/artikel\\\/hohe-investitionsbereitschaft-in-nachhaltige-lkw-die-unternehmen-stehen-bereit-40773\\\/\",\"url\":\"https:\\\/\\\/www.krafthand.de\\\/truck\\\/artikel\\\/hohe-investitionsbereitschaft-in-nachhaltige-lkw-die-unternehmen-stehen-bereit-40773\\\/\",\"name\":\"Speditionen m\u00f6chten in BEV, FCEV investieren I Krafthand-Truck\",\"isPartOf\":{\"@id\":\"https:\\\/\\\/www.krafthand.de\\\/truck\\\/#website\"},\"primaryImageOfPage\":{\"@id\":\"https:\\\/\\\/www.krafthand.de\\\/truck\\\/artikel\\\/hohe-investitionsbereitschaft-in-nachhaltige-lkw-die-unternehmen-stehen-bereit-40773\\\/#primaryimage\"},\"image\":{\"@id\":\"https:\\\/\\\/www.krafthand.de\\\/truck\\\/artikel\\\/hohe-investitionsbereitschaft-in-nachhaltige-lkw-die-unternehmen-stehen-bereit-40773\\\/#primaryimage\"},\"thumbnailUrl\":\"https:\\\/\\\/static.krafthand-truck.de\\\/uploads\\\/2024\\\/09\\\/Dena_Studie_Akzeptanz_Lkw_FCEV_BEV.jpg\",\"datePublished\":\"2024-09-18T13:44:44+00:00\",\"dateModified\":\"2025-12-02T09:58:32+00:00\",\"author\":{\"@id\":\"https:\\\/\\\/www.krafthand.de\\\/truck\\\/#\\\/schema\\\/person\\\/51fa80b1c57034c4bf63f9f988fc24ce\"},\"description\":\"Rund 75 Prozent der Logistikunternehmen haben ein grunds\u00e4tzliches Interesse, in batterieelektrische Lkw zu investieren.\",\"breadcrumb\":{\"@id\":\"https:\\\/\\\/www.krafthand.de\\\/truck\\\/artikel\\\/hohe-investitionsbereitschaft-in-nachhaltige-lkw-die-unternehmen-stehen-bereit-40773\\\/#breadcrumb\"},\"inLanguage\":\"de\",\"potentialAction\":[{\"@type\":\"ReadAction\",\"target\":[\"https:\\\/\\\/www.krafthand.de\\\/truck\\\/artikel\\\/hohe-investitionsbereitschaft-in-nachhaltige-lkw-die-unternehmen-stehen-bereit-40773\\\/\"]}]},{\"@type\":\"ImageObject\",\"inLanguage\":\"de\",\"@id\":\"https:\\\/\\\/www.krafthand.de\\\/truck\\\/artikel\\\/hohe-investitionsbereitschaft-in-nachhaltige-lkw-die-unternehmen-stehen-bereit-40773\\\/#primaryimage\",\"url\":\"https:\\\/\\\/static.krafthand-truck.de\\\/uploads\\\/2024\\\/09\\\/Dena_Studie_Akzeptanz_Lkw_FCEV_BEV.jpg\",\"contentUrl\":\"https:\\\/\\\/static.krafthand-truck.de\\\/uploads\\\/2024\\\/09\\\/Dena_Studie_Akzeptanz_Lkw_FCEV_BEV.jpg\",\"width\":1200,\"height\":594},{\"@type\":\"BreadcrumbList\",\"@id\":\"https:\\\/\\\/www.krafthand.de\\\/truck\\\/artikel\\\/hohe-investitionsbereitschaft-in-nachhaltige-lkw-die-unternehmen-stehen-bereit-40773\\\/#breadcrumb\",\"itemListElement\":[{\"@type\":\"ListItem\",\"position\":1,\"name\":\"Krafthand-Truck\",\"item\":\"https:\\\/\\\/www.krafthand.de\\\/truck\\\/\"},{\"@type\":\"ListItem\",\"position\":2,\"name\":\"Nfz-Branche\",\"item\":\"https:\\\/\\\/www.krafthand.de\\\/truck\\\/kategorie\\\/branche\\\/\"},{\"@type\":\"ListItem\",\"position\":3,\"name\":\"Studien\\\/F+E\",\"item\":\"https:\\\/\\\/www.krafthand.de\\\/truck\\\/kategorie\\\/branche\\\/studien\\\/\"},{\"@type\":\"ListItem\",\"position\":4,\"name\":\"Hohe Investitionsbereitschaft in nachhaltige Lkw &#8211; die Unternehmen stehen bereit!\"}]},{\"@type\":\"WebSite\",\"@id\":\"https:\\\/\\\/www.krafthand.de\\\/truck\\\/#website\",\"url\":\"https:\\\/\\\/www.krafthand.de\\\/truck\\\/\",\"name\":\"Krafthand-Truck\",\"description\":\"\",\"potentialAction\":[{\"@type\":\"SearchAction\",\"target\":{\"@type\":\"EntryPoint\",\"urlTemplate\":\"https:\\\/\\\/www.krafthand.de\\\/truck\\\/?s={search_term_string}\"},\"query-input\":{\"@type\":\"PropertyValueSpecification\",\"valueRequired\":true,\"valueName\":\"search_term_string\"}}],\"inLanguage\":\"de\"},{\"@type\":\"Person\",\"@id\":\"https:\\\/\\\/www.krafthand.de\\\/truck\\\/#\\\/schema\\\/person\\\/51fa80b1c57034c4bf63f9f988fc24ce\",\"name\":\"georg.blenk@krafthand-medien.de\",\"image\":{\"@type\":\"ImageObject\",\"inLanguage\":\"de\",\"@id\":\"https:\\\/\\\/secure.gravatar.com\\\/avatar\\\/93713c30affe0aa95d3a4130e499bb1abee2eb31adbdd9ce2aa1543538490215?s=96&d=mm&r=g\",\"url\":\"https:\\\/\\\/secure.gravatar.com\\\/avatar\\\/93713c30affe0aa95d3a4130e499bb1abee2eb31adbdd9ce2aa1543538490215?s=96&d=mm&r=g\",\"contentUrl\":\"https:\\\/\\\/secure.gravatar.com\\\/avatar\\\/93713c30affe0aa95d3a4130e499bb1abee2eb31adbdd9ce2aa1543538490215?s=96&d=mm&r=g\",\"caption\":\"georg.blenk@krafthand-medien.de\"}}]}<\/script>\n<!-- \/ Yoast SEO plugin. -->","yoast_head_json":{"title":"Speditionen m\u00f6chten in BEV, FCEV investieren I Krafthand-Truck","description":"Rund 75 Prozent der Logistikunternehmen haben ein grunds\u00e4tzliches Interesse, in batterieelektrische Lkw zu investieren.","robots":{"index":"index","follow":"follow","max-snippet":"max-snippet:-1","max-image-preview":"max-image-preview:large","max-video-preview":"max-video-preview:-1"},"canonical":"https:\/\/www.krafthand.de\/truck\/artikel\/hohe-investitionsbereitschaft-in-nachhaltige-lkw-die-unternehmen-stehen-bereit-40773\/","og_locale":"de_DE","og_type":"article","og_title":"Speditionen m\u00f6chten in BEV, FCEV investieren I Krafthand-Truck","og_description":"Rund 75 Prozent der Logistikunternehmen haben ein grunds\u00e4tzliches Interesse, in batterieelektrische Lkw zu investieren.","og_url":"https:\/\/www.krafthand-truck.de\/artikel\/hohe-investitionsbereitschaft-in-nachhaltige-lkw-die-unternehmen-stehen-bereit-40773\/","og_site_name":"Krafthand-Truck","article_published_time":"2024-09-18T13:44:44+00:00","article_modified_time":"2025-12-02T09:58:32+00:00","og_image":[{"width":1200,"height":594,"url":"https:\/\/static.krafthand-truck.de\/uploads\/2024\/09\/Dena_Studie_Akzeptanz_Lkw_FCEV_BEV.jpg","type":"image\/jpeg"}],"author":"georg.blenk@krafthand-medien.de","twitter_card":"summary_large_image","twitter_misc":{"Verfasst von":"georg.blenk@krafthand-medien.de","Gesch\u00e4tzte Lesezeit":"3\u00a0Minuten"},"schema":{"@context":"https:\/\/schema.org","@graph":[{"@type":"Article","@id":"https:\/\/www.krafthand.de\/truck\/artikel\/hohe-investitionsbereitschaft-in-nachhaltige-lkw-die-unternehmen-stehen-bereit-40773\/#article","isPartOf":{"@id":"https:\/\/www.krafthand.de\/truck\/artikel\/hohe-investitionsbereitschaft-in-nachhaltige-lkw-die-unternehmen-stehen-bereit-40773\/"},"author":{"name":"georg.blenk@krafthand-medien.de","@id":"https:\/\/www.krafthand.de\/truck\/#\/schema\/person\/51fa80b1c57034c4bf63f9f988fc24ce"},"headline":"Hohe Investitionsbereitschaft in nachhaltige Lkw &#8211; die Unternehmen stehen bereit!","datePublished":"2024-09-18T13:44:44+00:00","dateModified":"2025-12-02T09:58:32+00:00","mainEntityOfPage":{"@id":"https:\/\/www.krafthand.de\/truck\/artikel\/hohe-investitionsbereitschaft-in-nachhaltige-lkw-die-unternehmen-stehen-bereit-40773\/"},"wordCount":493,"image":{"@id":"https:\/\/www.krafthand.de\/truck\/artikel\/hohe-investitionsbereitschaft-in-nachhaltige-lkw-die-unternehmen-stehen-bereit-40773\/#primaryimage"},"thumbnailUrl":"https:\/\/static.krafthand-truck.de\/uploads\/2024\/09\/Dena_Studie_Akzeptanz_Lkw_FCEV_BEV.jpg","keywords":["Dena","E-Lkw","Studie","Wasserstoff"],"articleSection":["Lade-\/Tank-Infrastruktur","Studien\/F+E"],"inLanguage":"de"},{"@type":"WebPage","@id":"https:\/\/www.krafthand.de\/truck\/artikel\/hohe-investitionsbereitschaft-in-nachhaltige-lkw-die-unternehmen-stehen-bereit-40773\/","url":"https:\/\/www.krafthand.de\/truck\/artikel\/hohe-investitionsbereitschaft-in-nachhaltige-lkw-die-unternehmen-stehen-bereit-40773\/","name":"Speditionen m\u00f6chten in BEV, FCEV investieren I Krafthand-Truck","isPartOf":{"@id":"https:\/\/www.krafthand.de\/truck\/#website"},"primaryImageOfPage":{"@id":"https:\/\/www.krafthand.de\/truck\/artikel\/hohe-investitionsbereitschaft-in-nachhaltige-lkw-die-unternehmen-stehen-bereit-40773\/#primaryimage"},"image":{"@id":"https:\/\/www.krafthand.de\/truck\/artikel\/hohe-investitionsbereitschaft-in-nachhaltige-lkw-die-unternehmen-stehen-bereit-40773\/#primaryimage"},"thumbnailUrl":"https:\/\/static.krafthand-truck.de\/uploads\/2024\/09\/Dena_Studie_Akzeptanz_Lkw_FCEV_BEV.jpg","datePublished":"2024-09-18T13:44:44+00:00","dateModified":"2025-12-02T09:58:32+00:00","author":{"@id":"https:\/\/www.krafthand.de\/truck\/#\/schema\/person\/51fa80b1c57034c4bf63f9f988fc24ce"},"description":"Rund 75 Prozent der Logistikunternehmen haben ein grunds\u00e4tzliches Interesse, in batterieelektrische Lkw zu investieren.","breadcrumb":{"@id":"https:\/\/www.krafthand.de\/truck\/artikel\/hohe-investitionsbereitschaft-in-nachhaltige-lkw-die-unternehmen-stehen-bereit-40773\/#breadcrumb"},"inLanguage":"de","potentialAction":[{"@type":"ReadAction","target":["https:\/\/www.krafthand.de\/truck\/artikel\/hohe-investitionsbereitschaft-in-nachhaltige-lkw-die-unternehmen-stehen-bereit-40773\/"]}]},{"@type":"ImageObject","inLanguage":"de","@id":"https:\/\/www.krafthand.de\/truck\/artikel\/hohe-investitionsbereitschaft-in-nachhaltige-lkw-die-unternehmen-stehen-bereit-40773\/#primaryimage","url":"https:\/\/static.krafthand-truck.de\/uploads\/2024\/09\/Dena_Studie_Akzeptanz_Lkw_FCEV_BEV.jpg","contentUrl":"https:\/\/static.krafthand-truck.de\/uploads\/2024\/09\/Dena_Studie_Akzeptanz_Lkw_FCEV_BEV.jpg","width":1200,"height":594},{"@type":"BreadcrumbList","@id":"https:\/\/www.krafthand.de\/truck\/artikel\/hohe-investitionsbereitschaft-in-nachhaltige-lkw-die-unternehmen-stehen-bereit-40773\/#breadcrumb","itemListElement":[{"@type":"ListItem","position":1,"name":"Krafthand-Truck","item":"https:\/\/www.krafthand.de\/truck\/"},{"@type":"ListItem","position":2,"name":"Nfz-Branche","item":"https:\/\/www.krafthand.de\/truck\/kategorie\/branche\/"},{"@type":"ListItem","position":3,"name":"Studien\/F+E","item":"https:\/\/www.krafthand.de\/truck\/kategorie\/branche\/studien\/"},{"@type":"ListItem","position":4,"name":"Hohe Investitionsbereitschaft in nachhaltige Lkw &#8211; die Unternehmen stehen bereit!"}]},{"@type":"WebSite","@id":"https:\/\/www.krafthand.de\/truck\/#website","url":"https:\/\/www.krafthand.de\/truck\/","name":"Krafthand-Truck","description":"","potentialAction":[{"@type":"SearchAction","target":{"@type":"EntryPoint","urlTemplate":"https:\/\/www.krafthand.de\/truck\/?s={search_term_string}"},"query-input":{"@type":"PropertyValueSpecification","valueRequired":true,"valueName":"search_term_string"}}],"inLanguage":"de"},{"@type":"Person","@id":"https:\/\/www.krafthand.de\/truck\/#\/schema\/person\/51fa80b1c57034c4bf63f9f988fc24ce","name":"georg.blenk@krafthand-medien.de","image":{"@type":"ImageObject","inLanguage":"de","@id":"https:\/\/secure.gravatar.com\/avatar\/93713c30affe0aa95d3a4130e499bb1abee2eb31adbdd9ce2aa1543538490215?s=96&d=mm&r=g","url":"https:\/\/secure.gravatar.com\/avatar\/93713c30affe0aa95d3a4130e499bb1abee2eb31adbdd9ce2aa1543538490215?s=96&d=mm&r=g","contentUrl":"https:\/\/secure.gravatar.com\/avatar\/93713c30affe0aa95d3a4130e499bb1abee2eb31adbdd9ce2aa1543538490215?s=96&d=mm&r=g","caption":"georg.blenk@krafthand-medien.de"}}]}},"_links":{"self":[{"href":"https:\/\/www.krafthand.de\/truck\/wp-json\/wp\/v2\/posts\/40773","targetHints":{"allow":["GET"]}}],"collection":[{"href":"https:\/\/www.krafthand.de\/truck\/wp-json\/wp\/v2\/posts"}],"about":[{"href":"https:\/\/www.krafthand.de\/truck\/wp-json\/wp\/v2\/types\/post"}],"author":[{"embeddable":true,"href":"https:\/\/www.krafthand.de\/truck\/wp-json\/wp\/v2\/users\/9"}],"replies":[{"embeddable":true,"href":"https:\/\/www.krafthand.de\/truck\/wp-json\/wp\/v2\/comments?post=40773"}],"version-history":[{"count":9,"href":"https:\/\/www.krafthand.de\/truck\/wp-json\/wp\/v2\/posts\/40773\/revisions"}],"predecessor-version":[{"id":40783,"href":"https:\/\/www.krafthand.de\/truck\/wp-json\/wp\/v2\/posts\/40773\/revisions\/40783"}],"wp:featuredmedia":[{"embeddable":true,"href":"https:\/\/www.krafthand.de\/truck\/wp-json\/wp\/v2\/media\/40778"}],"wp:attachment":[{"href":"https:\/\/www.krafthand.de\/truck\/wp-json\/wp\/v2\/media?parent=40773"}],"wp:term":[{"taxonomy":"category","embeddable":true,"href":"https:\/\/www.krafthand.de\/truck\/wp-json\/wp\/v2\/categories?post=40773"},{"taxonomy":"post_tag","embeddable":true,"href":"https:\/\/www.krafthand.de\/truck\/wp-json\/wp\/v2\/tags?post=40773"},{"taxonomy":"settings","embeddable":true,"href":"https:\/\/www.krafthand.de\/truck\/wp-json\/wp\/v2\/settings?post=40773"}],"curies":[{"name":"wp","href":"https:\/\/api.w.org\/{rel}","templated":true}]}}