{"id":40745,"date":"2024-09-15T20:15:34","date_gmt":"2024-09-15T18:15:34","guid":{"rendered":"https:\/\/www.krafthand.de\/truck\/?p=40745"},"modified":"2024-09-18T11:41:43","modified_gmt":"2024-09-18T09:41:43","slug":"daimler-truck-serienstart-des-mercedes-benz-eactros-600-im-november","status":"publish","type":"post","link":"https:\/\/www.krafthand.de\/truck\/artikel\/daimler-truck-serienstart-des-mercedes-benz-eactros-600-im-november-40745\/","title":{"rendered":"Daimler-Truck: Serienstart des Mercedes-Benz eActros 600 im November"},"content":{"rendered":"<p>Daimler Truck hat am Vorabend der IAA Transportation 2024 in Hannover seinen Weg zum nachhaltigen Transport aufgezeigt. Dabei standen die Themen Dekarbonisierung und Digitalisierung im Fokus. Das Highlight der Messe von Daimler Truck ist der batterieelektrische Lkw Mercedes-Benz eActros 600. Mit seinem neuen E-Flaggschiff m\u00f6chte der Hersteller den Fernverkehr, der zwei Drittel und damit den Gro\u00dfteil der lokalen CO2-Emissionen im Lkw-Verkehr ausmacht, dekarbonisieren.<\/p>\n<h3>500 Kilometer Reichweite<\/h3>\n<p>Die Batteriekapazit\u00e4t von \u00fcber 600 Kilowattstunden sowie eine neue elektrische Antriebsachse aus eigener Entwicklung, soll f\u00fcr eine Reichweite des eActros 600 von bis zu 500 Kilometern ohne Zwischenladen sorgen. Diese Reichweite wird laut Daimler-Truck unter sehr realistischen, praxisnahen Bedingungen mit <strong>40 Tonnen Gesamtzuggewicht<\/strong> erreicht und k\u00f6nne je nach Fahrweise und Strecke auch \u00fcbertroffen werden. Der eActros 600 soll am Tag sogar weit \u00fcber 1.000 Kilometer zur\u00fccklegen k\u00f6nnen. Zwischenladen w\u00e4hrend der gesetzlich vorgeschriebenen Fahrerpausen &#8211; selbst ohne Megawattladen &#8211; mache dies m\u00f6glich, sofern die Ladem\u00f6glichkeiten vorhanden sind.<\/p>\n<p>&nbsp;<\/p>\n<figure id=\"attachment_40768\" aria-describedby=\"caption-attachment-40768\" style=\"width: 800px\" class=\"wp-caption aligncenter\"><img fetchpriority=\"high\" decoding=\"async\" class=\"wp-image-40768\" src=\"https:\/\/static.krafthand-truck.de\/uploads\/2024\/09\/IMG_4623-300x169.jpeg\" alt=\"\" width=\"800\" height=\"450\" srcset=\"https:\/\/static.krafthand-truck.de\/uploads\/2024\/09\/IMG_4623-300x169.jpeg 300w, https:\/\/static.krafthand-truck.de\/uploads\/2024\/09\/IMG_4623-1024x576.jpeg 1024w, https:\/\/static.krafthand-truck.de\/uploads\/2024\/09\/IMG_4623-768x432.jpeg 768w, https:\/\/static.krafthand-truck.de\/uploads\/2024\/09\/IMG_4623-1536x864.jpeg 1536w, https:\/\/static.krafthand-truck.de\/uploads\/2024\/09\/IMG_4623-2048x1152.jpeg 2048w, https:\/\/static.krafthand-truck.de\/uploads\/2024\/09\/IMG_4623-1320x743.jpeg 1320w\" sizes=\"(max-width: 800px) 100vw, 800px\" \/><figcaption id=\"caption-attachment-40768\" class=\"wp-caption-text\">Antriebsachse des eActros 600 aus eigener Entwicklung. Bild: Georg Blenk<\/figcaption><\/figure>\n<p>&nbsp;<\/p>\n<h3>Umfangreiche Testung<\/h3>\n<figure id=\"attachment_40759\" aria-describedby=\"caption-attachment-40759\" style=\"width: 420px\" class=\"wp-caption alignright\"><a href=\"https:\/\/static.krafthand-truck.de\/uploads\/2024\/09\/Daimler_Truck_E_Actros_600_Testtour_Europa.jpg\" target=\"_blank\" rel=\"noopener\"><img decoding=\"async\" class=\"wp-image-40759\" src=\"https:\/\/static.krafthand-truck.de\/uploads\/2024\/09\/Daimler_Truck_E_Actros_600_Testtour_Europa-300x200.jpg\" alt=\"\" width=\"420\" height=\"280\" srcset=\"https:\/\/static.krafthand-truck.de\/uploads\/2024\/09\/Daimler_Truck_E_Actros_600_Testtour_Europa-300x200.jpg 300w, https:\/\/static.krafthand-truck.de\/uploads\/2024\/09\/Daimler_Truck_E_Actros_600_Testtour_Europa-1024x683.jpg 1024w, https:\/\/static.krafthand-truck.de\/uploads\/2024\/09\/Daimler_Truck_E_Actros_600_Testtour_Europa-768x512.jpg 768w, https:\/\/static.krafthand-truck.de\/uploads\/2024\/09\/Daimler_Truck_E_Actros_600_Testtour_Europa.jpg 1200w\" sizes=\"(max-width: 420px) 100vw, 420px\" \/><\/a><figcaption id=\"caption-attachment-40759\" class=\"wp-caption-text\">Seriennaher Prototyp des eActros 600 w\u00e4hrend der Test-Tour durch Europa.<\/figcaption><\/figure>\n<p>Zwei seriennahe Prototypen haben laut <a href=\"https:\/\/www.daimlertruck.com\" target=\"_blank\" rel=\"noopener\">Daimler-Truck<\/a> im Sommer dieses Jahres bei einer fast siebenw\u00f6chigen, \u00fcber 15.000 Kilometer langen Testfahrt durch 22 europ\u00e4ische L\u00e4nder die Leistungsf\u00e4higkeit des eActros 600 gezeigt. Es war die gr\u00f6\u00dfte Erprobungsfahrt der Geschichte von Mercedes-Benz Trucks. Die beiden E-Trucks waren mit jeweils 40 Tonnen Gesamtzuggewicht unterwegs. Die Fahrzeuge haben bei der Tour, auf der ausschlie\u00dflich an \u00f6ffentlichen Ladestationen geladen wurde, die hohe Energieeffizienz des eActros 600 unter Beweis gestellt: \u00dcber den gesamten Tourverlauf konnte der mit spezieller Verbrauchsmesstechnik ausgestattete Prototyp einen <strong>Durchschnittsfahrverbrauch von 103 Kilowattstunden<\/strong> pro 100 Kilometer erzielen. Diesen umgerechnet mit dem Energieinhalt von Diesel entspricht einem Dieselverbrauch von rund 10 Liter pro 100 Kilometer, was mit einem konventionell angetriebenen Lkw unm\u00f6glich erreichbar gewesen w\u00e4re. Bei zahlreichen Tagesetappen w\u00e4ren auf der Tour rechnerisch sogar Reichweiten von \u00fcber 600 Kilometer ohne Zwischenladen m\u00f6glich gewesen. Im Durchschnitt konnten rund <strong>25 Prozent des Antriebsverbrauches<\/strong> des eActros 600 durch <strong>rekuperierte Energie<\/strong> gedeckt werden.<\/p>\n<p>Die Bandbreite des Tagesverbrauches lag vor allem je nach Strecke, Topographie und Temperatur zwischen 85 Kilowattstunden pro 100 Kilometer \u2013 auf den rund 360 Kilometern bergab von Madrid nach Bilbao unter sehr guten Stra\u00dfen- und Wetterbedingungen \u2013 und 140 Kilowattstunden pro 100 Kilometer auf den rund 240 Kilometern von Alta ans Nordkap bei einer Tiefsttemperatur von 7 Grad Celsius und auf teilweise nicht asphaltierten Stra\u00dfen. Die Leistungsf\u00e4higkeit des anderen Prototyps wurde im Verlauf der Tour von rund 30 Journalisten aus 20 europ\u00e4ischen L\u00e4ndern \u2013 zumeist hinter dem Steuer \u2013 nicht nur hinsichtlich des Verbrauchs, sondern beispielsweise auch in Bezug auf die Fahrdynamik auf die Probe gestellt. Selbst bei diesem Fahrzeug lag der Verbrauch im Schnitt nur etwa 6 Prozent h\u00f6her. Damit hat sich die angegebene Reichweite von 500 Kilometern mit einer Batterieaufladung im Zuge der Tour als realistische Planungsgr\u00f6\u00dfe best\u00e4tigt.<\/p>\n<h3>Serienstart ist Ende November<\/h3>\n<figure id=\"attachment_40757\" aria-describedby=\"caption-attachment-40757\" style=\"width: 420px\" class=\"wp-caption alignleft\"><a href=\"https:\/\/static.krafthand-truck.de\/uploads\/2024\/09\/Daimler_Truck_E_Actros_600_Produktion_Woerth.jpg\" target=\"_blank\" rel=\"noopener\"><img decoding=\"async\" class=\"wp-image-40757\" src=\"https:\/\/static.krafthand-truck.de\/uploads\/2024\/09\/Daimler_Truck_E_Actros_600_Produktion_Woerth-300x200.jpg\" alt=\"\" width=\"420\" height=\"280\" srcset=\"https:\/\/static.krafthand-truck.de\/uploads\/2024\/09\/Daimler_Truck_E_Actros_600_Produktion_Woerth-300x200.jpg 300w, https:\/\/static.krafthand-truck.de\/uploads\/2024\/09\/Daimler_Truck_E_Actros_600_Produktion_Woerth-1024x683.jpg 1024w, https:\/\/static.krafthand-truck.de\/uploads\/2024\/09\/Daimler_Truck_E_Actros_600_Produktion_Woerth-768x512.jpg 768w, https:\/\/static.krafthand-truck.de\/uploads\/2024\/09\/Daimler_Truck_E_Actros_600_Produktion_Woerth.jpg 1200w\" sizes=\"(max-width: 420px) 100vw, 420px\" \/><\/a><figcaption id=\"caption-attachment-40757\" class=\"wp-caption-text\">Der eActros 600 wird im Werk Woerth gefertigt. Erste Auslieferungen an Kunden erfolgen im November.<\/figcaption><\/figure>\n<p>Daimler Truck m\u00f6chte den Serienstart des eActros 600 Ende November dieses Jahres im Mercedes-Benz Werk W\u00f6rth feiern. Noch 2024 sollen erste Kundenfahrzeuge gefertigt und zugelassen werden. Auch die Daimler Truck Werke Mannheim, Kassel und Gaggenau spielen eine wichtige Rolle. Sie liefern die f\u00fcr den batterieelektrischen Antrieb notwendigen Komponenten des eActros 600, wie die E-Achse, Getriebekomponenten sowie die Frontbox, welche zahlreiche Hochvolt- und Niederspannungskomponenten b\u00fcndelt und im ehemaligen Bauraum des Verbrennungsmotors sitzt.<\/p>\n<blockquote><p>\u201eWir haben unsere Vision f\u00fcr den nachhaltigen Transport der Zukunft schon vor Jahren vorgestellt. Die IAA Transportation 2024 steht f\u00fcr uns nun ganz klar im Zeichen der Umsetzung. Wir liefern batterieelektrische Serienfahrzeuge in den Mengen, die unsere Kunden nachfragen&#8220;, so CEO Martin Daum in Hannover.<\/p><\/blockquote>\n<p>Zudem hat der eActros 600 am heutigen Sonntag im Rahmen der \u201eDaimler Truck Media Night\u201c in Hannover eine n\u00e4chtliche Tour nach Berlin und zur\u00fcck angetreten. Zum einen soll damit seine Alltagstauglichkeit live demonstriert und zum anderen eine Botschaft an die politischen Entscheidungstr\u00e4ger nicht nur in Berlin, sondern auch in Br\u00fcssel geschickt werden: Die emissionsfreien Fahrzeuge von Daimler Truck sind bereit, jetzt muss der Aufbau der Ladeinfrastruktur folgen.<\/p>\n<blockquote><p>\u201eUnser eActros 600 ist eine starke Alternative zu einem Diesel-Lkw \u2013 dank seiner Reichweite von 500 Kilometern mit einer Batterieaufladung. Mit seiner sehr hohen Energieeffizienz wird der eActros 600 f\u00fcr Flottenbetreiber zudem profitabel sein. Nun ist es unerl\u00e4sslich, dass Politik, Energiebranche und Industrie gemeinsam den Ausbau der \u00f6ffentlichen Ladeinfrastruktur voranbringen&#8220;, so Karin R\u00e5dstr\u00f6m, die zum 1. Oktober Martin Daum als CEO nachfolgen wird.<\/p><\/blockquote>\n<p>Daimler Truck hat eigenen Angaben zufolge seit Verkaufsstart Ende letzten Jahres bereits 2.000 Bestellungen f\u00fcr den eActros 600 verzeichnet und auch die Absichtserkl\u00e4rungen l\u00e4gen bereits im vierstelligen Bereich.<\/p>\n<h3>Neue Marke TruckCharge<\/h3>\n<p>Um die E-Mobilit\u00e4t f\u00fcr seine Kunden \u00fcber den Kauf von Elektro-Lkw hinaus einfach und profitabel zu machen, pr\u00e4senterte Daimler Truck zum Start der IAA die neue Marke TruckCharge in Europa. Unter dem Namen m\u00f6chte das Unternehmen seine Angebote rund um E-Infrastruktur und das Laden von Elektro-Lkw zusammenfassen, dass hei\u00dft: Beratung und Infrastruktur sowie Betrieb des elektrifizierten Depots f\u00fcr Spediteure aber auch Industrieunternehmen. Teil des Angebots sind unter anderem das Fleetboard Charge Management, das einen ganzheitlichen \u00dcberblick \u00fcber alle Interaktionen zwischen den batterieelektrisch betriebenen Lkw im Fuhrpark und den firmeneigenen Ladestationen erm\u00f6glicht, die Charging Card, die das bargeldlose Laden unterwegs erlaubt sowie die Finanzierung der Ladeinfrastruktur.<\/p>\n<h3>Probefahrten und weitere Highlights<\/h3>\n<figure id=\"attachment_40763\" aria-describedby=\"caption-attachment-40763\" style=\"width: 480px\" class=\"wp-caption alignright\"><a href=\"https:\/\/static.krafthand-truck.de\/uploads\/2024\/09\/Daimler_Truck_softwarebasierter_Lkw.jpg\" target=\"_blank\" rel=\"noopener\"><img loading=\"lazy\" decoding=\"async\" class=\"wp-image-40763\" src=\"https:\/\/static.krafthand-truck.de\/uploads\/2024\/09\/Daimler_Truck_softwarebasierter_Lkw-300x169.jpg\" alt=\"\" width=\"480\" height=\"270\" srcset=\"https:\/\/static.krafthand-truck.de\/uploads\/2024\/09\/Daimler_Truck_softwarebasierter_Lkw-300x169.jpg 300w, https:\/\/static.krafthand-truck.de\/uploads\/2024\/09\/Daimler_Truck_softwarebasierter_Lkw-1024x576.jpg 1024w, https:\/\/static.krafthand-truck.de\/uploads\/2024\/09\/Daimler_Truck_softwarebasierter_Lkw-768x432.jpg 768w, https:\/\/static.krafthand-truck.de\/uploads\/2024\/09\/Daimler_Truck_softwarebasierter_Lkw.jpg 1200w\" sizes=\"(max-width: 480px) 100vw, 480px\" \/><\/a><figcaption id=\"caption-attachment-40763\" class=\"wp-caption-text\">Die Zukunft geh\u00f6rt laut Daimler Truck dem softwarebasierten Lkw.<\/figcaption><\/figure>\n<p>Der Stand von Mercedes-Benz Trucks und FUSO auf der <a href=\"https:\/\/www.iaa-transportation.com\/de\" target=\"_blank\" rel=\"noopener\">IAA-Transportation<\/a> befindet sich in <strong>Halle 19\/20<\/strong>. Mit- und Selbstfahrm\u00f6glichkeiten beginnen am Stand und die Fahrten finden zum Teil auf dem Au\u00dfengel\u00e4nde der Messe sowie auf \u00f6ffentlichen Stra\u00dfen statt. Weitere IAA-Highlights von Daimler Truck sind der FUSO Next Generation <strong>eCanter<\/strong> als vollelektrisches Abfallsammelfahrzeug, der <strong>Mercedes-Benz GenH2 Truck<\/strong> mit wasserstoffbetriebener Brennstoffzelle, der neue Mercedes-Benz <strong>Actros L<\/strong> mit verbesserter Aerodynamik als Messepremiere, der neue batterie-elektrische Stadtbus <strong>Mercedes-Benz eCitaro K<\/strong> mit k\u00fcrzerem Radstand als Weltpremiere und der neue <strong>Mercedes-Benz Tourismo Safety Coach<\/strong> als Publikumspremiere.<br \/>\nEin weiterer Schwerpunkt der <strong>Daimler Truck Media Night<\/strong> war der zu erwartende Quantensprung durch die Digitalisierung \u2013 Stichwort <strong>\u201esoftwaredefiniertes Fahrzeug\u201c<\/strong> \u2013 welche f\u00fcr den Hersteller die n\u00e4chste Technologie-Revolution sein wird.<\/p>\n\r\n\t\t\t\t<div class=\"post-author\">\r\n\t\t\t\t\t<div class=\"khm-cp-author clearfix\">\r\n\t\t\t\t\t\t<div class=\"khm-cp-author__content\">\r\n\t\t\t\t\t\t\t\tKontakt zum Autor:<br \/>\r\n\t\t\t\t\t\t\t\t<strong>Georg Blenk<\/strong>, 08247 \/ 3007-45 |  <a href=\"mailto:georg.blenk@krafthand-medien.de\">georg.blenk@krafthand-medien.de<\/a>\r\n\t\t\t\t\t\t\t<div class=\"khm-cp-author__image\">\r\n\t\t\t\t\t\t<img src=\"https:\/\/static.krafthand-truck.de\/uploads\/2021\/01\/Blenk_6104-250x300-1-removebg-preview.png\" class=\"img-responsive\">\r\n\t\t\t\t\t<\/div>\r\n\t\t\t\t\t\t<\/div>\r\n\t\t\t\t\t<\/div>\r\n\t\t\t\t<\/div>\r\n\t\t\t\t","protected":false},"excerpt":{"rendered":"<p>Daimler Truck hat am Vorabend der IAA Transportation 2024 in Hannover seinen Weg zum nachhaltigen Transport aufgezeigt. Dabei standen die Themen Dekarbonisierung und Digitalisierung im Fokus. Das Highlight der Messe von Daimler Truck ist der batterieelektrische Lkw Mercedes-Benz eActros 600. Mit seinem neuen E-Flaggschiff m\u00f6chte der Hersteller den Fernverkehr, der zwei Drittel und damit den Gro\u00dfteil der lokalen CO2-Emissionen im Lkw-Verkehr ausmacht, dekarbonisieren. <span class=\"excerpt-more__dots\">&#8230;<\/span> <a class=\"excerpt-more__link\" href=\"https:\/\/www.krafthand.de\/truck\/artikel\/daimler-truck-serienstart-des-mercedes-benz-eactros-600-im-november-40745\/\" >weiter<\/a><\/p>\n","protected":false},"author":9,"featured_media":40765,"comment_status":"closed","ping_status":"closed","sticky":false,"template":"","format":"standard","meta":{"footnotes":""},"categories":[4224,4915,4235],"tags":[4492,4177,5730,4168,4140,6030,6031],"settings":[3524,4766,3523],"class_list":["post-40745","post","type-post","status-publish","format-standard","has-post-thumbnail","hentry","category-e-antrieb","category-neue-fahrzeuge","category-unternehmen","tag-daimler-truck","tag-e-lkw","tag-eactros-600","tag-karin-radstroem","tag-martin-daum","tag-media-night","tag-truckcharge"],"yoast_head":"<!-- This site is optimized with the Yoast SEO plugin v27.3 - https:\/\/yoast.com\/product\/yoast-seo-wordpress\/ -->\n<title>Daimler-Truck: Serienstart des Mercedes-Benz eActros 600 im November - Krafthand-Truck<\/title>\n<meta name=\"description\" content=\"Daimler Truck hat am Vorabend der IAA Transportation 2024 in Hannover seinen Weg zum nachhaltigen Transport aufgezeigt.\" \/>\n<meta name=\"robots\" content=\"index, follow, max-snippet:-1, max-image-preview:large, max-video-preview:-1\" \/>\n<link rel=\"canonical\" href=\"https:\/\/www.krafthand.de\/truck\/artikel\/daimler-truck-serienstart-des-mercedes-benz-eactros-600-im-november-40745\/\" \/>\n<meta property=\"og:locale\" content=\"de_DE\" \/>\n<meta property=\"og:type\" content=\"article\" \/>\n<meta property=\"og:title\" content=\"Daimler-Truck: Serienstart des Mercedes-Benz eActros 600 im November - Krafthand-Truck\" \/>\n<meta property=\"og:description\" content=\"Daimler Truck hat am Vorabend der IAA Transportation 2024 in Hannover seinen Weg zum nachhaltigen Transport aufgezeigt.\" \/>\n<meta property=\"og:url\" content=\"https:\/\/www.krafthand-truck.de\/artikel\/daimler-truck-serienstart-des-mercedes-benz-eactros-600-im-november-40745\/\" \/>\n<meta property=\"og:site_name\" content=\"Krafthand-Truck\" \/>\n<meta property=\"article:published_time\" content=\"2024-09-15T18:15:34+00:00\" \/>\n<meta property=\"article:modified_time\" content=\"2024-09-18T09:41:43+00:00\" \/>\n<meta property=\"og:image\" content=\"https:\/\/static.krafthand-truck.de\/uploads\/2024\/09\/IMG_4644-scaled.jpeg\" \/>\n\t<meta property=\"og:image:width\" content=\"2560\" \/>\n\t<meta property=\"og:image:height\" content=\"1440\" \/>\n\t<meta property=\"og:image:type\" content=\"image\/jpeg\" \/>\n<meta name=\"author\" content=\"georg.blenk@krafthand-medien.de\" \/>\n<meta name=\"twitter:card\" content=\"summary_large_image\" \/>\n<meta name=\"twitter:label1\" content=\"Verfasst von\" \/>\n\t<meta name=\"twitter:data1\" content=\"georg.blenk@krafthand-medien.de\" \/>\n\t<meta name=\"twitter:label2\" content=\"Gesch\u00e4tzte Lesezeit\" \/>\n\t<meta name=\"twitter:data2\" content=\"7\u00a0Minuten\" \/>\n<script type=\"application\/ld+json\" class=\"yoast-schema-graph\">{\"@context\":\"https:\\\/\\\/schema.org\",\"@graph\":[{\"@type\":\"Article\",\"@id\":\"https:\\\/\\\/www.krafthand.de\\\/truck\\\/artikel\\\/daimler-truck-serienstart-des-mercedes-benz-eactros-600-im-november-40745\\\/#article\",\"isPartOf\":{\"@id\":\"https:\\\/\\\/www.krafthand.de\\\/truck\\\/artikel\\\/daimler-truck-serienstart-des-mercedes-benz-eactros-600-im-november-40745\\\/\"},\"author\":{\"name\":\"georg.blenk@krafthand-medien.de\",\"@id\":\"https:\\\/\\\/www.krafthand.de\\\/truck\\\/#\\\/schema\\\/person\\\/51fa80b1c57034c4bf63f9f988fc24ce\"},\"headline\":\"Daimler-Truck: Serienstart des Mercedes-Benz eActros 600 im November\",\"datePublished\":\"2024-09-15T18:15:34+00:00\",\"dateModified\":\"2024-09-18T09:41:43+00:00\",\"mainEntityOfPage\":{\"@id\":\"https:\\\/\\\/www.krafthand.de\\\/truck\\\/artikel\\\/daimler-truck-serienstart-des-mercedes-benz-eactros-600-im-november-40745\\\/\"},\"wordCount\":1045,\"image\":{\"@id\":\"https:\\\/\\\/www.krafthand.de\\\/truck\\\/artikel\\\/daimler-truck-serienstart-des-mercedes-benz-eactros-600-im-november-40745\\\/#primaryimage\"},\"thumbnailUrl\":\"https:\\\/\\\/static.krafthand-truck.de\\\/uploads\\\/2024\\\/09\\\/IMG_4644-scaled.jpeg\",\"keywords\":[\"Daimler Truck\",\"E-Lkw\",\"eActros 600\",\"Karin R\u00e5dstr\u00f6m\",\"Martin Daum\",\"Media-Night\",\"TruckCharge\"],\"articleSection\":[\"E-Antrieb (BEV\\\/FCEV)\",\"Neue Fahrzeuge\",\"Unternehmen\"],\"inLanguage\":\"de\"},{\"@type\":\"WebPage\",\"@id\":\"https:\\\/\\\/www.krafthand.de\\\/truck\\\/artikel\\\/daimler-truck-serienstart-des-mercedes-benz-eactros-600-im-november-40745\\\/\",\"url\":\"https:\\\/\\\/www.krafthand.de\\\/truck\\\/artikel\\\/daimler-truck-serienstart-des-mercedes-benz-eactros-600-im-november-40745\\\/\",\"name\":\"Daimler-Truck: Serienstart des Mercedes-Benz eActros 600 im November - Krafthand-Truck\",\"isPartOf\":{\"@id\":\"https:\\\/\\\/www.krafthand.de\\\/truck\\\/#website\"},\"primaryImageOfPage\":{\"@id\":\"https:\\\/\\\/www.krafthand.de\\\/truck\\\/artikel\\\/daimler-truck-serienstart-des-mercedes-benz-eactros-600-im-november-40745\\\/#primaryimage\"},\"image\":{\"@id\":\"https:\\\/\\\/www.krafthand.de\\\/truck\\\/artikel\\\/daimler-truck-serienstart-des-mercedes-benz-eactros-600-im-november-40745\\\/#primaryimage\"},\"thumbnailUrl\":\"https:\\\/\\\/static.krafthand-truck.de\\\/uploads\\\/2024\\\/09\\\/IMG_4644-scaled.jpeg\",\"datePublished\":\"2024-09-15T18:15:34+00:00\",\"dateModified\":\"2024-09-18T09:41:43+00:00\",\"author\":{\"@id\":\"https:\\\/\\\/www.krafthand.de\\\/truck\\\/#\\\/schema\\\/person\\\/51fa80b1c57034c4bf63f9f988fc24ce\"},\"description\":\"Daimler Truck hat am Vorabend der IAA Transportation 2024 in Hannover seinen Weg zum nachhaltigen Transport aufgezeigt.\",\"breadcrumb\":{\"@id\":\"https:\\\/\\\/www.krafthand.de\\\/truck\\\/artikel\\\/daimler-truck-serienstart-des-mercedes-benz-eactros-600-im-november-40745\\\/#breadcrumb\"},\"inLanguage\":\"de\",\"potentialAction\":[{\"@type\":\"ReadAction\",\"target\":[\"https:\\\/\\\/www.krafthand.de\\\/truck\\\/artikel\\\/daimler-truck-serienstart-des-mercedes-benz-eactros-600-im-november-40745\\\/\"]}]},{\"@type\":\"ImageObject\",\"inLanguage\":\"de\",\"@id\":\"https:\\\/\\\/www.krafthand.de\\\/truck\\\/artikel\\\/daimler-truck-serienstart-des-mercedes-benz-eactros-600-im-november-40745\\\/#primaryimage\",\"url\":\"https:\\\/\\\/static.krafthand-truck.de\\\/uploads\\\/2024\\\/09\\\/IMG_4644-scaled.jpeg\",\"contentUrl\":\"https:\\\/\\\/static.krafthand-truck.de\\\/uploads\\\/2024\\\/09\\\/IMG_4644-scaled.jpeg\",\"width\":2560,\"height\":1440},{\"@type\":\"BreadcrumbList\",\"@id\":\"https:\\\/\\\/www.krafthand.de\\\/truck\\\/artikel\\\/daimler-truck-serienstart-des-mercedes-benz-eactros-600-im-november-40745\\\/#breadcrumb\",\"itemListElement\":[{\"@type\":\"ListItem\",\"position\":1,\"name\":\"Krafthand-Truck\",\"item\":\"https:\\\/\\\/www.krafthand.de\\\/truck\\\/\"},{\"@type\":\"ListItem\",\"position\":2,\"name\":\"IT+Fuhrpark\",\"item\":\"https:\\\/\\\/www.krafthand.de\\\/truck\\\/kategorie\\\/fuhrpark\\\/\"},{\"@type\":\"ListItem\",\"position\":3,\"name\":\"Neue Fahrzeuge\",\"item\":\"https:\\\/\\\/www.krafthand.de\\\/truck\\\/kategorie\\\/fuhrpark\\\/neue-fahrzeuge\\\/\"},{\"@type\":\"ListItem\",\"position\":4,\"name\":\"Daimler-Truck: Serienstart des Mercedes-Benz eActros 600 im November\"}]},{\"@type\":\"WebSite\",\"@id\":\"https:\\\/\\\/www.krafthand.de\\\/truck\\\/#website\",\"url\":\"https:\\\/\\\/www.krafthand.de\\\/truck\\\/\",\"name\":\"Krafthand-Truck\",\"description\":\"\",\"potentialAction\":[{\"@type\":\"SearchAction\",\"target\":{\"@type\":\"EntryPoint\",\"urlTemplate\":\"https:\\\/\\\/www.krafthand.de\\\/truck\\\/?s={search_term_string}\"},\"query-input\":{\"@type\":\"PropertyValueSpecification\",\"valueRequired\":true,\"valueName\":\"search_term_string\"}}],\"inLanguage\":\"de\"},{\"@type\":\"Person\",\"@id\":\"https:\\\/\\\/www.krafthand.de\\\/truck\\\/#\\\/schema\\\/person\\\/51fa80b1c57034c4bf63f9f988fc24ce\",\"name\":\"georg.blenk@krafthand-medien.de\",\"image\":{\"@type\":\"ImageObject\",\"inLanguage\":\"de\",\"@id\":\"https:\\\/\\\/secure.gravatar.com\\\/avatar\\\/93713c30affe0aa95d3a4130e499bb1abee2eb31adbdd9ce2aa1543538490215?s=96&d=mm&r=g\",\"url\":\"https:\\\/\\\/secure.gravatar.com\\\/avatar\\\/93713c30affe0aa95d3a4130e499bb1abee2eb31adbdd9ce2aa1543538490215?s=96&d=mm&r=g\",\"contentUrl\":\"https:\\\/\\\/secure.gravatar.com\\\/avatar\\\/93713c30affe0aa95d3a4130e499bb1abee2eb31adbdd9ce2aa1543538490215?s=96&d=mm&r=g\",\"caption\":\"georg.blenk@krafthand-medien.de\"}}]}<\/script>\n<!-- \/ Yoast SEO plugin. -->","yoast_head_json":{"title":"Daimler-Truck: Serienstart des Mercedes-Benz eActros 600 im November - Krafthand-Truck","description":"Daimler Truck hat am Vorabend der IAA Transportation 2024 in Hannover seinen Weg zum nachhaltigen Transport aufgezeigt.","robots":{"index":"index","follow":"follow","max-snippet":"max-snippet:-1","max-image-preview":"max-image-preview:large","max-video-preview":"max-video-preview:-1"},"canonical":"https:\/\/www.krafthand.de\/truck\/artikel\/daimler-truck-serienstart-des-mercedes-benz-eactros-600-im-november-40745\/","og_locale":"de_DE","og_type":"article","og_title":"Daimler-Truck: Serienstart des Mercedes-Benz eActros 600 im November - Krafthand-Truck","og_description":"Daimler Truck hat am Vorabend der IAA Transportation 2024 in Hannover seinen Weg zum nachhaltigen Transport aufgezeigt.","og_url":"https:\/\/www.krafthand-truck.de\/artikel\/daimler-truck-serienstart-des-mercedes-benz-eactros-600-im-november-40745\/","og_site_name":"Krafthand-Truck","article_published_time":"2024-09-15T18:15:34+00:00","article_modified_time":"2024-09-18T09:41:43+00:00","og_image":[{"width":2560,"height":1440,"url":"https:\/\/static.krafthand-truck.de\/uploads\/2024\/09\/IMG_4644-scaled.jpeg","type":"image\/jpeg"}],"author":"georg.blenk@krafthand-medien.de","twitter_card":"summary_large_image","twitter_misc":{"Verfasst von":"georg.blenk@krafthand-medien.de","Gesch\u00e4tzte Lesezeit":"7\u00a0Minuten"},"schema":{"@context":"https:\/\/schema.org","@graph":[{"@type":"Article","@id":"https:\/\/www.krafthand.de\/truck\/artikel\/daimler-truck-serienstart-des-mercedes-benz-eactros-600-im-november-40745\/#article","isPartOf":{"@id":"https:\/\/www.krafthand.de\/truck\/artikel\/daimler-truck-serienstart-des-mercedes-benz-eactros-600-im-november-40745\/"},"author":{"name":"georg.blenk@krafthand-medien.de","@id":"https:\/\/www.krafthand.de\/truck\/#\/schema\/person\/51fa80b1c57034c4bf63f9f988fc24ce"},"headline":"Daimler-Truck: Serienstart des Mercedes-Benz eActros 600 im November","datePublished":"2024-09-15T18:15:34+00:00","dateModified":"2024-09-18T09:41:43+00:00","mainEntityOfPage":{"@id":"https:\/\/www.krafthand.de\/truck\/artikel\/daimler-truck-serienstart-des-mercedes-benz-eactros-600-im-november-40745\/"},"wordCount":1045,"image":{"@id":"https:\/\/www.krafthand.de\/truck\/artikel\/daimler-truck-serienstart-des-mercedes-benz-eactros-600-im-november-40745\/#primaryimage"},"thumbnailUrl":"https:\/\/static.krafthand-truck.de\/uploads\/2024\/09\/IMG_4644-scaled.jpeg","keywords":["Daimler Truck","E-Lkw","eActros 600","Karin R\u00e5dstr\u00f6m","Martin Daum","Media-Night","TruckCharge"],"articleSection":["E-Antrieb (BEV\/FCEV)","Neue Fahrzeuge","Unternehmen"],"inLanguage":"de"},{"@type":"WebPage","@id":"https:\/\/www.krafthand.de\/truck\/artikel\/daimler-truck-serienstart-des-mercedes-benz-eactros-600-im-november-40745\/","url":"https:\/\/www.krafthand.de\/truck\/artikel\/daimler-truck-serienstart-des-mercedes-benz-eactros-600-im-november-40745\/","name":"Daimler-Truck: Serienstart des Mercedes-Benz eActros 600 im November - Krafthand-Truck","isPartOf":{"@id":"https:\/\/www.krafthand.de\/truck\/#website"},"primaryImageOfPage":{"@id":"https:\/\/www.krafthand.de\/truck\/artikel\/daimler-truck-serienstart-des-mercedes-benz-eactros-600-im-november-40745\/#primaryimage"},"image":{"@id":"https:\/\/www.krafthand.de\/truck\/artikel\/daimler-truck-serienstart-des-mercedes-benz-eactros-600-im-november-40745\/#primaryimage"},"thumbnailUrl":"https:\/\/static.krafthand-truck.de\/uploads\/2024\/09\/IMG_4644-scaled.jpeg","datePublished":"2024-09-15T18:15:34+00:00","dateModified":"2024-09-18T09:41:43+00:00","author":{"@id":"https:\/\/www.krafthand.de\/truck\/#\/schema\/person\/51fa80b1c57034c4bf63f9f988fc24ce"},"description":"Daimler Truck hat am Vorabend der IAA Transportation 2024 in Hannover seinen Weg zum nachhaltigen Transport aufgezeigt.","breadcrumb":{"@id":"https:\/\/www.krafthand.de\/truck\/artikel\/daimler-truck-serienstart-des-mercedes-benz-eactros-600-im-november-40745\/#breadcrumb"},"inLanguage":"de","potentialAction":[{"@type":"ReadAction","target":["https:\/\/www.krafthand.de\/truck\/artikel\/daimler-truck-serienstart-des-mercedes-benz-eactros-600-im-november-40745\/"]}]},{"@type":"ImageObject","inLanguage":"de","@id":"https:\/\/www.krafthand.de\/truck\/artikel\/daimler-truck-serienstart-des-mercedes-benz-eactros-600-im-november-40745\/#primaryimage","url":"https:\/\/static.krafthand-truck.de\/uploads\/2024\/09\/IMG_4644-scaled.jpeg","contentUrl":"https:\/\/static.krafthand-truck.de\/uploads\/2024\/09\/IMG_4644-scaled.jpeg","width":2560,"height":1440},{"@type":"BreadcrumbList","@id":"https:\/\/www.krafthand.de\/truck\/artikel\/daimler-truck-serienstart-des-mercedes-benz-eactros-600-im-november-40745\/#breadcrumb","itemListElement":[{"@type":"ListItem","position":1,"name":"Krafthand-Truck","item":"https:\/\/www.krafthand.de\/truck\/"},{"@type":"ListItem","position":2,"name":"IT+Fuhrpark","item":"https:\/\/www.krafthand.de\/truck\/kategorie\/fuhrpark\/"},{"@type":"ListItem","position":3,"name":"Neue Fahrzeuge","item":"https:\/\/www.krafthand.de\/truck\/kategorie\/fuhrpark\/neue-fahrzeuge\/"},{"@type":"ListItem","position":4,"name":"Daimler-Truck: Serienstart des Mercedes-Benz eActros 600 im November"}]},{"@type":"WebSite","@id":"https:\/\/www.krafthand.de\/truck\/#website","url":"https:\/\/www.krafthand.de\/truck\/","name":"Krafthand-Truck","description":"","potentialAction":[{"@type":"SearchAction","target":{"@type":"EntryPoint","urlTemplate":"https:\/\/www.krafthand.de\/truck\/?s={search_term_string}"},"query-input":{"@type":"PropertyValueSpecification","valueRequired":true,"valueName":"search_term_string"}}],"inLanguage":"de"},{"@type":"Person","@id":"https:\/\/www.krafthand.de\/truck\/#\/schema\/person\/51fa80b1c57034c4bf63f9f988fc24ce","name":"georg.blenk@krafthand-medien.de","image":{"@type":"ImageObject","inLanguage":"de","@id":"https:\/\/secure.gravatar.com\/avatar\/93713c30affe0aa95d3a4130e499bb1abee2eb31adbdd9ce2aa1543538490215?s=96&d=mm&r=g","url":"https:\/\/secure.gravatar.com\/avatar\/93713c30affe0aa95d3a4130e499bb1abee2eb31adbdd9ce2aa1543538490215?s=96&d=mm&r=g","contentUrl":"https:\/\/secure.gravatar.com\/avatar\/93713c30affe0aa95d3a4130e499bb1abee2eb31adbdd9ce2aa1543538490215?s=96&d=mm&r=g","caption":"georg.blenk@krafthand-medien.de"}}]}},"_links":{"self":[{"href":"https:\/\/www.krafthand.de\/truck\/wp-json\/wp\/v2\/posts\/40745","targetHints":{"allow":["GET"]}}],"collection":[{"href":"https:\/\/www.krafthand.de\/truck\/wp-json\/wp\/v2\/posts"}],"about":[{"href":"https:\/\/www.krafthand.de\/truck\/wp-json\/wp\/v2\/types\/post"}],"author":[{"embeddable":true,"href":"https:\/\/www.krafthand.de\/truck\/wp-json\/wp\/v2\/users\/9"}],"replies":[{"embeddable":true,"href":"https:\/\/www.krafthand.de\/truck\/wp-json\/wp\/v2\/comments?post=40745"}],"version-history":[{"count":18,"href":"https:\/\/www.krafthand.de\/truck\/wp-json\/wp\/v2\/posts\/40745\/revisions"}],"predecessor-version":[{"id":40772,"href":"https:\/\/www.krafthand.de\/truck\/wp-json\/wp\/v2\/posts\/40745\/revisions\/40772"}],"wp:featuredmedia":[{"embeddable":true,"href":"https:\/\/www.krafthand.de\/truck\/wp-json\/wp\/v2\/media\/40765"}],"wp:attachment":[{"href":"https:\/\/www.krafthand.de\/truck\/wp-json\/wp\/v2\/media?parent=40745"}],"wp:term":[{"taxonomy":"category","embeddable":true,"href":"https:\/\/www.krafthand.de\/truck\/wp-json\/wp\/v2\/categories?post=40745"},{"taxonomy":"post_tag","embeddable":true,"href":"https:\/\/www.krafthand.de\/truck\/wp-json\/wp\/v2\/tags?post=40745"},{"taxonomy":"settings","embeddable":true,"href":"https:\/\/www.krafthand.de\/truck\/wp-json\/wp\/v2\/settings?post=40745"}],"curies":[{"name":"wp","href":"https:\/\/api.w.org\/{rel}","templated":true}]}}