{"id":40704,"date":"2024-09-10T11:50:38","date_gmt":"2024-09-10T09:50:38","guid":{"rendered":"https:\/\/www.krafthand.de\/truck\/?p=40704"},"modified":"2024-09-10T12:12:05","modified_gmt":"2024-09-10T10:12:05","slug":"schaeffler-und-vitesco-praesentieren-auf-der-iaa-transportation-erstmals-gemeinsam-nfz-portfolio","status":"publish","type":"post","link":"https:\/\/www.krafthand.de\/truck\/artikel\/schaeffler-und-vitesco-praesentieren-auf-der-iaa-transportation-erstmals-gemeinsam-nfz-portfolio-40704\/","title":{"rendered":"Schaeffler und Vitesco pr\u00e4sentieren auf der IAA gemeinsam Nfz-Portfolio"},"content":{"rendered":"<p>Schaeffler pr\u00e4sentiert sich auf der IAA Transportation vom 16. bis 22. September in Hannover unter dem Motto &#8218;Energizing Transportation Together&#8216;. Die Messe ist weltweit die erste Leitmesse auf der <a href=\"https:\/\/www.schaeffler.com\/de\/\" target=\"_blank\" rel=\"noopener\">Schaeffler<\/a> und <a href=\"https:\/\/www.vitesco-technologies.com\/de-de\" target=\"_blank\" rel=\"noopener\">Vitesco Technologies<\/a> ihre Kr\u00e4fte b\u00fcndeln und ihr komplement\u00e4res Produktportfolio f\u00fcr Nutzfahrzeuge pr\u00e4sentieren. Schaeffler hat im M\u00e4rz 2024 Vitesco Technologies \u00fcbernommen. <strong>Die Marke Vitesco soll nach aktuellen Informationen jedoch komplett in der Marke Schaeffler aufgehen.<\/strong><\/p>\n<blockquote><p>\u201eDer gemeinsame Stand unter der Marke Schaeffler verdeutlicht, dass beide Unternehmen zusammen st\u00e4rker sind. Insbesondere bei L\u00f6sungen f\u00fcr Nutzfahrzeuge zeigen wir, dass sich unsere innovativen Produkte hervorragend erg\u00e4nzen. Dadurch schaffen wir Mehrwert f\u00fcr unsere Kunden und erreichen einen weiteren Meilenstein auf unserem Weg, die f\u00fchrende Motion Technology Company zu werden\u201c, sagt Matthias Zink, Vorstand Automotive Technologies der Schaeffler AG.<\/p><\/blockquote>\n<h3>Emissionsreduktionsziele erreichen<\/h3>\n<p>Vor dem Hintergrund herausfordernder Emissionsreduktionsziele zeigt Schaeffler Antriebs- und Fahrwerksl\u00f6sungen f\u00fcr eine nachhaltige Transportbranche. Bis 2025 m\u00fcssen Nutzfahrzeuge in Europa 15 Prozent CO2 im Vergleich zum Jahr 2019 einsparen \u2013 bis zum Jahr 2030 sogar 45 Prozent. Dabei machen schwere Nutzfahrzeuge und Busse global einen Anteil von lediglich vier Prozent des Fahrzeugbestands aus. Aufgrund der enormen G\u00fctermassen, die sie transportieren, verursachen sie jedoch rund 40 Prozent der weltweiten CO2-Emissionen im Verkehrssektor. Eine erfolgreiche Dekarbonisierung erfordert eine Effizienzsteigerung aller relevanten Antriebstechnologien: vom Diesel- und Wasserstoff-Verbrennungsmotor \u00fcber batterieelektrische Antriebe bis hin zur Brennstoffzelle.<\/p>\n<blockquote><p>\u201eWir stehen an der Seite unserer Kunden als Partner f\u00fcr eine erfolgreiche Transformation und das Erreichen der Emissionsziele. Deshalb entwickeln und fertigen wir einen Mix verschiedener energieeffizienter und ressourcenschonender Antriebsl\u00f6sungen f\u00fcr vielf\u00e4ltigste Anwendungen\u201c, erl\u00e4utert Matthias Zink.<\/p><\/blockquote>\n<h3>Vielf\u00e4ltiges Angebot f\u00fcr den elektrischen Antriebsstrang<\/h3>\n<p>Diese Strategie von Schaeffler beruht laut Angaben auf eigenen Berechnungen, die besagen, dass elektrisch angetriebene Nutzfahrzeuge im Jahr 2030 weltweit <strong>20 Prozent<\/strong> aller Neuzulassungen ausmachen. Deshalb m\u00f6chte Schaeffler durch den Zusammenschluss mit Vitesco Technologies seine Elektronik- und Softwarekompetenzen im Antriebsstrang noch weiter ausbauen. Der Messestand auf der IAA Transportation zeigt das vielf\u00e4ltige Angebot f\u00fcr den elektrischen Antriebsstrang von Nutzfahrzeugen: von permanent-erregten E-Motoren mit Wave-Winding-Technologie und mehr als 200 Kilowatt Dauerleistung \u00fcber Brennstoffzellenstacks mit Bipolarplatten aus Graphit und Metall mit maximal 140 Kilowatt bis zur 800-Volt-Leistungselektronik mit Siliziumkarbid-Halbleitern. Anhand eines kompletten E-Achse-Exponats mit zwei E-Motoren, 3-Gang-Getriebe, elektromechanischem Aktuator und Siliziumkarbid-Leistungselektronik demonstriert das Unternehmen zudem seine Expertise im Zusammenspiel zwischen Komponenten und Subsystemen. Die E-Achse beinhaltet au\u00dferdem Insert-Unit-Radlager, die, mit Gussgeh\u00e4usen zu Radlagereinheiten verbaut, auf die Achse montiert und anschlie\u00dfend verspannt werden. Diese kompakte Bauweise spart pro Rad bis zu 15 Kilogramm Gewicht gegen\u00fcber Standardkegelrollenlagern. Die \u00fcblichen Wartungsarbeiten entfallen. In Kombination mit reibungseffizienten Dichtungen k\u00f6nnen Insert-Units bis zu 70 Prozent Reibung reduzieren. Bei batteriebetriebenen Fahrzeugen erm\u00f6glicht dies circa f\u00fcnf Kilometer mehr Reichweite pro Ladevorgang.<\/p>\n<h3>Effizienz des Verbrenners optimieren<\/h3>\n<p><strong>Fast drei Viertel aller Nutzfahrzeuge<\/strong> werden im Jahr 2030 laut Schaeffler weiterhin mit Verbrennertechnologie ausger\u00fcstet sein \u2013 Diesel und Wasserstoff. \u201eVerbrennungsmotoren werden auch k\u00fcnftig einen Beitrag zu niedrigeren Emissionen leisten m\u00fcssen\u201c, verdeutlicht Matthias Zink. <em>\u201eJedes Gramm weniger an Emissionen z\u00e4hlt bei der Erreichung der Klimaziele.\u201c<\/em> Deshalb entwickelt Schaeffler technologisch f\u00fchrende Komponenten und Systeme zur Verbesserung der Energieeffizienz in H2-, Diesel- und Erdgasmotoren. Auf der IAA Transportation zeigt Schaeffler mit iFlexAir ein variables Ventiltriebsystem f\u00fcr Nutzfahrzeuge, das den CO2-Aussto\u00df von Diesel-Fahrzeugen um bis zu f\u00fcnf Prozent reduziert. Bei Wasserstoff-Verbrennungsmotoren erzielt das System eine Effizienzsteigerung um sechs Prozent, w\u00e4hrend Stickoxid-Rohemissionen deutlich reduziert werden. Der NOx-Sensor von Vitesco misst die Stickoxid-Konzentration im Abgas und unterst\u00fctzt damit eine effiziente Nachbehandlung sowie zuverl\u00e4ssige \u00dcberwachung der Einhaltung von Emissionsstandards wie Euro-7.<\/p>\n<figure id=\"attachment_40711\" aria-describedby=\"caption-attachment-40711\" style=\"width: 800px\" class=\"wp-caption aligncenter\"><img fetchpriority=\"high\" decoding=\"async\" class=\"wp-image-40711\" src=\"https:\/\/static.krafthand-truck.de\/uploads\/2024\/09\/Schaeffler_iFlexAir_Ventiltrieb_Lkw_Motor_Wasserstoffmotor-300x173.jpg\" alt=\"\" width=\"800\" height=\"460\" srcset=\"https:\/\/static.krafthand-truck.de\/uploads\/2024\/09\/Schaeffler_iFlexAir_Ventiltrieb_Lkw_Motor_Wasserstoffmotor-300x173.jpg 300w, https:\/\/static.krafthand-truck.de\/uploads\/2024\/09\/Schaeffler_iFlexAir_Ventiltrieb_Lkw_Motor_Wasserstoffmotor-1024x589.jpg 1024w, https:\/\/static.krafthand-truck.de\/uploads\/2024\/09\/Schaeffler_iFlexAir_Ventiltrieb_Lkw_Motor_Wasserstoffmotor-768x442.jpg 768w, https:\/\/static.krafthand-truck.de\/uploads\/2024\/09\/Schaeffler_iFlexAir_Ventiltrieb_Lkw_Motor_Wasserstoffmotor.jpg 1200w\" sizes=\"(max-width: 800px) 100vw, 800px\" \/><figcaption id=\"caption-attachment-40711\" class=\"wp-caption-text\">Das variable Ventiltriebsystem iFlexAir von Schaeffler steigert die Effizienz von Diesel- und Wasserstoff-Verbrennungsmotoren.<\/figcaption><\/figure>\n<h3>Technologien f\u00fcr hochautomatisiertes Fahren<\/h3>\n<p>Der Trend zum hochautomatisierten Fahren gewinnt zunehmend an Geschwindigkeit. Bereits ab 2027 planen mehrere Fahrzeughersteller den Produktionsstart vollautomatisierter (L4) Nutzfahrzeuge. Der Bedarf an dieser Technologie ist gro\u00df, denn der zunehmende Fahrermangel ist eine globale Herausforderung. Die International Road Transport Union (IRU) gibt an, dass der europ\u00e4ischen Transportbranche im vergangenen Jahr mehr als 233.000 Fahrer fehlten. Wenn keine signifikanten Ma\u00dfnahmen ergriffen werden, erh\u00f6he sich die Anzahl der fehlenden Fahrer bis 2028 auf 745.000, hei\u00dft es in einer IRU-Studie. Gleichzeitig machen die Lohnkosten der Fahrer einen Gro\u00dfteil der Gesamtbetriebskosten (TCO: total cost of ownership) aus \u2013 in Europa rund ein Drittel. Mit innovativen Fahrwerkstechnologien, die ein hochautomatisiertes Fahren erm\u00f6glichen, begleitet Schaeffler den erforderlichen Wandel der Transportbranche. Zu diesen Produkten geh\u00f6ren das elektrohydraulische Lenksystem (EHPS) und das Advanced Sensor Cleaning System (ASCS), die Schaeffler auf der IAA Transportation ausstellt. Das redundant arbeitende EHPS-System liefert Schaeffler bereits seit 2023 in die Serienproduktion eines chinesischen Nutzfahrzeugherstellers und unterst\u00fctzt damit automatisierte (L2) und h\u00f6herwertige Fahrfunktionen. Das Advanced Sensor Cleaning System wurde von Vitesco Technologies entwickelt, um die Kameras und Sensoren von autonomen Fahrzeugen zu reinigen und dadurch eine fehlerfreie Funktion sicherzustellen.<\/p>\n<p>Schaeffler und Vitesco sind auf der <a href=\"https:\/\/www.iaa-transportation.com\/de\" target=\"_blank\" rel=\"noopener\">IAA Transportation<\/a> in <strong>Halle 12, Stand A40<\/strong> zu finden.<\/p>\n\r\n\t\t\t\t<div class=\"post-author\">\r\n\t\t\t\t\t<div class=\"khm-cp-author clearfix\">\r\n\t\t\t\t\t\t<div class=\"khm-cp-author__content\">\r\n\t\t\t\t\t\t\t\tKontakt zum Autor:<br \/>\r\n\t\t\t\t\t\t\t\t<strong>Georg Blenk<\/strong>, 08247 \/ 3007-45 |  <a href=\"mailto:georg.blenk@krafthand-medien.de\">georg.blenk@krafthand-medien.de<\/a>\r\n\t\t\t\t\t\t\t<div class=\"khm-cp-author__image\">\r\n\t\t\t\t\t\t<img src=\"https:\/\/static.krafthand-truck.de\/uploads\/2021\/01\/Blenk_6104-250x300-1-removebg-preview.png\" class=\"img-responsive\">\r\n\t\t\t\t\t<\/div>\r\n\t\t\t\t\t\t<\/div>\r\n\t\t\t\t\t<\/div>\r\n\t\t\t\t<\/div>\r\n\t\t\t\t","protected":false},"excerpt":{"rendered":"<p>Schaeffler pr\u00e4sentiert sich auf der IAA Transportation vom 16. bis 22. September in Hannover unter dem Motto &#8218;Energizing Transportation Together&#8216;. Die Messe ist weltweit die erste Leitmesse auf der Schaeffler und Vitesco Technologies ihre Kr\u00e4fte b\u00fcndeln und ihr komplement\u00e4res Produktportfolio f\u00fcr Nutzfahrzeuge pr\u00e4sentieren. Schaeffler hat im M\u00e4rz 2024 Vitesco Technologies \u00fcbernommen. <span class=\"excerpt-more__dots\">&#8230;<\/span> <a class=\"excerpt-more__link\" href=\"https:\/\/www.krafthand.de\/truck\/artikel\/schaeffler-und-vitesco-praesentieren-auf-der-iaa-transportation-erstmals-gemeinsam-nfz-portfolio-40704\/\" >weiter<\/a><\/p>\n","protected":false},"author":9,"featured_media":40710,"comment_status":"closed","ping_status":"closed","sticky":false,"template":"","format":"standard","meta":{"footnotes":""},"categories":[4223,4224,4235,4236],"tags":[4209,4177,645,6029,4181],"settings":[3524,4766,3523],"class_list":["post-40704","post","type-post","status-publish","format-standard","has-post-thumbnail","hentry","category-antrieb","category-e-antrieb","category-unternehmen","category-veranstaltungen","tag-brennstoffzelle","tag-e-lkw","tag-schaeffler","tag-vitesco","tag-wasserstoff"],"yoast_head":"<!-- This site is optimized with the Yoast SEO plugin v27.3 - https:\/\/yoast.com\/product\/yoast-seo-wordpress\/ -->\n<title>Schaeffler und Vitesco pr\u00e4sentieren auf der IAA gemeinsam Nfz-Portfolio - Krafthand-Truck<\/title>\n<meta name=\"description\" content=\"Schaeffler und Vitesco Technologies pr\u00e4sentieren sich auf der IAA Transportation unter dem Motto &#039;Energizing Transportation Together&#039;.\" \/>\n<meta name=\"robots\" content=\"index, follow, max-snippet:-1, max-image-preview:large, max-video-preview:-1\" \/>\n<link rel=\"canonical\" href=\"https:\/\/www.krafthand.de\/truck\/artikel\/schaeffler-und-vitesco-praesentieren-auf-der-iaa-transportation-erstmals-gemeinsam-nfz-portfolio-40704\/\" \/>\n<meta property=\"og:locale\" content=\"de_DE\" \/>\n<meta property=\"og:type\" content=\"article\" \/>\n<meta property=\"og:title\" content=\"Schaeffler und Vitesco pr\u00e4sentieren auf der IAA gemeinsam Nfz-Portfolio - Krafthand-Truck\" \/>\n<meta property=\"og:description\" content=\"Schaeffler und Vitesco Technologies pr\u00e4sentieren sich auf der IAA Transportation unter dem Motto &#039;Energizing Transportation Together&#039;.\" \/>\n<meta property=\"og:url\" content=\"https:\/\/www.krafthand-truck.de\/artikel\/schaeffler-und-vitesco-praesentieren-auf-der-iaa-transportation-erstmals-gemeinsam-nfz-portfolio-40704\/\" \/>\n<meta property=\"og:site_name\" content=\"Krafthand-Truck\" \/>\n<meta property=\"article:published_time\" content=\"2024-09-10T09:50:38+00:00\" \/>\n<meta property=\"article:modified_time\" content=\"2024-09-10T10:12:05+00:00\" \/>\n<meta property=\"og:image\" content=\"https:\/\/static.krafthand-truck.de\/uploads\/2024\/09\/Schaeffler_Heavy-Duty_E-Axle_E_Achse_Lkw.jpg\" \/>\n\t<meta property=\"og:image:width\" content=\"1200\" \/>\n\t<meta property=\"og:image:height\" content=\"656\" \/>\n\t<meta property=\"og:image:type\" content=\"image\/jpeg\" \/>\n<meta name=\"author\" content=\"georg.blenk@krafthand-medien.de\" \/>\n<meta name=\"twitter:card\" content=\"summary_large_image\" \/>\n<meta name=\"twitter:label1\" content=\"Verfasst von\" \/>\n\t<meta name=\"twitter:data1\" content=\"georg.blenk@krafthand-medien.de\" \/>\n\t<meta name=\"twitter:label2\" content=\"Gesch\u00e4tzte Lesezeit\" \/>\n\t<meta name=\"twitter:data2\" content=\"5\u00a0Minuten\" \/>\n<script type=\"application\/ld+json\" class=\"yoast-schema-graph\">{\"@context\":\"https:\\\/\\\/schema.org\",\"@graph\":[{\"@type\":\"Article\",\"@id\":\"https:\\\/\\\/www.krafthand.de\\\/truck\\\/artikel\\\/schaeffler-und-vitesco-praesentieren-auf-der-iaa-transportation-erstmals-gemeinsam-nfz-portfolio-40704\\\/#article\",\"isPartOf\":{\"@id\":\"https:\\\/\\\/www.krafthand.de\\\/truck\\\/artikel\\\/schaeffler-und-vitesco-praesentieren-auf-der-iaa-transportation-erstmals-gemeinsam-nfz-portfolio-40704\\\/\"},\"author\":{\"name\":\"georg.blenk@krafthand-medien.de\",\"@id\":\"https:\\\/\\\/www.krafthand.de\\\/truck\\\/#\\\/schema\\\/person\\\/51fa80b1c57034c4bf63f9f988fc24ce\"},\"headline\":\"Schaeffler und Vitesco pr\u00e4sentieren auf der IAA gemeinsam Nfz-Portfolio\",\"datePublished\":\"2024-09-10T09:50:38+00:00\",\"dateModified\":\"2024-09-10T10:12:05+00:00\",\"mainEntityOfPage\":{\"@id\":\"https:\\\/\\\/www.krafthand.de\\\/truck\\\/artikel\\\/schaeffler-und-vitesco-praesentieren-auf-der-iaa-transportation-erstmals-gemeinsam-nfz-portfolio-40704\\\/\"},\"wordCount\":826,\"image\":{\"@id\":\"https:\\\/\\\/www.krafthand.de\\\/truck\\\/artikel\\\/schaeffler-und-vitesco-praesentieren-auf-der-iaa-transportation-erstmals-gemeinsam-nfz-portfolio-40704\\\/#primaryimage\"},\"thumbnailUrl\":\"https:\\\/\\\/static.krafthand-truck.de\\\/uploads\\\/2024\\\/09\\\/Schaeffler_Heavy-Duty_E-Axle_E_Achse_Lkw.jpg\",\"keywords\":[\"Brennstoffzelle\",\"E-Lkw\",\"Schaeffler\",\"Vitesco\",\"Wasserstoff\"],\"articleSection\":[\"Antrieb (Motor\\\/Getriebe)\",\"E-Antrieb (BEV\\\/FCEV)\",\"Unternehmen\",\"Veranstaltungen\\\/Messen\"],\"inLanguage\":\"de\"},{\"@type\":\"WebPage\",\"@id\":\"https:\\\/\\\/www.krafthand.de\\\/truck\\\/artikel\\\/schaeffler-und-vitesco-praesentieren-auf-der-iaa-transportation-erstmals-gemeinsam-nfz-portfolio-40704\\\/\",\"url\":\"https:\\\/\\\/www.krafthand.de\\\/truck\\\/artikel\\\/schaeffler-und-vitesco-praesentieren-auf-der-iaa-transportation-erstmals-gemeinsam-nfz-portfolio-40704\\\/\",\"name\":\"Schaeffler und Vitesco pr\u00e4sentieren auf der IAA gemeinsam Nfz-Portfolio - Krafthand-Truck\",\"isPartOf\":{\"@id\":\"https:\\\/\\\/www.krafthand.de\\\/truck\\\/#website\"},\"primaryImageOfPage\":{\"@id\":\"https:\\\/\\\/www.krafthand.de\\\/truck\\\/artikel\\\/schaeffler-und-vitesco-praesentieren-auf-der-iaa-transportation-erstmals-gemeinsam-nfz-portfolio-40704\\\/#primaryimage\"},\"image\":{\"@id\":\"https:\\\/\\\/www.krafthand.de\\\/truck\\\/artikel\\\/schaeffler-und-vitesco-praesentieren-auf-der-iaa-transportation-erstmals-gemeinsam-nfz-portfolio-40704\\\/#primaryimage\"},\"thumbnailUrl\":\"https:\\\/\\\/static.krafthand-truck.de\\\/uploads\\\/2024\\\/09\\\/Schaeffler_Heavy-Duty_E-Axle_E_Achse_Lkw.jpg\",\"datePublished\":\"2024-09-10T09:50:38+00:00\",\"dateModified\":\"2024-09-10T10:12:05+00:00\",\"author\":{\"@id\":\"https:\\\/\\\/www.krafthand.de\\\/truck\\\/#\\\/schema\\\/person\\\/51fa80b1c57034c4bf63f9f988fc24ce\"},\"description\":\"Schaeffler und Vitesco Technologies pr\u00e4sentieren sich auf der IAA Transportation unter dem Motto 'Energizing Transportation Together'.\",\"breadcrumb\":{\"@id\":\"https:\\\/\\\/www.krafthand.de\\\/truck\\\/artikel\\\/schaeffler-und-vitesco-praesentieren-auf-der-iaa-transportation-erstmals-gemeinsam-nfz-portfolio-40704\\\/#breadcrumb\"},\"inLanguage\":\"de\",\"potentialAction\":[{\"@type\":\"ReadAction\",\"target\":[\"https:\\\/\\\/www.krafthand.de\\\/truck\\\/artikel\\\/schaeffler-und-vitesco-praesentieren-auf-der-iaa-transportation-erstmals-gemeinsam-nfz-portfolio-40704\\\/\"]}]},{\"@type\":\"ImageObject\",\"inLanguage\":\"de\",\"@id\":\"https:\\\/\\\/www.krafthand.de\\\/truck\\\/artikel\\\/schaeffler-und-vitesco-praesentieren-auf-der-iaa-transportation-erstmals-gemeinsam-nfz-portfolio-40704\\\/#primaryimage\",\"url\":\"https:\\\/\\\/static.krafthand-truck.de\\\/uploads\\\/2024\\\/09\\\/Schaeffler_Heavy-Duty_E-Axle_E_Achse_Lkw.jpg\",\"contentUrl\":\"https:\\\/\\\/static.krafthand-truck.de\\\/uploads\\\/2024\\\/09\\\/Schaeffler_Heavy-Duty_E-Axle_E_Achse_Lkw.jpg\",\"width\":1200,\"height\":656},{\"@type\":\"BreadcrumbList\",\"@id\":\"https:\\\/\\\/www.krafthand.de\\\/truck\\\/artikel\\\/schaeffler-und-vitesco-praesentieren-auf-der-iaa-transportation-erstmals-gemeinsam-nfz-portfolio-40704\\\/#breadcrumb\",\"itemListElement\":[{\"@type\":\"ListItem\",\"position\":1,\"name\":\"Krafthand-Truck\",\"item\":\"https:\\\/\\\/www.krafthand.de\\\/truck\\\/\"},{\"@type\":\"ListItem\",\"position\":2,\"name\":\"Nfz-Branche\",\"item\":\"https:\\\/\\\/www.krafthand.de\\\/truck\\\/kategorie\\\/branche\\\/\"},{\"@type\":\"ListItem\",\"position\":3,\"name\":\"Veranstaltungen\\\/Messen\",\"item\":\"https:\\\/\\\/www.krafthand.de\\\/truck\\\/kategorie\\\/branche\\\/veranstaltungen\\\/\"},{\"@type\":\"ListItem\",\"position\":4,\"name\":\"Schaeffler und Vitesco pr\u00e4sentieren auf der IAA gemeinsam Nfz-Portfolio\"}]},{\"@type\":\"WebSite\",\"@id\":\"https:\\\/\\\/www.krafthand.de\\\/truck\\\/#website\",\"url\":\"https:\\\/\\\/www.krafthand.de\\\/truck\\\/\",\"name\":\"Krafthand-Truck\",\"description\":\"\",\"potentialAction\":[{\"@type\":\"SearchAction\",\"target\":{\"@type\":\"EntryPoint\",\"urlTemplate\":\"https:\\\/\\\/www.krafthand.de\\\/truck\\\/?s={search_term_string}\"},\"query-input\":{\"@type\":\"PropertyValueSpecification\",\"valueRequired\":true,\"valueName\":\"search_term_string\"}}],\"inLanguage\":\"de\"},{\"@type\":\"Person\",\"@id\":\"https:\\\/\\\/www.krafthand.de\\\/truck\\\/#\\\/schema\\\/person\\\/51fa80b1c57034c4bf63f9f988fc24ce\",\"name\":\"georg.blenk@krafthand-medien.de\",\"image\":{\"@type\":\"ImageObject\",\"inLanguage\":\"de\",\"@id\":\"https:\\\/\\\/secure.gravatar.com\\\/avatar\\\/93713c30affe0aa95d3a4130e499bb1abee2eb31adbdd9ce2aa1543538490215?s=96&d=mm&r=g\",\"url\":\"https:\\\/\\\/secure.gravatar.com\\\/avatar\\\/93713c30affe0aa95d3a4130e499bb1abee2eb31adbdd9ce2aa1543538490215?s=96&d=mm&r=g\",\"contentUrl\":\"https:\\\/\\\/secure.gravatar.com\\\/avatar\\\/93713c30affe0aa95d3a4130e499bb1abee2eb31adbdd9ce2aa1543538490215?s=96&d=mm&r=g\",\"caption\":\"georg.blenk@krafthand-medien.de\"}}]}<\/script>\n<!-- \/ Yoast SEO plugin. -->","yoast_head_json":{"title":"Schaeffler und Vitesco pr\u00e4sentieren auf der IAA gemeinsam Nfz-Portfolio - Krafthand-Truck","description":"Schaeffler und Vitesco Technologies pr\u00e4sentieren sich auf der IAA Transportation unter dem Motto 'Energizing Transportation Together'.","robots":{"index":"index","follow":"follow","max-snippet":"max-snippet:-1","max-image-preview":"max-image-preview:large","max-video-preview":"max-video-preview:-1"},"canonical":"https:\/\/www.krafthand.de\/truck\/artikel\/schaeffler-und-vitesco-praesentieren-auf-der-iaa-transportation-erstmals-gemeinsam-nfz-portfolio-40704\/","og_locale":"de_DE","og_type":"article","og_title":"Schaeffler und Vitesco pr\u00e4sentieren auf der IAA gemeinsam Nfz-Portfolio - Krafthand-Truck","og_description":"Schaeffler und Vitesco Technologies pr\u00e4sentieren sich auf der IAA Transportation unter dem Motto 'Energizing Transportation Together'.","og_url":"https:\/\/www.krafthand-truck.de\/artikel\/schaeffler-und-vitesco-praesentieren-auf-der-iaa-transportation-erstmals-gemeinsam-nfz-portfolio-40704\/","og_site_name":"Krafthand-Truck","article_published_time":"2024-09-10T09:50:38+00:00","article_modified_time":"2024-09-10T10:12:05+00:00","og_image":[{"width":1200,"height":656,"url":"https:\/\/static.krafthand-truck.de\/uploads\/2024\/09\/Schaeffler_Heavy-Duty_E-Axle_E_Achse_Lkw.jpg","type":"image\/jpeg"}],"author":"georg.blenk@krafthand-medien.de","twitter_card":"summary_large_image","twitter_misc":{"Verfasst von":"georg.blenk@krafthand-medien.de","Gesch\u00e4tzte Lesezeit":"5\u00a0Minuten"},"schema":{"@context":"https:\/\/schema.org","@graph":[{"@type":"Article","@id":"https:\/\/www.krafthand.de\/truck\/artikel\/schaeffler-und-vitesco-praesentieren-auf-der-iaa-transportation-erstmals-gemeinsam-nfz-portfolio-40704\/#article","isPartOf":{"@id":"https:\/\/www.krafthand.de\/truck\/artikel\/schaeffler-und-vitesco-praesentieren-auf-der-iaa-transportation-erstmals-gemeinsam-nfz-portfolio-40704\/"},"author":{"name":"georg.blenk@krafthand-medien.de","@id":"https:\/\/www.krafthand.de\/truck\/#\/schema\/person\/51fa80b1c57034c4bf63f9f988fc24ce"},"headline":"Schaeffler und Vitesco pr\u00e4sentieren auf der IAA gemeinsam Nfz-Portfolio","datePublished":"2024-09-10T09:50:38+00:00","dateModified":"2024-09-10T10:12:05+00:00","mainEntityOfPage":{"@id":"https:\/\/www.krafthand.de\/truck\/artikel\/schaeffler-und-vitesco-praesentieren-auf-der-iaa-transportation-erstmals-gemeinsam-nfz-portfolio-40704\/"},"wordCount":826,"image":{"@id":"https:\/\/www.krafthand.de\/truck\/artikel\/schaeffler-und-vitesco-praesentieren-auf-der-iaa-transportation-erstmals-gemeinsam-nfz-portfolio-40704\/#primaryimage"},"thumbnailUrl":"https:\/\/static.krafthand-truck.de\/uploads\/2024\/09\/Schaeffler_Heavy-Duty_E-Axle_E_Achse_Lkw.jpg","keywords":["Brennstoffzelle","E-Lkw","Schaeffler","Vitesco","Wasserstoff"],"articleSection":["Antrieb (Motor\/Getriebe)","E-Antrieb (BEV\/FCEV)","Unternehmen","Veranstaltungen\/Messen"],"inLanguage":"de"},{"@type":"WebPage","@id":"https:\/\/www.krafthand.de\/truck\/artikel\/schaeffler-und-vitesco-praesentieren-auf-der-iaa-transportation-erstmals-gemeinsam-nfz-portfolio-40704\/","url":"https:\/\/www.krafthand.de\/truck\/artikel\/schaeffler-und-vitesco-praesentieren-auf-der-iaa-transportation-erstmals-gemeinsam-nfz-portfolio-40704\/","name":"Schaeffler und Vitesco pr\u00e4sentieren auf der IAA gemeinsam Nfz-Portfolio - Krafthand-Truck","isPartOf":{"@id":"https:\/\/www.krafthand.de\/truck\/#website"},"primaryImageOfPage":{"@id":"https:\/\/www.krafthand.de\/truck\/artikel\/schaeffler-und-vitesco-praesentieren-auf-der-iaa-transportation-erstmals-gemeinsam-nfz-portfolio-40704\/#primaryimage"},"image":{"@id":"https:\/\/www.krafthand.de\/truck\/artikel\/schaeffler-und-vitesco-praesentieren-auf-der-iaa-transportation-erstmals-gemeinsam-nfz-portfolio-40704\/#primaryimage"},"thumbnailUrl":"https:\/\/static.krafthand-truck.de\/uploads\/2024\/09\/Schaeffler_Heavy-Duty_E-Axle_E_Achse_Lkw.jpg","datePublished":"2024-09-10T09:50:38+00:00","dateModified":"2024-09-10T10:12:05+00:00","author":{"@id":"https:\/\/www.krafthand.de\/truck\/#\/schema\/person\/51fa80b1c57034c4bf63f9f988fc24ce"},"description":"Schaeffler und Vitesco Technologies pr\u00e4sentieren sich auf der IAA Transportation unter dem Motto 'Energizing Transportation Together'.","breadcrumb":{"@id":"https:\/\/www.krafthand.de\/truck\/artikel\/schaeffler-und-vitesco-praesentieren-auf-der-iaa-transportation-erstmals-gemeinsam-nfz-portfolio-40704\/#breadcrumb"},"inLanguage":"de","potentialAction":[{"@type":"ReadAction","target":["https:\/\/www.krafthand.de\/truck\/artikel\/schaeffler-und-vitesco-praesentieren-auf-der-iaa-transportation-erstmals-gemeinsam-nfz-portfolio-40704\/"]}]},{"@type":"ImageObject","inLanguage":"de","@id":"https:\/\/www.krafthand.de\/truck\/artikel\/schaeffler-und-vitesco-praesentieren-auf-der-iaa-transportation-erstmals-gemeinsam-nfz-portfolio-40704\/#primaryimage","url":"https:\/\/static.krafthand-truck.de\/uploads\/2024\/09\/Schaeffler_Heavy-Duty_E-Axle_E_Achse_Lkw.jpg","contentUrl":"https:\/\/static.krafthand-truck.de\/uploads\/2024\/09\/Schaeffler_Heavy-Duty_E-Axle_E_Achse_Lkw.jpg","width":1200,"height":656},{"@type":"BreadcrumbList","@id":"https:\/\/www.krafthand.de\/truck\/artikel\/schaeffler-und-vitesco-praesentieren-auf-der-iaa-transportation-erstmals-gemeinsam-nfz-portfolio-40704\/#breadcrumb","itemListElement":[{"@type":"ListItem","position":1,"name":"Krafthand-Truck","item":"https:\/\/www.krafthand.de\/truck\/"},{"@type":"ListItem","position":2,"name":"Nfz-Branche","item":"https:\/\/www.krafthand.de\/truck\/kategorie\/branche\/"},{"@type":"ListItem","position":3,"name":"Veranstaltungen\/Messen","item":"https:\/\/www.krafthand.de\/truck\/kategorie\/branche\/veranstaltungen\/"},{"@type":"ListItem","position":4,"name":"Schaeffler und Vitesco pr\u00e4sentieren auf der IAA gemeinsam Nfz-Portfolio"}]},{"@type":"WebSite","@id":"https:\/\/www.krafthand.de\/truck\/#website","url":"https:\/\/www.krafthand.de\/truck\/","name":"Krafthand-Truck","description":"","potentialAction":[{"@type":"SearchAction","target":{"@type":"EntryPoint","urlTemplate":"https:\/\/www.krafthand.de\/truck\/?s={search_term_string}"},"query-input":{"@type":"PropertyValueSpecification","valueRequired":true,"valueName":"search_term_string"}}],"inLanguage":"de"},{"@type":"Person","@id":"https:\/\/www.krafthand.de\/truck\/#\/schema\/person\/51fa80b1c57034c4bf63f9f988fc24ce","name":"georg.blenk@krafthand-medien.de","image":{"@type":"ImageObject","inLanguage":"de","@id":"https:\/\/secure.gravatar.com\/avatar\/93713c30affe0aa95d3a4130e499bb1abee2eb31adbdd9ce2aa1543538490215?s=96&d=mm&r=g","url":"https:\/\/secure.gravatar.com\/avatar\/93713c30affe0aa95d3a4130e499bb1abee2eb31adbdd9ce2aa1543538490215?s=96&d=mm&r=g","contentUrl":"https:\/\/secure.gravatar.com\/avatar\/93713c30affe0aa95d3a4130e499bb1abee2eb31adbdd9ce2aa1543538490215?s=96&d=mm&r=g","caption":"georg.blenk@krafthand-medien.de"}}]}},"_links":{"self":[{"href":"https:\/\/www.krafthand.de\/truck\/wp-json\/wp\/v2\/posts\/40704","targetHints":{"allow":["GET"]}}],"collection":[{"href":"https:\/\/www.krafthand.de\/truck\/wp-json\/wp\/v2\/posts"}],"about":[{"href":"https:\/\/www.krafthand.de\/truck\/wp-json\/wp\/v2\/types\/post"}],"author":[{"embeddable":true,"href":"https:\/\/www.krafthand.de\/truck\/wp-json\/wp\/v2\/users\/9"}],"replies":[{"embeddable":true,"href":"https:\/\/www.krafthand.de\/truck\/wp-json\/wp\/v2\/comments?post=40704"}],"version-history":[{"count":15,"href":"https:\/\/www.krafthand.de\/truck\/wp-json\/wp\/v2\/posts\/40704\/revisions"}],"predecessor-version":[{"id":40721,"href":"https:\/\/www.krafthand.de\/truck\/wp-json\/wp\/v2\/posts\/40704\/revisions\/40721"}],"wp:featuredmedia":[{"embeddable":true,"href":"https:\/\/www.krafthand.de\/truck\/wp-json\/wp\/v2\/media\/40710"}],"wp:attachment":[{"href":"https:\/\/www.krafthand.de\/truck\/wp-json\/wp\/v2\/media?parent=40704"}],"wp:term":[{"taxonomy":"category","embeddable":true,"href":"https:\/\/www.krafthand.de\/truck\/wp-json\/wp\/v2\/categories?post=40704"},{"taxonomy":"post_tag","embeddable":true,"href":"https:\/\/www.krafthand.de\/truck\/wp-json\/wp\/v2\/tags?post=40704"},{"taxonomy":"settings","embeddable":true,"href":"https:\/\/www.krafthand.de\/truck\/wp-json\/wp\/v2\/settings?post=40704"}],"curies":[{"name":"wp","href":"https:\/\/api.w.org\/{rel}","templated":true}]}}