{"id":40677,"date":"2024-09-09T14:31:34","date_gmt":"2024-09-09T12:31:34","guid":{"rendered":"https:\/\/www.krafthand.de\/truck\/?p=40677"},"modified":"2024-09-09T14:51:10","modified_gmt":"2024-09-09T12:51:10","slug":"herthbuss-uebernimmt-den-messgeraete-spezialisten-busching","status":"publish","type":"post","link":"https:\/\/www.krafthand.de\/truck\/artikel\/herthbuss-uebernimmt-den-messgeraete-spezialisten-busching-40677\/","title":{"rendered":"Herth+Buss \u00fcbernimmt den Messger\u00e4te-Spezialisten Busching"},"content":{"rendered":"<p>Die Herth+Buss Fahrzeugteile GmbH &amp; Co. KG hat k\u00fcrzlich die \u00dcbernahme der Busching GmbH bekannt gegeben. Der Spezialist f\u00fcr Pr\u00fcf- und Testger\u00e4te <a href=\"https:\/\/www.busching.de\/content\/page\/view\/id\/212\" target=\"_blank\" rel=\"noopener\">Busching<\/a>, bleibt trotz der \u00dcbernahme eine eigenst\u00e4ndige Einheit mit eigenem Namen, Marke und Standort Halstenbek bei Hamburg. Durch die \u00dcbertragung an Herth+Buss m\u00f6chte Andreas Busching seine Nachfolge sicherstellen und die Weichen f\u00fcr eine erfolgreiche Zukunft der Busching GmbH gew\u00e4hrleisten.<\/p>\n<blockquote><p>\u201eMit dem Erwerb der Busching GmbH arbeiten wir mit einem Partner zusammen, dessen Portfolio an hochqualitativer Mess- und Pr\u00fcftechnik und weiteren Werkstattger\u00e4ten ideal zu unserer bestehenden Produktpalette passen.\u201c, so Holger Drewing, Gesch\u00e4ftsf\u00fchrer der Herth+Buss Fahrzeugteile GmbH &amp; Co. KG. \u201eWir freuen uns, mit BUSCHiNG einen Partner an Bord zu haben, der unsere Vision und Werte teilt.\u201c<\/p>\n<p>\u201eF\u00fcr uns bietet die Zusammenarbeit mit Herth+Buss hervorragende Perspektiven, um unser Gesch\u00e4ft sowohl national als auch international auszubauen\u201c, sagt Herr Andreas Busching, Gesch\u00e4ftsf\u00fchrer der Busching GmbH. \u201eUnsere Kunden k\u00f6nnen sich darauf verlassen, dass wir auch zuk\u00fcnftig in gewohnter Qualit\u00e4t und mit erweitertem Service f\u00fcr sie da sein werden.\u201c<\/p><\/blockquote>\n<p>Die \u00dcbernahme von Busching durch <a href=\"https:\/\/herthundbuss.com\" target=\"_blank\" rel=\"noopener\">Herth+Buss<\/a> sei ein weiterer Schritt in der strategischen Ausrichtung beider Unternehmen, um im wettbewerbsintensiven Markt f\u00fcr Ersatzteil- und Werkstattausr\u00fcstung weiterhin erfolgreich zu agieren.<\/p>\n","protected":false},"excerpt":{"rendered":"<p>Herth+Buss hat k\u00fcrzlich die \u00dcbernahme der Busching GmbH bekannt gegeben. Der Spezialist f\u00fcr Pr\u00fcf- und Testger\u00e4te Busching, bleibt trotz der \u00dcbernahme eine eigenst\u00e4ndige Einheit mit eigenem Namen, Marke und Standort Halstenbek bei Hamburg. <span class=\"excerpt-more__dots\">&#8230;<\/span> <a class=\"excerpt-more__link\" href=\"https:\/\/www.krafthand.de\/truck\/artikel\/herthbuss-uebernimmt-den-messgeraete-spezialisten-busching-40677\/\" >weiter<\/a><\/p>\n","protected":false},"author":9,"featured_media":40684,"comment_status":"closed","ping_status":"closed","sticky":false,"template":"","format":"standard","meta":{"footnotes":""},"categories":[4238,4235,4220],"tags":[6026,2695,3709,6027,6028],"settings":[4766,3523],"class_list":["post-40677","post","type-post","status-publish","format-standard","has-post-thumbnail","hentry","category-koepfe","category-unternehmen","category-werkstattausruestung","tag-busching","tag-herth-buss","tag-messtechnik","tag-strommesszange","tag-testgeraete"],"yoast_head":"<!-- This site is optimized with the Yoast SEO plugin v27.3 - https:\/\/yoast.com\/product\/yoast-seo-wordpress\/ -->\n<title>Herth+Buss \u00fcbernimmt den Messger\u00e4te-Spezialisten Busching - Krafthand-Truck<\/title>\n<meta name=\"description\" content=\"Die Herth+Buss Fahrzeugteile GmbH &amp; Co. KG hat k\u00fcrzlich die \u00dcbernahme der Busching GmbH bekannt gegeben.\" \/>\n<meta name=\"robots\" content=\"index, follow, max-snippet:-1, max-image-preview:large, max-video-preview:-1\" \/>\n<link rel=\"canonical\" href=\"https:\/\/www.krafthand.de\/truck\/artikel\/herthbuss-uebernimmt-den-messgeraete-spezialisten-busching-40677\/\" \/>\n<meta property=\"og:locale\" content=\"de_DE\" \/>\n<meta property=\"og:type\" content=\"article\" \/>\n<meta property=\"og:title\" content=\"Herth+Buss \u00fcbernimmt den Messger\u00e4te-Spezialisten Busching - Krafthand-Truck\" \/>\n<meta property=\"og:description\" content=\"Die Herth+Buss Fahrzeugteile GmbH &amp; Co. KG hat k\u00fcrzlich die \u00dcbernahme der Busching GmbH bekannt gegeben.\" \/>\n<meta property=\"og:url\" content=\"https:\/\/www.krafthand-truck.de\/artikel\/herthbuss-uebernimmt-den-messgeraete-spezialisten-busching-40677\/\" \/>\n<meta property=\"og:site_name\" content=\"Krafthand-Truck\" \/>\n<meta property=\"article:published_time\" content=\"2024-09-09T12:31:34+00:00\" \/>\n<meta property=\"article:modified_time\" content=\"2024-09-09T12:51:10+00:00\" \/>\n<meta property=\"og:image\" content=\"https:\/\/static.krafthand-truck.de\/uploads\/2024\/09\/Herth_Buss_Uebernahme_Busching.jpg\" \/>\n\t<meta property=\"og:image:width\" content=\"1200\" \/>\n\t<meta property=\"og:image:height\" content=\"800\" \/>\n\t<meta property=\"og:image:type\" content=\"image\/jpeg\" \/>\n<meta name=\"author\" content=\"georg.blenk@krafthand-medien.de\" \/>\n<meta name=\"twitter:card\" content=\"summary_large_image\" \/>\n<meta name=\"twitter:label1\" content=\"Verfasst von\" \/>\n\t<meta name=\"twitter:data1\" content=\"georg.blenk@krafthand-medien.de\" \/>\n\t<meta name=\"twitter:label2\" content=\"Gesch\u00e4tzte Lesezeit\" \/>\n\t<meta name=\"twitter:data2\" content=\"1\u00a0Minute\" \/>\n<script type=\"application\/ld+json\" class=\"yoast-schema-graph\">{\"@context\":\"https:\\\/\\\/schema.org\",\"@graph\":[{\"@type\":\"Article\",\"@id\":\"https:\\\/\\\/www.krafthand.de\\\/truck\\\/artikel\\\/herthbuss-uebernimmt-den-messgeraete-spezialisten-busching-40677\\\/#article\",\"isPartOf\":{\"@id\":\"https:\\\/\\\/www.krafthand.de\\\/truck\\\/artikel\\\/herthbuss-uebernimmt-den-messgeraete-spezialisten-busching-40677\\\/\"},\"author\":{\"name\":\"georg.blenk@krafthand-medien.de\",\"@id\":\"https:\\\/\\\/www.krafthand.de\\\/truck\\\/#\\\/schema\\\/person\\\/51fa80b1c57034c4bf63f9f988fc24ce\"},\"headline\":\"Herth+Buss \u00fcbernimmt den Messger\u00e4te-Spezialisten Busching\",\"datePublished\":\"2024-09-09T12:31:34+00:00\",\"dateModified\":\"2024-09-09T12:51:10+00:00\",\"mainEntityOfPage\":{\"@id\":\"https:\\\/\\\/www.krafthand.de\\\/truck\\\/artikel\\\/herthbuss-uebernimmt-den-messgeraete-spezialisten-busching-40677\\\/\"},\"wordCount\":227,\"image\":{\"@id\":\"https:\\\/\\\/www.krafthand.de\\\/truck\\\/artikel\\\/herthbuss-uebernimmt-den-messgeraete-spezialisten-busching-40677\\\/#primaryimage\"},\"thumbnailUrl\":\"https:\\\/\\\/static.krafthand-truck.de\\\/uploads\\\/2024\\\/09\\\/Herth_Buss_Uebernahme_Busching.jpg\",\"keywords\":[\"Busching\",\"Herth + Buss\",\"Messtechnik\",\"Strommesszange\",\"Testger\u00e4te\"],\"articleSection\":[\"K\u00f6pfe\\\/Personen\",\"Unternehmen\",\"Werkstattausr\u00fcstung\"],\"inLanguage\":\"de\"},{\"@type\":\"WebPage\",\"@id\":\"https:\\\/\\\/www.krafthand.de\\\/truck\\\/artikel\\\/herthbuss-uebernimmt-den-messgeraete-spezialisten-busching-40677\\\/\",\"url\":\"https:\\\/\\\/www.krafthand.de\\\/truck\\\/artikel\\\/herthbuss-uebernimmt-den-messgeraete-spezialisten-busching-40677\\\/\",\"name\":\"Herth+Buss \u00fcbernimmt den Messger\u00e4te-Spezialisten Busching - Krafthand-Truck\",\"isPartOf\":{\"@id\":\"https:\\\/\\\/www.krafthand.de\\\/truck\\\/#website\"},\"primaryImageOfPage\":{\"@id\":\"https:\\\/\\\/www.krafthand.de\\\/truck\\\/artikel\\\/herthbuss-uebernimmt-den-messgeraete-spezialisten-busching-40677\\\/#primaryimage\"},\"image\":{\"@id\":\"https:\\\/\\\/www.krafthand.de\\\/truck\\\/artikel\\\/herthbuss-uebernimmt-den-messgeraete-spezialisten-busching-40677\\\/#primaryimage\"},\"thumbnailUrl\":\"https:\\\/\\\/static.krafthand-truck.de\\\/uploads\\\/2024\\\/09\\\/Herth_Buss_Uebernahme_Busching.jpg\",\"datePublished\":\"2024-09-09T12:31:34+00:00\",\"dateModified\":\"2024-09-09T12:51:10+00:00\",\"author\":{\"@id\":\"https:\\\/\\\/www.krafthand.de\\\/truck\\\/#\\\/schema\\\/person\\\/51fa80b1c57034c4bf63f9f988fc24ce\"},\"description\":\"Die Herth+Buss Fahrzeugteile GmbH & Co. KG hat k\u00fcrzlich die \u00dcbernahme der Busching GmbH bekannt gegeben.\",\"breadcrumb\":{\"@id\":\"https:\\\/\\\/www.krafthand.de\\\/truck\\\/artikel\\\/herthbuss-uebernimmt-den-messgeraete-spezialisten-busching-40677\\\/#breadcrumb\"},\"inLanguage\":\"de\",\"potentialAction\":[{\"@type\":\"ReadAction\",\"target\":[\"https:\\\/\\\/www.krafthand.de\\\/truck\\\/artikel\\\/herthbuss-uebernimmt-den-messgeraete-spezialisten-busching-40677\\\/\"]}]},{\"@type\":\"ImageObject\",\"inLanguage\":\"de\",\"@id\":\"https:\\\/\\\/www.krafthand.de\\\/truck\\\/artikel\\\/herthbuss-uebernimmt-den-messgeraete-spezialisten-busching-40677\\\/#primaryimage\",\"url\":\"https:\\\/\\\/static.krafthand-truck.de\\\/uploads\\\/2024\\\/09\\\/Herth_Buss_Uebernahme_Busching.jpg\",\"contentUrl\":\"https:\\\/\\\/static.krafthand-truck.de\\\/uploads\\\/2024\\\/09\\\/Herth_Buss_Uebernahme_Busching.jpg\",\"width\":1200,\"height\":800},{\"@type\":\"BreadcrumbList\",\"@id\":\"https:\\\/\\\/www.krafthand.de\\\/truck\\\/artikel\\\/herthbuss-uebernimmt-den-messgeraete-spezialisten-busching-40677\\\/#breadcrumb\",\"itemListElement\":[{\"@type\":\"ListItem\",\"position\":1,\"name\":\"Krafthand-Truck\",\"item\":\"https:\\\/\\\/www.krafthand.de\\\/truck\\\/\"},{\"@type\":\"ListItem\",\"position\":2,\"name\":\"Nfz-Branche\",\"item\":\"https:\\\/\\\/www.krafthand.de\\\/truck\\\/kategorie\\\/branche\\\/\"},{\"@type\":\"ListItem\",\"position\":3,\"name\":\"K\u00f6pfe\\\/Personen\",\"item\":\"https:\\\/\\\/www.krafthand.de\\\/truck\\\/kategorie\\\/branche\\\/koepfe\\\/\"},{\"@type\":\"ListItem\",\"position\":4,\"name\":\"Herth+Buss \u00fcbernimmt den Messger\u00e4te-Spezialisten Busching\"}]},{\"@type\":\"WebSite\",\"@id\":\"https:\\\/\\\/www.krafthand.de\\\/truck\\\/#website\",\"url\":\"https:\\\/\\\/www.krafthand.de\\\/truck\\\/\",\"name\":\"Krafthand-Truck\",\"description\":\"\",\"potentialAction\":[{\"@type\":\"SearchAction\",\"target\":{\"@type\":\"EntryPoint\",\"urlTemplate\":\"https:\\\/\\\/www.krafthand.de\\\/truck\\\/?s={search_term_string}\"},\"query-input\":{\"@type\":\"PropertyValueSpecification\",\"valueRequired\":true,\"valueName\":\"search_term_string\"}}],\"inLanguage\":\"de\"},{\"@type\":\"Person\",\"@id\":\"https:\\\/\\\/www.krafthand.de\\\/truck\\\/#\\\/schema\\\/person\\\/51fa80b1c57034c4bf63f9f988fc24ce\",\"name\":\"georg.blenk@krafthand-medien.de\",\"image\":{\"@type\":\"ImageObject\",\"inLanguage\":\"de\",\"@id\":\"https:\\\/\\\/secure.gravatar.com\\\/avatar\\\/93713c30affe0aa95d3a4130e499bb1abee2eb31adbdd9ce2aa1543538490215?s=96&d=mm&r=g\",\"url\":\"https:\\\/\\\/secure.gravatar.com\\\/avatar\\\/93713c30affe0aa95d3a4130e499bb1abee2eb31adbdd9ce2aa1543538490215?s=96&d=mm&r=g\",\"contentUrl\":\"https:\\\/\\\/secure.gravatar.com\\\/avatar\\\/93713c30affe0aa95d3a4130e499bb1abee2eb31adbdd9ce2aa1543538490215?s=96&d=mm&r=g\",\"caption\":\"georg.blenk@krafthand-medien.de\"}}]}<\/script>\n<!-- \/ Yoast SEO plugin. -->","yoast_head_json":{"title":"Herth+Buss \u00fcbernimmt den Messger\u00e4te-Spezialisten Busching - Krafthand-Truck","description":"Die Herth+Buss Fahrzeugteile GmbH & Co. KG hat k\u00fcrzlich die \u00dcbernahme der Busching GmbH bekannt gegeben.","robots":{"index":"index","follow":"follow","max-snippet":"max-snippet:-1","max-image-preview":"max-image-preview:large","max-video-preview":"max-video-preview:-1"},"canonical":"https:\/\/www.krafthand.de\/truck\/artikel\/herthbuss-uebernimmt-den-messgeraete-spezialisten-busching-40677\/","og_locale":"de_DE","og_type":"article","og_title":"Herth+Buss \u00fcbernimmt den Messger\u00e4te-Spezialisten Busching - Krafthand-Truck","og_description":"Die Herth+Buss Fahrzeugteile GmbH & Co. KG hat k\u00fcrzlich die \u00dcbernahme der Busching GmbH bekannt gegeben.","og_url":"https:\/\/www.krafthand-truck.de\/artikel\/herthbuss-uebernimmt-den-messgeraete-spezialisten-busching-40677\/","og_site_name":"Krafthand-Truck","article_published_time":"2024-09-09T12:31:34+00:00","article_modified_time":"2024-09-09T12:51:10+00:00","og_image":[{"width":1200,"height":800,"url":"https:\/\/static.krafthand-truck.de\/uploads\/2024\/09\/Herth_Buss_Uebernahme_Busching.jpg","type":"image\/jpeg"}],"author":"georg.blenk@krafthand-medien.de","twitter_card":"summary_large_image","twitter_misc":{"Verfasst von":"georg.blenk@krafthand-medien.de","Gesch\u00e4tzte Lesezeit":"1\u00a0Minute"},"schema":{"@context":"https:\/\/schema.org","@graph":[{"@type":"Article","@id":"https:\/\/www.krafthand.de\/truck\/artikel\/herthbuss-uebernimmt-den-messgeraete-spezialisten-busching-40677\/#article","isPartOf":{"@id":"https:\/\/www.krafthand.de\/truck\/artikel\/herthbuss-uebernimmt-den-messgeraete-spezialisten-busching-40677\/"},"author":{"name":"georg.blenk@krafthand-medien.de","@id":"https:\/\/www.krafthand.de\/truck\/#\/schema\/person\/51fa80b1c57034c4bf63f9f988fc24ce"},"headline":"Herth+Buss \u00fcbernimmt den Messger\u00e4te-Spezialisten Busching","datePublished":"2024-09-09T12:31:34+00:00","dateModified":"2024-09-09T12:51:10+00:00","mainEntityOfPage":{"@id":"https:\/\/www.krafthand.de\/truck\/artikel\/herthbuss-uebernimmt-den-messgeraete-spezialisten-busching-40677\/"},"wordCount":227,"image":{"@id":"https:\/\/www.krafthand.de\/truck\/artikel\/herthbuss-uebernimmt-den-messgeraete-spezialisten-busching-40677\/#primaryimage"},"thumbnailUrl":"https:\/\/static.krafthand-truck.de\/uploads\/2024\/09\/Herth_Buss_Uebernahme_Busching.jpg","keywords":["Busching","Herth + Buss","Messtechnik","Strommesszange","Testger\u00e4te"],"articleSection":["K\u00f6pfe\/Personen","Unternehmen","Werkstattausr\u00fcstung"],"inLanguage":"de"},{"@type":"WebPage","@id":"https:\/\/www.krafthand.de\/truck\/artikel\/herthbuss-uebernimmt-den-messgeraete-spezialisten-busching-40677\/","url":"https:\/\/www.krafthand.de\/truck\/artikel\/herthbuss-uebernimmt-den-messgeraete-spezialisten-busching-40677\/","name":"Herth+Buss \u00fcbernimmt den Messger\u00e4te-Spezialisten Busching - Krafthand-Truck","isPartOf":{"@id":"https:\/\/www.krafthand.de\/truck\/#website"},"primaryImageOfPage":{"@id":"https:\/\/www.krafthand.de\/truck\/artikel\/herthbuss-uebernimmt-den-messgeraete-spezialisten-busching-40677\/#primaryimage"},"image":{"@id":"https:\/\/www.krafthand.de\/truck\/artikel\/herthbuss-uebernimmt-den-messgeraete-spezialisten-busching-40677\/#primaryimage"},"thumbnailUrl":"https:\/\/static.krafthand-truck.de\/uploads\/2024\/09\/Herth_Buss_Uebernahme_Busching.jpg","datePublished":"2024-09-09T12:31:34+00:00","dateModified":"2024-09-09T12:51:10+00:00","author":{"@id":"https:\/\/www.krafthand.de\/truck\/#\/schema\/person\/51fa80b1c57034c4bf63f9f988fc24ce"},"description":"Die Herth+Buss Fahrzeugteile GmbH & Co. KG hat k\u00fcrzlich die \u00dcbernahme der Busching GmbH bekannt gegeben.","breadcrumb":{"@id":"https:\/\/www.krafthand.de\/truck\/artikel\/herthbuss-uebernimmt-den-messgeraete-spezialisten-busching-40677\/#breadcrumb"},"inLanguage":"de","potentialAction":[{"@type":"ReadAction","target":["https:\/\/www.krafthand.de\/truck\/artikel\/herthbuss-uebernimmt-den-messgeraete-spezialisten-busching-40677\/"]}]},{"@type":"ImageObject","inLanguage":"de","@id":"https:\/\/www.krafthand.de\/truck\/artikel\/herthbuss-uebernimmt-den-messgeraete-spezialisten-busching-40677\/#primaryimage","url":"https:\/\/static.krafthand-truck.de\/uploads\/2024\/09\/Herth_Buss_Uebernahme_Busching.jpg","contentUrl":"https:\/\/static.krafthand-truck.de\/uploads\/2024\/09\/Herth_Buss_Uebernahme_Busching.jpg","width":1200,"height":800},{"@type":"BreadcrumbList","@id":"https:\/\/www.krafthand.de\/truck\/artikel\/herthbuss-uebernimmt-den-messgeraete-spezialisten-busching-40677\/#breadcrumb","itemListElement":[{"@type":"ListItem","position":1,"name":"Krafthand-Truck","item":"https:\/\/www.krafthand.de\/truck\/"},{"@type":"ListItem","position":2,"name":"Nfz-Branche","item":"https:\/\/www.krafthand.de\/truck\/kategorie\/branche\/"},{"@type":"ListItem","position":3,"name":"K\u00f6pfe\/Personen","item":"https:\/\/www.krafthand.de\/truck\/kategorie\/branche\/koepfe\/"},{"@type":"ListItem","position":4,"name":"Herth+Buss \u00fcbernimmt den Messger\u00e4te-Spezialisten Busching"}]},{"@type":"WebSite","@id":"https:\/\/www.krafthand.de\/truck\/#website","url":"https:\/\/www.krafthand.de\/truck\/","name":"Krafthand-Truck","description":"","potentialAction":[{"@type":"SearchAction","target":{"@type":"EntryPoint","urlTemplate":"https:\/\/www.krafthand.de\/truck\/?s={search_term_string}"},"query-input":{"@type":"PropertyValueSpecification","valueRequired":true,"valueName":"search_term_string"}}],"inLanguage":"de"},{"@type":"Person","@id":"https:\/\/www.krafthand.de\/truck\/#\/schema\/person\/51fa80b1c57034c4bf63f9f988fc24ce","name":"georg.blenk@krafthand-medien.de","image":{"@type":"ImageObject","inLanguage":"de","@id":"https:\/\/secure.gravatar.com\/avatar\/93713c30affe0aa95d3a4130e499bb1abee2eb31adbdd9ce2aa1543538490215?s=96&d=mm&r=g","url":"https:\/\/secure.gravatar.com\/avatar\/93713c30affe0aa95d3a4130e499bb1abee2eb31adbdd9ce2aa1543538490215?s=96&d=mm&r=g","contentUrl":"https:\/\/secure.gravatar.com\/avatar\/93713c30affe0aa95d3a4130e499bb1abee2eb31adbdd9ce2aa1543538490215?s=96&d=mm&r=g","caption":"georg.blenk@krafthand-medien.de"}}]}},"_links":{"self":[{"href":"https:\/\/www.krafthand.de\/truck\/wp-json\/wp\/v2\/posts\/40677","targetHints":{"allow":["GET"]}}],"collection":[{"href":"https:\/\/www.krafthand.de\/truck\/wp-json\/wp\/v2\/posts"}],"about":[{"href":"https:\/\/www.krafthand.de\/truck\/wp-json\/wp\/v2\/types\/post"}],"author":[{"embeddable":true,"href":"https:\/\/www.krafthand.de\/truck\/wp-json\/wp\/v2\/users\/9"}],"replies":[{"embeddable":true,"href":"https:\/\/www.krafthand.de\/truck\/wp-json\/wp\/v2\/comments?post=40677"}],"version-history":[{"count":6,"href":"https:\/\/www.krafthand.de\/truck\/wp-json\/wp\/v2\/posts\/40677\/revisions"}],"predecessor-version":[{"id":40683,"href":"https:\/\/www.krafthand.de\/truck\/wp-json\/wp\/v2\/posts\/40677\/revisions\/40683"}],"wp:featuredmedia":[{"embeddable":true,"href":"https:\/\/www.krafthand.de\/truck\/wp-json\/wp\/v2\/media\/40684"}],"wp:attachment":[{"href":"https:\/\/www.krafthand.de\/truck\/wp-json\/wp\/v2\/media?parent=40677"}],"wp:term":[{"taxonomy":"category","embeddable":true,"href":"https:\/\/www.krafthand.de\/truck\/wp-json\/wp\/v2\/categories?post=40677"},{"taxonomy":"post_tag","embeddable":true,"href":"https:\/\/www.krafthand.de\/truck\/wp-json\/wp\/v2\/tags?post=40677"},{"taxonomy":"settings","embeddable":true,"href":"https:\/\/www.krafthand.de\/truck\/wp-json\/wp\/v2\/settings?post=40677"}],"curies":[{"name":"wp","href":"https:\/\/api.w.org\/{rel}","templated":true}]}}