{"id":40658,"date":"2024-09-04T12:05:32","date_gmt":"2024-09-04T10:05:32","guid":{"rendered":"https:\/\/www.krafthand.de\/truck\/?p=40658"},"modified":"2024-09-04T12:07:18","modified_gmt":"2024-09-04T10:07:18","slug":"neue-batterie-servicegeraete-von-berner","status":"publish","type":"post","link":"https:\/\/www.krafthand.de\/truck\/artikel\/neue-batterie-servicegeraete-von-berner-40658\/","title":{"rendered":"Neue Batterie-Serviceger\u00e4te von Berner"},"content":{"rendered":"<p>BERNER hat eine neue Serie an Batterie-Service-Ger\u00e4ten vorgestellt. Die multifunktionalen Ger\u00e4te lassen sich zum Laden, Testen oder Reaktivieren von 12- und 24V-Batterien ebenso nutzen wie zur Spannungserhaltung bei Ausstellungsfahrzeugen. Insgesamt stehen f\u00fcnf verschiedene Modelle mit einem Leistungsspektrum von 25 bis 133 Ampere zur Verf\u00fcgung.<\/p>\n<p>Alle neuen Batterie-Service-Ger\u00e4te sind mit einer automatischen Spannungserkennung ausgestattet und garantieren selbst \u00fcber l\u00e4ngere Zeitr\u00e4ume (zum Beispiel bei Software-Updates) eine stabile Versorgung. Eine Schutzschaltung verhindert au\u00dferdem die Besch\u00e4digung von Batterie und Ger\u00e4t, wenn es in der Alltagshektik auf die Schnelle m\u00f6glicherweise versehentlich einmal falsch angeschlossen werden sollte.<\/p>\n<p>Aufgrund der integrierten Spannungsbegrenzung lassen sich mithilfe der Ger\u00e4te nicht nur Blei-\/S\u00e4ure-, GEL-, AGM-, Vlies- und wartungsfreie Batterien aufladen, sondern auch Li-Ion-Batterien mit integriertem Batterie-Management-System (BMS).<\/p>\n<p><em>\u201eUnsere neuen Modelle sind zudem in der Lage, einen realen Belastungstest durchzuf\u00fchren\u201c<\/em>, erkl\u00e4rt Frank Machenheimer, der als internationaler Produktmanager die europaweite Einf\u00fchrung bei der <a href=\"https:\/\/www.berner-group.com\/unternehmen\" target=\"_blank\" rel=\"noopener\">BERNER Group<\/a> verantwortet. Das Testergebnis kann dabei ohne Eingabe weiterer Parameter direkt auf dem 2,8-Zoll-Farbdisplay des Touchscreens abgelesen werden. Das Protokoll l\u00e4sst sich via USB auf den PC oder andere Speichermedien \u00fcbertragen und so zu Dokumentationszwecken archivieren.<\/p>\n<p><i>Den Beitrag finden Sie auch in der Print-Ausgabe 3-2024 der <a href=\"https:\/\/www.krafthand.de\/truck\/magazin\/\" title=\"Zum Magazin\">Krafthand-Truck<\/a>.<\/i><\/p>","protected":false},"excerpt":{"rendered":"<p>BERNER hat eine neue Serie an Batterie-Service-Ger\u00e4ten vorgestellt. Die multifunktionalen Ger\u00e4te lassen sich zum Laden, Testen oder Reaktivieren von 12- und 24V-Batterien ebenso nutzen wie zur Spannungserhaltung bei Ausstellungsfahrzeugen. Insgesamt stehen f\u00fcnf verschiedene Modelle mit einem Leistungsspektrum von 25 bis 133 Ampere zur Verf\u00fcgung. <span class=\"excerpt-more__dots\">&#8230;<\/span> <a class=\"excerpt-more__link\" href=\"https:\/\/www.krafthand.de\/truck\/artikel\/neue-batterie-servicegeraete-von-berner-40658\/\" >weiter<\/a><\/p>\n","protected":false},"author":11,"featured_media":40659,"comment_status":"closed","ping_status":"closed","sticky":false,"template":"","format":"standard","meta":{"footnotes":""},"categories":[4220],"tags":[1502,4078,3674],"settings":[4766,3523],"class_list":["post-40658","post","type-post","status-publish","format-standard","has-post-thumbnail","hentry","category-werkstattausruestung","tag-batterie","tag-batterietester","tag-berner"],"yoast_head":"<!-- This site is optimized with the Yoast SEO plugin v27.3 - https:\/\/yoast.com\/product\/yoast-seo-wordpress\/ -->\n<title>Neue Batterie-Serviceger\u00e4te von Berner - Krafthand-Truck<\/title>\n<meta name=\"description\" content=\"BERNER hat eine neue Serie an Batterie-Service-Ger\u00e4ten vorgestellt.\" \/>\n<meta name=\"robots\" content=\"index, follow, max-snippet:-1, max-image-preview:large, max-video-preview:-1\" \/>\n<link rel=\"canonical\" href=\"https:\/\/www.krafthand.de\/truck\/artikel\/neue-batterie-servicegeraete-von-berner-40658\/\" \/>\n<meta property=\"og:locale\" content=\"de_DE\" \/>\n<meta property=\"og:type\" content=\"article\" \/>\n<meta property=\"og:title\" content=\"Neue Batterie-Serviceger\u00e4te von Berner - Krafthand-Truck\" \/>\n<meta property=\"og:description\" content=\"BERNER hat eine neue Serie an Batterie-Service-Ger\u00e4ten vorgestellt.\" \/>\n<meta property=\"og:url\" content=\"https:\/\/www.krafthand-truck.de\/artikel\/neue-batterie-servicegeraete-von-berner-40658\/\" \/>\n<meta property=\"og:site_name\" content=\"Krafthand-Truck\" \/>\n<meta property=\"article:published_time\" content=\"2024-09-04T10:05:32+00:00\" \/>\n<meta property=\"article:modified_time\" content=\"2024-09-04T10:07:18+00:00\" \/>\n<meta property=\"og:image\" content=\"https:\/\/static.krafthand-truck.de\/uploads\/2024\/09\/03_2024_028.jpg\" \/>\n\t<meta property=\"og:image:width\" content=\"1400\" \/>\n\t<meta property=\"og:image:height\" content=\"930\" \/>\n\t<meta property=\"og:image:type\" content=\"image\/jpeg\" \/>\n<meta name=\"author\" content=\"Redaktion Truck\" \/>\n<meta name=\"twitter:card\" content=\"summary_large_image\" \/>\n<meta name=\"twitter:label1\" content=\"Verfasst von\" \/>\n\t<meta name=\"twitter:data1\" content=\"Redaktion Truck\" \/>\n\t<meta name=\"twitter:label2\" content=\"Gesch\u00e4tzte Lesezeit\" \/>\n\t<meta name=\"twitter:data2\" content=\"2\u00a0Minuten\" \/>\n<script type=\"application\/ld+json\" class=\"yoast-schema-graph\">{\"@context\":\"https:\\\/\\\/schema.org\",\"@graph\":[{\"@type\":\"Article\",\"@id\":\"https:\\\/\\\/www.krafthand.de\\\/truck\\\/artikel\\\/neue-batterie-servicegeraete-von-berner-40658\\\/#article\",\"isPartOf\":{\"@id\":\"https:\\\/\\\/www.krafthand.de\\\/truck\\\/artikel\\\/neue-batterie-servicegeraete-von-berner-40658\\\/\"},\"author\":{\"name\":\"Redaktion Truck\",\"@id\":\"https:\\\/\\\/www.krafthand.de\\\/truck\\\/#\\\/schema\\\/person\\\/5e47d727209575a4b89376746e24f02f\"},\"headline\":\"Neue Batterie-Serviceger\u00e4te von Berner\",\"datePublished\":\"2024-09-04T10:05:32+00:00\",\"dateModified\":\"2024-09-04T10:07:18+00:00\",\"mainEntityOfPage\":{\"@id\":\"https:\\\/\\\/www.krafthand.de\\\/truck\\\/artikel\\\/neue-batterie-servicegeraete-von-berner-40658\\\/\"},\"wordCount\":199,\"image\":{\"@id\":\"https:\\\/\\\/www.krafthand.de\\\/truck\\\/artikel\\\/neue-batterie-servicegeraete-von-berner-40658\\\/#primaryimage\"},\"thumbnailUrl\":\"https:\\\/\\\/static.krafthand-truck.de\\\/uploads\\\/2024\\\/09\\\/03_2024_028.jpg\",\"keywords\":[\"Batterie\",\"Batterietester\",\"Berner\"],\"articleSection\":[\"Werkstattausr\u00fcstung\"],\"inLanguage\":\"de\"},{\"@type\":\"WebPage\",\"@id\":\"https:\\\/\\\/www.krafthand.de\\\/truck\\\/artikel\\\/neue-batterie-servicegeraete-von-berner-40658\\\/\",\"url\":\"https:\\\/\\\/www.krafthand.de\\\/truck\\\/artikel\\\/neue-batterie-servicegeraete-von-berner-40658\\\/\",\"name\":\"Neue Batterie-Serviceger\u00e4te von Berner - Krafthand-Truck\",\"isPartOf\":{\"@id\":\"https:\\\/\\\/www.krafthand.de\\\/truck\\\/#website\"},\"primaryImageOfPage\":{\"@id\":\"https:\\\/\\\/www.krafthand.de\\\/truck\\\/artikel\\\/neue-batterie-servicegeraete-von-berner-40658\\\/#primaryimage\"},\"image\":{\"@id\":\"https:\\\/\\\/www.krafthand.de\\\/truck\\\/artikel\\\/neue-batterie-servicegeraete-von-berner-40658\\\/#primaryimage\"},\"thumbnailUrl\":\"https:\\\/\\\/static.krafthand-truck.de\\\/uploads\\\/2024\\\/09\\\/03_2024_028.jpg\",\"datePublished\":\"2024-09-04T10:05:32+00:00\",\"dateModified\":\"2024-09-04T10:07:18+00:00\",\"author\":{\"@id\":\"https:\\\/\\\/www.krafthand.de\\\/truck\\\/#\\\/schema\\\/person\\\/5e47d727209575a4b89376746e24f02f\"},\"description\":\"BERNER hat eine neue Serie an Batterie-Service-Ger\u00e4ten vorgestellt.\",\"breadcrumb\":{\"@id\":\"https:\\\/\\\/www.krafthand.de\\\/truck\\\/artikel\\\/neue-batterie-servicegeraete-von-berner-40658\\\/#breadcrumb\"},\"inLanguage\":\"de\",\"potentialAction\":[{\"@type\":\"ReadAction\",\"target\":[\"https:\\\/\\\/www.krafthand.de\\\/truck\\\/artikel\\\/neue-batterie-servicegeraete-von-berner-40658\\\/\"]}]},{\"@type\":\"ImageObject\",\"inLanguage\":\"de\",\"@id\":\"https:\\\/\\\/www.krafthand.de\\\/truck\\\/artikel\\\/neue-batterie-servicegeraete-von-berner-40658\\\/#primaryimage\",\"url\":\"https:\\\/\\\/static.krafthand-truck.de\\\/uploads\\\/2024\\\/09\\\/03_2024_028.jpg\",\"contentUrl\":\"https:\\\/\\\/static.krafthand-truck.de\\\/uploads\\\/2024\\\/09\\\/03_2024_028.jpg\",\"width\":1400,\"height\":930},{\"@type\":\"BreadcrumbList\",\"@id\":\"https:\\\/\\\/www.krafthand.de\\\/truck\\\/artikel\\\/neue-batterie-servicegeraete-von-berner-40658\\\/#breadcrumb\",\"itemListElement\":[{\"@type\":\"ListItem\",\"position\":1,\"name\":\"Krafthand-Truck\",\"item\":\"https:\\\/\\\/www.krafthand.de\\\/truck\\\/\"},{\"@type\":\"ListItem\",\"position\":2,\"name\":\"Nfz-Service\",\"item\":\"https:\\\/\\\/www.krafthand.de\\\/truck\\\/kategorie\\\/nfz-service\\\/\"},{\"@type\":\"ListItem\",\"position\":3,\"name\":\"Werkstattausr\u00fcstung\",\"item\":\"https:\\\/\\\/www.krafthand.de\\\/truck\\\/kategorie\\\/nfz-service\\\/werkstattausruestung\\\/\"},{\"@type\":\"ListItem\",\"position\":4,\"name\":\"Neue Batterie-Serviceger\u00e4te von Berner\"}]},{\"@type\":\"WebSite\",\"@id\":\"https:\\\/\\\/www.krafthand.de\\\/truck\\\/#website\",\"url\":\"https:\\\/\\\/www.krafthand.de\\\/truck\\\/\",\"name\":\"Krafthand-Truck\",\"description\":\"\",\"potentialAction\":[{\"@type\":\"SearchAction\",\"target\":{\"@type\":\"EntryPoint\",\"urlTemplate\":\"https:\\\/\\\/www.krafthand.de\\\/truck\\\/?s={search_term_string}\"},\"query-input\":{\"@type\":\"PropertyValueSpecification\",\"valueRequired\":true,\"valueName\":\"search_term_string\"}}],\"inLanguage\":\"de\"},{\"@type\":\"Person\",\"@id\":\"https:\\\/\\\/www.krafthand.de\\\/truck\\\/#\\\/schema\\\/person\\\/5e47d727209575a4b89376746e24f02f\",\"name\":\"Redaktion Truck\",\"image\":{\"@type\":\"ImageObject\",\"inLanguage\":\"de\",\"@id\":\"https:\\\/\\\/secure.gravatar.com\\\/avatar\\\/64cedf5d293ad6eb6600c19e949d032ff0090f240174891ab1517d73ead05c87?s=96&d=mm&r=g\",\"url\":\"https:\\\/\\\/secure.gravatar.com\\\/avatar\\\/64cedf5d293ad6eb6600c19e949d032ff0090f240174891ab1517d73ead05c87?s=96&d=mm&r=g\",\"contentUrl\":\"https:\\\/\\\/secure.gravatar.com\\\/avatar\\\/64cedf5d293ad6eb6600c19e949d032ff0090f240174891ab1517d73ead05c87?s=96&d=mm&r=g\",\"caption\":\"Redaktion Truck\"}}]}<\/script>\n<!-- \/ Yoast SEO plugin. -->","yoast_head_json":{"title":"Neue Batterie-Serviceger\u00e4te von Berner - Krafthand-Truck","description":"BERNER hat eine neue Serie an Batterie-Service-Ger\u00e4ten vorgestellt.","robots":{"index":"index","follow":"follow","max-snippet":"max-snippet:-1","max-image-preview":"max-image-preview:large","max-video-preview":"max-video-preview:-1"},"canonical":"https:\/\/www.krafthand.de\/truck\/artikel\/neue-batterie-servicegeraete-von-berner-40658\/","og_locale":"de_DE","og_type":"article","og_title":"Neue Batterie-Serviceger\u00e4te von Berner - Krafthand-Truck","og_description":"BERNER hat eine neue Serie an Batterie-Service-Ger\u00e4ten vorgestellt.","og_url":"https:\/\/www.krafthand-truck.de\/artikel\/neue-batterie-servicegeraete-von-berner-40658\/","og_site_name":"Krafthand-Truck","article_published_time":"2024-09-04T10:05:32+00:00","article_modified_time":"2024-09-04T10:07:18+00:00","og_image":[{"width":1400,"height":930,"url":"https:\/\/static.krafthand-truck.de\/uploads\/2024\/09\/03_2024_028.jpg","type":"image\/jpeg"}],"author":"Redaktion Truck","twitter_card":"summary_large_image","twitter_misc":{"Verfasst von":"Redaktion Truck","Gesch\u00e4tzte Lesezeit":"2\u00a0Minuten"},"schema":{"@context":"https:\/\/schema.org","@graph":[{"@type":"Article","@id":"https:\/\/www.krafthand.de\/truck\/artikel\/neue-batterie-servicegeraete-von-berner-40658\/#article","isPartOf":{"@id":"https:\/\/www.krafthand.de\/truck\/artikel\/neue-batterie-servicegeraete-von-berner-40658\/"},"author":{"name":"Redaktion Truck","@id":"https:\/\/www.krafthand.de\/truck\/#\/schema\/person\/5e47d727209575a4b89376746e24f02f"},"headline":"Neue Batterie-Serviceger\u00e4te von Berner","datePublished":"2024-09-04T10:05:32+00:00","dateModified":"2024-09-04T10:07:18+00:00","mainEntityOfPage":{"@id":"https:\/\/www.krafthand.de\/truck\/artikel\/neue-batterie-servicegeraete-von-berner-40658\/"},"wordCount":199,"image":{"@id":"https:\/\/www.krafthand.de\/truck\/artikel\/neue-batterie-servicegeraete-von-berner-40658\/#primaryimage"},"thumbnailUrl":"https:\/\/static.krafthand-truck.de\/uploads\/2024\/09\/03_2024_028.jpg","keywords":["Batterie","Batterietester","Berner"],"articleSection":["Werkstattausr\u00fcstung"],"inLanguage":"de"},{"@type":"WebPage","@id":"https:\/\/www.krafthand.de\/truck\/artikel\/neue-batterie-servicegeraete-von-berner-40658\/","url":"https:\/\/www.krafthand.de\/truck\/artikel\/neue-batterie-servicegeraete-von-berner-40658\/","name":"Neue Batterie-Serviceger\u00e4te von Berner - Krafthand-Truck","isPartOf":{"@id":"https:\/\/www.krafthand.de\/truck\/#website"},"primaryImageOfPage":{"@id":"https:\/\/www.krafthand.de\/truck\/artikel\/neue-batterie-servicegeraete-von-berner-40658\/#primaryimage"},"image":{"@id":"https:\/\/www.krafthand.de\/truck\/artikel\/neue-batterie-servicegeraete-von-berner-40658\/#primaryimage"},"thumbnailUrl":"https:\/\/static.krafthand-truck.de\/uploads\/2024\/09\/03_2024_028.jpg","datePublished":"2024-09-04T10:05:32+00:00","dateModified":"2024-09-04T10:07:18+00:00","author":{"@id":"https:\/\/www.krafthand.de\/truck\/#\/schema\/person\/5e47d727209575a4b89376746e24f02f"},"description":"BERNER hat eine neue Serie an Batterie-Service-Ger\u00e4ten vorgestellt.","breadcrumb":{"@id":"https:\/\/www.krafthand.de\/truck\/artikel\/neue-batterie-servicegeraete-von-berner-40658\/#breadcrumb"},"inLanguage":"de","potentialAction":[{"@type":"ReadAction","target":["https:\/\/www.krafthand.de\/truck\/artikel\/neue-batterie-servicegeraete-von-berner-40658\/"]}]},{"@type":"ImageObject","inLanguage":"de","@id":"https:\/\/www.krafthand.de\/truck\/artikel\/neue-batterie-servicegeraete-von-berner-40658\/#primaryimage","url":"https:\/\/static.krafthand-truck.de\/uploads\/2024\/09\/03_2024_028.jpg","contentUrl":"https:\/\/static.krafthand-truck.de\/uploads\/2024\/09\/03_2024_028.jpg","width":1400,"height":930},{"@type":"BreadcrumbList","@id":"https:\/\/www.krafthand.de\/truck\/artikel\/neue-batterie-servicegeraete-von-berner-40658\/#breadcrumb","itemListElement":[{"@type":"ListItem","position":1,"name":"Krafthand-Truck","item":"https:\/\/www.krafthand.de\/truck\/"},{"@type":"ListItem","position":2,"name":"Nfz-Service","item":"https:\/\/www.krafthand.de\/truck\/kategorie\/nfz-service\/"},{"@type":"ListItem","position":3,"name":"Werkstattausr\u00fcstung","item":"https:\/\/www.krafthand.de\/truck\/kategorie\/nfz-service\/werkstattausruestung\/"},{"@type":"ListItem","position":4,"name":"Neue Batterie-Serviceger\u00e4te von Berner"}]},{"@type":"WebSite","@id":"https:\/\/www.krafthand.de\/truck\/#website","url":"https:\/\/www.krafthand.de\/truck\/","name":"Krafthand-Truck","description":"","potentialAction":[{"@type":"SearchAction","target":{"@type":"EntryPoint","urlTemplate":"https:\/\/www.krafthand.de\/truck\/?s={search_term_string}"},"query-input":{"@type":"PropertyValueSpecification","valueRequired":true,"valueName":"search_term_string"}}],"inLanguage":"de"},{"@type":"Person","@id":"https:\/\/www.krafthand.de\/truck\/#\/schema\/person\/5e47d727209575a4b89376746e24f02f","name":"Redaktion Truck","image":{"@type":"ImageObject","inLanguage":"de","@id":"https:\/\/secure.gravatar.com\/avatar\/64cedf5d293ad6eb6600c19e949d032ff0090f240174891ab1517d73ead05c87?s=96&d=mm&r=g","url":"https:\/\/secure.gravatar.com\/avatar\/64cedf5d293ad6eb6600c19e949d032ff0090f240174891ab1517d73ead05c87?s=96&d=mm&r=g","contentUrl":"https:\/\/secure.gravatar.com\/avatar\/64cedf5d293ad6eb6600c19e949d032ff0090f240174891ab1517d73ead05c87?s=96&d=mm&r=g","caption":"Redaktion Truck"}}]}},"_links":{"self":[{"href":"https:\/\/www.krafthand.de\/truck\/wp-json\/wp\/v2\/posts\/40658","targetHints":{"allow":["GET"]}}],"collection":[{"href":"https:\/\/www.krafthand.de\/truck\/wp-json\/wp\/v2\/posts"}],"about":[{"href":"https:\/\/www.krafthand.de\/truck\/wp-json\/wp\/v2\/types\/post"}],"author":[{"embeddable":true,"href":"https:\/\/www.krafthand.de\/truck\/wp-json\/wp\/v2\/users\/11"}],"replies":[{"embeddable":true,"href":"https:\/\/www.krafthand.de\/truck\/wp-json\/wp\/v2\/comments?post=40658"}],"version-history":[{"count":3,"href":"https:\/\/www.krafthand.de\/truck\/wp-json\/wp\/v2\/posts\/40658\/revisions"}],"predecessor-version":[{"id":40662,"href":"https:\/\/www.krafthand.de\/truck\/wp-json\/wp\/v2\/posts\/40658\/revisions\/40662"}],"wp:featuredmedia":[{"embeddable":true,"href":"https:\/\/www.krafthand.de\/truck\/wp-json\/wp\/v2\/media\/40659"}],"wp:attachment":[{"href":"https:\/\/www.krafthand.de\/truck\/wp-json\/wp\/v2\/media?parent=40658"}],"wp:term":[{"taxonomy":"category","embeddable":true,"href":"https:\/\/www.krafthand.de\/truck\/wp-json\/wp\/v2\/categories?post=40658"},{"taxonomy":"post_tag","embeddable":true,"href":"https:\/\/www.krafthand.de\/truck\/wp-json\/wp\/v2\/tags?post=40658"},{"taxonomy":"settings","embeddable":true,"href":"https:\/\/www.krafthand.de\/truck\/wp-json\/wp\/v2\/settings?post=40658"}],"curies":[{"name":"wp","href":"https:\/\/api.w.org\/{rel}","templated":true}]}}