{"id":40623,"date":"2024-09-03T14:45:25","date_gmt":"2024-09-03T12:45:25","guid":{"rendered":"https:\/\/www.krafthand.de\/truck\/?p=40623"},"modified":"2024-09-03T15:37:02","modified_gmt":"2024-09-03T13:37:02","slug":"brennstoffzellen-systeme-fuer-lkw-in-die-grossserie-bringen","status":"publish","type":"post","link":"https:\/\/www.krafthand.de\/truck\/artikel\/brennstoffzellen-systeme-fuer-lkw-in-die-grossserie-bringen-40623\/","title":{"rendered":"&#8222;Brennstoffzellen-Systeme f\u00fcr Lkw in die Gro\u00dfserie bringen&#8220; &#8211; Europapremiere auf der IAA-Transportation."},"content":{"rendered":"<p>Cellcentric, ein Joint-Venture der Daimler-Truck AG und der Volvo Group, er\u00f6ffnete k\u00fcrzlich am Standort Esslingen (Pliensauvorstadt) die Pilotfertigung f\u00fcr Brennstoffzellensysteme. Laut Daimler Truck sei dies ein bedeutender Schritt in Richtung Gro\u00dfserienfertigung. Bis Ende des Jahrzehnts sollen am Standort L\u00f6sungen f\u00fcr Langstrecken-Trucks, die mit Brennstoffzellensystemen betrieben werden, entstehen. Brennstoffzellen gelten als Schl\u00fcsseltechnologie f\u00fcr die Mobilit\u00e4tswende im Schwerlast- und Speditionsverkehr. Ein deutliches Bekenntnis auch f\u00fcr den Innovationsstandort Deutschland!<\/p>\n<h2>Antriebsl\u00f6sungen f\u00fcr die Gro\u00dfserie<\/h2>\n<p>Ziel von <a href=\"https:\/\/www.cellcentric.net\" target=\"_blank\" rel=\"noopener\">Cellcentric<\/a> sei es, in Baden-W\u00fcrttemberg Antriebsl\u00f6sungen f\u00fcr die Gro\u00dfserie zu entwickeln, zu bauen und weltweit zu vertreiben. In der wettbewerbsintensiven, weltweiten Transportbranche sollen sie bestm\u00f6gliche Total-Cost-of-Ownership (TCO) erzielen. Letztendlich gelten die TCO, neben der fl\u00e4chendeckenden Infrastruktur und der Verf\u00fcgbarkeit entsprechender Fahrzeuge sowie dem zugeh\u00f6rigen Servicenetz, als zentraler Faktor f\u00fcr Speditionsbetreiber auch neue Technologien einzusetzen.<br \/>\nDar\u00fcber hinaus plant Cellcentric, das gesamte \u00d6kosystem rund um Brennstoffzellensysteme \u2013 vom Produkt, \u00fcber die Wartung bis zur Wiederverwertung am Ende des Lebenszyklus \u2013 abzudecken.<\/p>\n<p>&nbsp;<\/p>\n<figure id=\"attachment_40625\" aria-describedby=\"caption-attachment-40625\" style=\"width: 800px\" class=\"wp-caption aligncenter\"><a href=\"https:\/\/static.krafthand-truck.de\/uploads\/2024\/09\/03_2024_020_2.jpg\" target=\"_blank\" rel=\"noopener\"><img fetchpriority=\"high\" decoding=\"async\" class=\"wp-image-40625\" src=\"https:\/\/static.krafthand-truck.de\/uploads\/2024\/09\/03_2024_020_2-300x169.jpg\" alt=\"\" width=\"800\" height=\"450\" srcset=\"https:\/\/static.krafthand-truck.de\/uploads\/2024\/09\/03_2024_020_2-300x169.jpg 300w, https:\/\/static.krafthand-truck.de\/uploads\/2024\/09\/03_2024_020_2-1024x576.jpg 1024w, https:\/\/static.krafthand-truck.de\/uploads\/2024\/09\/03_2024_020_2-768x432.jpg 768w, https:\/\/static.krafthand-truck.de\/uploads\/2024\/09\/03_2024_020_2-1320x742.jpg 1320w, https:\/\/static.krafthand-truck.de\/uploads\/2024\/09\/03_2024_020_2.jpg 1400w\" sizes=\"(max-width: 800px) 100vw, 800px\" \/><\/a><figcaption id=\"caption-attachment-40625\" class=\"wp-caption-text\">Die Produktionsschritte f\u00fcr Herstellung von Brennstoffzellensystemen.<\/figcaption><\/figure>\n<p>&nbsp;<\/p>\n<h2>Beste Standortbedingungen<\/h2>\n<p>Cellcentric verf\u00fcgt mit der modernen Fertigungsst\u00e4tte Esslingen-Pliensauvorstadt den Angaben zufolge \u00fcber einen idealen Standort f\u00fcr die Produktion von Brennstoffzellensystemen. Den mehr als 100 Mitarbeiterinnen und Mitarbeitern stehen zirka 10.300 Quadratmeter Produktions- und Logistikfl\u00e4che sowie B\u00fcro- und Verwaltungsr\u00e4ume zur Verf\u00fcgung. Das Grundst\u00fcck in unmittelbarer N\u00e4he zur Bundesstra\u00dfe 10 geh\u00f6rt zum Greenfield Gewerbepark Esslingen.<br \/>\nCellcentric m\u00f6chte im n\u00e4chsten Schritt die notwendigen Fertigungsprozesse am Standort etablieren, um den Gro\u00dfserienanlauf von Brennstoffzellensystemen in hoher Fertigungstiefe vorzubereiten. Dank Komplettproduktion unter einem Dach und hohem Automatisierungsgrad erwartet das Unternehmen eine hervorragende Wertsch\u00f6pfung, die eine langfristig stabile wirtschaftliche Entwicklung sicherstellen soll.<\/p>\n<blockquote class=\"khm-quote\"><p><\/p>\n<blockquote><p>Die Brennstoffzellen-Technologie ist eine inzwischen praxiserprobte L\u00f6sung f\u00fcr den emissionsfreien Langstrecken-Schwerlastverkehr. Bisher erfolgte jedoch keine Fertigung im industriellen Ma\u00dfstab. Genau darin liegt aber der Schl\u00fcssel, um Skaleneffekte zu erzielen, die TCO zu optimieren und Cellcentric langfristig eine solide Wettbewerbsposition zu verschaffen, so Lars Johansson, Chief Commercial Officer und Chief Organizational Officer der Cellcentric GmbH &amp; Co. KG.<\/p><\/blockquote>\n<p><\/p><\/blockquote>\n<h2>Aufbereitung, Wiederverwendung, Recycling<\/h2>\n<p>Cellcentrics Ziel sei es ebenfalls, so nachhaltig wie m\u00f6glich zu agieren. Dazu geh\u00f6rten s\u00e4mtliche unternehmerische Prozesse wie beispielsweise die umweltfreundliche Aufbereitung, Wiederverwendung und R\u00fcckf\u00fchrung der Brennstoffzellensysteme zum Ende des Lebenszyklus. Im Sinne der Kreislaufwirtschaft zielt das Circular-Economy-Konzept des Unternehmens auf einen m\u00f6glichst schonenden Umgang mit Ressourcen, Materialien und Produkten ab.<\/p>\n<h3>Europapremiere auf der IAA-Transportation<\/h3>\n<p>Cellcentric pr\u00e4sentiert auf der <a href=\"https:\/\/www.iaa-transportation.com\/de\" target=\"_blank\" rel=\"noopener\">IAA-Transportation<\/a> in Hannover (17. bis 22. September, <strong>Halle 24, Stand Nr. C11<\/strong>) erstmals ein virtuelles 3D-Modell seines zuk\u00fcnftigen NextGen-Brennstoffzellensystems f\u00fcr den Schwerlastverkehr. Die Studie gibt einen Ausblick auf die Dimensionen und das Design der neuen Generation von Brennstoffzellensystemen. Gleichzeitig gibt Cellcentric Leistungsdaten f\u00fcr das effiziente Single-Packaging-Brennstoffzellensystem bekannt, das marktf\u00fchrende TCO (Total Cost of Ownership) bieten soll.<\/p>\n<p><i>Den Beitrag finden Sie auch in der Print-Ausgabe 3-2024 der <a href=\"https:\/\/www.krafthand.de\/truck\/magazin\/\" title=\"Zum Magazin\">Krafthand-Truck<\/a>.<\/i><\/p>\r\n\t\t\t\t<div class=\"post-author\">\r\n\t\t\t\t\t<div class=\"khm-cp-author clearfix\">\r\n\t\t\t\t\t\t<div class=\"khm-cp-author__content\">\r\n\t\t\t\t\t\t\t\tKontakt zum Autor:<br \/>\r\n\t\t\t\t\t\t\t\t<strong>Georg Blenk<\/strong>, 08247 \/ 3007-45 |  <a href=\"mailto:georg.blenk@krafthand-medien.de\">georg.blenk@krafthand-medien.de<\/a>\r\n\t\t\t\t\t\t\t<div class=\"khm-cp-author__image\">\r\n\t\t\t\t\t\t<img src=\"https:\/\/static.krafthand-truck.de\/uploads\/2021\/01\/Blenk_6104-250x300-1-removebg-preview.png\" class=\"img-responsive\">\r\n\t\t\t\t\t<\/div>\r\n\t\t\t\t\t\t<\/div>\r\n\t\t\t\t\t<\/div>\r\n\t\t\t\t<\/div>\r\n\t\t\t\t","protected":false},"excerpt":{"rendered":"<p>Cellcentric, ein Joint-Venture der Daimler-Truck AG und der Volvo Group, er\u00f6ffnete k\u00fcrzlich am Standort Esslingen (Pliensauvorstadt) die Pilotfertigung f\u00fcr Brennstoffzellensysteme. Laut Daimler Truck sei dies ein bedeutender Schritt in Richtung Gro\u00dfserienfertigung. Auf der IAA-Transportation zeigt Cellcentric erstmals ein virtuelles 3D-Modell seines zuk\u00fcnftigen NextGen-Brennstoffzellensystems f\u00fcr den Schwerlastverkehr. <span class=\"excerpt-more__dots\">&#8230;<\/span> <a class=\"excerpt-more__link\" href=\"https:\/\/www.krafthand.de\/truck\/artikel\/brennstoffzellen-systeme-fuer-lkw-in-die-grossserie-bringen-40623\/\" >weiter<\/a><\/p>\n","protected":false},"author":11,"featured_media":40624,"comment_status":"closed","ping_status":"closed","sticky":false,"template":"","format":"standard","meta":{"footnotes":""},"categories":[4224,4237],"tags":[4209,4425,4492,752],"settings":[3524,4766,3523],"class_list":["post-40623","post","type-post","status-publish","format-standard","has-post-thumbnail","hentry","category-e-antrieb","category-studien","tag-brennstoffzelle","tag-cellcentric","tag-daimler-truck","tag-volvo"],"yoast_head":"<!-- This site is optimized with the Yoast SEO plugin v27.3 - https:\/\/yoast.com\/product\/yoast-seo-wordpress\/ -->\n<title>Cellcentric bringt Brennstoffzelle f\u00fcr Lkw in Serie I Krafthand-Truck<\/title>\n<meta name=\"description\" content=\"Cellcentric er\u00f6ffnete k\u00fcrzlich am Standort Esslingen (Pliensauvorstadt) die Pilotfertigung f\u00fcr Brennstoffzellensysteme.\" \/>\n<meta name=\"robots\" content=\"index, follow, max-snippet:-1, max-image-preview:large, max-video-preview:-1\" \/>\n<link rel=\"canonical\" href=\"https:\/\/www.krafthand.de\/truck\/artikel\/brennstoffzellen-systeme-fuer-lkw-in-die-grossserie-bringen-40623\/\" \/>\n<meta property=\"og:locale\" content=\"de_DE\" \/>\n<meta property=\"og:type\" content=\"article\" \/>\n<meta property=\"og:title\" content=\"Cellcentric bringt Brennstoffzelle f\u00fcr Lkw in Serie I Krafthand-Truck\" \/>\n<meta property=\"og:description\" content=\"Cellcentric er\u00f6ffnete k\u00fcrzlich am Standort Esslingen (Pliensauvorstadt) die Pilotfertigung f\u00fcr Brennstoffzellensysteme.\" \/>\n<meta property=\"og:url\" content=\"https:\/\/www.krafthand-truck.de\/artikel\/brennstoffzellen-systeme-fuer-lkw-in-die-grossserie-bringen-40623\/\" \/>\n<meta property=\"og:site_name\" content=\"Krafthand-Truck\" \/>\n<meta property=\"article:published_time\" content=\"2024-09-03T12:45:25+00:00\" \/>\n<meta property=\"article:modified_time\" content=\"2024-09-03T13:37:02+00:00\" \/>\n<meta property=\"og:image\" content=\"https:\/\/static.krafthand-truck.de\/uploads\/2024\/09\/03_2024_020_1.jpg\" \/>\n\t<meta property=\"og:image:width\" content=\"1400\" \/>\n\t<meta property=\"og:image:height\" content=\"933\" \/>\n\t<meta property=\"og:image:type\" content=\"image\/jpeg\" \/>\n<meta name=\"author\" content=\"Redaktion Truck\" \/>\n<meta name=\"twitter:card\" content=\"summary_large_image\" \/>\n<meta name=\"twitter:label1\" content=\"Verfasst von\" \/>\n\t<meta name=\"twitter:data1\" content=\"Redaktion Truck\" \/>\n\t<meta name=\"twitter:label2\" content=\"Gesch\u00e4tzte Lesezeit\" \/>\n\t<meta name=\"twitter:data2\" content=\"3\u00a0Minuten\" \/>\n<script type=\"application\/ld+json\" class=\"yoast-schema-graph\">{\"@context\":\"https:\\\/\\\/schema.org\",\"@graph\":[{\"@type\":\"Article\",\"@id\":\"https:\\\/\\\/www.krafthand.de\\\/truck\\\/artikel\\\/brennstoffzellen-systeme-fuer-lkw-in-die-grossserie-bringen-40623\\\/#article\",\"isPartOf\":{\"@id\":\"https:\\\/\\\/www.krafthand.de\\\/truck\\\/artikel\\\/brennstoffzellen-systeme-fuer-lkw-in-die-grossserie-bringen-40623\\\/\"},\"author\":{\"name\":\"Redaktion Truck\",\"@id\":\"https:\\\/\\\/www.krafthand.de\\\/truck\\\/#\\\/schema\\\/person\\\/5e47d727209575a4b89376746e24f02f\"},\"headline\":\"&#8222;Brennstoffzellen-Systeme f\u00fcr Lkw in die Gro\u00dfserie bringen&#8220; &#8211; Europapremiere auf der IAA-Transportation.\",\"datePublished\":\"2024-09-03T12:45:25+00:00\",\"dateModified\":\"2024-09-03T13:37:02+00:00\",\"mainEntityOfPage\":{\"@id\":\"https:\\\/\\\/www.krafthand.de\\\/truck\\\/artikel\\\/brennstoffzellen-systeme-fuer-lkw-in-die-grossserie-bringen-40623\\\/\"},\"wordCount\":498,\"image\":{\"@id\":\"https:\\\/\\\/www.krafthand.de\\\/truck\\\/artikel\\\/brennstoffzellen-systeme-fuer-lkw-in-die-grossserie-bringen-40623\\\/#primaryimage\"},\"thumbnailUrl\":\"https:\\\/\\\/static.krafthand-truck.de\\\/uploads\\\/2024\\\/09\\\/03_2024_020_1.jpg\",\"keywords\":[\"Brennstoffzelle\",\"Cellcentric\",\"Daimler Truck\",\"Volvo\"],\"articleSection\":[\"E-Antrieb (BEV\\\/FCEV)\",\"Studien\\\/F+E\"],\"inLanguage\":\"de\"},{\"@type\":\"WebPage\",\"@id\":\"https:\\\/\\\/www.krafthand.de\\\/truck\\\/artikel\\\/brennstoffzellen-systeme-fuer-lkw-in-die-grossserie-bringen-40623\\\/\",\"url\":\"https:\\\/\\\/www.krafthand.de\\\/truck\\\/artikel\\\/brennstoffzellen-systeme-fuer-lkw-in-die-grossserie-bringen-40623\\\/\",\"name\":\"Cellcentric bringt Brennstoffzelle f\u00fcr Lkw in Serie I Krafthand-Truck\",\"isPartOf\":{\"@id\":\"https:\\\/\\\/www.krafthand.de\\\/truck\\\/#website\"},\"primaryImageOfPage\":{\"@id\":\"https:\\\/\\\/www.krafthand.de\\\/truck\\\/artikel\\\/brennstoffzellen-systeme-fuer-lkw-in-die-grossserie-bringen-40623\\\/#primaryimage\"},\"image\":{\"@id\":\"https:\\\/\\\/www.krafthand.de\\\/truck\\\/artikel\\\/brennstoffzellen-systeme-fuer-lkw-in-die-grossserie-bringen-40623\\\/#primaryimage\"},\"thumbnailUrl\":\"https:\\\/\\\/static.krafthand-truck.de\\\/uploads\\\/2024\\\/09\\\/03_2024_020_1.jpg\",\"datePublished\":\"2024-09-03T12:45:25+00:00\",\"dateModified\":\"2024-09-03T13:37:02+00:00\",\"author\":{\"@id\":\"https:\\\/\\\/www.krafthand.de\\\/truck\\\/#\\\/schema\\\/person\\\/5e47d727209575a4b89376746e24f02f\"},\"description\":\"Cellcentric er\u00f6ffnete k\u00fcrzlich am Standort Esslingen (Pliensauvorstadt) die Pilotfertigung f\u00fcr Brennstoffzellensysteme.\",\"breadcrumb\":{\"@id\":\"https:\\\/\\\/www.krafthand.de\\\/truck\\\/artikel\\\/brennstoffzellen-systeme-fuer-lkw-in-die-grossserie-bringen-40623\\\/#breadcrumb\"},\"inLanguage\":\"de\",\"potentialAction\":[{\"@type\":\"ReadAction\",\"target\":[\"https:\\\/\\\/www.krafthand.de\\\/truck\\\/artikel\\\/brennstoffzellen-systeme-fuer-lkw-in-die-grossserie-bringen-40623\\\/\"]}]},{\"@type\":\"ImageObject\",\"inLanguage\":\"de\",\"@id\":\"https:\\\/\\\/www.krafthand.de\\\/truck\\\/artikel\\\/brennstoffzellen-systeme-fuer-lkw-in-die-grossserie-bringen-40623\\\/#primaryimage\",\"url\":\"https:\\\/\\\/static.krafthand-truck.de\\\/uploads\\\/2024\\\/09\\\/03_2024_020_1.jpg\",\"contentUrl\":\"https:\\\/\\\/static.krafthand-truck.de\\\/uploads\\\/2024\\\/09\\\/03_2024_020_1.jpg\",\"width\":1400,\"height\":933,\"caption\":\"Am Standort Esslingen startete Cellcentric die Pilotfertigung von Brennstoffzellen. Bild: Daimler-Truck\"},{\"@type\":\"BreadcrumbList\",\"@id\":\"https:\\\/\\\/www.krafthand.de\\\/truck\\\/artikel\\\/brennstoffzellen-systeme-fuer-lkw-in-die-grossserie-bringen-40623\\\/#breadcrumb\",\"itemListElement\":[{\"@type\":\"ListItem\",\"position\":1,\"name\":\"Krafthand-Truck\",\"item\":\"https:\\\/\\\/www.krafthand.de\\\/truck\\\/\"},{\"@type\":\"ListItem\",\"position\":2,\"name\":\"Nfz-Technik\",\"item\":\"https:\\\/\\\/www.krafthand.de\\\/truck\\\/kategorie\\\/nfz-technik\\\/\"},{\"@type\":\"ListItem\",\"position\":3,\"name\":\"E-Antrieb (BEV\\\/FCEV)\",\"item\":\"https:\\\/\\\/www.krafthand.de\\\/truck\\\/kategorie\\\/nfz-technik\\\/e-antrieb\\\/\"},{\"@type\":\"ListItem\",\"position\":4,\"name\":\"&#8222;Brennstoffzellen-Systeme f\u00fcr Lkw in die Gro\u00dfserie bringen&#8220; &#8211; Europapremiere auf der IAA-Transportation.\"}]},{\"@type\":\"WebSite\",\"@id\":\"https:\\\/\\\/www.krafthand.de\\\/truck\\\/#website\",\"url\":\"https:\\\/\\\/www.krafthand.de\\\/truck\\\/\",\"name\":\"Krafthand-Truck\",\"description\":\"\",\"potentialAction\":[{\"@type\":\"SearchAction\",\"target\":{\"@type\":\"EntryPoint\",\"urlTemplate\":\"https:\\\/\\\/www.krafthand.de\\\/truck\\\/?s={search_term_string}\"},\"query-input\":{\"@type\":\"PropertyValueSpecification\",\"valueRequired\":true,\"valueName\":\"search_term_string\"}}],\"inLanguage\":\"de\"},{\"@type\":\"Person\",\"@id\":\"https:\\\/\\\/www.krafthand.de\\\/truck\\\/#\\\/schema\\\/person\\\/5e47d727209575a4b89376746e24f02f\",\"name\":\"Redaktion Truck\",\"image\":{\"@type\":\"ImageObject\",\"inLanguage\":\"de\",\"@id\":\"https:\\\/\\\/secure.gravatar.com\\\/avatar\\\/64cedf5d293ad6eb6600c19e949d032ff0090f240174891ab1517d73ead05c87?s=96&d=mm&r=g\",\"url\":\"https:\\\/\\\/secure.gravatar.com\\\/avatar\\\/64cedf5d293ad6eb6600c19e949d032ff0090f240174891ab1517d73ead05c87?s=96&d=mm&r=g\",\"contentUrl\":\"https:\\\/\\\/secure.gravatar.com\\\/avatar\\\/64cedf5d293ad6eb6600c19e949d032ff0090f240174891ab1517d73ead05c87?s=96&d=mm&r=g\",\"caption\":\"Redaktion Truck\"}}]}<\/script>\n<!-- \/ Yoast SEO plugin. -->","yoast_head_json":{"title":"Cellcentric bringt Brennstoffzelle f\u00fcr Lkw in Serie I Krafthand-Truck","description":"Cellcentric er\u00f6ffnete k\u00fcrzlich am Standort Esslingen (Pliensauvorstadt) die Pilotfertigung f\u00fcr Brennstoffzellensysteme.","robots":{"index":"index","follow":"follow","max-snippet":"max-snippet:-1","max-image-preview":"max-image-preview:large","max-video-preview":"max-video-preview:-1"},"canonical":"https:\/\/www.krafthand.de\/truck\/artikel\/brennstoffzellen-systeme-fuer-lkw-in-die-grossserie-bringen-40623\/","og_locale":"de_DE","og_type":"article","og_title":"Cellcentric bringt Brennstoffzelle f\u00fcr Lkw in Serie I Krafthand-Truck","og_description":"Cellcentric er\u00f6ffnete k\u00fcrzlich am Standort Esslingen (Pliensauvorstadt) die Pilotfertigung f\u00fcr Brennstoffzellensysteme.","og_url":"https:\/\/www.krafthand-truck.de\/artikel\/brennstoffzellen-systeme-fuer-lkw-in-die-grossserie-bringen-40623\/","og_site_name":"Krafthand-Truck","article_published_time":"2024-09-03T12:45:25+00:00","article_modified_time":"2024-09-03T13:37:02+00:00","og_image":[{"width":1400,"height":933,"url":"https:\/\/static.krafthand-truck.de\/uploads\/2024\/09\/03_2024_020_1.jpg","type":"image\/jpeg"}],"author":"Redaktion Truck","twitter_card":"summary_large_image","twitter_misc":{"Verfasst von":"Redaktion Truck","Gesch\u00e4tzte Lesezeit":"3\u00a0Minuten"},"schema":{"@context":"https:\/\/schema.org","@graph":[{"@type":"Article","@id":"https:\/\/www.krafthand.de\/truck\/artikel\/brennstoffzellen-systeme-fuer-lkw-in-die-grossserie-bringen-40623\/#article","isPartOf":{"@id":"https:\/\/www.krafthand.de\/truck\/artikel\/brennstoffzellen-systeme-fuer-lkw-in-die-grossserie-bringen-40623\/"},"author":{"name":"Redaktion Truck","@id":"https:\/\/www.krafthand.de\/truck\/#\/schema\/person\/5e47d727209575a4b89376746e24f02f"},"headline":"&#8222;Brennstoffzellen-Systeme f\u00fcr Lkw in die Gro\u00dfserie bringen&#8220; &#8211; Europapremiere auf der IAA-Transportation.","datePublished":"2024-09-03T12:45:25+00:00","dateModified":"2024-09-03T13:37:02+00:00","mainEntityOfPage":{"@id":"https:\/\/www.krafthand.de\/truck\/artikel\/brennstoffzellen-systeme-fuer-lkw-in-die-grossserie-bringen-40623\/"},"wordCount":498,"image":{"@id":"https:\/\/www.krafthand.de\/truck\/artikel\/brennstoffzellen-systeme-fuer-lkw-in-die-grossserie-bringen-40623\/#primaryimage"},"thumbnailUrl":"https:\/\/static.krafthand-truck.de\/uploads\/2024\/09\/03_2024_020_1.jpg","keywords":["Brennstoffzelle","Cellcentric","Daimler Truck","Volvo"],"articleSection":["E-Antrieb (BEV\/FCEV)","Studien\/F+E"],"inLanguage":"de"},{"@type":"WebPage","@id":"https:\/\/www.krafthand.de\/truck\/artikel\/brennstoffzellen-systeme-fuer-lkw-in-die-grossserie-bringen-40623\/","url":"https:\/\/www.krafthand.de\/truck\/artikel\/brennstoffzellen-systeme-fuer-lkw-in-die-grossserie-bringen-40623\/","name":"Cellcentric bringt Brennstoffzelle f\u00fcr Lkw in Serie I Krafthand-Truck","isPartOf":{"@id":"https:\/\/www.krafthand.de\/truck\/#website"},"primaryImageOfPage":{"@id":"https:\/\/www.krafthand.de\/truck\/artikel\/brennstoffzellen-systeme-fuer-lkw-in-die-grossserie-bringen-40623\/#primaryimage"},"image":{"@id":"https:\/\/www.krafthand.de\/truck\/artikel\/brennstoffzellen-systeme-fuer-lkw-in-die-grossserie-bringen-40623\/#primaryimage"},"thumbnailUrl":"https:\/\/static.krafthand-truck.de\/uploads\/2024\/09\/03_2024_020_1.jpg","datePublished":"2024-09-03T12:45:25+00:00","dateModified":"2024-09-03T13:37:02+00:00","author":{"@id":"https:\/\/www.krafthand.de\/truck\/#\/schema\/person\/5e47d727209575a4b89376746e24f02f"},"description":"Cellcentric er\u00f6ffnete k\u00fcrzlich am Standort Esslingen (Pliensauvorstadt) die Pilotfertigung f\u00fcr Brennstoffzellensysteme.","breadcrumb":{"@id":"https:\/\/www.krafthand.de\/truck\/artikel\/brennstoffzellen-systeme-fuer-lkw-in-die-grossserie-bringen-40623\/#breadcrumb"},"inLanguage":"de","potentialAction":[{"@type":"ReadAction","target":["https:\/\/www.krafthand.de\/truck\/artikel\/brennstoffzellen-systeme-fuer-lkw-in-die-grossserie-bringen-40623\/"]}]},{"@type":"ImageObject","inLanguage":"de","@id":"https:\/\/www.krafthand.de\/truck\/artikel\/brennstoffzellen-systeme-fuer-lkw-in-die-grossserie-bringen-40623\/#primaryimage","url":"https:\/\/static.krafthand-truck.de\/uploads\/2024\/09\/03_2024_020_1.jpg","contentUrl":"https:\/\/static.krafthand-truck.de\/uploads\/2024\/09\/03_2024_020_1.jpg","width":1400,"height":933,"caption":"Am Standort Esslingen startete Cellcentric die Pilotfertigung von Brennstoffzellen. Bild: Daimler-Truck"},{"@type":"BreadcrumbList","@id":"https:\/\/www.krafthand.de\/truck\/artikel\/brennstoffzellen-systeme-fuer-lkw-in-die-grossserie-bringen-40623\/#breadcrumb","itemListElement":[{"@type":"ListItem","position":1,"name":"Krafthand-Truck","item":"https:\/\/www.krafthand.de\/truck\/"},{"@type":"ListItem","position":2,"name":"Nfz-Technik","item":"https:\/\/www.krafthand.de\/truck\/kategorie\/nfz-technik\/"},{"@type":"ListItem","position":3,"name":"E-Antrieb (BEV\/FCEV)","item":"https:\/\/www.krafthand.de\/truck\/kategorie\/nfz-technik\/e-antrieb\/"},{"@type":"ListItem","position":4,"name":"&#8222;Brennstoffzellen-Systeme f\u00fcr Lkw in die Gro\u00dfserie bringen&#8220; &#8211; Europapremiere auf der IAA-Transportation."}]},{"@type":"WebSite","@id":"https:\/\/www.krafthand.de\/truck\/#website","url":"https:\/\/www.krafthand.de\/truck\/","name":"Krafthand-Truck","description":"","potentialAction":[{"@type":"SearchAction","target":{"@type":"EntryPoint","urlTemplate":"https:\/\/www.krafthand.de\/truck\/?s={search_term_string}"},"query-input":{"@type":"PropertyValueSpecification","valueRequired":true,"valueName":"search_term_string"}}],"inLanguage":"de"},{"@type":"Person","@id":"https:\/\/www.krafthand.de\/truck\/#\/schema\/person\/5e47d727209575a4b89376746e24f02f","name":"Redaktion Truck","image":{"@type":"ImageObject","inLanguage":"de","@id":"https:\/\/secure.gravatar.com\/avatar\/64cedf5d293ad6eb6600c19e949d032ff0090f240174891ab1517d73ead05c87?s=96&d=mm&r=g","url":"https:\/\/secure.gravatar.com\/avatar\/64cedf5d293ad6eb6600c19e949d032ff0090f240174891ab1517d73ead05c87?s=96&d=mm&r=g","contentUrl":"https:\/\/secure.gravatar.com\/avatar\/64cedf5d293ad6eb6600c19e949d032ff0090f240174891ab1517d73ead05c87?s=96&d=mm&r=g","caption":"Redaktion Truck"}}]}},"_links":{"self":[{"href":"https:\/\/www.krafthand.de\/truck\/wp-json\/wp\/v2\/posts\/40623","targetHints":{"allow":["GET"]}}],"collection":[{"href":"https:\/\/www.krafthand.de\/truck\/wp-json\/wp\/v2\/posts"}],"about":[{"href":"https:\/\/www.krafthand.de\/truck\/wp-json\/wp\/v2\/types\/post"}],"author":[{"embeddable":true,"href":"https:\/\/www.krafthand.de\/truck\/wp-json\/wp\/v2\/users\/11"}],"replies":[{"embeddable":true,"href":"https:\/\/www.krafthand.de\/truck\/wp-json\/wp\/v2\/comments?post=40623"}],"version-history":[{"count":13,"href":"https:\/\/www.krafthand.de\/truck\/wp-json\/wp\/v2\/posts\/40623\/revisions"}],"predecessor-version":[{"id":40638,"href":"https:\/\/www.krafthand.de\/truck\/wp-json\/wp\/v2\/posts\/40623\/revisions\/40638"}],"wp:featuredmedia":[{"embeddable":true,"href":"https:\/\/www.krafthand.de\/truck\/wp-json\/wp\/v2\/media\/40624"}],"wp:attachment":[{"href":"https:\/\/www.krafthand.de\/truck\/wp-json\/wp\/v2\/media?parent=40623"}],"wp:term":[{"taxonomy":"category","embeddable":true,"href":"https:\/\/www.krafthand.de\/truck\/wp-json\/wp\/v2\/categories?post=40623"},{"taxonomy":"post_tag","embeddable":true,"href":"https:\/\/www.krafthand.de\/truck\/wp-json\/wp\/v2\/tags?post=40623"},{"taxonomy":"settings","embeddable":true,"href":"https:\/\/www.krafthand.de\/truck\/wp-json\/wp\/v2\/settings?post=40623"}],"curies":[{"name":"wp","href":"https:\/\/api.w.org\/{rel}","templated":true}]}}