{"id":40609,"date":"2024-09-02T10:21:25","date_gmt":"2024-09-02T08:21:25","guid":{"rendered":"https:\/\/www.krafthand.de\/truck\/?p=40609"},"modified":"2024-09-02T10:21:25","modified_gmt":"2024-09-02T08:21:25","slug":"thore-bakker-ist-neuer-chief-sales-officer-bei-koegel","status":"publish","type":"post","link":"https:\/\/www.krafthand.de\/truck\/artikel\/thore-bakker-ist-neuer-chief-sales-officer-bei-koegel-40609\/","title":{"rendered":"Thore Bakker ist neuer Chief Sales Officer bei K\u00f6gel"},"content":{"rendered":"<p>Die K\u00f6gel Trailer GmbH hat die Ernennung von Thore Bakker zum Chief Sales Officer (CSO) bekannt gegeben. In dieser Position wird Bakker die Verantwortung f\u00fcr die weltweiten Verkaufsstrategien und -operationen des Unternehmens \u00fcbernehmen mit dem Ziel, das Wachstum voranzutreiben und seine Marktposition weiter zu st\u00e4rken. Mit dieser Ernennung m\u00f6chte K\u00f6gel sein F\u00fchrungsteam vervollst\u00e4ndigen, das nun aus CEO Christian Renners, CFO Christian Spengler und CSO Thore Bakker besteht.<\/p>\n<p>Bakker bringt mehr als 20 Jahre Erfahrung in der Fahrzeugindustrie mit, insbesondere in den Bereichen Vertrieb, Gesch\u00e4ftsentwicklung und strategische Planung. Der 47-j\u00e4hrige Diplom-Wirtschaftsingenieur begann seine Karriere bei der Daimler AG, wo er in unterschiedlichen Positionen im Truckbereich t\u00e4tig war. 2013 wechselte er zur Daimler Fleetboard GmbH, einem Spezialisten f\u00fcr Telematik-Services, als Head of International Sales North East &amp; LATAM. Sp\u00e4ter f\u00fchrte sein Weg zur BPW Bergische Achsen KG, wo er zuletzt als General Manager t\u00e4tig war.<\/p>\n<p>Thore Bakker hat seine neue Rolle bei der <a href=\"https:\/\/www.koegel.com\" target=\"_blank\" rel=\"noopener\">K\u00f6gel Trailer GmbH<\/a> in Burtenbach am 1. September 2024 angetreten.<\/p>\n","protected":false},"excerpt":{"rendered":"<p>Die K\u00f6gel Trailer GmbH hat die Ernennung von Thore Bakker zum Chief Sales Officer (CSO) bekanntgegeben. In dieser Position wird Bakker die Verantwortung f\u00fcr die weltweiten Verkaufsstrategien und -operationen des Unternehmens \u00fcbernehmen mit dem Ziel, das Wachstum voranzutreiben und seine Marktposition weiter zu st\u00e4rken. <span class=\"excerpt-more__dots\">&#8230;<\/span> <a class=\"excerpt-more__link\" href=\"https:\/\/www.krafthand.de\/truck\/artikel\/thore-bakker-ist-neuer-chief-sales-officer-bei-koegel-40609\/\" >weiter<\/a><\/p>\n","protected":false},"author":9,"featured_media":40612,"comment_status":"closed","ping_status":"closed","sticky":false,"template":"","format":"standard","meta":{"footnotes":""},"categories":[4238,4235],"tags":[173,202,5668],"settings":[],"class_list":["post-40609","post","type-post","status-publish","format-standard","has-post-thumbnail","hentry","category-koepfe","category-unternehmen","tag-bpw","tag-koegel","tag-thore-bakker"],"yoast_head":"<!-- This site is optimized with the Yoast SEO plugin v27.3 - https:\/\/yoast.com\/product\/yoast-seo-wordpress\/ -->\n<title>Thore Bakker ist neuer Chief Sales Officer bei K\u00f6gel - Krafthand-Truck<\/title>\n<meta name=\"description\" content=\"K\u00f6gel hat die Ernennung von Thore Bakker zum Chief Sales Officer (CSO) bekannt geben.\" \/>\n<meta name=\"robots\" content=\"index, follow, max-snippet:-1, max-image-preview:large, max-video-preview:-1\" \/>\n<link rel=\"canonical\" href=\"https:\/\/www.krafthand.de\/truck\/artikel\/thore-bakker-ist-neuer-chief-sales-officer-bei-koegel-40609\/\" \/>\n<meta property=\"og:locale\" content=\"de_DE\" \/>\n<meta property=\"og:type\" content=\"article\" \/>\n<meta property=\"og:title\" content=\"Thore Bakker ist neuer Chief Sales Officer bei K\u00f6gel - Krafthand-Truck\" \/>\n<meta property=\"og:description\" content=\"K\u00f6gel hat die Ernennung von Thore Bakker zum Chief Sales Officer (CSO) bekannt geben.\" \/>\n<meta property=\"og:url\" content=\"https:\/\/www.krafthand-truck.de\/artikel\/thore-bakker-ist-neuer-chief-sales-officer-bei-koegel-40609\/\" \/>\n<meta property=\"og:site_name\" content=\"Krafthand-Truck\" \/>\n<meta property=\"article:published_time\" content=\"2024-09-02T08:21:25+00:00\" \/>\n<meta property=\"og:image\" content=\"https:\/\/static.krafthand-truck.de\/uploads\/2024\/09\/Koegel_Thore_Bakker.jpg\" \/>\n\t<meta property=\"og:image:width\" content=\"1080\" \/>\n\t<meta property=\"og:image:height\" content=\"608\" \/>\n\t<meta property=\"og:image:type\" content=\"image\/jpeg\" \/>\n<meta name=\"author\" content=\"georg.blenk@krafthand-medien.de\" \/>\n<meta name=\"twitter:card\" content=\"summary_large_image\" \/>\n<meta name=\"twitter:label1\" content=\"Verfasst von\" \/>\n\t<meta name=\"twitter:data1\" content=\"georg.blenk@krafthand-medien.de\" \/>\n\t<meta name=\"twitter:label2\" content=\"Gesch\u00e4tzte Lesezeit\" \/>\n\t<meta name=\"twitter:data2\" content=\"2\u00a0Minuten\" \/>\n<script type=\"application\/ld+json\" class=\"yoast-schema-graph\">{\"@context\":\"https:\\\/\\\/schema.org\",\"@graph\":[{\"@type\":\"Article\",\"@id\":\"https:\\\/\\\/www.krafthand.de\\\/truck\\\/artikel\\\/thore-bakker-ist-neuer-chief-sales-officer-bei-koegel-40609\\\/#article\",\"isPartOf\":{\"@id\":\"https:\\\/\\\/www.krafthand.de\\\/truck\\\/artikel\\\/thore-bakker-ist-neuer-chief-sales-officer-bei-koegel-40609\\\/\"},\"author\":{\"name\":\"georg.blenk@krafthand-medien.de\",\"@id\":\"https:\\\/\\\/www.krafthand.de\\\/truck\\\/#\\\/schema\\\/person\\\/51fa80b1c57034c4bf63f9f988fc24ce\"},\"headline\":\"Thore Bakker ist neuer Chief Sales Officer bei K\u00f6gel\",\"datePublished\":\"2024-09-02T08:21:25+00:00\",\"mainEntityOfPage\":{\"@id\":\"https:\\\/\\\/www.krafthand.de\\\/truck\\\/artikel\\\/thore-bakker-ist-neuer-chief-sales-officer-bei-koegel-40609\\\/\"},\"wordCount\":182,\"image\":{\"@id\":\"https:\\\/\\\/www.krafthand.de\\\/truck\\\/artikel\\\/thore-bakker-ist-neuer-chief-sales-officer-bei-koegel-40609\\\/#primaryimage\"},\"thumbnailUrl\":\"https:\\\/\\\/static.krafthand-truck.de\\\/uploads\\\/2024\\\/09\\\/Koegel_Thore_Bakker.jpg\",\"keywords\":[\"BPW\",\"K\u00f6gel\",\"Thore Bakker\"],\"articleSection\":[\"K\u00f6pfe\\\/Personen\",\"Unternehmen\"],\"inLanguage\":\"de\"},{\"@type\":\"WebPage\",\"@id\":\"https:\\\/\\\/www.krafthand.de\\\/truck\\\/artikel\\\/thore-bakker-ist-neuer-chief-sales-officer-bei-koegel-40609\\\/\",\"url\":\"https:\\\/\\\/www.krafthand.de\\\/truck\\\/artikel\\\/thore-bakker-ist-neuer-chief-sales-officer-bei-koegel-40609\\\/\",\"name\":\"Thore Bakker ist neuer Chief Sales Officer bei K\u00f6gel - Krafthand-Truck\",\"isPartOf\":{\"@id\":\"https:\\\/\\\/www.krafthand.de\\\/truck\\\/#website\"},\"primaryImageOfPage\":{\"@id\":\"https:\\\/\\\/www.krafthand.de\\\/truck\\\/artikel\\\/thore-bakker-ist-neuer-chief-sales-officer-bei-koegel-40609\\\/#primaryimage\"},\"image\":{\"@id\":\"https:\\\/\\\/www.krafthand.de\\\/truck\\\/artikel\\\/thore-bakker-ist-neuer-chief-sales-officer-bei-koegel-40609\\\/#primaryimage\"},\"thumbnailUrl\":\"https:\\\/\\\/static.krafthand-truck.de\\\/uploads\\\/2024\\\/09\\\/Koegel_Thore_Bakker.jpg\",\"datePublished\":\"2024-09-02T08:21:25+00:00\",\"author\":{\"@id\":\"https:\\\/\\\/www.krafthand.de\\\/truck\\\/#\\\/schema\\\/person\\\/51fa80b1c57034c4bf63f9f988fc24ce\"},\"description\":\"K\u00f6gel hat die Ernennung von Thore Bakker zum Chief Sales Officer (CSO) bekannt geben.\",\"breadcrumb\":{\"@id\":\"https:\\\/\\\/www.krafthand.de\\\/truck\\\/artikel\\\/thore-bakker-ist-neuer-chief-sales-officer-bei-koegel-40609\\\/#breadcrumb\"},\"inLanguage\":\"de\",\"potentialAction\":[{\"@type\":\"ReadAction\",\"target\":[\"https:\\\/\\\/www.krafthand.de\\\/truck\\\/artikel\\\/thore-bakker-ist-neuer-chief-sales-officer-bei-koegel-40609\\\/\"]}]},{\"@type\":\"ImageObject\",\"inLanguage\":\"de\",\"@id\":\"https:\\\/\\\/www.krafthand.de\\\/truck\\\/artikel\\\/thore-bakker-ist-neuer-chief-sales-officer-bei-koegel-40609\\\/#primaryimage\",\"url\":\"https:\\\/\\\/static.krafthand-truck.de\\\/uploads\\\/2024\\\/09\\\/Koegel_Thore_Bakker.jpg\",\"contentUrl\":\"https:\\\/\\\/static.krafthand-truck.de\\\/uploads\\\/2024\\\/09\\\/Koegel_Thore_Bakker.jpg\",\"width\":1080,\"height\":608},{\"@type\":\"BreadcrumbList\",\"@id\":\"https:\\\/\\\/www.krafthand.de\\\/truck\\\/artikel\\\/thore-bakker-ist-neuer-chief-sales-officer-bei-koegel-40609\\\/#breadcrumb\",\"itemListElement\":[{\"@type\":\"ListItem\",\"position\":1,\"name\":\"Krafthand-Truck\",\"item\":\"https:\\\/\\\/www.krafthand.de\\\/truck\\\/\"},{\"@type\":\"ListItem\",\"position\":2,\"name\":\"Nfz-Branche\",\"item\":\"https:\\\/\\\/www.krafthand.de\\\/truck\\\/kategorie\\\/branche\\\/\"},{\"@type\":\"ListItem\",\"position\":3,\"name\":\"K\u00f6pfe\\\/Personen\",\"item\":\"https:\\\/\\\/www.krafthand.de\\\/truck\\\/kategorie\\\/branche\\\/koepfe\\\/\"},{\"@type\":\"ListItem\",\"position\":4,\"name\":\"Thore Bakker ist neuer Chief Sales Officer bei K\u00f6gel\"}]},{\"@type\":\"WebSite\",\"@id\":\"https:\\\/\\\/www.krafthand.de\\\/truck\\\/#website\",\"url\":\"https:\\\/\\\/www.krafthand.de\\\/truck\\\/\",\"name\":\"Krafthand-Truck\",\"description\":\"\",\"potentialAction\":[{\"@type\":\"SearchAction\",\"target\":{\"@type\":\"EntryPoint\",\"urlTemplate\":\"https:\\\/\\\/www.krafthand.de\\\/truck\\\/?s={search_term_string}\"},\"query-input\":{\"@type\":\"PropertyValueSpecification\",\"valueRequired\":true,\"valueName\":\"search_term_string\"}}],\"inLanguage\":\"de\"},{\"@type\":\"Person\",\"@id\":\"https:\\\/\\\/www.krafthand.de\\\/truck\\\/#\\\/schema\\\/person\\\/51fa80b1c57034c4bf63f9f988fc24ce\",\"name\":\"georg.blenk@krafthand-medien.de\",\"image\":{\"@type\":\"ImageObject\",\"inLanguage\":\"de\",\"@id\":\"https:\\\/\\\/secure.gravatar.com\\\/avatar\\\/93713c30affe0aa95d3a4130e499bb1abee2eb31adbdd9ce2aa1543538490215?s=96&d=mm&r=g\",\"url\":\"https:\\\/\\\/secure.gravatar.com\\\/avatar\\\/93713c30affe0aa95d3a4130e499bb1abee2eb31adbdd9ce2aa1543538490215?s=96&d=mm&r=g\",\"contentUrl\":\"https:\\\/\\\/secure.gravatar.com\\\/avatar\\\/93713c30affe0aa95d3a4130e499bb1abee2eb31adbdd9ce2aa1543538490215?s=96&d=mm&r=g\",\"caption\":\"georg.blenk@krafthand-medien.de\"}}]}<\/script>\n<!-- \/ Yoast SEO plugin. -->","yoast_head_json":{"title":"Thore Bakker ist neuer Chief Sales Officer bei K\u00f6gel - Krafthand-Truck","description":"K\u00f6gel hat die Ernennung von Thore Bakker zum Chief Sales Officer (CSO) bekannt geben.","robots":{"index":"index","follow":"follow","max-snippet":"max-snippet:-1","max-image-preview":"max-image-preview:large","max-video-preview":"max-video-preview:-1"},"canonical":"https:\/\/www.krafthand.de\/truck\/artikel\/thore-bakker-ist-neuer-chief-sales-officer-bei-koegel-40609\/","og_locale":"de_DE","og_type":"article","og_title":"Thore Bakker ist neuer Chief Sales Officer bei K\u00f6gel - Krafthand-Truck","og_description":"K\u00f6gel hat die Ernennung von Thore Bakker zum Chief Sales Officer (CSO) bekannt geben.","og_url":"https:\/\/www.krafthand-truck.de\/artikel\/thore-bakker-ist-neuer-chief-sales-officer-bei-koegel-40609\/","og_site_name":"Krafthand-Truck","article_published_time":"2024-09-02T08:21:25+00:00","og_image":[{"width":1080,"height":608,"url":"https:\/\/static.krafthand-truck.de\/uploads\/2024\/09\/Koegel_Thore_Bakker.jpg","type":"image\/jpeg"}],"author":"georg.blenk@krafthand-medien.de","twitter_card":"summary_large_image","twitter_misc":{"Verfasst von":"georg.blenk@krafthand-medien.de","Gesch\u00e4tzte Lesezeit":"2\u00a0Minuten"},"schema":{"@context":"https:\/\/schema.org","@graph":[{"@type":"Article","@id":"https:\/\/www.krafthand.de\/truck\/artikel\/thore-bakker-ist-neuer-chief-sales-officer-bei-koegel-40609\/#article","isPartOf":{"@id":"https:\/\/www.krafthand.de\/truck\/artikel\/thore-bakker-ist-neuer-chief-sales-officer-bei-koegel-40609\/"},"author":{"name":"georg.blenk@krafthand-medien.de","@id":"https:\/\/www.krafthand.de\/truck\/#\/schema\/person\/51fa80b1c57034c4bf63f9f988fc24ce"},"headline":"Thore Bakker ist neuer Chief Sales Officer bei K\u00f6gel","datePublished":"2024-09-02T08:21:25+00:00","mainEntityOfPage":{"@id":"https:\/\/www.krafthand.de\/truck\/artikel\/thore-bakker-ist-neuer-chief-sales-officer-bei-koegel-40609\/"},"wordCount":182,"image":{"@id":"https:\/\/www.krafthand.de\/truck\/artikel\/thore-bakker-ist-neuer-chief-sales-officer-bei-koegel-40609\/#primaryimage"},"thumbnailUrl":"https:\/\/static.krafthand-truck.de\/uploads\/2024\/09\/Koegel_Thore_Bakker.jpg","keywords":["BPW","K\u00f6gel","Thore Bakker"],"articleSection":["K\u00f6pfe\/Personen","Unternehmen"],"inLanguage":"de"},{"@type":"WebPage","@id":"https:\/\/www.krafthand.de\/truck\/artikel\/thore-bakker-ist-neuer-chief-sales-officer-bei-koegel-40609\/","url":"https:\/\/www.krafthand.de\/truck\/artikel\/thore-bakker-ist-neuer-chief-sales-officer-bei-koegel-40609\/","name":"Thore Bakker ist neuer Chief Sales Officer bei K\u00f6gel - Krafthand-Truck","isPartOf":{"@id":"https:\/\/www.krafthand.de\/truck\/#website"},"primaryImageOfPage":{"@id":"https:\/\/www.krafthand.de\/truck\/artikel\/thore-bakker-ist-neuer-chief-sales-officer-bei-koegel-40609\/#primaryimage"},"image":{"@id":"https:\/\/www.krafthand.de\/truck\/artikel\/thore-bakker-ist-neuer-chief-sales-officer-bei-koegel-40609\/#primaryimage"},"thumbnailUrl":"https:\/\/static.krafthand-truck.de\/uploads\/2024\/09\/Koegel_Thore_Bakker.jpg","datePublished":"2024-09-02T08:21:25+00:00","author":{"@id":"https:\/\/www.krafthand.de\/truck\/#\/schema\/person\/51fa80b1c57034c4bf63f9f988fc24ce"},"description":"K\u00f6gel hat die Ernennung von Thore Bakker zum Chief Sales Officer (CSO) bekannt geben.","breadcrumb":{"@id":"https:\/\/www.krafthand.de\/truck\/artikel\/thore-bakker-ist-neuer-chief-sales-officer-bei-koegel-40609\/#breadcrumb"},"inLanguage":"de","potentialAction":[{"@type":"ReadAction","target":["https:\/\/www.krafthand.de\/truck\/artikel\/thore-bakker-ist-neuer-chief-sales-officer-bei-koegel-40609\/"]}]},{"@type":"ImageObject","inLanguage":"de","@id":"https:\/\/www.krafthand.de\/truck\/artikel\/thore-bakker-ist-neuer-chief-sales-officer-bei-koegel-40609\/#primaryimage","url":"https:\/\/static.krafthand-truck.de\/uploads\/2024\/09\/Koegel_Thore_Bakker.jpg","contentUrl":"https:\/\/static.krafthand-truck.de\/uploads\/2024\/09\/Koegel_Thore_Bakker.jpg","width":1080,"height":608},{"@type":"BreadcrumbList","@id":"https:\/\/www.krafthand.de\/truck\/artikel\/thore-bakker-ist-neuer-chief-sales-officer-bei-koegel-40609\/#breadcrumb","itemListElement":[{"@type":"ListItem","position":1,"name":"Krafthand-Truck","item":"https:\/\/www.krafthand.de\/truck\/"},{"@type":"ListItem","position":2,"name":"Nfz-Branche","item":"https:\/\/www.krafthand.de\/truck\/kategorie\/branche\/"},{"@type":"ListItem","position":3,"name":"K\u00f6pfe\/Personen","item":"https:\/\/www.krafthand.de\/truck\/kategorie\/branche\/koepfe\/"},{"@type":"ListItem","position":4,"name":"Thore Bakker ist neuer Chief Sales Officer bei K\u00f6gel"}]},{"@type":"WebSite","@id":"https:\/\/www.krafthand.de\/truck\/#website","url":"https:\/\/www.krafthand.de\/truck\/","name":"Krafthand-Truck","description":"","potentialAction":[{"@type":"SearchAction","target":{"@type":"EntryPoint","urlTemplate":"https:\/\/www.krafthand.de\/truck\/?s={search_term_string}"},"query-input":{"@type":"PropertyValueSpecification","valueRequired":true,"valueName":"search_term_string"}}],"inLanguage":"de"},{"@type":"Person","@id":"https:\/\/www.krafthand.de\/truck\/#\/schema\/person\/51fa80b1c57034c4bf63f9f988fc24ce","name":"georg.blenk@krafthand-medien.de","image":{"@type":"ImageObject","inLanguage":"de","@id":"https:\/\/secure.gravatar.com\/avatar\/93713c30affe0aa95d3a4130e499bb1abee2eb31adbdd9ce2aa1543538490215?s=96&d=mm&r=g","url":"https:\/\/secure.gravatar.com\/avatar\/93713c30affe0aa95d3a4130e499bb1abee2eb31adbdd9ce2aa1543538490215?s=96&d=mm&r=g","contentUrl":"https:\/\/secure.gravatar.com\/avatar\/93713c30affe0aa95d3a4130e499bb1abee2eb31adbdd9ce2aa1543538490215?s=96&d=mm&r=g","caption":"georg.blenk@krafthand-medien.de"}}]}},"_links":{"self":[{"href":"https:\/\/www.krafthand.de\/truck\/wp-json\/wp\/v2\/posts\/40609","targetHints":{"allow":["GET"]}}],"collection":[{"href":"https:\/\/www.krafthand.de\/truck\/wp-json\/wp\/v2\/posts"}],"about":[{"href":"https:\/\/www.krafthand.de\/truck\/wp-json\/wp\/v2\/types\/post"}],"author":[{"embeddable":true,"href":"https:\/\/www.krafthand.de\/truck\/wp-json\/wp\/v2\/users\/9"}],"replies":[{"embeddable":true,"href":"https:\/\/www.krafthand.de\/truck\/wp-json\/wp\/v2\/comments?post=40609"}],"version-history":[{"count":3,"href":"https:\/\/www.krafthand.de\/truck\/wp-json\/wp\/v2\/posts\/40609\/revisions"}],"predecessor-version":[{"id":40613,"href":"https:\/\/www.krafthand.de\/truck\/wp-json\/wp\/v2\/posts\/40609\/revisions\/40613"}],"wp:featuredmedia":[{"embeddable":true,"href":"https:\/\/www.krafthand.de\/truck\/wp-json\/wp\/v2\/media\/40612"}],"wp:attachment":[{"href":"https:\/\/www.krafthand.de\/truck\/wp-json\/wp\/v2\/media?parent=40609"}],"wp:term":[{"taxonomy":"category","embeddable":true,"href":"https:\/\/www.krafthand.de\/truck\/wp-json\/wp\/v2\/categories?post=40609"},{"taxonomy":"post_tag","embeddable":true,"href":"https:\/\/www.krafthand.de\/truck\/wp-json\/wp\/v2\/tags?post=40609"},{"taxonomy":"settings","embeddable":true,"href":"https:\/\/www.krafthand.de\/truck\/wp-json\/wp\/v2\/settings?post=40609"}],"curies":[{"name":"wp","href":"https:\/\/api.w.org\/{rel}","templated":true}]}}