{"id":40598,"date":"2024-09-02T09:08:53","date_gmt":"2024-09-02T07:08:53","guid":{"rendered":"https:\/\/www.krafthand.de\/truck\/?p=40598"},"modified":"2024-09-02T09:33:03","modified_gmt":"2024-09-02T07:33:03","slug":"hybridgetriebe-fuer-schwere-nutzfahrzeuge","status":"publish","type":"post","link":"https:\/\/www.krafthand.de\/truck\/artikel\/hybridgetriebe-fuer-schwere-nutzfahrzeuge-40598\/","title":{"rendered":"Hybridgetriebe f\u00fcr schwere Nutzfahrzeuge"},"content":{"rendered":"<p>Mit der Entwicklung eines neuen Hybridgetriebes m\u00f6chte die ZF-Nutzfahrzeugsparte \u201a<a href=\"https:\/\/www.zf.com\/products\/de\/cv\/home\/cv.html\" target=\"_blank\" rel=\"noopener\">Commercial Vehicle Solutions (CVS)<\/a>\u2018 den \u00dcbergang zu einer dekarbonisierten Mobilit\u00e4t unterst\u00fctzen. Das TraXon-2-Hybrid verspricht Nutzfahrzeugherstellern und Flotten eine deutliche Reduzierung der Emissionen.<\/p>\n<h2>Br\u00fccken- und Erg\u00e4nzungstechnologie<\/h2>\n<figure id=\"attachment_40600\" aria-describedby=\"caption-attachment-40600\" style=\"width: 420px\" class=\"wp-caption alignleft\"><a href=\"https:\/\/static.krafthand-truck.de\/uploads\/2024\/09\/03_2024_007_2.jpg\" target=\"_blank\" rel=\"noopener\"><img fetchpriority=\"high\" decoding=\"async\" class=\"wp-image-40600\" src=\"https:\/\/static.krafthand-truck.de\/uploads\/2024\/09\/03_2024_007_2-300x203.jpg\" alt=\"\" width=\"420\" height=\"285\" srcset=\"https:\/\/static.krafthand-truck.de\/uploads\/2024\/09\/03_2024_007_2-300x203.jpg 300w, https:\/\/static.krafthand-truck.de\/uploads\/2024\/09\/03_2024_007_2-1024x694.jpg 1024w, https:\/\/static.krafthand-truck.de\/uploads\/2024\/09\/03_2024_007_2-768x520.jpg 768w, https:\/\/static.krafthand-truck.de\/uploads\/2024\/09\/03_2024_007_2.jpg 1200w\" sizes=\"(max-width: 420px) 100vw, 420px\" \/><\/a><figcaption id=\"caption-attachment-40600\" class=\"wp-caption-text\">Prof. Dr. Peter Laier, pr\u00e4sentiert im Rahmen des ZF Global Technology Days das neue TraXon-2-Hybrid-Getriebe f\u00fcr schwere Nutzfahrzeuge.<\/figcaption><\/figure>\n<p>Tats\u00e4chlich gelangt die Hybridisierung des Antriebsstrangs wieder in den Fokus von Nutzfahrzeugherstellern und Zulieferern, nicht zuletzt, weil sich der Absatz reiner E-Lkw eher schleppend entwickelt. Beispielsweise besch\u00e4ftigt sich auch der Motorenbauer Cummins mit dem Thema. Scania bietet Hybrid- und Hybrid-Plug-in-Fahrzeuge (HEV, PHEV) in unterschiedlichen Konfigurationen f\u00fcr den innerst\u00e4dtischen Verteilerverkehr an. Blicken wir auf den asiatischen Raum, steigt der Anteil an Bussen und Lkw mit Hybridantrieb bereits seit einiger Zeit deutlich an. Galt die Technologie, unabh\u00e4ngig von der technischen Ausf\u00fchrung (P1-, P2-Anordnung oder Range-Extender), lange Zeit als zu teuer, zu komplex und als zu wenig effizient f\u00fcr Nutzfahrzeuganwendungen, erscheint nun die Option des motorischen Downsizings bei Nutzung einer zus\u00e4tzlichen E-Maschine wieder interessant. Tats\u00e4chlich lie\u00dfe sich bei kleineren Dieselmotoren auch Kraftstoff einsparen, bei gleichzeitig reduzierten Schadstoffemissionen. Im Innenstadtbereich ist zudem eine lokal emmissionsfreie Fahrt m\u00f6glich. Das Rekuperieren im Schubbetrieb verspricht aufgrund der deutlich h\u00f6heren Massen beim Bus und beim Lkw mehr Energieeffizienz. Nat\u00fcrlich braucht es dazu hocheffiziente und Ladezyklus-feste Zusatzbatterien. Doch auch hier macht die Technik stetig Fortschritte. In wieweit sich der Hybridantrieb auch bei schweren Lkw, zumindest als \u00dcbergangs- und Erg\u00e4nzungstechnologie, durchsetzen kann, wird sich zeigen. ZF ist mit dem TraXon-2-Hybrid-Getriebe auf jeden Fall aufgestellt.<\/p>\n<h2>Unterschiedliche Geschwindig-<br \/>\nkeiten bei der Dekarbonisierung<\/h2>\n<blockquote><p>\u201eWir gehen mit der Neuentwicklung des Getriebesystems TraXon-2-Hybrid auf die global unterschiedlichen Geschwindigkeiten zur Dekarbonisierung ein, und positionieren ZF als verl\u00e4sslichen Partner, der mit einem flexiblen Portfolio und flexibler Produktion das Tempo der Transformation vorgibt\u201c, so Prof. Dr. Peter Laier, Mitglied des Vorstands der ZF Group und verantwortlich f\u00fcr die ZF-Divisionen \u201aCommercial Vehicle Solutions\u2018.<\/p><\/blockquote>\n<p>ZF Friedrichshafen ist auf der <a href=\"https:\/\/automechanika.messefrankfurt.com\/frankfurt\/de.html\" target=\"_blank\" rel=\"noopener\">Automechanika<\/a> im <strong>Forum 1, Stand A01<\/strong> und auf der <a href=\"https:\/\/www.iaa-transportation.com\/de\" target=\"_blank\" rel=\"noopener\">IAA-Transportation<\/a> in <strong>Halle 21, Stand B54<\/strong> sowie im Freigel\u00e4nde D68 zu finden.<\/p>\n<p><i>Den Beitrag finden Sie auch in der Print-Ausgabe 3-2024 der <a href=\"https:\/\/www.krafthand.de\/truck\/magazin\/\" title=\"Zum Magazin\">Krafthand-Truck<\/a>.<\/i><\/p>\r\n\t\t\t\t<div class=\"post-author\">\r\n\t\t\t\t\t<div class=\"khm-cp-author clearfix\">\r\n\t\t\t\t\t\t<div class=\"khm-cp-author__content\">\r\n\t\t\t\t\t\t\t\tKontakt zum Autor:<br \/>\r\n\t\t\t\t\t\t\t\t<strong>Georg Blenk<\/strong>, 08247 \/ 3007-45 |  <a href=\"mailto:georg.blenk@krafthand-medien.de\">georg.blenk@krafthand-medien.de<\/a>\r\n\t\t\t\t\t\t\t<div class=\"khm-cp-author__image\">\r\n\t\t\t\t\t\t<img src=\"https:\/\/static.krafthand-truck.de\/uploads\/2021\/01\/Blenk_6104-250x300-1-removebg-preview.png\" class=\"img-responsive\">\r\n\t\t\t\t\t<\/div>\r\n\t\t\t\t\t\t<\/div>\r\n\t\t\t\t\t<\/div>\r\n\t\t\t\t<\/div>\r\n\t\t\t\t","protected":false},"excerpt":{"rendered":"<p>Mit der Entwicklung eines neuen Hybridgetriebes m\u00f6chte die ZF-Nutzfahrzeugsparte \u201aCommercial Vehicle Solutions (CVS)\u2018 den \u00dcbergang zu einer dekarbonisierten Mobilit\u00e4t unterst\u00fctzen. Das TraXon-2-Hybrid verspricht Nutzfahrzeugherstellern und Flotten eine deutliche Reduzierung der Emissionen. <span class=\"excerpt-more__dots\">&#8230;<\/span> <a class=\"excerpt-more__link\" href=\"https:\/\/www.krafthand.de\/truck\/artikel\/hybridgetriebe-fuer-schwere-nutzfahrzeuge-40598\/\" >weiter<\/a><\/p>\n","protected":false},"author":11,"featured_media":40599,"comment_status":"closed","ping_status":"closed","sticky":false,"template":"","format":"standard","meta":{"footnotes":""},"categories":[4223,4236],"tags":[1547,1039,6019,187],"settings":[3524,3523],"class_list":["post-40598","post","type-post","status-publish","format-standard","has-post-thumbnail","hentry","category-antrieb","category-veranstaltungen","tag-getriebe","tag-hybrid","tag-hybridgetriebe","tag-zf"],"yoast_head":"<!-- This site is optimized with the Yoast SEO plugin v27.3 - https:\/\/yoast.com\/product\/yoast-seo-wordpress\/ -->\n<title>Hybridgetriebe f\u00fcr schwere Nutzfahrzeuge - Krafthand-Truck<\/title>\n<meta name=\"description\" content=\"Das TraXon-2-Hybridgetriebe von ZF verspricht Nutzfahrzeugherstellern und Flotten eine deutliche Reduzierung der Emissionen.\" \/>\n<meta name=\"robots\" content=\"index, follow, max-snippet:-1, max-image-preview:large, max-video-preview:-1\" \/>\n<link rel=\"canonical\" href=\"https:\/\/www.krafthand.de\/truck\/artikel\/hybridgetriebe-fuer-schwere-nutzfahrzeuge-40598\/\" \/>\n<meta property=\"og:locale\" content=\"de_DE\" \/>\n<meta property=\"og:type\" content=\"article\" \/>\n<meta property=\"og:title\" content=\"Hybridgetriebe f\u00fcr schwere Nutzfahrzeuge - Krafthand-Truck\" \/>\n<meta property=\"og:description\" content=\"Das TraXon-2-Hybridgetriebe von ZF verspricht Nutzfahrzeugherstellern und Flotten eine deutliche Reduzierung der Emissionen.\" \/>\n<meta property=\"og:url\" content=\"https:\/\/www.krafthand-truck.de\/artikel\/hybridgetriebe-fuer-schwere-nutzfahrzeuge-40598\/\" \/>\n<meta property=\"og:site_name\" content=\"Krafthand-Truck\" \/>\n<meta property=\"article:published_time\" content=\"2024-09-02T07:08:53+00:00\" \/>\n<meta property=\"article:modified_time\" content=\"2024-09-02T07:33:03+00:00\" \/>\n<meta property=\"og:image\" content=\"https:\/\/static.krafthand-truck.de\/uploads\/2024\/09\/03_2024_007_1.jpg\" \/>\n\t<meta property=\"og:image:width\" content=\"1400\" \/>\n\t<meta property=\"og:image:height\" content=\"955\" \/>\n\t<meta property=\"og:image:type\" content=\"image\/jpeg\" \/>\n<meta name=\"author\" content=\"Redaktion Truck\" \/>\n<meta name=\"twitter:card\" content=\"summary_large_image\" \/>\n<meta name=\"twitter:label1\" content=\"Verfasst von\" \/>\n\t<meta name=\"twitter:data1\" content=\"Redaktion Truck\" \/>\n\t<meta name=\"twitter:label2\" content=\"Gesch\u00e4tzte Lesezeit\" \/>\n\t<meta name=\"twitter:data2\" content=\"2\u00a0Minuten\" \/>\n<script type=\"application\/ld+json\" class=\"yoast-schema-graph\">{\"@context\":\"https:\\\/\\\/schema.org\",\"@graph\":[{\"@type\":\"Article\",\"@id\":\"https:\\\/\\\/www.krafthand.de\\\/truck\\\/artikel\\\/hybridgetriebe-fuer-schwere-nutzfahrzeuge-40598\\\/#article\",\"isPartOf\":{\"@id\":\"https:\\\/\\\/www.krafthand.de\\\/truck\\\/artikel\\\/hybridgetriebe-fuer-schwere-nutzfahrzeuge-40598\\\/\"},\"author\":{\"name\":\"Redaktion Truck\",\"@id\":\"https:\\\/\\\/www.krafthand.de\\\/truck\\\/#\\\/schema\\\/person\\\/5e47d727209575a4b89376746e24f02f\"},\"headline\":\"Hybridgetriebe f\u00fcr schwere Nutzfahrzeuge\",\"datePublished\":\"2024-09-02T07:08:53+00:00\",\"dateModified\":\"2024-09-02T07:33:03+00:00\",\"mainEntityOfPage\":{\"@id\":\"https:\\\/\\\/www.krafthand.de\\\/truck\\\/artikel\\\/hybridgetriebe-fuer-schwere-nutzfahrzeuge-40598\\\/\"},\"wordCount\":372,\"image\":{\"@id\":\"https:\\\/\\\/www.krafthand.de\\\/truck\\\/artikel\\\/hybridgetriebe-fuer-schwere-nutzfahrzeuge-40598\\\/#primaryimage\"},\"thumbnailUrl\":\"https:\\\/\\\/static.krafthand-truck.de\\\/uploads\\\/2024\\\/09\\\/03_2024_007_1.jpg\",\"keywords\":[\"Getriebe\",\"Hybrid\",\"Hybridgetriebe\",\"ZF\"],\"articleSection\":[\"Antrieb (Motor\\\/Getriebe)\",\"Veranstaltungen\\\/Messen\"],\"inLanguage\":\"de\"},{\"@type\":\"WebPage\",\"@id\":\"https:\\\/\\\/www.krafthand.de\\\/truck\\\/artikel\\\/hybridgetriebe-fuer-schwere-nutzfahrzeuge-40598\\\/\",\"url\":\"https:\\\/\\\/www.krafthand.de\\\/truck\\\/artikel\\\/hybridgetriebe-fuer-schwere-nutzfahrzeuge-40598\\\/\",\"name\":\"Hybridgetriebe f\u00fcr schwere Nutzfahrzeuge - Krafthand-Truck\",\"isPartOf\":{\"@id\":\"https:\\\/\\\/www.krafthand.de\\\/truck\\\/#website\"},\"primaryImageOfPage\":{\"@id\":\"https:\\\/\\\/www.krafthand.de\\\/truck\\\/artikel\\\/hybridgetriebe-fuer-schwere-nutzfahrzeuge-40598\\\/#primaryimage\"},\"image\":{\"@id\":\"https:\\\/\\\/www.krafthand.de\\\/truck\\\/artikel\\\/hybridgetriebe-fuer-schwere-nutzfahrzeuge-40598\\\/#primaryimage\"},\"thumbnailUrl\":\"https:\\\/\\\/static.krafthand-truck.de\\\/uploads\\\/2024\\\/09\\\/03_2024_007_1.jpg\",\"datePublished\":\"2024-09-02T07:08:53+00:00\",\"dateModified\":\"2024-09-02T07:33:03+00:00\",\"author\":{\"@id\":\"https:\\\/\\\/www.krafthand.de\\\/truck\\\/#\\\/schema\\\/person\\\/5e47d727209575a4b89376746e24f02f\"},\"description\":\"Das TraXon-2-Hybridgetriebe von ZF verspricht Nutzfahrzeugherstellern und Flotten eine deutliche Reduzierung der Emissionen.\",\"breadcrumb\":{\"@id\":\"https:\\\/\\\/www.krafthand.de\\\/truck\\\/artikel\\\/hybridgetriebe-fuer-schwere-nutzfahrzeuge-40598\\\/#breadcrumb\"},\"inLanguage\":\"de\",\"potentialAction\":[{\"@type\":\"ReadAction\",\"target\":[\"https:\\\/\\\/www.krafthand.de\\\/truck\\\/artikel\\\/hybridgetriebe-fuer-schwere-nutzfahrzeuge-40598\\\/\"]}]},{\"@type\":\"ImageObject\",\"inLanguage\":\"de\",\"@id\":\"https:\\\/\\\/www.krafthand.de\\\/truck\\\/artikel\\\/hybridgetriebe-fuer-schwere-nutzfahrzeuge-40598\\\/#primaryimage\",\"url\":\"https:\\\/\\\/static.krafthand-truck.de\\\/uploads\\\/2024\\\/09\\\/03_2024_007_1.jpg\",\"contentUrl\":\"https:\\\/\\\/static.krafthand-truck.de\\\/uploads\\\/2024\\\/09\\\/03_2024_007_1.jpg\",\"width\":1400,\"height\":955,\"caption\":\"Weltpremiere: Das neue TraXon-2-Hybrid-Getriebe f\u00fcr schwere Nutzfahrzeuge basiert auf dem TraXon-2-Getriebesystem. Bild: ZF\"},{\"@type\":\"BreadcrumbList\",\"@id\":\"https:\\\/\\\/www.krafthand.de\\\/truck\\\/artikel\\\/hybridgetriebe-fuer-schwere-nutzfahrzeuge-40598\\\/#breadcrumb\",\"itemListElement\":[{\"@type\":\"ListItem\",\"position\":1,\"name\":\"Krafthand-Truck\",\"item\":\"https:\\\/\\\/www.krafthand.de\\\/truck\\\/\"},{\"@type\":\"ListItem\",\"position\":2,\"name\":\"Nfz-Technik\",\"item\":\"https:\\\/\\\/www.krafthand.de\\\/truck\\\/kategorie\\\/nfz-technik\\\/\"},{\"@type\":\"ListItem\",\"position\":3,\"name\":\"Antrieb (Motor\\\/Getriebe)\",\"item\":\"https:\\\/\\\/www.krafthand.de\\\/truck\\\/kategorie\\\/nfz-technik\\\/antrieb\\\/\"},{\"@type\":\"ListItem\",\"position\":4,\"name\":\"Hybridgetriebe f\u00fcr schwere Nutzfahrzeuge\"}]},{\"@type\":\"WebSite\",\"@id\":\"https:\\\/\\\/www.krafthand.de\\\/truck\\\/#website\",\"url\":\"https:\\\/\\\/www.krafthand.de\\\/truck\\\/\",\"name\":\"Krafthand-Truck\",\"description\":\"\",\"potentialAction\":[{\"@type\":\"SearchAction\",\"target\":{\"@type\":\"EntryPoint\",\"urlTemplate\":\"https:\\\/\\\/www.krafthand.de\\\/truck\\\/?s={search_term_string}\"},\"query-input\":{\"@type\":\"PropertyValueSpecification\",\"valueRequired\":true,\"valueName\":\"search_term_string\"}}],\"inLanguage\":\"de\"},{\"@type\":\"Person\",\"@id\":\"https:\\\/\\\/www.krafthand.de\\\/truck\\\/#\\\/schema\\\/person\\\/5e47d727209575a4b89376746e24f02f\",\"name\":\"Redaktion Truck\",\"image\":{\"@type\":\"ImageObject\",\"inLanguage\":\"de\",\"@id\":\"https:\\\/\\\/secure.gravatar.com\\\/avatar\\\/64cedf5d293ad6eb6600c19e949d032ff0090f240174891ab1517d73ead05c87?s=96&d=mm&r=g\",\"url\":\"https:\\\/\\\/secure.gravatar.com\\\/avatar\\\/64cedf5d293ad6eb6600c19e949d032ff0090f240174891ab1517d73ead05c87?s=96&d=mm&r=g\",\"contentUrl\":\"https:\\\/\\\/secure.gravatar.com\\\/avatar\\\/64cedf5d293ad6eb6600c19e949d032ff0090f240174891ab1517d73ead05c87?s=96&d=mm&r=g\",\"caption\":\"Redaktion Truck\"}}]}<\/script>\n<!-- \/ Yoast SEO plugin. -->","yoast_head_json":{"title":"Hybridgetriebe f\u00fcr schwere Nutzfahrzeuge - Krafthand-Truck","description":"Das TraXon-2-Hybridgetriebe von ZF verspricht Nutzfahrzeugherstellern und Flotten eine deutliche Reduzierung der Emissionen.","robots":{"index":"index","follow":"follow","max-snippet":"max-snippet:-1","max-image-preview":"max-image-preview:large","max-video-preview":"max-video-preview:-1"},"canonical":"https:\/\/www.krafthand.de\/truck\/artikel\/hybridgetriebe-fuer-schwere-nutzfahrzeuge-40598\/","og_locale":"de_DE","og_type":"article","og_title":"Hybridgetriebe f\u00fcr schwere Nutzfahrzeuge - Krafthand-Truck","og_description":"Das TraXon-2-Hybridgetriebe von ZF verspricht Nutzfahrzeugherstellern und Flotten eine deutliche Reduzierung der Emissionen.","og_url":"https:\/\/www.krafthand-truck.de\/artikel\/hybridgetriebe-fuer-schwere-nutzfahrzeuge-40598\/","og_site_name":"Krafthand-Truck","article_published_time":"2024-09-02T07:08:53+00:00","article_modified_time":"2024-09-02T07:33:03+00:00","og_image":[{"width":1400,"height":955,"url":"https:\/\/static.krafthand-truck.de\/uploads\/2024\/09\/03_2024_007_1.jpg","type":"image\/jpeg"}],"author":"Redaktion Truck","twitter_card":"summary_large_image","twitter_misc":{"Verfasst von":"Redaktion Truck","Gesch\u00e4tzte Lesezeit":"2\u00a0Minuten"},"schema":{"@context":"https:\/\/schema.org","@graph":[{"@type":"Article","@id":"https:\/\/www.krafthand.de\/truck\/artikel\/hybridgetriebe-fuer-schwere-nutzfahrzeuge-40598\/#article","isPartOf":{"@id":"https:\/\/www.krafthand.de\/truck\/artikel\/hybridgetriebe-fuer-schwere-nutzfahrzeuge-40598\/"},"author":{"name":"Redaktion Truck","@id":"https:\/\/www.krafthand.de\/truck\/#\/schema\/person\/5e47d727209575a4b89376746e24f02f"},"headline":"Hybridgetriebe f\u00fcr schwere Nutzfahrzeuge","datePublished":"2024-09-02T07:08:53+00:00","dateModified":"2024-09-02T07:33:03+00:00","mainEntityOfPage":{"@id":"https:\/\/www.krafthand.de\/truck\/artikel\/hybridgetriebe-fuer-schwere-nutzfahrzeuge-40598\/"},"wordCount":372,"image":{"@id":"https:\/\/www.krafthand.de\/truck\/artikel\/hybridgetriebe-fuer-schwere-nutzfahrzeuge-40598\/#primaryimage"},"thumbnailUrl":"https:\/\/static.krafthand-truck.de\/uploads\/2024\/09\/03_2024_007_1.jpg","keywords":["Getriebe","Hybrid","Hybridgetriebe","ZF"],"articleSection":["Antrieb (Motor\/Getriebe)","Veranstaltungen\/Messen"],"inLanguage":"de"},{"@type":"WebPage","@id":"https:\/\/www.krafthand.de\/truck\/artikel\/hybridgetriebe-fuer-schwere-nutzfahrzeuge-40598\/","url":"https:\/\/www.krafthand.de\/truck\/artikel\/hybridgetriebe-fuer-schwere-nutzfahrzeuge-40598\/","name":"Hybridgetriebe f\u00fcr schwere Nutzfahrzeuge - Krafthand-Truck","isPartOf":{"@id":"https:\/\/www.krafthand.de\/truck\/#website"},"primaryImageOfPage":{"@id":"https:\/\/www.krafthand.de\/truck\/artikel\/hybridgetriebe-fuer-schwere-nutzfahrzeuge-40598\/#primaryimage"},"image":{"@id":"https:\/\/www.krafthand.de\/truck\/artikel\/hybridgetriebe-fuer-schwere-nutzfahrzeuge-40598\/#primaryimage"},"thumbnailUrl":"https:\/\/static.krafthand-truck.de\/uploads\/2024\/09\/03_2024_007_1.jpg","datePublished":"2024-09-02T07:08:53+00:00","dateModified":"2024-09-02T07:33:03+00:00","author":{"@id":"https:\/\/www.krafthand.de\/truck\/#\/schema\/person\/5e47d727209575a4b89376746e24f02f"},"description":"Das TraXon-2-Hybridgetriebe von ZF verspricht Nutzfahrzeugherstellern und Flotten eine deutliche Reduzierung der Emissionen.","breadcrumb":{"@id":"https:\/\/www.krafthand.de\/truck\/artikel\/hybridgetriebe-fuer-schwere-nutzfahrzeuge-40598\/#breadcrumb"},"inLanguage":"de","potentialAction":[{"@type":"ReadAction","target":["https:\/\/www.krafthand.de\/truck\/artikel\/hybridgetriebe-fuer-schwere-nutzfahrzeuge-40598\/"]}]},{"@type":"ImageObject","inLanguage":"de","@id":"https:\/\/www.krafthand.de\/truck\/artikel\/hybridgetriebe-fuer-schwere-nutzfahrzeuge-40598\/#primaryimage","url":"https:\/\/static.krafthand-truck.de\/uploads\/2024\/09\/03_2024_007_1.jpg","contentUrl":"https:\/\/static.krafthand-truck.de\/uploads\/2024\/09\/03_2024_007_1.jpg","width":1400,"height":955,"caption":"Weltpremiere: Das neue TraXon-2-Hybrid-Getriebe f\u00fcr schwere Nutzfahrzeuge basiert auf dem TraXon-2-Getriebesystem. Bild: ZF"},{"@type":"BreadcrumbList","@id":"https:\/\/www.krafthand.de\/truck\/artikel\/hybridgetriebe-fuer-schwere-nutzfahrzeuge-40598\/#breadcrumb","itemListElement":[{"@type":"ListItem","position":1,"name":"Krafthand-Truck","item":"https:\/\/www.krafthand.de\/truck\/"},{"@type":"ListItem","position":2,"name":"Nfz-Technik","item":"https:\/\/www.krafthand.de\/truck\/kategorie\/nfz-technik\/"},{"@type":"ListItem","position":3,"name":"Antrieb (Motor\/Getriebe)","item":"https:\/\/www.krafthand.de\/truck\/kategorie\/nfz-technik\/antrieb\/"},{"@type":"ListItem","position":4,"name":"Hybridgetriebe f\u00fcr schwere Nutzfahrzeuge"}]},{"@type":"WebSite","@id":"https:\/\/www.krafthand.de\/truck\/#website","url":"https:\/\/www.krafthand.de\/truck\/","name":"Krafthand-Truck","description":"","potentialAction":[{"@type":"SearchAction","target":{"@type":"EntryPoint","urlTemplate":"https:\/\/www.krafthand.de\/truck\/?s={search_term_string}"},"query-input":{"@type":"PropertyValueSpecification","valueRequired":true,"valueName":"search_term_string"}}],"inLanguage":"de"},{"@type":"Person","@id":"https:\/\/www.krafthand.de\/truck\/#\/schema\/person\/5e47d727209575a4b89376746e24f02f","name":"Redaktion Truck","image":{"@type":"ImageObject","inLanguage":"de","@id":"https:\/\/secure.gravatar.com\/avatar\/64cedf5d293ad6eb6600c19e949d032ff0090f240174891ab1517d73ead05c87?s=96&d=mm&r=g","url":"https:\/\/secure.gravatar.com\/avatar\/64cedf5d293ad6eb6600c19e949d032ff0090f240174891ab1517d73ead05c87?s=96&d=mm&r=g","contentUrl":"https:\/\/secure.gravatar.com\/avatar\/64cedf5d293ad6eb6600c19e949d032ff0090f240174891ab1517d73ead05c87?s=96&d=mm&r=g","caption":"Redaktion Truck"}}]}},"_links":{"self":[{"href":"https:\/\/www.krafthand.de\/truck\/wp-json\/wp\/v2\/posts\/40598","targetHints":{"allow":["GET"]}}],"collection":[{"href":"https:\/\/www.krafthand.de\/truck\/wp-json\/wp\/v2\/posts"}],"about":[{"href":"https:\/\/www.krafthand.de\/truck\/wp-json\/wp\/v2\/types\/post"}],"author":[{"embeddable":true,"href":"https:\/\/www.krafthand.de\/truck\/wp-json\/wp\/v2\/users\/11"}],"replies":[{"embeddable":true,"href":"https:\/\/www.krafthand.de\/truck\/wp-json\/wp\/v2\/comments?post=40598"}],"version-history":[{"count":8,"href":"https:\/\/www.krafthand.de\/truck\/wp-json\/wp\/v2\/posts\/40598\/revisions"}],"predecessor-version":[{"id":40608,"href":"https:\/\/www.krafthand.de\/truck\/wp-json\/wp\/v2\/posts\/40598\/revisions\/40608"}],"wp:featuredmedia":[{"embeddable":true,"href":"https:\/\/www.krafthand.de\/truck\/wp-json\/wp\/v2\/media\/40599"}],"wp:attachment":[{"href":"https:\/\/www.krafthand.de\/truck\/wp-json\/wp\/v2\/media?parent=40598"}],"wp:term":[{"taxonomy":"category","embeddable":true,"href":"https:\/\/www.krafthand.de\/truck\/wp-json\/wp\/v2\/categories?post=40598"},{"taxonomy":"post_tag","embeddable":true,"href":"https:\/\/www.krafthand.de\/truck\/wp-json\/wp\/v2\/tags?post=40598"},{"taxonomy":"settings","embeddable":true,"href":"https:\/\/www.krafthand.de\/truck\/wp-json\/wp\/v2\/settings?post=40598"}],"curies":[{"name":"wp","href":"https:\/\/api.w.org\/{rel}","templated":true}]}}