{"id":40591,"date":"2024-09-02T08:49:32","date_gmt":"2024-09-02T06:49:32","guid":{"rendered":"https:\/\/www.krafthand.de\/truck\/?p=40591"},"modified":"2024-09-02T09:09:21","modified_gmt":"2024-09-02T07:09:21","slug":"volytica-framo-batteriediagnose-fuer-e-lkw","status":"publish","type":"post","link":"https:\/\/www.krafthand.de\/truck\/artikel\/volytica-framo-batteriediagnose-fuer-e-lkw-40591\/","title":{"rendered":"Volytica \/ FRAMO: Batteriediagnose f\u00fcr E-Lkw"},"content":{"rendered":"<p>Das Technologieunternehmen <a href=\"https:\/\/www.volytica.com\" target=\"_blank\" rel=\"noopener\">Volytica Diagnostics<\/a> mit Sitz in Dresden und der deutsche E-Lkw-Hersteller <a href=\"https:\/\/www.framo-eway.com\/de\/\" target=\"_blank\" rel=\"noopener\">FRAMO<\/a> haben ihre Zusammenarbeit bekannt gegeben. Ziel der Kooperation sei es, den Einsatz der Batterie-Diagnose im Transport-Sektor weiter zu etablieren und gemeinsam den Markthochlauf von E-Lkw zu beschleunigen.<\/p>\n<blockquote><p>\u201eDie Dekarbonisierung des Verkehrssektors ist f\u00fcr die Erreichung der Klimaziele essenziell. Gleicherma\u00dfen ist eine sinnvolle Nutzung kritischer Rohstoffe unerl\u00e4sslich. Bisherige Abh\u00e4ngigkeiten der europ\u00e4ischen Batterie- und nachgelagerten Mobilit\u00e4tsindustrie zwingen die Marktteilnehmer, den Einsatz innovativer L\u00f6sungen zu nutzen, um diese Abh\u00e4ngigkeiten langfristig zu minimieren. Hierzu geh\u00f6rt allen voran, Batteriesysteme qualitativ und unabh\u00e4ngig zu \u00fcberwachen\u201c, so Claudius Jehle, CEO von Volytica.<\/p><\/blockquote>\n<p>Beide Unternehmen haben bereits vor Jahren begonnen, die Probleme und H\u00fcrden des heutigen Marktes anzugehen und arbeiten seither erfolgreich und zielstrebig an der Etablierung und St\u00e4rkung der E-Mobilit\u00e4t, vor allem im Transportsektor.<\/p>\n<blockquote><p>\u201eDurch die Zusammenarbeit mit Volytica erm\u00f6glichen wir unseren Kunden ein erweitertes und verbessertes Serviceangebot, was unsere Marktposition st\u00e4rkt. Die Batterie-Diagnose von Volytica l\u00e4sst uns Probleme erkennen, bevor sie entstehen. Das verl\u00e4ngert nicht nur das Leben unserer Batteriesysteme und Fahrzeuge selbst, sondern hilft bei der Erschlie\u00dfung eines aufkommenden Gebrauchtwagenmarktes, zur Bestimmung von Restwerten und damit einhergehend Garantie- wie Versicherungsangeboten und tr\u00e4gt wesentlich zur Schonung eingesetzter Ressourcen bei\u201c, so Ralf Binnenbruck, CTO von FRAMO.<\/p><\/blockquote>\n<p>Mit einem Portfolio von rein elektrischen Kofferfahrzeugen, Sattelzugmaschinen, kommunalen Abfallsammel-Lkws bis hin zu Betonmischern und Baggern elektrifiziert FRAMO die Bau-, Kommunal- und Citywirtschaft sowie die Transportbranche.<\/p>\n<p>Erst k\u00fcrzlich hat Volytica mit dem Automobilzulieferer Mahle und dem T\u00dcV Nord eine minutenschnelle Batteriepr\u00fcfung \u00fcber den Ladestecker vorgestellt. Die Technologie wird bereits bei einem Flottenanbieter erfolgreich getestet.<\/p>\n<p><i>Den Beitrag finden Sie auch in der Print-Ausgabe 3-3034 der <a href=\"https:\/\/www.krafthand.de\/truck\/magazin\/\" title=\"Zum Magazin\">Krafthand-Truck<\/a>.<\/i><\/p>","protected":false},"excerpt":{"rendered":"<p>Das Technologieunternehmen Volytica Diagnostics mit Sitz in Dresden und der deutsche E-Lkw-Hersteller FRAMO haben ihre Zusammenarbeit bekannt gegeben. Ziel der Kooperation sei es, den Einsatz der Batterie-Diagnose im Transport-Sektor weiter zu etablieren und gemeinsam den Markthochlauf von E-Lkw zu beschleunigen. <span class=\"excerpt-more__dots\">&#8230;<\/span> <a class=\"excerpt-more__link\" href=\"https:\/\/www.krafthand.de\/truck\/artikel\/volytica-framo-batteriediagnose-fuer-e-lkw-40591\/\" >weiter<\/a><\/p>\n","protected":false},"author":11,"featured_media":40592,"comment_status":"closed","ping_status":"closed","sticky":false,"template":"","format":"standard","meta":{"footnotes":""},"categories":[4224],"tags":[1502,6018,4177,5994],"settings":[4766,3523],"class_list":["post-40591","post","type-post","status-publish","format-standard","has-post-thumbnail","hentry","category-e-antrieb","tag-batterie","tag-batterieueberwachnung","tag-e-lkw","tag-framo"],"yoast_head":"<!-- This site is optimized with the Yoast SEO plugin v27.3 - https:\/\/yoast.com\/product\/yoast-seo-wordpress\/ -->\n<title>Volytica \/ FRAMO: Batteriediagnose f\u00fcr E-Lkw - Krafthand-Truck<\/title>\n<meta name=\"description\" content=\"Volytica Diagnostics und FRAMO arbeiten zusammen. Das Ziel: Den Einsatz der Batterie-Diagnose im Transport-Sektor weiter zu etablieren.\" \/>\n<meta name=\"robots\" content=\"index, follow, max-snippet:-1, max-image-preview:large, max-video-preview:-1\" \/>\n<link rel=\"canonical\" href=\"https:\/\/www.krafthand.de\/truck\/artikel\/volytica-framo-batteriediagnose-fuer-e-lkw-40591\/\" \/>\n<meta property=\"og:locale\" content=\"de_DE\" \/>\n<meta property=\"og:type\" content=\"article\" \/>\n<meta property=\"og:title\" content=\"Volytica \/ FRAMO: Batteriediagnose f\u00fcr E-Lkw - Krafthand-Truck\" \/>\n<meta property=\"og:description\" content=\"Volytica Diagnostics und FRAMO arbeiten zusammen. Das Ziel: Den Einsatz der Batterie-Diagnose im Transport-Sektor weiter zu etablieren.\" \/>\n<meta property=\"og:url\" content=\"https:\/\/www.krafthand-truck.de\/artikel\/volytica-framo-batteriediagnose-fuer-e-lkw-40591\/\" \/>\n<meta property=\"og:site_name\" content=\"Krafthand-Truck\" \/>\n<meta property=\"article:published_time\" content=\"2024-09-02T06:49:32+00:00\" \/>\n<meta property=\"article:modified_time\" content=\"2024-09-02T07:09:21+00:00\" \/>\n<meta property=\"og:image\" content=\"https:\/\/static.krafthand-truck.de\/uploads\/2024\/09\/03_2024_033.jpg\" \/>\n\t<meta property=\"og:image:width\" content=\"1400\" \/>\n\t<meta property=\"og:image:height\" content=\"807\" \/>\n\t<meta property=\"og:image:type\" content=\"image\/jpeg\" \/>\n<meta name=\"author\" content=\"Redaktion Truck\" \/>\n<meta name=\"twitter:card\" content=\"summary_large_image\" \/>\n<meta name=\"twitter:label1\" content=\"Verfasst von\" \/>\n\t<meta name=\"twitter:data1\" content=\"Redaktion Truck\" \/>\n\t<meta name=\"twitter:label2\" content=\"Gesch\u00e4tzte Lesezeit\" \/>\n\t<meta name=\"twitter:data2\" content=\"1\u00a0Minute\" \/>\n<script type=\"application\/ld+json\" class=\"yoast-schema-graph\">{\"@context\":\"https:\\\/\\\/schema.org\",\"@graph\":[{\"@type\":\"Article\",\"@id\":\"https:\\\/\\\/www.krafthand.de\\\/truck\\\/artikel\\\/volytica-framo-batteriediagnose-fuer-e-lkw-40591\\\/#article\",\"isPartOf\":{\"@id\":\"https:\\\/\\\/www.krafthand.de\\\/truck\\\/artikel\\\/volytica-framo-batteriediagnose-fuer-e-lkw-40591\\\/\"},\"author\":{\"name\":\"Redaktion Truck\",\"@id\":\"https:\\\/\\\/www.krafthand.de\\\/truck\\\/#\\\/schema\\\/person\\\/5e47d727209575a4b89376746e24f02f\"},\"headline\":\"Volytica \\\/ FRAMO: Batteriediagnose f\u00fcr E-Lkw\",\"datePublished\":\"2024-09-02T06:49:32+00:00\",\"dateModified\":\"2024-09-02T07:09:21+00:00\",\"mainEntityOfPage\":{\"@id\":\"https:\\\/\\\/www.krafthand.de\\\/truck\\\/artikel\\\/volytica-framo-batteriediagnose-fuer-e-lkw-40591\\\/\"},\"wordCount\":284,\"image\":{\"@id\":\"https:\\\/\\\/www.krafthand.de\\\/truck\\\/artikel\\\/volytica-framo-batteriediagnose-fuer-e-lkw-40591\\\/#primaryimage\"},\"thumbnailUrl\":\"https:\\\/\\\/static.krafthand-truck.de\\\/uploads\\\/2024\\\/09\\\/03_2024_033.jpg\",\"keywords\":[\"Batterie\",\"Batterie\u00fcberwachnung\",\"E-Lkw\",\"Framo\"],\"articleSection\":[\"E-Antrieb (BEV\\\/FCEV)\"],\"inLanguage\":\"de\"},{\"@type\":\"WebPage\",\"@id\":\"https:\\\/\\\/www.krafthand.de\\\/truck\\\/artikel\\\/volytica-framo-batteriediagnose-fuer-e-lkw-40591\\\/\",\"url\":\"https:\\\/\\\/www.krafthand.de\\\/truck\\\/artikel\\\/volytica-framo-batteriediagnose-fuer-e-lkw-40591\\\/\",\"name\":\"Volytica \\\/ FRAMO: Batteriediagnose f\u00fcr E-Lkw - Krafthand-Truck\",\"isPartOf\":{\"@id\":\"https:\\\/\\\/www.krafthand.de\\\/truck\\\/#website\"},\"primaryImageOfPage\":{\"@id\":\"https:\\\/\\\/www.krafthand.de\\\/truck\\\/artikel\\\/volytica-framo-batteriediagnose-fuer-e-lkw-40591\\\/#primaryimage\"},\"image\":{\"@id\":\"https:\\\/\\\/www.krafthand.de\\\/truck\\\/artikel\\\/volytica-framo-batteriediagnose-fuer-e-lkw-40591\\\/#primaryimage\"},\"thumbnailUrl\":\"https:\\\/\\\/static.krafthand-truck.de\\\/uploads\\\/2024\\\/09\\\/03_2024_033.jpg\",\"datePublished\":\"2024-09-02T06:49:32+00:00\",\"dateModified\":\"2024-09-02T07:09:21+00:00\",\"author\":{\"@id\":\"https:\\\/\\\/www.krafthand.de\\\/truck\\\/#\\\/schema\\\/person\\\/5e47d727209575a4b89376746e24f02f\"},\"description\":\"Volytica Diagnostics und FRAMO arbeiten zusammen. Das Ziel: Den Einsatz der Batterie-Diagnose im Transport-Sektor weiter zu etablieren.\",\"breadcrumb\":{\"@id\":\"https:\\\/\\\/www.krafthand.de\\\/truck\\\/artikel\\\/volytica-framo-batteriediagnose-fuer-e-lkw-40591\\\/#breadcrumb\"},\"inLanguage\":\"de\",\"potentialAction\":[{\"@type\":\"ReadAction\",\"target\":[\"https:\\\/\\\/www.krafthand.de\\\/truck\\\/artikel\\\/volytica-framo-batteriediagnose-fuer-e-lkw-40591\\\/\"]}]},{\"@type\":\"ImageObject\",\"inLanguage\":\"de\",\"@id\":\"https:\\\/\\\/www.krafthand.de\\\/truck\\\/artikel\\\/volytica-framo-batteriediagnose-fuer-e-lkw-40591\\\/#primaryimage\",\"url\":\"https:\\\/\\\/static.krafthand-truck.de\\\/uploads\\\/2024\\\/09\\\/03_2024_033.jpg\",\"contentUrl\":\"https:\\\/\\\/static.krafthand-truck.de\\\/uploads\\\/2024\\\/09\\\/03_2024_033.jpg\",\"width\":1400,\"height\":807},{\"@type\":\"BreadcrumbList\",\"@id\":\"https:\\\/\\\/www.krafthand.de\\\/truck\\\/artikel\\\/volytica-framo-batteriediagnose-fuer-e-lkw-40591\\\/#breadcrumb\",\"itemListElement\":[{\"@type\":\"ListItem\",\"position\":1,\"name\":\"Krafthand-Truck\",\"item\":\"https:\\\/\\\/www.krafthand.de\\\/truck\\\/\"},{\"@type\":\"ListItem\",\"position\":2,\"name\":\"Nfz-Technik\",\"item\":\"https:\\\/\\\/www.krafthand.de\\\/truck\\\/kategorie\\\/nfz-technik\\\/\"},{\"@type\":\"ListItem\",\"position\":3,\"name\":\"E-Antrieb (BEV\\\/FCEV)\",\"item\":\"https:\\\/\\\/www.krafthand.de\\\/truck\\\/kategorie\\\/nfz-technik\\\/e-antrieb\\\/\"},{\"@type\":\"ListItem\",\"position\":4,\"name\":\"Volytica \\\/ FRAMO: Batteriediagnose f\u00fcr E-Lkw\"}]},{\"@type\":\"WebSite\",\"@id\":\"https:\\\/\\\/www.krafthand.de\\\/truck\\\/#website\",\"url\":\"https:\\\/\\\/www.krafthand.de\\\/truck\\\/\",\"name\":\"Krafthand-Truck\",\"description\":\"\",\"potentialAction\":[{\"@type\":\"SearchAction\",\"target\":{\"@type\":\"EntryPoint\",\"urlTemplate\":\"https:\\\/\\\/www.krafthand.de\\\/truck\\\/?s={search_term_string}\"},\"query-input\":{\"@type\":\"PropertyValueSpecification\",\"valueRequired\":true,\"valueName\":\"search_term_string\"}}],\"inLanguage\":\"de\"},{\"@type\":\"Person\",\"@id\":\"https:\\\/\\\/www.krafthand.de\\\/truck\\\/#\\\/schema\\\/person\\\/5e47d727209575a4b89376746e24f02f\",\"name\":\"Redaktion Truck\",\"image\":{\"@type\":\"ImageObject\",\"inLanguage\":\"de\",\"@id\":\"https:\\\/\\\/secure.gravatar.com\\\/avatar\\\/64cedf5d293ad6eb6600c19e949d032ff0090f240174891ab1517d73ead05c87?s=96&d=mm&r=g\",\"url\":\"https:\\\/\\\/secure.gravatar.com\\\/avatar\\\/64cedf5d293ad6eb6600c19e949d032ff0090f240174891ab1517d73ead05c87?s=96&d=mm&r=g\",\"contentUrl\":\"https:\\\/\\\/secure.gravatar.com\\\/avatar\\\/64cedf5d293ad6eb6600c19e949d032ff0090f240174891ab1517d73ead05c87?s=96&d=mm&r=g\",\"caption\":\"Redaktion Truck\"}}]}<\/script>\n<!-- \/ Yoast SEO plugin. -->","yoast_head_json":{"title":"Volytica \/ FRAMO: Batteriediagnose f\u00fcr E-Lkw - Krafthand-Truck","description":"Volytica Diagnostics und FRAMO arbeiten zusammen. Das Ziel: Den Einsatz der Batterie-Diagnose im Transport-Sektor weiter zu etablieren.","robots":{"index":"index","follow":"follow","max-snippet":"max-snippet:-1","max-image-preview":"max-image-preview:large","max-video-preview":"max-video-preview:-1"},"canonical":"https:\/\/www.krafthand.de\/truck\/artikel\/volytica-framo-batteriediagnose-fuer-e-lkw-40591\/","og_locale":"de_DE","og_type":"article","og_title":"Volytica \/ FRAMO: Batteriediagnose f\u00fcr E-Lkw - Krafthand-Truck","og_description":"Volytica Diagnostics und FRAMO arbeiten zusammen. Das Ziel: Den Einsatz der Batterie-Diagnose im Transport-Sektor weiter zu etablieren.","og_url":"https:\/\/www.krafthand-truck.de\/artikel\/volytica-framo-batteriediagnose-fuer-e-lkw-40591\/","og_site_name":"Krafthand-Truck","article_published_time":"2024-09-02T06:49:32+00:00","article_modified_time":"2024-09-02T07:09:21+00:00","og_image":[{"width":1400,"height":807,"url":"https:\/\/static.krafthand-truck.de\/uploads\/2024\/09\/03_2024_033.jpg","type":"image\/jpeg"}],"author":"Redaktion Truck","twitter_card":"summary_large_image","twitter_misc":{"Verfasst von":"Redaktion Truck","Gesch\u00e4tzte Lesezeit":"1\u00a0Minute"},"schema":{"@context":"https:\/\/schema.org","@graph":[{"@type":"Article","@id":"https:\/\/www.krafthand.de\/truck\/artikel\/volytica-framo-batteriediagnose-fuer-e-lkw-40591\/#article","isPartOf":{"@id":"https:\/\/www.krafthand.de\/truck\/artikel\/volytica-framo-batteriediagnose-fuer-e-lkw-40591\/"},"author":{"name":"Redaktion Truck","@id":"https:\/\/www.krafthand.de\/truck\/#\/schema\/person\/5e47d727209575a4b89376746e24f02f"},"headline":"Volytica \/ FRAMO: Batteriediagnose f\u00fcr E-Lkw","datePublished":"2024-09-02T06:49:32+00:00","dateModified":"2024-09-02T07:09:21+00:00","mainEntityOfPage":{"@id":"https:\/\/www.krafthand.de\/truck\/artikel\/volytica-framo-batteriediagnose-fuer-e-lkw-40591\/"},"wordCount":284,"image":{"@id":"https:\/\/www.krafthand.de\/truck\/artikel\/volytica-framo-batteriediagnose-fuer-e-lkw-40591\/#primaryimage"},"thumbnailUrl":"https:\/\/static.krafthand-truck.de\/uploads\/2024\/09\/03_2024_033.jpg","keywords":["Batterie","Batterie\u00fcberwachnung","E-Lkw","Framo"],"articleSection":["E-Antrieb (BEV\/FCEV)"],"inLanguage":"de"},{"@type":"WebPage","@id":"https:\/\/www.krafthand.de\/truck\/artikel\/volytica-framo-batteriediagnose-fuer-e-lkw-40591\/","url":"https:\/\/www.krafthand.de\/truck\/artikel\/volytica-framo-batteriediagnose-fuer-e-lkw-40591\/","name":"Volytica \/ FRAMO: Batteriediagnose f\u00fcr E-Lkw - Krafthand-Truck","isPartOf":{"@id":"https:\/\/www.krafthand.de\/truck\/#website"},"primaryImageOfPage":{"@id":"https:\/\/www.krafthand.de\/truck\/artikel\/volytica-framo-batteriediagnose-fuer-e-lkw-40591\/#primaryimage"},"image":{"@id":"https:\/\/www.krafthand.de\/truck\/artikel\/volytica-framo-batteriediagnose-fuer-e-lkw-40591\/#primaryimage"},"thumbnailUrl":"https:\/\/static.krafthand-truck.de\/uploads\/2024\/09\/03_2024_033.jpg","datePublished":"2024-09-02T06:49:32+00:00","dateModified":"2024-09-02T07:09:21+00:00","author":{"@id":"https:\/\/www.krafthand.de\/truck\/#\/schema\/person\/5e47d727209575a4b89376746e24f02f"},"description":"Volytica Diagnostics und FRAMO arbeiten zusammen. Das Ziel: Den Einsatz der Batterie-Diagnose im Transport-Sektor weiter zu etablieren.","breadcrumb":{"@id":"https:\/\/www.krafthand.de\/truck\/artikel\/volytica-framo-batteriediagnose-fuer-e-lkw-40591\/#breadcrumb"},"inLanguage":"de","potentialAction":[{"@type":"ReadAction","target":["https:\/\/www.krafthand.de\/truck\/artikel\/volytica-framo-batteriediagnose-fuer-e-lkw-40591\/"]}]},{"@type":"ImageObject","inLanguage":"de","@id":"https:\/\/www.krafthand.de\/truck\/artikel\/volytica-framo-batteriediagnose-fuer-e-lkw-40591\/#primaryimage","url":"https:\/\/static.krafthand-truck.de\/uploads\/2024\/09\/03_2024_033.jpg","contentUrl":"https:\/\/static.krafthand-truck.de\/uploads\/2024\/09\/03_2024_033.jpg","width":1400,"height":807},{"@type":"BreadcrumbList","@id":"https:\/\/www.krafthand.de\/truck\/artikel\/volytica-framo-batteriediagnose-fuer-e-lkw-40591\/#breadcrumb","itemListElement":[{"@type":"ListItem","position":1,"name":"Krafthand-Truck","item":"https:\/\/www.krafthand.de\/truck\/"},{"@type":"ListItem","position":2,"name":"Nfz-Technik","item":"https:\/\/www.krafthand.de\/truck\/kategorie\/nfz-technik\/"},{"@type":"ListItem","position":3,"name":"E-Antrieb (BEV\/FCEV)","item":"https:\/\/www.krafthand.de\/truck\/kategorie\/nfz-technik\/e-antrieb\/"},{"@type":"ListItem","position":4,"name":"Volytica \/ FRAMO: Batteriediagnose f\u00fcr E-Lkw"}]},{"@type":"WebSite","@id":"https:\/\/www.krafthand.de\/truck\/#website","url":"https:\/\/www.krafthand.de\/truck\/","name":"Krafthand-Truck","description":"","potentialAction":[{"@type":"SearchAction","target":{"@type":"EntryPoint","urlTemplate":"https:\/\/www.krafthand.de\/truck\/?s={search_term_string}"},"query-input":{"@type":"PropertyValueSpecification","valueRequired":true,"valueName":"search_term_string"}}],"inLanguage":"de"},{"@type":"Person","@id":"https:\/\/www.krafthand.de\/truck\/#\/schema\/person\/5e47d727209575a4b89376746e24f02f","name":"Redaktion Truck","image":{"@type":"ImageObject","inLanguage":"de","@id":"https:\/\/secure.gravatar.com\/avatar\/64cedf5d293ad6eb6600c19e949d032ff0090f240174891ab1517d73ead05c87?s=96&d=mm&r=g","url":"https:\/\/secure.gravatar.com\/avatar\/64cedf5d293ad6eb6600c19e949d032ff0090f240174891ab1517d73ead05c87?s=96&d=mm&r=g","contentUrl":"https:\/\/secure.gravatar.com\/avatar\/64cedf5d293ad6eb6600c19e949d032ff0090f240174891ab1517d73ead05c87?s=96&d=mm&r=g","caption":"Redaktion Truck"}}]}},"_links":{"self":[{"href":"https:\/\/www.krafthand.de\/truck\/wp-json\/wp\/v2\/posts\/40591","targetHints":{"allow":["GET"]}}],"collection":[{"href":"https:\/\/www.krafthand.de\/truck\/wp-json\/wp\/v2\/posts"}],"about":[{"href":"https:\/\/www.krafthand.de\/truck\/wp-json\/wp\/v2\/types\/post"}],"author":[{"embeddable":true,"href":"https:\/\/www.krafthand.de\/truck\/wp-json\/wp\/v2\/users\/11"}],"replies":[{"embeddable":true,"href":"https:\/\/www.krafthand.de\/truck\/wp-json\/wp\/v2\/comments?post=40591"}],"version-history":[{"count":5,"href":"https:\/\/www.krafthand.de\/truck\/wp-json\/wp\/v2\/posts\/40591\/revisions"}],"predecessor-version":[{"id":40597,"href":"https:\/\/www.krafthand.de\/truck\/wp-json\/wp\/v2\/posts\/40591\/revisions\/40597"}],"wp:featuredmedia":[{"embeddable":true,"href":"https:\/\/www.krafthand.de\/truck\/wp-json\/wp\/v2\/media\/40592"}],"wp:attachment":[{"href":"https:\/\/www.krafthand.de\/truck\/wp-json\/wp\/v2\/media?parent=40591"}],"wp:term":[{"taxonomy":"category","embeddable":true,"href":"https:\/\/www.krafthand.de\/truck\/wp-json\/wp\/v2\/categories?post=40591"},{"taxonomy":"post_tag","embeddable":true,"href":"https:\/\/www.krafthand.de\/truck\/wp-json\/wp\/v2\/tags?post=40591"},{"taxonomy":"settings","embeddable":true,"href":"https:\/\/www.krafthand.de\/truck\/wp-json\/wp\/v2\/settings?post=40591"}],"curies":[{"name":"wp","href":"https:\/\/api.w.org\/{rel}","templated":true}]}}