{"id":40584,"date":"2024-08-30T08:24:35","date_gmt":"2024-08-30T06:24:35","guid":{"rendered":"https:\/\/www.krafthand.de\/truck\/?p=40584"},"modified":"2024-08-30T08:24:35","modified_gmt":"2024-08-30T06:24:35","slug":"aftermarket-loesungen-fuer-nutzfahrzeuge-von-saf-holland","status":"publish","type":"post","link":"https:\/\/www.krafthand.de\/truck\/artikel\/aftermarket-loesungen-fuer-nutzfahrzeuge-von-saf-holland-40584\/","title":{"rendered":"Aftermarket-L\u00f6sungen f\u00fcr Nutzfahrzeuge von SAF-HOLLAND"},"content":{"rendered":"<p>SAF-HOLLAND zeigt gemeinsam mit Haldex auf der Automechanika in Frankfurt seine Original-Parts und Aftermarket-L\u00f6sungen f\u00fcr Nutzfahrzeuge. Im Fokus stehen das Haldex-Wiederaufbereitungsprogramm f\u00fcr Bremss\u00e4ttel, das SH I.Q. Portal f\u00fcr digitale Dienstleistungen sowie die NFC-Technologie zur Identifikation von Ersatzteilen. Dar\u00fcber hinaus pr\u00e4sentiert das Unternehmen sein Ersatzteilsortiment der Zweitmarke \u201aSauer-Quality-Parts\u2018.<\/p>\n<p>Ein Highlight der Messepr\u00e4senz von SAF-HOLLAND und <a href=\"https:\/\/www.haldex.com\/de\/Europe\/\" target=\"_blank\" rel=\"noopener\">Haldex<\/a> ist das Wiederaufbereitungsprogramm f\u00fcr Bremss\u00e4ttel. Ausgediente Komponenten werden professionell aufgearbeitet und erhalten so ein zweites Leben. Diese Vorgehensweise spart wertvolle Ressourcen und reduziert den CO2-Aussto\u00df.<\/p>\n<p>Das sogenannte SH I.Q. Portal ist ein weiterer Messeschwerpunkt: Die Online-Plattform b\u00fcndelt zahlreiche digitale Angebote von SAF-HOLLAND und steht f\u00fcr \u201aIntelligent Quality\u2018. Das Portal umfasst unter anderem den elektronischen Ersatzteilkatalog Parts on Demand (PoD), der mit einer smarten Suchfunktion ausgestattet ist. Nutzer finden schnell und effizient die ben\u00f6tigten Daten, Dokumente und Informationen. Nfz-Werkst\u00e4tten und Flottenbetreiber sollen von der Zeitersparnis und einer optimierten Ersatzteilversorgung profitieren.<\/p>\n<p>Zur schnellen und sicheren Identifikation von Ersatzteilen, setzt <a href=\"https:\/\/safholland.com\/de\/de\/\" target=\"_blank\" rel=\"noopener\">SAF-HOLLAND<\/a> auf die NFC-Technologie (Near-Field-Communication). Durch die Integration von NFC-Chips in die Produkte lassen sich Ersatzteile in Sekundenschnelle per NFC-f\u00e4higem Smartphone oder Tablet auslesen. Dies erleichtert Ersatzteilh\u00e4ndlern, Flotten und Werkst\u00e4tten die Arbeit, minimiert Fehler und verk\u00fcrzt die Ausfallzeiten der Fahrzeuge.<\/p>\n<p>Last but not least stellt SAF-Holland zusammen mit Haldex in Frankfurt die Zweitmarke \u201aSauer-Quality-Parts\u2018 vor. Das Angebot umfasst Verschlei\u00dfteile f\u00fcr Bremsen und Luftfederungen, Luftbeh\u00e4lter, St\u00fctzwinden, Schmierstoffe und Stahlfelgen.<\/p>\n<p>SAF-HOLLAND ist auf der <a href=\"https:\/\/automechanika.messefrankfurt.com\/frankfurt\/de.html\" target=\"_blank\" rel=\"noopener\">Automechanika<\/a> in <strong>Halle 6.0, Stand B20<\/strong> und auf der <a href=\"https:\/\/www.iaa-transportation.com\/de\" target=\"_blank\" rel=\"noopener\">IAA-Transportation<\/a> in <strong>Halle 26, Stand A06<\/strong> zu finden.<\/p>\n<p><i>Den Beitrag finden Sie auch in der Print-Ausgabe 3-2024 der <a href=\"https:\/\/www.krafthand.de\/truck\/magazin\/\" title=\"Zum Magazin\">Krafthand-Truck<\/a>.<\/i><\/p>","protected":false},"excerpt":{"rendered":"<p>SAF-HOLLAND zeigt gemeinsam mit Haldex auf der Automechanika in Frankfurt seine Original-Parts und Aftermarket-L\u00f6sungen f\u00fcr Nutzfahrzeuge. Im Fokus stehen das Haldex-Wiederaufbereitungsprogramm f\u00fcr Bremss\u00e4ttel, das SH I.Q. <span class=\"excerpt-more__dots\">&#8230;<\/span> <a class=\"excerpt-more__link\" href=\"https:\/\/www.krafthand.de\/truck\/artikel\/aftermarket-loesungen-fuer-nutzfahrzeuge-von-saf-holland-40584\/\" >weiter<\/a><\/p>\n","protected":false},"author":11,"featured_media":40585,"comment_status":"closed","ping_status":"closed","sticky":false,"template":"","format":"standard","meta":{"footnotes":""},"categories":[4227,4236],"tags":[227,1915,1111],"settings":[4766,3523],"class_list":["post-40584","post","type-post","status-publish","format-standard","has-post-thumbnail","hentry","category-rad-reifen-bremse","category-veranstaltungen","tag-bremse","tag-haldex","tag-saf-holland"],"yoast_head":"<!-- This site is optimized with the Yoast SEO plugin v27.3 - https:\/\/yoast.com\/product\/yoast-seo-wordpress\/ -->\n<title>Aftermarket-L\u00f6sungen f\u00fcr Nutzfahrzeuge von SAF-HOLLAND - Krafthand-Truck<\/title>\n<meta name=\"description\" content=\"SAF-HOLLAND zeigt gemeinsam mit Haldex auf der Automechanika in Frankfurt seine Original-Parts und Aftermarket-L\u00f6sungen f\u00fcr Nutzfahrzeuge.\" \/>\n<meta name=\"robots\" content=\"index, follow, max-snippet:-1, max-image-preview:large, max-video-preview:-1\" \/>\n<link rel=\"canonical\" href=\"https:\/\/www.krafthand.de\/truck\/artikel\/aftermarket-loesungen-fuer-nutzfahrzeuge-von-saf-holland-40584\/\" \/>\n<meta property=\"og:locale\" content=\"de_DE\" \/>\n<meta property=\"og:type\" content=\"article\" \/>\n<meta property=\"og:title\" content=\"Aftermarket-L\u00f6sungen f\u00fcr Nutzfahrzeuge von SAF-HOLLAND - Krafthand-Truck\" \/>\n<meta property=\"og:description\" content=\"SAF-HOLLAND zeigt gemeinsam mit Haldex auf der Automechanika in Frankfurt seine Original-Parts und Aftermarket-L\u00f6sungen f\u00fcr Nutzfahrzeuge.\" \/>\n<meta property=\"og:url\" content=\"https:\/\/www.krafthand-truck.de\/artikel\/aftermarket-loesungen-fuer-nutzfahrzeuge-von-saf-holland-40584\/\" \/>\n<meta property=\"og:site_name\" content=\"Krafthand-Truck\" \/>\n<meta property=\"article:published_time\" content=\"2024-08-30T06:24:35+00:00\" \/>\n<meta property=\"og:image\" content=\"https:\/\/static.krafthand-truck.de\/uploads\/2024\/08\/03_2024_015.jpg\" \/>\n\t<meta property=\"og:image:width\" content=\"1400\" \/>\n\t<meta property=\"og:image:height\" content=\"1145\" \/>\n\t<meta property=\"og:image:type\" content=\"image\/jpeg\" \/>\n<meta name=\"author\" content=\"Redaktion Truck\" \/>\n<meta name=\"twitter:card\" content=\"summary_large_image\" \/>\n<meta name=\"twitter:label1\" content=\"Verfasst von\" \/>\n\t<meta name=\"twitter:data1\" content=\"Redaktion Truck\" \/>\n\t<meta name=\"twitter:label2\" content=\"Gesch\u00e4tzte Lesezeit\" \/>\n\t<meta name=\"twitter:data2\" content=\"2\u00a0Minuten\" \/>\n<script type=\"application\/ld+json\" class=\"yoast-schema-graph\">{\"@context\":\"https:\\\/\\\/schema.org\",\"@graph\":[{\"@type\":\"Article\",\"@id\":\"https:\\\/\\\/www.krafthand.de\\\/truck\\\/artikel\\\/aftermarket-loesungen-fuer-nutzfahrzeuge-von-saf-holland-40584\\\/#article\",\"isPartOf\":{\"@id\":\"https:\\\/\\\/www.krafthand.de\\\/truck\\\/artikel\\\/aftermarket-loesungen-fuer-nutzfahrzeuge-von-saf-holland-40584\\\/\"},\"author\":{\"name\":\"Redaktion Truck\",\"@id\":\"https:\\\/\\\/www.krafthand.de\\\/truck\\\/#\\\/schema\\\/person\\\/5e47d727209575a4b89376746e24f02f\"},\"headline\":\"Aftermarket-L\u00f6sungen f\u00fcr Nutzfahrzeuge von SAF-HOLLAND\",\"datePublished\":\"2024-08-30T06:24:35+00:00\",\"mainEntityOfPage\":{\"@id\":\"https:\\\/\\\/www.krafthand.de\\\/truck\\\/artikel\\\/aftermarket-loesungen-fuer-nutzfahrzeuge-von-saf-holland-40584\\\/\"},\"wordCount\":271,\"image\":{\"@id\":\"https:\\\/\\\/www.krafthand.de\\\/truck\\\/artikel\\\/aftermarket-loesungen-fuer-nutzfahrzeuge-von-saf-holland-40584\\\/#primaryimage\"},\"thumbnailUrl\":\"https:\\\/\\\/static.krafthand-truck.de\\\/uploads\\\/2024\\\/08\\\/03_2024_015.jpg\",\"keywords\":[\"Bremse\",\"Haldex\",\"SAF-HOLLAND\"],\"articleSection\":[\"Rad\\\/Reifen\\\/Bremse\",\"Veranstaltungen\\\/Messen\"],\"inLanguage\":\"de\"},{\"@type\":\"WebPage\",\"@id\":\"https:\\\/\\\/www.krafthand.de\\\/truck\\\/artikel\\\/aftermarket-loesungen-fuer-nutzfahrzeuge-von-saf-holland-40584\\\/\",\"url\":\"https:\\\/\\\/www.krafthand.de\\\/truck\\\/artikel\\\/aftermarket-loesungen-fuer-nutzfahrzeuge-von-saf-holland-40584\\\/\",\"name\":\"Aftermarket-L\u00f6sungen f\u00fcr Nutzfahrzeuge von SAF-HOLLAND - Krafthand-Truck\",\"isPartOf\":{\"@id\":\"https:\\\/\\\/www.krafthand.de\\\/truck\\\/#website\"},\"primaryImageOfPage\":{\"@id\":\"https:\\\/\\\/www.krafthand.de\\\/truck\\\/artikel\\\/aftermarket-loesungen-fuer-nutzfahrzeuge-von-saf-holland-40584\\\/#primaryimage\"},\"image\":{\"@id\":\"https:\\\/\\\/www.krafthand.de\\\/truck\\\/artikel\\\/aftermarket-loesungen-fuer-nutzfahrzeuge-von-saf-holland-40584\\\/#primaryimage\"},\"thumbnailUrl\":\"https:\\\/\\\/static.krafthand-truck.de\\\/uploads\\\/2024\\\/08\\\/03_2024_015.jpg\",\"datePublished\":\"2024-08-30T06:24:35+00:00\",\"author\":{\"@id\":\"https:\\\/\\\/www.krafthand.de\\\/truck\\\/#\\\/schema\\\/person\\\/5e47d727209575a4b89376746e24f02f\"},\"description\":\"SAF-HOLLAND zeigt gemeinsam mit Haldex auf der Automechanika in Frankfurt seine Original-Parts und Aftermarket-L\u00f6sungen f\u00fcr Nutzfahrzeuge.\",\"breadcrumb\":{\"@id\":\"https:\\\/\\\/www.krafthand.de\\\/truck\\\/artikel\\\/aftermarket-loesungen-fuer-nutzfahrzeuge-von-saf-holland-40584\\\/#breadcrumb\"},\"inLanguage\":\"de\",\"potentialAction\":[{\"@type\":\"ReadAction\",\"target\":[\"https:\\\/\\\/www.krafthand.de\\\/truck\\\/artikel\\\/aftermarket-loesungen-fuer-nutzfahrzeuge-von-saf-holland-40584\\\/\"]}]},{\"@type\":\"ImageObject\",\"inLanguage\":\"de\",\"@id\":\"https:\\\/\\\/www.krafthand.de\\\/truck\\\/artikel\\\/aftermarket-loesungen-fuer-nutzfahrzeuge-von-saf-holland-40584\\\/#primaryimage\",\"url\":\"https:\\\/\\\/static.krafthand-truck.de\\\/uploads\\\/2024\\\/08\\\/03_2024_015.jpg\",\"contentUrl\":\"https:\\\/\\\/static.krafthand-truck.de\\\/uploads\\\/2024\\\/08\\\/03_2024_015.jpg\",\"width\":1400,\"height\":1145,\"caption\":\"Durch das Haldex-Wiederaufbereitungsprogramm erhalten Bremss\u00e4ttel ein zweites Leben. Bild: SAF-Holland\"},{\"@type\":\"BreadcrumbList\",\"@id\":\"https:\\\/\\\/www.krafthand.de\\\/truck\\\/artikel\\\/aftermarket-loesungen-fuer-nutzfahrzeuge-von-saf-holland-40584\\\/#breadcrumb\",\"itemListElement\":[{\"@type\":\"ListItem\",\"position\":1,\"name\":\"Krafthand-Truck\",\"item\":\"https:\\\/\\\/www.krafthand.de\\\/truck\\\/\"},{\"@type\":\"ListItem\",\"position\":2,\"name\":\"Nfz-Technik\",\"item\":\"https:\\\/\\\/www.krafthand.de\\\/truck\\\/kategorie\\\/nfz-technik\\\/\"},{\"@type\":\"ListItem\",\"position\":3,\"name\":\"Rad\\\/Reifen\\\/Bremse\",\"item\":\"https:\\\/\\\/www.krafthand.de\\\/truck\\\/kategorie\\\/nfz-technik\\\/rad-reifen-bremse\\\/\"},{\"@type\":\"ListItem\",\"position\":4,\"name\":\"Aftermarket-L\u00f6sungen f\u00fcr Nutzfahrzeuge von SAF-HOLLAND\"}]},{\"@type\":\"WebSite\",\"@id\":\"https:\\\/\\\/www.krafthand.de\\\/truck\\\/#website\",\"url\":\"https:\\\/\\\/www.krafthand.de\\\/truck\\\/\",\"name\":\"Krafthand-Truck\",\"description\":\"\",\"potentialAction\":[{\"@type\":\"SearchAction\",\"target\":{\"@type\":\"EntryPoint\",\"urlTemplate\":\"https:\\\/\\\/www.krafthand.de\\\/truck\\\/?s={search_term_string}\"},\"query-input\":{\"@type\":\"PropertyValueSpecification\",\"valueRequired\":true,\"valueName\":\"search_term_string\"}}],\"inLanguage\":\"de\"},{\"@type\":\"Person\",\"@id\":\"https:\\\/\\\/www.krafthand.de\\\/truck\\\/#\\\/schema\\\/person\\\/5e47d727209575a4b89376746e24f02f\",\"name\":\"Redaktion Truck\",\"image\":{\"@type\":\"ImageObject\",\"inLanguage\":\"de\",\"@id\":\"https:\\\/\\\/secure.gravatar.com\\\/avatar\\\/64cedf5d293ad6eb6600c19e949d032ff0090f240174891ab1517d73ead05c87?s=96&d=mm&r=g\",\"url\":\"https:\\\/\\\/secure.gravatar.com\\\/avatar\\\/64cedf5d293ad6eb6600c19e949d032ff0090f240174891ab1517d73ead05c87?s=96&d=mm&r=g\",\"contentUrl\":\"https:\\\/\\\/secure.gravatar.com\\\/avatar\\\/64cedf5d293ad6eb6600c19e949d032ff0090f240174891ab1517d73ead05c87?s=96&d=mm&r=g\",\"caption\":\"Redaktion Truck\"}}]}<\/script>\n<!-- \/ Yoast SEO plugin. -->","yoast_head_json":{"title":"Aftermarket-L\u00f6sungen f\u00fcr Nutzfahrzeuge von SAF-HOLLAND - Krafthand-Truck","description":"SAF-HOLLAND zeigt gemeinsam mit Haldex auf der Automechanika in Frankfurt seine Original-Parts und Aftermarket-L\u00f6sungen f\u00fcr Nutzfahrzeuge.","robots":{"index":"index","follow":"follow","max-snippet":"max-snippet:-1","max-image-preview":"max-image-preview:large","max-video-preview":"max-video-preview:-1"},"canonical":"https:\/\/www.krafthand.de\/truck\/artikel\/aftermarket-loesungen-fuer-nutzfahrzeuge-von-saf-holland-40584\/","og_locale":"de_DE","og_type":"article","og_title":"Aftermarket-L\u00f6sungen f\u00fcr Nutzfahrzeuge von SAF-HOLLAND - Krafthand-Truck","og_description":"SAF-HOLLAND zeigt gemeinsam mit Haldex auf der Automechanika in Frankfurt seine Original-Parts und Aftermarket-L\u00f6sungen f\u00fcr Nutzfahrzeuge.","og_url":"https:\/\/www.krafthand-truck.de\/artikel\/aftermarket-loesungen-fuer-nutzfahrzeuge-von-saf-holland-40584\/","og_site_name":"Krafthand-Truck","article_published_time":"2024-08-30T06:24:35+00:00","og_image":[{"width":1400,"height":1145,"url":"https:\/\/static.krafthand-truck.de\/uploads\/2024\/08\/03_2024_015.jpg","type":"image\/jpeg"}],"author":"Redaktion Truck","twitter_card":"summary_large_image","twitter_misc":{"Verfasst von":"Redaktion Truck","Gesch\u00e4tzte Lesezeit":"2\u00a0Minuten"},"schema":{"@context":"https:\/\/schema.org","@graph":[{"@type":"Article","@id":"https:\/\/www.krafthand.de\/truck\/artikel\/aftermarket-loesungen-fuer-nutzfahrzeuge-von-saf-holland-40584\/#article","isPartOf":{"@id":"https:\/\/www.krafthand.de\/truck\/artikel\/aftermarket-loesungen-fuer-nutzfahrzeuge-von-saf-holland-40584\/"},"author":{"name":"Redaktion Truck","@id":"https:\/\/www.krafthand.de\/truck\/#\/schema\/person\/5e47d727209575a4b89376746e24f02f"},"headline":"Aftermarket-L\u00f6sungen f\u00fcr Nutzfahrzeuge von SAF-HOLLAND","datePublished":"2024-08-30T06:24:35+00:00","mainEntityOfPage":{"@id":"https:\/\/www.krafthand.de\/truck\/artikel\/aftermarket-loesungen-fuer-nutzfahrzeuge-von-saf-holland-40584\/"},"wordCount":271,"image":{"@id":"https:\/\/www.krafthand.de\/truck\/artikel\/aftermarket-loesungen-fuer-nutzfahrzeuge-von-saf-holland-40584\/#primaryimage"},"thumbnailUrl":"https:\/\/static.krafthand-truck.de\/uploads\/2024\/08\/03_2024_015.jpg","keywords":["Bremse","Haldex","SAF-HOLLAND"],"articleSection":["Rad\/Reifen\/Bremse","Veranstaltungen\/Messen"],"inLanguage":"de"},{"@type":"WebPage","@id":"https:\/\/www.krafthand.de\/truck\/artikel\/aftermarket-loesungen-fuer-nutzfahrzeuge-von-saf-holland-40584\/","url":"https:\/\/www.krafthand.de\/truck\/artikel\/aftermarket-loesungen-fuer-nutzfahrzeuge-von-saf-holland-40584\/","name":"Aftermarket-L\u00f6sungen f\u00fcr Nutzfahrzeuge von SAF-HOLLAND - Krafthand-Truck","isPartOf":{"@id":"https:\/\/www.krafthand.de\/truck\/#website"},"primaryImageOfPage":{"@id":"https:\/\/www.krafthand.de\/truck\/artikel\/aftermarket-loesungen-fuer-nutzfahrzeuge-von-saf-holland-40584\/#primaryimage"},"image":{"@id":"https:\/\/www.krafthand.de\/truck\/artikel\/aftermarket-loesungen-fuer-nutzfahrzeuge-von-saf-holland-40584\/#primaryimage"},"thumbnailUrl":"https:\/\/static.krafthand-truck.de\/uploads\/2024\/08\/03_2024_015.jpg","datePublished":"2024-08-30T06:24:35+00:00","author":{"@id":"https:\/\/www.krafthand.de\/truck\/#\/schema\/person\/5e47d727209575a4b89376746e24f02f"},"description":"SAF-HOLLAND zeigt gemeinsam mit Haldex auf der Automechanika in Frankfurt seine Original-Parts und Aftermarket-L\u00f6sungen f\u00fcr Nutzfahrzeuge.","breadcrumb":{"@id":"https:\/\/www.krafthand.de\/truck\/artikel\/aftermarket-loesungen-fuer-nutzfahrzeuge-von-saf-holland-40584\/#breadcrumb"},"inLanguage":"de","potentialAction":[{"@type":"ReadAction","target":["https:\/\/www.krafthand.de\/truck\/artikel\/aftermarket-loesungen-fuer-nutzfahrzeuge-von-saf-holland-40584\/"]}]},{"@type":"ImageObject","inLanguage":"de","@id":"https:\/\/www.krafthand.de\/truck\/artikel\/aftermarket-loesungen-fuer-nutzfahrzeuge-von-saf-holland-40584\/#primaryimage","url":"https:\/\/static.krafthand-truck.de\/uploads\/2024\/08\/03_2024_015.jpg","contentUrl":"https:\/\/static.krafthand-truck.de\/uploads\/2024\/08\/03_2024_015.jpg","width":1400,"height":1145,"caption":"Durch das Haldex-Wiederaufbereitungsprogramm erhalten Bremss\u00e4ttel ein zweites Leben. Bild: SAF-Holland"},{"@type":"BreadcrumbList","@id":"https:\/\/www.krafthand.de\/truck\/artikel\/aftermarket-loesungen-fuer-nutzfahrzeuge-von-saf-holland-40584\/#breadcrumb","itemListElement":[{"@type":"ListItem","position":1,"name":"Krafthand-Truck","item":"https:\/\/www.krafthand.de\/truck\/"},{"@type":"ListItem","position":2,"name":"Nfz-Technik","item":"https:\/\/www.krafthand.de\/truck\/kategorie\/nfz-technik\/"},{"@type":"ListItem","position":3,"name":"Rad\/Reifen\/Bremse","item":"https:\/\/www.krafthand.de\/truck\/kategorie\/nfz-technik\/rad-reifen-bremse\/"},{"@type":"ListItem","position":4,"name":"Aftermarket-L\u00f6sungen f\u00fcr Nutzfahrzeuge von SAF-HOLLAND"}]},{"@type":"WebSite","@id":"https:\/\/www.krafthand.de\/truck\/#website","url":"https:\/\/www.krafthand.de\/truck\/","name":"Krafthand-Truck","description":"","potentialAction":[{"@type":"SearchAction","target":{"@type":"EntryPoint","urlTemplate":"https:\/\/www.krafthand.de\/truck\/?s={search_term_string}"},"query-input":{"@type":"PropertyValueSpecification","valueRequired":true,"valueName":"search_term_string"}}],"inLanguage":"de"},{"@type":"Person","@id":"https:\/\/www.krafthand.de\/truck\/#\/schema\/person\/5e47d727209575a4b89376746e24f02f","name":"Redaktion Truck","image":{"@type":"ImageObject","inLanguage":"de","@id":"https:\/\/secure.gravatar.com\/avatar\/64cedf5d293ad6eb6600c19e949d032ff0090f240174891ab1517d73ead05c87?s=96&d=mm&r=g","url":"https:\/\/secure.gravatar.com\/avatar\/64cedf5d293ad6eb6600c19e949d032ff0090f240174891ab1517d73ead05c87?s=96&d=mm&r=g","contentUrl":"https:\/\/secure.gravatar.com\/avatar\/64cedf5d293ad6eb6600c19e949d032ff0090f240174891ab1517d73ead05c87?s=96&d=mm&r=g","caption":"Redaktion Truck"}}]}},"_links":{"self":[{"href":"https:\/\/www.krafthand.de\/truck\/wp-json\/wp\/v2\/posts\/40584","targetHints":{"allow":["GET"]}}],"collection":[{"href":"https:\/\/www.krafthand.de\/truck\/wp-json\/wp\/v2\/posts"}],"about":[{"href":"https:\/\/www.krafthand.de\/truck\/wp-json\/wp\/v2\/types\/post"}],"author":[{"embeddable":true,"href":"https:\/\/www.krafthand.de\/truck\/wp-json\/wp\/v2\/users\/11"}],"replies":[{"embeddable":true,"href":"https:\/\/www.krafthand.de\/truck\/wp-json\/wp\/v2\/comments?post=40584"}],"version-history":[{"count":5,"href":"https:\/\/www.krafthand.de\/truck\/wp-json\/wp\/v2\/posts\/40584\/revisions"}],"predecessor-version":[{"id":40590,"href":"https:\/\/www.krafthand.de\/truck\/wp-json\/wp\/v2\/posts\/40584\/revisions\/40590"}],"wp:featuredmedia":[{"embeddable":true,"href":"https:\/\/www.krafthand.de\/truck\/wp-json\/wp\/v2\/media\/40585"}],"wp:attachment":[{"href":"https:\/\/www.krafthand.de\/truck\/wp-json\/wp\/v2\/media?parent=40584"}],"wp:term":[{"taxonomy":"category","embeddable":true,"href":"https:\/\/www.krafthand.de\/truck\/wp-json\/wp\/v2\/categories?post=40584"},{"taxonomy":"post_tag","embeddable":true,"href":"https:\/\/www.krafthand.de\/truck\/wp-json\/wp\/v2\/tags?post=40584"},{"taxonomy":"settings","embeddable":true,"href":"https:\/\/www.krafthand.de\/truck\/wp-json\/wp\/v2\/settings?post=40584"}],"curies":[{"name":"wp","href":"https:\/\/api.w.org\/{rel}","templated":true}]}}