{"id":40527,"date":"2024-08-28T10:51:22","date_gmt":"2024-08-28T08:51:22","guid":{"rendered":"https:\/\/www.krafthand.de\/truck\/?p=40527"},"modified":"2024-08-28T10:51:22","modified_gmt":"2024-08-28T08:51:22","slug":"borgwarner-zeigt-in-hannover-batteriepacks-und-neue-ladestation","status":"publish","type":"post","link":"https:\/\/www.krafthand.de\/truck\/artikel\/borgwarner-zeigt-in-hannover-batteriepacks-und-neue-ladestation-40527\/","title":{"rendered":"BorgWarner zeigt in Hannover Batteriepacks und neue Ladestation"},"content":{"rendered":"<p>BorgWarner zeigt auf der IAA-Transportation diverse Produktneuheiten f\u00fcr die Nfz-Industrie. So werden beispielsweise neue Lithium-Eisenphosphat (LFP)-Batteriepacks f\u00fcr Nutzfahrzeuge vorgestellt, die auf der\u00a0 Zusammenarbeit zwischen BorgWarner und <a href=\"https:\/\/www.fdbatt.com\/de\" target=\"_blank\" rel=\"noopener\">FinDreams Batteries<\/a> basieren. Zus\u00e4tzlich zeigt\u00a0<a href=\"https:\/\/www.borgwarner.com\/home\" target=\"_blank\" rel=\"noopener\">BorgWarner<\/a> eine neue DC-Ladestation, mit einem skalierbaren Leistungsbereich von 120 kW bis 360 kW.<\/p>\n<blockquote><p>\u201eWir freuen uns, erneut Teil der IAA-Transportation zu sein. Es ist eine gro\u00dfartige Gelegenheit, unsere Technologien f\u00fcr effiziente und saubere Nutzfahrzeuge vorzustellen, sei es elektrisch, hybrid oder verbrennungsmotorisch\u201c, sagte Dr. Paul Farrell, BorgWarner Executive Vice President und Chief Strategy Officer.<\/p><\/blockquote>\n<p>Neben der Premiere der LFP-Batteriepacks und der neuen DC-Ladestation pr\u00e4sentiert BorgWarner eine umfassende Palette weiterer Nutzfahrzeugtechnologien, darunter Inverter, eMotoren, hocheffiziente Turbolader, Thermomanagementl\u00f6sungen wie Batteriek\u00fchler, 800V eFans und Abgasr\u00fcckf\u00fchrungssysteme.<\/p>\n<p>BorgWarner ist auf der IAA-Transportation (17. bis 22. September 2024 in Hannover) in <strong>Halle 12, Stand C65<\/strong> zu finden.<\/p>\n","protected":false},"excerpt":{"rendered":"<p>BorgWarner zeigt auf der IAA-Transportation diverse Produktneuheiten f\u00fcr die Nfz-Industrie. So werden beispielsweise neue Lithium-Eisenphosphat (LFP)-Batteriepacks f\u00fcr Nutzfahrzeuge vorgestellt, die auf der\u00a0 Zusammenarbeit zwischen BorgWarner und FinDreams Batteries basieren. <span class=\"excerpt-more__dots\">&#8230;<\/span> <a class=\"excerpt-more__link\" href=\"https:\/\/www.krafthand.de\/truck\/artikel\/borgwarner-zeigt-in-hannover-batteriepacks-und-neue-ladestation-40527\/\" >weiter<\/a><\/p>\n","protected":false},"author":9,"featured_media":40535,"comment_status":"closed","ping_status":"closed","sticky":false,"template":"","format":"standard","meta":{"footnotes":""},"categories":[4223,4224,4236],"tags":[3981,3192,5625,367],"settings":[4766,3523],"class_list":["post-40527","post","type-post","status-publish","format-standard","has-post-thumbnail","hentry","category-antrieb","category-e-antrieb","category-veranstaltungen","tag-agr","tag-borgwarner","tag-efan","tag-turbolader"],"yoast_head":"<!-- This site is optimized with the Yoast SEO plugin v27.3 - https:\/\/yoast.com\/product\/yoast-seo-wordpress\/ -->\n<title>BorgWarner zeigt in Hannover Batteriepacks und neue Ladestation - Krafthand-Truck<\/title>\n<meta name=\"description\" content=\"BorgWarner zeigt auf der IAA-Transportation diverse Produktneuheiten f\u00fcr die Nfz-Industrie. Darunter Lithium-Eisenphosphat-Batteriepacks f\u00fcr Nutzfahrzeuge.\" \/>\n<meta name=\"robots\" content=\"index, follow, max-snippet:-1, max-image-preview:large, max-video-preview:-1\" \/>\n<link rel=\"canonical\" href=\"https:\/\/www.krafthand.de\/truck\/artikel\/borgwarner-zeigt-in-hannover-batteriepacks-und-neue-ladestation-40527\/\" \/>\n<meta property=\"og:locale\" content=\"de_DE\" \/>\n<meta property=\"og:type\" content=\"article\" \/>\n<meta property=\"og:title\" content=\"BorgWarner zeigt in Hannover Batteriepacks und neue Ladestation - Krafthand-Truck\" \/>\n<meta property=\"og:description\" content=\"BorgWarner zeigt auf der IAA-Transportation diverse Produktneuheiten f\u00fcr die Nfz-Industrie. Darunter Lithium-Eisenphosphat-Batteriepacks f\u00fcr Nutzfahrzeuge.\" \/>\n<meta property=\"og:url\" content=\"https:\/\/www.krafthand-truck.de\/artikel\/borgwarner-zeigt-in-hannover-batteriepacks-und-neue-ladestation-40527\/\" \/>\n<meta property=\"og:site_name\" content=\"Krafthand-Truck\" \/>\n<meta property=\"article:published_time\" content=\"2024-08-28T08:51:22+00:00\" \/>\n<meta property=\"og:image\" content=\"https:\/\/static.krafthand-truck.de\/uploads\/2024\/08\/BorgWarner_IAA_Transportation_Lkw_Ladestation_Batterien.jpg\" \/>\n\t<meta property=\"og:image:width\" content=\"1200\" \/>\n\t<meta property=\"og:image:height\" content=\"748\" \/>\n\t<meta property=\"og:image:type\" content=\"image\/jpeg\" \/>\n<meta name=\"author\" content=\"georg.blenk@krafthand-medien.de\" \/>\n<meta name=\"twitter:card\" content=\"summary_large_image\" \/>\n<meta name=\"twitter:label1\" content=\"Verfasst von\" \/>\n\t<meta name=\"twitter:data1\" content=\"georg.blenk@krafthand-medien.de\" \/>\n\t<meta name=\"twitter:label2\" content=\"Gesch\u00e4tzte Lesezeit\" \/>\n\t<meta name=\"twitter:data2\" content=\"1\u00a0Minute\" \/>\n<script type=\"application\/ld+json\" class=\"yoast-schema-graph\">{\"@context\":\"https:\\\/\\\/schema.org\",\"@graph\":[{\"@type\":\"Article\",\"@id\":\"https:\\\/\\\/www.krafthand.de\\\/truck\\\/artikel\\\/borgwarner-zeigt-in-hannover-batteriepacks-und-neue-ladestation-40527\\\/#article\",\"isPartOf\":{\"@id\":\"https:\\\/\\\/www.krafthand.de\\\/truck\\\/artikel\\\/borgwarner-zeigt-in-hannover-batteriepacks-und-neue-ladestation-40527\\\/\"},\"author\":{\"name\":\"georg.blenk@krafthand-medien.de\",\"@id\":\"https:\\\/\\\/www.krafthand.de\\\/truck\\\/#\\\/schema\\\/person\\\/51fa80b1c57034c4bf63f9f988fc24ce\"},\"headline\":\"BorgWarner zeigt in Hannover Batteriepacks und neue Ladestation\",\"datePublished\":\"2024-08-28T08:51:22+00:00\",\"mainEntityOfPage\":{\"@id\":\"https:\\\/\\\/www.krafthand.de\\\/truck\\\/artikel\\\/borgwarner-zeigt-in-hannover-batteriepacks-und-neue-ladestation-40527\\\/\"},\"wordCount\":145,\"image\":{\"@id\":\"https:\\\/\\\/www.krafthand.de\\\/truck\\\/artikel\\\/borgwarner-zeigt-in-hannover-batteriepacks-und-neue-ladestation-40527\\\/#primaryimage\"},\"thumbnailUrl\":\"https:\\\/\\\/static.krafthand-truck.de\\\/uploads\\\/2024\\\/08\\\/BorgWarner_IAA_Transportation_Lkw_Ladestation_Batterien.jpg\",\"keywords\":[\"AGR\",\"BorgWarner\",\"eFan\",\"Turbolader\"],\"articleSection\":[\"Antrieb (Motor\\\/Getriebe)\",\"E-Antrieb (BEV\\\/FCEV)\",\"Veranstaltungen\\\/Messen\"],\"inLanguage\":\"de\"},{\"@type\":\"WebPage\",\"@id\":\"https:\\\/\\\/www.krafthand.de\\\/truck\\\/artikel\\\/borgwarner-zeigt-in-hannover-batteriepacks-und-neue-ladestation-40527\\\/\",\"url\":\"https:\\\/\\\/www.krafthand.de\\\/truck\\\/artikel\\\/borgwarner-zeigt-in-hannover-batteriepacks-und-neue-ladestation-40527\\\/\",\"name\":\"BorgWarner zeigt in Hannover Batteriepacks und neue Ladestation - Krafthand-Truck\",\"isPartOf\":{\"@id\":\"https:\\\/\\\/www.krafthand.de\\\/truck\\\/#website\"},\"primaryImageOfPage\":{\"@id\":\"https:\\\/\\\/www.krafthand.de\\\/truck\\\/artikel\\\/borgwarner-zeigt-in-hannover-batteriepacks-und-neue-ladestation-40527\\\/#primaryimage\"},\"image\":{\"@id\":\"https:\\\/\\\/www.krafthand.de\\\/truck\\\/artikel\\\/borgwarner-zeigt-in-hannover-batteriepacks-und-neue-ladestation-40527\\\/#primaryimage\"},\"thumbnailUrl\":\"https:\\\/\\\/static.krafthand-truck.de\\\/uploads\\\/2024\\\/08\\\/BorgWarner_IAA_Transportation_Lkw_Ladestation_Batterien.jpg\",\"datePublished\":\"2024-08-28T08:51:22+00:00\",\"author\":{\"@id\":\"https:\\\/\\\/www.krafthand.de\\\/truck\\\/#\\\/schema\\\/person\\\/51fa80b1c57034c4bf63f9f988fc24ce\"},\"description\":\"BorgWarner zeigt auf der IAA-Transportation diverse Produktneuheiten f\u00fcr die Nfz-Industrie. Darunter Lithium-Eisenphosphat-Batteriepacks f\u00fcr Nutzfahrzeuge.\",\"breadcrumb\":{\"@id\":\"https:\\\/\\\/www.krafthand.de\\\/truck\\\/artikel\\\/borgwarner-zeigt-in-hannover-batteriepacks-und-neue-ladestation-40527\\\/#breadcrumb\"},\"inLanguage\":\"de\",\"potentialAction\":[{\"@type\":\"ReadAction\",\"target\":[\"https:\\\/\\\/www.krafthand.de\\\/truck\\\/artikel\\\/borgwarner-zeigt-in-hannover-batteriepacks-und-neue-ladestation-40527\\\/\"]}]},{\"@type\":\"ImageObject\",\"inLanguage\":\"de\",\"@id\":\"https:\\\/\\\/www.krafthand.de\\\/truck\\\/artikel\\\/borgwarner-zeigt-in-hannover-batteriepacks-und-neue-ladestation-40527\\\/#primaryimage\",\"url\":\"https:\\\/\\\/static.krafthand-truck.de\\\/uploads\\\/2024\\\/08\\\/BorgWarner_IAA_Transportation_Lkw_Ladestation_Batterien.jpg\",\"contentUrl\":\"https:\\\/\\\/static.krafthand-truck.de\\\/uploads\\\/2024\\\/08\\\/BorgWarner_IAA_Transportation_Lkw_Ladestation_Batterien.jpg\",\"width\":1200,\"height\":748},{\"@type\":\"BreadcrumbList\",\"@id\":\"https:\\\/\\\/www.krafthand.de\\\/truck\\\/artikel\\\/borgwarner-zeigt-in-hannover-batteriepacks-und-neue-ladestation-40527\\\/#breadcrumb\",\"itemListElement\":[{\"@type\":\"ListItem\",\"position\":1,\"name\":\"Krafthand-Truck\",\"item\":\"https:\\\/\\\/www.krafthand.de\\\/truck\\\/\"},{\"@type\":\"ListItem\",\"position\":2,\"name\":\"Nfz-Branche\",\"item\":\"https:\\\/\\\/www.krafthand.de\\\/truck\\\/kategorie\\\/branche\\\/\"},{\"@type\":\"ListItem\",\"position\":3,\"name\":\"Veranstaltungen\\\/Messen\",\"item\":\"https:\\\/\\\/www.krafthand.de\\\/truck\\\/kategorie\\\/branche\\\/veranstaltungen\\\/\"},{\"@type\":\"ListItem\",\"position\":4,\"name\":\"BorgWarner zeigt in Hannover Batteriepacks und neue Ladestation\"}]},{\"@type\":\"WebSite\",\"@id\":\"https:\\\/\\\/www.krafthand.de\\\/truck\\\/#website\",\"url\":\"https:\\\/\\\/www.krafthand.de\\\/truck\\\/\",\"name\":\"Krafthand-Truck\",\"description\":\"\",\"potentialAction\":[{\"@type\":\"SearchAction\",\"target\":{\"@type\":\"EntryPoint\",\"urlTemplate\":\"https:\\\/\\\/www.krafthand.de\\\/truck\\\/?s={search_term_string}\"},\"query-input\":{\"@type\":\"PropertyValueSpecification\",\"valueRequired\":true,\"valueName\":\"search_term_string\"}}],\"inLanguage\":\"de\"},{\"@type\":\"Person\",\"@id\":\"https:\\\/\\\/www.krafthand.de\\\/truck\\\/#\\\/schema\\\/person\\\/51fa80b1c57034c4bf63f9f988fc24ce\",\"name\":\"georg.blenk@krafthand-medien.de\",\"image\":{\"@type\":\"ImageObject\",\"inLanguage\":\"de\",\"@id\":\"https:\\\/\\\/secure.gravatar.com\\\/avatar\\\/93713c30affe0aa95d3a4130e499bb1abee2eb31adbdd9ce2aa1543538490215?s=96&d=mm&r=g\",\"url\":\"https:\\\/\\\/secure.gravatar.com\\\/avatar\\\/93713c30affe0aa95d3a4130e499bb1abee2eb31adbdd9ce2aa1543538490215?s=96&d=mm&r=g\",\"contentUrl\":\"https:\\\/\\\/secure.gravatar.com\\\/avatar\\\/93713c30affe0aa95d3a4130e499bb1abee2eb31adbdd9ce2aa1543538490215?s=96&d=mm&r=g\",\"caption\":\"georg.blenk@krafthand-medien.de\"}}]}<\/script>\n<!-- \/ Yoast SEO plugin. -->","yoast_head_json":{"title":"BorgWarner zeigt in Hannover Batteriepacks und neue Ladestation - Krafthand-Truck","description":"BorgWarner zeigt auf der IAA-Transportation diverse Produktneuheiten f\u00fcr die Nfz-Industrie. Darunter Lithium-Eisenphosphat-Batteriepacks f\u00fcr Nutzfahrzeuge.","robots":{"index":"index","follow":"follow","max-snippet":"max-snippet:-1","max-image-preview":"max-image-preview:large","max-video-preview":"max-video-preview:-1"},"canonical":"https:\/\/www.krafthand.de\/truck\/artikel\/borgwarner-zeigt-in-hannover-batteriepacks-und-neue-ladestation-40527\/","og_locale":"de_DE","og_type":"article","og_title":"BorgWarner zeigt in Hannover Batteriepacks und neue Ladestation - Krafthand-Truck","og_description":"BorgWarner zeigt auf der IAA-Transportation diverse Produktneuheiten f\u00fcr die Nfz-Industrie. Darunter Lithium-Eisenphosphat-Batteriepacks f\u00fcr Nutzfahrzeuge.","og_url":"https:\/\/www.krafthand-truck.de\/artikel\/borgwarner-zeigt-in-hannover-batteriepacks-und-neue-ladestation-40527\/","og_site_name":"Krafthand-Truck","article_published_time":"2024-08-28T08:51:22+00:00","og_image":[{"width":1200,"height":748,"url":"https:\/\/static.krafthand-truck.de\/uploads\/2024\/08\/BorgWarner_IAA_Transportation_Lkw_Ladestation_Batterien.jpg","type":"image\/jpeg"}],"author":"georg.blenk@krafthand-medien.de","twitter_card":"summary_large_image","twitter_misc":{"Verfasst von":"georg.blenk@krafthand-medien.de","Gesch\u00e4tzte Lesezeit":"1\u00a0Minute"},"schema":{"@context":"https:\/\/schema.org","@graph":[{"@type":"Article","@id":"https:\/\/www.krafthand.de\/truck\/artikel\/borgwarner-zeigt-in-hannover-batteriepacks-und-neue-ladestation-40527\/#article","isPartOf":{"@id":"https:\/\/www.krafthand.de\/truck\/artikel\/borgwarner-zeigt-in-hannover-batteriepacks-und-neue-ladestation-40527\/"},"author":{"name":"georg.blenk@krafthand-medien.de","@id":"https:\/\/www.krafthand.de\/truck\/#\/schema\/person\/51fa80b1c57034c4bf63f9f988fc24ce"},"headline":"BorgWarner zeigt in Hannover Batteriepacks und neue Ladestation","datePublished":"2024-08-28T08:51:22+00:00","mainEntityOfPage":{"@id":"https:\/\/www.krafthand.de\/truck\/artikel\/borgwarner-zeigt-in-hannover-batteriepacks-und-neue-ladestation-40527\/"},"wordCount":145,"image":{"@id":"https:\/\/www.krafthand.de\/truck\/artikel\/borgwarner-zeigt-in-hannover-batteriepacks-und-neue-ladestation-40527\/#primaryimage"},"thumbnailUrl":"https:\/\/static.krafthand-truck.de\/uploads\/2024\/08\/BorgWarner_IAA_Transportation_Lkw_Ladestation_Batterien.jpg","keywords":["AGR","BorgWarner","eFan","Turbolader"],"articleSection":["Antrieb (Motor\/Getriebe)","E-Antrieb (BEV\/FCEV)","Veranstaltungen\/Messen"],"inLanguage":"de"},{"@type":"WebPage","@id":"https:\/\/www.krafthand.de\/truck\/artikel\/borgwarner-zeigt-in-hannover-batteriepacks-und-neue-ladestation-40527\/","url":"https:\/\/www.krafthand.de\/truck\/artikel\/borgwarner-zeigt-in-hannover-batteriepacks-und-neue-ladestation-40527\/","name":"BorgWarner zeigt in Hannover Batteriepacks und neue Ladestation - Krafthand-Truck","isPartOf":{"@id":"https:\/\/www.krafthand.de\/truck\/#website"},"primaryImageOfPage":{"@id":"https:\/\/www.krafthand.de\/truck\/artikel\/borgwarner-zeigt-in-hannover-batteriepacks-und-neue-ladestation-40527\/#primaryimage"},"image":{"@id":"https:\/\/www.krafthand.de\/truck\/artikel\/borgwarner-zeigt-in-hannover-batteriepacks-und-neue-ladestation-40527\/#primaryimage"},"thumbnailUrl":"https:\/\/static.krafthand-truck.de\/uploads\/2024\/08\/BorgWarner_IAA_Transportation_Lkw_Ladestation_Batterien.jpg","datePublished":"2024-08-28T08:51:22+00:00","author":{"@id":"https:\/\/www.krafthand.de\/truck\/#\/schema\/person\/51fa80b1c57034c4bf63f9f988fc24ce"},"description":"BorgWarner zeigt auf der IAA-Transportation diverse Produktneuheiten f\u00fcr die Nfz-Industrie. Darunter Lithium-Eisenphosphat-Batteriepacks f\u00fcr Nutzfahrzeuge.","breadcrumb":{"@id":"https:\/\/www.krafthand.de\/truck\/artikel\/borgwarner-zeigt-in-hannover-batteriepacks-und-neue-ladestation-40527\/#breadcrumb"},"inLanguage":"de","potentialAction":[{"@type":"ReadAction","target":["https:\/\/www.krafthand.de\/truck\/artikel\/borgwarner-zeigt-in-hannover-batteriepacks-und-neue-ladestation-40527\/"]}]},{"@type":"ImageObject","inLanguage":"de","@id":"https:\/\/www.krafthand.de\/truck\/artikel\/borgwarner-zeigt-in-hannover-batteriepacks-und-neue-ladestation-40527\/#primaryimage","url":"https:\/\/static.krafthand-truck.de\/uploads\/2024\/08\/BorgWarner_IAA_Transportation_Lkw_Ladestation_Batterien.jpg","contentUrl":"https:\/\/static.krafthand-truck.de\/uploads\/2024\/08\/BorgWarner_IAA_Transportation_Lkw_Ladestation_Batterien.jpg","width":1200,"height":748},{"@type":"BreadcrumbList","@id":"https:\/\/www.krafthand.de\/truck\/artikel\/borgwarner-zeigt-in-hannover-batteriepacks-und-neue-ladestation-40527\/#breadcrumb","itemListElement":[{"@type":"ListItem","position":1,"name":"Krafthand-Truck","item":"https:\/\/www.krafthand.de\/truck\/"},{"@type":"ListItem","position":2,"name":"Nfz-Branche","item":"https:\/\/www.krafthand.de\/truck\/kategorie\/branche\/"},{"@type":"ListItem","position":3,"name":"Veranstaltungen\/Messen","item":"https:\/\/www.krafthand.de\/truck\/kategorie\/branche\/veranstaltungen\/"},{"@type":"ListItem","position":4,"name":"BorgWarner zeigt in Hannover Batteriepacks und neue Ladestation"}]},{"@type":"WebSite","@id":"https:\/\/www.krafthand.de\/truck\/#website","url":"https:\/\/www.krafthand.de\/truck\/","name":"Krafthand-Truck","description":"","potentialAction":[{"@type":"SearchAction","target":{"@type":"EntryPoint","urlTemplate":"https:\/\/www.krafthand.de\/truck\/?s={search_term_string}"},"query-input":{"@type":"PropertyValueSpecification","valueRequired":true,"valueName":"search_term_string"}}],"inLanguage":"de"},{"@type":"Person","@id":"https:\/\/www.krafthand.de\/truck\/#\/schema\/person\/51fa80b1c57034c4bf63f9f988fc24ce","name":"georg.blenk@krafthand-medien.de","image":{"@type":"ImageObject","inLanguage":"de","@id":"https:\/\/secure.gravatar.com\/avatar\/93713c30affe0aa95d3a4130e499bb1abee2eb31adbdd9ce2aa1543538490215?s=96&d=mm&r=g","url":"https:\/\/secure.gravatar.com\/avatar\/93713c30affe0aa95d3a4130e499bb1abee2eb31adbdd9ce2aa1543538490215?s=96&d=mm&r=g","contentUrl":"https:\/\/secure.gravatar.com\/avatar\/93713c30affe0aa95d3a4130e499bb1abee2eb31adbdd9ce2aa1543538490215?s=96&d=mm&r=g","caption":"georg.blenk@krafthand-medien.de"}}]}},"_links":{"self":[{"href":"https:\/\/www.krafthand.de\/truck\/wp-json\/wp\/v2\/posts\/40527","targetHints":{"allow":["GET"]}}],"collection":[{"href":"https:\/\/www.krafthand.de\/truck\/wp-json\/wp\/v2\/posts"}],"about":[{"href":"https:\/\/www.krafthand.de\/truck\/wp-json\/wp\/v2\/types\/post"}],"author":[{"embeddable":true,"href":"https:\/\/www.krafthand.de\/truck\/wp-json\/wp\/v2\/users\/9"}],"replies":[{"embeddable":true,"href":"https:\/\/www.krafthand.de\/truck\/wp-json\/wp\/v2\/comments?post=40527"}],"version-history":[{"count":8,"href":"https:\/\/www.krafthand.de\/truck\/wp-json\/wp\/v2\/posts\/40527\/revisions"}],"predecessor-version":[{"id":40536,"href":"https:\/\/www.krafthand.de\/truck\/wp-json\/wp\/v2\/posts\/40527\/revisions\/40536"}],"wp:featuredmedia":[{"embeddable":true,"href":"https:\/\/www.krafthand.de\/truck\/wp-json\/wp\/v2\/media\/40535"}],"wp:attachment":[{"href":"https:\/\/www.krafthand.de\/truck\/wp-json\/wp\/v2\/media?parent=40527"}],"wp:term":[{"taxonomy":"category","embeddable":true,"href":"https:\/\/www.krafthand.de\/truck\/wp-json\/wp\/v2\/categories?post=40527"},{"taxonomy":"post_tag","embeddable":true,"href":"https:\/\/www.krafthand.de\/truck\/wp-json\/wp\/v2\/tags?post=40527"},{"taxonomy":"settings","embeddable":true,"href":"https:\/\/www.krafthand.de\/truck\/wp-json\/wp\/v2\/settings?post=40527"}],"curies":[{"name":"wp","href":"https:\/\/api.w.org\/{rel}","templated":true}]}}