{"id":40518,"date":"2024-08-27T11:20:43","date_gmt":"2024-08-27T09:20:43","guid":{"rendered":"https:\/\/www.krafthand.de\/truck\/?p=40518"},"modified":"2024-08-27T11:22:12","modified_gmt":"2024-08-27T09:22:12","slug":"klimaservicestationen-der-neuen-7er-serie-von-waeco","status":"publish","type":"post","link":"https:\/\/www.krafthand.de\/truck\/artikel\/klimaservicestationen-der-neuen-7er-serie-von-waeco-40518\/","title":{"rendered":"Klimaservicestationen der neuen 7er-Serie von WAECO"},"content":{"rendered":"<p>WAECO pr\u00e4sentiert auf der Automechanika mit der ASC-7er-Serie die neueste Version an Klimaserviceger\u00e4ten. Die ersten Modelle sollen gegen Ende des ersten Quartals 2025 auf den Markt kommen. In Frankfurt sind mit der ASC 7.3, der ASC 7.3 LE und der ASC 7.744 die drei wichtigsten Modelle bereits zu sehen. Auch die ASC 7.4 und ASC 7.4 LE f\u00fcr Busse und andere Fahrzeuge mit gr\u00f6\u00dferem K\u00e4ltemittelvolumen werden gezeigt.<\/p>\n<p>Die neuen Modelle pr\u00e4sentieren sich in einem v\u00f6llig neuen Design. Neu ist auch das \u201aAll-in-view\u2018-Display, das nun erstmals mit digitalen Manometern aufwartet. Ein integrierter Status-Balken zeigt zum Beispiel den Prozessfortschritt an. Ebenfalls neu ist die Erweiterung auf vier Ports f\u00fcr Kompressor\u00f6le und UV-Additive. Im Werkstattalltag entf\u00e4llt so das st\u00e4ndige An- und Abklemmen der Dosen. Die M\u00f6glichkeit zur WiFi-Anbindung, die bisher \u00fcber ein Zusatzger\u00e4t m\u00f6glich war, ist bei der 7er-Serie auch direkt integriert. An einigen bew\u00e4hrten Details, wie dem praktischen beweglichen Display und der wartungsfreien inneren Waage, hat der Hersteller festgehalten. \u201eAuf ausdr\u00fccklichen Wunsch vieler Nutzer wurden auch die Bedienkn\u00f6pfe wieder als echte Tasten ausgef\u00fchrt und nicht als Touch-Buttons \u2013 so ist die Bedienung mit Handschuhen weiterhin problemlos m\u00f6glich\u201c, erl\u00e4utert Guido Sasse, Managing Director der <a href=\"https:\/\/www.waeco.com\/de-de\/de\" target=\"_blank\" rel=\"noopener\">WAECO Germany WSE<\/a> GmbH.<\/p>\n<p>Auch bei der 7er Serie bietet WAECO die M\u00f6glichkeit, zwischen einem Standardmodell (ASC 7.3 f\u00fcr Pkw\/Lkw beziehungsweise ASC 7.4 f\u00fcr gr\u00f6\u00dfere K\u00e4ltemittelvolumen) und einem sogenannten Low-Emission-Modell zu w\u00e4hlen. Die Low-Emission-Modelle ASC 7.3 LE und ASC 7.4 LE verf\u00fcgen \u00fcber einen speziellen Alt\u00f6lbeh\u00e4lter und binden die Vakuumpumpe intelligent in den Prozess ein, so dass hier nahezu nichts an K\u00e4ltemittel verloren geht. Das ist gleichzeitig aktiver Umweltschutz, da kein K\u00e4ltemittel unn\u00f6tig in die Atmosph\u00e4re entweichen kann und ein zunehmend wichtiger Kostenaspekt.<\/p>\n<p>WAECO ist auf der <a href=\"https:\/\/automechanika.messefrankfurt.com\/frankfurt\/de.html\" target=\"_blank\" rel=\"noopener\"><strong>Automechanika<\/strong><\/a> in <strong>Halle 9.0, Stand C53<\/strong> zu finden.<\/p>\n<p><i>Den Beitrag finden Sie auch in der Print-Ausgabe 3-2024 der <a href=\"https:\/\/www.krafthand.de\/truck\/magazin\/\" title=\"Zum Magazin\">Krafthand-Truck<\/a>.<\/i><\/p>","protected":false},"excerpt":{"rendered":"<p>WAECO pr\u00e4sentiert auf der Automechanika mit der ASC-7er-Serie die neueste Version an Klimaserviceger\u00e4ten. Die ersten Modelle sollen gegen Ende des ersten Quartals 2025 auf den Markt kommen. In Frankfurt sind mit der ASC 7.3, der ASC 7.3 LE und der ASC 7.744 die drei wichtigsten Modelle bereits zu sehen. <span class=\"excerpt-more__dots\">&#8230;<\/span> <a class=\"excerpt-more__link\" href=\"https:\/\/www.krafthand.de\/truck\/artikel\/klimaservicestationen-der-neuen-7er-serie-von-waeco-40518\/\" >weiter<\/a><\/p>\n","protected":false},"author":11,"featured_media":40519,"comment_status":"closed","ping_status":"closed","sticky":false,"template":"","format":"standard","meta":{"footnotes":""},"categories":[4220],"tags":[80,1788],"settings":[4766],"class_list":["post-40518","post","type-post","status-publish","format-standard","has-post-thumbnail","hentry","category-werkstattausruestung","tag-klimaservice","tag-waeco"],"yoast_head":"<!-- This site is optimized with the Yoast SEO plugin v27.3 - https:\/\/yoast.com\/product\/yoast-seo-wordpress\/ -->\n<title>Klimaservicestationen der neuen 7er-Serie von WAECO - Krafthand-Truck<\/title>\n<meta name=\"description\" content=\"WAECO pr\u00e4sentiert auf der Automechanika in Frankfurt mit der ASC-7er-Serie die neueste Version an Klimaserviceger\u00e4ten.\" \/>\n<meta name=\"robots\" content=\"index, follow, max-snippet:-1, max-image-preview:large, max-video-preview:-1\" \/>\n<link rel=\"canonical\" href=\"https:\/\/www.krafthand.de\/truck\/artikel\/klimaservicestationen-der-neuen-7er-serie-von-waeco-40518\/\" \/>\n<meta property=\"og:locale\" content=\"de_DE\" \/>\n<meta property=\"og:type\" content=\"article\" \/>\n<meta property=\"og:title\" content=\"Klimaservicestationen der neuen 7er-Serie von WAECO - Krafthand-Truck\" \/>\n<meta property=\"og:description\" content=\"WAECO pr\u00e4sentiert auf der Automechanika in Frankfurt mit der ASC-7er-Serie die neueste Version an Klimaserviceger\u00e4ten.\" \/>\n<meta property=\"og:url\" content=\"https:\/\/www.krafthand-truck.de\/artikel\/klimaservicestationen-der-neuen-7er-serie-von-waeco-40518\/\" \/>\n<meta property=\"og:site_name\" content=\"Krafthand-Truck\" \/>\n<meta property=\"article:published_time\" content=\"2024-08-27T09:20:43+00:00\" \/>\n<meta property=\"article:modified_time\" content=\"2024-08-27T09:22:12+00:00\" \/>\n<meta property=\"og:image\" content=\"https:\/\/static.krafthand-truck.de\/uploads\/2024\/08\/03_2024_038.jpg\" \/>\n\t<meta property=\"og:image:width\" content=\"977\" \/>\n\t<meta property=\"og:image:height\" content=\"1200\" \/>\n\t<meta property=\"og:image:type\" content=\"image\/jpeg\" \/>\n<meta name=\"author\" content=\"Redaktion Truck\" \/>\n<meta name=\"twitter:card\" content=\"summary_large_image\" \/>\n<meta name=\"twitter:label1\" content=\"Verfasst von\" \/>\n\t<meta name=\"twitter:data1\" content=\"Redaktion Truck\" \/>\n\t<meta name=\"twitter:label2\" content=\"Gesch\u00e4tzte Lesezeit\" \/>\n\t<meta name=\"twitter:data2\" content=\"2\u00a0Minuten\" \/>\n<script type=\"application\/ld+json\" class=\"yoast-schema-graph\">{\"@context\":\"https:\\\/\\\/schema.org\",\"@graph\":[{\"@type\":\"Article\",\"@id\":\"https:\\\/\\\/www.krafthand.de\\\/truck\\\/artikel\\\/klimaservicestationen-der-neuen-7er-serie-von-waeco-40518\\\/#article\",\"isPartOf\":{\"@id\":\"https:\\\/\\\/www.krafthand.de\\\/truck\\\/artikel\\\/klimaservicestationen-der-neuen-7er-serie-von-waeco-40518\\\/\"},\"author\":{\"name\":\"Redaktion Truck\",\"@id\":\"https:\\\/\\\/www.krafthand.de\\\/truck\\\/#\\\/schema\\\/person\\\/5e47d727209575a4b89376746e24f02f\"},\"headline\":\"Klimaservicestationen der neuen 7er-Serie von WAECO\",\"datePublished\":\"2024-08-27T09:20:43+00:00\",\"dateModified\":\"2024-08-27T09:22:12+00:00\",\"mainEntityOfPage\":{\"@id\":\"https:\\\/\\\/www.krafthand.de\\\/truck\\\/artikel\\\/klimaservicestationen-der-neuen-7er-serie-von-waeco-40518\\\/\"},\"wordCount\":316,\"image\":{\"@id\":\"https:\\\/\\\/www.krafthand.de\\\/truck\\\/artikel\\\/klimaservicestationen-der-neuen-7er-serie-von-waeco-40518\\\/#primaryimage\"},\"thumbnailUrl\":\"https:\\\/\\\/static.krafthand-truck.de\\\/uploads\\\/2024\\\/08\\\/03_2024_038.jpg\",\"keywords\":[\"Klimaservice\",\"Waeco\"],\"articleSection\":[\"Werkstattausr\u00fcstung\"],\"inLanguage\":\"de\"},{\"@type\":\"WebPage\",\"@id\":\"https:\\\/\\\/www.krafthand.de\\\/truck\\\/artikel\\\/klimaservicestationen-der-neuen-7er-serie-von-waeco-40518\\\/\",\"url\":\"https:\\\/\\\/www.krafthand.de\\\/truck\\\/artikel\\\/klimaservicestationen-der-neuen-7er-serie-von-waeco-40518\\\/\",\"name\":\"Klimaservicestationen der neuen 7er-Serie von WAECO - Krafthand-Truck\",\"isPartOf\":{\"@id\":\"https:\\\/\\\/www.krafthand.de\\\/truck\\\/#website\"},\"primaryImageOfPage\":{\"@id\":\"https:\\\/\\\/www.krafthand.de\\\/truck\\\/artikel\\\/klimaservicestationen-der-neuen-7er-serie-von-waeco-40518\\\/#primaryimage\"},\"image\":{\"@id\":\"https:\\\/\\\/www.krafthand.de\\\/truck\\\/artikel\\\/klimaservicestationen-der-neuen-7er-serie-von-waeco-40518\\\/#primaryimage\"},\"thumbnailUrl\":\"https:\\\/\\\/static.krafthand-truck.de\\\/uploads\\\/2024\\\/08\\\/03_2024_038.jpg\",\"datePublished\":\"2024-08-27T09:20:43+00:00\",\"dateModified\":\"2024-08-27T09:22:12+00:00\",\"author\":{\"@id\":\"https:\\\/\\\/www.krafthand.de\\\/truck\\\/#\\\/schema\\\/person\\\/5e47d727209575a4b89376746e24f02f\"},\"description\":\"WAECO pr\u00e4sentiert auf der Automechanika in Frankfurt mit der ASC-7er-Serie die neueste Version an Klimaserviceger\u00e4ten.\",\"breadcrumb\":{\"@id\":\"https:\\\/\\\/www.krafthand.de\\\/truck\\\/artikel\\\/klimaservicestationen-der-neuen-7er-serie-von-waeco-40518\\\/#breadcrumb\"},\"inLanguage\":\"de\",\"potentialAction\":[{\"@type\":\"ReadAction\",\"target\":[\"https:\\\/\\\/www.krafthand.de\\\/truck\\\/artikel\\\/klimaservicestationen-der-neuen-7er-serie-von-waeco-40518\\\/\"]}]},{\"@type\":\"ImageObject\",\"inLanguage\":\"de\",\"@id\":\"https:\\\/\\\/www.krafthand.de\\\/truck\\\/artikel\\\/klimaservicestationen-der-neuen-7er-serie-von-waeco-40518\\\/#primaryimage\",\"url\":\"https:\\\/\\\/static.krafthand-truck.de\\\/uploads\\\/2024\\\/08\\\/03_2024_038.jpg\",\"contentUrl\":\"https:\\\/\\\/static.krafthand-truck.de\\\/uploads\\\/2024\\\/08\\\/03_2024_038.jpg\",\"width\":977,\"height\":1200},{\"@type\":\"BreadcrumbList\",\"@id\":\"https:\\\/\\\/www.krafthand.de\\\/truck\\\/artikel\\\/klimaservicestationen-der-neuen-7er-serie-von-waeco-40518\\\/#breadcrumb\",\"itemListElement\":[{\"@type\":\"ListItem\",\"position\":1,\"name\":\"Krafthand-Truck\",\"item\":\"https:\\\/\\\/www.krafthand.de\\\/truck\\\/\"},{\"@type\":\"ListItem\",\"position\":2,\"name\":\"Nfz-Service\",\"item\":\"https:\\\/\\\/www.krafthand.de\\\/truck\\\/kategorie\\\/nfz-service\\\/\"},{\"@type\":\"ListItem\",\"position\":3,\"name\":\"Werkstattausr\u00fcstung\",\"item\":\"https:\\\/\\\/www.krafthand.de\\\/truck\\\/kategorie\\\/nfz-service\\\/werkstattausruestung\\\/\"},{\"@type\":\"ListItem\",\"position\":4,\"name\":\"Klimaservicestationen der neuen 7er-Serie von WAECO\"}]},{\"@type\":\"WebSite\",\"@id\":\"https:\\\/\\\/www.krafthand.de\\\/truck\\\/#website\",\"url\":\"https:\\\/\\\/www.krafthand.de\\\/truck\\\/\",\"name\":\"Krafthand-Truck\",\"description\":\"\",\"potentialAction\":[{\"@type\":\"SearchAction\",\"target\":{\"@type\":\"EntryPoint\",\"urlTemplate\":\"https:\\\/\\\/www.krafthand.de\\\/truck\\\/?s={search_term_string}\"},\"query-input\":{\"@type\":\"PropertyValueSpecification\",\"valueRequired\":true,\"valueName\":\"search_term_string\"}}],\"inLanguage\":\"de\"},{\"@type\":\"Person\",\"@id\":\"https:\\\/\\\/www.krafthand.de\\\/truck\\\/#\\\/schema\\\/person\\\/5e47d727209575a4b89376746e24f02f\",\"name\":\"Redaktion Truck\",\"image\":{\"@type\":\"ImageObject\",\"inLanguage\":\"de\",\"@id\":\"https:\\\/\\\/secure.gravatar.com\\\/avatar\\\/64cedf5d293ad6eb6600c19e949d032ff0090f240174891ab1517d73ead05c87?s=96&d=mm&r=g\",\"url\":\"https:\\\/\\\/secure.gravatar.com\\\/avatar\\\/64cedf5d293ad6eb6600c19e949d032ff0090f240174891ab1517d73ead05c87?s=96&d=mm&r=g\",\"contentUrl\":\"https:\\\/\\\/secure.gravatar.com\\\/avatar\\\/64cedf5d293ad6eb6600c19e949d032ff0090f240174891ab1517d73ead05c87?s=96&d=mm&r=g\",\"caption\":\"Redaktion Truck\"}}]}<\/script>\n<!-- \/ Yoast SEO plugin. -->","yoast_head_json":{"title":"Klimaservicestationen der neuen 7er-Serie von WAECO - Krafthand-Truck","description":"WAECO pr\u00e4sentiert auf der Automechanika in Frankfurt mit der ASC-7er-Serie die neueste Version an Klimaserviceger\u00e4ten.","robots":{"index":"index","follow":"follow","max-snippet":"max-snippet:-1","max-image-preview":"max-image-preview:large","max-video-preview":"max-video-preview:-1"},"canonical":"https:\/\/www.krafthand.de\/truck\/artikel\/klimaservicestationen-der-neuen-7er-serie-von-waeco-40518\/","og_locale":"de_DE","og_type":"article","og_title":"Klimaservicestationen der neuen 7er-Serie von WAECO - Krafthand-Truck","og_description":"WAECO pr\u00e4sentiert auf der Automechanika in Frankfurt mit der ASC-7er-Serie die neueste Version an Klimaserviceger\u00e4ten.","og_url":"https:\/\/www.krafthand-truck.de\/artikel\/klimaservicestationen-der-neuen-7er-serie-von-waeco-40518\/","og_site_name":"Krafthand-Truck","article_published_time":"2024-08-27T09:20:43+00:00","article_modified_time":"2024-08-27T09:22:12+00:00","og_image":[{"width":977,"height":1200,"url":"https:\/\/static.krafthand-truck.de\/uploads\/2024\/08\/03_2024_038.jpg","type":"image\/jpeg"}],"author":"Redaktion Truck","twitter_card":"summary_large_image","twitter_misc":{"Verfasst von":"Redaktion Truck","Gesch\u00e4tzte Lesezeit":"2\u00a0Minuten"},"schema":{"@context":"https:\/\/schema.org","@graph":[{"@type":"Article","@id":"https:\/\/www.krafthand.de\/truck\/artikel\/klimaservicestationen-der-neuen-7er-serie-von-waeco-40518\/#article","isPartOf":{"@id":"https:\/\/www.krafthand.de\/truck\/artikel\/klimaservicestationen-der-neuen-7er-serie-von-waeco-40518\/"},"author":{"name":"Redaktion Truck","@id":"https:\/\/www.krafthand.de\/truck\/#\/schema\/person\/5e47d727209575a4b89376746e24f02f"},"headline":"Klimaservicestationen der neuen 7er-Serie von WAECO","datePublished":"2024-08-27T09:20:43+00:00","dateModified":"2024-08-27T09:22:12+00:00","mainEntityOfPage":{"@id":"https:\/\/www.krafthand.de\/truck\/artikel\/klimaservicestationen-der-neuen-7er-serie-von-waeco-40518\/"},"wordCount":316,"image":{"@id":"https:\/\/www.krafthand.de\/truck\/artikel\/klimaservicestationen-der-neuen-7er-serie-von-waeco-40518\/#primaryimage"},"thumbnailUrl":"https:\/\/static.krafthand-truck.de\/uploads\/2024\/08\/03_2024_038.jpg","keywords":["Klimaservice","Waeco"],"articleSection":["Werkstattausr\u00fcstung"],"inLanguage":"de"},{"@type":"WebPage","@id":"https:\/\/www.krafthand.de\/truck\/artikel\/klimaservicestationen-der-neuen-7er-serie-von-waeco-40518\/","url":"https:\/\/www.krafthand.de\/truck\/artikel\/klimaservicestationen-der-neuen-7er-serie-von-waeco-40518\/","name":"Klimaservicestationen der neuen 7er-Serie von WAECO - Krafthand-Truck","isPartOf":{"@id":"https:\/\/www.krafthand.de\/truck\/#website"},"primaryImageOfPage":{"@id":"https:\/\/www.krafthand.de\/truck\/artikel\/klimaservicestationen-der-neuen-7er-serie-von-waeco-40518\/#primaryimage"},"image":{"@id":"https:\/\/www.krafthand.de\/truck\/artikel\/klimaservicestationen-der-neuen-7er-serie-von-waeco-40518\/#primaryimage"},"thumbnailUrl":"https:\/\/static.krafthand-truck.de\/uploads\/2024\/08\/03_2024_038.jpg","datePublished":"2024-08-27T09:20:43+00:00","dateModified":"2024-08-27T09:22:12+00:00","author":{"@id":"https:\/\/www.krafthand.de\/truck\/#\/schema\/person\/5e47d727209575a4b89376746e24f02f"},"description":"WAECO pr\u00e4sentiert auf der Automechanika in Frankfurt mit der ASC-7er-Serie die neueste Version an Klimaserviceger\u00e4ten.","breadcrumb":{"@id":"https:\/\/www.krafthand.de\/truck\/artikel\/klimaservicestationen-der-neuen-7er-serie-von-waeco-40518\/#breadcrumb"},"inLanguage":"de","potentialAction":[{"@type":"ReadAction","target":["https:\/\/www.krafthand.de\/truck\/artikel\/klimaservicestationen-der-neuen-7er-serie-von-waeco-40518\/"]}]},{"@type":"ImageObject","inLanguage":"de","@id":"https:\/\/www.krafthand.de\/truck\/artikel\/klimaservicestationen-der-neuen-7er-serie-von-waeco-40518\/#primaryimage","url":"https:\/\/static.krafthand-truck.de\/uploads\/2024\/08\/03_2024_038.jpg","contentUrl":"https:\/\/static.krafthand-truck.de\/uploads\/2024\/08\/03_2024_038.jpg","width":977,"height":1200},{"@type":"BreadcrumbList","@id":"https:\/\/www.krafthand.de\/truck\/artikel\/klimaservicestationen-der-neuen-7er-serie-von-waeco-40518\/#breadcrumb","itemListElement":[{"@type":"ListItem","position":1,"name":"Krafthand-Truck","item":"https:\/\/www.krafthand.de\/truck\/"},{"@type":"ListItem","position":2,"name":"Nfz-Service","item":"https:\/\/www.krafthand.de\/truck\/kategorie\/nfz-service\/"},{"@type":"ListItem","position":3,"name":"Werkstattausr\u00fcstung","item":"https:\/\/www.krafthand.de\/truck\/kategorie\/nfz-service\/werkstattausruestung\/"},{"@type":"ListItem","position":4,"name":"Klimaservicestationen der neuen 7er-Serie von WAECO"}]},{"@type":"WebSite","@id":"https:\/\/www.krafthand.de\/truck\/#website","url":"https:\/\/www.krafthand.de\/truck\/","name":"Krafthand-Truck","description":"","potentialAction":[{"@type":"SearchAction","target":{"@type":"EntryPoint","urlTemplate":"https:\/\/www.krafthand.de\/truck\/?s={search_term_string}"},"query-input":{"@type":"PropertyValueSpecification","valueRequired":true,"valueName":"search_term_string"}}],"inLanguage":"de"},{"@type":"Person","@id":"https:\/\/www.krafthand.de\/truck\/#\/schema\/person\/5e47d727209575a4b89376746e24f02f","name":"Redaktion Truck","image":{"@type":"ImageObject","inLanguage":"de","@id":"https:\/\/secure.gravatar.com\/avatar\/64cedf5d293ad6eb6600c19e949d032ff0090f240174891ab1517d73ead05c87?s=96&d=mm&r=g","url":"https:\/\/secure.gravatar.com\/avatar\/64cedf5d293ad6eb6600c19e949d032ff0090f240174891ab1517d73ead05c87?s=96&d=mm&r=g","contentUrl":"https:\/\/secure.gravatar.com\/avatar\/64cedf5d293ad6eb6600c19e949d032ff0090f240174891ab1517d73ead05c87?s=96&d=mm&r=g","caption":"Redaktion Truck"}}]}},"_links":{"self":[{"href":"https:\/\/www.krafthand.de\/truck\/wp-json\/wp\/v2\/posts\/40518","targetHints":{"allow":["GET"]}}],"collection":[{"href":"https:\/\/www.krafthand.de\/truck\/wp-json\/wp\/v2\/posts"}],"about":[{"href":"https:\/\/www.krafthand.de\/truck\/wp-json\/wp\/v2\/types\/post"}],"author":[{"embeddable":true,"href":"https:\/\/www.krafthand.de\/truck\/wp-json\/wp\/v2\/users\/11"}],"replies":[{"embeddable":true,"href":"https:\/\/www.krafthand.de\/truck\/wp-json\/wp\/v2\/comments?post=40518"}],"version-history":[{"count":2,"href":"https:\/\/www.krafthand.de\/truck\/wp-json\/wp\/v2\/posts\/40518\/revisions"}],"predecessor-version":[{"id":40521,"href":"https:\/\/www.krafthand.de\/truck\/wp-json\/wp\/v2\/posts\/40518\/revisions\/40521"}],"wp:featuredmedia":[{"embeddable":true,"href":"https:\/\/www.krafthand.de\/truck\/wp-json\/wp\/v2\/media\/40519"}],"wp:attachment":[{"href":"https:\/\/www.krafthand.de\/truck\/wp-json\/wp\/v2\/media?parent=40518"}],"wp:term":[{"taxonomy":"category","embeddable":true,"href":"https:\/\/www.krafthand.de\/truck\/wp-json\/wp\/v2\/categories?post=40518"},{"taxonomy":"post_tag","embeddable":true,"href":"https:\/\/www.krafthand.de\/truck\/wp-json\/wp\/v2\/tags?post=40518"},{"taxonomy":"settings","embeddable":true,"href":"https:\/\/www.krafthand.de\/truck\/wp-json\/wp\/v2\/settings?post=40518"}],"curies":[{"name":"wp","href":"https:\/\/api.w.org\/{rel}","templated":true}]}}