{"id":40510,"date":"2024-08-27T10:51:00","date_gmt":"2024-08-27T08:51:00","guid":{"rendered":"https:\/\/www.krafthand.de\/truck\/?p=40510"},"modified":"2024-08-27T10:51:51","modified_gmt":"2024-08-27T08:51:51","slug":"speedline-truck-zeigt-in-hannover-raeder-portfolio","status":"publish","type":"post","link":"https:\/\/www.krafthand.de\/truck\/artikel\/speedline-truck-zeigt-in-hannover-raeder-portfolio-40510\/","title":{"rendered":"Speedline-Truck zeigt in Hannover R\u00e4der-Portfolio"},"content":{"rendered":"<p>Auch in diesem Jahr ist Speedline-Truck auf der IAA-Transportation in Hannover (17. bis 22. September 2024) mit einem eigenem Stand pr\u00e4sent. In Halle 24 an Stand D50 pr\u00e4sentiert die Lkw-Rad-Marke der Schweizer Ronal-Group ihr Produktprogramm an Aluminiumr\u00e4dern in den Dimensionen von 17,5\u201c bis 22,5\u201c f\u00fcr Zugmaschinen, Reise- und Stadtbusse sowie<br \/>\nAnh\u00e4nger.<\/p>\n<p>Ebenso zeigt man das umfangreiche Zubeh\u00f6rprogramm. Zu diesem geh\u00f6rten neben Ventilen und Schaftmuttern auch verschiedene Reinigungsprodukte f\u00fcr Schmieder\u00e4der. <a href=\"https:\/\/www.speedline-truck.com\/de\" target=\"_blank\" rel=\"noopener\">Speedline-Truck<\/a> wird auch mehrere R\u00e4der aus dem Aftermarket Segment von Ronal ausstellen, die unter anderem f\u00fcr Caravans und Wohnmobile geeignet sind.<\/p>\n<p>Alle R\u00e4der sind mit den Ventilen mit besonderem Korrosionsschutz ausgestattet. Zudem ist das vollst\u00e4ndige Schmiederadprogramm f\u00fcr den Handel mit deutscher ABE und T\u00dcV getestet erh\u00e4ltlich.<\/p>\n","protected":false},"excerpt":{"rendered":"<p>Speedline-Truck auf der IAA-Transportation in Hannover (17. bis 22. September 2024) mit einem eigenem Stand pr\u00e4sent. In Halle 24 an Stand D50 pr\u00e4sentiert die Lkw-Rad-Marke der Schweizer Ronal-Group ihr Produktprogramm an Aluminiumr\u00e4dern in den Dimensionen von 17,5\u201c bis 22,5\u201c f\u00fcr Zugmaschinen, Reise- und Stadtbusse sowie<br \/>\nAnh\u00e4nger. <span class=\"excerpt-more__dots\">&#8230;<\/span> <a class=\"excerpt-more__link\" href=\"https:\/\/www.krafthand.de\/truck\/artikel\/speedline-truck-zeigt-in-hannover-raeder-portfolio-40510\/\" >weiter<\/a><\/p>\n","protected":false},"author":9,"featured_media":40512,"comment_status":"closed","ping_status":"closed","sticky":false,"template":"","format":"standard","meta":{"footnotes":""},"categories":[4227],"tags":[5464,99,5331,4418],"settings":[4766],"class_list":["post-40510","post","type-post","status-publish","format-standard","has-post-thumbnail","hentry","category-rad-reifen-bremse","tag-felge","tag-reifen","tag-ronal","tag-speedline-truck"],"yoast_head":"<!-- This site is optimized with the Yoast SEO plugin v27.3 - https:\/\/yoast.com\/product\/yoast-seo-wordpress\/ -->\n<title>Speedline-Truck zeigt in Hannover R\u00e4der-Portfolio - Krafthand-Truck<\/title>\n<meta name=\"description\" content=\"Speedline-Truck auf der IAA-Transportation in Hannover (17. bis 22. September 2024) mit einem eigenem Stand pr\u00e4sent.\" \/>\n<meta name=\"robots\" content=\"index, follow, max-snippet:-1, max-image-preview:large, max-video-preview:-1\" \/>\n<link rel=\"canonical\" href=\"https:\/\/www.krafthand.de\/truck\/artikel\/speedline-truck-zeigt-in-hannover-raeder-portfolio-40510\/\" \/>\n<meta property=\"og:locale\" content=\"de_DE\" \/>\n<meta property=\"og:type\" content=\"article\" \/>\n<meta property=\"og:title\" content=\"Speedline-Truck zeigt in Hannover R\u00e4der-Portfolio - Krafthand-Truck\" \/>\n<meta property=\"og:description\" content=\"Speedline-Truck auf der IAA-Transportation in Hannover (17. bis 22. September 2024) mit einem eigenem Stand pr\u00e4sent.\" \/>\n<meta property=\"og:url\" content=\"https:\/\/www.krafthand-truck.de\/artikel\/speedline-truck-zeigt-in-hannover-raeder-portfolio-40510\/\" \/>\n<meta property=\"og:site_name\" content=\"Krafthand-Truck\" \/>\n<meta property=\"article:published_time\" content=\"2024-08-27T08:51:00+00:00\" \/>\n<meta property=\"article:modified_time\" content=\"2024-08-27T08:51:51+00:00\" \/>\n<meta property=\"og:image\" content=\"https:\/\/static.krafthand-truck.de\/uploads\/2024\/08\/Ronal_Speedline_Truck_IAA_Transportation_Lkw_Felgen_2024.jpg\" \/>\n\t<meta property=\"og:image:width\" content=\"1200\" \/>\n\t<meta property=\"og:image:height\" content=\"800\" \/>\n\t<meta property=\"og:image:type\" content=\"image\/jpeg\" \/>\n<meta name=\"author\" content=\"georg.blenk@krafthand-medien.de\" \/>\n<meta name=\"twitter:card\" content=\"summary_large_image\" \/>\n<meta name=\"twitter:label1\" content=\"Verfasst von\" \/>\n\t<meta name=\"twitter:data1\" content=\"georg.blenk@krafthand-medien.de\" \/>\n\t<meta name=\"twitter:label2\" content=\"Gesch\u00e4tzte Lesezeit\" \/>\n\t<meta name=\"twitter:data2\" content=\"1\u00a0Minute\" \/>\n<script type=\"application\/ld+json\" class=\"yoast-schema-graph\">{\"@context\":\"https:\\\/\\\/schema.org\",\"@graph\":[{\"@type\":\"Article\",\"@id\":\"https:\\\/\\\/www.krafthand.de\\\/truck\\\/artikel\\\/speedline-truck-zeigt-in-hannover-raeder-portfolio-40510\\\/#article\",\"isPartOf\":{\"@id\":\"https:\\\/\\\/www.krafthand.de\\\/truck\\\/artikel\\\/speedline-truck-zeigt-in-hannover-raeder-portfolio-40510\\\/\"},\"author\":{\"name\":\"georg.blenk@krafthand-medien.de\",\"@id\":\"https:\\\/\\\/www.krafthand.de\\\/truck\\\/#\\\/schema\\\/person\\\/51fa80b1c57034c4bf63f9f988fc24ce\"},\"headline\":\"Speedline-Truck zeigt in Hannover R\u00e4der-Portfolio\",\"datePublished\":\"2024-08-27T08:51:00+00:00\",\"dateModified\":\"2024-08-27T08:51:51+00:00\",\"mainEntityOfPage\":{\"@id\":\"https:\\\/\\\/www.krafthand.de\\\/truck\\\/artikel\\\/speedline-truck-zeigt-in-hannover-raeder-portfolio-40510\\\/\"},\"wordCount\":131,\"image\":{\"@id\":\"https:\\\/\\\/www.krafthand.de\\\/truck\\\/artikel\\\/speedline-truck-zeigt-in-hannover-raeder-portfolio-40510\\\/#primaryimage\"},\"thumbnailUrl\":\"https:\\\/\\\/static.krafthand-truck.de\\\/uploads\\\/2024\\\/08\\\/Ronal_Speedline_Truck_IAA_Transportation_Lkw_Felgen_2024.jpg\",\"keywords\":[\"Felge\",\"Reifen\",\"Ronal\",\"Speedline Truck\"],\"articleSection\":[\"Rad\\\/Reifen\\\/Bremse\"],\"inLanguage\":\"de\"},{\"@type\":\"WebPage\",\"@id\":\"https:\\\/\\\/www.krafthand.de\\\/truck\\\/artikel\\\/speedline-truck-zeigt-in-hannover-raeder-portfolio-40510\\\/\",\"url\":\"https:\\\/\\\/www.krafthand.de\\\/truck\\\/artikel\\\/speedline-truck-zeigt-in-hannover-raeder-portfolio-40510\\\/\",\"name\":\"Speedline-Truck zeigt in Hannover R\u00e4der-Portfolio - Krafthand-Truck\",\"isPartOf\":{\"@id\":\"https:\\\/\\\/www.krafthand.de\\\/truck\\\/#website\"},\"primaryImageOfPage\":{\"@id\":\"https:\\\/\\\/www.krafthand.de\\\/truck\\\/artikel\\\/speedline-truck-zeigt-in-hannover-raeder-portfolio-40510\\\/#primaryimage\"},\"image\":{\"@id\":\"https:\\\/\\\/www.krafthand.de\\\/truck\\\/artikel\\\/speedline-truck-zeigt-in-hannover-raeder-portfolio-40510\\\/#primaryimage\"},\"thumbnailUrl\":\"https:\\\/\\\/static.krafthand-truck.de\\\/uploads\\\/2024\\\/08\\\/Ronal_Speedline_Truck_IAA_Transportation_Lkw_Felgen_2024.jpg\",\"datePublished\":\"2024-08-27T08:51:00+00:00\",\"dateModified\":\"2024-08-27T08:51:51+00:00\",\"author\":{\"@id\":\"https:\\\/\\\/www.krafthand.de\\\/truck\\\/#\\\/schema\\\/person\\\/51fa80b1c57034c4bf63f9f988fc24ce\"},\"description\":\"Speedline-Truck auf der IAA-Transportation in Hannover (17. bis 22. September 2024) mit einem eigenem Stand pr\u00e4sent.\",\"breadcrumb\":{\"@id\":\"https:\\\/\\\/www.krafthand.de\\\/truck\\\/artikel\\\/speedline-truck-zeigt-in-hannover-raeder-portfolio-40510\\\/#breadcrumb\"},\"inLanguage\":\"de\",\"potentialAction\":[{\"@type\":\"ReadAction\",\"target\":[\"https:\\\/\\\/www.krafthand.de\\\/truck\\\/artikel\\\/speedline-truck-zeigt-in-hannover-raeder-portfolio-40510\\\/\"]}]},{\"@type\":\"ImageObject\",\"inLanguage\":\"de\",\"@id\":\"https:\\\/\\\/www.krafthand.de\\\/truck\\\/artikel\\\/speedline-truck-zeigt-in-hannover-raeder-portfolio-40510\\\/#primaryimage\",\"url\":\"https:\\\/\\\/static.krafthand-truck.de\\\/uploads\\\/2024\\\/08\\\/Ronal_Speedline_Truck_IAA_Transportation_Lkw_Felgen_2024.jpg\",\"contentUrl\":\"https:\\\/\\\/static.krafthand-truck.de\\\/uploads\\\/2024\\\/08\\\/Ronal_Speedline_Truck_IAA_Transportation_Lkw_Felgen_2024.jpg\",\"width\":1200,\"height\":800},{\"@type\":\"BreadcrumbList\",\"@id\":\"https:\\\/\\\/www.krafthand.de\\\/truck\\\/artikel\\\/speedline-truck-zeigt-in-hannover-raeder-portfolio-40510\\\/#breadcrumb\",\"itemListElement\":[{\"@type\":\"ListItem\",\"position\":1,\"name\":\"Krafthand-Truck\",\"item\":\"https:\\\/\\\/www.krafthand.de\\\/truck\\\/\"},{\"@type\":\"ListItem\",\"position\":2,\"name\":\"Nfz-Technik\",\"item\":\"https:\\\/\\\/www.krafthand.de\\\/truck\\\/kategorie\\\/nfz-technik\\\/\"},{\"@type\":\"ListItem\",\"position\":3,\"name\":\"Rad\\\/Reifen\\\/Bremse\",\"item\":\"https:\\\/\\\/www.krafthand.de\\\/truck\\\/kategorie\\\/nfz-technik\\\/rad-reifen-bremse\\\/\"},{\"@type\":\"ListItem\",\"position\":4,\"name\":\"Speedline-Truck zeigt in Hannover R\u00e4der-Portfolio\"}]},{\"@type\":\"WebSite\",\"@id\":\"https:\\\/\\\/www.krafthand.de\\\/truck\\\/#website\",\"url\":\"https:\\\/\\\/www.krafthand.de\\\/truck\\\/\",\"name\":\"Krafthand-Truck\",\"description\":\"\",\"potentialAction\":[{\"@type\":\"SearchAction\",\"target\":{\"@type\":\"EntryPoint\",\"urlTemplate\":\"https:\\\/\\\/www.krafthand.de\\\/truck\\\/?s={search_term_string}\"},\"query-input\":{\"@type\":\"PropertyValueSpecification\",\"valueRequired\":true,\"valueName\":\"search_term_string\"}}],\"inLanguage\":\"de\"},{\"@type\":\"Person\",\"@id\":\"https:\\\/\\\/www.krafthand.de\\\/truck\\\/#\\\/schema\\\/person\\\/51fa80b1c57034c4bf63f9f988fc24ce\",\"name\":\"georg.blenk@krafthand-medien.de\",\"image\":{\"@type\":\"ImageObject\",\"inLanguage\":\"de\",\"@id\":\"https:\\\/\\\/secure.gravatar.com\\\/avatar\\\/93713c30affe0aa95d3a4130e499bb1abee2eb31adbdd9ce2aa1543538490215?s=96&d=mm&r=g\",\"url\":\"https:\\\/\\\/secure.gravatar.com\\\/avatar\\\/93713c30affe0aa95d3a4130e499bb1abee2eb31adbdd9ce2aa1543538490215?s=96&d=mm&r=g\",\"contentUrl\":\"https:\\\/\\\/secure.gravatar.com\\\/avatar\\\/93713c30affe0aa95d3a4130e499bb1abee2eb31adbdd9ce2aa1543538490215?s=96&d=mm&r=g\",\"caption\":\"georg.blenk@krafthand-medien.de\"}}]}<\/script>\n<!-- \/ Yoast SEO plugin. -->","yoast_head_json":{"title":"Speedline-Truck zeigt in Hannover R\u00e4der-Portfolio - Krafthand-Truck","description":"Speedline-Truck auf der IAA-Transportation in Hannover (17. bis 22. September 2024) mit einem eigenem Stand pr\u00e4sent.","robots":{"index":"index","follow":"follow","max-snippet":"max-snippet:-1","max-image-preview":"max-image-preview:large","max-video-preview":"max-video-preview:-1"},"canonical":"https:\/\/www.krafthand.de\/truck\/artikel\/speedline-truck-zeigt-in-hannover-raeder-portfolio-40510\/","og_locale":"de_DE","og_type":"article","og_title":"Speedline-Truck zeigt in Hannover R\u00e4der-Portfolio - Krafthand-Truck","og_description":"Speedline-Truck auf der IAA-Transportation in Hannover (17. bis 22. September 2024) mit einem eigenem Stand pr\u00e4sent.","og_url":"https:\/\/www.krafthand-truck.de\/artikel\/speedline-truck-zeigt-in-hannover-raeder-portfolio-40510\/","og_site_name":"Krafthand-Truck","article_published_time":"2024-08-27T08:51:00+00:00","article_modified_time":"2024-08-27T08:51:51+00:00","og_image":[{"width":1200,"height":800,"url":"https:\/\/static.krafthand-truck.de\/uploads\/2024\/08\/Ronal_Speedline_Truck_IAA_Transportation_Lkw_Felgen_2024.jpg","type":"image\/jpeg"}],"author":"georg.blenk@krafthand-medien.de","twitter_card":"summary_large_image","twitter_misc":{"Verfasst von":"georg.blenk@krafthand-medien.de","Gesch\u00e4tzte Lesezeit":"1\u00a0Minute"},"schema":{"@context":"https:\/\/schema.org","@graph":[{"@type":"Article","@id":"https:\/\/www.krafthand.de\/truck\/artikel\/speedline-truck-zeigt-in-hannover-raeder-portfolio-40510\/#article","isPartOf":{"@id":"https:\/\/www.krafthand.de\/truck\/artikel\/speedline-truck-zeigt-in-hannover-raeder-portfolio-40510\/"},"author":{"name":"georg.blenk@krafthand-medien.de","@id":"https:\/\/www.krafthand.de\/truck\/#\/schema\/person\/51fa80b1c57034c4bf63f9f988fc24ce"},"headline":"Speedline-Truck zeigt in Hannover R\u00e4der-Portfolio","datePublished":"2024-08-27T08:51:00+00:00","dateModified":"2024-08-27T08:51:51+00:00","mainEntityOfPage":{"@id":"https:\/\/www.krafthand.de\/truck\/artikel\/speedline-truck-zeigt-in-hannover-raeder-portfolio-40510\/"},"wordCount":131,"image":{"@id":"https:\/\/www.krafthand.de\/truck\/artikel\/speedline-truck-zeigt-in-hannover-raeder-portfolio-40510\/#primaryimage"},"thumbnailUrl":"https:\/\/static.krafthand-truck.de\/uploads\/2024\/08\/Ronal_Speedline_Truck_IAA_Transportation_Lkw_Felgen_2024.jpg","keywords":["Felge","Reifen","Ronal","Speedline Truck"],"articleSection":["Rad\/Reifen\/Bremse"],"inLanguage":"de"},{"@type":"WebPage","@id":"https:\/\/www.krafthand.de\/truck\/artikel\/speedline-truck-zeigt-in-hannover-raeder-portfolio-40510\/","url":"https:\/\/www.krafthand.de\/truck\/artikel\/speedline-truck-zeigt-in-hannover-raeder-portfolio-40510\/","name":"Speedline-Truck zeigt in Hannover R\u00e4der-Portfolio - Krafthand-Truck","isPartOf":{"@id":"https:\/\/www.krafthand.de\/truck\/#website"},"primaryImageOfPage":{"@id":"https:\/\/www.krafthand.de\/truck\/artikel\/speedline-truck-zeigt-in-hannover-raeder-portfolio-40510\/#primaryimage"},"image":{"@id":"https:\/\/www.krafthand.de\/truck\/artikel\/speedline-truck-zeigt-in-hannover-raeder-portfolio-40510\/#primaryimage"},"thumbnailUrl":"https:\/\/static.krafthand-truck.de\/uploads\/2024\/08\/Ronal_Speedline_Truck_IAA_Transportation_Lkw_Felgen_2024.jpg","datePublished":"2024-08-27T08:51:00+00:00","dateModified":"2024-08-27T08:51:51+00:00","author":{"@id":"https:\/\/www.krafthand.de\/truck\/#\/schema\/person\/51fa80b1c57034c4bf63f9f988fc24ce"},"description":"Speedline-Truck auf der IAA-Transportation in Hannover (17. bis 22. September 2024) mit einem eigenem Stand pr\u00e4sent.","breadcrumb":{"@id":"https:\/\/www.krafthand.de\/truck\/artikel\/speedline-truck-zeigt-in-hannover-raeder-portfolio-40510\/#breadcrumb"},"inLanguage":"de","potentialAction":[{"@type":"ReadAction","target":["https:\/\/www.krafthand.de\/truck\/artikel\/speedline-truck-zeigt-in-hannover-raeder-portfolio-40510\/"]}]},{"@type":"ImageObject","inLanguage":"de","@id":"https:\/\/www.krafthand.de\/truck\/artikel\/speedline-truck-zeigt-in-hannover-raeder-portfolio-40510\/#primaryimage","url":"https:\/\/static.krafthand-truck.de\/uploads\/2024\/08\/Ronal_Speedline_Truck_IAA_Transportation_Lkw_Felgen_2024.jpg","contentUrl":"https:\/\/static.krafthand-truck.de\/uploads\/2024\/08\/Ronal_Speedline_Truck_IAA_Transportation_Lkw_Felgen_2024.jpg","width":1200,"height":800},{"@type":"BreadcrumbList","@id":"https:\/\/www.krafthand.de\/truck\/artikel\/speedline-truck-zeigt-in-hannover-raeder-portfolio-40510\/#breadcrumb","itemListElement":[{"@type":"ListItem","position":1,"name":"Krafthand-Truck","item":"https:\/\/www.krafthand.de\/truck\/"},{"@type":"ListItem","position":2,"name":"Nfz-Technik","item":"https:\/\/www.krafthand.de\/truck\/kategorie\/nfz-technik\/"},{"@type":"ListItem","position":3,"name":"Rad\/Reifen\/Bremse","item":"https:\/\/www.krafthand.de\/truck\/kategorie\/nfz-technik\/rad-reifen-bremse\/"},{"@type":"ListItem","position":4,"name":"Speedline-Truck zeigt in Hannover R\u00e4der-Portfolio"}]},{"@type":"WebSite","@id":"https:\/\/www.krafthand.de\/truck\/#website","url":"https:\/\/www.krafthand.de\/truck\/","name":"Krafthand-Truck","description":"","potentialAction":[{"@type":"SearchAction","target":{"@type":"EntryPoint","urlTemplate":"https:\/\/www.krafthand.de\/truck\/?s={search_term_string}"},"query-input":{"@type":"PropertyValueSpecification","valueRequired":true,"valueName":"search_term_string"}}],"inLanguage":"de"},{"@type":"Person","@id":"https:\/\/www.krafthand.de\/truck\/#\/schema\/person\/51fa80b1c57034c4bf63f9f988fc24ce","name":"georg.blenk@krafthand-medien.de","image":{"@type":"ImageObject","inLanguage":"de","@id":"https:\/\/secure.gravatar.com\/avatar\/93713c30affe0aa95d3a4130e499bb1abee2eb31adbdd9ce2aa1543538490215?s=96&d=mm&r=g","url":"https:\/\/secure.gravatar.com\/avatar\/93713c30affe0aa95d3a4130e499bb1abee2eb31adbdd9ce2aa1543538490215?s=96&d=mm&r=g","contentUrl":"https:\/\/secure.gravatar.com\/avatar\/93713c30affe0aa95d3a4130e499bb1abee2eb31adbdd9ce2aa1543538490215?s=96&d=mm&r=g","caption":"georg.blenk@krafthand-medien.de"}}]}},"_links":{"self":[{"href":"https:\/\/www.krafthand.de\/truck\/wp-json\/wp\/v2\/posts\/40510","targetHints":{"allow":["GET"]}}],"collection":[{"href":"https:\/\/www.krafthand.de\/truck\/wp-json\/wp\/v2\/posts"}],"about":[{"href":"https:\/\/www.krafthand.de\/truck\/wp-json\/wp\/v2\/types\/post"}],"author":[{"embeddable":true,"href":"https:\/\/www.krafthand.de\/truck\/wp-json\/wp\/v2\/users\/9"}],"replies":[{"embeddable":true,"href":"https:\/\/www.krafthand.de\/truck\/wp-json\/wp\/v2\/comments?post=40510"}],"version-history":[{"count":1,"href":"https:\/\/www.krafthand.de\/truck\/wp-json\/wp\/v2\/posts\/40510\/revisions"}],"predecessor-version":[{"id":40511,"href":"https:\/\/www.krafthand.de\/truck\/wp-json\/wp\/v2\/posts\/40510\/revisions\/40511"}],"wp:featuredmedia":[{"embeddable":true,"href":"https:\/\/www.krafthand.de\/truck\/wp-json\/wp\/v2\/media\/40512"}],"wp:attachment":[{"href":"https:\/\/www.krafthand.de\/truck\/wp-json\/wp\/v2\/media?parent=40510"}],"wp:term":[{"taxonomy":"category","embeddable":true,"href":"https:\/\/www.krafthand.de\/truck\/wp-json\/wp\/v2\/categories?post=40510"},{"taxonomy":"post_tag","embeddable":true,"href":"https:\/\/www.krafthand.de\/truck\/wp-json\/wp\/v2\/tags?post=40510"},{"taxonomy":"settings","embeddable":true,"href":"https:\/\/www.krafthand.de\/truck\/wp-json\/wp\/v2\/settings?post=40510"}],"curies":[{"name":"wp","href":"https:\/\/api.w.org\/{rel}","templated":true}]}}