{"id":40476,"date":"2024-08-14T10:46:31","date_gmt":"2024-08-14T08:46:31","guid":{"rendered":"https:\/\/www.krafthand.de\/truck\/?p=40476"},"modified":"2025-03-14T05:42:25","modified_gmt":"2025-03-14T04:42:25","slug":"technologische-vielfalt","status":"publish","type":"post","link":"https:\/\/www.krafthand.de\/truck\/artikel\/technologische-vielfalt-40476\/","title":{"rendered":"Technologische Vielfalt"},"content":{"rendered":"<p>Der Begriff der Technologieoffenheit ist belastet. Er wird inflation\u00e4r, mitunter falsch, gar missbr\u00e4uchlich, immer wieder politisch-motiviert verwendet. Manchmal sind es technische Fantastereien, an nachfolgende Generationen delegierte Wunschtr\u00e4ume. Den Status Quo aufrechterhalten? Das wird schon, aber bitte nicht jetzt. Stillstand statt Fortschritt? Nein!<\/p>\n<p>Technologieoffenheit, bedeutet tragf\u00e4hige L\u00f6sungen zu kreieren. Das heute technisch machbare umsetzen, an der Technik von Morgen arbeiten, vor allem die Menschen mitnehmen, begeistern! Dabei k\u00f6nnen es kleine Schritte sein.<\/p>\n<blockquote><p>\u201eDie Vielfalt macht uns stark, so oder so\u2026\u201c<\/p><\/blockquote>\n<p>Technologieoffenheit bedeutet aber auch loslassen, sich von veralteten L\u00f6sungen verabschieden und Neues wagen. Das setzt Mut voraus, Risikobereitschaft. Im Kleinen gehen bereits viele Speditionen voran, testen alternative Kraftstoffe, E-Lkws, FCEVs, sammeln Erfahrungen. Das kostet Geld, der Erkenntnisgewinn ist enorm, die Fahrer(innen) sind begeistert.<\/p>\n<blockquote><p>\u201eIch h\u00e4tte nicht gedacht, dass sich das Fahrzeug so wunderbar f\u00e4hrt.\u201c<\/p><\/blockquote>\n<p>Doch was f\u00fcr ein Spagat m\u00fcssen die OEMs, die gro\u00dfen wie kleinen Zulieferer hinbekommen? Neue Technologien entwickeln, mit bestehenden L\u00f6sungen Geld verdienen. Das geht nur mit Leitplanken, mit verl\u00e4sslichen Rahmenbedingungen. Planbarkeit, mit klugen K\u00f6pfen. Am Ende macht uns die Vielfalt stark, sprechen wir also von technologischer Vielfalt!<\/p>\n<p>Mit besten Gr\u00fc\u00dfen<\/p>\n<p>Ihr<\/p>\n<p>Georg Blenk<\/p>\n<p>&nbsp;<\/p>\n<p><i>Den Beitrag finden Sie auch in der Print-Ausgabe 3-2024 der <a href=\"https:\/\/www.krafthand.de\/truck\/magazin\/\" title=\"Zum Magazin\">Krafthand-Truck<\/a>.<\/i><\/p>","protected":false},"excerpt":{"rendered":"<p>Der Begriff der Technologieoffenheit ist belastet. Er wird inflation\u00e4r, mitunter falsch, gar missbr\u00e4uchlich, immer wieder politisch-motiviert verwendet. Manchmal sind es technische Fantastereien, an nachfolgende Generationen delegierte Wunschtr\u00e4ume. Den Status Quo aufrechterhalten? Das wird schon, aber bitte nicht jetzt. Stillstand statt Fortschritt? Nein! Technologieoffenheit, bedeutet tragf\u00e4hige L\u00f6sungen zu kreieren. Das heute technisch machbare umsetzen, an der <span class=\"excerpt-more__dots\">&#8230;<\/span> <a class=\"excerpt-more__link\" href=\"https:\/\/www.krafthand.de\/truck\/artikel\/technologische-vielfalt-40476\/\" >weiter<\/a><\/p>\n","protected":false},"author":9,"featured_media":0,"comment_status":"closed","ping_status":"closed","sticky":false,"template":"","format":"standard","meta":{"footnotes":""},"categories":[5841],"tags":[4511,4348,4532],"settings":[3523],"class_list":["post-40476","post","type-post","status-publish","format-standard","hentry","category-editorial","tag-bev","tag-fcev","tag-wasserstoff-verbrennungsmotor"],"yoast_head":"<!-- This site is optimized with the Yoast SEO plugin v27.3 - https:\/\/yoast.com\/product\/yoast-seo-wordpress\/ -->\n<title>Technologische Vielfalt - Krafthand-Truck<\/title>\n<meta name=\"description\" content=\"Der Begriff der Technologieoffenheit ist belastet. Er wird inflation\u00e4r, mitunter falsch, gar missbr\u00e4uchlich, immer wieder politisch-motiviert verwendet.\" \/>\n<meta name=\"robots\" content=\"index, follow, max-snippet:-1, max-image-preview:large, max-video-preview:-1\" \/>\n<link rel=\"canonical\" href=\"https:\/\/www.krafthand.de\/truck\/artikel\/technologische-vielfalt-40476\/\" \/>\n<meta property=\"og:locale\" content=\"de_DE\" \/>\n<meta property=\"og:type\" content=\"article\" \/>\n<meta property=\"og:title\" content=\"Technologische Vielfalt - Krafthand-Truck\" \/>\n<meta property=\"og:description\" content=\"Der Begriff der Technologieoffenheit ist belastet. Er wird inflation\u00e4r, mitunter falsch, gar missbr\u00e4uchlich, immer wieder politisch-motiviert verwendet.\" \/>\n<meta property=\"og:url\" content=\"https:\/\/www.krafthand-truck.de\/artikel\/technologische-vielfalt-40476\/\" \/>\n<meta property=\"og:site_name\" content=\"Krafthand-Truck\" \/>\n<meta property=\"article:published_time\" content=\"2024-08-14T08:46:31+00:00\" \/>\n<meta property=\"article:modified_time\" content=\"2025-03-14T04:42:25+00:00\" \/>\n<meta name=\"author\" content=\"georg.blenk@krafthand-medien.de\" \/>\n<meta name=\"twitter:card\" content=\"summary_large_image\" \/>\n<meta name=\"twitter:label1\" content=\"Verfasst von\" \/>\n\t<meta name=\"twitter:data1\" content=\"georg.blenk@krafthand-medien.de\" \/>\n\t<meta name=\"twitter:label2\" content=\"Gesch\u00e4tzte Lesezeit\" \/>\n\t<meta name=\"twitter:data2\" content=\"1\u00a0Minute\" \/>\n<script type=\"application\/ld+json\" class=\"yoast-schema-graph\">{\"@context\":\"https:\\\/\\\/schema.org\",\"@graph\":[{\"@type\":\"Article\",\"@id\":\"https:\\\/\\\/www.krafthand.de\\\/truck\\\/artikel\\\/technologische-vielfalt-40476\\\/#article\",\"isPartOf\":{\"@id\":\"https:\\\/\\\/www.krafthand.de\\\/truck\\\/artikel\\\/technologische-vielfalt-40476\\\/\"},\"author\":{\"name\":\"georg.blenk@krafthand-medien.de\",\"@id\":\"https:\\\/\\\/www.krafthand.de\\\/truck\\\/#\\\/schema\\\/person\\\/51fa80b1c57034c4bf63f9f988fc24ce\"},\"headline\":\"Technologische Vielfalt\",\"datePublished\":\"2024-08-14T08:46:31+00:00\",\"dateModified\":\"2025-03-14T04:42:25+00:00\",\"mainEntityOfPage\":{\"@id\":\"https:\\\/\\\/www.krafthand.de\\\/truck\\\/artikel\\\/technologische-vielfalt-40476\\\/\"},\"wordCount\":206,\"keywords\":[\"BEV\",\"FCEV\",\"Wasserstoff-Verbrennungsmotor\"],\"articleSection\":[\"Editorial\"],\"inLanguage\":\"de\"},{\"@type\":\"WebPage\",\"@id\":\"https:\\\/\\\/www.krafthand.de\\\/truck\\\/artikel\\\/technologische-vielfalt-40476\\\/\",\"url\":\"https:\\\/\\\/www.krafthand.de\\\/truck\\\/artikel\\\/technologische-vielfalt-40476\\\/\",\"name\":\"Technologische Vielfalt - Krafthand-Truck\",\"isPartOf\":{\"@id\":\"https:\\\/\\\/www.krafthand.de\\\/truck\\\/#website\"},\"datePublished\":\"2024-08-14T08:46:31+00:00\",\"dateModified\":\"2025-03-14T04:42:25+00:00\",\"author\":{\"@id\":\"https:\\\/\\\/www.krafthand.de\\\/truck\\\/#\\\/schema\\\/person\\\/51fa80b1c57034c4bf63f9f988fc24ce\"},\"description\":\"Der Begriff der Technologieoffenheit ist belastet. Er wird inflation\u00e4r, mitunter falsch, gar missbr\u00e4uchlich, immer wieder politisch-motiviert verwendet.\",\"breadcrumb\":{\"@id\":\"https:\\\/\\\/www.krafthand.de\\\/truck\\\/artikel\\\/technologische-vielfalt-40476\\\/#breadcrumb\"},\"inLanguage\":\"de\",\"potentialAction\":[{\"@type\":\"ReadAction\",\"target\":[\"https:\\\/\\\/www.krafthand.de\\\/truck\\\/artikel\\\/technologische-vielfalt-40476\\\/\"]}]},{\"@type\":\"BreadcrumbList\",\"@id\":\"https:\\\/\\\/www.krafthand.de\\\/truck\\\/artikel\\\/technologische-vielfalt-40476\\\/#breadcrumb\",\"itemListElement\":[{\"@type\":\"ListItem\",\"position\":1,\"name\":\"Krafthand-Truck\",\"item\":\"https:\\\/\\\/www.krafthand.de\\\/truck\\\/\"},{\"@type\":\"ListItem\",\"position\":2,\"name\":\"Editorial\",\"item\":\"https:\\\/\\\/www.krafthand.de\\\/truck\\\/kategorie\\\/editorial\\\/\"},{\"@type\":\"ListItem\",\"position\":3,\"name\":\"Technologische Vielfalt\"}]},{\"@type\":\"WebSite\",\"@id\":\"https:\\\/\\\/www.krafthand.de\\\/truck\\\/#website\",\"url\":\"https:\\\/\\\/www.krafthand.de\\\/truck\\\/\",\"name\":\"Krafthand-Truck\",\"description\":\"\",\"potentialAction\":[{\"@type\":\"SearchAction\",\"target\":{\"@type\":\"EntryPoint\",\"urlTemplate\":\"https:\\\/\\\/www.krafthand.de\\\/truck\\\/?s={search_term_string}\"},\"query-input\":{\"@type\":\"PropertyValueSpecification\",\"valueRequired\":true,\"valueName\":\"search_term_string\"}}],\"inLanguage\":\"de\"},{\"@type\":\"Person\",\"@id\":\"https:\\\/\\\/www.krafthand.de\\\/truck\\\/#\\\/schema\\\/person\\\/51fa80b1c57034c4bf63f9f988fc24ce\",\"name\":\"georg.blenk@krafthand-medien.de\",\"image\":{\"@type\":\"ImageObject\",\"inLanguage\":\"de\",\"@id\":\"https:\\\/\\\/secure.gravatar.com\\\/avatar\\\/93713c30affe0aa95d3a4130e499bb1abee2eb31adbdd9ce2aa1543538490215?s=96&d=mm&r=g\",\"url\":\"https:\\\/\\\/secure.gravatar.com\\\/avatar\\\/93713c30affe0aa95d3a4130e499bb1abee2eb31adbdd9ce2aa1543538490215?s=96&d=mm&r=g\",\"contentUrl\":\"https:\\\/\\\/secure.gravatar.com\\\/avatar\\\/93713c30affe0aa95d3a4130e499bb1abee2eb31adbdd9ce2aa1543538490215?s=96&d=mm&r=g\",\"caption\":\"georg.blenk@krafthand-medien.de\"}}]}<\/script>\n<!-- \/ Yoast SEO plugin. -->","yoast_head_json":{"title":"Technologische Vielfalt - Krafthand-Truck","description":"Der Begriff der Technologieoffenheit ist belastet. Er wird inflation\u00e4r, mitunter falsch, gar missbr\u00e4uchlich, immer wieder politisch-motiviert verwendet.","robots":{"index":"index","follow":"follow","max-snippet":"max-snippet:-1","max-image-preview":"max-image-preview:large","max-video-preview":"max-video-preview:-1"},"canonical":"https:\/\/www.krafthand.de\/truck\/artikel\/technologische-vielfalt-40476\/","og_locale":"de_DE","og_type":"article","og_title":"Technologische Vielfalt - Krafthand-Truck","og_description":"Der Begriff der Technologieoffenheit ist belastet. Er wird inflation\u00e4r, mitunter falsch, gar missbr\u00e4uchlich, immer wieder politisch-motiviert verwendet.","og_url":"https:\/\/www.krafthand-truck.de\/artikel\/technologische-vielfalt-40476\/","og_site_name":"Krafthand-Truck","article_published_time":"2024-08-14T08:46:31+00:00","article_modified_time":"2025-03-14T04:42:25+00:00","author":"georg.blenk@krafthand-medien.de","twitter_card":"summary_large_image","twitter_misc":{"Verfasst von":"georg.blenk@krafthand-medien.de","Gesch\u00e4tzte Lesezeit":"1\u00a0Minute"},"schema":{"@context":"https:\/\/schema.org","@graph":[{"@type":"Article","@id":"https:\/\/www.krafthand.de\/truck\/artikel\/technologische-vielfalt-40476\/#article","isPartOf":{"@id":"https:\/\/www.krafthand.de\/truck\/artikel\/technologische-vielfalt-40476\/"},"author":{"name":"georg.blenk@krafthand-medien.de","@id":"https:\/\/www.krafthand.de\/truck\/#\/schema\/person\/51fa80b1c57034c4bf63f9f988fc24ce"},"headline":"Technologische Vielfalt","datePublished":"2024-08-14T08:46:31+00:00","dateModified":"2025-03-14T04:42:25+00:00","mainEntityOfPage":{"@id":"https:\/\/www.krafthand.de\/truck\/artikel\/technologische-vielfalt-40476\/"},"wordCount":206,"keywords":["BEV","FCEV","Wasserstoff-Verbrennungsmotor"],"articleSection":["Editorial"],"inLanguage":"de"},{"@type":"WebPage","@id":"https:\/\/www.krafthand.de\/truck\/artikel\/technologische-vielfalt-40476\/","url":"https:\/\/www.krafthand.de\/truck\/artikel\/technologische-vielfalt-40476\/","name":"Technologische Vielfalt - Krafthand-Truck","isPartOf":{"@id":"https:\/\/www.krafthand.de\/truck\/#website"},"datePublished":"2024-08-14T08:46:31+00:00","dateModified":"2025-03-14T04:42:25+00:00","author":{"@id":"https:\/\/www.krafthand.de\/truck\/#\/schema\/person\/51fa80b1c57034c4bf63f9f988fc24ce"},"description":"Der Begriff der Technologieoffenheit ist belastet. Er wird inflation\u00e4r, mitunter falsch, gar missbr\u00e4uchlich, immer wieder politisch-motiviert verwendet.","breadcrumb":{"@id":"https:\/\/www.krafthand.de\/truck\/artikel\/technologische-vielfalt-40476\/#breadcrumb"},"inLanguage":"de","potentialAction":[{"@type":"ReadAction","target":["https:\/\/www.krafthand.de\/truck\/artikel\/technologische-vielfalt-40476\/"]}]},{"@type":"BreadcrumbList","@id":"https:\/\/www.krafthand.de\/truck\/artikel\/technologische-vielfalt-40476\/#breadcrumb","itemListElement":[{"@type":"ListItem","position":1,"name":"Krafthand-Truck","item":"https:\/\/www.krafthand.de\/truck\/"},{"@type":"ListItem","position":2,"name":"Editorial","item":"https:\/\/www.krafthand.de\/truck\/kategorie\/editorial\/"},{"@type":"ListItem","position":3,"name":"Technologische Vielfalt"}]},{"@type":"WebSite","@id":"https:\/\/www.krafthand.de\/truck\/#website","url":"https:\/\/www.krafthand.de\/truck\/","name":"Krafthand-Truck","description":"","potentialAction":[{"@type":"SearchAction","target":{"@type":"EntryPoint","urlTemplate":"https:\/\/www.krafthand.de\/truck\/?s={search_term_string}"},"query-input":{"@type":"PropertyValueSpecification","valueRequired":true,"valueName":"search_term_string"}}],"inLanguage":"de"},{"@type":"Person","@id":"https:\/\/www.krafthand.de\/truck\/#\/schema\/person\/51fa80b1c57034c4bf63f9f988fc24ce","name":"georg.blenk@krafthand-medien.de","image":{"@type":"ImageObject","inLanguage":"de","@id":"https:\/\/secure.gravatar.com\/avatar\/93713c30affe0aa95d3a4130e499bb1abee2eb31adbdd9ce2aa1543538490215?s=96&d=mm&r=g","url":"https:\/\/secure.gravatar.com\/avatar\/93713c30affe0aa95d3a4130e499bb1abee2eb31adbdd9ce2aa1543538490215?s=96&d=mm&r=g","contentUrl":"https:\/\/secure.gravatar.com\/avatar\/93713c30affe0aa95d3a4130e499bb1abee2eb31adbdd9ce2aa1543538490215?s=96&d=mm&r=g","caption":"georg.blenk@krafthand-medien.de"}}]}},"_links":{"self":[{"href":"https:\/\/www.krafthand.de\/truck\/wp-json\/wp\/v2\/posts\/40476","targetHints":{"allow":["GET"]}}],"collection":[{"href":"https:\/\/www.krafthand.de\/truck\/wp-json\/wp\/v2\/posts"}],"about":[{"href":"https:\/\/www.krafthand.de\/truck\/wp-json\/wp\/v2\/types\/post"}],"author":[{"embeddable":true,"href":"https:\/\/www.krafthand.de\/truck\/wp-json\/wp\/v2\/users\/9"}],"replies":[{"embeddable":true,"href":"https:\/\/www.krafthand.de\/truck\/wp-json\/wp\/v2\/comments?post=40476"}],"version-history":[{"count":3,"href":"https:\/\/www.krafthand.de\/truck\/wp-json\/wp\/v2\/posts\/40476\/revisions"}],"predecessor-version":[{"id":40479,"href":"https:\/\/www.krafthand.de\/truck\/wp-json\/wp\/v2\/posts\/40476\/revisions\/40479"}],"wp:attachment":[{"href":"https:\/\/www.krafthand.de\/truck\/wp-json\/wp\/v2\/media?parent=40476"}],"wp:term":[{"taxonomy":"category","embeddable":true,"href":"https:\/\/www.krafthand.de\/truck\/wp-json\/wp\/v2\/categories?post=40476"},{"taxonomy":"post_tag","embeddable":true,"href":"https:\/\/www.krafthand.de\/truck\/wp-json\/wp\/v2\/tags?post=40476"},{"taxonomy":"settings","embeddable":true,"href":"https:\/\/www.krafthand.de\/truck\/wp-json\/wp\/v2\/settings?post=40476"}],"curies":[{"name":"wp","href":"https:\/\/api.w.org\/{rel}","templated":true}]}}