{"id":40458,"date":"2024-08-14T10:43:41","date_gmt":"2024-08-14T08:43:41","guid":{"rendered":"https:\/\/www.krafthand.de\/truck\/?p=40458"},"modified":"2024-08-14T13:53:08","modified_gmt":"2024-08-14T11:53:08","slug":"auger-praesentiert-umfassendes-portfolio-in-frankfurt","status":"publish","type":"post","link":"https:\/\/www.krafthand.de\/truck\/artikel\/auger-praesentiert-umfassendes-portfolio-in-frankfurt-40458\/","title":{"rendered":"Auger pr\u00e4sentiert umfassendes Portfolio in Frankfurt"},"content":{"rendered":"<p>Mit einem umfassenden Sortiment an Nfz-Teilen pr\u00e4sentiert sich die Auger Autotechnik GmbH auf der Automechanika in Frankfurt. Auger ist Hersteller von Ersatzteilen f\u00fcr Nutzfahrzeuge und bietet laut Angaben mehr als 60.000 Parts in 24 verschiedenen Produkt-Kategorien an. Zu den Kernkompetenzen des Unternehmens z\u00e4hlten unter anderem Luftfederb\u00e4lge, Radnaben, Kupplungen, Achsteile, Sattelkupplungen und T\u00fcren f\u00fcr die Fahrerkabine.<\/p>\n<p>Auger produziert auch andere Teile, wie zum Beispiel Universalteile f\u00fcr Zugmaschinen und Trailer, elektrische Ausr\u00fcstung, Motorenteile und Filter. \u201eEs gibt kaum etwas, was wir nicht haben\u201c, sagt Benjamin Raab, Vertriebsleiter f\u00fcr Deutschland, \u00d6sterreich und die Schweiz. Die Versorgung f\u00fcr Zentraleuropa erfolgt \u00fcber das Zentrallager in Neukirchen-Vluyn.<br \/>\nNeben Raab ist unter anderem Erich Achtelik als Gebietsverkaufsleiter Norddeutschland vor Ort. Auch Maximilian H\u00fcfner ist w\u00e4hrend der Automechanika am Stand zu finden. H\u00fcfner ist Teamleiter des Kundensupports.<\/p>\n<p>Auf der Automechanika ist <a href=\"https:\/\/www.iamauger.com\/de\" target=\"_blank\" rel=\"noopener\">Auger<\/a> in <strong>Halle 3.0, Stand A71<\/strong>, zu finden.<\/p>\n<p><i>Den Beitrag finden Sie auch in der Print-Ausgabe 3-2024 der <a href=\"https:\/\/www.krafthand.de\/truck\/magazin\/\" title=\"Zum Magazin\">Krafthand-Truck<\/a>.<\/i><\/p>","protected":false},"excerpt":{"rendered":"<p>Mit einem umfassenden Sortiment an Nfz-Teilen pr\u00e4sentiert sich die Auger Autotechnik GmbH auf der Automechanika in Frankfurt. Auger ist Hersteller von Ersatzteilen f\u00fcr Nutzfahrzeuge und bietet laut Angaben mehr als 60.000 Parts in 24 verschiedenen Produkt-Kategorien an. <span class=\"excerpt-more__dots\">&#8230;<\/span> <a class=\"excerpt-more__link\" href=\"https:\/\/www.krafthand.de\/truck\/artikel\/auger-praesentiert-umfassendes-portfolio-in-frankfurt-40458\/\" >weiter<\/a><\/p>\n","protected":false},"author":9,"featured_media":40459,"comment_status":"closed","ping_status":"closed","sticky":false,"template":"","format":"standard","meta":{"footnotes":""},"categories":[4912,4236],"tags":[4119,1346,4847],"settings":[4766],"class_list":["post-40458","post","type-post","status-publish","format-standard","has-post-thumbnail","hentry","category-ersatzteile-zubehoer","category-veranstaltungen","tag-auger","tag-automechanika","tag-nfz-teile"],"yoast_head":"<!-- This site is optimized with the Yoast SEO plugin v27.3 - https:\/\/yoast.com\/product\/yoast-seo-wordpress\/ -->\n<title>Auger pr\u00e4sentiert umfassendes Portfolio in Frankfurt - Krafthand-Truck<\/title>\n<meta name=\"description\" content=\"Mit einem umfassenden Sortiment an Nfz-Teilen pr\u00e4sentiert sich die Auger Autotechnik GmbH auf der Automechanika in Frankfurt.\" \/>\n<meta name=\"robots\" content=\"index, follow, max-snippet:-1, max-image-preview:large, max-video-preview:-1\" \/>\n<link rel=\"canonical\" href=\"https:\/\/www.krafthand.de\/truck\/artikel\/auger-praesentiert-umfassendes-portfolio-in-frankfurt-40458\/\" \/>\n<meta property=\"og:locale\" content=\"de_DE\" \/>\n<meta property=\"og:type\" content=\"article\" \/>\n<meta property=\"og:title\" content=\"Auger pr\u00e4sentiert umfassendes Portfolio in Frankfurt - Krafthand-Truck\" \/>\n<meta property=\"og:description\" content=\"Mit einem umfassenden Sortiment an Nfz-Teilen pr\u00e4sentiert sich die Auger Autotechnik GmbH auf der Automechanika in Frankfurt.\" \/>\n<meta property=\"og:url\" content=\"https:\/\/www.krafthand-truck.de\/artikel\/auger-praesentiert-umfassendes-portfolio-in-frankfurt-40458\/\" \/>\n<meta property=\"og:site_name\" content=\"Krafthand-Truck\" \/>\n<meta property=\"article:published_time\" content=\"2024-08-14T08:43:41+00:00\" \/>\n<meta property=\"article:modified_time\" content=\"2024-08-14T11:53:08+00:00\" \/>\n<meta property=\"og:image\" content=\"https:\/\/static.krafthand-truck.de\/uploads\/2024\/08\/Auger_Fahrzeugteile_Automechanika_2024.jpg\" \/>\n\t<meta property=\"og:image:width\" content=\"1200\" \/>\n\t<meta property=\"og:image:height\" content=\"798\" \/>\n\t<meta property=\"og:image:type\" content=\"image\/jpeg\" \/>\n<meta name=\"author\" content=\"georg.blenk@krafthand-medien.de\" \/>\n<meta name=\"twitter:card\" content=\"summary_large_image\" \/>\n<meta name=\"twitter:label1\" content=\"Verfasst von\" \/>\n\t<meta name=\"twitter:data1\" content=\"georg.blenk@krafthand-medien.de\" \/>\n\t<meta name=\"twitter:label2\" content=\"Gesch\u00e4tzte Lesezeit\" \/>\n\t<meta name=\"twitter:data2\" content=\"1\u00a0Minute\" \/>\n<script type=\"application\/ld+json\" class=\"yoast-schema-graph\">{\"@context\":\"https:\\\/\\\/schema.org\",\"@graph\":[{\"@type\":\"Article\",\"@id\":\"https:\\\/\\\/www.krafthand.de\\\/truck\\\/artikel\\\/auger-praesentiert-umfassendes-portfolio-in-frankfurt-40458\\\/#article\",\"isPartOf\":{\"@id\":\"https:\\\/\\\/www.krafthand.de\\\/truck\\\/artikel\\\/auger-praesentiert-umfassendes-portfolio-in-frankfurt-40458\\\/\"},\"author\":{\"name\":\"georg.blenk@krafthand-medien.de\",\"@id\":\"https:\\\/\\\/www.krafthand.de\\\/truck\\\/#\\\/schema\\\/person\\\/51fa80b1c57034c4bf63f9f988fc24ce\"},\"headline\":\"Auger pr\u00e4sentiert umfassendes Portfolio in Frankfurt\",\"datePublished\":\"2024-08-14T08:43:41+00:00\",\"dateModified\":\"2024-08-14T11:53:08+00:00\",\"mainEntityOfPage\":{\"@id\":\"https:\\\/\\\/www.krafthand.de\\\/truck\\\/artikel\\\/auger-praesentiert-umfassendes-portfolio-in-frankfurt-40458\\\/\"},\"wordCount\":158,\"image\":{\"@id\":\"https:\\\/\\\/www.krafthand.de\\\/truck\\\/artikel\\\/auger-praesentiert-umfassendes-portfolio-in-frankfurt-40458\\\/#primaryimage\"},\"thumbnailUrl\":\"https:\\\/\\\/static.krafthand-truck.de\\\/uploads\\\/2024\\\/08\\\/Auger_Fahrzeugteile_Automechanika_2024.jpg\",\"keywords\":[\"Auger\",\"Automechanika\",\"Nfz-Teile\"],\"articleSection\":[\"Ersatzteile\\\/Zubeh\u00f6r\",\"Veranstaltungen\\\/Messen\"],\"inLanguage\":\"de\"},{\"@type\":\"WebPage\",\"@id\":\"https:\\\/\\\/www.krafthand.de\\\/truck\\\/artikel\\\/auger-praesentiert-umfassendes-portfolio-in-frankfurt-40458\\\/\",\"url\":\"https:\\\/\\\/www.krafthand.de\\\/truck\\\/artikel\\\/auger-praesentiert-umfassendes-portfolio-in-frankfurt-40458\\\/\",\"name\":\"Auger pr\u00e4sentiert umfassendes Portfolio in Frankfurt - Krafthand-Truck\",\"isPartOf\":{\"@id\":\"https:\\\/\\\/www.krafthand.de\\\/truck\\\/#website\"},\"primaryImageOfPage\":{\"@id\":\"https:\\\/\\\/www.krafthand.de\\\/truck\\\/artikel\\\/auger-praesentiert-umfassendes-portfolio-in-frankfurt-40458\\\/#primaryimage\"},\"image\":{\"@id\":\"https:\\\/\\\/www.krafthand.de\\\/truck\\\/artikel\\\/auger-praesentiert-umfassendes-portfolio-in-frankfurt-40458\\\/#primaryimage\"},\"thumbnailUrl\":\"https:\\\/\\\/static.krafthand-truck.de\\\/uploads\\\/2024\\\/08\\\/Auger_Fahrzeugteile_Automechanika_2024.jpg\",\"datePublished\":\"2024-08-14T08:43:41+00:00\",\"dateModified\":\"2024-08-14T11:53:08+00:00\",\"author\":{\"@id\":\"https:\\\/\\\/www.krafthand.de\\\/truck\\\/#\\\/schema\\\/person\\\/51fa80b1c57034c4bf63f9f988fc24ce\"},\"description\":\"Mit einem umfassenden Sortiment an Nfz-Teilen pr\u00e4sentiert sich die Auger Autotechnik GmbH auf der Automechanika in Frankfurt.\",\"breadcrumb\":{\"@id\":\"https:\\\/\\\/www.krafthand.de\\\/truck\\\/artikel\\\/auger-praesentiert-umfassendes-portfolio-in-frankfurt-40458\\\/#breadcrumb\"},\"inLanguage\":\"de\",\"potentialAction\":[{\"@type\":\"ReadAction\",\"target\":[\"https:\\\/\\\/www.krafthand.de\\\/truck\\\/artikel\\\/auger-praesentiert-umfassendes-portfolio-in-frankfurt-40458\\\/\"]}]},{\"@type\":\"ImageObject\",\"inLanguage\":\"de\",\"@id\":\"https:\\\/\\\/www.krafthand.de\\\/truck\\\/artikel\\\/auger-praesentiert-umfassendes-portfolio-in-frankfurt-40458\\\/#primaryimage\",\"url\":\"https:\\\/\\\/static.krafthand-truck.de\\\/uploads\\\/2024\\\/08\\\/Auger_Fahrzeugteile_Automechanika_2024.jpg\",\"contentUrl\":\"https:\\\/\\\/static.krafthand-truck.de\\\/uploads\\\/2024\\\/08\\\/Auger_Fahrzeugteile_Automechanika_2024.jpg\",\"width\":1200,\"height\":798},{\"@type\":\"BreadcrumbList\",\"@id\":\"https:\\\/\\\/www.krafthand.de\\\/truck\\\/artikel\\\/auger-praesentiert-umfassendes-portfolio-in-frankfurt-40458\\\/#breadcrumb\",\"itemListElement\":[{\"@type\":\"ListItem\",\"position\":1,\"name\":\"Krafthand-Truck\",\"item\":\"https:\\\/\\\/www.krafthand.de\\\/truck\\\/\"},{\"@type\":\"ListItem\",\"position\":2,\"name\":\"Nfz-Service\",\"item\":\"https:\\\/\\\/www.krafthand.de\\\/truck\\\/kategorie\\\/nfz-service\\\/\"},{\"@type\":\"ListItem\",\"position\":3,\"name\":\"Ersatzteile\\\/Zubeh\u00f6r\",\"item\":\"https:\\\/\\\/www.krafthand.de\\\/truck\\\/kategorie\\\/nfz-service\\\/ersatzteile-zubehoer\\\/\"},{\"@type\":\"ListItem\",\"position\":4,\"name\":\"Auger pr\u00e4sentiert umfassendes Portfolio in Frankfurt\"}]},{\"@type\":\"WebSite\",\"@id\":\"https:\\\/\\\/www.krafthand.de\\\/truck\\\/#website\",\"url\":\"https:\\\/\\\/www.krafthand.de\\\/truck\\\/\",\"name\":\"Krafthand-Truck\",\"description\":\"\",\"potentialAction\":[{\"@type\":\"SearchAction\",\"target\":{\"@type\":\"EntryPoint\",\"urlTemplate\":\"https:\\\/\\\/www.krafthand.de\\\/truck\\\/?s={search_term_string}\"},\"query-input\":{\"@type\":\"PropertyValueSpecification\",\"valueRequired\":true,\"valueName\":\"search_term_string\"}}],\"inLanguage\":\"de\"},{\"@type\":\"Person\",\"@id\":\"https:\\\/\\\/www.krafthand.de\\\/truck\\\/#\\\/schema\\\/person\\\/51fa80b1c57034c4bf63f9f988fc24ce\",\"name\":\"georg.blenk@krafthand-medien.de\",\"image\":{\"@type\":\"ImageObject\",\"inLanguage\":\"de\",\"@id\":\"https:\\\/\\\/secure.gravatar.com\\\/avatar\\\/93713c30affe0aa95d3a4130e499bb1abee2eb31adbdd9ce2aa1543538490215?s=96&d=mm&r=g\",\"url\":\"https:\\\/\\\/secure.gravatar.com\\\/avatar\\\/93713c30affe0aa95d3a4130e499bb1abee2eb31adbdd9ce2aa1543538490215?s=96&d=mm&r=g\",\"contentUrl\":\"https:\\\/\\\/secure.gravatar.com\\\/avatar\\\/93713c30affe0aa95d3a4130e499bb1abee2eb31adbdd9ce2aa1543538490215?s=96&d=mm&r=g\",\"caption\":\"georg.blenk@krafthand-medien.de\"}}]}<\/script>\n<!-- \/ Yoast SEO plugin. -->","yoast_head_json":{"title":"Auger pr\u00e4sentiert umfassendes Portfolio in Frankfurt - Krafthand-Truck","description":"Mit einem umfassenden Sortiment an Nfz-Teilen pr\u00e4sentiert sich die Auger Autotechnik GmbH auf der Automechanika in Frankfurt.","robots":{"index":"index","follow":"follow","max-snippet":"max-snippet:-1","max-image-preview":"max-image-preview:large","max-video-preview":"max-video-preview:-1"},"canonical":"https:\/\/www.krafthand.de\/truck\/artikel\/auger-praesentiert-umfassendes-portfolio-in-frankfurt-40458\/","og_locale":"de_DE","og_type":"article","og_title":"Auger pr\u00e4sentiert umfassendes Portfolio in Frankfurt - Krafthand-Truck","og_description":"Mit einem umfassenden Sortiment an Nfz-Teilen pr\u00e4sentiert sich die Auger Autotechnik GmbH auf der Automechanika in Frankfurt.","og_url":"https:\/\/www.krafthand-truck.de\/artikel\/auger-praesentiert-umfassendes-portfolio-in-frankfurt-40458\/","og_site_name":"Krafthand-Truck","article_published_time":"2024-08-14T08:43:41+00:00","article_modified_time":"2024-08-14T11:53:08+00:00","og_image":[{"width":1200,"height":798,"url":"https:\/\/static.krafthand-truck.de\/uploads\/2024\/08\/Auger_Fahrzeugteile_Automechanika_2024.jpg","type":"image\/jpeg"}],"author":"georg.blenk@krafthand-medien.de","twitter_card":"summary_large_image","twitter_misc":{"Verfasst von":"georg.blenk@krafthand-medien.de","Gesch\u00e4tzte Lesezeit":"1\u00a0Minute"},"schema":{"@context":"https:\/\/schema.org","@graph":[{"@type":"Article","@id":"https:\/\/www.krafthand.de\/truck\/artikel\/auger-praesentiert-umfassendes-portfolio-in-frankfurt-40458\/#article","isPartOf":{"@id":"https:\/\/www.krafthand.de\/truck\/artikel\/auger-praesentiert-umfassendes-portfolio-in-frankfurt-40458\/"},"author":{"name":"georg.blenk@krafthand-medien.de","@id":"https:\/\/www.krafthand.de\/truck\/#\/schema\/person\/51fa80b1c57034c4bf63f9f988fc24ce"},"headline":"Auger pr\u00e4sentiert umfassendes Portfolio in Frankfurt","datePublished":"2024-08-14T08:43:41+00:00","dateModified":"2024-08-14T11:53:08+00:00","mainEntityOfPage":{"@id":"https:\/\/www.krafthand.de\/truck\/artikel\/auger-praesentiert-umfassendes-portfolio-in-frankfurt-40458\/"},"wordCount":158,"image":{"@id":"https:\/\/www.krafthand.de\/truck\/artikel\/auger-praesentiert-umfassendes-portfolio-in-frankfurt-40458\/#primaryimage"},"thumbnailUrl":"https:\/\/static.krafthand-truck.de\/uploads\/2024\/08\/Auger_Fahrzeugteile_Automechanika_2024.jpg","keywords":["Auger","Automechanika","Nfz-Teile"],"articleSection":["Ersatzteile\/Zubeh\u00f6r","Veranstaltungen\/Messen"],"inLanguage":"de"},{"@type":"WebPage","@id":"https:\/\/www.krafthand.de\/truck\/artikel\/auger-praesentiert-umfassendes-portfolio-in-frankfurt-40458\/","url":"https:\/\/www.krafthand.de\/truck\/artikel\/auger-praesentiert-umfassendes-portfolio-in-frankfurt-40458\/","name":"Auger pr\u00e4sentiert umfassendes Portfolio in Frankfurt - Krafthand-Truck","isPartOf":{"@id":"https:\/\/www.krafthand.de\/truck\/#website"},"primaryImageOfPage":{"@id":"https:\/\/www.krafthand.de\/truck\/artikel\/auger-praesentiert-umfassendes-portfolio-in-frankfurt-40458\/#primaryimage"},"image":{"@id":"https:\/\/www.krafthand.de\/truck\/artikel\/auger-praesentiert-umfassendes-portfolio-in-frankfurt-40458\/#primaryimage"},"thumbnailUrl":"https:\/\/static.krafthand-truck.de\/uploads\/2024\/08\/Auger_Fahrzeugteile_Automechanika_2024.jpg","datePublished":"2024-08-14T08:43:41+00:00","dateModified":"2024-08-14T11:53:08+00:00","author":{"@id":"https:\/\/www.krafthand.de\/truck\/#\/schema\/person\/51fa80b1c57034c4bf63f9f988fc24ce"},"description":"Mit einem umfassenden Sortiment an Nfz-Teilen pr\u00e4sentiert sich die Auger Autotechnik GmbH auf der Automechanika in Frankfurt.","breadcrumb":{"@id":"https:\/\/www.krafthand.de\/truck\/artikel\/auger-praesentiert-umfassendes-portfolio-in-frankfurt-40458\/#breadcrumb"},"inLanguage":"de","potentialAction":[{"@type":"ReadAction","target":["https:\/\/www.krafthand.de\/truck\/artikel\/auger-praesentiert-umfassendes-portfolio-in-frankfurt-40458\/"]}]},{"@type":"ImageObject","inLanguage":"de","@id":"https:\/\/www.krafthand.de\/truck\/artikel\/auger-praesentiert-umfassendes-portfolio-in-frankfurt-40458\/#primaryimage","url":"https:\/\/static.krafthand-truck.de\/uploads\/2024\/08\/Auger_Fahrzeugteile_Automechanika_2024.jpg","contentUrl":"https:\/\/static.krafthand-truck.de\/uploads\/2024\/08\/Auger_Fahrzeugteile_Automechanika_2024.jpg","width":1200,"height":798},{"@type":"BreadcrumbList","@id":"https:\/\/www.krafthand.de\/truck\/artikel\/auger-praesentiert-umfassendes-portfolio-in-frankfurt-40458\/#breadcrumb","itemListElement":[{"@type":"ListItem","position":1,"name":"Krafthand-Truck","item":"https:\/\/www.krafthand.de\/truck\/"},{"@type":"ListItem","position":2,"name":"Nfz-Service","item":"https:\/\/www.krafthand.de\/truck\/kategorie\/nfz-service\/"},{"@type":"ListItem","position":3,"name":"Ersatzteile\/Zubeh\u00f6r","item":"https:\/\/www.krafthand.de\/truck\/kategorie\/nfz-service\/ersatzteile-zubehoer\/"},{"@type":"ListItem","position":4,"name":"Auger pr\u00e4sentiert umfassendes Portfolio in Frankfurt"}]},{"@type":"WebSite","@id":"https:\/\/www.krafthand.de\/truck\/#website","url":"https:\/\/www.krafthand.de\/truck\/","name":"Krafthand-Truck","description":"","potentialAction":[{"@type":"SearchAction","target":{"@type":"EntryPoint","urlTemplate":"https:\/\/www.krafthand.de\/truck\/?s={search_term_string}"},"query-input":{"@type":"PropertyValueSpecification","valueRequired":true,"valueName":"search_term_string"}}],"inLanguage":"de"},{"@type":"Person","@id":"https:\/\/www.krafthand.de\/truck\/#\/schema\/person\/51fa80b1c57034c4bf63f9f988fc24ce","name":"georg.blenk@krafthand-medien.de","image":{"@type":"ImageObject","inLanguage":"de","@id":"https:\/\/secure.gravatar.com\/avatar\/93713c30affe0aa95d3a4130e499bb1abee2eb31adbdd9ce2aa1543538490215?s=96&d=mm&r=g","url":"https:\/\/secure.gravatar.com\/avatar\/93713c30affe0aa95d3a4130e499bb1abee2eb31adbdd9ce2aa1543538490215?s=96&d=mm&r=g","contentUrl":"https:\/\/secure.gravatar.com\/avatar\/93713c30affe0aa95d3a4130e499bb1abee2eb31adbdd9ce2aa1543538490215?s=96&d=mm&r=g","caption":"georg.blenk@krafthand-medien.de"}}]}},"_links":{"self":[{"href":"https:\/\/www.krafthand.de\/truck\/wp-json\/wp\/v2\/posts\/40458","targetHints":{"allow":["GET"]}}],"collection":[{"href":"https:\/\/www.krafthand.de\/truck\/wp-json\/wp\/v2\/posts"}],"about":[{"href":"https:\/\/www.krafthand.de\/truck\/wp-json\/wp\/v2\/types\/post"}],"author":[{"embeddable":true,"href":"https:\/\/www.krafthand.de\/truck\/wp-json\/wp\/v2\/users\/9"}],"replies":[{"embeddable":true,"href":"https:\/\/www.krafthand.de\/truck\/wp-json\/wp\/v2\/comments?post=40458"}],"version-history":[{"count":1,"href":"https:\/\/www.krafthand.de\/truck\/wp-json\/wp\/v2\/posts\/40458\/revisions"}],"predecessor-version":[{"id":40460,"href":"https:\/\/www.krafthand.de\/truck\/wp-json\/wp\/v2\/posts\/40458\/revisions\/40460"}],"wp:featuredmedia":[{"embeddable":true,"href":"https:\/\/www.krafthand.de\/truck\/wp-json\/wp\/v2\/media\/40459"}],"wp:attachment":[{"href":"https:\/\/www.krafthand.de\/truck\/wp-json\/wp\/v2\/media?parent=40458"}],"wp:term":[{"taxonomy":"category","embeddable":true,"href":"https:\/\/www.krafthand.de\/truck\/wp-json\/wp\/v2\/categories?post=40458"},{"taxonomy":"post_tag","embeddable":true,"href":"https:\/\/www.krafthand.de\/truck\/wp-json\/wp\/v2\/tags?post=40458"},{"taxonomy":"settings","embeddable":true,"href":"https:\/\/www.krafthand.de\/truck\/wp-json\/wp\/v2\/settings?post=40458"}],"curies":[{"name":"wp","href":"https:\/\/api.w.org\/{rel}","templated":true}]}}