{"id":40422,"date":"2024-08-14T10:51:46","date_gmt":"2024-08-14T08:51:46","guid":{"rendered":"https:\/\/www.krafthand.de\/truck\/?p=40422"},"modified":"2024-08-15T09:35:56","modified_gmt":"2024-08-15T07:35:56","slug":"nfz-werkstaetten-muessen-sich-auf-die-transformation-vorbereiten","status":"publish","type":"post","link":"https:\/\/www.krafthand.de\/truck\/artikel\/nfz-werkstaetten-muessen-sich-auf-die-transformation-vorbereiten-40422\/","title":{"rendered":"\u201eNfz-Werkst\u00e4tten m\u00fcssen sich auf die Transformation vorbereiten\u201c"},"content":{"rendered":"<p>Das Familienunternehmen KRONE geh\u00f6rt zu den gr\u00f6\u00dften Trailer-Herstellern weltweit. Das Portfolio reicht von Planen-, Pritschensattel-, K\u00fchl- und Trockensattel-Aufliegern, \u00fcber Container-Chassis und Wechselsysteme, bis hin zu Lang-Lkw, E-Trailer und Achsen. Auch der Aftermarket und das Servicegesch\u00e4ft gewann immer mehr an Bedeutung. KRONE er\u00f6ffnete beispielsweise 2017 das 8.500 m2 gro\u00dfe Ersatzteildistributions-Zentrum in Herzlake. Im Jahr 2020 f\u00fchrte man die eigenen Ersatzteilmarke \u201aKRONE-Trusted\u2018 ein. Im Fr\u00fchjahr 2024 folgte mit \u201aKRONE-Truckparts\u2018 die Erweiterung des Angebots um Lkw-Teile. Wir haben mit Ralf Faust, Gesch\u00e4ftsf\u00fchrer Service und Ersatzteile bei KRONE, \u00fcber die Entwicklung des Nfz-Aftermarkets, den Teilemarkt, das Serviceportfolio und \u00fcber Pers\u00f6nliches gesprochen.<\/p>\n<p><strong>Sehr geehrter Herr Faust, sie geh\u00f6ren seit 2012 der Gesch\u00e4ftsf\u00fchrung der Fahrzeugwerke Bernhard KRONE an und sind f\u00fcr den Trailer-Service und das Ersatzteilgesch\u00e4ft verantwortlich. Wie hat sich in den letzten 12 Jahren der Nfz-Aftermarket ver\u00e4ndert?<\/strong><\/p>\n<p>Grunds\u00e4tzlich kann man feststellen, dass f\u00fcr alle Marktteilnehmer der Stellenwert was den Service angeht deutlich gestiegen ist. F\u00fcr unsere Kunden ist planbare Mobilit\u00e4t enorm wichtig und nicht geplante Werkstattaufenthalte sind deutlich kostenintensiver geworden. Auch f\u00fcr KRONE hat sich der Servicebereich zu einem wichtigen Standbein entwickelt. Wir verfolgen einen 360\u00b0-Ansatz und m\u00f6chten unsere Kunden optimal betreuen.<\/p>\n<p>&nbsp;<\/p>\n<figure id=\"attachment_40428\" aria-describedby=\"caption-attachment-40428\" style=\"width: 800px\" class=\"wp-caption aligncenter\"><img fetchpriority=\"high\" decoding=\"async\" class=\"wp-image-40428\" src=\"https:\/\/static.krafthand-truck.de\/uploads\/2024\/08\/Krone_Ersatzteilzentrum_Herzlake-300x195.jpg\" alt=\"\" width=\"800\" height=\"519\" srcset=\"https:\/\/static.krafthand-truck.de\/uploads\/2024\/08\/Krone_Ersatzteilzentrum_Herzlake-300x195.jpg 300w, https:\/\/static.krafthand-truck.de\/uploads\/2024\/08\/Krone_Ersatzteilzentrum_Herzlake-1024x664.jpg 1024w, https:\/\/static.krafthand-truck.de\/uploads\/2024\/08\/Krone_Ersatzteilzentrum_Herzlake-768x498.jpg 768w, https:\/\/static.krafthand-truck.de\/uploads\/2024\/08\/Krone_Ersatzteilzentrum_Herzlake.jpg 1200w\" sizes=\"(max-width: 800px) 100vw, 800px\" \/><figcaption id=\"caption-attachment-40428\" class=\"wp-caption-text\">Das Ersatzteildistributions-Zentrum von KRONE in Herzlake in Niedersachsen.<\/figcaption><\/figure>\n<p>&nbsp;<\/p>\n<p><strong>Wie viele Mitarbeiter(innen) besch\u00e4ftigt KRONE heute im Bereich Aftermarket\/Service?<\/strong><\/p>\n<p>Im Servicebereich der KRONE Gruppe besch\u00e4ftigen wir aktuell rund 150 Mitarbeiter(innen). Dazu kommen noch rund 100 Kolleginnen und Kollegen aus den Tochterunternehmern im In- und Ausland.<\/p>\n<p><strong>Bei Trailern spricht man gleichsam von \u201agezogener\u2018 Einheit. Wie nehmen Sie im Berufsalltag ihre Mitarbeiter(innen) mit und wie w\u00fcrden Sie dabei ihren F\u00fchrungsstil beschreiben?<\/strong><\/p>\n<p>Wir leben einen integrativen F\u00fchrungsstil. Das hei\u00dft, dass wir alle Mitarbeiter im Servicebereich auf Basis flacher Hierarchien im Alltag f\u00fchren. Wir verf\u00fcgen \u00fcber klare Prozessstrukturen und verabschieden diese in Steuer- und Lenkungskreisen mit allen Beteiligten. Im Blick haben wir dabei immer die hohen Erwartungen und die Anforderungen unserer Kunden.<\/p>\n<p>&nbsp;<\/p>\n<div class=\"infobox box-grey\"><\/p>\n<p><strong>Zur Person<\/strong><\/p>\n<p>Ralf Faust (60) ist gelernter Industriekaufmann. Sein beruflicher Einstieg erfolgte bei Schmitz Cargobull im Jahre 1980. Ab 1989 war Faust f\u00fcr renommierte Vermieter (CTR\/TIP\/TVG) t\u00e4tig und im Nachgang 15 Jahre bei EURO-Leasing (einer Tochter der MAN Truck &amp; Bus SE) besch\u00e4ftigt. Dort fungierte Ralf Faust zuerst als Prokurist und Leiter des Vermietbereichs, sp\u00e4ter war er dort als Gesch\u00e4ftsf\u00fchrer t\u00e4tig. Seit April 2012 ist Faust bei KRONE Gesch\u00e4ftsf\u00fchrer f\u00fcr die Bereiche Kundendienst, Service und Telematik. Die Bereiche umfassen den Full-Service, die Ersatzteile, die Auslieferung sowie das Telematik-Segment.<br \/>\n<\/div>\n<p>&nbsp;<\/p>\n<p><strong>Trailer-Hersteller konzentrierten sich fr\u00fcher auf die Entwicklung und Produktion von Rahmen und Aufbauten. Meist hat man sich auf gewisse Anwendungen spezialisiert. Bei KRONE ist das Produktportfolio heute extrem breit gef\u00e4chert. Zudem ist die Fertigungstiefe gestiegen. Beispiele sind eigene Achsen, Nfz-Reifen oder RDKS-Systeme. Damit sind auch die Anforderungen an den Service und die Teileversorgung gewachsen?<\/strong><\/p>\n<p>Wir bei KRONE verstehen uns als ganzheitlicher Anbieter von Transportl\u00f6sungen. Wir denken \u00fcber das Produkt hinaus und bauen sowohl die Digitalisierung als auch den Service immer weiter aus. Mit der Erweiterung unseres Produktportfolios steigt nat\u00fcrlich auch die Anforderung an den Service. Diese Themen gehen bei uns Hand in Hand, wie auch unser Messestand auf der IAA-Transportation zeigen wird. So haben wir beispielsweise unseren Ersatzteilhandel auf Verschlei\u00dfteile f\u00fcr Zugmaschinen erweitert, um unseren Kunden entgegenzukommen und den Alltag einfacher zu gestalten.<\/p>\n<blockquote class=\"khm-quote\"><p>Wir haben den Ersatzteilhandel auf Verschlei\u00dfteile f\u00fcr Zugmaschinen erweitert, um unseren Kunden entgegenzukommen.<\/p><\/blockquote>\n<p>Ein weiteres Beispiel ist die Erweiterung unseres Online-Shops um Trailer-Reifen. Zu den bestellbaren Pneus geh\u00f6ren neben dem KRONE Trusted-Tyre-Programm auch Fabrikate aller Premiumhersteller, fast alle Second-Brands sowie eine gro\u00dfe Auswahl an Budget- und Low-Budget Reifen.<br \/>\nDie Anforderungen im Service wachsen aber nicht allein aufgrund der Produktentwicklungen, vielmehr auch wegen den dynamischen Ver\u00e4nderungen im Markt. So ver\u00e4ndern sich auch die Bed\u00fcrfnisse von Werkstattleitern und Fuhrparkmanagern. Wir arbeiten hier eng mit unseren Kunden zusammen, um diese Bed\u00fcrfnisse zu erf\u00fcllen.<\/p>\n<p>&nbsp;<\/p>\n<figure id=\"attachment_40429\" aria-describedby=\"caption-attachment-40429\" style=\"width: 800px\" class=\"wp-caption aligncenter\"><img decoding=\"async\" class=\"wp-image-40429\" src=\"https:\/\/static.krafthand-truck.de\/uploads\/2024\/08\/Krone_Trailer_Portfolio-300x154.jpg\" alt=\"\" width=\"800\" height=\"411\" srcset=\"https:\/\/static.krafthand-truck.de\/uploads\/2024\/08\/Krone_Trailer_Portfolio-300x154.jpg 300w, https:\/\/static.krafthand-truck.de\/uploads\/2024\/08\/Krone_Trailer_Portfolio-1024x526.jpg 1024w, https:\/\/static.krafthand-truck.de\/uploads\/2024\/08\/Krone_Trailer_Portfolio-768x394.jpg 768w, https:\/\/static.krafthand-truck.de\/uploads\/2024\/08\/Krone_Trailer_Portfolio.jpg 1200w\" sizes=\"(max-width: 800px) 100vw, 800px\" \/><figcaption id=\"caption-attachment-40429\" class=\"wp-caption-text\">Das Produktportfolio von KRONE ist breit gef\u00e4chert. Im Bild die Planen-, K\u00fchl- und Trockensattel-Aufliegern Profi Liner, Cool Liner und Dry Liner.<\/figcaption><\/figure>\n<p>&nbsp;<\/p>\n<p><strong>Seit Fr\u00fchjahr 2024 bietet KRONE unter der Marke \u201aKRONE-Trusted\u2018 auch Lkw-Teile (KRONE-Truckparts) an. M\u00f6chte KRONE zum Vollsortimenter, was Nfz-Teile angeht werden?<\/strong><\/p>\n<p>Im ersten Schritt haben wir unser <a href=\"https:\/\/www.krone-trailerparts.com\" target=\"_blank\" rel=\"noopener\">KRONE Ersatzteilprogramm<\/a> um die Lkw-Teile erweitert, die unsere Kunden bereits oft bei Bestellungen anderer Trailerteile angefragt haben. Hierbei handelt es sich um die g\u00e4ngigen Verschlei\u00dfteile der Zugmaschinen. So haben die Werkst\u00e4tten gleich die M\u00f6glichkeit einzelne Ersatzteile direkt bei uns mit zu bestellen. F\u00fcr unsere Kunden bedeutet dies vor allem eins: Zeitersparnis. Inwiefern wir das Lkw-Sortiment aufstocken werden, k\u00f6nnen wir zu diesem Zeitpunkt noch nicht sagen.<\/p>\n<blockquote class=\"khm-quote\"><p>Inwiefern wir das Lkw-Teile-Sortiment weiter aufstocken, k\u00f6nnen wir zu diesem Zeitpunkt noch nicht sagen.<\/p><\/blockquote>\n<figure id=\"attachment_40431\" aria-describedby=\"caption-attachment-40431\" style=\"width: 420px\" class=\"wp-caption alignleft\"><a href=\"https:\/\/static.krafthand-truck.de\/uploads\/2024\/08\/Krone_Reifenservice_Lkw_Trailer.jpg\" target=\"_blank\" rel=\"noopener\"><img decoding=\"async\" class=\"wp-image-40431\" src=\"https:\/\/static.krafthand-truck.de\/uploads\/2024\/08\/Krone_Reifenservice_Lkw_Trailer-300x188.jpg\" alt=\"\" width=\"420\" height=\"264\" srcset=\"https:\/\/static.krafthand-truck.de\/uploads\/2024\/08\/Krone_Reifenservice_Lkw_Trailer-300x188.jpg 300w, https:\/\/static.krafthand-truck.de\/uploads\/2024\/08\/Krone_Reifenservice_Lkw_Trailer-1024x643.jpg 1024w, https:\/\/static.krafthand-truck.de\/uploads\/2024\/08\/Krone_Reifenservice_Lkw_Trailer-768x482.jpg 768w, https:\/\/static.krafthand-truck.de\/uploads\/2024\/08\/Krone_Reifenservice_Lkw_Trailer.jpg 1200w\" sizes=\"(max-width: 420px) 100vw, 420px\" \/><\/a><figcaption id=\"caption-attachment-40431\" class=\"wp-caption-text\">Zum KRONE 360\u00b0-Full-Service geh\u00f6ren auch der Reifen- und Mobilit\u00e4tsservice. Partnerwerkst\u00e4tten profitieren unter anderem von der digitalen Auftragsabwicklung.<\/figcaption><\/figure>\n<p><strong>Der 360\u00b0-Trailer-Service beinhaltet zahlreiche Anwendungen und Dienstleistungen. Quasi alles aus einer Hand?<\/strong><\/p>\n<p>Richtig. Wir sehen uns als ganzheitlicher Anbieter von Nutzfahrzeugl\u00f6sungen. Dazu geh\u00f6rt neben der eigentlichen Fahrzeugproduktion, die Produktberatung, die Telematik und der Ersatzteilservice. Der R\u00fcckkauf ist ebenfalls Teil der Wertsch\u00f6pfungskette. Zu unserem <a href=\"https:\/\/www.krone-trailer.com\/360-services\" target=\"_blank\" rel=\"noopener\">360\u00b0-Full-Service<\/a> geh\u00f6ren auch der Ersatzeil-, Reifen und Mobilit\u00e4tsservice sowie umfangreiche Garantien. Quasi ein Rundum-Sorglos-Paket, auch f\u00fcr Besitzer von Fremdfabrikaten im Trailer und Fahrwerks-Bereich.<\/p>\n<p><strong>Wie wird man als freie Nfz-Werkstatt KRONE-Service-Partner und welche Vorteile hat es?<\/strong><\/p>\n<p>Um Teil unseres internationalen Werkstatt-Netzwerkes zu werden, ist die Registrierung beispielsweise \u00fcber unsere Website m\u00f6glich. Die Vorteile einer offiziellen Service-Partnerschaft sind beispielsweise die digitale Auftragsabwicklung, die einfache Ersatzteilbeschaffung oder der technische Support. Somit k\u00f6nnen s\u00e4mtliche Fahrzeuge im Garantie-, Pannen oder Service-Fall optimal abgearbeitet werden. Dabei ber\u00fccksichtigen wir auch Handlings-Margen und etwaige Aufwandserstattungen. Den Partnerwerkst\u00e4tten er\u00f6ffnen sich zudem Chancen neue Kunden zu generieren.<\/p>\n<p><strong>KRONE gab 2023 die Zusammenarbeit mit der TIP-Gruppe bekannt. Es geht um den Datentransfer von der KRONE-Telematik-Hardware zu TIP-Trailer-Telematics-Anwendungen. Was steckt genau dahinter?<\/strong><\/p>\n<p>Die digitale Transformation erfordert eine Datenstandardisierung, Systeminteroperabilit\u00e4t und offene Schnittstellen. Die Partnerschaft mit TIP ist Ausdruck unseres Engagements dahingehend. Die Telematik-L\u00f6sung von KRONE erm\u00f6glicht die Analyse von Trailerdaten in Echtzeit, was f\u00fcr das Angebot von Connected-Services von grundlegender Bedeutung ist. Die Standardisierung von Daten und die Interoperabilit\u00e4t von Systemen sind von zentraler Bedeutung, um die steigende Nachfrage nach Digitalisierung zu erf\u00fcllen. Die Partnerschaft von KRONE mit TIP garantiert diese Transparenz und den Komfort, indem sie den Zugriff auf alle ben\u00f6tigten Daten \u00fcber das bevorzugte Telematik-Portal des Nutzers erm\u00f6glicht und den TIP-Kunden reibungslose Telematik-Services bietet.<\/p>\n<figure id=\"attachment_40433\" aria-describedby=\"caption-attachment-40433\" style=\"width: 420px\" class=\"wp-caption alignright\"><a href=\"https:\/\/static.krafthand-truck.de\/uploads\/2024\/08\/Krone_eTrailer_Trailer_Dynamics.jpg\" target=\"_blank\" rel=\"noopener\"><img loading=\"lazy\" decoding=\"async\" class=\"wp-image-40433\" src=\"https:\/\/static.krafthand-truck.de\/uploads\/2024\/08\/Krone_eTrailer_Trailer_Dynamics-300x185.jpg\" alt=\"\" width=\"420\" height=\"259\" srcset=\"https:\/\/static.krafthand-truck.de\/uploads\/2024\/08\/Krone_eTrailer_Trailer_Dynamics-300x185.jpg 300w, https:\/\/static.krafthand-truck.de\/uploads\/2024\/08\/Krone_eTrailer_Trailer_Dynamics-1024x631.jpg 1024w, https:\/\/static.krafthand-truck.de\/uploads\/2024\/08\/Krone_eTrailer_Trailer_Dynamics-768x474.jpg 768w, https:\/\/static.krafthand-truck.de\/uploads\/2024\/08\/Krone_eTrailer_Trailer_Dynamics.jpg 1200w\" sizes=\"(max-width: 420px) 100vw, 420px\" \/><\/a><figcaption id=\"caption-attachment-40433\" class=\"wp-caption-text\">Der eTrailer von Trailer-Dynamics auf Basis eines KRONE Cool-Liners. Bild: Georg Blenk<\/figcaption><\/figure>\n<p><strong>Der Wettbewerbs- und Kostendruck bei den Speditionen ist hoch, gleichzeitig steigt auch die Produktkomplexit\u00e4t bei Trailern. Hinzu kommen neue Technologien wie der E-Trailer. Was kommt auf die Nfz-Betriebe zu, m\u00fcssen sie sich breiter aufstellen?<\/strong><\/p>\n<p>Den Nfz-Werkst\u00e4tten stehen einige Aufgaben bevor. Neben dem Fachkr\u00e4ftemangel gilt die Entwicklung hin zu alternativen Antrieben wie der Elektromobilit\u00e4t als besondere Herausforderungen. Durch technische Innovationen von Seiten der Hersteller ist eine deutliche Transformation des Aftermarkets zu erwarten. Zudem zieht die digitale Transformation einen zunehmende Vernetzungsgrad nach sich, mit v\u00f6llig neuen Standards. Auch wir als KRONE-Service, bereiten uns darauf vor.<\/p>\n<p><strong>Zum Schluss noch eine pers\u00f6nliche Frage: \u00dcber was haben Sie sich k\u00fcrzlich am meisten ge\u00e4rgert, \u00fcber was am meisten gefreut?<\/strong><\/p>\n<p>Als F\u00fchrungskraft im Service sollte man sich am besten gar nicht \u00e4rgern, sondern sich den Herausforderungen stellen und nach kundenorientierten L\u00f6sungen suchen. Am meisten gefreut hat mich, dass wir mit unserem Kundenservice die Kundenbindung nachhaltig steigern konnten. Somit trifft die alte Weisheit zu: Das erste Gesch\u00e4ft macht der Vertrieb, der Service steigert beim Zweitkontakt die Kundenbindung. Dies Leben wir bei KRONE jeden Tag neu.<\/p>\n<p><i>Den Beitrag finden Sie auch in der Print-Ausgabe 3-2024 der <a href=\"https:\/\/www.krafthand.de\/truck\/magazin\/\" title=\"Zum Magazin\">Krafthand-Truck<\/a>.<\/i><\/p>\r\n\t\t\t\t<div class=\"post-author\">\r\n\t\t\t\t\t<div class=\"khm-cp-author clearfix\">\r\n\t\t\t\t\t\t<div class=\"khm-cp-author__content\">\r\n\t\t\t\t\t\t\t\tKontakt zum Autor:<br \/>\r\n\t\t\t\t\t\t\t\t<strong>Georg Blenk<\/strong>, 08247 \/ 3007-45 |  <a href=\"mailto:georg.blenk@krafthand-medien.de\">georg.blenk@krafthand-medien.de<\/a>\r\n\t\t\t\t\t\t\t<div class=\"khm-cp-author__image\">\r\n\t\t\t\t\t\t<img src=\"https:\/\/static.krafthand-truck.de\/uploads\/2021\/01\/Blenk_6104-250x300-1-removebg-preview.png\" class=\"img-responsive\">\r\n\t\t\t\t\t<\/div>\r\n\t\t\t\t\t\t<\/div>\r\n\t\t\t\t\t<\/div>\r\n\t\t\t\t<\/div>\r\n\t\t\t\t","protected":false},"excerpt":{"rendered":"<p>Das Familienunternehmen KRONE geh\u00f6rt zu den gr\u00f6\u00dften Trailer-Herstellern weltweit. Das Portfolio reicht von Planen-, Pritschensattel-, K\u00fchl- und Trockensattel-Aufliegern, \u00fcber Container-Chassis und Wechselsysteme, bis hin zu Lang-Lkw, E-Trailer und Achsen. Auch der Aftermarket und das Servicegesch\u00e4ft gewann immer mehr an Bedeutung. Wir haben mit Ralf Faust, Gesch\u00e4ftsf\u00fchrer Service und Ersatzteile bei KRONE, \u00fcber die Entwicklung des Nfz-Aftermarkets, den Teilemarkt, das Serviceportfolio und \u00fcber Pers\u00f6nliches gesprochen. <span class=\"excerpt-more__dots\">&#8230;<\/span> <a class=\"excerpt-more__link\" href=\"https:\/\/www.krafthand.de\/truck\/artikel\/nfz-werkstaetten-muessen-sich-auf-die-transformation-vorbereiten-40422\/\" >weiter<\/a><\/p>\n","protected":false},"author":9,"featured_media":40424,"comment_status":"closed","ping_status":"closed","sticky":false,"template":"","format":"standard","meta":{"footnotes":""},"categories":[4238,4914],"tags":[5010,388,4316,599],"settings":[3524,4766,3523],"class_list":["post-40422","post","type-post","status-publish","format-standard","has-post-thumbnail","hentry","category-koepfe","category-trailer-aufbauten","tag-etrailer","tag-krone","tag-ralf-faust","tag-trailer"],"yoast_head":"<!-- This site is optimized with the Yoast SEO plugin v27.3 - https:\/\/yoast.com\/product\/yoast-seo-wordpress\/ -->\n<title>Im Gespr\u00e4ch mit Ralf Faust, Krone I Krafthand-Truck<\/title>\n<meta name=\"description\" content=\"Die Entwicklung des Nfz-Aftermarkets: Im Gespr\u00e4ch mit Ralf Faust, Gesch\u00e4ftsf\u00fchrer Service und Ersatzteile bei KRONE.\" \/>\n<meta name=\"robots\" content=\"index, follow, max-snippet:-1, max-image-preview:large, max-video-preview:-1\" \/>\n<link rel=\"canonical\" href=\"https:\/\/www.krafthand.de\/truck\/artikel\/nfz-werkstaetten-muessen-sich-auf-die-transformation-vorbereiten-40422\/\" \/>\n<meta property=\"og:locale\" content=\"de_DE\" \/>\n<meta property=\"og:type\" content=\"article\" \/>\n<meta property=\"og:title\" content=\"Im Gespr\u00e4ch mit Ralf Faust, Krone I Krafthand-Truck\" \/>\n<meta property=\"og:description\" content=\"Die Entwicklung des Nfz-Aftermarkets: Im Gespr\u00e4ch mit Ralf Faust, Gesch\u00e4ftsf\u00fchrer Service und Ersatzteile bei KRONE.\" \/>\n<meta property=\"og:url\" content=\"https:\/\/www.krafthand-truck.de\/artikel\/nfz-werkstaetten-muessen-sich-auf-die-transformation-vorbereiten-40422\/\" \/>\n<meta property=\"og:site_name\" content=\"Krafthand-Truck\" \/>\n<meta property=\"article:published_time\" content=\"2024-08-14T08:51:46+00:00\" \/>\n<meta property=\"article:modified_time\" content=\"2024-08-15T07:35:56+00:00\" \/>\n<meta property=\"og:image\" content=\"https:\/\/static.krafthand-truck.de\/uploads\/2024\/08\/Krone_Ralf_Faust_Krafthand_Truck.jpg\" \/>\n\t<meta property=\"og:image:width\" content=\"1200\" \/>\n\t<meta property=\"og:image:height\" content=\"661\" \/>\n\t<meta property=\"og:image:type\" content=\"image\/jpeg\" \/>\n<meta name=\"author\" content=\"georg.blenk@krafthand-medien.de\" \/>\n<meta name=\"twitter:card\" content=\"summary_large_image\" \/>\n<meta name=\"twitter:label1\" content=\"Verfasst von\" \/>\n\t<meta name=\"twitter:data1\" content=\"georg.blenk@krafthand-medien.de\" \/>\n\t<meta name=\"twitter:label2\" content=\"Gesch\u00e4tzte Lesezeit\" \/>\n\t<meta name=\"twitter:data2\" content=\"8\u00a0Minuten\" \/>\n<script type=\"application\/ld+json\" class=\"yoast-schema-graph\">{\"@context\":\"https:\\\/\\\/schema.org\",\"@graph\":[{\"@type\":\"Article\",\"@id\":\"https:\\\/\\\/www.krafthand.de\\\/truck\\\/artikel\\\/nfz-werkstaetten-muessen-sich-auf-die-transformation-vorbereiten-40422\\\/#article\",\"isPartOf\":{\"@id\":\"https:\\\/\\\/www.krafthand.de\\\/truck\\\/artikel\\\/nfz-werkstaetten-muessen-sich-auf-die-transformation-vorbereiten-40422\\\/\"},\"author\":{\"name\":\"georg.blenk@krafthand-medien.de\",\"@id\":\"https:\\\/\\\/www.krafthand.de\\\/truck\\\/#\\\/schema\\\/person\\\/51fa80b1c57034c4bf63f9f988fc24ce\"},\"headline\":\"\u201eNfz-Werkst\u00e4tten m\u00fcssen sich auf die Transformation vorbereiten\u201c\",\"datePublished\":\"2024-08-14T08:51:46+00:00\",\"dateModified\":\"2024-08-15T07:35:56+00:00\",\"mainEntityOfPage\":{\"@id\":\"https:\\\/\\\/www.krafthand.de\\\/truck\\\/artikel\\\/nfz-werkstaetten-muessen-sich-auf-die-transformation-vorbereiten-40422\\\/\"},\"wordCount\":1347,\"image\":{\"@id\":\"https:\\\/\\\/www.krafthand.de\\\/truck\\\/artikel\\\/nfz-werkstaetten-muessen-sich-auf-die-transformation-vorbereiten-40422\\\/#primaryimage\"},\"thumbnailUrl\":\"https:\\\/\\\/static.krafthand-truck.de\\\/uploads\\\/2024\\\/08\\\/Krone_Ralf_Faust_Krafthand_Truck.jpg\",\"keywords\":[\"eTrailer\",\"Krone\",\"Ralf Faust\",\"Trailer\"],\"articleSection\":[\"K\u00f6pfe\\\/Personen\",\"Trailer\\\/Aufbauten\"],\"inLanguage\":\"de\"},{\"@type\":\"WebPage\",\"@id\":\"https:\\\/\\\/www.krafthand.de\\\/truck\\\/artikel\\\/nfz-werkstaetten-muessen-sich-auf-die-transformation-vorbereiten-40422\\\/\",\"url\":\"https:\\\/\\\/www.krafthand.de\\\/truck\\\/artikel\\\/nfz-werkstaetten-muessen-sich-auf-die-transformation-vorbereiten-40422\\\/\",\"name\":\"Im Gespr\u00e4ch mit Ralf Faust, Krone I Krafthand-Truck\",\"isPartOf\":{\"@id\":\"https:\\\/\\\/www.krafthand.de\\\/truck\\\/#website\"},\"primaryImageOfPage\":{\"@id\":\"https:\\\/\\\/www.krafthand.de\\\/truck\\\/artikel\\\/nfz-werkstaetten-muessen-sich-auf-die-transformation-vorbereiten-40422\\\/#primaryimage\"},\"image\":{\"@id\":\"https:\\\/\\\/www.krafthand.de\\\/truck\\\/artikel\\\/nfz-werkstaetten-muessen-sich-auf-die-transformation-vorbereiten-40422\\\/#primaryimage\"},\"thumbnailUrl\":\"https:\\\/\\\/static.krafthand-truck.de\\\/uploads\\\/2024\\\/08\\\/Krone_Ralf_Faust_Krafthand_Truck.jpg\",\"datePublished\":\"2024-08-14T08:51:46+00:00\",\"dateModified\":\"2024-08-15T07:35:56+00:00\",\"author\":{\"@id\":\"https:\\\/\\\/www.krafthand.de\\\/truck\\\/#\\\/schema\\\/person\\\/51fa80b1c57034c4bf63f9f988fc24ce\"},\"description\":\"Die Entwicklung des Nfz-Aftermarkets: Im Gespr\u00e4ch mit Ralf Faust, Gesch\u00e4ftsf\u00fchrer Service und Ersatzteile bei KRONE.\",\"breadcrumb\":{\"@id\":\"https:\\\/\\\/www.krafthand.de\\\/truck\\\/artikel\\\/nfz-werkstaetten-muessen-sich-auf-die-transformation-vorbereiten-40422\\\/#breadcrumb\"},\"inLanguage\":\"de\",\"potentialAction\":[{\"@type\":\"ReadAction\",\"target\":[\"https:\\\/\\\/www.krafthand.de\\\/truck\\\/artikel\\\/nfz-werkstaetten-muessen-sich-auf-die-transformation-vorbereiten-40422\\\/\"]}]},{\"@type\":\"ImageObject\",\"inLanguage\":\"de\",\"@id\":\"https:\\\/\\\/www.krafthand.de\\\/truck\\\/artikel\\\/nfz-werkstaetten-muessen-sich-auf-die-transformation-vorbereiten-40422\\\/#primaryimage\",\"url\":\"https:\\\/\\\/static.krafthand-truck.de\\\/uploads\\\/2024\\\/08\\\/Krone_Ralf_Faust_Krafthand_Truck.jpg\",\"contentUrl\":\"https:\\\/\\\/static.krafthand-truck.de\\\/uploads\\\/2024\\\/08\\\/Krone_Ralf_Faust_Krafthand_Truck.jpg\",\"width\":1200,\"height\":661},{\"@type\":\"BreadcrumbList\",\"@id\":\"https:\\\/\\\/www.krafthand.de\\\/truck\\\/artikel\\\/nfz-werkstaetten-muessen-sich-auf-die-transformation-vorbereiten-40422\\\/#breadcrumb\",\"itemListElement\":[{\"@type\":\"ListItem\",\"position\":1,\"name\":\"Krafthand-Truck\",\"item\":\"https:\\\/\\\/www.krafthand.de\\\/truck\\\/\"},{\"@type\":\"ListItem\",\"position\":2,\"name\":\"Nfz-Branche\",\"item\":\"https:\\\/\\\/www.krafthand.de\\\/truck\\\/kategorie\\\/branche\\\/\"},{\"@type\":\"ListItem\",\"position\":3,\"name\":\"K\u00f6pfe\\\/Personen\",\"item\":\"https:\\\/\\\/www.krafthand.de\\\/truck\\\/kategorie\\\/branche\\\/koepfe\\\/\"},{\"@type\":\"ListItem\",\"position\":4,\"name\":\"\u201eNfz-Werkst\u00e4tten m\u00fcssen sich auf die Transformation vorbereiten\u201c\"}]},{\"@type\":\"WebSite\",\"@id\":\"https:\\\/\\\/www.krafthand.de\\\/truck\\\/#website\",\"url\":\"https:\\\/\\\/www.krafthand.de\\\/truck\\\/\",\"name\":\"Krafthand-Truck\",\"description\":\"\",\"potentialAction\":[{\"@type\":\"SearchAction\",\"target\":{\"@type\":\"EntryPoint\",\"urlTemplate\":\"https:\\\/\\\/www.krafthand.de\\\/truck\\\/?s={search_term_string}\"},\"query-input\":{\"@type\":\"PropertyValueSpecification\",\"valueRequired\":true,\"valueName\":\"search_term_string\"}}],\"inLanguage\":\"de\"},{\"@type\":\"Person\",\"@id\":\"https:\\\/\\\/www.krafthand.de\\\/truck\\\/#\\\/schema\\\/person\\\/51fa80b1c57034c4bf63f9f988fc24ce\",\"name\":\"georg.blenk@krafthand-medien.de\",\"image\":{\"@type\":\"ImageObject\",\"inLanguage\":\"de\",\"@id\":\"https:\\\/\\\/secure.gravatar.com\\\/avatar\\\/93713c30affe0aa95d3a4130e499bb1abee2eb31adbdd9ce2aa1543538490215?s=96&d=mm&r=g\",\"url\":\"https:\\\/\\\/secure.gravatar.com\\\/avatar\\\/93713c30affe0aa95d3a4130e499bb1abee2eb31adbdd9ce2aa1543538490215?s=96&d=mm&r=g\",\"contentUrl\":\"https:\\\/\\\/secure.gravatar.com\\\/avatar\\\/93713c30affe0aa95d3a4130e499bb1abee2eb31adbdd9ce2aa1543538490215?s=96&d=mm&r=g\",\"caption\":\"georg.blenk@krafthand-medien.de\"}}]}<\/script>\n<!-- \/ Yoast SEO plugin. -->","yoast_head_json":{"title":"Im Gespr\u00e4ch mit Ralf Faust, Krone I Krafthand-Truck","description":"Die Entwicklung des Nfz-Aftermarkets: Im Gespr\u00e4ch mit Ralf Faust, Gesch\u00e4ftsf\u00fchrer Service und Ersatzteile bei KRONE.","robots":{"index":"index","follow":"follow","max-snippet":"max-snippet:-1","max-image-preview":"max-image-preview:large","max-video-preview":"max-video-preview:-1"},"canonical":"https:\/\/www.krafthand.de\/truck\/artikel\/nfz-werkstaetten-muessen-sich-auf-die-transformation-vorbereiten-40422\/","og_locale":"de_DE","og_type":"article","og_title":"Im Gespr\u00e4ch mit Ralf Faust, Krone I Krafthand-Truck","og_description":"Die Entwicklung des Nfz-Aftermarkets: Im Gespr\u00e4ch mit Ralf Faust, Gesch\u00e4ftsf\u00fchrer Service und Ersatzteile bei KRONE.","og_url":"https:\/\/www.krafthand-truck.de\/artikel\/nfz-werkstaetten-muessen-sich-auf-die-transformation-vorbereiten-40422\/","og_site_name":"Krafthand-Truck","article_published_time":"2024-08-14T08:51:46+00:00","article_modified_time":"2024-08-15T07:35:56+00:00","og_image":[{"width":1200,"height":661,"url":"https:\/\/static.krafthand-truck.de\/uploads\/2024\/08\/Krone_Ralf_Faust_Krafthand_Truck.jpg","type":"image\/jpeg"}],"author":"georg.blenk@krafthand-medien.de","twitter_card":"summary_large_image","twitter_misc":{"Verfasst von":"georg.blenk@krafthand-medien.de","Gesch\u00e4tzte Lesezeit":"8\u00a0Minuten"},"schema":{"@context":"https:\/\/schema.org","@graph":[{"@type":"Article","@id":"https:\/\/www.krafthand.de\/truck\/artikel\/nfz-werkstaetten-muessen-sich-auf-die-transformation-vorbereiten-40422\/#article","isPartOf":{"@id":"https:\/\/www.krafthand.de\/truck\/artikel\/nfz-werkstaetten-muessen-sich-auf-die-transformation-vorbereiten-40422\/"},"author":{"name":"georg.blenk@krafthand-medien.de","@id":"https:\/\/www.krafthand.de\/truck\/#\/schema\/person\/51fa80b1c57034c4bf63f9f988fc24ce"},"headline":"\u201eNfz-Werkst\u00e4tten m\u00fcssen sich auf die Transformation vorbereiten\u201c","datePublished":"2024-08-14T08:51:46+00:00","dateModified":"2024-08-15T07:35:56+00:00","mainEntityOfPage":{"@id":"https:\/\/www.krafthand.de\/truck\/artikel\/nfz-werkstaetten-muessen-sich-auf-die-transformation-vorbereiten-40422\/"},"wordCount":1347,"image":{"@id":"https:\/\/www.krafthand.de\/truck\/artikel\/nfz-werkstaetten-muessen-sich-auf-die-transformation-vorbereiten-40422\/#primaryimage"},"thumbnailUrl":"https:\/\/static.krafthand-truck.de\/uploads\/2024\/08\/Krone_Ralf_Faust_Krafthand_Truck.jpg","keywords":["eTrailer","Krone","Ralf Faust","Trailer"],"articleSection":["K\u00f6pfe\/Personen","Trailer\/Aufbauten"],"inLanguage":"de"},{"@type":"WebPage","@id":"https:\/\/www.krafthand.de\/truck\/artikel\/nfz-werkstaetten-muessen-sich-auf-die-transformation-vorbereiten-40422\/","url":"https:\/\/www.krafthand.de\/truck\/artikel\/nfz-werkstaetten-muessen-sich-auf-die-transformation-vorbereiten-40422\/","name":"Im Gespr\u00e4ch mit Ralf Faust, Krone I Krafthand-Truck","isPartOf":{"@id":"https:\/\/www.krafthand.de\/truck\/#website"},"primaryImageOfPage":{"@id":"https:\/\/www.krafthand.de\/truck\/artikel\/nfz-werkstaetten-muessen-sich-auf-die-transformation-vorbereiten-40422\/#primaryimage"},"image":{"@id":"https:\/\/www.krafthand.de\/truck\/artikel\/nfz-werkstaetten-muessen-sich-auf-die-transformation-vorbereiten-40422\/#primaryimage"},"thumbnailUrl":"https:\/\/static.krafthand-truck.de\/uploads\/2024\/08\/Krone_Ralf_Faust_Krafthand_Truck.jpg","datePublished":"2024-08-14T08:51:46+00:00","dateModified":"2024-08-15T07:35:56+00:00","author":{"@id":"https:\/\/www.krafthand.de\/truck\/#\/schema\/person\/51fa80b1c57034c4bf63f9f988fc24ce"},"description":"Die Entwicklung des Nfz-Aftermarkets: Im Gespr\u00e4ch mit Ralf Faust, Gesch\u00e4ftsf\u00fchrer Service und Ersatzteile bei KRONE.","breadcrumb":{"@id":"https:\/\/www.krafthand.de\/truck\/artikel\/nfz-werkstaetten-muessen-sich-auf-die-transformation-vorbereiten-40422\/#breadcrumb"},"inLanguage":"de","potentialAction":[{"@type":"ReadAction","target":["https:\/\/www.krafthand.de\/truck\/artikel\/nfz-werkstaetten-muessen-sich-auf-die-transformation-vorbereiten-40422\/"]}]},{"@type":"ImageObject","inLanguage":"de","@id":"https:\/\/www.krafthand.de\/truck\/artikel\/nfz-werkstaetten-muessen-sich-auf-die-transformation-vorbereiten-40422\/#primaryimage","url":"https:\/\/static.krafthand-truck.de\/uploads\/2024\/08\/Krone_Ralf_Faust_Krafthand_Truck.jpg","contentUrl":"https:\/\/static.krafthand-truck.de\/uploads\/2024\/08\/Krone_Ralf_Faust_Krafthand_Truck.jpg","width":1200,"height":661},{"@type":"BreadcrumbList","@id":"https:\/\/www.krafthand.de\/truck\/artikel\/nfz-werkstaetten-muessen-sich-auf-die-transformation-vorbereiten-40422\/#breadcrumb","itemListElement":[{"@type":"ListItem","position":1,"name":"Krafthand-Truck","item":"https:\/\/www.krafthand.de\/truck\/"},{"@type":"ListItem","position":2,"name":"Nfz-Branche","item":"https:\/\/www.krafthand.de\/truck\/kategorie\/branche\/"},{"@type":"ListItem","position":3,"name":"K\u00f6pfe\/Personen","item":"https:\/\/www.krafthand.de\/truck\/kategorie\/branche\/koepfe\/"},{"@type":"ListItem","position":4,"name":"\u201eNfz-Werkst\u00e4tten m\u00fcssen sich auf die Transformation vorbereiten\u201c"}]},{"@type":"WebSite","@id":"https:\/\/www.krafthand.de\/truck\/#website","url":"https:\/\/www.krafthand.de\/truck\/","name":"Krafthand-Truck","description":"","potentialAction":[{"@type":"SearchAction","target":{"@type":"EntryPoint","urlTemplate":"https:\/\/www.krafthand.de\/truck\/?s={search_term_string}"},"query-input":{"@type":"PropertyValueSpecification","valueRequired":true,"valueName":"search_term_string"}}],"inLanguage":"de"},{"@type":"Person","@id":"https:\/\/www.krafthand.de\/truck\/#\/schema\/person\/51fa80b1c57034c4bf63f9f988fc24ce","name":"georg.blenk@krafthand-medien.de","image":{"@type":"ImageObject","inLanguage":"de","@id":"https:\/\/secure.gravatar.com\/avatar\/93713c30affe0aa95d3a4130e499bb1abee2eb31adbdd9ce2aa1543538490215?s=96&d=mm&r=g","url":"https:\/\/secure.gravatar.com\/avatar\/93713c30affe0aa95d3a4130e499bb1abee2eb31adbdd9ce2aa1543538490215?s=96&d=mm&r=g","contentUrl":"https:\/\/secure.gravatar.com\/avatar\/93713c30affe0aa95d3a4130e499bb1abee2eb31adbdd9ce2aa1543538490215?s=96&d=mm&r=g","caption":"georg.blenk@krafthand-medien.de"}}]}},"_links":{"self":[{"href":"https:\/\/www.krafthand.de\/truck\/wp-json\/wp\/v2\/posts\/40422","targetHints":{"allow":["GET"]}}],"collection":[{"href":"https:\/\/www.krafthand.de\/truck\/wp-json\/wp\/v2\/posts"}],"about":[{"href":"https:\/\/www.krafthand.de\/truck\/wp-json\/wp\/v2\/types\/post"}],"author":[{"embeddable":true,"href":"https:\/\/www.krafthand.de\/truck\/wp-json\/wp\/v2\/users\/9"}],"replies":[{"embeddable":true,"href":"https:\/\/www.krafthand.de\/truck\/wp-json\/wp\/v2\/comments?post=40422"}],"version-history":[{"count":31,"href":"https:\/\/www.krafthand.de\/truck\/wp-json\/wp\/v2\/posts\/40422\/revisions"}],"predecessor-version":[{"id":40484,"href":"https:\/\/www.krafthand.de\/truck\/wp-json\/wp\/v2\/posts\/40422\/revisions\/40484"}],"wp:featuredmedia":[{"embeddable":true,"href":"https:\/\/www.krafthand.de\/truck\/wp-json\/wp\/v2\/media\/40424"}],"wp:attachment":[{"href":"https:\/\/www.krafthand.de\/truck\/wp-json\/wp\/v2\/media?parent=40422"}],"wp:term":[{"taxonomy":"category","embeddable":true,"href":"https:\/\/www.krafthand.de\/truck\/wp-json\/wp\/v2\/categories?post=40422"},{"taxonomy":"post_tag","embeddable":true,"href":"https:\/\/www.krafthand.de\/truck\/wp-json\/wp\/v2\/tags?post=40422"},{"taxonomy":"settings","embeddable":true,"href":"https:\/\/www.krafthand.de\/truck\/wp-json\/wp\/v2\/settings?post=40422"}],"curies":[{"name":"wp","href":"https:\/\/api.w.org\/{rel}","templated":true}]}}