{"id":40405,"date":"2024-08-11T14:42:26","date_gmt":"2024-08-11T12:42:26","guid":{"rendered":"https:\/\/www.krafthand.de\/truck\/?p=40405"},"modified":"2024-08-11T15:19:48","modified_gmt":"2024-08-11T13:19:48","slug":"bilstein-group-change-is-our-tradition","status":"publish","type":"post","link":"https:\/\/www.krafthand.de\/truck\/artikel\/bilstein-group-change-is-our-tradition-40405\/","title":{"rendered":"Bilstein Group: \u201eChange is our Tradition\u201c"},"content":{"rendered":"<p>Die Bilstein Group, Ersatzteil-Spezialist aus Ennepetal, m\u00f6chte bei der diesj\u00e4hrigen Automechanika in Frankfurt die Vernetzung mit bestehenden und potenziellen Gesch\u00e4ftspartnern in den Mittelpunkt stellen. Dabei liegt der Fokus des Austauschs auf den M\u00f6glichkeiten der gemeinsamen Gesch\u00e4ftsentwicklung in einem sich st\u00e4ndig ver\u00e4ndernden Marktumfeld.<br \/>\n<em>\u201eDie Automechanika 2022 war f\u00fcr uns mit der Begegnung mit unseren weltweiten Gesch\u00e4ftspartnern etwas ganz Besonderes. Daran m\u00f6chten wir in diesem Jahr ankn\u00fcpfen\u201c<\/em>, so Nicole Puschmann, Divisional Director Global Business Excellence bei der Bilstein Group.<\/p>\n<p>Ferdinand Bilstein, das Unternehmen hinter der Dachmarke, feiert in diesem Jahr sein 180-j\u00e4hriges Bestehen. <em>\u201eDas Jubil\u00e4um wird auf dem Messestand nat\u00fcrlich ein Thema sein. Uns geht es dabei darum zu zeigen, dass wir uns gem\u00e4\u00df unseres Mottos ,Change is our Tradition\u2018 als Unternehmen immer wieder neu erfunden haben.\u201c<\/em> Das entspr\u00e4che auch dem diesj\u00e4hrigen Motto des Auftritts bei der Automechanika, \u201aThinking About Tomorrow\u2018, so Puschmann.<\/p>\n<p>Unter dem Dach der <a href=\"https:\/\/bilsteingroup.com\" target=\"_blank\" rel=\"noopener\">Bilstein Group<\/a> vereint Ferdinand Bilstein die Produktmarken <strong>febi, SWAG und Blue Print<\/strong>. Insgesamt bietet die das Unternehmen mehr als 75.000 verschiedene technische Verschlei\u00dfteile f\u00fcr die professionelle Fahrzeugreparatur. Die international agierende Unternehmensgruppe liefert ihre Produkte in \u00fcber 170 L\u00e4nder.<\/p>\n<p>Die Bilstein Group ist auf der <a href=\"https:\/\/automechanika.messefrankfurt.com\/frankfurt\/de.html\" target=\"_blank\" rel=\"noopener\">Automechanika<\/a> 2024 in <strong>Halle 6.0 auf Stand B06<\/strong> zu finden.<\/p>\n<p><i>Den Beitrag finden Sie auch in der Print-Ausgabe 3-2024 der <a href=\"https:\/\/www.krafthand.de\/truck\/magazin\/\" title=\"Zum Magazin\">Krafthand-Truck<\/a>.<\/i><\/p>","protected":false},"excerpt":{"rendered":"<p>Die Bilstein Group, Ersatzteil-Spezialist aus Ennepetal, m\u00f6chte bei der diesj\u00e4hrigen Automechanika in Frankfurt die Vernetzung mit bestehenden und potenziellen Gesch\u00e4ftspartnern in den Mittelpunkt stellen. <span class=\"excerpt-more__dots\">&#8230;<\/span> <a class=\"excerpt-more__link\" href=\"https:\/\/www.krafthand.de\/truck\/artikel\/bilstein-group-change-is-our-tradition-40405\/\" >weiter<\/a><\/p>\n","protected":false},"author":9,"featured_media":40406,"comment_status":"closed","ping_status":"closed","sticky":false,"template":"","format":"standard","meta":{"footnotes":""},"categories":[4912,4236],"tags":[3471,3101,1481,3100],"settings":[4766,3523],"class_list":["post-40405","post","type-post","status-publish","format-standard","has-post-thumbnail","hentry","category-ersatzteile-zubehoer","category-veranstaltungen","tag-bilstein-group","tag-blue-print","tag-febi","tag-swag"],"yoast_head":"<!-- This site is optimized with the Yoast SEO plugin v27.3 - https:\/\/yoast.com\/product\/yoast-seo-wordpress\/ -->\n<title>Die Bilstein Group auf der Automechanika in Frankfurt 2024<\/title>\n<meta name=\"description\" content=\"Die Bilstein Group pr\u00e4sentiert sich mit den Produktmarken febi, SWAG und Blue Print auf der Automechanika 2024 in Frankfurt.\" \/>\n<meta name=\"robots\" content=\"index, follow, max-snippet:-1, max-image-preview:large, max-video-preview:-1\" \/>\n<link rel=\"canonical\" href=\"https:\/\/www.krafthand.de\/truck\/artikel\/bilstein-group-change-is-our-tradition-40405\/\" \/>\n<meta property=\"og:locale\" content=\"de_DE\" \/>\n<meta property=\"og:type\" content=\"article\" \/>\n<meta property=\"og:title\" content=\"Die Bilstein Group auf der Automechanika in Frankfurt 2024\" \/>\n<meta property=\"og:description\" content=\"Die Bilstein Group pr\u00e4sentiert sich mit den Produktmarken febi, SWAG und Blue Print auf der Automechanika 2024 in Frankfurt.\" \/>\n<meta property=\"og:url\" content=\"https:\/\/www.krafthand-truck.de\/artikel\/bilstein-group-change-is-our-tradition-40405\/\" \/>\n<meta property=\"og:site_name\" content=\"Krafthand-Truck\" \/>\n<meta property=\"article:published_time\" content=\"2024-08-11T12:42:26+00:00\" \/>\n<meta property=\"article:modified_time\" content=\"2024-08-11T13:19:48+00:00\" \/>\n<meta property=\"og:image\" content=\"https:\/\/static.krafthand-truck.de\/uploads\/2024\/08\/Bilstein_Group_Automechanika_2024_Puschmann.jpg\" \/>\n\t<meta property=\"og:image:width\" content=\"1200\" \/>\n\t<meta property=\"og:image:height\" content=\"780\" \/>\n\t<meta property=\"og:image:type\" content=\"image\/jpeg\" \/>\n<meta name=\"author\" content=\"georg.blenk@krafthand-medien.de\" \/>\n<meta name=\"twitter:card\" content=\"summary_large_image\" \/>\n<meta name=\"twitter:label1\" content=\"Verfasst von\" \/>\n\t<meta name=\"twitter:data1\" content=\"georg.blenk@krafthand-medien.de\" \/>\n\t<meta name=\"twitter:label2\" content=\"Gesch\u00e4tzte Lesezeit\" \/>\n\t<meta name=\"twitter:data2\" content=\"2\u00a0Minuten\" \/>\n<script type=\"application\/ld+json\" class=\"yoast-schema-graph\">{\"@context\":\"https:\\\/\\\/schema.org\",\"@graph\":[{\"@type\":\"Article\",\"@id\":\"https:\\\/\\\/www.krafthand.de\\\/truck\\\/artikel\\\/bilstein-group-change-is-our-tradition-40405\\\/#article\",\"isPartOf\":{\"@id\":\"https:\\\/\\\/www.krafthand.de\\\/truck\\\/artikel\\\/bilstein-group-change-is-our-tradition-40405\\\/\"},\"author\":{\"name\":\"georg.blenk@krafthand-medien.de\",\"@id\":\"https:\\\/\\\/www.krafthand.de\\\/truck\\\/#\\\/schema\\\/person\\\/51fa80b1c57034c4bf63f9f988fc24ce\"},\"headline\":\"Bilstein Group: \u201eChange is our Tradition\u201c\",\"datePublished\":\"2024-08-11T12:42:26+00:00\",\"dateModified\":\"2024-08-11T13:19:48+00:00\",\"mainEntityOfPage\":{\"@id\":\"https:\\\/\\\/www.krafthand.de\\\/truck\\\/artikel\\\/bilstein-group-change-is-our-tradition-40405\\\/\"},\"wordCount\":219,\"image\":{\"@id\":\"https:\\\/\\\/www.krafthand.de\\\/truck\\\/artikel\\\/bilstein-group-change-is-our-tradition-40405\\\/#primaryimage\"},\"thumbnailUrl\":\"https:\\\/\\\/static.krafthand-truck.de\\\/uploads\\\/2024\\\/08\\\/Bilstein_Group_Automechanika_2024_Puschmann.jpg\",\"keywords\":[\"Bilstein Group\",\"Blue Print\",\"Febi\",\"SWAG\"],\"articleSection\":[\"Ersatzteile\\\/Zubeh\u00f6r\",\"Veranstaltungen\\\/Messen\"],\"inLanguage\":\"de\"},{\"@type\":\"WebPage\",\"@id\":\"https:\\\/\\\/www.krafthand.de\\\/truck\\\/artikel\\\/bilstein-group-change-is-our-tradition-40405\\\/\",\"url\":\"https:\\\/\\\/www.krafthand.de\\\/truck\\\/artikel\\\/bilstein-group-change-is-our-tradition-40405\\\/\",\"name\":\"Die Bilstein Group auf der Automechanika in Frankfurt 2024\",\"isPartOf\":{\"@id\":\"https:\\\/\\\/www.krafthand.de\\\/truck\\\/#website\"},\"primaryImageOfPage\":{\"@id\":\"https:\\\/\\\/www.krafthand.de\\\/truck\\\/artikel\\\/bilstein-group-change-is-our-tradition-40405\\\/#primaryimage\"},\"image\":{\"@id\":\"https:\\\/\\\/www.krafthand.de\\\/truck\\\/artikel\\\/bilstein-group-change-is-our-tradition-40405\\\/#primaryimage\"},\"thumbnailUrl\":\"https:\\\/\\\/static.krafthand-truck.de\\\/uploads\\\/2024\\\/08\\\/Bilstein_Group_Automechanika_2024_Puschmann.jpg\",\"datePublished\":\"2024-08-11T12:42:26+00:00\",\"dateModified\":\"2024-08-11T13:19:48+00:00\",\"author\":{\"@id\":\"https:\\\/\\\/www.krafthand.de\\\/truck\\\/#\\\/schema\\\/person\\\/51fa80b1c57034c4bf63f9f988fc24ce\"},\"description\":\"Die Bilstein Group pr\u00e4sentiert sich mit den Produktmarken febi, SWAG und Blue Print auf der Automechanika 2024 in Frankfurt.\",\"breadcrumb\":{\"@id\":\"https:\\\/\\\/www.krafthand.de\\\/truck\\\/artikel\\\/bilstein-group-change-is-our-tradition-40405\\\/#breadcrumb\"},\"inLanguage\":\"de\",\"potentialAction\":[{\"@type\":\"ReadAction\",\"target\":[\"https:\\\/\\\/www.krafthand.de\\\/truck\\\/artikel\\\/bilstein-group-change-is-our-tradition-40405\\\/\"]}]},{\"@type\":\"ImageObject\",\"inLanguage\":\"de\",\"@id\":\"https:\\\/\\\/www.krafthand.de\\\/truck\\\/artikel\\\/bilstein-group-change-is-our-tradition-40405\\\/#primaryimage\",\"url\":\"https:\\\/\\\/static.krafthand-truck.de\\\/uploads\\\/2024\\\/08\\\/Bilstein_Group_Automechanika_2024_Puschmann.jpg\",\"contentUrl\":\"https:\\\/\\\/static.krafthand-truck.de\\\/uploads\\\/2024\\\/08\\\/Bilstein_Group_Automechanika_2024_Puschmann.jpg\",\"width\":1200,\"height\":780},{\"@type\":\"BreadcrumbList\",\"@id\":\"https:\\\/\\\/www.krafthand.de\\\/truck\\\/artikel\\\/bilstein-group-change-is-our-tradition-40405\\\/#breadcrumb\",\"itemListElement\":[{\"@type\":\"ListItem\",\"position\":1,\"name\":\"Krafthand-Truck\",\"item\":\"https:\\\/\\\/www.krafthand.de\\\/truck\\\/\"},{\"@type\":\"ListItem\",\"position\":2,\"name\":\"Nfz-Branche\",\"item\":\"https:\\\/\\\/www.krafthand.de\\\/truck\\\/kategorie\\\/branche\\\/\"},{\"@type\":\"ListItem\",\"position\":3,\"name\":\"Veranstaltungen\\\/Messen\",\"item\":\"https:\\\/\\\/www.krafthand.de\\\/truck\\\/kategorie\\\/branche\\\/veranstaltungen\\\/\"},{\"@type\":\"ListItem\",\"position\":4,\"name\":\"Bilstein Group: \u201eChange is our Tradition\u201c\"}]},{\"@type\":\"WebSite\",\"@id\":\"https:\\\/\\\/www.krafthand.de\\\/truck\\\/#website\",\"url\":\"https:\\\/\\\/www.krafthand.de\\\/truck\\\/\",\"name\":\"Krafthand-Truck\",\"description\":\"\",\"potentialAction\":[{\"@type\":\"SearchAction\",\"target\":{\"@type\":\"EntryPoint\",\"urlTemplate\":\"https:\\\/\\\/www.krafthand.de\\\/truck\\\/?s={search_term_string}\"},\"query-input\":{\"@type\":\"PropertyValueSpecification\",\"valueRequired\":true,\"valueName\":\"search_term_string\"}}],\"inLanguage\":\"de\"},{\"@type\":\"Person\",\"@id\":\"https:\\\/\\\/www.krafthand.de\\\/truck\\\/#\\\/schema\\\/person\\\/51fa80b1c57034c4bf63f9f988fc24ce\",\"name\":\"georg.blenk@krafthand-medien.de\",\"image\":{\"@type\":\"ImageObject\",\"inLanguage\":\"de\",\"@id\":\"https:\\\/\\\/secure.gravatar.com\\\/avatar\\\/93713c30affe0aa95d3a4130e499bb1abee2eb31adbdd9ce2aa1543538490215?s=96&d=mm&r=g\",\"url\":\"https:\\\/\\\/secure.gravatar.com\\\/avatar\\\/93713c30affe0aa95d3a4130e499bb1abee2eb31adbdd9ce2aa1543538490215?s=96&d=mm&r=g\",\"contentUrl\":\"https:\\\/\\\/secure.gravatar.com\\\/avatar\\\/93713c30affe0aa95d3a4130e499bb1abee2eb31adbdd9ce2aa1543538490215?s=96&d=mm&r=g\",\"caption\":\"georg.blenk@krafthand-medien.de\"}}]}<\/script>\n<!-- \/ Yoast SEO plugin. -->","yoast_head_json":{"title":"Die Bilstein Group auf der Automechanika in Frankfurt 2024","description":"Die Bilstein Group pr\u00e4sentiert sich mit den Produktmarken febi, SWAG und Blue Print auf der Automechanika 2024 in Frankfurt.","robots":{"index":"index","follow":"follow","max-snippet":"max-snippet:-1","max-image-preview":"max-image-preview:large","max-video-preview":"max-video-preview:-1"},"canonical":"https:\/\/www.krafthand.de\/truck\/artikel\/bilstein-group-change-is-our-tradition-40405\/","og_locale":"de_DE","og_type":"article","og_title":"Die Bilstein Group auf der Automechanika in Frankfurt 2024","og_description":"Die Bilstein Group pr\u00e4sentiert sich mit den Produktmarken febi, SWAG und Blue Print auf der Automechanika 2024 in Frankfurt.","og_url":"https:\/\/www.krafthand-truck.de\/artikel\/bilstein-group-change-is-our-tradition-40405\/","og_site_name":"Krafthand-Truck","article_published_time":"2024-08-11T12:42:26+00:00","article_modified_time":"2024-08-11T13:19:48+00:00","og_image":[{"width":1200,"height":780,"url":"https:\/\/static.krafthand-truck.de\/uploads\/2024\/08\/Bilstein_Group_Automechanika_2024_Puschmann.jpg","type":"image\/jpeg"}],"author":"georg.blenk@krafthand-medien.de","twitter_card":"summary_large_image","twitter_misc":{"Verfasst von":"georg.blenk@krafthand-medien.de","Gesch\u00e4tzte Lesezeit":"2\u00a0Minuten"},"schema":{"@context":"https:\/\/schema.org","@graph":[{"@type":"Article","@id":"https:\/\/www.krafthand.de\/truck\/artikel\/bilstein-group-change-is-our-tradition-40405\/#article","isPartOf":{"@id":"https:\/\/www.krafthand.de\/truck\/artikel\/bilstein-group-change-is-our-tradition-40405\/"},"author":{"name":"georg.blenk@krafthand-medien.de","@id":"https:\/\/www.krafthand.de\/truck\/#\/schema\/person\/51fa80b1c57034c4bf63f9f988fc24ce"},"headline":"Bilstein Group: \u201eChange is our Tradition\u201c","datePublished":"2024-08-11T12:42:26+00:00","dateModified":"2024-08-11T13:19:48+00:00","mainEntityOfPage":{"@id":"https:\/\/www.krafthand.de\/truck\/artikel\/bilstein-group-change-is-our-tradition-40405\/"},"wordCount":219,"image":{"@id":"https:\/\/www.krafthand.de\/truck\/artikel\/bilstein-group-change-is-our-tradition-40405\/#primaryimage"},"thumbnailUrl":"https:\/\/static.krafthand-truck.de\/uploads\/2024\/08\/Bilstein_Group_Automechanika_2024_Puschmann.jpg","keywords":["Bilstein Group","Blue Print","Febi","SWAG"],"articleSection":["Ersatzteile\/Zubeh\u00f6r","Veranstaltungen\/Messen"],"inLanguage":"de"},{"@type":"WebPage","@id":"https:\/\/www.krafthand.de\/truck\/artikel\/bilstein-group-change-is-our-tradition-40405\/","url":"https:\/\/www.krafthand.de\/truck\/artikel\/bilstein-group-change-is-our-tradition-40405\/","name":"Die Bilstein Group auf der Automechanika in Frankfurt 2024","isPartOf":{"@id":"https:\/\/www.krafthand.de\/truck\/#website"},"primaryImageOfPage":{"@id":"https:\/\/www.krafthand.de\/truck\/artikel\/bilstein-group-change-is-our-tradition-40405\/#primaryimage"},"image":{"@id":"https:\/\/www.krafthand.de\/truck\/artikel\/bilstein-group-change-is-our-tradition-40405\/#primaryimage"},"thumbnailUrl":"https:\/\/static.krafthand-truck.de\/uploads\/2024\/08\/Bilstein_Group_Automechanika_2024_Puschmann.jpg","datePublished":"2024-08-11T12:42:26+00:00","dateModified":"2024-08-11T13:19:48+00:00","author":{"@id":"https:\/\/www.krafthand.de\/truck\/#\/schema\/person\/51fa80b1c57034c4bf63f9f988fc24ce"},"description":"Die Bilstein Group pr\u00e4sentiert sich mit den Produktmarken febi, SWAG und Blue Print auf der Automechanika 2024 in Frankfurt.","breadcrumb":{"@id":"https:\/\/www.krafthand.de\/truck\/artikel\/bilstein-group-change-is-our-tradition-40405\/#breadcrumb"},"inLanguage":"de","potentialAction":[{"@type":"ReadAction","target":["https:\/\/www.krafthand.de\/truck\/artikel\/bilstein-group-change-is-our-tradition-40405\/"]}]},{"@type":"ImageObject","inLanguage":"de","@id":"https:\/\/www.krafthand.de\/truck\/artikel\/bilstein-group-change-is-our-tradition-40405\/#primaryimage","url":"https:\/\/static.krafthand-truck.de\/uploads\/2024\/08\/Bilstein_Group_Automechanika_2024_Puschmann.jpg","contentUrl":"https:\/\/static.krafthand-truck.de\/uploads\/2024\/08\/Bilstein_Group_Automechanika_2024_Puschmann.jpg","width":1200,"height":780},{"@type":"BreadcrumbList","@id":"https:\/\/www.krafthand.de\/truck\/artikel\/bilstein-group-change-is-our-tradition-40405\/#breadcrumb","itemListElement":[{"@type":"ListItem","position":1,"name":"Krafthand-Truck","item":"https:\/\/www.krafthand.de\/truck\/"},{"@type":"ListItem","position":2,"name":"Nfz-Branche","item":"https:\/\/www.krafthand.de\/truck\/kategorie\/branche\/"},{"@type":"ListItem","position":3,"name":"Veranstaltungen\/Messen","item":"https:\/\/www.krafthand.de\/truck\/kategorie\/branche\/veranstaltungen\/"},{"@type":"ListItem","position":4,"name":"Bilstein Group: \u201eChange is our Tradition\u201c"}]},{"@type":"WebSite","@id":"https:\/\/www.krafthand.de\/truck\/#website","url":"https:\/\/www.krafthand.de\/truck\/","name":"Krafthand-Truck","description":"","potentialAction":[{"@type":"SearchAction","target":{"@type":"EntryPoint","urlTemplate":"https:\/\/www.krafthand.de\/truck\/?s={search_term_string}"},"query-input":{"@type":"PropertyValueSpecification","valueRequired":true,"valueName":"search_term_string"}}],"inLanguage":"de"},{"@type":"Person","@id":"https:\/\/www.krafthand.de\/truck\/#\/schema\/person\/51fa80b1c57034c4bf63f9f988fc24ce","name":"georg.blenk@krafthand-medien.de","image":{"@type":"ImageObject","inLanguage":"de","@id":"https:\/\/secure.gravatar.com\/avatar\/93713c30affe0aa95d3a4130e499bb1abee2eb31adbdd9ce2aa1543538490215?s=96&d=mm&r=g","url":"https:\/\/secure.gravatar.com\/avatar\/93713c30affe0aa95d3a4130e499bb1abee2eb31adbdd9ce2aa1543538490215?s=96&d=mm&r=g","contentUrl":"https:\/\/secure.gravatar.com\/avatar\/93713c30affe0aa95d3a4130e499bb1abee2eb31adbdd9ce2aa1543538490215?s=96&d=mm&r=g","caption":"georg.blenk@krafthand-medien.de"}}]}},"_links":{"self":[{"href":"https:\/\/www.krafthand.de\/truck\/wp-json\/wp\/v2\/posts\/40405","targetHints":{"allow":["GET"]}}],"collection":[{"href":"https:\/\/www.krafthand.de\/truck\/wp-json\/wp\/v2\/posts"}],"about":[{"href":"https:\/\/www.krafthand.de\/truck\/wp-json\/wp\/v2\/types\/post"}],"author":[{"embeddable":true,"href":"https:\/\/www.krafthand.de\/truck\/wp-json\/wp\/v2\/users\/9"}],"replies":[{"embeddable":true,"href":"https:\/\/www.krafthand.de\/truck\/wp-json\/wp\/v2\/comments?post=40405"}],"version-history":[{"count":1,"href":"https:\/\/www.krafthand.de\/truck\/wp-json\/wp\/v2\/posts\/40405\/revisions"}],"predecessor-version":[{"id":40407,"href":"https:\/\/www.krafthand.de\/truck\/wp-json\/wp\/v2\/posts\/40405\/revisions\/40407"}],"wp:featuredmedia":[{"embeddable":true,"href":"https:\/\/www.krafthand.de\/truck\/wp-json\/wp\/v2\/media\/40406"}],"wp:attachment":[{"href":"https:\/\/www.krafthand.de\/truck\/wp-json\/wp\/v2\/media?parent=40405"}],"wp:term":[{"taxonomy":"category","embeddable":true,"href":"https:\/\/www.krafthand.de\/truck\/wp-json\/wp\/v2\/categories?post=40405"},{"taxonomy":"post_tag","embeddable":true,"href":"https:\/\/www.krafthand.de\/truck\/wp-json\/wp\/v2\/tags?post=40405"},{"taxonomy":"settings","embeddable":true,"href":"https:\/\/www.krafthand.de\/truck\/wp-json\/wp\/v2\/settings?post=40405"}],"curies":[{"name":"wp","href":"https:\/\/api.w.org\/{rel}","templated":true}]}}