{"id":40363,"date":"2024-08-05T13:29:49","date_gmt":"2024-08-05T11:29:49","guid":{"rendered":"https:\/\/www.krafthand.de\/truck\/?p=40363"},"modified":"2024-08-06T08:18:08","modified_gmt":"2024-08-06T06:18:08","slug":"elektrisch-gut-unterrichtet-die-zusatzausbildung-bei-der-paul-academy","status":"publish","type":"post","link":"https:\/\/www.krafthand.de\/truck\/artikel\/elektrisch-gut-unterrichtet-die-zusatzausbildung-bei-der-paul-academy-40363\/","title":{"rendered":"Elektrisch gut unterrichtet!? Die Zusatzausbildung bei der Paul Academy"},"content":{"rendered":"<p>Aufgrund der zunehmenden technischen Komplexit\u00e4t moderner Nutzfahrzeuge sowie den gesetzlichen Anforderungen an die Arbeitgeber und das Personal hat die <a href=\"https:\/\/paul-nutzfahrzeuge.de\" target=\"_blank\" rel=\"noopener\">Paul Nutzfahrzeuge GmbH<\/a> eine eigene Schulungs-Akademie ins Leben gerufen. Ein Schwerpunkt des Schulungsangebots liegt auf der Hochvolt- und Wasserstoff-Technik, also dem Umgang mit BEV und FCEV in der Nfz-Werkstatt. Dazu sollte man wissen, dass das Unternehmen aus dem bayerischen Vilshofen an der Donau, nicht nur als Spezialist f\u00fcr die Umr\u00fcstung von Nutzfahrzeugen und den Sonderfahrzeugbau gilt, sondern auch als Vorreiter in Sachen alternative Antriebe. Dabei ist es unerheblich ob es sich um Fahrzeuge mit Wasserstoff-, CNG- oder LNG-Verbrennungsmotor, batterieelektrische Lkw oder Fahrzeuge mit Brennstoffzelle handelt. Neben zahlreichen Umbauten im Kundenauftrag, bietet Paul mit dem PH2P-Truck auch einen eigenen Truck an.<\/p>\n<p>&nbsp;<\/p>\n<div class=\"gallery-container\"><div class=\"owl-carousel owl-theme\">\r\n        <div>\r\n        \t<img decoding=\"async\" src=\"https:\/\/static.krafthand-truck.de\/uploads\/2024\/08\/Mobility_Hub_Paul_Nutzfahrzeuge_Meier_Korduletsch_Passau_Wasserstofftankstelle-1024x648.jpg\" alt=\"\" \/>\r\n          <a href=\"https:\/\/static.krafthand-truck.de\/uploads\/2024\/08\/Mobility_Hub_Paul_Nutzfahrzeuge_Meier_Korduletsch_Passau_Wasserstofftankstelle-1024x648.jpg\" data-featherlight=\"gallery_69f57f186d4f6\" class=\"gallery-expand\" data-title=\"Mobility-Hub des Energieversorgers Maier Korduletsch auf dem Gel\u00e4nde der Paul-Group in Passau Sperrwies: Der PH2P-Truck im Bild ist auf einem Mercedes Atego 4\u00d72 Glider Chassis aufgebaut. Der Lkw mit Hinterachs-Luftfederung nutzt eine 80-kW-Brennstoffzelle von Toyota sowie einen einstufigen 200-kW-Antrieb von Voith mit Dauerdrehmoment 3.100 Nm und zwei 60-KWh-Batterien. Das Fahrzeug kann innerhalb von 10-15 Minuten vollgetankt werden. Der Wasserstofftank fasst 30 Kilogramm. Bild: Georg Blenk\"><i class=\"fa fa-expand\" aria-hidden=\"true\"><\/i><\/a>\r\n        \t<div class=\"gallery-caption wp-caption-text\"><p>Mobility-Hub des Energieversorgers Maier Korduletsch auf dem Gel\u00e4nde der Paul-Group in Passau Sperrwies: Der PH2P-Truck im Bild ist auf einem Mercedes Atego 4\u00d72 Glider Chassis aufgebaut. Der Lkw mit Hinterachs-Luftfederung nutzt eine 80-kW-Brennstoffzelle von Toyota sowie einen einstufigen 200-kW-Antrieb von Voith mit Dauerdrehmoment 3.100 Nm und zwei 60-KWh-Batterien. Das Fahrzeug kann innerhalb von 10-15 Minuten vollgetankt werden. Der Wasserstofftank fasst 30 Kilogramm. Bild: Georg Blenk<\/p>\n<\/div>\r\n        <\/div>\r\n        <div>\r\n        \t<img decoding=\"async\" src=\"https:\/\/static.krafthand-truck.de\/uploads\/2024\/08\/PEP_Truck_Paul_Nutzfahrzeuge_BEV-1024x586.jpg\" alt=\"\" \/>\r\n          <a href=\"https:\/\/static.krafthand-truck.de\/uploads\/2024\/08\/PEP_Truck_Paul_Nutzfahrzeuge_BEV-1024x586.jpg\" data-featherlight=\"gallery_69f57f186d4f6\" class=\"gallery-expand\" data-title=\"Ein Prototyp eines batterieelektrischen PEP-Trucks als Fahrmischer (Aufbau Liebherr) ausgef\u00fchrt auf Basis eines Mercedes-Benz Arocs (8x4). Der von Paul integrierte elektrische Antriebsstrang bietet eine Spitzenleistung von mehr als 400 kW. Bild: Paul Nutzfahrzeuge\"><i class=\"fa fa-expand\" aria-hidden=\"true\"><\/i><\/a>\r\n        \t<div class=\"gallery-caption wp-caption-text\"><p>Ein Prototyp eines batterieelektrischen PEP-Trucks als Fahrmischer (Aufbau Liebherr) ausgef\u00fchrt auf Basis eines Mercedes-Benz Arocs (8&#215;4). Der von Paul integrierte elektrische Antriebsstrang bietet eine Spitzenleistung von mehr als 400 kW. Bild: Paul Nutzfahrzeuge<\/p>\n<\/div>\r\n        <\/div>\r\n        <div>\r\n        \t<img decoding=\"async\" src=\"https:\/\/static.krafthand-truck.de\/uploads\/2024\/08\/Paul_Nutzfahrzeuge_Nikolaus_Mayer_Joachim_Sterr-1024x688.jpg\" alt=\"\" \/>\r\n          <a href=\"https:\/\/static.krafthand-truck.de\/uploads\/2024\/08\/Paul_Nutzfahrzeuge_Nikolaus_Mayer_Joachim_Sterr-1024x688.jpg\" data-featherlight=\"gallery_69f57f186d4f6\" class=\"gallery-expand\" data-title=\"Nikolaus Mayer (l.) und Jochachim Sterr sind f\u00fcr die Produktion bei der Paul Nutzfahrzeug GmbH verantwortlich. Bild: Georg Blenk\"><i class=\"fa fa-expand\" aria-hidden=\"true\"><\/i><\/a>\r\n        \t<div class=\"gallery-caption wp-caption-text\"><p>Nikolaus Mayer (l.) und Jochachim Sterr sind f\u00fcr die Produktion bei der Paul Nutzfahrzeug GmbH verantwortlich. Bild: Georg Blenk<\/p>\n<\/div>\r\n        <\/div>\r\n        <div>\r\n        \t<img decoding=\"async\" src=\"https:\/\/static.krafthand-truck.de\/uploads\/2024\/08\/Paul_Nutzfahrzeuge_Wasserstoff_Testhalle-1024x641.jpg\" alt=\"\" \/>\r\n          <a href=\"https:\/\/static.krafthand-truck.de\/uploads\/2024\/08\/Paul_Nutzfahrzeuge_Wasserstoff_Testhalle-1024x641.jpg\" data-featherlight=\"gallery_69f57f186d4f6\" class=\"gallery-expand\" data-title=\"Paul Nutzfahrzeuge verf\u00fcgt in Vilshofen \u00fcber eine eigene Wasserstoff-Testhalle, mit entsprechenden Absicherungseinrichtungen. Bild: Georg Blenk\"><i class=\"fa fa-expand\" aria-hidden=\"true\"><\/i><\/a>\r\n        \t<div class=\"gallery-caption wp-caption-text\"><p>Paul Nutzfahrzeuge verf\u00fcgt in Vilshofen \u00fcber eine eigene Wasserstoff-Testhalle, mit entsprechenden Absicherungseinrichtungen. Bild: Georg Blenk<\/p>\n<\/div>\r\n        <\/div><\/div><\/div>\r\n\t<script>\r\n\t\tjQuery(document).ready(function($){\r\n      setTimeout(function(){\r\n  \t\t\t$(\".owl-carousel\").owlCarousel({\r\n  \t\t\t\tloop:true,\r\n    \t\t\tmargin:10,\r\n    \t\t\tresponsiveClass:true,\r\n    \t\t\titems:1,\r\n    \t\t\tautoHeight: true,\r\n          nav: true,\r\n          URLhashListener: true,\r\n          startPosition: \"URLHash\",\r\n          navText: [\r\n            \"<i class='fa fa-chevron-left'><\/i>\",\r\n            \"<i class='fa fa-chevron-right'><\/i>\"\r\n          ],\r\n  \t\t\t});\r\n      }, 2000);\r\n\t\t});\r\n\t<\/script>\r\n\t\n<h3>Wissen was Phase ist \u2013 die Paul Academy<\/h3>\n<p>Als Schulungseinrichtung bereitet die Paul Academy sowohl eigene Mitarbeiter als auch Kunden auf den Umgang mit batterieelektrischen Trucks und Fahrzeugen mit Brennstoffzelle vor. Dabei spielt in beiden F\u00e4llen der Umgang mit der Hochvolttechnik eine zentrale Rolle. Beim FCEV kommt das Thema Wasserstoff, die Tank- und Sicherheitsvorrichtungen sowie die Brennstoffzelle selbst hinzu.<\/p>\n<h3>Das Schulungsangebot<\/h3>\n<p>Das Schulungsangebot ist umfangreich und wird stetig ausgebaut. Es umfasst beispielsweise Online-Schulungen zum Fachkundenachweis Hochvolt 1S und 1E sowie zum Umgang mit Wasserstoff und Gas 1S und 1E. Hinzu kommen Pr\u00e4senzseminare zur Fachkundigen Person (FHV) beziehungsweise Arbeiten an HV-Systemen (2S, 2E 3S, 3E) sowie zu Arbeiten an Wasserstoff- und gasbetriebenen Fahrzeuge (2S, 2E, 3E) sowie verschiedene Kombischulungen.<br \/>\nTrainings zur Verantwortlichen Elektro- oder Gasfachkraft sowie diverse Produktschulungen zur Thema BEV und FCEV runden das Angebot ab. Eine aktuelle Schulungs\u00fcbersicht und weitere Informationen sind unter <a href=\"https:\/\/academy.paul.group\/wp-content\/uploads\/2024\/05\/2024_Portfolio_PaulAc_topdf_V1.1.pdf\" target=\"_blank\" rel=\"noopener\">academy.paul.group\/portfolio.pdf<\/a> zu finden.<\/p>\n<h3>Erfahrungswerte: Nachgefragt bei Robert Kiessling<\/h3>\n<figure id=\"attachment_40376\" aria-describedby=\"caption-attachment-40376\" style=\"width: 420px\" class=\"wp-caption alignleft\"><a href=\"https:\/\/static.krafthand-truck.de\/uploads\/2024\/08\/Paul_Academy_Robert_Kiessling.jpg\" target=\"_blank\" rel=\"noopener\"><img fetchpriority=\"high\" decoding=\"async\" class=\"wp-image-40376\" src=\"https:\/\/static.krafthand-truck.de\/uploads\/2024\/08\/Paul_Academy_Robert_Kiessling-300x197.jpg\" alt=\"\" width=\"420\" height=\"276\" srcset=\"https:\/\/static.krafthand-truck.de\/uploads\/2024\/08\/Paul_Academy_Robert_Kiessling-300x197.jpg 300w, https:\/\/static.krafthand-truck.de\/uploads\/2024\/08\/Paul_Academy_Robert_Kiessling-1024x673.jpg 1024w, https:\/\/static.krafthand-truck.de\/uploads\/2024\/08\/Paul_Academy_Robert_Kiessling-768x505.jpg 768w, https:\/\/static.krafthand-truck.de\/uploads\/2024\/08\/Paul_Academy_Robert_Kiessling.jpg 1200w\" sizes=\"(max-width: 420px) 100vw, 420px\" \/><\/a><figcaption id=\"caption-attachment-40376\" class=\"wp-caption-text\">Robert Kiessling ist Produkttrainer bei der Paul Academy. Bild: Georg Blenk<\/figcaption><\/figure>\n<p>Verantwortlicher Produkttrainer bei der Paul Academy ist Robert Kiessling. Er arbeitet mit einem Team an Spezialisten zusammen und profitiert vom Erfahrungsschatz der Kollegen aus der Fahrzeugproduktion bei Paul. Wir haben uns mit Herrn Kiessling \u00fcber die Paul Academy und seine Erfahrungswerte mit den Kursteilnehmer(innen) unterhalten.<\/p>\n<p><em><strong>Gibt es bei den Schulungsteilnehmern Ber\u00fchrungs\u00e4ngste gegen\u00fcber dem Thema Hochvolt\/Brennstoffzelle. Wenn ja, warum?<\/strong><\/em><br \/>\nJa, es gibt Bedenken, unter anderem die Sorge vor k\u00f6rperlicher Gef\u00e4hrdung. Meist sind das aber Vorurteile, die sich durch fehlendes Wissen gebildet haben. Ein Kernaspekt unserer Ausbildung ist es, diese \u00c4ngste auszur\u00e4umen. Wir zeigen sowohl theoretisch als auch in praktischen Versuchen ganz greifbar, dass rein physikalisch kein Grund zur Sorge besteht. Die Fahrzeuge sind sicher. Andernfalls h\u00e4tten sie den strengen Auflagen nach gar keine Zulassung erhalten.<\/p>\n<p><em><strong>Welche Falschinformationen kursieren und wie k\u00f6nnen Sie sie ausr\u00e4umen? Zum Beispiel Wasserstoff sei hochgef\u00e4hrlich?<\/strong><\/em><br \/>\nMit Wasserstoff verbinden viele sofort die Lakehurst-Hindenburg-Katastrophe. Doch die liegt rund 90 Jahre zur\u00fcck und das Luftschiff war mit einer irrwitzig gro\u00dfen Menge Wasserstoff an Bord unterwegs. Auch hatte man damals weder das Wissen von heute noch die Technologie. Die Themen Dichtigkeit, Explosionsschutz, Betankung und Transport sind heute sehr gut beherrscht und sicher.<\/p>\n<figure id=\"attachment_40377\" aria-describedby=\"caption-attachment-40377\" style=\"width: 420px\" class=\"wp-caption alignright\"><a href=\"https:\/\/static.krafthand-truck.de\/uploads\/2024\/08\/Paul_Academy_Potenzialausgleichsmessung_BEV_Lkw.jpg\" target=\"_blank\" rel=\"noopener\"><img decoding=\"async\" class=\"wp-image-40377\" src=\"https:\/\/static.krafthand-truck.de\/uploads\/2024\/08\/Paul_Academy_Potenzialausgleichsmessung_BEV_Lkw-300x235.jpg\" alt=\"\" width=\"420\" height=\"328\" srcset=\"https:\/\/static.krafthand-truck.de\/uploads\/2024\/08\/Paul_Academy_Potenzialausgleichsmessung_BEV_Lkw-300x235.jpg 300w, https:\/\/static.krafthand-truck.de\/uploads\/2024\/08\/Paul_Academy_Potenzialausgleichsmessung_BEV_Lkw-1024x800.jpg 1024w, https:\/\/static.krafthand-truck.de\/uploads\/2024\/08\/Paul_Academy_Potenzialausgleichsmessung_BEV_Lkw-768x600.jpg 768w, https:\/\/static.krafthand-truck.de\/uploads\/2024\/08\/Paul_Academy_Potenzialausgleichsmessung_BEV_Lkw.jpg 1200w\" sizes=\"(max-width: 420px) 100vw, 420px\" \/><\/a><figcaption id=\"caption-attachment-40377\" class=\"wp-caption-text\">Zu den Schulungsinhalten geh\u00f6rt auch die Potenzial-Ausgleichsmessung. Bild: Georg Blenk<\/figcaption><\/figure>\n<p><em><strong>Wie w\u00fcrden Sie das Vorwissen was alternative Antriebe bei den Schulungsteilnehmern angeht bewerten?<\/strong><\/em><br \/>\nDas sieht sehr unterschiedlich aus. Viele haben sich zuvor vor allem berufsbedingt mit den Themen befasst. Daher ist die Tendenz eher positiv. Allerdings gehen viele nach der Schulung mit mehr als einem Aha-Erlebnis nach Hause. Sprich: Wir vermitteln immer noch etwas, das sie zuvor nicht gewusst haben. Umgekehrt erfahren wir auch, was die Teilnehmer bereits wissen. Es ist kein einseitiger Unterricht, sondern ein Erfahrungsaustausch auf Augenh\u00f6he.<\/p>\n<p>&nbsp;<\/p>\n<figure id=\"attachment_40378\" aria-describedby=\"caption-attachment-40378\" style=\"width: 420px\" class=\"wp-caption alignleft\"><a href=\"https:\/\/static.krafthand-truck.de\/uploads\/2024\/08\/Paul_Academy_PSA_persoenliche_Schutzausruestung.jpg\" target=\"_blank\" rel=\"noopener\"><img decoding=\"async\" class=\"wp-image-40378\" src=\"https:\/\/static.krafthand-truck.de\/uploads\/2024\/08\/Paul_Academy_PSA_persoenliche_Schutzausruestung-300x191.jpg\" alt=\"\" width=\"420\" height=\"267\" srcset=\"https:\/\/static.krafthand-truck.de\/uploads\/2024\/08\/Paul_Academy_PSA_persoenliche_Schutzausruestung-300x191.jpg 300w, https:\/\/static.krafthand-truck.de\/uploads\/2024\/08\/Paul_Academy_PSA_persoenliche_Schutzausruestung-1024x651.jpg 1024w, https:\/\/static.krafthand-truck.de\/uploads\/2024\/08\/Paul_Academy_PSA_persoenliche_Schutzausruestung-768x488.jpg 768w, https:\/\/static.krafthand-truck.de\/uploads\/2024\/08\/Paul_Academy_PSA_persoenliche_Schutzausruestung.jpg 1200w\" sizes=\"(max-width: 420px) 100vw, 420px\" \/><\/a><figcaption id=\"caption-attachment-40378\" class=\"wp-caption-text\">Pers\u00f6nliche Schutzausr\u00fcstung PSA am HV- \/H2-Schulungsarbeitsplatz. Bild: Georg Blenk<\/figcaption><\/figure>\n<p><em><strong>Wie gro\u00df sind die Gruppen, die Sie schulen?<\/strong><\/em><br \/>\nWir schulen in Gruppen ab sechs bis hin zu 12 Teilnehmern. Bei gr\u00f6\u00dferen Gruppen und vor allem w\u00e4hrend der Fachpraxis teilen wir in kleine Klassen auf, sodass jeder in der ersten Reihe stehen und selbst Hand anlegen kann. Die Paul Academy bietet bereits Online-Schulungen an. Welche Schulungen sind es und was ist in Zukunft noch geplant?<br \/>\nAktuell kann man bei uns die Online-Schulungen zu Hochvoltqualifikation 1S\/1E und die Gas-Wasserstoffqualifikation 1S\/1E absolvieren. Wir haben sie entwickelt, damit die Teilnehmer f\u00fcr einen 90-min\u00fctigen Kurs nicht extra anreisen m\u00fcssen. Ohne einen Praxisanteil ist das einfach m\u00f6glich und sehr komfortabel. Sollten dar\u00fcber hinaus Fragen aufkommen, beispielsweise zu Besonderheiten in ihrem Betrieb, d\u00fcrfen die Teilnehmer uns gern kontaktieren.<br \/>\nWas in Zukunft kommt? Ideen haben wir viele, genauso viele wie Wettbewerber. Lassen Sie sich gern \u00fcberraschen. So viel sei aber verraten: Es wird noch komfortabler und kosteng\u00fcnstiger f\u00fcr die Teilnehmer.<\/p>\n<p><strong>Hier gehts zum Paul Academy Schulungsangebot:<\/strong> <a href=\"https:\/\/academy.paul.group\/\" target=\"_blank\" rel=\"noopener\">www.paul.academy<\/a><\/p>\n<p>&nbsp;<\/p>\n<div class=\"infobox box-grey\"><\/p>\n<p><figure id=\"attachment_40369\" aria-describedby=\"caption-attachment-40369\" style=\"width: 420px\" class=\"wp-caption alignleft\"><a href=\"https:\/\/static.krafthand-truck.de\/uploads\/2024\/08\/Paul_Nutzfahrzeuge_Bernhard_Wasner_PIN21_2024.jpg\" target=\"_blank\" rel=\"noopener\"><img loading=\"lazy\" decoding=\"async\" class=\"wp-image-40369\" src=\"https:\/\/static.krafthand-truck.de\/uploads\/2024\/08\/Paul_Nutzfahrzeuge_Bernhard_Wasner_PIN21_2024-300x201.jpg\" alt=\"\" width=\"420\" height=\"281\" srcset=\"https:\/\/static.krafthand-truck.de\/uploads\/2024\/08\/Paul_Nutzfahrzeuge_Bernhard_Wasner_PIN21_2024-300x201.jpg 300w, https:\/\/static.krafthand-truck.de\/uploads\/2024\/08\/Paul_Nutzfahrzeuge_Bernhard_Wasner_PIN21_2024-1024x685.jpg 1024w, https:\/\/static.krafthand-truck.de\/uploads\/2024\/08\/Paul_Nutzfahrzeuge_Bernhard_Wasner_PIN21_2024-768x514.jpg 768w, https:\/\/static.krafthand-truck.de\/uploads\/2024\/08\/Paul_Nutzfahrzeuge_Bernhard_Wasner_PIN21_2024.jpg 1200w\" sizes=\"(max-width: 420px) 100vw, 420px\" \/><\/a><figcaption id=\"caption-attachment-40369\" class=\"wp-caption-text\">Bernhard Wasner, bei der Er\u00f6ffnung der PIN21-Konferenz am 5. Juni 2024 in Vilshofen an der Donau. Bild: Georg Blenk<\/figcaption><\/figure><\/p>\n<h3>PIN21 in Vilshofen<\/h3>\n<p>Im Juni 2024 fand die <a href=\"https:\/\/pin21.events.paul.group\/?trk=public_post_comment-text#E96F85\" target=\"_blank\" rel=\"noopener\">PIN21-Konferenz<\/a> auf dem Betriebsgel\u00e4nde von Paul Nutzfahrzeuge in Vilshofen statt. Das Kernthema lautete \u201eWie schaffen wir die Energiewende im stra\u00dfengef\u00fchrten Transportwesen\u201c. Zahlreiche namhafte Experten von OEM und Zulieferer waren vor Ort und referierten \u00fcber neueste Technologien und die Herausforderungen der Zukunft. Zu sehen war der hauseigene Wasserstoff-Brennstoffzellen-Lkw PH2P, der erste in Serie gefertigte mittelschwere Brennstoffzellen-Lkw Deutschlands. Auf der IAA Transportation 2024 wird die Paul Group diverse Neuheiten vorstellen, dazu geh\u00f6rt die Weiterentwicklung des PH2P Truck als 6&#215;2 Version f\u00fcr weitere Anwendungen mit h\u00f6herer Nutzlast, zum Beispiel in der Getr\u00e4nkelogistik.<\/p>\n<p><strong><em>\u201eWir haben Kunden die fahren bis zu 3.000 Kilometer in der Woche mit unseren Trucks. Die Geschwindigkeit mit der wir die Fahrzeuge entwickeln konnten, zumal in dieser Qualit\u00e4t, ist durchaus einzigartig\u201c<\/em>,<\/strong> so Bernhard Wasner, CEO der Paul Group.<\/p>\n<p>Ein ausf\u00fchrliches Interview mit Bernhard Wasner finden Sie <a href=\"https:\/\/www.krafthand.de\/truck\/artikel\/wir-reden-nicht-wir-machen-35557\/\" target=\"_blank\" rel=\"noopener\">hier<\/a>.<\/p>\n<p><\/div>\n<p>&nbsp;<\/p>\n<p>&nbsp;<\/p>\n<p><i>Den Beitrag finden Sie auch in der Print-Ausgabe 3-2024 der <a href=\"https:\/\/www.krafthand.de\/truck\/magazin\/\" title=\"Zum Magazin\">Krafthand-Truck<\/a>.<\/i><\/p>\r\n\t\t\t\t<div class=\"post-author\">\r\n\t\t\t\t\t<div class=\"khm-cp-author clearfix\">\r\n\t\t\t\t\t\t<div class=\"khm-cp-author__content\">\r\n\t\t\t\t\t\t\t\tKontakt zum Autor:<br \/>\r\n\t\t\t\t\t\t\t\t<strong>Georg Blenk<\/strong>, 08247 \/ 3007-45 |  <a href=\"mailto:georg.blenk@krafthand-medien.de\">georg.blenk@krafthand-medien.de<\/a>\r\n\t\t\t\t\t\t\t<div class=\"khm-cp-author__image\">\r\n\t\t\t\t\t\t<img src=\"https:\/\/static.krafthand-truck.de\/uploads\/2021\/01\/Blenk_6104-250x300-1-removebg-preview.png\" class=\"img-responsive\">\r\n\t\t\t\t\t<\/div>\r\n\t\t\t\t\t\t<\/div>\r\n\t\t\t\t\t<\/div>\r\n\t\t\t\t<\/div>\r\n\t\t\t\t","protected":false},"excerpt":{"rendered":"<p>Aufgrund der zunehmenden technischen Komplexit\u00e4t moderner Nutzfahrzeuge sowie den gesetzlichen Anforderungen an die Arbeitgeber und das Personal hat die Paul Nutzfahrzeuge GmbH eine eigene Schulungs-Akademie ins Leben gerufen. Gibt es Vorbehalte gegen\u00fcber BEV\/FCEV? Wir haben uns bei Produkttrainer Robert Kiessling \u00fcber die Rahmenbedingungen erkundigt. <span class=\"excerpt-more__dots\">&#8230;<\/span> <a class=\"excerpt-more__link\" href=\"https:\/\/www.krafthand.de\/truck\/artikel\/elektrisch-gut-unterrichtet-die-zusatzausbildung-bei-der-paul-academy-40363\/\" >weiter<\/a><\/p>\n","protected":false},"author":9,"featured_media":40365,"comment_status":"closed","ping_status":"closed","sticky":false,"template":"","format":"standard","meta":{"footnotes":""},"categories":[4224,4915,4324,4235,4218],"tags":[5546,4511,4348,6001,6000,4814],"settings":[3524,4766,3523],"class_list":["post-40363","post","type-post","status-publish","format-standard","has-post-thumbnail","hentry","category-e-antrieb","category-neue-fahrzeuge","category-schulungen-bildung","category-unternehmen","category-werkstattpraxis","tag-bernhard-wasner","tag-bev","tag-fcev","tag-hv-schulung","tag-paul-academy","tag-paul-nutzfahrzeuge"],"yoast_head":"<!-- This site is optimized with the Yoast SEO plugin v27.3 - https:\/\/yoast.com\/product\/yoast-seo-wordpress\/ -->\n<title>Die Paul Academy I PIN21 I Robert Kiessling I Krafthand Truck<\/title>\n<meta name=\"description\" content=\"Die Paul Nutzfahrzeuge hat eine eigene Schulungs-Akademie ins Leben gerufen. Wir haben uns bei Robert Kiessling \u00fcber die Rahmenbedingungen erkundigt.\" \/>\n<meta name=\"robots\" content=\"index, follow, max-snippet:-1, max-image-preview:large, max-video-preview:-1\" \/>\n<link rel=\"canonical\" href=\"https:\/\/www.krafthand.de\/truck\/artikel\/elektrisch-gut-unterrichtet-die-zusatzausbildung-bei-der-paul-academy-40363\/\" \/>\n<meta property=\"og:locale\" content=\"de_DE\" \/>\n<meta property=\"og:type\" content=\"article\" \/>\n<meta property=\"og:title\" content=\"Die Paul Academy I PIN21 I Robert Kiessling I Krafthand Truck\" \/>\n<meta property=\"og:description\" content=\"Die Paul Nutzfahrzeuge hat eine eigene Schulungs-Akademie ins Leben gerufen. Wir haben uns bei Robert Kiessling \u00fcber die Rahmenbedingungen erkundigt.\" \/>\n<meta property=\"og:url\" content=\"https:\/\/www.krafthand-truck.de\/artikel\/elektrisch-gut-unterrichtet-die-zusatzausbildung-bei-der-paul-academy-40363\/\" \/>\n<meta property=\"og:site_name\" content=\"Krafthand-Truck\" \/>\n<meta property=\"article:published_time\" content=\"2024-08-05T11:29:49+00:00\" \/>\n<meta property=\"article:modified_time\" content=\"2024-08-06T06:18:08+00:00\" \/>\n<meta property=\"og:image\" content=\"https:\/\/static.krafthand-truck.de\/uploads\/2024\/08\/Paul_Academy_Hochvoltschulungen_E_Lkw_PHEV_BEV_Fortbildung_Lkw_Mechatroniker.jpg\" \/>\n\t<meta property=\"og:image:width\" content=\"1200\" \/>\n\t<meta property=\"og:image:height\" content=\"699\" \/>\n\t<meta property=\"og:image:type\" content=\"image\/jpeg\" \/>\n<meta name=\"author\" content=\"georg.blenk@krafthand-medien.de\" \/>\n<meta name=\"twitter:card\" content=\"summary_large_image\" \/>\n<meta name=\"twitter:label1\" content=\"Verfasst von\" \/>\n\t<meta name=\"twitter:data1\" content=\"georg.blenk@krafthand-medien.de\" \/>\n\t<meta name=\"twitter:label2\" content=\"Gesch\u00e4tzte Lesezeit\" \/>\n\t<meta name=\"twitter:data2\" content=\"7\u00a0Minuten\" \/>\n<script type=\"application\/ld+json\" class=\"yoast-schema-graph\">{\"@context\":\"https:\\\/\\\/schema.org\",\"@graph\":[{\"@type\":\"Article\",\"@id\":\"https:\\\/\\\/www.krafthand.de\\\/truck\\\/artikel\\\/elektrisch-gut-unterrichtet-die-zusatzausbildung-bei-der-paul-academy-40363\\\/#article\",\"isPartOf\":{\"@id\":\"https:\\\/\\\/www.krafthand.de\\\/truck\\\/artikel\\\/elektrisch-gut-unterrichtet-die-zusatzausbildung-bei-der-paul-academy-40363\\\/\"},\"author\":{\"name\":\"georg.blenk@krafthand-medien.de\",\"@id\":\"https:\\\/\\\/www.krafthand.de\\\/truck\\\/#\\\/schema\\\/person\\\/51fa80b1c57034c4bf63f9f988fc24ce\"},\"headline\":\"Elektrisch gut unterrichtet!? Die Zusatzausbildung bei der Paul Academy\",\"datePublished\":\"2024-08-05T11:29:49+00:00\",\"dateModified\":\"2024-08-06T06:18:08+00:00\",\"mainEntityOfPage\":{\"@id\":\"https:\\\/\\\/www.krafthand.de\\\/truck\\\/artikel\\\/elektrisch-gut-unterrichtet-die-zusatzausbildung-bei-der-paul-academy-40363\\\/\"},\"wordCount\":990,\"image\":{\"@id\":\"https:\\\/\\\/www.krafthand.de\\\/truck\\\/artikel\\\/elektrisch-gut-unterrichtet-die-zusatzausbildung-bei-der-paul-academy-40363\\\/#primaryimage\"},\"thumbnailUrl\":\"https:\\\/\\\/static.krafthand-truck.de\\\/uploads\\\/2024\\\/08\\\/Paul_Academy_Hochvoltschulungen_E_Lkw_PHEV_BEV_Fortbildung_Lkw_Mechatroniker.jpg\",\"keywords\":[\"Bernhard Wasner\",\"BEV\",\"FCEV\",\"HV-Schulung\",\"Paul Academy\",\"Paul Nutzfahrzeuge\"],\"articleSection\":[\"E-Antrieb (BEV\\\/FCEV)\",\"Neue Fahrzeuge\",\"Schulungen\\\/Bildung\",\"Unternehmen\",\"Werkstattpraxis\"],\"inLanguage\":\"de\"},{\"@type\":\"WebPage\",\"@id\":\"https:\\\/\\\/www.krafthand.de\\\/truck\\\/artikel\\\/elektrisch-gut-unterrichtet-die-zusatzausbildung-bei-der-paul-academy-40363\\\/\",\"url\":\"https:\\\/\\\/www.krafthand.de\\\/truck\\\/artikel\\\/elektrisch-gut-unterrichtet-die-zusatzausbildung-bei-der-paul-academy-40363\\\/\",\"name\":\"Die Paul Academy I PIN21 I Robert Kiessling I Krafthand Truck\",\"isPartOf\":{\"@id\":\"https:\\\/\\\/www.krafthand.de\\\/truck\\\/#website\"},\"primaryImageOfPage\":{\"@id\":\"https:\\\/\\\/www.krafthand.de\\\/truck\\\/artikel\\\/elektrisch-gut-unterrichtet-die-zusatzausbildung-bei-der-paul-academy-40363\\\/#primaryimage\"},\"image\":{\"@id\":\"https:\\\/\\\/www.krafthand.de\\\/truck\\\/artikel\\\/elektrisch-gut-unterrichtet-die-zusatzausbildung-bei-der-paul-academy-40363\\\/#primaryimage\"},\"thumbnailUrl\":\"https:\\\/\\\/static.krafthand-truck.de\\\/uploads\\\/2024\\\/08\\\/Paul_Academy_Hochvoltschulungen_E_Lkw_PHEV_BEV_Fortbildung_Lkw_Mechatroniker.jpg\",\"datePublished\":\"2024-08-05T11:29:49+00:00\",\"dateModified\":\"2024-08-06T06:18:08+00:00\",\"author\":{\"@id\":\"https:\\\/\\\/www.krafthand.de\\\/truck\\\/#\\\/schema\\\/person\\\/51fa80b1c57034c4bf63f9f988fc24ce\"},\"description\":\"Die Paul Nutzfahrzeuge hat eine eigene Schulungs-Akademie ins Leben gerufen. Wir haben uns bei Robert Kiessling \u00fcber die Rahmenbedingungen erkundigt.\",\"breadcrumb\":{\"@id\":\"https:\\\/\\\/www.krafthand.de\\\/truck\\\/artikel\\\/elektrisch-gut-unterrichtet-die-zusatzausbildung-bei-der-paul-academy-40363\\\/#breadcrumb\"},\"inLanguage\":\"de\",\"potentialAction\":[{\"@type\":\"ReadAction\",\"target\":[\"https:\\\/\\\/www.krafthand.de\\\/truck\\\/artikel\\\/elektrisch-gut-unterrichtet-die-zusatzausbildung-bei-der-paul-academy-40363\\\/\"]}]},{\"@type\":\"ImageObject\",\"inLanguage\":\"de\",\"@id\":\"https:\\\/\\\/www.krafthand.de\\\/truck\\\/artikel\\\/elektrisch-gut-unterrichtet-die-zusatzausbildung-bei-der-paul-academy-40363\\\/#primaryimage\",\"url\":\"https:\\\/\\\/static.krafthand-truck.de\\\/uploads\\\/2024\\\/08\\\/Paul_Academy_Hochvoltschulungen_E_Lkw_PHEV_BEV_Fortbildung_Lkw_Mechatroniker.jpg\",\"contentUrl\":\"https:\\\/\\\/static.krafthand-truck.de\\\/uploads\\\/2024\\\/08\\\/Paul_Academy_Hochvoltschulungen_E_Lkw_PHEV_BEV_Fortbildung_Lkw_Mechatroniker.jpg\",\"width\":1200,\"height\":699},{\"@type\":\"BreadcrumbList\",\"@id\":\"https:\\\/\\\/www.krafthand.de\\\/truck\\\/artikel\\\/elektrisch-gut-unterrichtet-die-zusatzausbildung-bei-der-paul-academy-40363\\\/#breadcrumb\",\"itemListElement\":[{\"@type\":\"ListItem\",\"position\":1,\"name\":\"Krafthand-Truck\",\"item\":\"https:\\\/\\\/www.krafthand.de\\\/truck\\\/\"},{\"@type\":\"ListItem\",\"position\":2,\"name\":\"IT+Fuhrpark\",\"item\":\"https:\\\/\\\/www.krafthand.de\\\/truck\\\/kategorie\\\/fuhrpark\\\/\"},{\"@type\":\"ListItem\",\"position\":3,\"name\":\"Neue Fahrzeuge\",\"item\":\"https:\\\/\\\/www.krafthand.de\\\/truck\\\/kategorie\\\/fuhrpark\\\/neue-fahrzeuge\\\/\"},{\"@type\":\"ListItem\",\"position\":4,\"name\":\"Elektrisch gut unterrichtet!? Die Zusatzausbildung bei der Paul Academy\"}]},{\"@type\":\"WebSite\",\"@id\":\"https:\\\/\\\/www.krafthand.de\\\/truck\\\/#website\",\"url\":\"https:\\\/\\\/www.krafthand.de\\\/truck\\\/\",\"name\":\"Krafthand-Truck\",\"description\":\"\",\"potentialAction\":[{\"@type\":\"SearchAction\",\"target\":{\"@type\":\"EntryPoint\",\"urlTemplate\":\"https:\\\/\\\/www.krafthand.de\\\/truck\\\/?s={search_term_string}\"},\"query-input\":{\"@type\":\"PropertyValueSpecification\",\"valueRequired\":true,\"valueName\":\"search_term_string\"}}],\"inLanguage\":\"de\"},{\"@type\":\"Person\",\"@id\":\"https:\\\/\\\/www.krafthand.de\\\/truck\\\/#\\\/schema\\\/person\\\/51fa80b1c57034c4bf63f9f988fc24ce\",\"name\":\"georg.blenk@krafthand-medien.de\",\"image\":{\"@type\":\"ImageObject\",\"inLanguage\":\"de\",\"@id\":\"https:\\\/\\\/secure.gravatar.com\\\/avatar\\\/93713c30affe0aa95d3a4130e499bb1abee2eb31adbdd9ce2aa1543538490215?s=96&d=mm&r=g\",\"url\":\"https:\\\/\\\/secure.gravatar.com\\\/avatar\\\/93713c30affe0aa95d3a4130e499bb1abee2eb31adbdd9ce2aa1543538490215?s=96&d=mm&r=g\",\"contentUrl\":\"https:\\\/\\\/secure.gravatar.com\\\/avatar\\\/93713c30affe0aa95d3a4130e499bb1abee2eb31adbdd9ce2aa1543538490215?s=96&d=mm&r=g\",\"caption\":\"georg.blenk@krafthand-medien.de\"}}]}<\/script>\n<!-- \/ Yoast SEO plugin. -->","yoast_head_json":{"title":"Die Paul Academy I PIN21 I Robert Kiessling I Krafthand Truck","description":"Die Paul Nutzfahrzeuge hat eine eigene Schulungs-Akademie ins Leben gerufen. Wir haben uns bei Robert Kiessling \u00fcber die Rahmenbedingungen erkundigt.","robots":{"index":"index","follow":"follow","max-snippet":"max-snippet:-1","max-image-preview":"max-image-preview:large","max-video-preview":"max-video-preview:-1"},"canonical":"https:\/\/www.krafthand.de\/truck\/artikel\/elektrisch-gut-unterrichtet-die-zusatzausbildung-bei-der-paul-academy-40363\/","og_locale":"de_DE","og_type":"article","og_title":"Die Paul Academy I PIN21 I Robert Kiessling I Krafthand Truck","og_description":"Die Paul Nutzfahrzeuge hat eine eigene Schulungs-Akademie ins Leben gerufen. Wir haben uns bei Robert Kiessling \u00fcber die Rahmenbedingungen erkundigt.","og_url":"https:\/\/www.krafthand-truck.de\/artikel\/elektrisch-gut-unterrichtet-die-zusatzausbildung-bei-der-paul-academy-40363\/","og_site_name":"Krafthand-Truck","article_published_time":"2024-08-05T11:29:49+00:00","article_modified_time":"2024-08-06T06:18:08+00:00","og_image":[{"width":1200,"height":699,"url":"https:\/\/static.krafthand-truck.de\/uploads\/2024\/08\/Paul_Academy_Hochvoltschulungen_E_Lkw_PHEV_BEV_Fortbildung_Lkw_Mechatroniker.jpg","type":"image\/jpeg"}],"author":"georg.blenk@krafthand-medien.de","twitter_card":"summary_large_image","twitter_misc":{"Verfasst von":"georg.blenk@krafthand-medien.de","Gesch\u00e4tzte Lesezeit":"7\u00a0Minuten"},"schema":{"@context":"https:\/\/schema.org","@graph":[{"@type":"Article","@id":"https:\/\/www.krafthand.de\/truck\/artikel\/elektrisch-gut-unterrichtet-die-zusatzausbildung-bei-der-paul-academy-40363\/#article","isPartOf":{"@id":"https:\/\/www.krafthand.de\/truck\/artikel\/elektrisch-gut-unterrichtet-die-zusatzausbildung-bei-der-paul-academy-40363\/"},"author":{"name":"georg.blenk@krafthand-medien.de","@id":"https:\/\/www.krafthand.de\/truck\/#\/schema\/person\/51fa80b1c57034c4bf63f9f988fc24ce"},"headline":"Elektrisch gut unterrichtet!? Die Zusatzausbildung bei der Paul Academy","datePublished":"2024-08-05T11:29:49+00:00","dateModified":"2024-08-06T06:18:08+00:00","mainEntityOfPage":{"@id":"https:\/\/www.krafthand.de\/truck\/artikel\/elektrisch-gut-unterrichtet-die-zusatzausbildung-bei-der-paul-academy-40363\/"},"wordCount":990,"image":{"@id":"https:\/\/www.krafthand.de\/truck\/artikel\/elektrisch-gut-unterrichtet-die-zusatzausbildung-bei-der-paul-academy-40363\/#primaryimage"},"thumbnailUrl":"https:\/\/static.krafthand-truck.de\/uploads\/2024\/08\/Paul_Academy_Hochvoltschulungen_E_Lkw_PHEV_BEV_Fortbildung_Lkw_Mechatroniker.jpg","keywords":["Bernhard Wasner","BEV","FCEV","HV-Schulung","Paul Academy","Paul Nutzfahrzeuge"],"articleSection":["E-Antrieb (BEV\/FCEV)","Neue Fahrzeuge","Schulungen\/Bildung","Unternehmen","Werkstattpraxis"],"inLanguage":"de"},{"@type":"WebPage","@id":"https:\/\/www.krafthand.de\/truck\/artikel\/elektrisch-gut-unterrichtet-die-zusatzausbildung-bei-der-paul-academy-40363\/","url":"https:\/\/www.krafthand.de\/truck\/artikel\/elektrisch-gut-unterrichtet-die-zusatzausbildung-bei-der-paul-academy-40363\/","name":"Die Paul Academy I PIN21 I Robert Kiessling I Krafthand Truck","isPartOf":{"@id":"https:\/\/www.krafthand.de\/truck\/#website"},"primaryImageOfPage":{"@id":"https:\/\/www.krafthand.de\/truck\/artikel\/elektrisch-gut-unterrichtet-die-zusatzausbildung-bei-der-paul-academy-40363\/#primaryimage"},"image":{"@id":"https:\/\/www.krafthand.de\/truck\/artikel\/elektrisch-gut-unterrichtet-die-zusatzausbildung-bei-der-paul-academy-40363\/#primaryimage"},"thumbnailUrl":"https:\/\/static.krafthand-truck.de\/uploads\/2024\/08\/Paul_Academy_Hochvoltschulungen_E_Lkw_PHEV_BEV_Fortbildung_Lkw_Mechatroniker.jpg","datePublished":"2024-08-05T11:29:49+00:00","dateModified":"2024-08-06T06:18:08+00:00","author":{"@id":"https:\/\/www.krafthand.de\/truck\/#\/schema\/person\/51fa80b1c57034c4bf63f9f988fc24ce"},"description":"Die Paul Nutzfahrzeuge hat eine eigene Schulungs-Akademie ins Leben gerufen. Wir haben uns bei Robert Kiessling \u00fcber die Rahmenbedingungen erkundigt.","breadcrumb":{"@id":"https:\/\/www.krafthand.de\/truck\/artikel\/elektrisch-gut-unterrichtet-die-zusatzausbildung-bei-der-paul-academy-40363\/#breadcrumb"},"inLanguage":"de","potentialAction":[{"@type":"ReadAction","target":["https:\/\/www.krafthand.de\/truck\/artikel\/elektrisch-gut-unterrichtet-die-zusatzausbildung-bei-der-paul-academy-40363\/"]}]},{"@type":"ImageObject","inLanguage":"de","@id":"https:\/\/www.krafthand.de\/truck\/artikel\/elektrisch-gut-unterrichtet-die-zusatzausbildung-bei-der-paul-academy-40363\/#primaryimage","url":"https:\/\/static.krafthand-truck.de\/uploads\/2024\/08\/Paul_Academy_Hochvoltschulungen_E_Lkw_PHEV_BEV_Fortbildung_Lkw_Mechatroniker.jpg","contentUrl":"https:\/\/static.krafthand-truck.de\/uploads\/2024\/08\/Paul_Academy_Hochvoltschulungen_E_Lkw_PHEV_BEV_Fortbildung_Lkw_Mechatroniker.jpg","width":1200,"height":699},{"@type":"BreadcrumbList","@id":"https:\/\/www.krafthand.de\/truck\/artikel\/elektrisch-gut-unterrichtet-die-zusatzausbildung-bei-der-paul-academy-40363\/#breadcrumb","itemListElement":[{"@type":"ListItem","position":1,"name":"Krafthand-Truck","item":"https:\/\/www.krafthand.de\/truck\/"},{"@type":"ListItem","position":2,"name":"IT+Fuhrpark","item":"https:\/\/www.krafthand.de\/truck\/kategorie\/fuhrpark\/"},{"@type":"ListItem","position":3,"name":"Neue Fahrzeuge","item":"https:\/\/www.krafthand.de\/truck\/kategorie\/fuhrpark\/neue-fahrzeuge\/"},{"@type":"ListItem","position":4,"name":"Elektrisch gut unterrichtet!? Die Zusatzausbildung bei der Paul Academy"}]},{"@type":"WebSite","@id":"https:\/\/www.krafthand.de\/truck\/#website","url":"https:\/\/www.krafthand.de\/truck\/","name":"Krafthand-Truck","description":"","potentialAction":[{"@type":"SearchAction","target":{"@type":"EntryPoint","urlTemplate":"https:\/\/www.krafthand.de\/truck\/?s={search_term_string}"},"query-input":{"@type":"PropertyValueSpecification","valueRequired":true,"valueName":"search_term_string"}}],"inLanguage":"de"},{"@type":"Person","@id":"https:\/\/www.krafthand.de\/truck\/#\/schema\/person\/51fa80b1c57034c4bf63f9f988fc24ce","name":"georg.blenk@krafthand-medien.de","image":{"@type":"ImageObject","inLanguage":"de","@id":"https:\/\/secure.gravatar.com\/avatar\/93713c30affe0aa95d3a4130e499bb1abee2eb31adbdd9ce2aa1543538490215?s=96&d=mm&r=g","url":"https:\/\/secure.gravatar.com\/avatar\/93713c30affe0aa95d3a4130e499bb1abee2eb31adbdd9ce2aa1543538490215?s=96&d=mm&r=g","contentUrl":"https:\/\/secure.gravatar.com\/avatar\/93713c30affe0aa95d3a4130e499bb1abee2eb31adbdd9ce2aa1543538490215?s=96&d=mm&r=g","caption":"georg.blenk@krafthand-medien.de"}}]}},"_links":{"self":[{"href":"https:\/\/www.krafthand.de\/truck\/wp-json\/wp\/v2\/posts\/40363","targetHints":{"allow":["GET"]}}],"collection":[{"href":"https:\/\/www.krafthand.de\/truck\/wp-json\/wp\/v2\/posts"}],"about":[{"href":"https:\/\/www.krafthand.de\/truck\/wp-json\/wp\/v2\/types\/post"}],"author":[{"embeddable":true,"href":"https:\/\/www.krafthand.de\/truck\/wp-json\/wp\/v2\/users\/9"}],"replies":[{"embeddable":true,"href":"https:\/\/www.krafthand.de\/truck\/wp-json\/wp\/v2\/comments?post=40363"}],"version-history":[{"count":29,"href":"https:\/\/www.krafthand.de\/truck\/wp-json\/wp\/v2\/posts\/40363\/revisions"}],"predecessor-version":[{"id":40401,"href":"https:\/\/www.krafthand.de\/truck\/wp-json\/wp\/v2\/posts\/40363\/revisions\/40401"}],"wp:featuredmedia":[{"embeddable":true,"href":"https:\/\/www.krafthand.de\/truck\/wp-json\/wp\/v2\/media\/40365"}],"wp:attachment":[{"href":"https:\/\/www.krafthand.de\/truck\/wp-json\/wp\/v2\/media?parent=40363"}],"wp:term":[{"taxonomy":"category","embeddable":true,"href":"https:\/\/www.krafthand.de\/truck\/wp-json\/wp\/v2\/categories?post=40363"},{"taxonomy":"post_tag","embeddable":true,"href":"https:\/\/www.krafthand.de\/truck\/wp-json\/wp\/v2\/tags?post=40363"},{"taxonomy":"settings","embeddable":true,"href":"https:\/\/www.krafthand.de\/truck\/wp-json\/wp\/v2\/settings?post=40363"}],"curies":[{"name":"wp","href":"https:\/\/api.w.org\/{rel}","templated":true}]}}