{"id":40348,"date":"2024-08-05T10:36:49","date_gmt":"2024-08-05T08:36:49","guid":{"rendered":"https:\/\/www.krafthand.de\/truck\/?p=40348"},"modified":"2024-08-05T10:36:49","modified_gmt":"2024-08-05T08:36:49","slug":"eactros-600-test-tour-durch-europa-erfolgreich-beendet","status":"publish","type":"post","link":"https:\/\/www.krafthand.de\/truck\/artikel\/eactros-600-test-tour-durch-europa-erfolgreich-beendet-40348\/","title":{"rendered":"eActros 600: Test-Tour durch Europa erfolgreich beendet"},"content":{"rendered":"<p>Mercedes-Benz Trucks hat nach eigenem Bekunden seine eActros 600 Europa-Tour erfolgreich ins Ziel gebracht. Nach 45-t\u00e4giger vollelektrischer Entwicklungsfahrt durch insgesamt 22 L\u00e4nder sind die zwei seriennahen Prototypen des Mercedes-Benz eActros 600 Ende vergangener Woche mit \u00fcber 15.000 Kilometern mehr auf dem Tacho wieder in W\u00f6rth am Rhein angekommen. Die beiden E-Trucks haben in der Zeit exakt 15.269 bzw. 15.939 Kilometer zur\u00fcckgelegt und den Trip mit jeweils 40 Tonnen Gesamtzuggewicht absolviert. Auf der gesamten Route haben die Entwickler die beiden Fernverkehrs-Lkw ausschlie\u00dflich an \u00f6ffentlichen Ladepunkten geladen.<\/p>\n<h3>N\u00f6rdlichste und s\u00fcdlichste Punkte Europas als Tour-Highlights<\/h3>\n<p>Offizieller Tourstart war am 11. Juni in Frankfurt am Main. Nach ihrer Reise in Richtung Norden durch Deutschland, D\u00e4nemark und Schweden, haben die beiden Trucks p\u00fcnktlich zu Mittsommer das erste gro\u00dfe Etappen-Highlight erreicht: das Nordkap in Norwegen, den n\u00f6rdlichsten auf dem Stra\u00dfenweg erreichbaren Punkt Europas. Ab Ende Juni ging es f\u00fcr den Konvoi weiter in Richtung S\u00fcden durch Finnland, Estland, Lettland, Litauen, Polen, Tschechien, \u00d6sterreich, Slowakei, Ungarn, Kroatien, Slowenien, Italien, Frankreich und Spanien. Nach einem Stopp im spanischen Tarifa, dem s\u00fcdlichsten Ort auf dem europ\u00e4ischen Festland als n\u00e4chstes gro\u00dfes Tour-Highlight, f\u00fchrte die Reise erneut in Richtung Norden \u2013 durch Portugal, Frankreich, Belgien, Niederlande und Luxemburg zur\u00fcck nach Deutschland.<\/p>\n<h3>Erfahrungen mit Blick auf den Energieverbrauch<\/h3>\n<p>Mercedes-Benz Trucks wollte mit der \u201eeActros 600 European Testing Tour 2024\u201c umfangreiche Erfahrungen auf den unterschiedlichsten Strecken in verschiedenen Topografien und Klimazonen mit Blick auf den Energieverbrauch sammeln. Diese Erkenntnisse will der Hersteller anschlie\u00dfend mit interessierten Kunden teilen. Die hohe Batteriekapazit\u00e4t von \u00fcber 600 Kilowattstunden sowie eine neue, besonders effiziente elektrische Antriebsachse aus eigener Entwicklung, erm\u00f6glichen eigenen Angaben zufolge eine Reichweite des eActros 600 von 500 Kilometern ohne Zwischenladen.<\/p>\n","protected":false},"excerpt":{"rendered":"<p>Mercedes-Benz Trucks hat nach eigenem Bekunden seine eActros 600 Europa-Tour erfolgreich ins Ziel gebracht. Nach 45-t\u00e4giger vollelektrischer Entwicklungsfahrt durch insgesamt 22 L\u00e4nder sind die zwei seriennahen Prototypen des Mercedes-Benz eActros 600 Ende vergangener Woche mit \u00fcber 15.000 Kilometern mehr auf dem Tacho wieder in W\u00f6rth am Rhein angekommen. <span class=\"excerpt-more__dots\">&#8230;<\/span> <a class=\"excerpt-more__link\" href=\"https:\/\/www.krafthand.de\/truck\/artikel\/eactros-600-test-tour-durch-europa-erfolgreich-beendet-40348\/\" >weiter<\/a><\/p>\n","protected":false},"author":9,"featured_media":40350,"comment_status":"closed","ping_status":"closed","sticky":false,"template":"","format":"standard","meta":{"footnotes":""},"categories":[4224,4915],"tags":[4177,5730],"settings":[3524,4766,3523],"class_list":["post-40348","post","type-post","status-publish","format-standard","has-post-thumbnail","hentry","category-e-antrieb","category-neue-fahrzeuge","tag-e-lkw","tag-eactros-600"],"yoast_head":"<!-- This site is optimized with the Yoast SEO plugin v27.3 - https:\/\/yoast.com\/product\/yoast-seo-wordpress\/ -->\n<title>eActros 600: Test-Tour durch Europa erfolgreich beendet - Krafthand-Truck<\/title>\n<meta name=\"description\" content=\"Mercedes-Benz Trucks hat nach eigenem Bekunden seine eActros 600 Europa-Tour erfolgreich ins Ziel gebracht.\" \/>\n<meta name=\"robots\" content=\"index, follow, max-snippet:-1, max-image-preview:large, max-video-preview:-1\" \/>\n<link rel=\"canonical\" href=\"https:\/\/www.krafthand.de\/truck\/artikel\/eactros-600-test-tour-durch-europa-erfolgreich-beendet-40348\/\" \/>\n<meta property=\"og:locale\" content=\"de_DE\" \/>\n<meta property=\"og:type\" content=\"article\" \/>\n<meta property=\"og:title\" content=\"eActros 600: Test-Tour durch Europa erfolgreich beendet - Krafthand-Truck\" \/>\n<meta property=\"og:description\" content=\"Mercedes-Benz Trucks hat nach eigenem Bekunden seine eActros 600 Europa-Tour erfolgreich ins Ziel gebracht.\" \/>\n<meta property=\"og:url\" content=\"https:\/\/www.krafthand-truck.de\/artikel\/eactros-600-test-tour-durch-europa-erfolgreich-beendet-40348\/\" \/>\n<meta property=\"og:site_name\" content=\"Krafthand-Truck\" \/>\n<meta property=\"article:published_time\" content=\"2024-08-05T08:36:49+00:00\" \/>\n<meta property=\"og:image\" content=\"https:\/\/static.krafthand-truck.de\/uploads\/2024\/08\/Mercedes_Benz_eActros600_Europatour.jpg\" \/>\n\t<meta property=\"og:image:width\" content=\"1200\" \/>\n\t<meta property=\"og:image:height\" content=\"675\" \/>\n\t<meta property=\"og:image:type\" content=\"image\/jpeg\" \/>\n<meta name=\"author\" content=\"georg.blenk@krafthand-medien.de\" \/>\n<meta name=\"twitter:card\" content=\"summary_large_image\" \/>\n<meta name=\"twitter:label1\" content=\"Verfasst von\" \/>\n\t<meta name=\"twitter:data1\" content=\"georg.blenk@krafthand-medien.de\" \/>\n\t<meta name=\"twitter:label2\" content=\"Gesch\u00e4tzte Lesezeit\" \/>\n\t<meta name=\"twitter:data2\" content=\"2\u00a0Minuten\" \/>\n<script type=\"application\/ld+json\" class=\"yoast-schema-graph\">{\"@context\":\"https:\\\/\\\/schema.org\",\"@graph\":[{\"@type\":\"Article\",\"@id\":\"https:\\\/\\\/www.krafthand.de\\\/truck\\\/artikel\\\/eactros-600-test-tour-durch-europa-erfolgreich-beendet-40348\\\/#article\",\"isPartOf\":{\"@id\":\"https:\\\/\\\/www.krafthand.de\\\/truck\\\/artikel\\\/eactros-600-test-tour-durch-europa-erfolgreich-beendet-40348\\\/\"},\"author\":{\"name\":\"georg.blenk@krafthand-medien.de\",\"@id\":\"https:\\\/\\\/www.krafthand.de\\\/truck\\\/#\\\/schema\\\/person\\\/51fa80b1c57034c4bf63f9f988fc24ce\"},\"headline\":\"eActros 600: Test-Tour durch Europa erfolgreich beendet\",\"datePublished\":\"2024-08-05T08:36:49+00:00\",\"mainEntityOfPage\":{\"@id\":\"https:\\\/\\\/www.krafthand.de\\\/truck\\\/artikel\\\/eactros-600-test-tour-durch-europa-erfolgreich-beendet-40348\\\/\"},\"wordCount\":290,\"image\":{\"@id\":\"https:\\\/\\\/www.krafthand.de\\\/truck\\\/artikel\\\/eactros-600-test-tour-durch-europa-erfolgreich-beendet-40348\\\/#primaryimage\"},\"thumbnailUrl\":\"https:\\\/\\\/static.krafthand-truck.de\\\/uploads\\\/2024\\\/08\\\/Mercedes_Benz_eActros600_Europatour.jpg\",\"keywords\":[\"E-Lkw\",\"eActros 600\"],\"articleSection\":[\"E-Antrieb (BEV\\\/FCEV)\",\"Neue Fahrzeuge\"],\"inLanguage\":\"de\"},{\"@type\":\"WebPage\",\"@id\":\"https:\\\/\\\/www.krafthand.de\\\/truck\\\/artikel\\\/eactros-600-test-tour-durch-europa-erfolgreich-beendet-40348\\\/\",\"url\":\"https:\\\/\\\/www.krafthand.de\\\/truck\\\/artikel\\\/eactros-600-test-tour-durch-europa-erfolgreich-beendet-40348\\\/\",\"name\":\"eActros 600: Test-Tour durch Europa erfolgreich beendet - Krafthand-Truck\",\"isPartOf\":{\"@id\":\"https:\\\/\\\/www.krafthand.de\\\/truck\\\/#website\"},\"primaryImageOfPage\":{\"@id\":\"https:\\\/\\\/www.krafthand.de\\\/truck\\\/artikel\\\/eactros-600-test-tour-durch-europa-erfolgreich-beendet-40348\\\/#primaryimage\"},\"image\":{\"@id\":\"https:\\\/\\\/www.krafthand.de\\\/truck\\\/artikel\\\/eactros-600-test-tour-durch-europa-erfolgreich-beendet-40348\\\/#primaryimage\"},\"thumbnailUrl\":\"https:\\\/\\\/static.krafthand-truck.de\\\/uploads\\\/2024\\\/08\\\/Mercedes_Benz_eActros600_Europatour.jpg\",\"datePublished\":\"2024-08-05T08:36:49+00:00\",\"author\":{\"@id\":\"https:\\\/\\\/www.krafthand.de\\\/truck\\\/#\\\/schema\\\/person\\\/51fa80b1c57034c4bf63f9f988fc24ce\"},\"description\":\"Mercedes-Benz Trucks hat nach eigenem Bekunden seine eActros 600 Europa-Tour erfolgreich ins Ziel gebracht.\",\"breadcrumb\":{\"@id\":\"https:\\\/\\\/www.krafthand.de\\\/truck\\\/artikel\\\/eactros-600-test-tour-durch-europa-erfolgreich-beendet-40348\\\/#breadcrumb\"},\"inLanguage\":\"de\",\"potentialAction\":[{\"@type\":\"ReadAction\",\"target\":[\"https:\\\/\\\/www.krafthand.de\\\/truck\\\/artikel\\\/eactros-600-test-tour-durch-europa-erfolgreich-beendet-40348\\\/\"]}]},{\"@type\":\"ImageObject\",\"inLanguage\":\"de\",\"@id\":\"https:\\\/\\\/www.krafthand.de\\\/truck\\\/artikel\\\/eactros-600-test-tour-durch-europa-erfolgreich-beendet-40348\\\/#primaryimage\",\"url\":\"https:\\\/\\\/static.krafthand-truck.de\\\/uploads\\\/2024\\\/08\\\/Mercedes_Benz_eActros600_Europatour.jpg\",\"contentUrl\":\"https:\\\/\\\/static.krafthand-truck.de\\\/uploads\\\/2024\\\/08\\\/Mercedes_Benz_eActros600_Europatour.jpg\",\"width\":1200,\"height\":675},{\"@type\":\"BreadcrumbList\",\"@id\":\"https:\\\/\\\/www.krafthand.de\\\/truck\\\/artikel\\\/eactros-600-test-tour-durch-europa-erfolgreich-beendet-40348\\\/#breadcrumb\",\"itemListElement\":[{\"@type\":\"ListItem\",\"position\":1,\"name\":\"Krafthand-Truck\",\"item\":\"https:\\\/\\\/www.krafthand.de\\\/truck\\\/\"},{\"@type\":\"ListItem\",\"position\":2,\"name\":\"IT+Fuhrpark\",\"item\":\"https:\\\/\\\/www.krafthand.de\\\/truck\\\/kategorie\\\/fuhrpark\\\/\"},{\"@type\":\"ListItem\",\"position\":3,\"name\":\"Neue Fahrzeuge\",\"item\":\"https:\\\/\\\/www.krafthand.de\\\/truck\\\/kategorie\\\/fuhrpark\\\/neue-fahrzeuge\\\/\"},{\"@type\":\"ListItem\",\"position\":4,\"name\":\"eActros 600: Test-Tour durch Europa erfolgreich beendet\"}]},{\"@type\":\"WebSite\",\"@id\":\"https:\\\/\\\/www.krafthand.de\\\/truck\\\/#website\",\"url\":\"https:\\\/\\\/www.krafthand.de\\\/truck\\\/\",\"name\":\"Krafthand-Truck\",\"description\":\"\",\"potentialAction\":[{\"@type\":\"SearchAction\",\"target\":{\"@type\":\"EntryPoint\",\"urlTemplate\":\"https:\\\/\\\/www.krafthand.de\\\/truck\\\/?s={search_term_string}\"},\"query-input\":{\"@type\":\"PropertyValueSpecification\",\"valueRequired\":true,\"valueName\":\"search_term_string\"}}],\"inLanguage\":\"de\"},{\"@type\":\"Person\",\"@id\":\"https:\\\/\\\/www.krafthand.de\\\/truck\\\/#\\\/schema\\\/person\\\/51fa80b1c57034c4bf63f9f988fc24ce\",\"name\":\"georg.blenk@krafthand-medien.de\",\"image\":{\"@type\":\"ImageObject\",\"inLanguage\":\"de\",\"@id\":\"https:\\\/\\\/secure.gravatar.com\\\/avatar\\\/93713c30affe0aa95d3a4130e499bb1abee2eb31adbdd9ce2aa1543538490215?s=96&d=mm&r=g\",\"url\":\"https:\\\/\\\/secure.gravatar.com\\\/avatar\\\/93713c30affe0aa95d3a4130e499bb1abee2eb31adbdd9ce2aa1543538490215?s=96&d=mm&r=g\",\"contentUrl\":\"https:\\\/\\\/secure.gravatar.com\\\/avatar\\\/93713c30affe0aa95d3a4130e499bb1abee2eb31adbdd9ce2aa1543538490215?s=96&d=mm&r=g\",\"caption\":\"georg.blenk@krafthand-medien.de\"}}]}<\/script>\n<!-- \/ Yoast SEO plugin. -->","yoast_head_json":{"title":"eActros 600: Test-Tour durch Europa erfolgreich beendet - Krafthand-Truck","description":"Mercedes-Benz Trucks hat nach eigenem Bekunden seine eActros 600 Europa-Tour erfolgreich ins Ziel gebracht.","robots":{"index":"index","follow":"follow","max-snippet":"max-snippet:-1","max-image-preview":"max-image-preview:large","max-video-preview":"max-video-preview:-1"},"canonical":"https:\/\/www.krafthand.de\/truck\/artikel\/eactros-600-test-tour-durch-europa-erfolgreich-beendet-40348\/","og_locale":"de_DE","og_type":"article","og_title":"eActros 600: Test-Tour durch Europa erfolgreich beendet - Krafthand-Truck","og_description":"Mercedes-Benz Trucks hat nach eigenem Bekunden seine eActros 600 Europa-Tour erfolgreich ins Ziel gebracht.","og_url":"https:\/\/www.krafthand-truck.de\/artikel\/eactros-600-test-tour-durch-europa-erfolgreich-beendet-40348\/","og_site_name":"Krafthand-Truck","article_published_time":"2024-08-05T08:36:49+00:00","og_image":[{"width":1200,"height":675,"url":"https:\/\/static.krafthand-truck.de\/uploads\/2024\/08\/Mercedes_Benz_eActros600_Europatour.jpg","type":"image\/jpeg"}],"author":"georg.blenk@krafthand-medien.de","twitter_card":"summary_large_image","twitter_misc":{"Verfasst von":"georg.blenk@krafthand-medien.de","Gesch\u00e4tzte Lesezeit":"2\u00a0Minuten"},"schema":{"@context":"https:\/\/schema.org","@graph":[{"@type":"Article","@id":"https:\/\/www.krafthand.de\/truck\/artikel\/eactros-600-test-tour-durch-europa-erfolgreich-beendet-40348\/#article","isPartOf":{"@id":"https:\/\/www.krafthand.de\/truck\/artikel\/eactros-600-test-tour-durch-europa-erfolgreich-beendet-40348\/"},"author":{"name":"georg.blenk@krafthand-medien.de","@id":"https:\/\/www.krafthand.de\/truck\/#\/schema\/person\/51fa80b1c57034c4bf63f9f988fc24ce"},"headline":"eActros 600: Test-Tour durch Europa erfolgreich beendet","datePublished":"2024-08-05T08:36:49+00:00","mainEntityOfPage":{"@id":"https:\/\/www.krafthand.de\/truck\/artikel\/eactros-600-test-tour-durch-europa-erfolgreich-beendet-40348\/"},"wordCount":290,"image":{"@id":"https:\/\/www.krafthand.de\/truck\/artikel\/eactros-600-test-tour-durch-europa-erfolgreich-beendet-40348\/#primaryimage"},"thumbnailUrl":"https:\/\/static.krafthand-truck.de\/uploads\/2024\/08\/Mercedes_Benz_eActros600_Europatour.jpg","keywords":["E-Lkw","eActros 600"],"articleSection":["E-Antrieb (BEV\/FCEV)","Neue Fahrzeuge"],"inLanguage":"de"},{"@type":"WebPage","@id":"https:\/\/www.krafthand.de\/truck\/artikel\/eactros-600-test-tour-durch-europa-erfolgreich-beendet-40348\/","url":"https:\/\/www.krafthand.de\/truck\/artikel\/eactros-600-test-tour-durch-europa-erfolgreich-beendet-40348\/","name":"eActros 600: Test-Tour durch Europa erfolgreich beendet - Krafthand-Truck","isPartOf":{"@id":"https:\/\/www.krafthand.de\/truck\/#website"},"primaryImageOfPage":{"@id":"https:\/\/www.krafthand.de\/truck\/artikel\/eactros-600-test-tour-durch-europa-erfolgreich-beendet-40348\/#primaryimage"},"image":{"@id":"https:\/\/www.krafthand.de\/truck\/artikel\/eactros-600-test-tour-durch-europa-erfolgreich-beendet-40348\/#primaryimage"},"thumbnailUrl":"https:\/\/static.krafthand-truck.de\/uploads\/2024\/08\/Mercedes_Benz_eActros600_Europatour.jpg","datePublished":"2024-08-05T08:36:49+00:00","author":{"@id":"https:\/\/www.krafthand.de\/truck\/#\/schema\/person\/51fa80b1c57034c4bf63f9f988fc24ce"},"description":"Mercedes-Benz Trucks hat nach eigenem Bekunden seine eActros 600 Europa-Tour erfolgreich ins Ziel gebracht.","breadcrumb":{"@id":"https:\/\/www.krafthand.de\/truck\/artikel\/eactros-600-test-tour-durch-europa-erfolgreich-beendet-40348\/#breadcrumb"},"inLanguage":"de","potentialAction":[{"@type":"ReadAction","target":["https:\/\/www.krafthand.de\/truck\/artikel\/eactros-600-test-tour-durch-europa-erfolgreich-beendet-40348\/"]}]},{"@type":"ImageObject","inLanguage":"de","@id":"https:\/\/www.krafthand.de\/truck\/artikel\/eactros-600-test-tour-durch-europa-erfolgreich-beendet-40348\/#primaryimage","url":"https:\/\/static.krafthand-truck.de\/uploads\/2024\/08\/Mercedes_Benz_eActros600_Europatour.jpg","contentUrl":"https:\/\/static.krafthand-truck.de\/uploads\/2024\/08\/Mercedes_Benz_eActros600_Europatour.jpg","width":1200,"height":675},{"@type":"BreadcrumbList","@id":"https:\/\/www.krafthand.de\/truck\/artikel\/eactros-600-test-tour-durch-europa-erfolgreich-beendet-40348\/#breadcrumb","itemListElement":[{"@type":"ListItem","position":1,"name":"Krafthand-Truck","item":"https:\/\/www.krafthand.de\/truck\/"},{"@type":"ListItem","position":2,"name":"IT+Fuhrpark","item":"https:\/\/www.krafthand.de\/truck\/kategorie\/fuhrpark\/"},{"@type":"ListItem","position":3,"name":"Neue Fahrzeuge","item":"https:\/\/www.krafthand.de\/truck\/kategorie\/fuhrpark\/neue-fahrzeuge\/"},{"@type":"ListItem","position":4,"name":"eActros 600: Test-Tour durch Europa erfolgreich beendet"}]},{"@type":"WebSite","@id":"https:\/\/www.krafthand.de\/truck\/#website","url":"https:\/\/www.krafthand.de\/truck\/","name":"Krafthand-Truck","description":"","potentialAction":[{"@type":"SearchAction","target":{"@type":"EntryPoint","urlTemplate":"https:\/\/www.krafthand.de\/truck\/?s={search_term_string}"},"query-input":{"@type":"PropertyValueSpecification","valueRequired":true,"valueName":"search_term_string"}}],"inLanguage":"de"},{"@type":"Person","@id":"https:\/\/www.krafthand.de\/truck\/#\/schema\/person\/51fa80b1c57034c4bf63f9f988fc24ce","name":"georg.blenk@krafthand-medien.de","image":{"@type":"ImageObject","inLanguage":"de","@id":"https:\/\/secure.gravatar.com\/avatar\/93713c30affe0aa95d3a4130e499bb1abee2eb31adbdd9ce2aa1543538490215?s=96&d=mm&r=g","url":"https:\/\/secure.gravatar.com\/avatar\/93713c30affe0aa95d3a4130e499bb1abee2eb31adbdd9ce2aa1543538490215?s=96&d=mm&r=g","contentUrl":"https:\/\/secure.gravatar.com\/avatar\/93713c30affe0aa95d3a4130e499bb1abee2eb31adbdd9ce2aa1543538490215?s=96&d=mm&r=g","caption":"georg.blenk@krafthand-medien.de"}}]}},"_links":{"self":[{"href":"https:\/\/www.krafthand.de\/truck\/wp-json\/wp\/v2\/posts\/40348","targetHints":{"allow":["GET"]}}],"collection":[{"href":"https:\/\/www.krafthand.de\/truck\/wp-json\/wp\/v2\/posts"}],"about":[{"href":"https:\/\/www.krafthand.de\/truck\/wp-json\/wp\/v2\/types\/post"}],"author":[{"embeddable":true,"href":"https:\/\/www.krafthand.de\/truck\/wp-json\/wp\/v2\/users\/9"}],"replies":[{"embeddable":true,"href":"https:\/\/www.krafthand.de\/truck\/wp-json\/wp\/v2\/comments?post=40348"}],"version-history":[{"count":3,"href":"https:\/\/www.krafthand.de\/truck\/wp-json\/wp\/v2\/posts\/40348\/revisions"}],"predecessor-version":[{"id":40352,"href":"https:\/\/www.krafthand.de\/truck\/wp-json\/wp\/v2\/posts\/40348\/revisions\/40352"}],"wp:featuredmedia":[{"embeddable":true,"href":"https:\/\/www.krafthand.de\/truck\/wp-json\/wp\/v2\/media\/40350"}],"wp:attachment":[{"href":"https:\/\/www.krafthand.de\/truck\/wp-json\/wp\/v2\/media?parent=40348"}],"wp:term":[{"taxonomy":"category","embeddable":true,"href":"https:\/\/www.krafthand.de\/truck\/wp-json\/wp\/v2\/categories?post=40348"},{"taxonomy":"post_tag","embeddable":true,"href":"https:\/\/www.krafthand.de\/truck\/wp-json\/wp\/v2\/tags?post=40348"},{"taxonomy":"settings","embeddable":true,"href":"https:\/\/www.krafthand.de\/truck\/wp-json\/wp\/v2\/settings?post=40348"}],"curies":[{"name":"wp","href":"https:\/\/api.w.org\/{rel}","templated":true}]}}