{"id":40336,"date":"2024-08-05T09:45:57","date_gmt":"2024-08-05T07:45:57","guid":{"rendered":"https:\/\/www.krafthand.de\/truck\/?p=40336"},"modified":"2024-08-05T10:28:16","modified_gmt":"2024-08-05T08:28:16","slug":"nfz-luftfeder-von-continental-jetzt-auch-fuer-den-aftermarket","status":"publish","type":"post","link":"https:\/\/www.krafthand.de\/truck\/artikel\/nfz-luftfeder-von-continental-jetzt-auch-fuer-den-aftermarket-40336\/","title":{"rendered":"Nfz-Luftfedern von Continental jetzt auch f\u00fcr den Aftermarket"},"content":{"rendered":"<p>Continental pr\u00e4sentiert auf der Automechanika in Frankfurt (10. bis zum 14. September) neue N7-Luftfedersysteme f\u00fcr den Nfz-Aftermarket. Die Luftfedern sind die baugleiche Ersatzteilvariante der &#8218;Tough RuNR&#8216;, die seit zwei Jahren in Lkw eines gro\u00dfen europ\u00e4ischen Nutzfahrzeugherstellers ab Werk verbaut werden.<\/p>\n<p>Die Tough-RuNR-Luftfedern haben laut Conti im Serieneinsatz sowohl auf der Kurz-, Mittel- als auch auf Langstrecke weltweit ihre Zuverl\u00e4ssigkeit bewiesen. Jetzt sind sie auch f\u00fcr den Ersatzmarkt erh\u00e4ltlich. Hier entscheidet umso mehr die Langlebigkeit mit Blick auf die TCO (Total Cost of Ownership) \u00fcber die Wettbewerbsf\u00e4higkeit der Produkte. Nfz-Werkst\u00e4tten h\u00e4tten damit ein wirtschaftliches Vergleichsprodukt der Premiummarke <a href=\"https:\/\/www.airspringapp.com\/de\/EMEA\" target=\"_blank\" rel=\"noopener\">Continental<\/a> beziehungsweise ContiTech. In der Erstausr\u00fcstung deckt Continental mit seinem Lieferprogramm mehr als 90 Prozent des Luftfederersatzbedarfs f\u00fcr Modelle europ\u00e4ischer Nutzfahrzeughersteller ab und damit nahezu alle g\u00e4ngigen Truck-Achsanwendungen.<\/p>\n<h3>Breites Temperaturfenster<\/h3>\n<p>Bisher mussten Nutzfahrzeug-Werkst\u00e4tten eine Entscheidung treffen: Sie konnten ihren Kunden Luftfedern aus Naturkautschuk empfehlen, die sehr kalten Klimabedingungen standhalten, oder Luftfedern aus synthetischem Chloropren-Kautschuk, die rauen Umweltbedingungen wie sehr hohen Temperaturen, Ozon, ultraviolettem Licht (UV) oder Chemikalien widerstehen. In den Tough-RuNR- beziehungsweise N7-Luftfedern haben die Materialexperten des Continental-Unternehmensbereichs ContiTech synthetischen Kautschuk durch Naturkautschuk ersetzt, der durch einen besonders leistungsstarken Ethylen-Propylen-Dien-Kautschuk (EPDM) verst\u00e4rkt wird. So soll das Produkt auch unterschiedlichsten klimatischen Bedingungen trotzen. Damit sind diese Luftfedern interessant f\u00fcr Speditionen, deren Trucks auf ihren Touren regelm\u00e4\u00dfig sowohl ungew\u00f6hnlich kalten als auch ungew\u00f6hnlich hei\u00dfen Temperaturen ausgesetzt sind.<\/p>\n<p>Continental ist auf der <a href=\"https:\/\/automechanika.messefrankfurt.com\/frankfurt\/de.html\" target=\"_blank\" rel=\"noopener\">Automechanika<\/a> im Forum 0, Stand A03 zu finden.<\/p>\n<p><i>Den Beitrag finden Sie auch in der Print-Ausgabe 3-2024 der <a href=\"https:\/\/www.krafthand.de\/truck\/magazin\/\" title=\"Zum Magazin\">Krafthand-Truck<\/a>.<\/i><\/p>","protected":false},"excerpt":{"rendered":"<p>Continental pr\u00e4sentiert auf der Automechanika in Frankfurt (10. bis zum 14. September) neue N7-Luftfedersysteme f\u00fcr den Nfz-Aftermarket. Die Luftfedern sind die baugleiche Ersatzteilvariante der &#8218;Tough RuNR&#8216;, die seit zwei Jahren in Lkw eines gro\u00dfen europ\u00e4ischen Nutzfahrzeugherstellers ab Werk verbaut werden. <span class=\"excerpt-more__dots\">&#8230;<\/span> <a class=\"excerpt-more__link\" href=\"https:\/\/www.krafthand.de\/truck\/artikel\/nfz-luftfeder-von-continental-jetzt-auch-fuer-den-aftermarket-40336\/\" >weiter<\/a><\/p>\n","protected":false},"author":9,"featured_media":40344,"comment_status":"closed","ping_status":"closed","sticky":false,"template":"","format":"standard","meta":{"footnotes":""},"categories":[4912,4226],"tags":[98,2507,5499],"settings":[4766,3523],"class_list":["post-40336","post","type-post","status-publish","format-standard","has-post-thumbnail","hentry","category-ersatzteile-zubehoer","category-fahrwerk","tag-continental","tag-contitech","tag-luftfedern"],"yoast_head":"<!-- This site is optimized with the Yoast SEO plugin v27.3 - https:\/\/yoast.com\/product\/yoast-seo-wordpress\/ -->\n<title>Nfz-Luftfedern von Continental jetzt auch f\u00fcr den Aftermarket - Krafthand-Truck<\/title>\n<meta name=\"description\" content=\"Continental pr\u00e4sentiert auf der Automechanika in Frankfurt neue N7-Luftfedersysteme f\u00fcr den Nfz-Aftermarket.\" \/>\n<meta name=\"robots\" content=\"index, follow, max-snippet:-1, max-image-preview:large, max-video-preview:-1\" \/>\n<link rel=\"canonical\" href=\"https:\/\/www.krafthand.de\/truck\/artikel\/nfz-luftfeder-von-continental-jetzt-auch-fuer-den-aftermarket-40336\/\" \/>\n<meta property=\"og:locale\" content=\"de_DE\" \/>\n<meta property=\"og:type\" content=\"article\" \/>\n<meta property=\"og:title\" content=\"Nfz-Luftfedern von Continental jetzt auch f\u00fcr den Aftermarket - Krafthand-Truck\" \/>\n<meta property=\"og:description\" content=\"Continental pr\u00e4sentiert auf der Automechanika in Frankfurt neue N7-Luftfedersysteme f\u00fcr den Nfz-Aftermarket.\" \/>\n<meta property=\"og:url\" content=\"https:\/\/www.krafthand-truck.de\/artikel\/nfz-luftfeder-von-continental-jetzt-auch-fuer-den-aftermarket-40336\/\" \/>\n<meta property=\"og:site_name\" content=\"Krafthand-Truck\" \/>\n<meta property=\"article:published_time\" content=\"2024-08-05T07:45:57+00:00\" \/>\n<meta property=\"article:modified_time\" content=\"2024-08-05T08:28:16+00:00\" \/>\n<meta property=\"og:image\" content=\"https:\/\/static.krafthand-truck.de\/uploads\/2024\/08\/Continental_N7_Luftfedern_Lkw_Aftermarket.jpg\" \/>\n\t<meta property=\"og:image:width\" content=\"1200\" \/>\n\t<meta property=\"og:image:height\" content=\"866\" \/>\n\t<meta property=\"og:image:type\" content=\"image\/jpeg\" \/>\n<meta name=\"author\" content=\"georg.blenk@krafthand-medien.de\" \/>\n<meta name=\"twitter:card\" content=\"summary_large_image\" \/>\n<meta name=\"twitter:label1\" content=\"Verfasst von\" \/>\n\t<meta name=\"twitter:data1\" content=\"georg.blenk@krafthand-medien.de\" \/>\n\t<meta name=\"twitter:label2\" content=\"Gesch\u00e4tzte Lesezeit\" \/>\n\t<meta name=\"twitter:data2\" content=\"2\u00a0Minuten\" \/>\n<script type=\"application\/ld+json\" class=\"yoast-schema-graph\">{\"@context\":\"https:\\\/\\\/schema.org\",\"@graph\":[{\"@type\":\"Article\",\"@id\":\"https:\\\/\\\/www.krafthand.de\\\/truck\\\/artikel\\\/nfz-luftfeder-von-continental-jetzt-auch-fuer-den-aftermarket-40336\\\/#article\",\"isPartOf\":{\"@id\":\"https:\\\/\\\/www.krafthand.de\\\/truck\\\/artikel\\\/nfz-luftfeder-von-continental-jetzt-auch-fuer-den-aftermarket-40336\\\/\"},\"author\":{\"name\":\"georg.blenk@krafthand-medien.de\",\"@id\":\"https:\\\/\\\/www.krafthand.de\\\/truck\\\/#\\\/schema\\\/person\\\/51fa80b1c57034c4bf63f9f988fc24ce\"},\"headline\":\"Nfz-Luftfedern von Continental jetzt auch f\u00fcr den Aftermarket\",\"datePublished\":\"2024-08-05T07:45:57+00:00\",\"dateModified\":\"2024-08-05T08:28:16+00:00\",\"mainEntityOfPage\":{\"@id\":\"https:\\\/\\\/www.krafthand.de\\\/truck\\\/artikel\\\/nfz-luftfeder-von-continental-jetzt-auch-fuer-den-aftermarket-40336\\\/\"},\"wordCount\":261,\"image\":{\"@id\":\"https:\\\/\\\/www.krafthand.de\\\/truck\\\/artikel\\\/nfz-luftfeder-von-continental-jetzt-auch-fuer-den-aftermarket-40336\\\/#primaryimage\"},\"thumbnailUrl\":\"https:\\\/\\\/static.krafthand-truck.de\\\/uploads\\\/2024\\\/08\\\/Continental_N7_Luftfedern_Lkw_Aftermarket.jpg\",\"keywords\":[\"Continental\",\"Contitech\",\"Luftfedern\"],\"articleSection\":[\"Ersatzteile\\\/Zubeh\u00f6r\",\"Fahrwerk\\\/D\u00e4mpfung\"],\"inLanguage\":\"de\"},{\"@type\":\"WebPage\",\"@id\":\"https:\\\/\\\/www.krafthand.de\\\/truck\\\/artikel\\\/nfz-luftfeder-von-continental-jetzt-auch-fuer-den-aftermarket-40336\\\/\",\"url\":\"https:\\\/\\\/www.krafthand.de\\\/truck\\\/artikel\\\/nfz-luftfeder-von-continental-jetzt-auch-fuer-den-aftermarket-40336\\\/\",\"name\":\"Nfz-Luftfedern von Continental jetzt auch f\u00fcr den Aftermarket - Krafthand-Truck\",\"isPartOf\":{\"@id\":\"https:\\\/\\\/www.krafthand.de\\\/truck\\\/#website\"},\"primaryImageOfPage\":{\"@id\":\"https:\\\/\\\/www.krafthand.de\\\/truck\\\/artikel\\\/nfz-luftfeder-von-continental-jetzt-auch-fuer-den-aftermarket-40336\\\/#primaryimage\"},\"image\":{\"@id\":\"https:\\\/\\\/www.krafthand.de\\\/truck\\\/artikel\\\/nfz-luftfeder-von-continental-jetzt-auch-fuer-den-aftermarket-40336\\\/#primaryimage\"},\"thumbnailUrl\":\"https:\\\/\\\/static.krafthand-truck.de\\\/uploads\\\/2024\\\/08\\\/Continental_N7_Luftfedern_Lkw_Aftermarket.jpg\",\"datePublished\":\"2024-08-05T07:45:57+00:00\",\"dateModified\":\"2024-08-05T08:28:16+00:00\",\"author\":{\"@id\":\"https:\\\/\\\/www.krafthand.de\\\/truck\\\/#\\\/schema\\\/person\\\/51fa80b1c57034c4bf63f9f988fc24ce\"},\"description\":\"Continental pr\u00e4sentiert auf der Automechanika in Frankfurt neue N7-Luftfedersysteme f\u00fcr den Nfz-Aftermarket.\",\"breadcrumb\":{\"@id\":\"https:\\\/\\\/www.krafthand.de\\\/truck\\\/artikel\\\/nfz-luftfeder-von-continental-jetzt-auch-fuer-den-aftermarket-40336\\\/#breadcrumb\"},\"inLanguage\":\"de\",\"potentialAction\":[{\"@type\":\"ReadAction\",\"target\":[\"https:\\\/\\\/www.krafthand.de\\\/truck\\\/artikel\\\/nfz-luftfeder-von-continental-jetzt-auch-fuer-den-aftermarket-40336\\\/\"]}]},{\"@type\":\"ImageObject\",\"inLanguage\":\"de\",\"@id\":\"https:\\\/\\\/www.krafthand.de\\\/truck\\\/artikel\\\/nfz-luftfeder-von-continental-jetzt-auch-fuer-den-aftermarket-40336\\\/#primaryimage\",\"url\":\"https:\\\/\\\/static.krafthand-truck.de\\\/uploads\\\/2024\\\/08\\\/Continental_N7_Luftfedern_Lkw_Aftermarket.jpg\",\"contentUrl\":\"https:\\\/\\\/static.krafthand-truck.de\\\/uploads\\\/2024\\\/08\\\/Continental_N7_Luftfedern_Lkw_Aftermarket.jpg\",\"width\":1200,\"height\":866},{\"@type\":\"BreadcrumbList\",\"@id\":\"https:\\\/\\\/www.krafthand.de\\\/truck\\\/artikel\\\/nfz-luftfeder-von-continental-jetzt-auch-fuer-den-aftermarket-40336\\\/#breadcrumb\",\"itemListElement\":[{\"@type\":\"ListItem\",\"position\":1,\"name\":\"Krafthand-Truck\",\"item\":\"https:\\\/\\\/www.krafthand.de\\\/truck\\\/\"},{\"@type\":\"ListItem\",\"position\":2,\"name\":\"Nfz-Service\",\"item\":\"https:\\\/\\\/www.krafthand.de\\\/truck\\\/kategorie\\\/nfz-service\\\/\"},{\"@type\":\"ListItem\",\"position\":3,\"name\":\"Ersatzteile\\\/Zubeh\u00f6r\",\"item\":\"https:\\\/\\\/www.krafthand.de\\\/truck\\\/kategorie\\\/nfz-service\\\/ersatzteile-zubehoer\\\/\"},{\"@type\":\"ListItem\",\"position\":4,\"name\":\"Nfz-Luftfedern von Continental jetzt auch f\u00fcr den Aftermarket\"}]},{\"@type\":\"WebSite\",\"@id\":\"https:\\\/\\\/www.krafthand.de\\\/truck\\\/#website\",\"url\":\"https:\\\/\\\/www.krafthand.de\\\/truck\\\/\",\"name\":\"Krafthand-Truck\",\"description\":\"\",\"potentialAction\":[{\"@type\":\"SearchAction\",\"target\":{\"@type\":\"EntryPoint\",\"urlTemplate\":\"https:\\\/\\\/www.krafthand.de\\\/truck\\\/?s={search_term_string}\"},\"query-input\":{\"@type\":\"PropertyValueSpecification\",\"valueRequired\":true,\"valueName\":\"search_term_string\"}}],\"inLanguage\":\"de\"},{\"@type\":\"Person\",\"@id\":\"https:\\\/\\\/www.krafthand.de\\\/truck\\\/#\\\/schema\\\/person\\\/51fa80b1c57034c4bf63f9f988fc24ce\",\"name\":\"georg.blenk@krafthand-medien.de\",\"image\":{\"@type\":\"ImageObject\",\"inLanguage\":\"de\",\"@id\":\"https:\\\/\\\/secure.gravatar.com\\\/avatar\\\/93713c30affe0aa95d3a4130e499bb1abee2eb31adbdd9ce2aa1543538490215?s=96&d=mm&r=g\",\"url\":\"https:\\\/\\\/secure.gravatar.com\\\/avatar\\\/93713c30affe0aa95d3a4130e499bb1abee2eb31adbdd9ce2aa1543538490215?s=96&d=mm&r=g\",\"contentUrl\":\"https:\\\/\\\/secure.gravatar.com\\\/avatar\\\/93713c30affe0aa95d3a4130e499bb1abee2eb31adbdd9ce2aa1543538490215?s=96&d=mm&r=g\",\"caption\":\"georg.blenk@krafthand-medien.de\"}}]}<\/script>\n<!-- \/ Yoast SEO plugin. -->","yoast_head_json":{"title":"Nfz-Luftfedern von Continental jetzt auch f\u00fcr den Aftermarket - Krafthand-Truck","description":"Continental pr\u00e4sentiert auf der Automechanika in Frankfurt neue N7-Luftfedersysteme f\u00fcr den Nfz-Aftermarket.","robots":{"index":"index","follow":"follow","max-snippet":"max-snippet:-1","max-image-preview":"max-image-preview:large","max-video-preview":"max-video-preview:-1"},"canonical":"https:\/\/www.krafthand.de\/truck\/artikel\/nfz-luftfeder-von-continental-jetzt-auch-fuer-den-aftermarket-40336\/","og_locale":"de_DE","og_type":"article","og_title":"Nfz-Luftfedern von Continental jetzt auch f\u00fcr den Aftermarket - Krafthand-Truck","og_description":"Continental pr\u00e4sentiert auf der Automechanika in Frankfurt neue N7-Luftfedersysteme f\u00fcr den Nfz-Aftermarket.","og_url":"https:\/\/www.krafthand-truck.de\/artikel\/nfz-luftfeder-von-continental-jetzt-auch-fuer-den-aftermarket-40336\/","og_site_name":"Krafthand-Truck","article_published_time":"2024-08-05T07:45:57+00:00","article_modified_time":"2024-08-05T08:28:16+00:00","og_image":[{"width":1200,"height":866,"url":"https:\/\/static.krafthand-truck.de\/uploads\/2024\/08\/Continental_N7_Luftfedern_Lkw_Aftermarket.jpg","type":"image\/jpeg"}],"author":"georg.blenk@krafthand-medien.de","twitter_card":"summary_large_image","twitter_misc":{"Verfasst von":"georg.blenk@krafthand-medien.de","Gesch\u00e4tzte Lesezeit":"2\u00a0Minuten"},"schema":{"@context":"https:\/\/schema.org","@graph":[{"@type":"Article","@id":"https:\/\/www.krafthand.de\/truck\/artikel\/nfz-luftfeder-von-continental-jetzt-auch-fuer-den-aftermarket-40336\/#article","isPartOf":{"@id":"https:\/\/www.krafthand.de\/truck\/artikel\/nfz-luftfeder-von-continental-jetzt-auch-fuer-den-aftermarket-40336\/"},"author":{"name":"georg.blenk@krafthand-medien.de","@id":"https:\/\/www.krafthand.de\/truck\/#\/schema\/person\/51fa80b1c57034c4bf63f9f988fc24ce"},"headline":"Nfz-Luftfedern von Continental jetzt auch f\u00fcr den Aftermarket","datePublished":"2024-08-05T07:45:57+00:00","dateModified":"2024-08-05T08:28:16+00:00","mainEntityOfPage":{"@id":"https:\/\/www.krafthand.de\/truck\/artikel\/nfz-luftfeder-von-continental-jetzt-auch-fuer-den-aftermarket-40336\/"},"wordCount":261,"image":{"@id":"https:\/\/www.krafthand.de\/truck\/artikel\/nfz-luftfeder-von-continental-jetzt-auch-fuer-den-aftermarket-40336\/#primaryimage"},"thumbnailUrl":"https:\/\/static.krafthand-truck.de\/uploads\/2024\/08\/Continental_N7_Luftfedern_Lkw_Aftermarket.jpg","keywords":["Continental","Contitech","Luftfedern"],"articleSection":["Ersatzteile\/Zubeh\u00f6r","Fahrwerk\/D\u00e4mpfung"],"inLanguage":"de"},{"@type":"WebPage","@id":"https:\/\/www.krafthand.de\/truck\/artikel\/nfz-luftfeder-von-continental-jetzt-auch-fuer-den-aftermarket-40336\/","url":"https:\/\/www.krafthand.de\/truck\/artikel\/nfz-luftfeder-von-continental-jetzt-auch-fuer-den-aftermarket-40336\/","name":"Nfz-Luftfedern von Continental jetzt auch f\u00fcr den Aftermarket - Krafthand-Truck","isPartOf":{"@id":"https:\/\/www.krafthand.de\/truck\/#website"},"primaryImageOfPage":{"@id":"https:\/\/www.krafthand.de\/truck\/artikel\/nfz-luftfeder-von-continental-jetzt-auch-fuer-den-aftermarket-40336\/#primaryimage"},"image":{"@id":"https:\/\/www.krafthand.de\/truck\/artikel\/nfz-luftfeder-von-continental-jetzt-auch-fuer-den-aftermarket-40336\/#primaryimage"},"thumbnailUrl":"https:\/\/static.krafthand-truck.de\/uploads\/2024\/08\/Continental_N7_Luftfedern_Lkw_Aftermarket.jpg","datePublished":"2024-08-05T07:45:57+00:00","dateModified":"2024-08-05T08:28:16+00:00","author":{"@id":"https:\/\/www.krafthand.de\/truck\/#\/schema\/person\/51fa80b1c57034c4bf63f9f988fc24ce"},"description":"Continental pr\u00e4sentiert auf der Automechanika in Frankfurt neue N7-Luftfedersysteme f\u00fcr den Nfz-Aftermarket.","breadcrumb":{"@id":"https:\/\/www.krafthand.de\/truck\/artikel\/nfz-luftfeder-von-continental-jetzt-auch-fuer-den-aftermarket-40336\/#breadcrumb"},"inLanguage":"de","potentialAction":[{"@type":"ReadAction","target":["https:\/\/www.krafthand.de\/truck\/artikel\/nfz-luftfeder-von-continental-jetzt-auch-fuer-den-aftermarket-40336\/"]}]},{"@type":"ImageObject","inLanguage":"de","@id":"https:\/\/www.krafthand.de\/truck\/artikel\/nfz-luftfeder-von-continental-jetzt-auch-fuer-den-aftermarket-40336\/#primaryimage","url":"https:\/\/static.krafthand-truck.de\/uploads\/2024\/08\/Continental_N7_Luftfedern_Lkw_Aftermarket.jpg","contentUrl":"https:\/\/static.krafthand-truck.de\/uploads\/2024\/08\/Continental_N7_Luftfedern_Lkw_Aftermarket.jpg","width":1200,"height":866},{"@type":"BreadcrumbList","@id":"https:\/\/www.krafthand.de\/truck\/artikel\/nfz-luftfeder-von-continental-jetzt-auch-fuer-den-aftermarket-40336\/#breadcrumb","itemListElement":[{"@type":"ListItem","position":1,"name":"Krafthand-Truck","item":"https:\/\/www.krafthand.de\/truck\/"},{"@type":"ListItem","position":2,"name":"Nfz-Service","item":"https:\/\/www.krafthand.de\/truck\/kategorie\/nfz-service\/"},{"@type":"ListItem","position":3,"name":"Ersatzteile\/Zubeh\u00f6r","item":"https:\/\/www.krafthand.de\/truck\/kategorie\/nfz-service\/ersatzteile-zubehoer\/"},{"@type":"ListItem","position":4,"name":"Nfz-Luftfedern von Continental jetzt auch f\u00fcr den Aftermarket"}]},{"@type":"WebSite","@id":"https:\/\/www.krafthand.de\/truck\/#website","url":"https:\/\/www.krafthand.de\/truck\/","name":"Krafthand-Truck","description":"","potentialAction":[{"@type":"SearchAction","target":{"@type":"EntryPoint","urlTemplate":"https:\/\/www.krafthand.de\/truck\/?s={search_term_string}"},"query-input":{"@type":"PropertyValueSpecification","valueRequired":true,"valueName":"search_term_string"}}],"inLanguage":"de"},{"@type":"Person","@id":"https:\/\/www.krafthand.de\/truck\/#\/schema\/person\/51fa80b1c57034c4bf63f9f988fc24ce","name":"georg.blenk@krafthand-medien.de","image":{"@type":"ImageObject","inLanguage":"de","@id":"https:\/\/secure.gravatar.com\/avatar\/93713c30affe0aa95d3a4130e499bb1abee2eb31adbdd9ce2aa1543538490215?s=96&d=mm&r=g","url":"https:\/\/secure.gravatar.com\/avatar\/93713c30affe0aa95d3a4130e499bb1abee2eb31adbdd9ce2aa1543538490215?s=96&d=mm&r=g","contentUrl":"https:\/\/secure.gravatar.com\/avatar\/93713c30affe0aa95d3a4130e499bb1abee2eb31adbdd9ce2aa1543538490215?s=96&d=mm&r=g","caption":"georg.blenk@krafthand-medien.de"}}]}},"_links":{"self":[{"href":"https:\/\/www.krafthand.de\/truck\/wp-json\/wp\/v2\/posts\/40336","targetHints":{"allow":["GET"]}}],"collection":[{"href":"https:\/\/www.krafthand.de\/truck\/wp-json\/wp\/v2\/posts"}],"about":[{"href":"https:\/\/www.krafthand.de\/truck\/wp-json\/wp\/v2\/types\/post"}],"author":[{"embeddable":true,"href":"https:\/\/www.krafthand.de\/truck\/wp-json\/wp\/v2\/users\/9"}],"replies":[{"embeddable":true,"href":"https:\/\/www.krafthand.de\/truck\/wp-json\/wp\/v2\/comments?post=40336"}],"version-history":[{"count":9,"href":"https:\/\/www.krafthand.de\/truck\/wp-json\/wp\/v2\/posts\/40336\/revisions"}],"predecessor-version":[{"id":40347,"href":"https:\/\/www.krafthand.de\/truck\/wp-json\/wp\/v2\/posts\/40336\/revisions\/40347"}],"wp:featuredmedia":[{"embeddable":true,"href":"https:\/\/www.krafthand.de\/truck\/wp-json\/wp\/v2\/media\/40344"}],"wp:attachment":[{"href":"https:\/\/www.krafthand.de\/truck\/wp-json\/wp\/v2\/media?parent=40336"}],"wp:term":[{"taxonomy":"category","embeddable":true,"href":"https:\/\/www.krafthand.de\/truck\/wp-json\/wp\/v2\/categories?post=40336"},{"taxonomy":"post_tag","embeddable":true,"href":"https:\/\/www.krafthand.de\/truck\/wp-json\/wp\/v2\/tags?post=40336"},{"taxonomy":"settings","embeddable":true,"href":"https:\/\/www.krafthand.de\/truck\/wp-json\/wp\/v2\/settings?post=40336"}],"curies":[{"name":"wp","href":"https:\/\/api.w.org\/{rel}","templated":true}]}}