{"id":40286,"date":"2024-07-23T17:02:20","date_gmt":"2024-07-23T15:02:20","guid":{"rendered":"https:\/\/www.krafthand.de\/truck\/?p=40286"},"modified":"2024-07-24T14:04:38","modified_gmt":"2024-07-24T12:04:38","slug":"mahle-zeigt-auf-der-iaa-transportation-zahlreiche-innovationen","status":"publish","type":"post","link":"https:\/\/www.krafthand.de\/truck\/artikel\/mahle-zeigt-auf-der-iaa-transportation-zahlreiche-innovationen-40286\/","title":{"rendered":"MAHLE zeigt auf der IAA Transportation zahlreiche Innovationen"},"content":{"rendered":"<p>Der Stuttgarter Spezialist f\u00fcr Fahrzeugantriebe MAHLE pr\u00e4sentiert auf der diesj\u00e4hrigen IAA Transportation in Hannover seine Systemkompetenz was batterieelektrische Antriebe, Wasserstoffmotoren, Brennstoffzellen und den Einsatz erneuerbarer Kraftstoffe angeht. Man sei \u00fcberaus breit aufgestellt, um die Klimawende im Transportsektor aktiv mitzugestalten. Einen ersten Einblick \u00fcber die technischen L\u00f6sungen lieferte MAHLE am 23.7.2024 im Rahmen des Media Tech Day. Gleichsam interessant: Man spricht von Technologievielfalt, den Begriff Technologieoffenheit vermeidet man, steht er doch bei dem einen oder anderen mittlerweile eher f\u00fcr Stillstand, anstatt f\u00fcr dringend notwendige Innovationen.<\/p>\n<h3>Zahlreiche Highlights<\/h3>\n<figure id=\"attachment_40302\" aria-describedby=\"caption-attachment-40302\" style=\"width: 420px\" class=\"wp-caption alignright\"><a href=\"https:\/\/static.krafthand-truck.de\/uploads\/2024\/07\/Mahle_eachse_dualmotor_lkw.jpg\" target=\"_blank\" rel=\"noopener\"><img fetchpriority=\"high\" decoding=\"async\" class=\"wp-image-40302\" src=\"https:\/\/static.krafthand-truck.de\/uploads\/2024\/07\/Mahle_eachse_dualmotor_lkw-300x151.jpg\" alt=\"\" width=\"420\" height=\"212\" srcset=\"https:\/\/static.krafthand-truck.de\/uploads\/2024\/07\/Mahle_eachse_dualmotor_lkw-300x151.jpg 300w, https:\/\/static.krafthand-truck.de\/uploads\/2024\/07\/Mahle_eachse_dualmotor_lkw-1024x516.jpg 1024w, https:\/\/static.krafthand-truck.de\/uploads\/2024\/07\/Mahle_eachse_dualmotor_lkw-768x387.jpg 768w, https:\/\/static.krafthand-truck.de\/uploads\/2024\/07\/Mahle_eachse_dualmotor_lkw.jpg 1200w\" sizes=\"(max-width: 420px) 100vw, 420px\" \/><\/a><figcaption id=\"caption-attachment-40302\" class=\"wp-caption-text\">E-Achse mit zwei integrierten SCT-E-Motoren. Bild: MAHLE<\/figcaption><\/figure>\n<p>Auf der Internationalen Nutzfahrzeugmesse im September pr\u00e4sentiert der Automobilzulieferer beispielsweise seinen systemischen Ansatz f\u00fcr einen Brennstoffzellen-Lkw, inklusive Brennstoffzellenperipherie, Thermomanagement und einer vollfunktionsf\u00e4higen E-Achse mit zwei integrierten SCT-E-Motoren. Weitere Weltpremieren sind eine neue Verdunstungsk\u00fchlung sowie ein leiser und leistungsf\u00e4higer bionischer L\u00fcfter f\u00fcr Brennstoffzellen- und E-Fahrzeuge. Die <a href=\"https:\/\/www.iaa-transportation.com\/de\" target=\"_blank\" rel=\"noopener\">IAA Transportation<\/a> findet im \u00dcbrigen vom 17. bis 22. September in Hannover statt. Der MAHLE-Stand befindet sich in <strong>Halle 12, Stand C20<\/strong>.<\/p>\n<blockquote><p>\u00a0\u201eSo mannigfaltig die Einsatzzwecke und Anforderungen an heutige Nutzfahrzeuge sind, so divers werden die technischen L\u00f6sungen f\u00fcr nachhaltige Antriebe sein\u201c, sagte Arnd Franz, Vorsitzender der MAHLE Konzern-Gesch\u00e4ftsf\u00fchrung und CEO. \u201eUnsere Produkte sind entwickelt, getestet und bereit f\u00fcr die Serienanwendung.\u201c<\/p><\/blockquote>\n<h3>Drei Strategiefelder<\/h3>\n<figure id=\"attachment_40320\" aria-describedby=\"caption-attachment-40320\" style=\"width: 420px\" class=\"wp-caption alignleft\"><a href=\"https:\/\/static.krafthand-truck.de\/uploads\/2024\/07\/Mahle_Techday_Strategiefelder_Lkw-1.jpg\" target=\"_blank\" rel=\"noopener\"><img decoding=\"async\" class=\"wp-image-40320\" src=\"https:\/\/static.krafthand-truck.de\/uploads\/2024\/07\/Mahle_Techday_Strategiefelder_Lkw-1-300x170.jpg\" alt=\"\" width=\"420\" height=\"238\" srcset=\"https:\/\/static.krafthand-truck.de\/uploads\/2024\/07\/Mahle_Techday_Strategiefelder_Lkw-1-300x170.jpg 300w, https:\/\/static.krafthand-truck.de\/uploads\/2024\/07\/Mahle_Techday_Strategiefelder_Lkw-1-1024x580.jpg 1024w, https:\/\/static.krafthand-truck.de\/uploads\/2024\/07\/Mahle_Techday_Strategiefelder_Lkw-1-768x435.jpg 768w, https:\/\/static.krafthand-truck.de\/uploads\/2024\/07\/Mahle_Techday_Strategiefelder_Lkw-1.jpg 1200w\" sizes=\"(max-width: 420px) 100vw, 420px\" \/><\/a><figcaption id=\"caption-attachment-40320\" class=\"wp-caption-text\">MAHLE besetzt strategisch mit der Elektrifizierung, dem Thermomanagement sowie der Entwicklung von hocheffizienten Verbrennungsmotoren f\u00fcr jede Anwendung, drei Strategiefelder. Bild: MAHLE<\/figcaption><\/figure>\n<p>Prognosen zufolge werden im Jahr 2035 rein elektrische Lkw mit Batterie und Brennstoffzellen-Trucks <strong>rund 30 Prozent der globalen Produktion<\/strong> ausmachen. Der Verbrennungsmotor bleibt damit laut MAHLE auch in absehbarer Zukunft global eine wesentliche Antriebsform. Der batterieelektrische Antrieb wird vornehmlich im mittleren Lkw-Segment (Medium Duty) und im Schwerlastbereich (Heavy Duty) auf der Kurzstrecke zum Einsatz kommen. Die Brennstoffzelle und Verbrennungsmotoren, betrieben entweder mit Wasserstoff oder mit anderen erneuerbaren Kraftstoffen, spielen ihre Vorteile auf der Langstrecke aus. MAHLE steht f\u00fcr Technologievielfalt und m\u00f6chte in den drei Strategiefeldern Elektrifizierung, Thermomanagement und Verbrennungsmotoren f\u00fcr jede Anwendung weltweit die jeweils beste L\u00f6sungen liefern. So erm\u00f6gliche das Unternehmen die Verminderung des CO2-Fu\u00dfabdrucks des Stra\u00dfeng\u00fcterverkehrs jetzt und in Zukunft.<\/p>\n<h3>SCT-E-Motor und Schwerlast-E-Achse<\/h3>\n<figure id=\"attachment_40303\" aria-describedby=\"caption-attachment-40303\" style=\"width: 320px\" class=\"wp-caption alignright\"><a href=\"https:\/\/static.krafthand-truck.de\/uploads\/2024\/07\/Mahle_SCT-E-Motor_Lkw.jpg\" target=\"_blank\" rel=\"noopener\"><img decoding=\"async\" class=\"wp-image-40303\" src=\"https:\/\/static.krafthand-truck.de\/uploads\/2024\/07\/Mahle_SCT-E-Motor_Lkw-300x231.jpg\" alt=\"\" width=\"320\" height=\"246\" srcset=\"https:\/\/static.krafthand-truck.de\/uploads\/2024\/07\/Mahle_SCT-E-Motor_Lkw-300x231.jpg 300w, https:\/\/static.krafthand-truck.de\/uploads\/2024\/07\/Mahle_SCT-E-Motor_Lkw-1024x788.jpg 1024w, https:\/\/static.krafthand-truck.de\/uploads\/2024\/07\/Mahle_SCT-E-Motor_Lkw-768x591.jpg 768w, https:\/\/static.krafthand-truck.de\/uploads\/2024\/07\/Mahle_SCT-E-Motor_Lkw.jpg 1200w\" sizes=\"(max-width: 320px) 100vw, 320px\" \/><\/a><figcaption id=\"caption-attachment-40303\" class=\"wp-caption-text\">Der SCT-E-Motor (Super Continuous Torque). Bild: MAHLE<\/figcaption><\/figure>\n<p>Der Ausdauerchampion unter den E-Motoren ist der SCT-E-Motor (Superior Continuous Torque) von MAHLE. Seine hohe Dauerleistung und Wirkungsgrade machen ihn zum idealen elektrischen Antrieb f\u00fcr den Schwerlastverkehr in rein elektrischen Trucks und in Brennstoffzellenanwendungen. Auf der IAA Transportation zeigt MAHLE erstmals eine Schwerlast-E-Achse, in die zwei SCT E-Motoren mit einer Gesamtleistung von 520 kW sowie das vollst\u00e4ndige Liquid-Management kompakt integriert sind. Damit demonstriert der Technologiekonzern seine Systemkompetenz und die Serientauglichkeit seiner Innovationen.<br \/>\nF\u00fcr die Messe haben die Ingenieure die E-Achse, Batteriek\u00fchlung sowie Brennstoffzellenperipherie von MAHLE zusammen mit einer vollfunktionsf\u00e4higen Brennstoffzelle in einem Technologie-Demonstrator zusammengef\u00fchrt. \u201eDamit zeigen wir, wie wir unsere Technologien einschlie\u00dflich des Thermomanagements in elektrische Fahrzeuge integrieren und damit verschiedenste Optionen f\u00fcr unterschiedliche Kundenapplikationen entwickeln und optimieren k\u00f6nnen\u201c, sagte Dr. Marco Warth, Leiter der MAHLE Konzernforschung und Vorausentwicklung.<\/p>\n<h3>Verdunstungsk\u00fchlung f\u00fcr Brennstoffzellen<\/h3>\n<figure id=\"attachment_40300\" aria-describedby=\"caption-attachment-40300\" style=\"width: 320px\" class=\"wp-caption alignleft\"><a href=\"https:\/\/static.krafthand-truck.de\/uploads\/2024\/07\/Mahle_Verdunstungskuehlung_Brennstoffzelle_E_Fahrzeuge_Lkw.jpg\" target=\"_blank\" rel=\"noopener\"><img loading=\"lazy\" decoding=\"async\" class=\"wp-image-40300\" src=\"https:\/\/static.krafthand-truck.de\/uploads\/2024\/07\/Mahle_Verdunstungskuehlung_Brennstoffzelle_E_Fahrzeuge_Lkw-300x300.jpg\" alt=\"\" width=\"320\" height=\"319\" srcset=\"https:\/\/static.krafthand-truck.de\/uploads\/2024\/07\/Mahle_Verdunstungskuehlung_Brennstoffzelle_E_Fahrzeuge_Lkw-300x300.jpg 300w, https:\/\/static.krafthand-truck.de\/uploads\/2024\/07\/Mahle_Verdunstungskuehlung_Brennstoffzelle_E_Fahrzeuge_Lkw-1024x1021.jpg 1024w, https:\/\/static.krafthand-truck.de\/uploads\/2024\/07\/Mahle_Verdunstungskuehlung_Brennstoffzelle_E_Fahrzeuge_Lkw-150x150.jpg 150w, https:\/\/static.krafthand-truck.de\/uploads\/2024\/07\/Mahle_Verdunstungskuehlung_Brennstoffzelle_E_Fahrzeuge_Lkw-768x766.jpg 768w, https:\/\/static.krafthand-truck.de\/uploads\/2024\/07\/Mahle_Verdunstungskuehlung_Brennstoffzelle_E_Fahrzeuge_Lkw.jpg 1200w\" sizes=\"(max-width: 320px) 100vw, 320px\" \/><\/a><figcaption id=\"caption-attachment-40300\" class=\"wp-caption-text\">Die neuartige Verdunstungsk\u00fchlung sorgt f\u00fcr eine optimale Temperierung der Brennstoffzelle. Bild: MAHLE<\/figcaption><\/figure>\n<p>Die Verstromung von Wasserstoff in der Brennstoffzelle stellt h\u00f6chste technische Anforderungen an das Fahrzeug \u2013 insbesondere an das Thermomanagement. MAHLE spielt in diesem Technologiefeld eine f\u00fchrende Rolle. Ebenfalls Teil des Tech-Demonstrators in Hannover ist eine neue Verdunstungsk\u00fchlung, die auf der IAA als <strong>Weltneuheit<\/strong> vorgestellt wird. Sie sorgt laut MAHLE f\u00fcr eine optimal temperierte Brennstoffzelle und bietet bis zu 50 kW mehr K\u00fchlleistung im gegebenen Bauraum. Dies erm\u00f6gliche eine Reduktion der ben\u00f6tigten L\u00fcfterleistung und senke den Wasserstoffverbrauch um bis zu 1,5 Prozent.<\/p>\n<h3>H2-Verbrennungsmotoren (ICE)<\/h3>\n<figure id=\"attachment_40305\" aria-describedby=\"caption-attachment-40305\" style=\"width: 220px\" class=\"wp-caption alignright\"><a href=\"https:\/\/static.krafthand-truck.de\/uploads\/2024\/07\/Mahle_Kolben_H2_Motor_Power_Cell_Unit.jpg\" target=\"_blank\" rel=\"noopener\"><img loading=\"lazy\" decoding=\"async\" class=\"wp-image-40305\" src=\"https:\/\/static.krafthand-truck.de\/uploads\/2024\/07\/Mahle_Kolben_H2_Motor_Power_Cell_Unit-175x300.jpg\" alt=\"\" width=\"220\" height=\"378\" srcset=\"https:\/\/static.krafthand-truck.de\/uploads\/2024\/07\/Mahle_Kolben_H2_Motor_Power_Cell_Unit-175x300.jpg 175w, https:\/\/static.krafthand-truck.de\/uploads\/2024\/07\/Mahle_Kolben_H2_Motor_Power_Cell_Unit-596x1024.jpg 596w, https:\/\/static.krafthand-truck.de\/uploads\/2024\/07\/Mahle_Kolben_H2_Motor_Power_Cell_Unit-768x1320.jpg 768w, https:\/\/static.krafthand-truck.de\/uploads\/2024\/07\/Mahle_Kolben_H2_Motor_Power_Cell_Unit.jpg 800w\" sizes=\"(max-width: 220px) 100vw, 220px\" \/><\/a><figcaption id=\"caption-attachment-40305\" class=\"wp-caption-text\">Die Power-Cell-Unit reduziert den \u00d6lverbrauch eines Wasserstoff-Verbrennungsmotors (H2-ICU). Bild: MAHLE<\/figcaption><\/figure>\n<p>Wasserstoff ist laut MAHLE der erneuerbare Kraftstoff mit dem derzeit gr\u00f6\u00dften Potential f\u00fcr die Dekarbonisierung des Verkehrssektors. Dies beziehe sich auch auf den H2-Verbrennungsmotor (H2 ICE). Mehrere Wasserstoffmotoren sind deshalb bei MAHLE in der Erprobung. In diesem Jahr geht mit DEUTZ ein weiterer Motorenhersteller mit MAHLE Komponenten in Serie. Das Leuchtturmprojekt sieht den Ersteinsatz in Station\u00e4r-Motoren vor. Dar\u00fcber hinaus sind mobile Off-Highway-Anwendungen geplant. <em>\u201eWir sind sehr zuversichtlich, dass serientaugliche Wasserstoffmotoren bereits in dieser Dekade in breiteren Einsatz kommen\u201c<\/em>, sagte Arnd Franz.<br \/>\n<strong>Ein interessanter Nebenaspekt:<\/strong> MAHLE m\u00f6chte nicht auf eine Abgasnachbehandlung beim Wasserstoff-Verbrennungsmotor verzichten, wenngleich auch in deutlich kleinerer Ausf\u00fchrung. Die M\u00fcnchener Firma <a href=\"https:\/\/www.krafthand.de\/truck\/artikel\/rendezvous-mit-wasserstoff-verbrenner-39643\/\" target=\"_blank\" rel=\"noopener\">Keyou<\/a> betont, dass bei Ihren H2-Verbrennungsmotoren keine Abgasnachbehandlung n\u00f6tig sei, was in der Branche eher kritisch gesehen wird.<\/p>\n<h3>Jetzt kommt es auf die Infrastruktur an<\/h3>\n<figure id=\"attachment_40307\" aria-describedby=\"caption-attachment-40307\" style=\"width: 220px\" class=\"wp-caption alignleft\"><a href=\"https:\/\/static.krafthand-truck.de\/uploads\/2024\/07\/mahle_ceo_arnd_franz_small.jpg\" target=\"_blank\" rel=\"noopener\"><img loading=\"lazy\" decoding=\"async\" class=\"wp-image-40307\" src=\"https:\/\/static.krafthand-truck.de\/uploads\/2024\/07\/mahle_ceo_arnd_franz_small-229x300.jpg\" alt=\"\" width=\"220\" height=\"288\" srcset=\"https:\/\/static.krafthand-truck.de\/uploads\/2024\/07\/mahle_ceo_arnd_franz_small-229x300.jpg 229w, https:\/\/static.krafthand-truck.de\/uploads\/2024\/07\/mahle_ceo_arnd_franz_small-783x1024.jpg 783w, https:\/\/static.krafthand-truck.de\/uploads\/2024\/07\/mahle_ceo_arnd_franz_small-768x1004.jpg 768w, https:\/\/static.krafthand-truck.de\/uploads\/2024\/07\/mahle_ceo_arnd_franz_small.jpg 800w\" sizes=\"(max-width: 220px) 100vw, 220px\" \/><\/a><figcaption id=\"caption-attachment-40307\" class=\"wp-caption-text\"><em>&#8222;Die Politik sollte den Rahmen so setzen, dass sich der Markt der klimaneutralen Antriebe entfalten kann&#8220;<\/em>, so CEO Arnd Franz im Rahmen des Media Tech Days. Bild: MAHLE<\/figcaption><\/figure>\n<p>Der modernste nachhaltigste Lkw n\u00fctze nichts ohne die passende Infrastruktur. <em>\u201eWir begr\u00fc\u00dfen, dass die EU Ziele f\u00fcr den Ausbau der Lade- und Tankm\u00f6glichkeiten vorgegeben hat. Aber es wird noch mehr Ehrgeiz n\u00f6tig sein, um eine breite Flotte emissionsfreier Fahrzeuge zu bedienen\u201c<\/em>, sagte Franz.<\/p>\n<blockquote><p>\u201eDie Mitgliedstaaten sind jetzt gefordert, und wir hoffen, dass sie \u00fcber das Mindestma\u00df hinausgehen und schneller beim Ausbau sind. Damit die Industrie und nicht zuletzt das Transportgewerbe die n\u00f6tige Planungssicherheit haben.\u201c<\/p><\/blockquote>\n<p>Arnd Franz verwies auch auf die nicht zu untersch\u00e4tzende Rolle synthetischer Kraftstoffe oder auch von Biokraftstoffen, bis synthetische Kraftstoffe breiter verf\u00fcgbar sind. Sie k\u00f6nnten einen zus\u00e4tzlichen Beitrag zur CO2-Reduktion im Transportsektor leisten. Einige Regionen, wie S\u00fcdamerika oder Indien, setzten bereits voll auf Biokraftstoffe. Wo immer m\u00f6glich, nutze sie auch MAHLE. Zum Beispiel setzt das Unternehmen den umweltfreundlichen Kraftstoff HVO 100 im Pendelbetrieb zwischen dem Zentrallager in Freiberg am Neckar und seinen beiden Werken in Vaihingen an der Enz und M\u00fchlacker ein und spare damit bis zu 90 Prozent CO2. Dar\u00fcber hinaus habe der Konzern die rund 70 Dieselfahrzeuge seines Fuhrparks in Stuttgart auf HVO 100 umgestellt und reduziere so den j\u00e4hrlichen CO2-Aussto\u00df um bis zu 250 Tonnen.<\/p>\n<p>&nbsp;<\/p>\n<p><i>Den Beitrag finden Sie auch in der Print-Ausgabe 3-2024 der <a href=\"https:\/\/www.krafthand.de\/truck\/magazin\/\" title=\"Zum Magazin\">Krafthand-Truck<\/a>.<\/i><\/p>\r\n\t\t\t\t<div class=\"post-author\">\r\n\t\t\t\t\t<div class=\"khm-cp-author clearfix\">\r\n\t\t\t\t\t\t<div class=\"khm-cp-author__content\">\r\n\t\t\t\t\t\t\t\tKontakt zum Autor:<br \/>\r\n\t\t\t\t\t\t\t\t<strong>Georg Blenk<\/strong>, 08247 \/ 3007-45 |  <a href=\"mailto:georg.blenk@krafthand-medien.de\">georg.blenk@krafthand-medien.de<\/a>\r\n\t\t\t\t\t\t\t<div class=\"khm-cp-author__image\">\r\n\t\t\t\t\t\t<img src=\"https:\/\/static.krafthand-truck.de\/uploads\/2021\/01\/Blenk_6104-250x300-1-removebg-preview.png\" class=\"img-responsive\">\r\n\t\t\t\t\t<\/div>\r\n\t\t\t\t\t\t<\/div>\r\n\t\t\t\t\t<\/div>\r\n\t\t\t\t<\/div>\r\n\t\t\t\t","protected":false},"excerpt":{"rendered":"<p>Der Stuttgarter Spezialist f\u00fcr Fahrzeugantriebe MAHLE pr\u00e4sentiert auf der diesj\u00e4hrigen IAA Transportation in Hannover seine Systemkompetenz was batterieelektrische Antriebe, Wasserstoffmotoren, Brennstoffzellen und den Einsatz erneuerbarer Kraftstoffe angeht. Man sei \u00fcberaus breit aufgestellt, um die Klimawende im Transportsektor aktiv mitzugestalten. <span class=\"excerpt-more__dots\">&#8230;<\/span> <a class=\"excerpt-more__link\" href=\"https:\/\/www.krafthand.de\/truck\/artikel\/mahle-zeigt-auf-der-iaa-transportation-zahlreiche-innovationen-40286\/\" >weiter<\/a><\/p>\n","protected":false},"author":9,"featured_media":40295,"comment_status":"closed","ping_status":"closed","sticky":false,"template":"","format":"standard","meta":{"footnotes":""},"categories":[4224],"tags":[4209,5140,5334,4348,1401,1348],"settings":[3524,4766,3523],"class_list":["post-40286","post","type-post","status-publish","format-standard","has-post-thumbnail","hentry","category-e-antrieb","tag-brennstoffzelle","tag-e-achse","tag-e-motor","tag-fcev","tag-mahle","tag-thermomanagement"],"yoast_head":"<!-- This site is optimized with the Yoast SEO plugin v27.3 - https:\/\/yoast.com\/product\/yoast-seo-wordpress\/ -->\n<title>MAHLE auf der IAA Transportation 2024 I Krafthand-Truck<\/title>\n<meta name=\"description\" content=\"MAHLE pr\u00e4sentiert sich auf der diesj\u00e4hrigen IAA Transportation mit Systemkompetenz was E-Antriebe, H2-Motoren und Brennstoffzellen angeht.\" \/>\n<meta name=\"robots\" content=\"index, follow, max-snippet:-1, max-image-preview:large, max-video-preview:-1\" \/>\n<link rel=\"canonical\" href=\"https:\/\/www.krafthand.de\/truck\/artikel\/mahle-zeigt-auf-der-iaa-transportation-zahlreiche-innovationen-40286\/\" \/>\n<meta property=\"og:locale\" content=\"de_DE\" \/>\n<meta property=\"og:type\" content=\"article\" \/>\n<meta property=\"og:title\" content=\"MAHLE auf der IAA Transportation 2024 I Krafthand-Truck\" \/>\n<meta property=\"og:description\" content=\"MAHLE pr\u00e4sentiert sich auf der diesj\u00e4hrigen IAA Transportation mit Systemkompetenz was E-Antriebe, H2-Motoren und Brennstoffzellen angeht.\" \/>\n<meta property=\"og:url\" content=\"https:\/\/www.krafthand-truck.de\/artikel\/mahle-zeigt-auf-der-iaa-transportation-zahlreiche-innovationen-40286\/\" \/>\n<meta property=\"og:site_name\" content=\"Krafthand-Truck\" \/>\n<meta property=\"article:published_time\" content=\"2024-07-23T15:02:20+00:00\" \/>\n<meta property=\"article:modified_time\" content=\"2024-07-24T12:04:38+00:00\" \/>\n<meta property=\"og:image\" content=\"https:\/\/static.krafthand-truck.de\/uploads\/2024\/07\/Mahle_fuel_cell_truck_brennstoffzelle_lkw.jpg\" \/>\n\t<meta property=\"og:image:width\" content=\"1200\" \/>\n\t<meta property=\"og:image:height\" content=\"619\" \/>\n\t<meta property=\"og:image:type\" content=\"image\/jpeg\" \/>\n<meta name=\"author\" content=\"georg.blenk@krafthand-medien.de\" \/>\n<meta name=\"twitter:card\" content=\"summary_large_image\" \/>\n<meta name=\"twitter:label1\" content=\"Verfasst von\" \/>\n\t<meta name=\"twitter:data1\" content=\"georg.blenk@krafthand-medien.de\" \/>\n\t<meta name=\"twitter:label2\" content=\"Gesch\u00e4tzte Lesezeit\" \/>\n\t<meta name=\"twitter:data2\" content=\"7\u00a0Minuten\" \/>\n<script type=\"application\/ld+json\" class=\"yoast-schema-graph\">{\"@context\":\"https:\\\/\\\/schema.org\",\"@graph\":[{\"@type\":\"Article\",\"@id\":\"https:\\\/\\\/www.krafthand.de\\\/truck\\\/artikel\\\/mahle-zeigt-auf-der-iaa-transportation-zahlreiche-innovationen-40286\\\/#article\",\"isPartOf\":{\"@id\":\"https:\\\/\\\/www.krafthand.de\\\/truck\\\/artikel\\\/mahle-zeigt-auf-der-iaa-transportation-zahlreiche-innovationen-40286\\\/\"},\"author\":{\"name\":\"georg.blenk@krafthand-medien.de\",\"@id\":\"https:\\\/\\\/www.krafthand.de\\\/truck\\\/#\\\/schema\\\/person\\\/51fa80b1c57034c4bf63f9f988fc24ce\"},\"headline\":\"MAHLE zeigt auf der IAA Transportation zahlreiche Innovationen\",\"datePublished\":\"2024-07-23T15:02:20+00:00\",\"dateModified\":\"2024-07-24T12:04:38+00:00\",\"mainEntityOfPage\":{\"@id\":\"https:\\\/\\\/www.krafthand.de\\\/truck\\\/artikel\\\/mahle-zeigt-auf-der-iaa-transportation-zahlreiche-innovationen-40286\\\/\"},\"wordCount\":1041,\"image\":{\"@id\":\"https:\\\/\\\/www.krafthand.de\\\/truck\\\/artikel\\\/mahle-zeigt-auf-der-iaa-transportation-zahlreiche-innovationen-40286\\\/#primaryimage\"},\"thumbnailUrl\":\"https:\\\/\\\/static.krafthand-truck.de\\\/uploads\\\/2024\\\/07\\\/Mahle_fuel_cell_truck_brennstoffzelle_lkw.jpg\",\"keywords\":[\"Brennstoffzelle\",\"e-Achse\",\"E-Motor\",\"FCEV\",\"Mahle\",\"Thermomanagement\"],\"articleSection\":[\"E-Antrieb (BEV\\\/FCEV)\"],\"inLanguage\":\"de\"},{\"@type\":\"WebPage\",\"@id\":\"https:\\\/\\\/www.krafthand.de\\\/truck\\\/artikel\\\/mahle-zeigt-auf-der-iaa-transportation-zahlreiche-innovationen-40286\\\/\",\"url\":\"https:\\\/\\\/www.krafthand.de\\\/truck\\\/artikel\\\/mahle-zeigt-auf-der-iaa-transportation-zahlreiche-innovationen-40286\\\/\",\"name\":\"MAHLE auf der IAA Transportation 2024 I Krafthand-Truck\",\"isPartOf\":{\"@id\":\"https:\\\/\\\/www.krafthand.de\\\/truck\\\/#website\"},\"primaryImageOfPage\":{\"@id\":\"https:\\\/\\\/www.krafthand.de\\\/truck\\\/artikel\\\/mahle-zeigt-auf-der-iaa-transportation-zahlreiche-innovationen-40286\\\/#primaryimage\"},\"image\":{\"@id\":\"https:\\\/\\\/www.krafthand.de\\\/truck\\\/artikel\\\/mahle-zeigt-auf-der-iaa-transportation-zahlreiche-innovationen-40286\\\/#primaryimage\"},\"thumbnailUrl\":\"https:\\\/\\\/static.krafthand-truck.de\\\/uploads\\\/2024\\\/07\\\/Mahle_fuel_cell_truck_brennstoffzelle_lkw.jpg\",\"datePublished\":\"2024-07-23T15:02:20+00:00\",\"dateModified\":\"2024-07-24T12:04:38+00:00\",\"author\":{\"@id\":\"https:\\\/\\\/www.krafthand.de\\\/truck\\\/#\\\/schema\\\/person\\\/51fa80b1c57034c4bf63f9f988fc24ce\"},\"description\":\"MAHLE pr\u00e4sentiert sich auf der diesj\u00e4hrigen IAA Transportation mit Systemkompetenz was E-Antriebe, H2-Motoren und Brennstoffzellen angeht.\",\"breadcrumb\":{\"@id\":\"https:\\\/\\\/www.krafthand.de\\\/truck\\\/artikel\\\/mahle-zeigt-auf-der-iaa-transportation-zahlreiche-innovationen-40286\\\/#breadcrumb\"},\"inLanguage\":\"de\",\"potentialAction\":[{\"@type\":\"ReadAction\",\"target\":[\"https:\\\/\\\/www.krafthand.de\\\/truck\\\/artikel\\\/mahle-zeigt-auf-der-iaa-transportation-zahlreiche-innovationen-40286\\\/\"]}]},{\"@type\":\"ImageObject\",\"inLanguage\":\"de\",\"@id\":\"https:\\\/\\\/www.krafthand.de\\\/truck\\\/artikel\\\/mahle-zeigt-auf-der-iaa-transportation-zahlreiche-innovationen-40286\\\/#primaryimage\",\"url\":\"https:\\\/\\\/static.krafthand-truck.de\\\/uploads\\\/2024\\\/07\\\/Mahle_fuel_cell_truck_brennstoffzelle_lkw.jpg\",\"contentUrl\":\"https:\\\/\\\/static.krafthand-truck.de\\\/uploads\\\/2024\\\/07\\\/Mahle_fuel_cell_truck_brennstoffzelle_lkw.jpg\",\"width\":1200,\"height\":619},{\"@type\":\"BreadcrumbList\",\"@id\":\"https:\\\/\\\/www.krafthand.de\\\/truck\\\/artikel\\\/mahle-zeigt-auf-der-iaa-transportation-zahlreiche-innovationen-40286\\\/#breadcrumb\",\"itemListElement\":[{\"@type\":\"ListItem\",\"position\":1,\"name\":\"Krafthand-Truck\",\"item\":\"https:\\\/\\\/www.krafthand.de\\\/truck\\\/\"},{\"@type\":\"ListItem\",\"position\":2,\"name\":\"Nfz-Technik\",\"item\":\"https:\\\/\\\/www.krafthand.de\\\/truck\\\/kategorie\\\/nfz-technik\\\/\"},{\"@type\":\"ListItem\",\"position\":3,\"name\":\"E-Antrieb (BEV\\\/FCEV)\",\"item\":\"https:\\\/\\\/www.krafthand.de\\\/truck\\\/kategorie\\\/nfz-technik\\\/e-antrieb\\\/\"},{\"@type\":\"ListItem\",\"position\":4,\"name\":\"MAHLE zeigt auf der IAA Transportation zahlreiche Innovationen\"}]},{\"@type\":\"WebSite\",\"@id\":\"https:\\\/\\\/www.krafthand.de\\\/truck\\\/#website\",\"url\":\"https:\\\/\\\/www.krafthand.de\\\/truck\\\/\",\"name\":\"Krafthand-Truck\",\"description\":\"\",\"potentialAction\":[{\"@type\":\"SearchAction\",\"target\":{\"@type\":\"EntryPoint\",\"urlTemplate\":\"https:\\\/\\\/www.krafthand.de\\\/truck\\\/?s={search_term_string}\"},\"query-input\":{\"@type\":\"PropertyValueSpecification\",\"valueRequired\":true,\"valueName\":\"search_term_string\"}}],\"inLanguage\":\"de\"},{\"@type\":\"Person\",\"@id\":\"https:\\\/\\\/www.krafthand.de\\\/truck\\\/#\\\/schema\\\/person\\\/51fa80b1c57034c4bf63f9f988fc24ce\",\"name\":\"georg.blenk@krafthand-medien.de\",\"image\":{\"@type\":\"ImageObject\",\"inLanguage\":\"de\",\"@id\":\"https:\\\/\\\/secure.gravatar.com\\\/avatar\\\/93713c30affe0aa95d3a4130e499bb1abee2eb31adbdd9ce2aa1543538490215?s=96&d=mm&r=g\",\"url\":\"https:\\\/\\\/secure.gravatar.com\\\/avatar\\\/93713c30affe0aa95d3a4130e499bb1abee2eb31adbdd9ce2aa1543538490215?s=96&d=mm&r=g\",\"contentUrl\":\"https:\\\/\\\/secure.gravatar.com\\\/avatar\\\/93713c30affe0aa95d3a4130e499bb1abee2eb31adbdd9ce2aa1543538490215?s=96&d=mm&r=g\",\"caption\":\"georg.blenk@krafthand-medien.de\"}}]}<\/script>\n<!-- \/ Yoast SEO plugin. -->","yoast_head_json":{"title":"MAHLE auf der IAA Transportation 2024 I Krafthand-Truck","description":"MAHLE pr\u00e4sentiert sich auf der diesj\u00e4hrigen IAA Transportation mit Systemkompetenz was E-Antriebe, H2-Motoren und Brennstoffzellen angeht.","robots":{"index":"index","follow":"follow","max-snippet":"max-snippet:-1","max-image-preview":"max-image-preview:large","max-video-preview":"max-video-preview:-1"},"canonical":"https:\/\/www.krafthand.de\/truck\/artikel\/mahle-zeigt-auf-der-iaa-transportation-zahlreiche-innovationen-40286\/","og_locale":"de_DE","og_type":"article","og_title":"MAHLE auf der IAA Transportation 2024 I Krafthand-Truck","og_description":"MAHLE pr\u00e4sentiert sich auf der diesj\u00e4hrigen IAA Transportation mit Systemkompetenz was E-Antriebe, H2-Motoren und Brennstoffzellen angeht.","og_url":"https:\/\/www.krafthand-truck.de\/artikel\/mahle-zeigt-auf-der-iaa-transportation-zahlreiche-innovationen-40286\/","og_site_name":"Krafthand-Truck","article_published_time":"2024-07-23T15:02:20+00:00","article_modified_time":"2024-07-24T12:04:38+00:00","og_image":[{"width":1200,"height":619,"url":"https:\/\/static.krafthand-truck.de\/uploads\/2024\/07\/Mahle_fuel_cell_truck_brennstoffzelle_lkw.jpg","type":"image\/jpeg"}],"author":"georg.blenk@krafthand-medien.de","twitter_card":"summary_large_image","twitter_misc":{"Verfasst von":"georg.blenk@krafthand-medien.de","Gesch\u00e4tzte Lesezeit":"7\u00a0Minuten"},"schema":{"@context":"https:\/\/schema.org","@graph":[{"@type":"Article","@id":"https:\/\/www.krafthand.de\/truck\/artikel\/mahle-zeigt-auf-der-iaa-transportation-zahlreiche-innovationen-40286\/#article","isPartOf":{"@id":"https:\/\/www.krafthand.de\/truck\/artikel\/mahle-zeigt-auf-der-iaa-transportation-zahlreiche-innovationen-40286\/"},"author":{"name":"georg.blenk@krafthand-medien.de","@id":"https:\/\/www.krafthand.de\/truck\/#\/schema\/person\/51fa80b1c57034c4bf63f9f988fc24ce"},"headline":"MAHLE zeigt auf der IAA Transportation zahlreiche Innovationen","datePublished":"2024-07-23T15:02:20+00:00","dateModified":"2024-07-24T12:04:38+00:00","mainEntityOfPage":{"@id":"https:\/\/www.krafthand.de\/truck\/artikel\/mahle-zeigt-auf-der-iaa-transportation-zahlreiche-innovationen-40286\/"},"wordCount":1041,"image":{"@id":"https:\/\/www.krafthand.de\/truck\/artikel\/mahle-zeigt-auf-der-iaa-transportation-zahlreiche-innovationen-40286\/#primaryimage"},"thumbnailUrl":"https:\/\/static.krafthand-truck.de\/uploads\/2024\/07\/Mahle_fuel_cell_truck_brennstoffzelle_lkw.jpg","keywords":["Brennstoffzelle","e-Achse","E-Motor","FCEV","Mahle","Thermomanagement"],"articleSection":["E-Antrieb (BEV\/FCEV)"],"inLanguage":"de"},{"@type":"WebPage","@id":"https:\/\/www.krafthand.de\/truck\/artikel\/mahle-zeigt-auf-der-iaa-transportation-zahlreiche-innovationen-40286\/","url":"https:\/\/www.krafthand.de\/truck\/artikel\/mahle-zeigt-auf-der-iaa-transportation-zahlreiche-innovationen-40286\/","name":"MAHLE auf der IAA Transportation 2024 I Krafthand-Truck","isPartOf":{"@id":"https:\/\/www.krafthand.de\/truck\/#website"},"primaryImageOfPage":{"@id":"https:\/\/www.krafthand.de\/truck\/artikel\/mahle-zeigt-auf-der-iaa-transportation-zahlreiche-innovationen-40286\/#primaryimage"},"image":{"@id":"https:\/\/www.krafthand.de\/truck\/artikel\/mahle-zeigt-auf-der-iaa-transportation-zahlreiche-innovationen-40286\/#primaryimage"},"thumbnailUrl":"https:\/\/static.krafthand-truck.de\/uploads\/2024\/07\/Mahle_fuel_cell_truck_brennstoffzelle_lkw.jpg","datePublished":"2024-07-23T15:02:20+00:00","dateModified":"2024-07-24T12:04:38+00:00","author":{"@id":"https:\/\/www.krafthand.de\/truck\/#\/schema\/person\/51fa80b1c57034c4bf63f9f988fc24ce"},"description":"MAHLE pr\u00e4sentiert sich auf der diesj\u00e4hrigen IAA Transportation mit Systemkompetenz was E-Antriebe, H2-Motoren und Brennstoffzellen angeht.","breadcrumb":{"@id":"https:\/\/www.krafthand.de\/truck\/artikel\/mahle-zeigt-auf-der-iaa-transportation-zahlreiche-innovationen-40286\/#breadcrumb"},"inLanguage":"de","potentialAction":[{"@type":"ReadAction","target":["https:\/\/www.krafthand.de\/truck\/artikel\/mahle-zeigt-auf-der-iaa-transportation-zahlreiche-innovationen-40286\/"]}]},{"@type":"ImageObject","inLanguage":"de","@id":"https:\/\/www.krafthand.de\/truck\/artikel\/mahle-zeigt-auf-der-iaa-transportation-zahlreiche-innovationen-40286\/#primaryimage","url":"https:\/\/static.krafthand-truck.de\/uploads\/2024\/07\/Mahle_fuel_cell_truck_brennstoffzelle_lkw.jpg","contentUrl":"https:\/\/static.krafthand-truck.de\/uploads\/2024\/07\/Mahle_fuel_cell_truck_brennstoffzelle_lkw.jpg","width":1200,"height":619},{"@type":"BreadcrumbList","@id":"https:\/\/www.krafthand.de\/truck\/artikel\/mahle-zeigt-auf-der-iaa-transportation-zahlreiche-innovationen-40286\/#breadcrumb","itemListElement":[{"@type":"ListItem","position":1,"name":"Krafthand-Truck","item":"https:\/\/www.krafthand.de\/truck\/"},{"@type":"ListItem","position":2,"name":"Nfz-Technik","item":"https:\/\/www.krafthand.de\/truck\/kategorie\/nfz-technik\/"},{"@type":"ListItem","position":3,"name":"E-Antrieb (BEV\/FCEV)","item":"https:\/\/www.krafthand.de\/truck\/kategorie\/nfz-technik\/e-antrieb\/"},{"@type":"ListItem","position":4,"name":"MAHLE zeigt auf der IAA Transportation zahlreiche Innovationen"}]},{"@type":"WebSite","@id":"https:\/\/www.krafthand.de\/truck\/#website","url":"https:\/\/www.krafthand.de\/truck\/","name":"Krafthand-Truck","description":"","potentialAction":[{"@type":"SearchAction","target":{"@type":"EntryPoint","urlTemplate":"https:\/\/www.krafthand.de\/truck\/?s={search_term_string}"},"query-input":{"@type":"PropertyValueSpecification","valueRequired":true,"valueName":"search_term_string"}}],"inLanguage":"de"},{"@type":"Person","@id":"https:\/\/www.krafthand.de\/truck\/#\/schema\/person\/51fa80b1c57034c4bf63f9f988fc24ce","name":"georg.blenk@krafthand-medien.de","image":{"@type":"ImageObject","inLanguage":"de","@id":"https:\/\/secure.gravatar.com\/avatar\/93713c30affe0aa95d3a4130e499bb1abee2eb31adbdd9ce2aa1543538490215?s=96&d=mm&r=g","url":"https:\/\/secure.gravatar.com\/avatar\/93713c30affe0aa95d3a4130e499bb1abee2eb31adbdd9ce2aa1543538490215?s=96&d=mm&r=g","contentUrl":"https:\/\/secure.gravatar.com\/avatar\/93713c30affe0aa95d3a4130e499bb1abee2eb31adbdd9ce2aa1543538490215?s=96&d=mm&r=g","caption":"georg.blenk@krafthand-medien.de"}}]}},"_links":{"self":[{"href":"https:\/\/www.krafthand.de\/truck\/wp-json\/wp\/v2\/posts\/40286","targetHints":{"allow":["GET"]}}],"collection":[{"href":"https:\/\/www.krafthand.de\/truck\/wp-json\/wp\/v2\/posts"}],"about":[{"href":"https:\/\/www.krafthand.de\/truck\/wp-json\/wp\/v2\/types\/post"}],"author":[{"embeddable":true,"href":"https:\/\/www.krafthand.de\/truck\/wp-json\/wp\/v2\/users\/9"}],"replies":[{"embeddable":true,"href":"https:\/\/www.krafthand.de\/truck\/wp-json\/wp\/v2\/comments?post=40286"}],"version-history":[{"count":27,"href":"https:\/\/www.krafthand.de\/truck\/wp-json\/wp\/v2\/posts\/40286\/revisions"}],"predecessor-version":[{"id":40322,"href":"https:\/\/www.krafthand.de\/truck\/wp-json\/wp\/v2\/posts\/40286\/revisions\/40322"}],"wp:featuredmedia":[{"embeddable":true,"href":"https:\/\/www.krafthand.de\/truck\/wp-json\/wp\/v2\/media\/40295"}],"wp:attachment":[{"href":"https:\/\/www.krafthand.de\/truck\/wp-json\/wp\/v2\/media?parent=40286"}],"wp:term":[{"taxonomy":"category","embeddable":true,"href":"https:\/\/www.krafthand.de\/truck\/wp-json\/wp\/v2\/categories?post=40286"},{"taxonomy":"post_tag","embeddable":true,"href":"https:\/\/www.krafthand.de\/truck\/wp-json\/wp\/v2\/tags?post=40286"},{"taxonomy":"settings","embeddable":true,"href":"https:\/\/www.krafthand.de\/truck\/wp-json\/wp\/v2\/settings?post=40286"}],"curies":[{"name":"wp","href":"https:\/\/api.w.org\/{rel}","templated":true}]}}