{"id":40213,"date":"2024-07-19T09:52:54","date_gmt":"2024-07-19T07:52:54","guid":{"rendered":"https:\/\/www.krafthand.de\/truck\/?p=40213"},"modified":"2024-07-19T13:31:10","modified_gmt":"2024-07-19T11:31:10","slug":"asa-verband-harald-hahn-leitet-weiterhin-den-fachbereich-diagnose-und-abgasmessgeraete","status":"publish","type":"post","link":"https:\/\/www.krafthand.de\/truck\/artikel\/asa-verband-harald-hahn-leitet-weiterhin-den-fachbereich-diagnose-und-abgasmessgeraete-40213\/","title":{"rendered":"ASA-Verband: Harald Hahn leitet weiterhin den Fachbereich Diagnose- und Abgasmessger\u00e4te"},"content":{"rendered":"<p>Der ASA-Bundesverband vertritt die Interessen der Hersteller und Importeure von Werkstattausr\u00fcstung in Deutschland.\u00a0 Unterschiedliche Fachbereiche, darunter Absaug- und Pr\u00fcftechnik, Hebetechnik, Klima- und Reifenservice oder Software, bilden die fachlich-operativen Schwerpunkte der Verbandsarbeit. Bereits seit 2004 steht Harald Hahn an der Spitze des ASA-Fachbereichs Diagnose- und Abgasmessger\u00e4te. Nun hat das Fachbereichsgremium Hahn (<a href=\"https:\/\/www.avlditest.com\/de\/startseite.html\" target=\"_blank\" rel=\"noopener\">AVL-Ditest<\/a>) f\u00fcr weitere zwei Jahre als Ressortverantwortlichen gew\u00e4hlt. Stellvertreter ist Christian Thom\u00e9 von <a href=\"https:\/\/www.hella-gutmann.com\/de\" target=\"_blank\" rel=\"noopener\">Hella Gutmann Solutions<\/a>.<\/p>\n<h4>&#8222;Dicke Bretter bohren&#8220;<\/h4>\n<p>Harald Hahn gilt gleichsam als akribischer Techniker, der dicke Bretter bohren kann, ein enormes Fachwissen rund um Diagnose und Abgasmessung besitzt und zudem bei Ministerien, Beh\u00f6rden, Pr\u00fcforganisationen und Branchen-Wettbewerbern den Ruf als neutraler Experte genie\u00dft. Die Wiedereinf\u00fchrung der AU-Endrohrpr\u00fcfung hat er ebenso wie das zum 1. Juli 2023 in Deutschland eingef\u00fchrte Partikelz\u00e4hlverfahren ma\u00dfgeblich vorangetrieben. Zudem begleitet er seit Jahren die Weiterentwicklung des Leitfadens zur Abgasuntersuchung.<br \/>\nSein Stellvertreter Christian Thom\u00e9 erhielt (wie auch zuvor Hahn) die Stimmen aller anwesenden Fachbereichs-Mitglieder. Thom\u00e9 ist ebenfalls Spezialist f\u00fcr Abgasmesstechnik und mit seinem Team bei Hella Gutmann Solutions f\u00fcr die Entwicklung von Abgasmessger\u00e4ten verantwortlich.<\/p>\n<h4>Alte und neue Herausforderungen<\/h4>\n<p>In den n\u00e4chsten zwei Jahren m\u00fcssen sich die Fachbereichsleiter laut Verbandssprecher Frank Schlieben zusammen mit den Fachbereichsmitgliedern mit neuen, aber auch bekannten Themen befassen. <em>\u201eAuf der Diagnoseseite war die Einf\u00fchrung des Security-Gateways (SGW) und die damit verbundenen Konsequenzen beziehungsweise Klagen am Landesgericht in K\u00f6ln einer unserer Arbeitsschwerpunkte in den letzten zwei Jahren\u201c<\/em>, so Hahn. Das Thema bleibt ihnen also erhalten. <em>\u201eDie Umsetzung des EUGH-Urteils in den Delegated Act wird eine unsere Hauptaufgaben in den n\u00e4chsten Monaten sein.&#8220; <\/em>Hinzu komme die f\u00fcr Herbst zu erwartende Revision der EU-Richtlinie 2014\/45 (Richtlinie \u00fcber die regelm\u00e4\u00dfige technische \u00dcberwachung von Kraftfahrzeugen und Kraftfahrzeuganh\u00e4gern).<\/p>\n<h4>Nationale Neuerungen<\/h4>\n<p>Im Themenfeld Abgas\u00fcberwachung und -messung d\u00fcrfte der im Auftrag der EU-Kommission erarbeitete Entwurf einer NOx-Messung in Europa den Fachbereich intensiv besch\u00e4ftigen. Hinzu komme die Weiterentwicklung der AU in Richtung Partikelmessung f\u00fcr Benziner. Fast schon Routine sei da laut Schlieben die Revision der AU-Richtlinie, die drei Jahre nach Einf\u00fchrung des Partikelz\u00e4hlverfahrens 2026 umgesetzt werden soll.<\/p>\n<p>Das Aufgabenpaket ist also umfangreich, die Themen komplex. Langeweile d\u00fcrfte in der Verbandsarbeit f\u00fcr Christian Thom\u00e9 in seiner ersten und Harald Hahn in seiner elften Amtszeit also nicht aufkommen. Mehr zum ASA-Bundesverband ist <a href=\"https:\/\/asa-verband.de\" target=\"_blank\" rel=\"noopener\">hier<\/a> zu erfahren.<\/p>\n","protected":false},"excerpt":{"rendered":"<p>Der ASA-Bundesverband vertritt die Interessen der Hersteller und Importeure von Werkstattausr\u00fcstung in Deutschland.\u00a0 Seit 2004 steht Harald Hahn an der Spitze des ASA-Fachbereichs Diagnose- und Abgasmessger\u00e4te. Nun hat das Fachbereichsgremium Hahn f\u00fcr weitere zwei Jahre als Ressortverantwortlichen gew\u00e4hlt. Stellvertreter ist Christian Thom\u00e9 von Hella Gutmann Solutions. <span class=\"excerpt-more__dots\">&#8230;<\/span> <a class=\"excerpt-more__link\" href=\"https:\/\/www.krafthand.de\/truck\/artikel\/asa-verband-harald-hahn-leitet-weiterhin-den-fachbereich-diagnose-und-abgasmessgeraete-40213\/\" >weiter<\/a><\/p>\n","protected":false},"author":9,"featured_media":40222,"comment_status":"closed","ping_status":"closed","sticky":false,"template":"","format":"standard","meta":{"footnotes":""},"categories":[4238,4245],"tags":[4132,974,5995,1621,5657,5186,5996],"settings":[4766,3523],"class_list":["post-40213","post","type-post","status-publish","format-standard","has-post-thumbnail","hentry","category-koepfe","category-verbaende","tag-asa","tag-avl-ditest","tag-christian-thome","tag-harald-hahn","tag-hella-gutmann-solutions","tag-partikelzaehler","tag-security-gateway"],"yoast_head":"<!-- This site is optimized with the Yoast SEO plugin v27.3 - https:\/\/yoast.com\/product\/yoast-seo-wordpress\/ -->\n<title>ASA-Verband: Harald Hahn leitet weiterhin den Fachbereich Diagnose- und Abgasmessger\u00e4te - Krafthand-Truck<\/title>\n<meta name=\"description\" content=\"ASA-Verband: Harald Hahn ist f\u00fcr weitere zwei Jahre Ressortverantwortlicher f\u00fcr den Fachbereich Diagnose- und Abgasmessger\u00e4te\" \/>\n<meta name=\"robots\" content=\"index, follow, max-snippet:-1, max-image-preview:large, max-video-preview:-1\" \/>\n<link rel=\"canonical\" href=\"https:\/\/www.krafthand.de\/truck\/artikel\/asa-verband-harald-hahn-leitet-weiterhin-den-fachbereich-diagnose-und-abgasmessgeraete-40213\/\" \/>\n<meta property=\"og:locale\" content=\"de_DE\" \/>\n<meta property=\"og:type\" content=\"article\" \/>\n<meta property=\"og:title\" content=\"ASA-Verband: Harald Hahn leitet weiterhin den Fachbereich Diagnose- und Abgasmessger\u00e4te - Krafthand-Truck\" \/>\n<meta property=\"og:description\" content=\"ASA-Verband: Harald Hahn ist f\u00fcr weitere zwei Jahre Ressortverantwortlicher f\u00fcr den Fachbereich Diagnose- und Abgasmessger\u00e4te\" \/>\n<meta property=\"og:url\" content=\"https:\/\/www.krafthand-truck.de\/artikel\/asa-verband-harald-hahn-leitet-weiterhin-den-fachbereich-diagnose-und-abgasmessgeraete-40213\/\" \/>\n<meta property=\"og:site_name\" content=\"Krafthand-Truck\" \/>\n<meta property=\"article:published_time\" content=\"2024-07-19T07:52:54+00:00\" \/>\n<meta property=\"article:modified_time\" content=\"2024-07-19T11:31:10+00:00\" \/>\n<meta property=\"og:image\" content=\"https:\/\/static.krafthand-truck.de\/uploads\/2024\/07\/ASA_Verband_Christian-Thome_Harald-Hahn.jpg\" \/>\n\t<meta property=\"og:image:width\" content=\"807\" \/>\n\t<meta property=\"og:image:height\" content=\"504\" \/>\n\t<meta property=\"og:image:type\" content=\"image\/jpeg\" \/>\n<meta name=\"author\" content=\"georg.blenk@krafthand-medien.de\" \/>\n<meta name=\"twitter:card\" content=\"summary_large_image\" \/>\n<meta name=\"twitter:label1\" content=\"Verfasst von\" \/>\n\t<meta name=\"twitter:data1\" content=\"georg.blenk@krafthand-medien.de\" \/>\n\t<meta name=\"twitter:label2\" content=\"Gesch\u00e4tzte Lesezeit\" \/>\n\t<meta name=\"twitter:data2\" content=\"3\u00a0Minuten\" \/>\n<script type=\"application\/ld+json\" class=\"yoast-schema-graph\">{\"@context\":\"https:\\\/\\\/schema.org\",\"@graph\":[{\"@type\":\"Article\",\"@id\":\"https:\\\/\\\/www.krafthand.de\\\/truck\\\/artikel\\\/asa-verband-harald-hahn-leitet-weiterhin-den-fachbereich-diagnose-und-abgasmessgeraete-40213\\\/#article\",\"isPartOf\":{\"@id\":\"https:\\\/\\\/www.krafthand.de\\\/truck\\\/artikel\\\/asa-verband-harald-hahn-leitet-weiterhin-den-fachbereich-diagnose-und-abgasmessgeraete-40213\\\/\"},\"author\":{\"name\":\"georg.blenk@krafthand-medien.de\",\"@id\":\"https:\\\/\\\/www.krafthand.de\\\/truck\\\/#\\\/schema\\\/person\\\/51fa80b1c57034c4bf63f9f988fc24ce\"},\"headline\":\"ASA-Verband: Harald Hahn leitet weiterhin den Fachbereich Diagnose- und Abgasmessger\u00e4te\",\"datePublished\":\"2024-07-19T07:52:54+00:00\",\"dateModified\":\"2024-07-19T11:31:10+00:00\",\"mainEntityOfPage\":{\"@id\":\"https:\\\/\\\/www.krafthand.de\\\/truck\\\/artikel\\\/asa-verband-harald-hahn-leitet-weiterhin-den-fachbereich-diagnose-und-abgasmessgeraete-40213\\\/\"},\"wordCount\":400,\"image\":{\"@id\":\"https:\\\/\\\/www.krafthand.de\\\/truck\\\/artikel\\\/asa-verband-harald-hahn-leitet-weiterhin-den-fachbereich-diagnose-und-abgasmessgeraete-40213\\\/#primaryimage\"},\"thumbnailUrl\":\"https:\\\/\\\/static.krafthand-truck.de\\\/uploads\\\/2024\\\/07\\\/ASA_Verband_Christian-Thome_Harald-Hahn.jpg\",\"keywords\":[\"ASA\",\"AVL Ditest\",\"Christian Thom\u00e9\",\"Harald Hahn\",\"Hella Gutmann Solutions\",\"Partikelz\u00e4hler\",\"Security Gateway\"],\"articleSection\":[\"K\u00f6pfe\\\/Personen\",\"Verb\u00e4nde\\\/Politik\\\/Recht\"],\"inLanguage\":\"de\"},{\"@type\":\"WebPage\",\"@id\":\"https:\\\/\\\/www.krafthand.de\\\/truck\\\/artikel\\\/asa-verband-harald-hahn-leitet-weiterhin-den-fachbereich-diagnose-und-abgasmessgeraete-40213\\\/\",\"url\":\"https:\\\/\\\/www.krafthand.de\\\/truck\\\/artikel\\\/asa-verband-harald-hahn-leitet-weiterhin-den-fachbereich-diagnose-und-abgasmessgeraete-40213\\\/\",\"name\":\"ASA-Verband: Harald Hahn leitet weiterhin den Fachbereich Diagnose- und Abgasmessger\u00e4te - Krafthand-Truck\",\"isPartOf\":{\"@id\":\"https:\\\/\\\/www.krafthand.de\\\/truck\\\/#website\"},\"primaryImageOfPage\":{\"@id\":\"https:\\\/\\\/www.krafthand.de\\\/truck\\\/artikel\\\/asa-verband-harald-hahn-leitet-weiterhin-den-fachbereich-diagnose-und-abgasmessgeraete-40213\\\/#primaryimage\"},\"image\":{\"@id\":\"https:\\\/\\\/www.krafthand.de\\\/truck\\\/artikel\\\/asa-verband-harald-hahn-leitet-weiterhin-den-fachbereich-diagnose-und-abgasmessgeraete-40213\\\/#primaryimage\"},\"thumbnailUrl\":\"https:\\\/\\\/static.krafthand-truck.de\\\/uploads\\\/2024\\\/07\\\/ASA_Verband_Christian-Thome_Harald-Hahn.jpg\",\"datePublished\":\"2024-07-19T07:52:54+00:00\",\"dateModified\":\"2024-07-19T11:31:10+00:00\",\"author\":{\"@id\":\"https:\\\/\\\/www.krafthand.de\\\/truck\\\/#\\\/schema\\\/person\\\/51fa80b1c57034c4bf63f9f988fc24ce\"},\"description\":\"ASA-Verband: Harald Hahn ist f\u00fcr weitere zwei Jahre Ressortverantwortlicher f\u00fcr den Fachbereich Diagnose- und Abgasmessger\u00e4te\",\"breadcrumb\":{\"@id\":\"https:\\\/\\\/www.krafthand.de\\\/truck\\\/artikel\\\/asa-verband-harald-hahn-leitet-weiterhin-den-fachbereich-diagnose-und-abgasmessgeraete-40213\\\/#breadcrumb\"},\"inLanguage\":\"de\",\"potentialAction\":[{\"@type\":\"ReadAction\",\"target\":[\"https:\\\/\\\/www.krafthand.de\\\/truck\\\/artikel\\\/asa-verband-harald-hahn-leitet-weiterhin-den-fachbereich-diagnose-und-abgasmessgeraete-40213\\\/\"]}]},{\"@type\":\"ImageObject\",\"inLanguage\":\"de\",\"@id\":\"https:\\\/\\\/www.krafthand.de\\\/truck\\\/artikel\\\/asa-verband-harald-hahn-leitet-weiterhin-den-fachbereich-diagnose-und-abgasmessgeraete-40213\\\/#primaryimage\",\"url\":\"https:\\\/\\\/static.krafthand-truck.de\\\/uploads\\\/2024\\\/07\\\/ASA_Verband_Christian-Thome_Harald-Hahn.jpg\",\"contentUrl\":\"https:\\\/\\\/static.krafthand-truck.de\\\/uploads\\\/2024\\\/07\\\/ASA_Verband_Christian-Thome_Harald-Hahn.jpg\",\"width\":807,\"height\":504},{\"@type\":\"BreadcrumbList\",\"@id\":\"https:\\\/\\\/www.krafthand.de\\\/truck\\\/artikel\\\/asa-verband-harald-hahn-leitet-weiterhin-den-fachbereich-diagnose-und-abgasmessgeraete-40213\\\/#breadcrumb\",\"itemListElement\":[{\"@type\":\"ListItem\",\"position\":1,\"name\":\"Krafthand-Truck\",\"item\":\"https:\\\/\\\/www.krafthand.de\\\/truck\\\/\"},{\"@type\":\"ListItem\",\"position\":2,\"name\":\"Nfz-Branche\",\"item\":\"https:\\\/\\\/www.krafthand.de\\\/truck\\\/kategorie\\\/branche\\\/\"},{\"@type\":\"ListItem\",\"position\":3,\"name\":\"Verb\u00e4nde\\\/Politik\\\/Recht\",\"item\":\"https:\\\/\\\/www.krafthand.de\\\/truck\\\/kategorie\\\/branche\\\/verbaende\\\/\"},{\"@type\":\"ListItem\",\"position\":4,\"name\":\"ASA-Verband: Harald Hahn leitet weiterhin den Fachbereich Diagnose- und Abgasmessger\u00e4te\"}]},{\"@type\":\"WebSite\",\"@id\":\"https:\\\/\\\/www.krafthand.de\\\/truck\\\/#website\",\"url\":\"https:\\\/\\\/www.krafthand.de\\\/truck\\\/\",\"name\":\"Krafthand-Truck\",\"description\":\"\",\"potentialAction\":[{\"@type\":\"SearchAction\",\"target\":{\"@type\":\"EntryPoint\",\"urlTemplate\":\"https:\\\/\\\/www.krafthand.de\\\/truck\\\/?s={search_term_string}\"},\"query-input\":{\"@type\":\"PropertyValueSpecification\",\"valueRequired\":true,\"valueName\":\"search_term_string\"}}],\"inLanguage\":\"de\"},{\"@type\":\"Person\",\"@id\":\"https:\\\/\\\/www.krafthand.de\\\/truck\\\/#\\\/schema\\\/person\\\/51fa80b1c57034c4bf63f9f988fc24ce\",\"name\":\"georg.blenk@krafthand-medien.de\",\"image\":{\"@type\":\"ImageObject\",\"inLanguage\":\"de\",\"@id\":\"https:\\\/\\\/secure.gravatar.com\\\/avatar\\\/93713c30affe0aa95d3a4130e499bb1abee2eb31adbdd9ce2aa1543538490215?s=96&d=mm&r=g\",\"url\":\"https:\\\/\\\/secure.gravatar.com\\\/avatar\\\/93713c30affe0aa95d3a4130e499bb1abee2eb31adbdd9ce2aa1543538490215?s=96&d=mm&r=g\",\"contentUrl\":\"https:\\\/\\\/secure.gravatar.com\\\/avatar\\\/93713c30affe0aa95d3a4130e499bb1abee2eb31adbdd9ce2aa1543538490215?s=96&d=mm&r=g\",\"caption\":\"georg.blenk@krafthand-medien.de\"}}]}<\/script>\n<!-- \/ Yoast SEO plugin. -->","yoast_head_json":{"title":"ASA-Verband: Harald Hahn leitet weiterhin den Fachbereich Diagnose- und Abgasmessger\u00e4te - Krafthand-Truck","description":"ASA-Verband: Harald Hahn ist f\u00fcr weitere zwei Jahre Ressortverantwortlicher f\u00fcr den Fachbereich Diagnose- und Abgasmessger\u00e4te","robots":{"index":"index","follow":"follow","max-snippet":"max-snippet:-1","max-image-preview":"max-image-preview:large","max-video-preview":"max-video-preview:-1"},"canonical":"https:\/\/www.krafthand.de\/truck\/artikel\/asa-verband-harald-hahn-leitet-weiterhin-den-fachbereich-diagnose-und-abgasmessgeraete-40213\/","og_locale":"de_DE","og_type":"article","og_title":"ASA-Verband: Harald Hahn leitet weiterhin den Fachbereich Diagnose- und Abgasmessger\u00e4te - Krafthand-Truck","og_description":"ASA-Verband: Harald Hahn ist f\u00fcr weitere zwei Jahre Ressortverantwortlicher f\u00fcr den Fachbereich Diagnose- und Abgasmessger\u00e4te","og_url":"https:\/\/www.krafthand-truck.de\/artikel\/asa-verband-harald-hahn-leitet-weiterhin-den-fachbereich-diagnose-und-abgasmessgeraete-40213\/","og_site_name":"Krafthand-Truck","article_published_time":"2024-07-19T07:52:54+00:00","article_modified_time":"2024-07-19T11:31:10+00:00","og_image":[{"width":807,"height":504,"url":"https:\/\/static.krafthand-truck.de\/uploads\/2024\/07\/ASA_Verband_Christian-Thome_Harald-Hahn.jpg","type":"image\/jpeg"}],"author":"georg.blenk@krafthand-medien.de","twitter_card":"summary_large_image","twitter_misc":{"Verfasst von":"georg.blenk@krafthand-medien.de","Gesch\u00e4tzte Lesezeit":"3\u00a0Minuten"},"schema":{"@context":"https:\/\/schema.org","@graph":[{"@type":"Article","@id":"https:\/\/www.krafthand.de\/truck\/artikel\/asa-verband-harald-hahn-leitet-weiterhin-den-fachbereich-diagnose-und-abgasmessgeraete-40213\/#article","isPartOf":{"@id":"https:\/\/www.krafthand.de\/truck\/artikel\/asa-verband-harald-hahn-leitet-weiterhin-den-fachbereich-diagnose-und-abgasmessgeraete-40213\/"},"author":{"name":"georg.blenk@krafthand-medien.de","@id":"https:\/\/www.krafthand.de\/truck\/#\/schema\/person\/51fa80b1c57034c4bf63f9f988fc24ce"},"headline":"ASA-Verband: Harald Hahn leitet weiterhin den Fachbereich Diagnose- und Abgasmessger\u00e4te","datePublished":"2024-07-19T07:52:54+00:00","dateModified":"2024-07-19T11:31:10+00:00","mainEntityOfPage":{"@id":"https:\/\/www.krafthand.de\/truck\/artikel\/asa-verband-harald-hahn-leitet-weiterhin-den-fachbereich-diagnose-und-abgasmessgeraete-40213\/"},"wordCount":400,"image":{"@id":"https:\/\/www.krafthand.de\/truck\/artikel\/asa-verband-harald-hahn-leitet-weiterhin-den-fachbereich-diagnose-und-abgasmessgeraete-40213\/#primaryimage"},"thumbnailUrl":"https:\/\/static.krafthand-truck.de\/uploads\/2024\/07\/ASA_Verband_Christian-Thome_Harald-Hahn.jpg","keywords":["ASA","AVL Ditest","Christian Thom\u00e9","Harald Hahn","Hella Gutmann Solutions","Partikelz\u00e4hler","Security Gateway"],"articleSection":["K\u00f6pfe\/Personen","Verb\u00e4nde\/Politik\/Recht"],"inLanguage":"de"},{"@type":"WebPage","@id":"https:\/\/www.krafthand.de\/truck\/artikel\/asa-verband-harald-hahn-leitet-weiterhin-den-fachbereich-diagnose-und-abgasmessgeraete-40213\/","url":"https:\/\/www.krafthand.de\/truck\/artikel\/asa-verband-harald-hahn-leitet-weiterhin-den-fachbereich-diagnose-und-abgasmessgeraete-40213\/","name":"ASA-Verband: Harald Hahn leitet weiterhin den Fachbereich Diagnose- und Abgasmessger\u00e4te - Krafthand-Truck","isPartOf":{"@id":"https:\/\/www.krafthand.de\/truck\/#website"},"primaryImageOfPage":{"@id":"https:\/\/www.krafthand.de\/truck\/artikel\/asa-verband-harald-hahn-leitet-weiterhin-den-fachbereich-diagnose-und-abgasmessgeraete-40213\/#primaryimage"},"image":{"@id":"https:\/\/www.krafthand.de\/truck\/artikel\/asa-verband-harald-hahn-leitet-weiterhin-den-fachbereich-diagnose-und-abgasmessgeraete-40213\/#primaryimage"},"thumbnailUrl":"https:\/\/static.krafthand-truck.de\/uploads\/2024\/07\/ASA_Verband_Christian-Thome_Harald-Hahn.jpg","datePublished":"2024-07-19T07:52:54+00:00","dateModified":"2024-07-19T11:31:10+00:00","author":{"@id":"https:\/\/www.krafthand.de\/truck\/#\/schema\/person\/51fa80b1c57034c4bf63f9f988fc24ce"},"description":"ASA-Verband: Harald Hahn ist f\u00fcr weitere zwei Jahre Ressortverantwortlicher f\u00fcr den Fachbereich Diagnose- und Abgasmessger\u00e4te","breadcrumb":{"@id":"https:\/\/www.krafthand.de\/truck\/artikel\/asa-verband-harald-hahn-leitet-weiterhin-den-fachbereich-diagnose-und-abgasmessgeraete-40213\/#breadcrumb"},"inLanguage":"de","potentialAction":[{"@type":"ReadAction","target":["https:\/\/www.krafthand.de\/truck\/artikel\/asa-verband-harald-hahn-leitet-weiterhin-den-fachbereich-diagnose-und-abgasmessgeraete-40213\/"]}]},{"@type":"ImageObject","inLanguage":"de","@id":"https:\/\/www.krafthand.de\/truck\/artikel\/asa-verband-harald-hahn-leitet-weiterhin-den-fachbereich-diagnose-und-abgasmessgeraete-40213\/#primaryimage","url":"https:\/\/static.krafthand-truck.de\/uploads\/2024\/07\/ASA_Verband_Christian-Thome_Harald-Hahn.jpg","contentUrl":"https:\/\/static.krafthand-truck.de\/uploads\/2024\/07\/ASA_Verband_Christian-Thome_Harald-Hahn.jpg","width":807,"height":504},{"@type":"BreadcrumbList","@id":"https:\/\/www.krafthand.de\/truck\/artikel\/asa-verband-harald-hahn-leitet-weiterhin-den-fachbereich-diagnose-und-abgasmessgeraete-40213\/#breadcrumb","itemListElement":[{"@type":"ListItem","position":1,"name":"Krafthand-Truck","item":"https:\/\/www.krafthand.de\/truck\/"},{"@type":"ListItem","position":2,"name":"Nfz-Branche","item":"https:\/\/www.krafthand.de\/truck\/kategorie\/branche\/"},{"@type":"ListItem","position":3,"name":"Verb\u00e4nde\/Politik\/Recht","item":"https:\/\/www.krafthand.de\/truck\/kategorie\/branche\/verbaende\/"},{"@type":"ListItem","position":4,"name":"ASA-Verband: Harald Hahn leitet weiterhin den Fachbereich Diagnose- und Abgasmessger\u00e4te"}]},{"@type":"WebSite","@id":"https:\/\/www.krafthand.de\/truck\/#website","url":"https:\/\/www.krafthand.de\/truck\/","name":"Krafthand-Truck","description":"","potentialAction":[{"@type":"SearchAction","target":{"@type":"EntryPoint","urlTemplate":"https:\/\/www.krafthand.de\/truck\/?s={search_term_string}"},"query-input":{"@type":"PropertyValueSpecification","valueRequired":true,"valueName":"search_term_string"}}],"inLanguage":"de"},{"@type":"Person","@id":"https:\/\/www.krafthand.de\/truck\/#\/schema\/person\/51fa80b1c57034c4bf63f9f988fc24ce","name":"georg.blenk@krafthand-medien.de","image":{"@type":"ImageObject","inLanguage":"de","@id":"https:\/\/secure.gravatar.com\/avatar\/93713c30affe0aa95d3a4130e499bb1abee2eb31adbdd9ce2aa1543538490215?s=96&d=mm&r=g","url":"https:\/\/secure.gravatar.com\/avatar\/93713c30affe0aa95d3a4130e499bb1abee2eb31adbdd9ce2aa1543538490215?s=96&d=mm&r=g","contentUrl":"https:\/\/secure.gravatar.com\/avatar\/93713c30affe0aa95d3a4130e499bb1abee2eb31adbdd9ce2aa1543538490215?s=96&d=mm&r=g","caption":"georg.blenk@krafthand-medien.de"}}]}},"_links":{"self":[{"href":"https:\/\/www.krafthand.de\/truck\/wp-json\/wp\/v2\/posts\/40213","targetHints":{"allow":["GET"]}}],"collection":[{"href":"https:\/\/www.krafthand.de\/truck\/wp-json\/wp\/v2\/posts"}],"about":[{"href":"https:\/\/www.krafthand.de\/truck\/wp-json\/wp\/v2\/types\/post"}],"author":[{"embeddable":true,"href":"https:\/\/www.krafthand.de\/truck\/wp-json\/wp\/v2\/users\/9"}],"replies":[{"embeddable":true,"href":"https:\/\/www.krafthand.de\/truck\/wp-json\/wp\/v2\/comments?post=40213"}],"version-history":[{"count":17,"href":"https:\/\/www.krafthand.de\/truck\/wp-json\/wp\/v2\/posts\/40213\/revisions"}],"predecessor-version":[{"id":40231,"href":"https:\/\/www.krafthand.de\/truck\/wp-json\/wp\/v2\/posts\/40213\/revisions\/40231"}],"wp:featuredmedia":[{"embeddable":true,"href":"https:\/\/www.krafthand.de\/truck\/wp-json\/wp\/v2\/media\/40222"}],"wp:attachment":[{"href":"https:\/\/www.krafthand.de\/truck\/wp-json\/wp\/v2\/media?parent=40213"}],"wp:term":[{"taxonomy":"category","embeddable":true,"href":"https:\/\/www.krafthand.de\/truck\/wp-json\/wp\/v2\/categories?post=40213"},{"taxonomy":"post_tag","embeddable":true,"href":"https:\/\/www.krafthand.de\/truck\/wp-json\/wp\/v2\/tags?post=40213"},{"taxonomy":"settings","embeddable":true,"href":"https:\/\/www.krafthand.de\/truck\/wp-json\/wp\/v2\/settings?post=40213"}],"curies":[{"name":"wp","href":"https:\/\/api.w.org\/{rel}","templated":true}]}}