{"id":40202,"date":"2024-07-15T10:15:10","date_gmt":"2024-07-15T08:15:10","guid":{"rendered":"https:\/\/www.krafthand.de\/truck\/?p=40202"},"modified":"2024-07-15T10:19:43","modified_gmt":"2024-07-15T08:19:43","slug":"einzelabnahme-fuer-framo-lkw-mit-brennstoffzelle-von-fes-vom-tuev-thueringen","status":"publish","type":"post","link":"https:\/\/www.krafthand.de\/truck\/artikel\/einzelabnahme-fuer-framo-lkw-mit-brennstoffzelle-von-fes-vom-tuev-thueringen-40202\/","title":{"rendered":"Einzelabnahme f\u00fcr FRAMO-Lkw mit Brennstoffzelle von FES vom T\u00dcV Th\u00fcringen"},"content":{"rendered":"<p>Auf der Suche nach lokal emissionsfreien Antriebsl\u00f6sungen setzen die Hersteller schwerer Lkw verst\u00e4rkt auf die Brennstoffzellen-Technologie, mit deren Hilfe sich ein vollelektrischer Antrieb und damit ein umweltfreundlicher Schwerlastverkehr realisieren lassen.\u00a0 Ein Beispiel f\u00fcr einen emissionsfreien Lkw ist der neuentwickelte Brennstoffzellen-Lkw der <a href=\"https:\/\/www.fes-aes.de\" target=\"_blank\" rel=\"noopener\">FES GmbH Fahrzeug-Entwicklung<\/a> Sachsen auf <a href=\"https:\/\/www.framo-eway.com\/de\/\" target=\"_blank\" rel=\"noopener\">FRAMO<\/a>-Basis. Den ersten Erprobungstr\u00e4ger hat der Technische Dienst des T\u00dcV Th\u00fcringen im Rahmen einer EG-Einzelgenehmigung gepr\u00fcft.<\/p>\n<p>Wie jedes andere Fahrzeug muss auch der Brennstoffzellen-Lkw von FES auf Basis eines FRAMO ein Zulassungsverfahren f\u00fcr den Stra\u00dfenverkehr durchlaufen. F\u00fcr ihren Erprobungstr\u00e4ger strebten die beiden Hersteller, einerseits die FES GmbH Fahrzeug\u2011Entwicklung Sachsen aus Zwickau und die FRAMO GmbH aus dem th\u00fcringischen L\u00f6bichau, eine EG-Einzelgenehmigung an. Die Sachverst\u00e4ndigen vom Technischen Dienst Gesamtfahrzeug des <a href=\"https:\/\/tuev-thueringen.de\" target=\"_blank\" rel=\"noopener\">T\u00dcV Th\u00fcringen<\/a> haben den vollelektrischen Lkw mit seiner Brennstoffzelle hierzu auf Herz und Nieren \u00fcberpr\u00fcft.<\/p>\n<h3>Warnger\u00e4usch-Generator und EMV<\/h3>\n<p>Zur Einzelabnahme geh\u00f6ren beispielsweise verschiedene Ger\u00e4uschmessungen. Hierbei werden einerseits die Vorbeifahrger\u00e4usche gem\u00e4\u00df UNECE R134 und nach VO(EU) 540\/2014 gemessen, anderseits m\u00fcssen sie aber auch \u00fcber ein Acoustic Vehicle Alert System (AVAS) verf\u00fcgen. Hierbei handelt es sich um einen Warnger\u00e4usch-Generator, der Fu\u00dfg\u00e4nger und Radfahrer auf das leise Fahrzeug aufmerksam macht. Dar\u00fcber hinaus musste sich der Lkw einer elektromagnetischen Vertr\u00e4glichkeitspr\u00fcfung gem\u00e4\u00df UNECE R10 unterziehen. Eine weitere Anforderung f\u00fcr eine EG-Einzelgenehmigung und f\u00fcr die Erh\u00f6hung der Stra\u00dfenverkehrssicherheit ist die \u00dcberpr\u00fcfung der Geschwindigkeits-Begrenzungseinrichtungen gem\u00e4\u00df der UNECE R89. Die sicherheitstechnischen Anforderungen von Fahrzeugen mit einem Elektroantrieb sind besonders hoch, daher musste auch die elektrische Sicherheit gem\u00e4\u00df der UNECE R100 am vollelektrischen Brennstoffzellen-Lkw gepr\u00fcft werden. Eine Formsache ist hingegen die \u00dcberpr\u00fcfung des gesetzlich vorgeschriebenen Fabrikschilds sowie die Einhaltung der europ\u00e4ischen FIN-Verordnung, die eine eindeutige Identifizierung von Hersteller und Typ erm\u00f6glicht.<\/p>\n<p>Nach dem erfolgreichen Durchlaufen der Pr\u00fcfungen durch den T\u00dcV Th\u00fcringen und dem Erteilen der Einzelgenehmigung seitens der Genehmigungsbeh\u00f6rden soll der Brennstoffzellen-Lkw am <strong>22. Juli in Zwickau der \u00d6ffentlichkeit<\/strong> pr\u00e4sentiert werden. Das 18 Tonnen schwere Fahrzeug basiert auf einem OEM-Fahrgestell und ist der erste Erprobungstr\u00e4ger. Als Serienfahrzeug k\u00f6nnte es k\u00fcnftig im Bereich der City-Logistik zum Einsatz kommen und je nach Aufbau beispielsweise als K\u00fchltransporter genutzt werden.<\/p>\n","protected":false},"excerpt":{"rendered":"<p>Auf der Suche nach lokal emissionsfreien Antriebsl\u00f6sungen setzen die Hersteller schwerer Lkw verst\u00e4rkt auf die Brennstoffzellen-Technologie, mit deren Hilfe sich ein vollelektrischer Antrieb und damit ein umweltfreundlicher Schwerlastverkehr realisieren lassen.\u00a0 Ein Beispiel f\u00fcr einen emissionsfreien Lkw ist der neuentwickelte Brennstoffzellen-Lkw der FES GmbH Fahrzeug-Entwicklung Sachsen auf FRAMO-Basis. Den ersten Erprobungstr\u00e4ger hat der Technische Dienst des T\u00dcV Th\u00fcringen im Rahmen einer EG-Einzelgenehmigung gepr\u00fcft. <span class=\"excerpt-more__dots\">&#8230;<\/span> <a class=\"excerpt-more__link\" href=\"https:\/\/www.krafthand.de\/truck\/artikel\/einzelabnahme-fuer-framo-lkw-mit-brennstoffzelle-von-fes-vom-tuev-thueringen-40202\/\" >weiter<\/a><\/p>\n","protected":false},"author":9,"featured_media":40210,"comment_status":"closed","ping_status":"closed","sticky":false,"template":"","format":"standard","meta":{"footnotes":""},"categories":[4224,4915],"tags":[4209,4348,5993,5994,4468],"settings":[4766,3523],"class_list":["post-40202","post","type-post","status-publish","format-standard","has-post-thumbnail","hentry","category-e-antrieb","category-neue-fahrzeuge","tag-brennstoffzelle","tag-fcev","tag-fes","tag-framo","tag-tuev-thueringen"],"yoast_head":"<!-- This site is optimized with the Yoast SEO plugin v27.3 - https:\/\/yoast.com\/product\/yoast-seo-wordpress\/ -->\n<title>Einzelabnahme f\u00fcr FRAMO-Lkw mit Brennstoffzelle von FES vom T\u00dcV Th\u00fcringen - Krafthand-Truck<\/title>\n<meta name=\"description\" content=\"Einzelabnahme des T\u00dcV Th\u00fcringen eines neuentwickelten Brennstoffzellen-Lkw der FES GmbH Fahrzeug-Entwicklung Sachsen auf FRAMO-Basis.\" \/>\n<meta name=\"robots\" content=\"index, follow, max-snippet:-1, max-image-preview:large, max-video-preview:-1\" \/>\n<link rel=\"canonical\" href=\"https:\/\/www.krafthand.de\/truck\/artikel\/einzelabnahme-fuer-framo-lkw-mit-brennstoffzelle-von-fes-vom-tuev-thueringen-40202\/\" \/>\n<meta property=\"og:locale\" content=\"de_DE\" \/>\n<meta property=\"og:type\" content=\"article\" \/>\n<meta property=\"og:title\" content=\"Einzelabnahme f\u00fcr FRAMO-Lkw mit Brennstoffzelle von FES vom T\u00dcV Th\u00fcringen - Krafthand-Truck\" \/>\n<meta property=\"og:description\" content=\"Einzelabnahme des T\u00dcV Th\u00fcringen eines neuentwickelten Brennstoffzellen-Lkw der FES GmbH Fahrzeug-Entwicklung Sachsen auf FRAMO-Basis.\" \/>\n<meta property=\"og:url\" content=\"https:\/\/www.krafthand-truck.de\/artikel\/einzelabnahme-fuer-framo-lkw-mit-brennstoffzelle-von-fes-vom-tuev-thueringen-40202\/\" \/>\n<meta property=\"og:site_name\" content=\"Krafthand-Truck\" \/>\n<meta property=\"article:published_time\" content=\"2024-07-15T08:15:10+00:00\" \/>\n<meta property=\"article:modified_time\" content=\"2024-07-15T08:19:43+00:00\" \/>\n<meta property=\"og:image\" content=\"https:\/\/static.krafthand-truck.de\/uploads\/2024\/07\/TUEV_Thuerngen_Framo-FES-Brennstoffzellen-Lkw.jpg\" \/>\n\t<meta property=\"og:image:width\" content=\"1008\" \/>\n\t<meta property=\"og:image:height\" content=\"756\" \/>\n\t<meta property=\"og:image:type\" content=\"image\/jpeg\" \/>\n<meta name=\"author\" content=\"georg.blenk@krafthand-medien.de\" \/>\n<meta name=\"twitter:card\" content=\"summary_large_image\" \/>\n<meta name=\"twitter:label1\" content=\"Verfasst von\" \/>\n\t<meta name=\"twitter:data1\" content=\"georg.blenk@krafthand-medien.de\" \/>\n\t<meta name=\"twitter:label2\" content=\"Gesch\u00e4tzte Lesezeit\" \/>\n\t<meta name=\"twitter:data2\" content=\"3\u00a0Minuten\" \/>\n<script type=\"application\/ld+json\" class=\"yoast-schema-graph\">{\"@context\":\"https:\\\/\\\/schema.org\",\"@graph\":[{\"@type\":\"Article\",\"@id\":\"https:\\\/\\\/www.krafthand.de\\\/truck\\\/artikel\\\/einzelabnahme-fuer-framo-lkw-mit-brennstoffzelle-von-fes-vom-tuev-thueringen-40202\\\/#article\",\"isPartOf\":{\"@id\":\"https:\\\/\\\/www.krafthand.de\\\/truck\\\/artikel\\\/einzelabnahme-fuer-framo-lkw-mit-brennstoffzelle-von-fes-vom-tuev-thueringen-40202\\\/\"},\"author\":{\"name\":\"georg.blenk@krafthand-medien.de\",\"@id\":\"https:\\\/\\\/www.krafthand.de\\\/truck\\\/#\\\/schema\\\/person\\\/51fa80b1c57034c4bf63f9f988fc24ce\"},\"headline\":\"Einzelabnahme f\u00fcr FRAMO-Lkw mit Brennstoffzelle von FES vom T\u00dcV Th\u00fcringen\",\"datePublished\":\"2024-07-15T08:15:10+00:00\",\"dateModified\":\"2024-07-15T08:19:43+00:00\",\"mainEntityOfPage\":{\"@id\":\"https:\\\/\\\/www.krafthand.de\\\/truck\\\/artikel\\\/einzelabnahme-fuer-framo-lkw-mit-brennstoffzelle-von-fes-vom-tuev-thueringen-40202\\\/\"},\"wordCount\":391,\"image\":{\"@id\":\"https:\\\/\\\/www.krafthand.de\\\/truck\\\/artikel\\\/einzelabnahme-fuer-framo-lkw-mit-brennstoffzelle-von-fes-vom-tuev-thueringen-40202\\\/#primaryimage\"},\"thumbnailUrl\":\"https:\\\/\\\/static.krafthand-truck.de\\\/uploads\\\/2024\\\/07\\\/TUEV_Thuerngen_Framo-FES-Brennstoffzellen-Lkw.jpg\",\"keywords\":[\"Brennstoffzelle\",\"FCEV\",\"FES\",\"Framo\",\"T\u00dcV Th\u00fcringen\"],\"articleSection\":[\"E-Antrieb (BEV\\\/FCEV)\",\"Neue Fahrzeuge\"],\"inLanguage\":\"de\"},{\"@type\":\"WebPage\",\"@id\":\"https:\\\/\\\/www.krafthand.de\\\/truck\\\/artikel\\\/einzelabnahme-fuer-framo-lkw-mit-brennstoffzelle-von-fes-vom-tuev-thueringen-40202\\\/\",\"url\":\"https:\\\/\\\/www.krafthand.de\\\/truck\\\/artikel\\\/einzelabnahme-fuer-framo-lkw-mit-brennstoffzelle-von-fes-vom-tuev-thueringen-40202\\\/\",\"name\":\"Einzelabnahme f\u00fcr FRAMO-Lkw mit Brennstoffzelle von FES vom T\u00dcV Th\u00fcringen - Krafthand-Truck\",\"isPartOf\":{\"@id\":\"https:\\\/\\\/www.krafthand.de\\\/truck\\\/#website\"},\"primaryImageOfPage\":{\"@id\":\"https:\\\/\\\/www.krafthand.de\\\/truck\\\/artikel\\\/einzelabnahme-fuer-framo-lkw-mit-brennstoffzelle-von-fes-vom-tuev-thueringen-40202\\\/#primaryimage\"},\"image\":{\"@id\":\"https:\\\/\\\/www.krafthand.de\\\/truck\\\/artikel\\\/einzelabnahme-fuer-framo-lkw-mit-brennstoffzelle-von-fes-vom-tuev-thueringen-40202\\\/#primaryimage\"},\"thumbnailUrl\":\"https:\\\/\\\/static.krafthand-truck.de\\\/uploads\\\/2024\\\/07\\\/TUEV_Thuerngen_Framo-FES-Brennstoffzellen-Lkw.jpg\",\"datePublished\":\"2024-07-15T08:15:10+00:00\",\"dateModified\":\"2024-07-15T08:19:43+00:00\",\"author\":{\"@id\":\"https:\\\/\\\/www.krafthand.de\\\/truck\\\/#\\\/schema\\\/person\\\/51fa80b1c57034c4bf63f9f988fc24ce\"},\"description\":\"Einzelabnahme des T\u00dcV Th\u00fcringen eines neuentwickelten Brennstoffzellen-Lkw der FES GmbH Fahrzeug-Entwicklung Sachsen auf FRAMO-Basis.\",\"breadcrumb\":{\"@id\":\"https:\\\/\\\/www.krafthand.de\\\/truck\\\/artikel\\\/einzelabnahme-fuer-framo-lkw-mit-brennstoffzelle-von-fes-vom-tuev-thueringen-40202\\\/#breadcrumb\"},\"inLanguage\":\"de\",\"potentialAction\":[{\"@type\":\"ReadAction\",\"target\":[\"https:\\\/\\\/www.krafthand.de\\\/truck\\\/artikel\\\/einzelabnahme-fuer-framo-lkw-mit-brennstoffzelle-von-fes-vom-tuev-thueringen-40202\\\/\"]}]},{\"@type\":\"ImageObject\",\"inLanguage\":\"de\",\"@id\":\"https:\\\/\\\/www.krafthand.de\\\/truck\\\/artikel\\\/einzelabnahme-fuer-framo-lkw-mit-brennstoffzelle-von-fes-vom-tuev-thueringen-40202\\\/#primaryimage\",\"url\":\"https:\\\/\\\/static.krafthand-truck.de\\\/uploads\\\/2024\\\/07\\\/TUEV_Thuerngen_Framo-FES-Brennstoffzellen-Lkw.jpg\",\"contentUrl\":\"https:\\\/\\\/static.krafthand-truck.de\\\/uploads\\\/2024\\\/07\\\/TUEV_Thuerngen_Framo-FES-Brennstoffzellen-Lkw.jpg\",\"width\":1008,\"height\":756},{\"@type\":\"BreadcrumbList\",\"@id\":\"https:\\\/\\\/www.krafthand.de\\\/truck\\\/artikel\\\/einzelabnahme-fuer-framo-lkw-mit-brennstoffzelle-von-fes-vom-tuev-thueringen-40202\\\/#breadcrumb\",\"itemListElement\":[{\"@type\":\"ListItem\",\"position\":1,\"name\":\"Krafthand-Truck\",\"item\":\"https:\\\/\\\/www.krafthand.de\\\/truck\\\/\"},{\"@type\":\"ListItem\",\"position\":2,\"name\":\"IT+Fuhrpark\",\"item\":\"https:\\\/\\\/www.krafthand.de\\\/truck\\\/kategorie\\\/fuhrpark\\\/\"},{\"@type\":\"ListItem\",\"position\":3,\"name\":\"Neue Fahrzeuge\",\"item\":\"https:\\\/\\\/www.krafthand.de\\\/truck\\\/kategorie\\\/fuhrpark\\\/neue-fahrzeuge\\\/\"},{\"@type\":\"ListItem\",\"position\":4,\"name\":\"Einzelabnahme f\u00fcr FRAMO-Lkw mit Brennstoffzelle von FES vom T\u00dcV Th\u00fcringen\"}]},{\"@type\":\"WebSite\",\"@id\":\"https:\\\/\\\/www.krafthand.de\\\/truck\\\/#website\",\"url\":\"https:\\\/\\\/www.krafthand.de\\\/truck\\\/\",\"name\":\"Krafthand-Truck\",\"description\":\"\",\"potentialAction\":[{\"@type\":\"SearchAction\",\"target\":{\"@type\":\"EntryPoint\",\"urlTemplate\":\"https:\\\/\\\/www.krafthand.de\\\/truck\\\/?s={search_term_string}\"},\"query-input\":{\"@type\":\"PropertyValueSpecification\",\"valueRequired\":true,\"valueName\":\"search_term_string\"}}],\"inLanguage\":\"de\"},{\"@type\":\"Person\",\"@id\":\"https:\\\/\\\/www.krafthand.de\\\/truck\\\/#\\\/schema\\\/person\\\/51fa80b1c57034c4bf63f9f988fc24ce\",\"name\":\"georg.blenk@krafthand-medien.de\",\"image\":{\"@type\":\"ImageObject\",\"inLanguage\":\"de\",\"@id\":\"https:\\\/\\\/secure.gravatar.com\\\/avatar\\\/93713c30affe0aa95d3a4130e499bb1abee2eb31adbdd9ce2aa1543538490215?s=96&d=mm&r=g\",\"url\":\"https:\\\/\\\/secure.gravatar.com\\\/avatar\\\/93713c30affe0aa95d3a4130e499bb1abee2eb31adbdd9ce2aa1543538490215?s=96&d=mm&r=g\",\"contentUrl\":\"https:\\\/\\\/secure.gravatar.com\\\/avatar\\\/93713c30affe0aa95d3a4130e499bb1abee2eb31adbdd9ce2aa1543538490215?s=96&d=mm&r=g\",\"caption\":\"georg.blenk@krafthand-medien.de\"}}]}<\/script>\n<!-- \/ Yoast SEO plugin. -->","yoast_head_json":{"title":"Einzelabnahme f\u00fcr FRAMO-Lkw mit Brennstoffzelle von FES vom T\u00dcV Th\u00fcringen - Krafthand-Truck","description":"Einzelabnahme des T\u00dcV Th\u00fcringen eines neuentwickelten Brennstoffzellen-Lkw der FES GmbH Fahrzeug-Entwicklung Sachsen auf FRAMO-Basis.","robots":{"index":"index","follow":"follow","max-snippet":"max-snippet:-1","max-image-preview":"max-image-preview:large","max-video-preview":"max-video-preview:-1"},"canonical":"https:\/\/www.krafthand.de\/truck\/artikel\/einzelabnahme-fuer-framo-lkw-mit-brennstoffzelle-von-fes-vom-tuev-thueringen-40202\/","og_locale":"de_DE","og_type":"article","og_title":"Einzelabnahme f\u00fcr FRAMO-Lkw mit Brennstoffzelle von FES vom T\u00dcV Th\u00fcringen - Krafthand-Truck","og_description":"Einzelabnahme des T\u00dcV Th\u00fcringen eines neuentwickelten Brennstoffzellen-Lkw der FES GmbH Fahrzeug-Entwicklung Sachsen auf FRAMO-Basis.","og_url":"https:\/\/www.krafthand-truck.de\/artikel\/einzelabnahme-fuer-framo-lkw-mit-brennstoffzelle-von-fes-vom-tuev-thueringen-40202\/","og_site_name":"Krafthand-Truck","article_published_time":"2024-07-15T08:15:10+00:00","article_modified_time":"2024-07-15T08:19:43+00:00","og_image":[{"width":1008,"height":756,"url":"https:\/\/static.krafthand-truck.de\/uploads\/2024\/07\/TUEV_Thuerngen_Framo-FES-Brennstoffzellen-Lkw.jpg","type":"image\/jpeg"}],"author":"georg.blenk@krafthand-medien.de","twitter_card":"summary_large_image","twitter_misc":{"Verfasst von":"georg.blenk@krafthand-medien.de","Gesch\u00e4tzte Lesezeit":"3\u00a0Minuten"},"schema":{"@context":"https:\/\/schema.org","@graph":[{"@type":"Article","@id":"https:\/\/www.krafthand.de\/truck\/artikel\/einzelabnahme-fuer-framo-lkw-mit-brennstoffzelle-von-fes-vom-tuev-thueringen-40202\/#article","isPartOf":{"@id":"https:\/\/www.krafthand.de\/truck\/artikel\/einzelabnahme-fuer-framo-lkw-mit-brennstoffzelle-von-fes-vom-tuev-thueringen-40202\/"},"author":{"name":"georg.blenk@krafthand-medien.de","@id":"https:\/\/www.krafthand.de\/truck\/#\/schema\/person\/51fa80b1c57034c4bf63f9f988fc24ce"},"headline":"Einzelabnahme f\u00fcr FRAMO-Lkw mit Brennstoffzelle von FES vom T\u00dcV Th\u00fcringen","datePublished":"2024-07-15T08:15:10+00:00","dateModified":"2024-07-15T08:19:43+00:00","mainEntityOfPage":{"@id":"https:\/\/www.krafthand.de\/truck\/artikel\/einzelabnahme-fuer-framo-lkw-mit-brennstoffzelle-von-fes-vom-tuev-thueringen-40202\/"},"wordCount":391,"image":{"@id":"https:\/\/www.krafthand.de\/truck\/artikel\/einzelabnahme-fuer-framo-lkw-mit-brennstoffzelle-von-fes-vom-tuev-thueringen-40202\/#primaryimage"},"thumbnailUrl":"https:\/\/static.krafthand-truck.de\/uploads\/2024\/07\/TUEV_Thuerngen_Framo-FES-Brennstoffzellen-Lkw.jpg","keywords":["Brennstoffzelle","FCEV","FES","Framo","T\u00dcV Th\u00fcringen"],"articleSection":["E-Antrieb (BEV\/FCEV)","Neue Fahrzeuge"],"inLanguage":"de"},{"@type":"WebPage","@id":"https:\/\/www.krafthand.de\/truck\/artikel\/einzelabnahme-fuer-framo-lkw-mit-brennstoffzelle-von-fes-vom-tuev-thueringen-40202\/","url":"https:\/\/www.krafthand.de\/truck\/artikel\/einzelabnahme-fuer-framo-lkw-mit-brennstoffzelle-von-fes-vom-tuev-thueringen-40202\/","name":"Einzelabnahme f\u00fcr FRAMO-Lkw mit Brennstoffzelle von FES vom T\u00dcV Th\u00fcringen - Krafthand-Truck","isPartOf":{"@id":"https:\/\/www.krafthand.de\/truck\/#website"},"primaryImageOfPage":{"@id":"https:\/\/www.krafthand.de\/truck\/artikel\/einzelabnahme-fuer-framo-lkw-mit-brennstoffzelle-von-fes-vom-tuev-thueringen-40202\/#primaryimage"},"image":{"@id":"https:\/\/www.krafthand.de\/truck\/artikel\/einzelabnahme-fuer-framo-lkw-mit-brennstoffzelle-von-fes-vom-tuev-thueringen-40202\/#primaryimage"},"thumbnailUrl":"https:\/\/static.krafthand-truck.de\/uploads\/2024\/07\/TUEV_Thuerngen_Framo-FES-Brennstoffzellen-Lkw.jpg","datePublished":"2024-07-15T08:15:10+00:00","dateModified":"2024-07-15T08:19:43+00:00","author":{"@id":"https:\/\/www.krafthand.de\/truck\/#\/schema\/person\/51fa80b1c57034c4bf63f9f988fc24ce"},"description":"Einzelabnahme des T\u00dcV Th\u00fcringen eines neuentwickelten Brennstoffzellen-Lkw der FES GmbH Fahrzeug-Entwicklung Sachsen auf FRAMO-Basis.","breadcrumb":{"@id":"https:\/\/www.krafthand.de\/truck\/artikel\/einzelabnahme-fuer-framo-lkw-mit-brennstoffzelle-von-fes-vom-tuev-thueringen-40202\/#breadcrumb"},"inLanguage":"de","potentialAction":[{"@type":"ReadAction","target":["https:\/\/www.krafthand.de\/truck\/artikel\/einzelabnahme-fuer-framo-lkw-mit-brennstoffzelle-von-fes-vom-tuev-thueringen-40202\/"]}]},{"@type":"ImageObject","inLanguage":"de","@id":"https:\/\/www.krafthand.de\/truck\/artikel\/einzelabnahme-fuer-framo-lkw-mit-brennstoffzelle-von-fes-vom-tuev-thueringen-40202\/#primaryimage","url":"https:\/\/static.krafthand-truck.de\/uploads\/2024\/07\/TUEV_Thuerngen_Framo-FES-Brennstoffzellen-Lkw.jpg","contentUrl":"https:\/\/static.krafthand-truck.de\/uploads\/2024\/07\/TUEV_Thuerngen_Framo-FES-Brennstoffzellen-Lkw.jpg","width":1008,"height":756},{"@type":"BreadcrumbList","@id":"https:\/\/www.krafthand.de\/truck\/artikel\/einzelabnahme-fuer-framo-lkw-mit-brennstoffzelle-von-fes-vom-tuev-thueringen-40202\/#breadcrumb","itemListElement":[{"@type":"ListItem","position":1,"name":"Krafthand-Truck","item":"https:\/\/www.krafthand.de\/truck\/"},{"@type":"ListItem","position":2,"name":"IT+Fuhrpark","item":"https:\/\/www.krafthand.de\/truck\/kategorie\/fuhrpark\/"},{"@type":"ListItem","position":3,"name":"Neue Fahrzeuge","item":"https:\/\/www.krafthand.de\/truck\/kategorie\/fuhrpark\/neue-fahrzeuge\/"},{"@type":"ListItem","position":4,"name":"Einzelabnahme f\u00fcr FRAMO-Lkw mit Brennstoffzelle von FES vom T\u00dcV Th\u00fcringen"}]},{"@type":"WebSite","@id":"https:\/\/www.krafthand.de\/truck\/#website","url":"https:\/\/www.krafthand.de\/truck\/","name":"Krafthand-Truck","description":"","potentialAction":[{"@type":"SearchAction","target":{"@type":"EntryPoint","urlTemplate":"https:\/\/www.krafthand.de\/truck\/?s={search_term_string}"},"query-input":{"@type":"PropertyValueSpecification","valueRequired":true,"valueName":"search_term_string"}}],"inLanguage":"de"},{"@type":"Person","@id":"https:\/\/www.krafthand.de\/truck\/#\/schema\/person\/51fa80b1c57034c4bf63f9f988fc24ce","name":"georg.blenk@krafthand-medien.de","image":{"@type":"ImageObject","inLanguage":"de","@id":"https:\/\/secure.gravatar.com\/avatar\/93713c30affe0aa95d3a4130e499bb1abee2eb31adbdd9ce2aa1543538490215?s=96&d=mm&r=g","url":"https:\/\/secure.gravatar.com\/avatar\/93713c30affe0aa95d3a4130e499bb1abee2eb31adbdd9ce2aa1543538490215?s=96&d=mm&r=g","contentUrl":"https:\/\/secure.gravatar.com\/avatar\/93713c30affe0aa95d3a4130e499bb1abee2eb31adbdd9ce2aa1543538490215?s=96&d=mm&r=g","caption":"georg.blenk@krafthand-medien.de"}}]}},"_links":{"self":[{"href":"https:\/\/www.krafthand.de\/truck\/wp-json\/wp\/v2\/posts\/40202","targetHints":{"allow":["GET"]}}],"collection":[{"href":"https:\/\/www.krafthand.de\/truck\/wp-json\/wp\/v2\/posts"}],"about":[{"href":"https:\/\/www.krafthand.de\/truck\/wp-json\/wp\/v2\/types\/post"}],"author":[{"embeddable":true,"href":"https:\/\/www.krafthand.de\/truck\/wp-json\/wp\/v2\/users\/9"}],"replies":[{"embeddable":true,"href":"https:\/\/www.krafthand.de\/truck\/wp-json\/wp\/v2\/comments?post=40202"}],"version-history":[{"count":7,"href":"https:\/\/www.krafthand.de\/truck\/wp-json\/wp\/v2\/posts\/40202\/revisions"}],"predecessor-version":[{"id":40211,"href":"https:\/\/www.krafthand.de\/truck\/wp-json\/wp\/v2\/posts\/40202\/revisions\/40211"}],"wp:featuredmedia":[{"embeddable":true,"href":"https:\/\/www.krafthand.de\/truck\/wp-json\/wp\/v2\/media\/40210"}],"wp:attachment":[{"href":"https:\/\/www.krafthand.de\/truck\/wp-json\/wp\/v2\/media?parent=40202"}],"wp:term":[{"taxonomy":"category","embeddable":true,"href":"https:\/\/www.krafthand.de\/truck\/wp-json\/wp\/v2\/categories?post=40202"},{"taxonomy":"post_tag","embeddable":true,"href":"https:\/\/www.krafthand.de\/truck\/wp-json\/wp\/v2\/tags?post=40202"},{"taxonomy":"settings","embeddable":true,"href":"https:\/\/www.krafthand.de\/truck\/wp-json\/wp\/v2\/settings?post=40202"}],"curies":[{"name":"wp","href":"https:\/\/api.w.org\/{rel}","templated":true}]}}