{"id":40158,"date":"2024-07-12T09:58:49","date_gmt":"2024-07-12T07:58:49","guid":{"rendered":"https:\/\/www.krafthand.de\/truck\/?p=40158"},"modified":"2024-07-12T10:09:05","modified_gmt":"2024-07-12T08:09:05","slug":"e-on-und-man-bauen-gemeinsam-ladenetz-fuer-e-lkw-auf","status":"publish","type":"post","link":"https:\/\/www.krafthand.de\/truck\/artikel\/e-on-und-man-bauen-gemeinsam-ladenetz-fuer-e-lkw-auf-40158\/","title":{"rendered":"E.ON und MAN bauen Ladenetz f\u00fcr E-Lkw auf"},"content":{"rendered":"<p>Der Energieversorger E.ON und MAN Truck &amp; Bus kooperieren und bauen europaweit rund 170 Standorte mit circa 400 Ladepunkten f\u00fcr das Laden von Elektro-Lkw auf. Die Ladestationen sollen entlang des bestehenden MAN-Servicenetzes entstehen und \u00f6ffentlich zug\u00e4nglich sein. Allein in Deutschland sind laut MAN rund 125 Standorte geplant. Damit entsteht hierzulande das bislang gr\u00f6\u00dfte fl\u00e4chendeckende, \u00f6ffentliche Ladenetz f\u00fcr schwere Nutzfahrzeuge. Weitere Standorte m\u00f6chten <a href=\"https:\/\/www.eon.de\" target=\"_blank\" rel=\"noopener\">E.ON<\/a> und <a href=\"https:\/\/www.man.eu\/corporate\/de\/homepage.html\" target=\"_blank\" rel=\"noopener\">MAN<\/a> in \u00d6sterreich, Gro\u00dfbritannien, D\u00e4nemark, Italien, Polen, Tschechien und Ungarn errichten.<\/p>\n<h3>Strategische Standortverteilung, Megawattladen in Planung<\/h3>\n<p>Die neuen Standorte sollen sich an strategisch ausgew\u00e4hlten MAN Servicest\u00fctzpunkten befinden, vorwiegend in Industriegebieten mit hohem Lkw-Aufkommen oder in der N\u00e4he von Autobahnen. So lie\u00dfe sich das \u00f6ffentliche Laden gut in den Betriebsalltag integrieren. Das Layout der Standorte wird speziell f\u00fcr das Laden von elektrischen Nutzfahrzeugen ausgelegt: Dazu geh\u00f6rten unter anderem eine Durchfahrtsm\u00f6glichkeit durch die Ladebucht, so dass Lkw und Busse nicht rangieren m\u00fcssen. Um die \u00f6ffentliche Zug\u00e4nglichkeit unabh\u00e4ngig von der jeweiligen Fahrzeugmarke zu gew\u00e4hrleisten, werden die Ladestationen m\u00f6glichst in von den MAN Servicebetrieben getrennten Bereichen installiert \u2013 mit eigenen Ein- und Ausfahrten f\u00fcr den Ladebereich. Fahrerinnen und Fahrer profitierten zudem tags\u00fcber von der vorhandenen Infrastruktur wie sanit\u00e4ren Anlagen und Aufenthaltsr\u00e4umen.<br \/>\nDer Aufbau der speziell f\u00fcr elektrische Nutzfahrzeuge wie Lkw, Busse und Transporter konzipierten Standorte folgt einem modularen Ansatz. Im ersten Schritt werden die Standorte mit jeweils mehreren 400 Kilowatt-Ladepunkten ausgestattet. Damit kann ein durchschnittlicher Elektro-Lkw in rund 45 Minuten Strom f\u00fcr eine Reichweite von bis zu 300 Kilometer nachladen. Eine sp\u00e4tere Umr\u00fcstung der Standorte auf das Megawatt-Ladesystem MCS ist vorgesehen.<\/p>\n<p><i>Den Beitrag finden Sie auch in der Print-Ausgabe 3-2024 der <a href=\"https:\/\/www.krafthand.de\/truck\/magazin\/\" title=\"Zum Magazin\">Krafthand-Truck<\/a>.<\/i><\/p>","protected":false},"excerpt":{"rendered":"<p>Der Energieversorger E.ON und MAN Truck &#038; Bus kooperieren und bauen europaweit rund 170 Standorte mit circa 400 Ladepunkten f\u00fcr das Laden von Elektro-Lkw auf. Die Ladestationen sollen entlang des bestehenden MAN-Servicenetzes entstehen und \u00f6ffentlich zug\u00e4nglich sein. <span class=\"excerpt-more__dots\">&#8230;<\/span> <a class=\"excerpt-more__link\" href=\"https:\/\/www.krafthand.de\/truck\/artikel\/e-on-und-man-bauen-gemeinsam-ladenetz-fuer-e-lkw-auf-40158\/\" >weiter<\/a><\/p>\n","protected":false},"author":9,"featured_media":40161,"comment_status":"closed","ping_status":"closed","sticky":false,"template":"","format":"standard","meta":{"footnotes":""},"categories":[4224,4238,4235],"tags":[5989,5990,4248,152,5943,5988],"settings":[4766,3523],"class_list":["post-40158","post","type-post","status-publish","format-standard","has-post-thumbnail","hentry","category-e-antrieb","category-koepfe","category-unternehmen","tag-birnbaum","tag-eon","tag-ladeinfrastruktur","tag-man","tag-megawattladen","tag-vlaskamp"],"yoast_head":"<!-- This site is optimized with the Yoast SEO plugin v27.3 - https:\/\/yoast.com\/product\/yoast-seo-wordpress\/ -->\n<title>E.ON und MAN bauen Ladenetz f\u00fcr E-Lkw auf - Krafthand-Truck<\/title>\n<meta name=\"description\" content=\"Der Energieversorger E.ON und MAN Truck &amp; Bus bauen 170 Standorte mit circa 400 Ladepunkten f\u00fcr das Laden von Elektro-Lkw auf.\" \/>\n<meta name=\"robots\" content=\"index, follow, max-snippet:-1, max-image-preview:large, max-video-preview:-1\" \/>\n<link rel=\"canonical\" href=\"https:\/\/www.krafthand.de\/truck\/artikel\/e-on-und-man-bauen-gemeinsam-ladenetz-fuer-e-lkw-auf-40158\/\" \/>\n<meta property=\"og:locale\" content=\"de_DE\" \/>\n<meta property=\"og:type\" content=\"article\" \/>\n<meta property=\"og:title\" content=\"E.ON und MAN bauen Ladenetz f\u00fcr E-Lkw auf - Krafthand-Truck\" \/>\n<meta property=\"og:description\" content=\"Der Energieversorger E.ON und MAN Truck &amp; Bus bauen 170 Standorte mit circa 400 Ladepunkten f\u00fcr das Laden von Elektro-Lkw auf.\" \/>\n<meta property=\"og:url\" content=\"https:\/\/www.krafthand-truck.de\/artikel\/e-on-und-man-bauen-gemeinsam-ladenetz-fuer-e-lkw-auf-40158\/\" \/>\n<meta property=\"og:site_name\" content=\"Krafthand-Truck\" \/>\n<meta property=\"article:published_time\" content=\"2024-07-12T07:58:49+00:00\" \/>\n<meta property=\"article:modified_time\" content=\"2024-07-12T08:09:05+00:00\" \/>\n<meta property=\"og:image\" content=\"https:\/\/static.krafthand-truck.de\/uploads\/2024\/07\/MAN_EON_Ladepunkte_ELkw_Vlaskamp_Birnbaum.jpg\" \/>\n\t<meta property=\"og:image:width\" content=\"1200\" \/>\n\t<meta property=\"og:image:height\" content=\"826\" \/>\n\t<meta property=\"og:image:type\" content=\"image\/jpeg\" \/>\n<meta name=\"author\" content=\"georg.blenk@krafthand-medien.de\" \/>\n<meta name=\"twitter:card\" content=\"summary_large_image\" \/>\n<meta name=\"twitter:label1\" content=\"Verfasst von\" \/>\n\t<meta name=\"twitter:data1\" content=\"georg.blenk@krafthand-medien.de\" \/>\n\t<meta name=\"twitter:label2\" content=\"Gesch\u00e4tzte Lesezeit\" \/>\n\t<meta name=\"twitter:data2\" content=\"2\u00a0Minuten\" \/>\n<script type=\"application\/ld+json\" class=\"yoast-schema-graph\">{\"@context\":\"https:\\\/\\\/schema.org\",\"@graph\":[{\"@type\":\"Article\",\"@id\":\"https:\\\/\\\/www.krafthand.de\\\/truck\\\/artikel\\\/e-on-und-man-bauen-gemeinsam-ladenetz-fuer-e-lkw-auf-40158\\\/#article\",\"isPartOf\":{\"@id\":\"https:\\\/\\\/www.krafthand.de\\\/truck\\\/artikel\\\/e-on-und-man-bauen-gemeinsam-ladenetz-fuer-e-lkw-auf-40158\\\/\"},\"author\":{\"name\":\"georg.blenk@krafthand-medien.de\",\"@id\":\"https:\\\/\\\/www.krafthand.de\\\/truck\\\/#\\\/schema\\\/person\\\/51fa80b1c57034c4bf63f9f988fc24ce\"},\"headline\":\"E.ON und MAN bauen Ladenetz f\u00fcr E-Lkw auf\",\"datePublished\":\"2024-07-12T07:58:49+00:00\",\"dateModified\":\"2024-07-12T08:09:05+00:00\",\"mainEntityOfPage\":{\"@id\":\"https:\\\/\\\/www.krafthand.de\\\/truck\\\/artikel\\\/e-on-und-man-bauen-gemeinsam-ladenetz-fuer-e-lkw-auf-40158\\\/\"},\"wordCount\":284,\"image\":{\"@id\":\"https:\\\/\\\/www.krafthand.de\\\/truck\\\/artikel\\\/e-on-und-man-bauen-gemeinsam-ladenetz-fuer-e-lkw-auf-40158\\\/#primaryimage\"},\"thumbnailUrl\":\"https:\\\/\\\/static.krafthand-truck.de\\\/uploads\\\/2024\\\/07\\\/MAN_EON_Ladepunkte_ELkw_Vlaskamp_Birnbaum.jpg\",\"keywords\":[\"Birnbaum\",\"EOn\",\"Ladeinfrastruktur\",\"MAN\",\"Megawattladen\",\"Vlaskamp\"],\"articleSection\":[\"E-Antrieb (BEV\\\/FCEV)\",\"K\u00f6pfe\\\/Personen\",\"Unternehmen\"],\"inLanguage\":\"de\"},{\"@type\":\"WebPage\",\"@id\":\"https:\\\/\\\/www.krafthand.de\\\/truck\\\/artikel\\\/e-on-und-man-bauen-gemeinsam-ladenetz-fuer-e-lkw-auf-40158\\\/\",\"url\":\"https:\\\/\\\/www.krafthand.de\\\/truck\\\/artikel\\\/e-on-und-man-bauen-gemeinsam-ladenetz-fuer-e-lkw-auf-40158\\\/\",\"name\":\"E.ON und MAN bauen Ladenetz f\u00fcr E-Lkw auf - Krafthand-Truck\",\"isPartOf\":{\"@id\":\"https:\\\/\\\/www.krafthand.de\\\/truck\\\/#website\"},\"primaryImageOfPage\":{\"@id\":\"https:\\\/\\\/www.krafthand.de\\\/truck\\\/artikel\\\/e-on-und-man-bauen-gemeinsam-ladenetz-fuer-e-lkw-auf-40158\\\/#primaryimage\"},\"image\":{\"@id\":\"https:\\\/\\\/www.krafthand.de\\\/truck\\\/artikel\\\/e-on-und-man-bauen-gemeinsam-ladenetz-fuer-e-lkw-auf-40158\\\/#primaryimage\"},\"thumbnailUrl\":\"https:\\\/\\\/static.krafthand-truck.de\\\/uploads\\\/2024\\\/07\\\/MAN_EON_Ladepunkte_ELkw_Vlaskamp_Birnbaum.jpg\",\"datePublished\":\"2024-07-12T07:58:49+00:00\",\"dateModified\":\"2024-07-12T08:09:05+00:00\",\"author\":{\"@id\":\"https:\\\/\\\/www.krafthand.de\\\/truck\\\/#\\\/schema\\\/person\\\/51fa80b1c57034c4bf63f9f988fc24ce\"},\"description\":\"Der Energieversorger E.ON und MAN Truck & Bus bauen 170 Standorte mit circa 400 Ladepunkten f\u00fcr das Laden von Elektro-Lkw auf.\",\"breadcrumb\":{\"@id\":\"https:\\\/\\\/www.krafthand.de\\\/truck\\\/artikel\\\/e-on-und-man-bauen-gemeinsam-ladenetz-fuer-e-lkw-auf-40158\\\/#breadcrumb\"},\"inLanguage\":\"de\",\"potentialAction\":[{\"@type\":\"ReadAction\",\"target\":[\"https:\\\/\\\/www.krafthand.de\\\/truck\\\/artikel\\\/e-on-und-man-bauen-gemeinsam-ladenetz-fuer-e-lkw-auf-40158\\\/\"]}]},{\"@type\":\"ImageObject\",\"inLanguage\":\"de\",\"@id\":\"https:\\\/\\\/www.krafthand.de\\\/truck\\\/artikel\\\/e-on-und-man-bauen-gemeinsam-ladenetz-fuer-e-lkw-auf-40158\\\/#primaryimage\",\"url\":\"https:\\\/\\\/static.krafthand-truck.de\\\/uploads\\\/2024\\\/07\\\/MAN_EON_Ladepunkte_ELkw_Vlaskamp_Birnbaum.jpg\",\"contentUrl\":\"https:\\\/\\\/static.krafthand-truck.de\\\/uploads\\\/2024\\\/07\\\/MAN_EON_Ladepunkte_ELkw_Vlaskamp_Birnbaum.jpg\",\"width\":1200,\"height\":826},{\"@type\":\"BreadcrumbList\",\"@id\":\"https:\\\/\\\/www.krafthand.de\\\/truck\\\/artikel\\\/e-on-und-man-bauen-gemeinsam-ladenetz-fuer-e-lkw-auf-40158\\\/#breadcrumb\",\"itemListElement\":[{\"@type\":\"ListItem\",\"position\":1,\"name\":\"Krafthand-Truck\",\"item\":\"https:\\\/\\\/www.krafthand.de\\\/truck\\\/\"},{\"@type\":\"ListItem\",\"position\":2,\"name\":\"Nfz-Branche\",\"item\":\"https:\\\/\\\/www.krafthand.de\\\/truck\\\/kategorie\\\/branche\\\/\"},{\"@type\":\"ListItem\",\"position\":3,\"name\":\"Unternehmen\",\"item\":\"https:\\\/\\\/www.krafthand.de\\\/truck\\\/kategorie\\\/branche\\\/unternehmen\\\/\"},{\"@type\":\"ListItem\",\"position\":4,\"name\":\"E.ON und MAN bauen Ladenetz f\u00fcr E-Lkw auf\"}]},{\"@type\":\"WebSite\",\"@id\":\"https:\\\/\\\/www.krafthand.de\\\/truck\\\/#website\",\"url\":\"https:\\\/\\\/www.krafthand.de\\\/truck\\\/\",\"name\":\"Krafthand-Truck\",\"description\":\"\",\"potentialAction\":[{\"@type\":\"SearchAction\",\"target\":{\"@type\":\"EntryPoint\",\"urlTemplate\":\"https:\\\/\\\/www.krafthand.de\\\/truck\\\/?s={search_term_string}\"},\"query-input\":{\"@type\":\"PropertyValueSpecification\",\"valueRequired\":true,\"valueName\":\"search_term_string\"}}],\"inLanguage\":\"de\"},{\"@type\":\"Person\",\"@id\":\"https:\\\/\\\/www.krafthand.de\\\/truck\\\/#\\\/schema\\\/person\\\/51fa80b1c57034c4bf63f9f988fc24ce\",\"name\":\"georg.blenk@krafthand-medien.de\",\"image\":{\"@type\":\"ImageObject\",\"inLanguage\":\"de\",\"@id\":\"https:\\\/\\\/secure.gravatar.com\\\/avatar\\\/93713c30affe0aa95d3a4130e499bb1abee2eb31adbdd9ce2aa1543538490215?s=96&d=mm&r=g\",\"url\":\"https:\\\/\\\/secure.gravatar.com\\\/avatar\\\/93713c30affe0aa95d3a4130e499bb1abee2eb31adbdd9ce2aa1543538490215?s=96&d=mm&r=g\",\"contentUrl\":\"https:\\\/\\\/secure.gravatar.com\\\/avatar\\\/93713c30affe0aa95d3a4130e499bb1abee2eb31adbdd9ce2aa1543538490215?s=96&d=mm&r=g\",\"caption\":\"georg.blenk@krafthand-medien.de\"}}]}<\/script>\n<!-- \/ Yoast SEO plugin. -->","yoast_head_json":{"title":"E.ON und MAN bauen Ladenetz f\u00fcr E-Lkw auf - Krafthand-Truck","description":"Der Energieversorger E.ON und MAN Truck & Bus bauen 170 Standorte mit circa 400 Ladepunkten f\u00fcr das Laden von Elektro-Lkw auf.","robots":{"index":"index","follow":"follow","max-snippet":"max-snippet:-1","max-image-preview":"max-image-preview:large","max-video-preview":"max-video-preview:-1"},"canonical":"https:\/\/www.krafthand.de\/truck\/artikel\/e-on-und-man-bauen-gemeinsam-ladenetz-fuer-e-lkw-auf-40158\/","og_locale":"de_DE","og_type":"article","og_title":"E.ON und MAN bauen Ladenetz f\u00fcr E-Lkw auf - Krafthand-Truck","og_description":"Der Energieversorger E.ON und MAN Truck & Bus bauen 170 Standorte mit circa 400 Ladepunkten f\u00fcr das Laden von Elektro-Lkw auf.","og_url":"https:\/\/www.krafthand-truck.de\/artikel\/e-on-und-man-bauen-gemeinsam-ladenetz-fuer-e-lkw-auf-40158\/","og_site_name":"Krafthand-Truck","article_published_time":"2024-07-12T07:58:49+00:00","article_modified_time":"2024-07-12T08:09:05+00:00","og_image":[{"width":1200,"height":826,"url":"https:\/\/static.krafthand-truck.de\/uploads\/2024\/07\/MAN_EON_Ladepunkte_ELkw_Vlaskamp_Birnbaum.jpg","type":"image\/jpeg"}],"author":"georg.blenk@krafthand-medien.de","twitter_card":"summary_large_image","twitter_misc":{"Verfasst von":"georg.blenk@krafthand-medien.de","Gesch\u00e4tzte Lesezeit":"2\u00a0Minuten"},"schema":{"@context":"https:\/\/schema.org","@graph":[{"@type":"Article","@id":"https:\/\/www.krafthand.de\/truck\/artikel\/e-on-und-man-bauen-gemeinsam-ladenetz-fuer-e-lkw-auf-40158\/#article","isPartOf":{"@id":"https:\/\/www.krafthand.de\/truck\/artikel\/e-on-und-man-bauen-gemeinsam-ladenetz-fuer-e-lkw-auf-40158\/"},"author":{"name":"georg.blenk@krafthand-medien.de","@id":"https:\/\/www.krafthand.de\/truck\/#\/schema\/person\/51fa80b1c57034c4bf63f9f988fc24ce"},"headline":"E.ON und MAN bauen Ladenetz f\u00fcr E-Lkw auf","datePublished":"2024-07-12T07:58:49+00:00","dateModified":"2024-07-12T08:09:05+00:00","mainEntityOfPage":{"@id":"https:\/\/www.krafthand.de\/truck\/artikel\/e-on-und-man-bauen-gemeinsam-ladenetz-fuer-e-lkw-auf-40158\/"},"wordCount":284,"image":{"@id":"https:\/\/www.krafthand.de\/truck\/artikel\/e-on-und-man-bauen-gemeinsam-ladenetz-fuer-e-lkw-auf-40158\/#primaryimage"},"thumbnailUrl":"https:\/\/static.krafthand-truck.de\/uploads\/2024\/07\/MAN_EON_Ladepunkte_ELkw_Vlaskamp_Birnbaum.jpg","keywords":["Birnbaum","EOn","Ladeinfrastruktur","MAN","Megawattladen","Vlaskamp"],"articleSection":["E-Antrieb (BEV\/FCEV)","K\u00f6pfe\/Personen","Unternehmen"],"inLanguage":"de"},{"@type":"WebPage","@id":"https:\/\/www.krafthand.de\/truck\/artikel\/e-on-und-man-bauen-gemeinsam-ladenetz-fuer-e-lkw-auf-40158\/","url":"https:\/\/www.krafthand.de\/truck\/artikel\/e-on-und-man-bauen-gemeinsam-ladenetz-fuer-e-lkw-auf-40158\/","name":"E.ON und MAN bauen Ladenetz f\u00fcr E-Lkw auf - Krafthand-Truck","isPartOf":{"@id":"https:\/\/www.krafthand.de\/truck\/#website"},"primaryImageOfPage":{"@id":"https:\/\/www.krafthand.de\/truck\/artikel\/e-on-und-man-bauen-gemeinsam-ladenetz-fuer-e-lkw-auf-40158\/#primaryimage"},"image":{"@id":"https:\/\/www.krafthand.de\/truck\/artikel\/e-on-und-man-bauen-gemeinsam-ladenetz-fuer-e-lkw-auf-40158\/#primaryimage"},"thumbnailUrl":"https:\/\/static.krafthand-truck.de\/uploads\/2024\/07\/MAN_EON_Ladepunkte_ELkw_Vlaskamp_Birnbaum.jpg","datePublished":"2024-07-12T07:58:49+00:00","dateModified":"2024-07-12T08:09:05+00:00","author":{"@id":"https:\/\/www.krafthand.de\/truck\/#\/schema\/person\/51fa80b1c57034c4bf63f9f988fc24ce"},"description":"Der Energieversorger E.ON und MAN Truck & Bus bauen 170 Standorte mit circa 400 Ladepunkten f\u00fcr das Laden von Elektro-Lkw auf.","breadcrumb":{"@id":"https:\/\/www.krafthand.de\/truck\/artikel\/e-on-und-man-bauen-gemeinsam-ladenetz-fuer-e-lkw-auf-40158\/#breadcrumb"},"inLanguage":"de","potentialAction":[{"@type":"ReadAction","target":["https:\/\/www.krafthand.de\/truck\/artikel\/e-on-und-man-bauen-gemeinsam-ladenetz-fuer-e-lkw-auf-40158\/"]}]},{"@type":"ImageObject","inLanguage":"de","@id":"https:\/\/www.krafthand.de\/truck\/artikel\/e-on-und-man-bauen-gemeinsam-ladenetz-fuer-e-lkw-auf-40158\/#primaryimage","url":"https:\/\/static.krafthand-truck.de\/uploads\/2024\/07\/MAN_EON_Ladepunkte_ELkw_Vlaskamp_Birnbaum.jpg","contentUrl":"https:\/\/static.krafthand-truck.de\/uploads\/2024\/07\/MAN_EON_Ladepunkte_ELkw_Vlaskamp_Birnbaum.jpg","width":1200,"height":826},{"@type":"BreadcrumbList","@id":"https:\/\/www.krafthand.de\/truck\/artikel\/e-on-und-man-bauen-gemeinsam-ladenetz-fuer-e-lkw-auf-40158\/#breadcrumb","itemListElement":[{"@type":"ListItem","position":1,"name":"Krafthand-Truck","item":"https:\/\/www.krafthand.de\/truck\/"},{"@type":"ListItem","position":2,"name":"Nfz-Branche","item":"https:\/\/www.krafthand.de\/truck\/kategorie\/branche\/"},{"@type":"ListItem","position":3,"name":"Unternehmen","item":"https:\/\/www.krafthand.de\/truck\/kategorie\/branche\/unternehmen\/"},{"@type":"ListItem","position":4,"name":"E.ON und MAN bauen Ladenetz f\u00fcr E-Lkw auf"}]},{"@type":"WebSite","@id":"https:\/\/www.krafthand.de\/truck\/#website","url":"https:\/\/www.krafthand.de\/truck\/","name":"Krafthand-Truck","description":"","potentialAction":[{"@type":"SearchAction","target":{"@type":"EntryPoint","urlTemplate":"https:\/\/www.krafthand.de\/truck\/?s={search_term_string}"},"query-input":{"@type":"PropertyValueSpecification","valueRequired":true,"valueName":"search_term_string"}}],"inLanguage":"de"},{"@type":"Person","@id":"https:\/\/www.krafthand.de\/truck\/#\/schema\/person\/51fa80b1c57034c4bf63f9f988fc24ce","name":"georg.blenk@krafthand-medien.de","image":{"@type":"ImageObject","inLanguage":"de","@id":"https:\/\/secure.gravatar.com\/avatar\/93713c30affe0aa95d3a4130e499bb1abee2eb31adbdd9ce2aa1543538490215?s=96&d=mm&r=g","url":"https:\/\/secure.gravatar.com\/avatar\/93713c30affe0aa95d3a4130e499bb1abee2eb31adbdd9ce2aa1543538490215?s=96&d=mm&r=g","contentUrl":"https:\/\/secure.gravatar.com\/avatar\/93713c30affe0aa95d3a4130e499bb1abee2eb31adbdd9ce2aa1543538490215?s=96&d=mm&r=g","caption":"georg.blenk@krafthand-medien.de"}}]}},"_links":{"self":[{"href":"https:\/\/www.krafthand.de\/truck\/wp-json\/wp\/v2\/posts\/40158","targetHints":{"allow":["GET"]}}],"collection":[{"href":"https:\/\/www.krafthand.de\/truck\/wp-json\/wp\/v2\/posts"}],"about":[{"href":"https:\/\/www.krafthand.de\/truck\/wp-json\/wp\/v2\/types\/post"}],"author":[{"embeddable":true,"href":"https:\/\/www.krafthand.de\/truck\/wp-json\/wp\/v2\/users\/9"}],"replies":[{"embeddable":true,"href":"https:\/\/www.krafthand.de\/truck\/wp-json\/wp\/v2\/comments?post=40158"}],"version-history":[{"count":14,"href":"https:\/\/www.krafthand.de\/truck\/wp-json\/wp\/v2\/posts\/40158\/revisions"}],"predecessor-version":[{"id":40173,"href":"https:\/\/www.krafthand.de\/truck\/wp-json\/wp\/v2\/posts\/40158\/revisions\/40173"}],"wp:featuredmedia":[{"embeddable":true,"href":"https:\/\/www.krafthand.de\/truck\/wp-json\/wp\/v2\/media\/40161"}],"wp:attachment":[{"href":"https:\/\/www.krafthand.de\/truck\/wp-json\/wp\/v2\/media?parent=40158"}],"wp:term":[{"taxonomy":"category","embeddable":true,"href":"https:\/\/www.krafthand.de\/truck\/wp-json\/wp\/v2\/categories?post=40158"},{"taxonomy":"post_tag","embeddable":true,"href":"https:\/\/www.krafthand.de\/truck\/wp-json\/wp\/v2\/tags?post=40158"},{"taxonomy":"settings","embeddable":true,"href":"https:\/\/www.krafthand.de\/truck\/wp-json\/wp\/v2\/settings?post=40158"}],"curies":[{"name":"wp","href":"https:\/\/api.w.org\/{rel}","templated":true}]}}