{"id":40136,"date":"2024-07-08T12:51:28","date_gmt":"2024-07-08T10:51:28","guid":{"rendered":"https:\/\/www.krafthand.de\/truck\/?p=40136"},"modified":"2024-07-09T14:15:53","modified_gmt":"2024-07-09T12:15:53","slug":"man-ruft-kunden-bestimmter-fahrzeuge-erneut-zur-kontrolle-in-der-werkstatt-auf","status":"publish","type":"post","link":"https:\/\/www.krafthand.de\/truck\/artikel\/man-ruft-kunden-bestimmter-fahrzeuge-erneut-zur-kontrolle-in-der-werkstatt-auf-40136\/","title":{"rendered":"Kundenaufruf: Bestimmte Fahrzeuge von MAN m\u00fcssen wieder zur Kontrolle in die Werkstatt"},"content":{"rendered":"<p>Der Nutzfahrzeughersteller MAN Truck &amp; Bus hat Kunden bestimmter Lkw und Busse mit Euro-6c-Motoren der Typen D2676LF51-53 oder D2676LOH35-37 zum wiederholten Male aufgerufen, ihr Fahrzeug bei einer MAN-Fachwerkstatt \u00fcberpr\u00fcfen zu lassen. Motorvarianten der sp\u00e4teren Abgasnormen Euro 6d und Euro 6e seien von dieser Ma\u00dfnahme nicht betroffen.<\/p>\n<h3>Bleifreie Lager k\u00f6nnen Ursache f\u00fcr Motorsch\u00e4den, gar Fahrzeugbr\u00e4nde sein<\/h3>\n<p>Bei den genannten Fahrzeugtypen der <strong>Baujahre 11\/2016 bis 08\/2019<\/strong>, die aufgrund neuer regulatorischer Vorgaben mit bleifreien Lagern ausger\u00fcstet wurden, kann es in sehr seltenen F\u00e4llen zu Motorsch\u00e4den und, unter ung\u00fcnstigen Umst\u00e4nden, zu nachfolgenden Motorbr\u00e4nden kommen. Schadensf\u00e4lle k\u00f6nnten laut MAN insbesondere dort auftreten, wo es zu einer \u00fcberm\u00e4\u00dfigen Alterung und Verschmutzung des Motor\u00f6ls und dadurch zu gesch\u00e4digten \u00d6lfilterbauteilen kommt \u2013 etwa durch Nicht-Einhaltung von Wartungsintervallen bzw. nicht fachgerecht ausgef\u00fchrten Wartungsarbeiten.<\/p>\n<p>Weitere bekannte Gr\u00fcnde f\u00fcr solche Schadensf\u00e4lle sind laut MAN: besondere Betriebsbedingungen und hier insbesondere eine \u00dcberdrehzahl beim Lkw, Eindringen von (K\u00fchl-)Wasser ins Motor\u00f6l, Motortuning, Verwendung nicht freigegebener Motor\u00f6le sowie deren Vermischung und die Verwendung von Wartungsteilen wie Motor\u00f6lfilter, Luft- und Dieselfilter, die nicht den Herstellervorgaben entsprechen.<\/p>\n<h3>Lager empfindlicher gegen Verunreinigungen und \u00d6lalterung<\/h3>\n<p>Die gesetzlich geforderten bleifreien Lager der genannten Baujahre sind empfindlicher gegen Verunreinigungen und \u00d6lalterungen. Bei Nichteinhaltung der Wartungstermine und der vorgesehenen Werkstattaktionen kann es nach einer l\u00e4ngeren Laufleistung, in der Regel zwischen 400.000 und 500.000 Kilometer, zu ersten Schadensf\u00e4llen kommen. Werden alle f\u00fcr diese Motorentypen vorgesehenen Service- und \u00d6lwechsel-Termine fristgerecht eingehalten, sieht MAN keine auff\u00e4lligen H\u00e4ufungen von Motorsch\u00e4den, sondern eine sehr hohe Robustheit \u00fcber alle Motorbaureihen mit Laufleistungen von teilweise weit \u00fcber einer Million Kilometern. Die Einhaltung vorgeschriebener Service-Termine ist also f\u00fcr die Zuverl\u00e4ssigkeit und Sicherheit der Fahrzeuge von h\u00f6chster Bedeutung. Daf\u00fcr hat MAN seine Kunden nochmals in einem Schreiben an die betroffenen Halter sensibilisiert.<\/p>\n<h3>MAN informierte bereits 2022<\/h3>\n<p>MAN hatte seit Ende 2022 die betroffenen Halter der Fahrzeuge den Angaben zufolge bereits mehrfach informiert und aufgefordert, entsprechende Werkstatt-Ma\u00dfnahmen zur Schadenspr\u00e4vention und Robustheitssteigerung zu ergreifen. Im Nachgang an die Information an die Kunden wurden bislang insgesamt \u00fcber 60.000 Ma\u00dfnahmen in den Werkst\u00e4tten durchgef\u00fchrt. Dies entspricht in etwa 50% der betroffenen Fahrzeuge. F\u00fcr die sich im Feld befindlichen weiteren Fahrzeuge wurden Werkst\u00e4tten hinsichtlich der Relevanz der \u00d6lqualit\u00e4t sensibilisiert und gezielt instruiert.<br \/>\nZus\u00e4tzlich wurden entsprechende technische Ma\u00dfnahmenpakete, wie zum Beispiel der vorsorgliche Tausch eines m\u00f6glicherweise durch \u00fcberaltertes \u00d6l angegriffenen \u00d6lfilterdeckels, umgesetzt. Wo dies durch besonders anspruchsvolle Nutzungsprofile erforderlich ist, wurden eine einsatzindividuelle Anpassung der \u00d6lwechselintervalle und weitere Ma\u00dfnahmen in direktem Austausch mit den Kunden eingeleitet.<\/p>\n<h3>170\u00a0 Brandf\u00e4lle bei rund 125.000 Fahrzeugen die in Betracht kommen<\/h3>\n<p>MAN hat eine Flotte von rund 880.000 Fahrzeugen in Europa im Verkehr. Davon sind rund 120.000 Lkw und \u00fcber 5.000 Busse der Baujahre 2016 bis 2019 mit den genannten Motortypen ausgestattet. Bei zahlreichen Fahrzeugen wurden in den vergangenen Jahren schon Ma\u00dfnahmen durchgef\u00fchrt. In der Grundgesamtheit kam es seit Markteinf\u00fchrung der genannten Motoren nach Erkenntnis von MAN zu 170 Brandf\u00e4llen, die \u2013 neben anderen m\u00f6glichen Ursachen \u2013 auf das genannte Motorschadensmuster zur\u00fcckzuf\u00fchren sein k\u00f6nnten. Im Jahr 2024 traten 18 F\u00e4lle auf, deren Ursache h\u00f6chstwahrscheinlich im beschriebenen Schadensmuster liegt. Es waren bei allen Br\u00e4nden laut MAN Sach-, aber keine schweren Personensch\u00e4den zu verzeichnen. Pr\u00e4ventiv ruft MAN nun nochmals diejenigen Fahrzeughalter auf, die Werkst\u00e4tten aufzusuchen, die das Service-Angebot in den vergangenen Jahren bislang nicht wahrgenommen haben.<\/p>\n<p>Grunds\u00e4tzlich k\u00f6nnten Fahrzeugbr\u00e4nde jedoch verschiedene Ursachen haben und auch auf vollkommen andere Faktoren zur\u00fcckzuf\u00fchren sein. Sie m\u00fcssen daher jeweils einzeln untersucht werden. Motorsch\u00e4den, die im seltenen Fall auch zu Brandereignissen f\u00fchren k\u00f6nnen, schenkt MAN in der Produktbeobachtung hohe Aufmerksamkeit. Im Falle des Falles wird mit der Expertise von Sachverst\u00e4ndigen und in engem Austausch mit den Kunden eine Analyse vollzogen.<\/p>\n","protected":false},"excerpt":{"rendered":"<p>Der Nutzfahrzeughersteller MAN Truck &#038; Bus hat Kunden bestimmter Lkw und Busse mit Euro-6c-Motoren der Typen D2676LF51-53 oder D2676LOH35-37 zum wiederholten Male aufgerufen, ihr Fahrzeug bei einer MAN-Fachwerkstatt \u00fcberpr\u00fcfen zu lassen. Motorvarianten der sp\u00e4teren Abgasnormen Euro 6d und Euro 6e seien von dieser Ma\u00dfnahme nicht betroffen. <span class=\"excerpt-more__dots\">&#8230;<\/span> <a class=\"excerpt-more__link\" href=\"https:\/\/www.krafthand.de\/truck\/artikel\/man-ruft-kunden-bestimmter-fahrzeuge-erneut-zur-kontrolle-in-der-werkstatt-auf-40136\/\" >weiter<\/a><\/p>\n","protected":false},"author":9,"featured_media":40141,"comment_status":"closed","ping_status":"closed","sticky":false,"template":"","format":"standard","meta":{"footnotes":""},"categories":[4223,4235],"tags":[5984,5985,152,982,5983,5986],"settings":[4766,3523],"class_list":["post-40136","post","type-post","status-publish","format-standard","has-post-thumbnail","hentry","category-antrieb","category-unternehmen","tag-bleifreie-lager","tag-fahrzeugbrand","tag-man","tag-motoroel","tag-rueckruf","tag-serviceintervall"],"yoast_head":"<!-- This site is optimized with the Yoast SEO plugin v27.3 - https:\/\/yoast.com\/product\/yoast-seo-wordpress\/ -->\n<title>Kundenaufruf: Bestimmte Fahrzeuge von MAN m\u00fcssen wieder zur Kontrolle in die Werkstatt - Krafthand-Truck<\/title>\n<meta name=\"description\" content=\"MAN hat Kunden bestimmter Lkw und Busse mit Euro-6c-Motoren nochmal aufgerufen, ihr Fahrzeug in einer Fachwerkstatt \u00fcberpr\u00fcfen zu lassen.\" \/>\n<meta name=\"robots\" content=\"index, follow, max-snippet:-1, max-image-preview:large, max-video-preview:-1\" \/>\n<link rel=\"canonical\" href=\"https:\/\/www.krafthand.de\/truck\/artikel\/man-ruft-kunden-bestimmter-fahrzeuge-erneut-zur-kontrolle-in-der-werkstatt-auf-40136\/\" \/>\n<meta property=\"og:locale\" content=\"de_DE\" \/>\n<meta property=\"og:type\" content=\"article\" \/>\n<meta property=\"og:title\" content=\"Kundenaufruf: Bestimmte Fahrzeuge von MAN m\u00fcssen wieder zur Kontrolle in die Werkstatt - Krafthand-Truck\" \/>\n<meta property=\"og:description\" content=\"MAN hat Kunden bestimmter Lkw und Busse mit Euro-6c-Motoren nochmal aufgerufen, ihr Fahrzeug in einer Fachwerkstatt \u00fcberpr\u00fcfen zu lassen.\" \/>\n<meta property=\"og:url\" content=\"https:\/\/www.krafthand-truck.de\/artikel\/man-ruft-kunden-bestimmter-fahrzeuge-erneut-zur-kontrolle-in-der-werkstatt-auf-40136\/\" \/>\n<meta property=\"og:site_name\" content=\"Krafthand-Truck\" \/>\n<meta property=\"article:published_time\" content=\"2024-07-08T10:51:28+00:00\" \/>\n<meta property=\"article:modified_time\" content=\"2024-07-09T12:15:53+00:00\" \/>\n<meta property=\"og:image\" content=\"https:\/\/static.krafthand-truck.de\/uploads\/2024\/07\/MAN_Firmenzentrale_Muenchen_Rueckrufaktion.jpg\" \/>\n\t<meta property=\"og:image:width\" content=\"1200\" \/>\n\t<meta property=\"og:image:height\" content=\"735\" \/>\n\t<meta property=\"og:image:type\" content=\"image\/jpeg\" \/>\n<meta name=\"author\" content=\"georg.blenk@krafthand-medien.de\" \/>\n<meta name=\"twitter:card\" content=\"summary_large_image\" \/>\n<meta name=\"twitter:label1\" content=\"Verfasst von\" \/>\n\t<meta name=\"twitter:data1\" content=\"georg.blenk@krafthand-medien.de\" \/>\n\t<meta name=\"twitter:label2\" content=\"Gesch\u00e4tzte Lesezeit\" \/>\n\t<meta name=\"twitter:data2\" content=\"4\u00a0Minuten\" \/>\n<script type=\"application\/ld+json\" class=\"yoast-schema-graph\">{\"@context\":\"https:\\\/\\\/schema.org\",\"@graph\":[{\"@type\":\"Article\",\"@id\":\"https:\\\/\\\/www.krafthand.de\\\/truck\\\/artikel\\\/man-ruft-kunden-bestimmter-fahrzeuge-erneut-zur-kontrolle-in-der-werkstatt-auf-40136\\\/#article\",\"isPartOf\":{\"@id\":\"https:\\\/\\\/www.krafthand.de\\\/truck\\\/artikel\\\/man-ruft-kunden-bestimmter-fahrzeuge-erneut-zur-kontrolle-in-der-werkstatt-auf-40136\\\/\"},\"author\":{\"name\":\"georg.blenk@krafthand-medien.de\",\"@id\":\"https:\\\/\\\/www.krafthand.de\\\/truck\\\/#\\\/schema\\\/person\\\/51fa80b1c57034c4bf63f9f988fc24ce\"},\"headline\":\"Kundenaufruf: Bestimmte Fahrzeuge von MAN m\u00fcssen wieder zur Kontrolle in die Werkstatt\",\"datePublished\":\"2024-07-08T10:51:28+00:00\",\"dateModified\":\"2024-07-09T12:15:53+00:00\",\"mainEntityOfPage\":{\"@id\":\"https:\\\/\\\/www.krafthand.de\\\/truck\\\/artikel\\\/man-ruft-kunden-bestimmter-fahrzeuge-erneut-zur-kontrolle-in-der-werkstatt-auf-40136\\\/\"},\"wordCount\":662,\"image\":{\"@id\":\"https:\\\/\\\/www.krafthand.de\\\/truck\\\/artikel\\\/man-ruft-kunden-bestimmter-fahrzeuge-erneut-zur-kontrolle-in-der-werkstatt-auf-40136\\\/#primaryimage\"},\"thumbnailUrl\":\"https:\\\/\\\/static.krafthand-truck.de\\\/uploads\\\/2024\\\/07\\\/MAN_Firmenzentrale_Muenchen_Rueckrufaktion.jpg\",\"keywords\":[\"bleifreie Lager\",\"Fahrzeugbrand\",\"MAN\",\"Motor\u00f6l\",\"R\u00fcckruf\",\"Serviceintervall\"],\"articleSection\":[\"Antrieb (Motor\\\/Getriebe)\",\"Unternehmen\"],\"inLanguage\":\"de\"},{\"@type\":\"WebPage\",\"@id\":\"https:\\\/\\\/www.krafthand.de\\\/truck\\\/artikel\\\/man-ruft-kunden-bestimmter-fahrzeuge-erneut-zur-kontrolle-in-der-werkstatt-auf-40136\\\/\",\"url\":\"https:\\\/\\\/www.krafthand.de\\\/truck\\\/artikel\\\/man-ruft-kunden-bestimmter-fahrzeuge-erneut-zur-kontrolle-in-der-werkstatt-auf-40136\\\/\",\"name\":\"Kundenaufruf: Bestimmte Fahrzeuge von MAN m\u00fcssen wieder zur Kontrolle in die Werkstatt - Krafthand-Truck\",\"isPartOf\":{\"@id\":\"https:\\\/\\\/www.krafthand.de\\\/truck\\\/#website\"},\"primaryImageOfPage\":{\"@id\":\"https:\\\/\\\/www.krafthand.de\\\/truck\\\/artikel\\\/man-ruft-kunden-bestimmter-fahrzeuge-erneut-zur-kontrolle-in-der-werkstatt-auf-40136\\\/#primaryimage\"},\"image\":{\"@id\":\"https:\\\/\\\/www.krafthand.de\\\/truck\\\/artikel\\\/man-ruft-kunden-bestimmter-fahrzeuge-erneut-zur-kontrolle-in-der-werkstatt-auf-40136\\\/#primaryimage\"},\"thumbnailUrl\":\"https:\\\/\\\/static.krafthand-truck.de\\\/uploads\\\/2024\\\/07\\\/MAN_Firmenzentrale_Muenchen_Rueckrufaktion.jpg\",\"datePublished\":\"2024-07-08T10:51:28+00:00\",\"dateModified\":\"2024-07-09T12:15:53+00:00\",\"author\":{\"@id\":\"https:\\\/\\\/www.krafthand.de\\\/truck\\\/#\\\/schema\\\/person\\\/51fa80b1c57034c4bf63f9f988fc24ce\"},\"description\":\"MAN hat Kunden bestimmter Lkw und Busse mit Euro-6c-Motoren nochmal aufgerufen, ihr Fahrzeug in einer Fachwerkstatt \u00fcberpr\u00fcfen zu lassen.\",\"breadcrumb\":{\"@id\":\"https:\\\/\\\/www.krafthand.de\\\/truck\\\/artikel\\\/man-ruft-kunden-bestimmter-fahrzeuge-erneut-zur-kontrolle-in-der-werkstatt-auf-40136\\\/#breadcrumb\"},\"inLanguage\":\"de\",\"potentialAction\":[{\"@type\":\"ReadAction\",\"target\":[\"https:\\\/\\\/www.krafthand.de\\\/truck\\\/artikel\\\/man-ruft-kunden-bestimmter-fahrzeuge-erneut-zur-kontrolle-in-der-werkstatt-auf-40136\\\/\"]}]},{\"@type\":\"ImageObject\",\"inLanguage\":\"de\",\"@id\":\"https:\\\/\\\/www.krafthand.de\\\/truck\\\/artikel\\\/man-ruft-kunden-bestimmter-fahrzeuge-erneut-zur-kontrolle-in-der-werkstatt-auf-40136\\\/#primaryimage\",\"url\":\"https:\\\/\\\/static.krafthand-truck.de\\\/uploads\\\/2024\\\/07\\\/MAN_Firmenzentrale_Muenchen_Rueckrufaktion.jpg\",\"contentUrl\":\"https:\\\/\\\/static.krafthand-truck.de\\\/uploads\\\/2024\\\/07\\\/MAN_Firmenzentrale_Muenchen_Rueckrufaktion.jpg\",\"width\":1200,\"height\":735},{\"@type\":\"BreadcrumbList\",\"@id\":\"https:\\\/\\\/www.krafthand.de\\\/truck\\\/artikel\\\/man-ruft-kunden-bestimmter-fahrzeuge-erneut-zur-kontrolle-in-der-werkstatt-auf-40136\\\/#breadcrumb\",\"itemListElement\":[{\"@type\":\"ListItem\",\"position\":1,\"name\":\"Krafthand-Truck\",\"item\":\"https:\\\/\\\/www.krafthand.de\\\/truck\\\/\"},{\"@type\":\"ListItem\",\"position\":2,\"name\":\"Nfz-Branche\",\"item\":\"https:\\\/\\\/www.krafthand.de\\\/truck\\\/kategorie\\\/branche\\\/\"},{\"@type\":\"ListItem\",\"position\":3,\"name\":\"Unternehmen\",\"item\":\"https:\\\/\\\/www.krafthand.de\\\/truck\\\/kategorie\\\/branche\\\/unternehmen\\\/\"},{\"@type\":\"ListItem\",\"position\":4,\"name\":\"Kundenaufruf: Bestimmte Fahrzeuge von MAN m\u00fcssen wieder zur Kontrolle in die Werkstatt\"}]},{\"@type\":\"WebSite\",\"@id\":\"https:\\\/\\\/www.krafthand.de\\\/truck\\\/#website\",\"url\":\"https:\\\/\\\/www.krafthand.de\\\/truck\\\/\",\"name\":\"Krafthand-Truck\",\"description\":\"\",\"potentialAction\":[{\"@type\":\"SearchAction\",\"target\":{\"@type\":\"EntryPoint\",\"urlTemplate\":\"https:\\\/\\\/www.krafthand.de\\\/truck\\\/?s={search_term_string}\"},\"query-input\":{\"@type\":\"PropertyValueSpecification\",\"valueRequired\":true,\"valueName\":\"search_term_string\"}}],\"inLanguage\":\"de\"},{\"@type\":\"Person\",\"@id\":\"https:\\\/\\\/www.krafthand.de\\\/truck\\\/#\\\/schema\\\/person\\\/51fa80b1c57034c4bf63f9f988fc24ce\",\"name\":\"georg.blenk@krafthand-medien.de\",\"image\":{\"@type\":\"ImageObject\",\"inLanguage\":\"de\",\"@id\":\"https:\\\/\\\/secure.gravatar.com\\\/avatar\\\/93713c30affe0aa95d3a4130e499bb1abee2eb31adbdd9ce2aa1543538490215?s=96&d=mm&r=g\",\"url\":\"https:\\\/\\\/secure.gravatar.com\\\/avatar\\\/93713c30affe0aa95d3a4130e499bb1abee2eb31adbdd9ce2aa1543538490215?s=96&d=mm&r=g\",\"contentUrl\":\"https:\\\/\\\/secure.gravatar.com\\\/avatar\\\/93713c30affe0aa95d3a4130e499bb1abee2eb31adbdd9ce2aa1543538490215?s=96&d=mm&r=g\",\"caption\":\"georg.blenk@krafthand-medien.de\"}}]}<\/script>\n<!-- \/ Yoast SEO plugin. -->","yoast_head_json":{"title":"Kundenaufruf: Bestimmte Fahrzeuge von MAN m\u00fcssen wieder zur Kontrolle in die Werkstatt - Krafthand-Truck","description":"MAN hat Kunden bestimmter Lkw und Busse mit Euro-6c-Motoren nochmal aufgerufen, ihr Fahrzeug in einer Fachwerkstatt \u00fcberpr\u00fcfen zu lassen.","robots":{"index":"index","follow":"follow","max-snippet":"max-snippet:-1","max-image-preview":"max-image-preview:large","max-video-preview":"max-video-preview:-1"},"canonical":"https:\/\/www.krafthand.de\/truck\/artikel\/man-ruft-kunden-bestimmter-fahrzeuge-erneut-zur-kontrolle-in-der-werkstatt-auf-40136\/","og_locale":"de_DE","og_type":"article","og_title":"Kundenaufruf: Bestimmte Fahrzeuge von MAN m\u00fcssen wieder zur Kontrolle in die Werkstatt - Krafthand-Truck","og_description":"MAN hat Kunden bestimmter Lkw und Busse mit Euro-6c-Motoren nochmal aufgerufen, ihr Fahrzeug in einer Fachwerkstatt \u00fcberpr\u00fcfen zu lassen.","og_url":"https:\/\/www.krafthand-truck.de\/artikel\/man-ruft-kunden-bestimmter-fahrzeuge-erneut-zur-kontrolle-in-der-werkstatt-auf-40136\/","og_site_name":"Krafthand-Truck","article_published_time":"2024-07-08T10:51:28+00:00","article_modified_time":"2024-07-09T12:15:53+00:00","og_image":[{"width":1200,"height":735,"url":"https:\/\/static.krafthand-truck.de\/uploads\/2024\/07\/MAN_Firmenzentrale_Muenchen_Rueckrufaktion.jpg","type":"image\/jpeg"}],"author":"georg.blenk@krafthand-medien.de","twitter_card":"summary_large_image","twitter_misc":{"Verfasst von":"georg.blenk@krafthand-medien.de","Gesch\u00e4tzte Lesezeit":"4\u00a0Minuten"},"schema":{"@context":"https:\/\/schema.org","@graph":[{"@type":"Article","@id":"https:\/\/www.krafthand.de\/truck\/artikel\/man-ruft-kunden-bestimmter-fahrzeuge-erneut-zur-kontrolle-in-der-werkstatt-auf-40136\/#article","isPartOf":{"@id":"https:\/\/www.krafthand.de\/truck\/artikel\/man-ruft-kunden-bestimmter-fahrzeuge-erneut-zur-kontrolle-in-der-werkstatt-auf-40136\/"},"author":{"name":"georg.blenk@krafthand-medien.de","@id":"https:\/\/www.krafthand.de\/truck\/#\/schema\/person\/51fa80b1c57034c4bf63f9f988fc24ce"},"headline":"Kundenaufruf: Bestimmte Fahrzeuge von MAN m\u00fcssen wieder zur Kontrolle in die Werkstatt","datePublished":"2024-07-08T10:51:28+00:00","dateModified":"2024-07-09T12:15:53+00:00","mainEntityOfPage":{"@id":"https:\/\/www.krafthand.de\/truck\/artikel\/man-ruft-kunden-bestimmter-fahrzeuge-erneut-zur-kontrolle-in-der-werkstatt-auf-40136\/"},"wordCount":662,"image":{"@id":"https:\/\/www.krafthand.de\/truck\/artikel\/man-ruft-kunden-bestimmter-fahrzeuge-erneut-zur-kontrolle-in-der-werkstatt-auf-40136\/#primaryimage"},"thumbnailUrl":"https:\/\/static.krafthand-truck.de\/uploads\/2024\/07\/MAN_Firmenzentrale_Muenchen_Rueckrufaktion.jpg","keywords":["bleifreie Lager","Fahrzeugbrand","MAN","Motor\u00f6l","R\u00fcckruf","Serviceintervall"],"articleSection":["Antrieb (Motor\/Getriebe)","Unternehmen"],"inLanguage":"de"},{"@type":"WebPage","@id":"https:\/\/www.krafthand.de\/truck\/artikel\/man-ruft-kunden-bestimmter-fahrzeuge-erneut-zur-kontrolle-in-der-werkstatt-auf-40136\/","url":"https:\/\/www.krafthand.de\/truck\/artikel\/man-ruft-kunden-bestimmter-fahrzeuge-erneut-zur-kontrolle-in-der-werkstatt-auf-40136\/","name":"Kundenaufruf: Bestimmte Fahrzeuge von MAN m\u00fcssen wieder zur Kontrolle in die Werkstatt - Krafthand-Truck","isPartOf":{"@id":"https:\/\/www.krafthand.de\/truck\/#website"},"primaryImageOfPage":{"@id":"https:\/\/www.krafthand.de\/truck\/artikel\/man-ruft-kunden-bestimmter-fahrzeuge-erneut-zur-kontrolle-in-der-werkstatt-auf-40136\/#primaryimage"},"image":{"@id":"https:\/\/www.krafthand.de\/truck\/artikel\/man-ruft-kunden-bestimmter-fahrzeuge-erneut-zur-kontrolle-in-der-werkstatt-auf-40136\/#primaryimage"},"thumbnailUrl":"https:\/\/static.krafthand-truck.de\/uploads\/2024\/07\/MAN_Firmenzentrale_Muenchen_Rueckrufaktion.jpg","datePublished":"2024-07-08T10:51:28+00:00","dateModified":"2024-07-09T12:15:53+00:00","author":{"@id":"https:\/\/www.krafthand.de\/truck\/#\/schema\/person\/51fa80b1c57034c4bf63f9f988fc24ce"},"description":"MAN hat Kunden bestimmter Lkw und Busse mit Euro-6c-Motoren nochmal aufgerufen, ihr Fahrzeug in einer Fachwerkstatt \u00fcberpr\u00fcfen zu lassen.","breadcrumb":{"@id":"https:\/\/www.krafthand.de\/truck\/artikel\/man-ruft-kunden-bestimmter-fahrzeuge-erneut-zur-kontrolle-in-der-werkstatt-auf-40136\/#breadcrumb"},"inLanguage":"de","potentialAction":[{"@type":"ReadAction","target":["https:\/\/www.krafthand.de\/truck\/artikel\/man-ruft-kunden-bestimmter-fahrzeuge-erneut-zur-kontrolle-in-der-werkstatt-auf-40136\/"]}]},{"@type":"ImageObject","inLanguage":"de","@id":"https:\/\/www.krafthand.de\/truck\/artikel\/man-ruft-kunden-bestimmter-fahrzeuge-erneut-zur-kontrolle-in-der-werkstatt-auf-40136\/#primaryimage","url":"https:\/\/static.krafthand-truck.de\/uploads\/2024\/07\/MAN_Firmenzentrale_Muenchen_Rueckrufaktion.jpg","contentUrl":"https:\/\/static.krafthand-truck.de\/uploads\/2024\/07\/MAN_Firmenzentrale_Muenchen_Rueckrufaktion.jpg","width":1200,"height":735},{"@type":"BreadcrumbList","@id":"https:\/\/www.krafthand.de\/truck\/artikel\/man-ruft-kunden-bestimmter-fahrzeuge-erneut-zur-kontrolle-in-der-werkstatt-auf-40136\/#breadcrumb","itemListElement":[{"@type":"ListItem","position":1,"name":"Krafthand-Truck","item":"https:\/\/www.krafthand.de\/truck\/"},{"@type":"ListItem","position":2,"name":"Nfz-Branche","item":"https:\/\/www.krafthand.de\/truck\/kategorie\/branche\/"},{"@type":"ListItem","position":3,"name":"Unternehmen","item":"https:\/\/www.krafthand.de\/truck\/kategorie\/branche\/unternehmen\/"},{"@type":"ListItem","position":4,"name":"Kundenaufruf: Bestimmte Fahrzeuge von MAN m\u00fcssen wieder zur Kontrolle in die Werkstatt"}]},{"@type":"WebSite","@id":"https:\/\/www.krafthand.de\/truck\/#website","url":"https:\/\/www.krafthand.de\/truck\/","name":"Krafthand-Truck","description":"","potentialAction":[{"@type":"SearchAction","target":{"@type":"EntryPoint","urlTemplate":"https:\/\/www.krafthand.de\/truck\/?s={search_term_string}"},"query-input":{"@type":"PropertyValueSpecification","valueRequired":true,"valueName":"search_term_string"}}],"inLanguage":"de"},{"@type":"Person","@id":"https:\/\/www.krafthand.de\/truck\/#\/schema\/person\/51fa80b1c57034c4bf63f9f988fc24ce","name":"georg.blenk@krafthand-medien.de","image":{"@type":"ImageObject","inLanguage":"de","@id":"https:\/\/secure.gravatar.com\/avatar\/93713c30affe0aa95d3a4130e499bb1abee2eb31adbdd9ce2aa1543538490215?s=96&d=mm&r=g","url":"https:\/\/secure.gravatar.com\/avatar\/93713c30affe0aa95d3a4130e499bb1abee2eb31adbdd9ce2aa1543538490215?s=96&d=mm&r=g","contentUrl":"https:\/\/secure.gravatar.com\/avatar\/93713c30affe0aa95d3a4130e499bb1abee2eb31adbdd9ce2aa1543538490215?s=96&d=mm&r=g","caption":"georg.blenk@krafthand-medien.de"}}]}},"_links":{"self":[{"href":"https:\/\/www.krafthand.de\/truck\/wp-json\/wp\/v2\/posts\/40136","targetHints":{"allow":["GET"]}}],"collection":[{"href":"https:\/\/www.krafthand.de\/truck\/wp-json\/wp\/v2\/posts"}],"about":[{"href":"https:\/\/www.krafthand.de\/truck\/wp-json\/wp\/v2\/types\/post"}],"author":[{"embeddable":true,"href":"https:\/\/www.krafthand.de\/truck\/wp-json\/wp\/v2\/users\/9"}],"replies":[{"embeddable":true,"href":"https:\/\/www.krafthand.de\/truck\/wp-json\/wp\/v2\/comments?post=40136"}],"version-history":[{"count":8,"href":"https:\/\/www.krafthand.de\/truck\/wp-json\/wp\/v2\/posts\/40136\/revisions"}],"predecessor-version":[{"id":40146,"href":"https:\/\/www.krafthand.de\/truck\/wp-json\/wp\/v2\/posts\/40136\/revisions\/40146"}],"wp:featuredmedia":[{"embeddable":true,"href":"https:\/\/www.krafthand.de\/truck\/wp-json\/wp\/v2\/media\/40141"}],"wp:attachment":[{"href":"https:\/\/www.krafthand.de\/truck\/wp-json\/wp\/v2\/media?parent=40136"}],"wp:term":[{"taxonomy":"category","embeddable":true,"href":"https:\/\/www.krafthand.de\/truck\/wp-json\/wp\/v2\/categories?post=40136"},{"taxonomy":"post_tag","embeddable":true,"href":"https:\/\/www.krafthand.de\/truck\/wp-json\/wp\/v2\/tags?post=40136"},{"taxonomy":"settings","embeddable":true,"href":"https:\/\/www.krafthand.de\/truck\/wp-json\/wp\/v2\/settings?post=40136"}],"curies":[{"name":"wp","href":"https:\/\/api.w.org\/{rel}","templated":true}]}}